{"id":11863,"date":"2025-12-16T02:17:38","date_gmt":"2025-12-16T01:17:38","guid":{"rendered":"https:\/\/vieassociative.be\/actualites\/ces-deux-nouvelles-fonctionnalites-iphone-arrivent-sur-ios-26-3\/"},"modified":"2025-12-16T02:17:38","modified_gmt":"2025-12-16T01:17:38","slug":"ces-deux-nouvelles-fonctionnalites-iphone-arrivent-sur-ios-26-3","status":"publish","type":"post","link":"https:\/\/vieassociative.be\/actualites\/ces-deux-nouvelles-fonctionnalites-iphone-arrivent-sur-ios-26-3\/","title":{"rendered":"Ces deux nouvelles fonctionnalit\u00e9s iPhone arrivent sur iOS 26.3"},"content":{"rendered":"<p>Trois jours seulement apr\u00e8s qu&rsquo;Apple ait publi\u00e9 iOS 26.2 sur les iPhones du monde entier, la soci\u00e9t\u00e9 est de retour avec une nouvelle mise \u00e0 jour. iOS 26.3 est officiel, mais uniquement pour les b\u00eata-testeurs. Ceux qui ont le courage d&rsquo;installer le logiciel inachev\u00e9 d&rsquo;Apple sur leurs appareils ne trouveront pas de mise \u00e0 jour remplie de nouvelles fonctionnalit\u00e9s et de modifications, mais ils tomberont sur deux nouvelles fonctionnalit\u00e9s cl\u00e9s. Le fait est que nous savions d\u00e9j\u00e0 qu\u2019ils \u00e9taient tous les deux en route. <\/p>\n<p>Cependant, ce n&rsquo;est pas la fin de la mise \u00e0 jour : \u00e9tant donn\u00e9 qu&rsquo;iOS 26.3 est si nouveau, il est possible que les testeurs d\u00e9couvrent des fonctionnalit\u00e9s suppl\u00e9mentaires cach\u00e9es dans la mise \u00e0 jour. De plus, Apple pourrait ajouter de nouvelles modifications dans les versions b\u00eata ult\u00e9rieures. Je continuerai \u00e0 mettre \u00e0 jour cet article pour refl\u00e9ter toutes les nouvelles fonctionnalit\u00e9s qui se r\u00e9v\u00e8lent, mais d&rsquo;ici l\u00e0, voici les deux nouvelles fonctionnalit\u00e9s que nous connaissons.<\/p>\n<h2 id=\"notification-forwarding\">Transfert de notifications<\/h2>\n<p>En septembre, nous avons appris qu&rsquo;Apple travaillait discr\u00e8tement sur un certain type de fonctionnalit\u00e9 de transfert de notifications, mais \u00e0 part cette fonctionnalit\u00e9 de base, les d\u00e9tails \u00e9taient laiss\u00e9s \u00e0 la sp\u00e9culation. \u00c0 l&rsquo;\u00e9poque, l&rsquo;hypoth\u00e8se courante \u00e9tait qu&rsquo;Apple souhaitait utiliser cette fonctionnalit\u00e9 pour transf\u00e9rer des notifications vers des appareils tiers, en particulier des montres intelligentes, dans le but d&rsquo;ouvrir la plate-forme \u00e0 des appareils portables autres que l&rsquo;Apple Watch. Ce ne serait bien s\u00fbr pas le choix d&rsquo;Apple : laiss\u00e9e \u00e0 ses propres appareils, la soci\u00e9t\u00e9 conserverait autant de fonctionnalit\u00e9s que possible verrouill\u00e9es sur les appareils Apple. La motivation viendrait plut\u00f4t de l\u2019UE, qui a contraint Apple \u00e0 rendre ses plateformes plus coop\u00e9ratives avec les appareils tiers. <\/p>\n<p>Apr\u00e8s trois mois, nous avons maintenant notre premier aper\u00e7u officiel de cette fonctionnalit\u00e9. Dans cette premi\u00e8re version b\u00eata d&rsquo;iOS 26.3, il existe d\u00e9sormais une option \u00ab\u00a0Transfert de notification\u00a0\u00bb dans les param\u00e8tres de notification. Bien que l&rsquo;option ne soit pas disponible pour le moment, Apple a une description du fonctionnement de la fonctionnalit\u00e9, indiquant que les notifications peuvent \u00eatre transmises \u00e0 un appareil \u00e0 la fois. Il est important de noter que la description indique que lorsque les notifications sont transf\u00e9r\u00e9es vers un autre appareil, elles n&rsquo;appara\u00eetront pas sur votre Apple Watch. Cette limitation est-elle vraiment n\u00e9cessaire, Apple ?<\/p>\n<blockquote class=\"twitterEmbed twitter-tweet\"><p>\n    <a rel=\"nofollow noopener\" class=\"text-gray-600\" href=\"https:\/\/twitter.com\/BetaProfiles\/status\/2000664500798939277\" title=\"open in a new window\" target=\"_blank\"><\/p>\n<p>        Ce Tweet est actuellement indisponible. Il est peut-\u00eatre en cours de chargement ou a \u00e9t\u00e9 supprim\u00e9.<br \/>\n    <\/a>\n<\/p><\/blockquote>\n<h2 id=\"transfer-to-android\">Transf\u00e9rer vers Android<\/h2>\n<p>La connaissance de la deuxi\u00e8me fonctionnalit\u00e9 d&rsquo;iOS 26.3 n&rsquo;est pas si ancienne. En fait, nous n\u2019en avons eu connaissance que la semaine derni\u00e8re. Il se trouve qu\u2019Apple travaille directement avec Google sur un moyen officiel de rendre le transfert entre un iPhone et un appareil Android plus fluide.<\/p>\n<p>La semaine derni\u00e8re, Google avait d\u00e9j\u00e0 d\u00e9ploy\u00e9 son premier test de la fonctionnalit\u00e9 sur Android Canary, mais elle \u00e9tait introuvable dans les versions b\u00eata d&rsquo;Apple. Maintenant, nous savons \u00e0 quoi nous attendre : dans les param\u00e8tres \u00ab\u00a0Transf\u00e9rer ou r\u00e9initialiser l&rsquo;iPhone\u00a0\u00bb d&rsquo;iOS, il existe d\u00e9sormais une nouvelle option \u00ab\u00a0Transf\u00e9rer vers Android\u00a0\u00bb. Ici, iOS vous demande de placer votre iPhone \u00e0 proximit\u00e9 de votre appareil Android, o\u00f9 vous pouvez choisir de transmettre des donn\u00e9es telles que des photos, des messages, des notes et des applications. Cependant, il semble que toutes les donn\u00e9es ne seront pas transf\u00e9r\u00e9es : les donn\u00e9es de sant\u00e9, les appareils coupl\u00e9s avec Bluetooth et les \u00ab \u00e9l\u00e9ments prot\u00e9g\u00e9s \u00bb comme les notes verrouill\u00e9es ne seront pas accompagn\u00e9s de cette fonctionnalit\u00e9 de transfert.  <\/p>\n<blockquote class=\"twitterEmbed twitter-tweet\"><p>\n    <a rel=\"nofollow noopener\" class=\"text-gray-600\" href=\"https:\/\/twitter.com\/BetaProfiles\/status\/2000658397734330437\" title=\"open in a new window\" target=\"_blank\"><\/p>\n<p>        Ce Tweet est actuellement indisponible. Il est peut-\u00eatre en cours de chargement ou a \u00e9t\u00e9 supprim\u00e9.<br \/>\n    <\/a>\n<\/p><\/blockquote>\n<h2 id=\"beware-of-running-betas-on-your-iphone\">M\u00e9fiez-vous des versions b\u00eata sur votre iPhone<\/h2>\n<p>Ce n\u2019est pas la version b\u00eata la plus flashy jamais livr\u00e9e par Apple, mais il est possible de l\u2019installer d\u00e8s maintenant. Les versions b\u00eata du d\u00e9veloppeur et du public sont d\u00e9sormais disponibles, ce qui signifie que toute personne int\u00e9ress\u00e9e peut inscrire son appareil au programme b\u00eata d&rsquo;Apple pour essayer la version 26.3.  <\/p>\n<p>Cependant, connaissez les risques avant de le faire. Un logiciel inachev\u00e9 peut comporter des bugs et des probl\u00e8mes qui pourraient avoir un impact sur votre exp\u00e9rience d&rsquo;utilisation de votre iPhone. Si le logiciel est particuli\u00e8rement d\u00e9fectueux, vous risquez de perdre des donn\u00e9es lors de la r\u00e9trogradation vers iOS 26.2. Si vous d\u00e9cidez d&rsquo;installer la version b\u00eata, effectuez une sauvegarde compl\u00e8te de votre iPhone sur un Mac ou un PC avant de le faire. <\/p>\n<p><script async src=\"https:\/\/platform.twitter.com\/widgets.js\" charset=\"utf-8\"><\/script><\/p>\n","protected":false},"excerpt":{"rendered":"<p>Trois jours seulement apr\u00e8s qu&rsquo;Apple ait publi\u00e9 iOS 26.2 sur les iPhones du monde entier, la soci\u00e9t\u00e9 est de retour avec une nouvelle mise \u00e0<\/p>\n","protected":false},"author":1,"featured_media":11864,"comment_status":"","ping_status":"","sticky":false,"template":"","format":"standard","meta":{"footnotes":""},"categories":[1],"tags":[32,248,114,1216,21,652,1215,33],"class_list":["post-11863","post","type-post","status-publish","format-standard","has-post-thumbnail","hentry","category-non-classe","tag-arrivent","tag-ces","tag-deux","tag-fonctionnalites","tag-ios","tag-iphone","tag-nouvelles","tag-sur","generate-columns","tablet-grid-50","mobile-grid-100","grid-parent","grid-33"],"yoast_head":"<!-- This site is optimized with the Yoast SEO plugin v24.0 - https:\/\/yoast.com\/wordpress\/plugins\/seo\/ -->\n<title>Ces deux nouvelles fonctionnalit\u00e9s iPhone arrivent sur iOS 26.3 | Vie Associative<\/title>\n<meta name=\"robots\" content=\"index, follow, max-snippet:-1, max-image-preview:large, max-video-preview:-1\" \/>\n<link rel=\"canonical\" href=\"https:\/\/vieassociative.be\/actualites\/ces-deux-nouvelles-fonctionnalites-iphone-arrivent-sur-ios-26-3\/\" \/>\n<meta property=\"og:locale\" content=\"fr_FR\" \/>\n<meta property=\"og:type\" content=\"article\" \/>\n<meta property=\"og:title\" content=\"Ces deux nouvelles fonctionnalit\u00e9s iPhone arrivent sur iOS 26.3 | Vie Associative\" \/>\n<meta property=\"og:description\" content=\"Trois jours seulement apr\u00e8s qu&rsquo;Apple ait publi\u00e9 iOS 26.2 sur les iPhones du monde entier, la soci\u00e9t\u00e9 est de retour avec une nouvelle mise \u00e0\" \/>\n<meta property=\"og:url\" content=\"https:\/\/vieassociative.be\/actualites\/ces-deux-nouvelles-fonctionnalites-iphone-arrivent-sur-ios-26-3\/\" \/>\n<meta property=\"og:site_name\" content=\"Vie Associative\" \/>\n<meta property=\"article:published_time\" content=\"2025-12-16T01:17:38+00:00\" \/>\n<meta property=\"og:image\" content=\"https:\/\/vieassociative.be\/actualites\/wp-content\/uploads\/2024\/09\/header_backgroundk-01-e1726694325946.png\" \/>\n\t<meta property=\"og:image:width\" content=\"279\" \/>\n\t<meta property=\"og:image:height\" content=\"92\" \/>\n\t<meta property=\"og:image:type\" content=\"image\/png\" \/>\n<meta name=\"author\" content=\"Julien\" \/>\n<meta name=\"twitter:card\" content=\"summary_large_image\" \/>\n<meta name=\"twitter:label1\" content=\"\u00c9crit par\" \/>\n\t<meta name=\"twitter:data1\" content=\"Julien\" \/>\n\t<meta name=\"twitter:label2\" content=\"Dur\u00e9e de lecture est.\" \/>\n\t<meta name=\"twitter:data2\" content=\"4 minutes\" \/>\n<script type=\"application\/ld+json\" class=\"yoast-schema-graph\">{\"@context\":\"https:\/\/schema.org\",\"@graph\":[{\"@type\":\"Article\",\"@id\":\"https:\/\/vieassociative.be\/actualites\/ces-deux-nouvelles-fonctionnalites-iphone-arrivent-sur-ios-26-3\/#article\",\"isPartOf\":{\"@id\":\"https:\/\/vieassociative.be\/actualites\/ces-deux-nouvelles-fonctionnalites-iphone-arrivent-sur-ios-26-3\/\"},\"author\":{\"name\":\"Julien\",\"@id\":\"https:\/\/vieassociative.be\/actualites\/#\/schema\/person\/b87ac4f82f9d4e7b7cec7395b679edc4\"},\"headline\":\"Ces deux nouvelles fonctionnalit\u00e9s iPhone arrivent sur iOS 26.3\",\"datePublished\":\"2025-12-16T01:17:38+00:00\",\"dateModified\":\"2025-12-16T01:17:38+00:00\",\"mainEntityOfPage\":{\"@id\":\"https:\/\/vieassociative.be\/actualites\/ces-deux-nouvelles-fonctionnalites-iphone-arrivent-sur-ios-26-3\/\"},\"wordCount\":811,\"publisher\":{\"@id\":\"https:\/\/vieassociative.be\/actualites\/#organization\"},\"image\":{\"@id\":\"https:\/\/vieassociative.be\/actualites\/ces-deux-nouvelles-fonctionnalites-iphone-arrivent-sur-ios-26-3\/#primaryimage\"},\"thumbnailUrl\":\"https:\/\/vieassociative.be\/actualites\/wp-content\/uploads\/2025\/12\/Ces-deux-nouvelles-fonctionnalites-iPhone-arrivent-sur-iOS-263.jpg\",\"keywords\":[\"arrivent\",\"ces\",\"deux\",\"fonctionnalit\u00e9s\",\"iOS\",\"iPhone\",\"nouvelles\",\"sur\"],\"inLanguage\":\"fr-BE\"},{\"@type\":\"WebPage\",\"@id\":\"https:\/\/vieassociative.be\/actualites\/ces-deux-nouvelles-fonctionnalites-iphone-arrivent-sur-ios-26-3\/\",\"url\":\"https:\/\/vieassociative.be\/actualites\/ces-deux-nouvelles-fonctionnalites-iphone-arrivent-sur-ios-26-3\/\",\"name\":\"Ces deux nouvelles fonctionnalit\u00e9s iPhone arrivent sur iOS 26.3 | Vie Associative\",\"isPartOf\":{\"@id\":\"https:\/\/vieassociative.be\/actualites\/#website\"},\"primaryImageOfPage\":{\"@id\":\"https:\/\/vieassociative.be\/actualites\/ces-deux-nouvelles-fonctionnalites-iphone-arrivent-sur-ios-26-3\/#primaryimage\"},\"image\":{\"@id\":\"https:\/\/vieassociative.be\/actualites\/ces-deux-nouvelles-fonctionnalites-iphone-arrivent-sur-ios-26-3\/#primaryimage\"},\"thumbnailUrl\":\"https:\/\/vieassociative.be\/actualites\/wp-content\/uploads\/2025\/12\/Ces-deux-nouvelles-fonctionnalites-iPhone-arrivent-sur-iOS-263.jpg\",\"datePublished\":\"2025-12-16T01:17:38+00:00\",\"dateModified\":\"2025-12-16T01:17:38+00:00\",\"breadcrumb\":{\"@id\":\"https:\/\/vieassociative.be\/actualites\/ces-deux-nouvelles-fonctionnalites-iphone-arrivent-sur-ios-26-3\/#breadcrumb\"},\"inLanguage\":\"fr-BE\",\"potentialAction\":[{\"@type\":\"ReadAction\",\"target\":[\"https:\/\/vieassociative.be\/actualites\/ces-deux-nouvelles-fonctionnalites-iphone-arrivent-sur-ios-26-3\/\"]}]},{\"@type\":\"ImageObject\",\"inLanguage\":\"fr-BE\",\"@id\":\"https:\/\/vieassociative.be\/actualites\/ces-deux-nouvelles-fonctionnalites-iphone-arrivent-sur-ios-26-3\/#primaryimage\",\"url\":\"https:\/\/vieassociative.be\/actualites\/wp-content\/uploads\/2025\/12\/Ces-deux-nouvelles-fonctionnalites-iPhone-arrivent-sur-iOS-263.jpg\",\"contentUrl\":\"https:\/\/vieassociative.be\/actualites\/wp-content\/uploads\/2025\/12\/Ces-deux-nouvelles-fonctionnalites-iPhone-arrivent-sur-iOS-263.jpg\",\"width\":1200,\"height\":675,\"caption\":\"Ces deux nouvelles fonctionnalit\u00e9s iPhone arrivent sur iOS 26.3\"},{\"@type\":\"BreadcrumbList\",\"@id\":\"https:\/\/vieassociative.be\/actualites\/ces-deux-nouvelles-fonctionnalites-iphone-arrivent-sur-ios-26-3\/#breadcrumb\",\"itemListElement\":[{\"@type\":\"ListItem\",\"position\":1,\"name\":\"Accueil\",\"item\":\"https:\/\/vieassociative.be\/actualites\/\"},{\"@type\":\"ListItem\",\"position\":2,\"name\":\"Ces deux nouvelles fonctionnalit\u00e9s iPhone arrivent sur iOS 26.3\"}]},{\"@type\":\"WebSite\",\"@id\":\"https:\/\/vieassociative.be\/actualites\/#website\",\"url\":\"https:\/\/vieassociative.be\/actualites\/\",\"name\":\"Vie Associative\",\"description\":\"\",\"publisher\":{\"@id\":\"https:\/\/vieassociative.be\/actualites\/#organization\"},\"potentialAction\":[{\"@type\":\"SearchAction\",\"target\":{\"@type\":\"EntryPoint\",\"urlTemplate\":\"https:\/\/vieassociative.be\/actualites\/?s={search_term_string}\"},\"query-input\":{\"@type\":\"PropertyValueSpecification\",\"valueRequired\":true,\"valueName\":\"search_term_string\"}}],\"inLanguage\":\"fr-BE\"},{\"@type\":\"Organization\",\"@id\":\"https:\/\/vieassociative.be\/actualites\/#organization\",\"name\":\"Vie Associative\",\"url\":\"https:\/\/vieassociative.be\/actualites\/\",\"logo\":{\"@type\":\"ImageObject\",\"inLanguage\":\"fr-BE\",\"@id\":\"https:\/\/vieassociative.be\/actualites\/#\/schema\/logo\/image\/\",\"url\":\"https:\/\/vieassociative.be\/actualites\/wp-content\/uploads\/2024\/09\/cropped-vieassociative_favicon.ico.png\",\"contentUrl\":\"https:\/\/vieassociative.be\/actualites\/wp-content\/uploads\/2024\/09\/cropped-vieassociative_favicon.ico.png\",\"width\":512,\"height\":512,\"caption\":\"Vie Associative\"},\"image\":{\"@id\":\"https:\/\/vieassociative.be\/actualites\/#\/schema\/logo\/image\/\"}},{\"@type\":\"Person\",\"@id\":\"https:\/\/vieassociative.be\/actualites\/#\/schema\/person\/b87ac4f82f9d4e7b7cec7395b679edc4\",\"name\":\"Julien\",\"image\":{\"@type\":\"ImageObject\",\"inLanguage\":\"fr-BE\",\"@id\":\"https:\/\/vieassociative.be\/actualites\/#\/schema\/person\/image\/\",\"url\":\"https:\/\/vieassociative.be\/actualites\/wp-content\/uploads\/2024\/09\/vie-associative-1-150x150.jpg\",\"contentUrl\":\"https:\/\/vieassociative.be\/actualites\/wp-content\/uploads\/2024\/09\/vie-associative-1-150x150.jpg\",\"caption\":\"Julien\"},\"description\":\"Je suis Julien, r\u00e9dacteur pour Vie Associative. Passionn\u00e9 par le monde associatif depuis plus de 10 ans, j'ai \u00e0 c\u0153ur de partager des histoires inspirantes et de mettre en lumi\u00e8re les initiatives locales. Mon objectif est de sensibiliser et d'encourager l'engagement communautaire \u00e0 travers mes articles.\",\"sameAs\":[\"https:\/\/vieassociative.be\/\"]}]}<\/script>\n<!-- \/ Yoast SEO plugin. -->","yoast_head_json":{"title":"Ces deux nouvelles fonctionnalit\u00e9s iPhone arrivent sur iOS 26.3 | Vie Associative","robots":{"index":"index","follow":"follow","max-snippet":"max-snippet:-1","max-image-preview":"max-image-preview:large","max-video-preview":"max-video-preview:-1"},"canonical":"https:\/\/vieassociative.be\/actualites\/ces-deux-nouvelles-fonctionnalites-iphone-arrivent-sur-ios-26-3\/","og_locale":"fr_FR","og_type":"article","og_title":"Ces deux nouvelles fonctionnalit\u00e9s iPhone arrivent sur iOS 26.3 | Vie Associative","og_description":"Trois jours seulement apr\u00e8s qu&rsquo;Apple ait publi\u00e9 iOS 26.2 sur les iPhones du monde entier, la soci\u00e9t\u00e9 est de retour avec une nouvelle mise \u00e0","og_url":"https:\/\/vieassociative.be\/actualites\/ces-deux-nouvelles-fonctionnalites-iphone-arrivent-sur-ios-26-3\/","og_site_name":"Vie Associative","article_published_time":"2025-12-16T01:17:38+00:00","og_image":[{"width":279,"height":92,"url":"https:\/\/vieassociative.be\/actualites\/wp-content\/uploads\/2024\/09\/header_backgroundk-01-e1726694325946.png","type":"image\/png"}],"author":"Julien","twitter_card":"summary_large_image","twitter_misc":{"\u00c9crit par":"Julien","Dur\u00e9e de lecture est.":"4 minutes"},"schema":{"@context":"https:\/\/schema.org","@graph":[{"@type":"Article","@id":"https:\/\/vieassociative.be\/actualites\/ces-deux-nouvelles-fonctionnalites-iphone-arrivent-sur-ios-26-3\/#article","isPartOf":{"@id":"https:\/\/vieassociative.be\/actualites\/ces-deux-nouvelles-fonctionnalites-iphone-arrivent-sur-ios-26-3\/"},"author":{"name":"Julien","@id":"https:\/\/vieassociative.be\/actualites\/#\/schema\/person\/b87ac4f82f9d4e7b7cec7395b679edc4"},"headline":"Ces deux nouvelles fonctionnalit\u00e9s iPhone arrivent sur iOS 26.3","datePublished":"2025-12-16T01:17:38+00:00","dateModified":"2025-12-16T01:17:38+00:00","mainEntityOfPage":{"@id":"https:\/\/vieassociative.be\/actualites\/ces-deux-nouvelles-fonctionnalites-iphone-arrivent-sur-ios-26-3\/"},"wordCount":811,"publisher":{"@id":"https:\/\/vieassociative.be\/actualites\/#organization"},"image":{"@id":"https:\/\/vieassociative.be\/actualites\/ces-deux-nouvelles-fonctionnalites-iphone-arrivent-sur-ios-26-3\/#primaryimage"},"thumbnailUrl":"https:\/\/vieassociative.be\/actualites\/wp-content\/uploads\/2025\/12\/Ces-deux-nouvelles-fonctionnalites-iPhone-arrivent-sur-iOS-263.jpg","keywords":["arrivent","ces","deux","fonctionnalit\u00e9s","iOS","iPhone","nouvelles","sur"],"inLanguage":"fr-BE"},{"@type":"WebPage","@id":"https:\/\/vieassociative.be\/actualites\/ces-deux-nouvelles-fonctionnalites-iphone-arrivent-sur-ios-26-3\/","url":"https:\/\/vieassociative.be\/actualites\/ces-deux-nouvelles-fonctionnalites-iphone-arrivent-sur-ios-26-3\/","name":"Ces deux nouvelles fonctionnalit\u00e9s iPhone arrivent sur iOS 26.3 | Vie Associative","isPartOf":{"@id":"https:\/\/vieassociative.be\/actualites\/#website"},"primaryImageOfPage":{"@id":"https:\/\/vieassociative.be\/actualites\/ces-deux-nouvelles-fonctionnalites-iphone-arrivent-sur-ios-26-3\/#primaryimage"},"image":{"@id":"https:\/\/vieassociative.be\/actualites\/ces-deux-nouvelles-fonctionnalites-iphone-arrivent-sur-ios-26-3\/#primaryimage"},"thumbnailUrl":"https:\/\/vieassociative.be\/actualites\/wp-content\/uploads\/2025\/12\/Ces-deux-nouvelles-fonctionnalites-iPhone-arrivent-sur-iOS-263.jpg","datePublished":"2025-12-16T01:17:38+00:00","dateModified":"2025-12-16T01:17:38+00:00","breadcrumb":{"@id":"https:\/\/vieassociative.be\/actualites\/ces-deux-nouvelles-fonctionnalites-iphone-arrivent-sur-ios-26-3\/#breadcrumb"},"inLanguage":"fr-BE","potentialAction":[{"@type":"ReadAction","target":["https:\/\/vieassociative.be\/actualites\/ces-deux-nouvelles-fonctionnalites-iphone-arrivent-sur-ios-26-3\/"]}]},{"@type":"ImageObject","inLanguage":"fr-BE","@id":"https:\/\/vieassociative.be\/actualites\/ces-deux-nouvelles-fonctionnalites-iphone-arrivent-sur-ios-26-3\/#primaryimage","url":"https:\/\/vieassociative.be\/actualites\/wp-content\/uploads\/2025\/12\/Ces-deux-nouvelles-fonctionnalites-iPhone-arrivent-sur-iOS-263.jpg","contentUrl":"https:\/\/vieassociative.be\/actualites\/wp-content\/uploads\/2025\/12\/Ces-deux-nouvelles-fonctionnalites-iPhone-arrivent-sur-iOS-263.jpg","width":1200,"height":675,"caption":"Ces deux nouvelles fonctionnalit\u00e9s iPhone arrivent sur iOS 26.3"},{"@type":"BreadcrumbList","@id":"https:\/\/vieassociative.be\/actualites\/ces-deux-nouvelles-fonctionnalites-iphone-arrivent-sur-ios-26-3\/#breadcrumb","itemListElement":[{"@type":"ListItem","position":1,"name":"Accueil","item":"https:\/\/vieassociative.be\/actualites\/"},{"@type":"ListItem","position":2,"name":"Ces deux nouvelles fonctionnalit\u00e9s iPhone arrivent sur iOS 26.3"}]},{"@type":"WebSite","@id":"https:\/\/vieassociative.be\/actualites\/#website","url":"https:\/\/vieassociative.be\/actualites\/","name":"Vie Associative","description":"","publisher":{"@id":"https:\/\/vieassociative.be\/actualites\/#organization"},"potentialAction":[{"@type":"SearchAction","target":{"@type":"EntryPoint","urlTemplate":"https:\/\/vieassociative.be\/actualites\/?s={search_term_string}"},"query-input":{"@type":"PropertyValueSpecification","valueRequired":true,"valueName":"search_term_string"}}],"inLanguage":"fr-BE"},{"@type":"Organization","@id":"https:\/\/vieassociative.be\/actualites\/#organization","name":"Vie Associative","url":"https:\/\/vieassociative.be\/actualites\/","logo":{"@type":"ImageObject","inLanguage":"fr-BE","@id":"https:\/\/vieassociative.be\/actualites\/#\/schema\/logo\/image\/","url":"https:\/\/vieassociative.be\/actualites\/wp-content\/uploads\/2024\/09\/cropped-vieassociative_favicon.ico.png","contentUrl":"https:\/\/vieassociative.be\/actualites\/wp-content\/uploads\/2024\/09\/cropped-vieassociative_favicon.ico.png","width":512,"height":512,"caption":"Vie Associative"},"image":{"@id":"https:\/\/vieassociative.be\/actualites\/#\/schema\/logo\/image\/"}},{"@type":"Person","@id":"https:\/\/vieassociative.be\/actualites\/#\/schema\/person\/b87ac4f82f9d4e7b7cec7395b679edc4","name":"Julien","image":{"@type":"ImageObject","inLanguage":"fr-BE","@id":"https:\/\/vieassociative.be\/actualites\/#\/schema\/person\/image\/","url":"https:\/\/vieassociative.be\/actualites\/wp-content\/uploads\/2024\/09\/vie-associative-1-150x150.jpg","contentUrl":"https:\/\/vieassociative.be\/actualites\/wp-content\/uploads\/2024\/09\/vie-associative-1-150x150.jpg","caption":"Julien"},"description":"Je suis Julien, r\u00e9dacteur pour Vie Associative. Passionn\u00e9 par le monde associatif depuis plus de 10 ans, j'ai \u00e0 c\u0153ur de partager des histoires inspirantes et de mettre en lumi\u00e8re les initiatives locales. Mon objectif est de sensibiliser et d'encourager l'engagement communautaire \u00e0 travers mes articles.","sameAs":["https:\/\/vieassociative.be\/"]}]}},"_links":{"self":[{"href":"https:\/\/vieassociative.be\/actualites\/wp-json\/wp\/v2\/posts\/11863"}],"collection":[{"href":"https:\/\/vieassociative.be\/actualites\/wp-json\/wp\/v2\/posts"}],"about":[{"href":"https:\/\/vieassociative.be\/actualites\/wp-json\/wp\/v2\/types\/post"}],"author":[{"embeddable":true,"href":"https:\/\/vieassociative.be\/actualites\/wp-json\/wp\/v2\/users\/1"}],"replies":[{"embeddable":true,"href":"https:\/\/vieassociative.be\/actualites\/wp-json\/wp\/v2\/comments?post=11863"}],"version-history":[{"count":0,"href":"https:\/\/vieassociative.be\/actualites\/wp-json\/wp\/v2\/posts\/11863\/revisions"}],"wp:featuredmedia":[{"embeddable":true,"href":"https:\/\/vieassociative.be\/actualites\/wp-json\/wp\/v2\/media\/11864"}],"wp:attachment":[{"href":"https:\/\/vieassociative.be\/actualites\/wp-json\/wp\/v2\/media?parent=11863"}],"wp:term":[{"taxonomy":"category","embeddable":true,"href":"https:\/\/vieassociative.be\/actualites\/wp-json\/wp\/v2\/categories?post=11863"},{"taxonomy":"post_tag","embeddable":true,"href":"https:\/\/vieassociative.be\/actualites\/wp-json\/wp\/v2\/tags?post=11863"}],"curies":[{"name":"wp","href":"https:\/\/api.w.org\/{rel}","templated":true}]}}