{"id":11861,"date":"2025-12-15T21:19:13","date_gmt":"2025-12-15T20:19:13","guid":{"rendered":"https:\/\/vieassociative.be\/actualites\/gaia-appelle-a-ne-pas-manger-de-homard-pendant-les-vacances-et-si-cetait-un-chien\/"},"modified":"2025-12-15T21:19:13","modified_gmt":"2025-12-15T20:19:13","slug":"gaia-appelle-a-ne-pas-manger-de-homard-pendant-les-vacances-et-si-cetait-un-chien","status":"publish","type":"post","link":"https:\/\/vieassociative.be\/actualites\/gaia-appelle-a-ne-pas-manger-de-homard-pendant-les-vacances-et-si-cetait-un-chien\/","title":{"rendered":"GAIA appelle \u00e0 ne pas manger de homard pendant les vacances \u2013 \u00ab Et si c\u2019\u00e9tait un chien\u2026 \u00bb"},"content":{"rendered":"<p><strong>Les f\u00eates approchent \u00e0 grands pas et le homard est au menu de nombreuses personnes. Les Belges sont les plus grands mangeurs de homard au monde par habitant, mais le voyage que parcourent les homards est souvent tortueux et douloureux. GAIA appelle donc \u00e0 arr\u00eater de manger du homard.<\/strong><\/p>\n<p><span id=\"more-431984\"><\/span>Chaque ann\u00e9e, la Belgique importe plus de quatre millions de homards vivants, principalement du Canada. Par rapport au nombre d&rsquo;habitants, notre pays est le plus gros consommateur au monde. Cependant, derri\u00e8re cette r\u00e9alit\u00e9 se cache une cha\u00eene de souffrances \u00e9vitables.<\/p>\n<p>Apr\u00e8s avoir \u00e9t\u00e9 captur\u00e9s, les homards sont plac\u00e9s dans des bo\u00eetes en polystyr\u00e8ne et maintenus debout avec leurs pinces bien attach\u00e9es. Apr\u00e8s leur arriv\u00e9e en Belgique, certains animaux restent pendant des mois dans des bassins bond\u00e9s, empil\u00e9s les uns sur les autres, affam\u00e9s, expos\u00e9s \u00e0 une forte lumi\u00e8re artificielle et toujours avec les griffes li\u00e9es pour emp\u00eacher les r\u00e9flexes d\u00e9fensifs d\u00e9clench\u00e9s par ce confinement extr\u00eame.<\/p>\n<div id=\"attachment_431994\" class=\"wp-caption alignleft\" style=\"max-width: 300px\"><img fetchpriority=\"high\" decoding=\"async\" class=\"wp-image-431994 size-medium\" src=\"https:\/\/vieassociative.be\/actualites\/wp-content\/uploads\/2025\/12\/GAIA-appelle-a-ne-pas-manger-de-homard-pendant-les.png\" alt=\"\" width=\"300\" height=\"300\"  ><\/div>\n<p>Lorsque les magasins ne disposent pas de viviers, les homards sont simplement plac\u00e9s vivants sur la glace, hors de l&rsquo;eau, acc\u00e9l\u00e9rant leur d\u00e9t\u00e9rioration physique et les condamnant \u00e0 une lente agonie.<\/p>\n<p>Lorsqu&rsquo;elle est expos\u00e9e \u00e0 l&rsquo;air, son \u00e9tat se d\u00e9t\u00e9riore rapidement. Leur tourment atteint son paroxysme lorsqu&rsquo;ils sont plong\u00e9s vivants dans l&rsquo;eau bouillante ou coup\u00e9s en deux alors qu&rsquo;ils sont encore pleinement conscients.<\/p>\n<p>L\u2019id\u00e9e selon laquelle ils ne ressentent pas de douleur est d\u00e9sormais d\u00e9pass\u00e9e, explique GAIA. Une \u00e9tude r\u00e9alis\u00e9e en 2024 par la chercheuse Lynne Sneddon (Universit\u00e9 de G\u00f6teborg) confirme que les crustac\u00e9s immerg\u00e9s dans l&rsquo;eau bouillante ressentent une douleur intense pendant plusieurs minutes avant de perdre connaissance. Elle souligne clairement que des m\u00e9thodes de mise \u00e0 mort moins douloureuses doivent \u00eatre introduites.<\/p>\n<div id=\"attachment_431998\" class=\"wp-caption alignleft\" style=\"max-width: 259px\"><img decoding=\"async\" class=\"wp-image-431998 size-medium\" src=\"https:\/\/vieassociative.be\/actualites\/wp-content\/uploads\/2025\/12\/1765829953_764_GAIA-appelle-a-ne-pas-manger-de-homard-pendant-les.png\" alt=\"\" width=\"259\" height=\"300\"  ><\/div>\n<p>Cette r\u00e9alit\u00e9 est reconnue par une grande majorit\u00e9 du public belge : selon une enqu\u00eate IPSOS command\u00e9e par GAIA (2020), plus de quatre Belges sur cinq estiment que les crustac\u00e9s souffrent lorsqu&rsquo;ils sont cuits vivants ou coup\u00e9s en deux. Dans un pays o\u00f9 des millions de crabes sont consomm\u00e9s chaque ann\u00e9e, cette question \u00e9thique ne peut \u00eatre ignor\u00e9e.<\/p>\n<p>Pour cette campagne \u00e9galement, GAIA utilise une campagne choquante. Voici ce qu&rsquo;il est dit \u00e0 propos des homards : \u00ab Et si c&rsquo;\u00e9tait un chien\u2026 \u00bb Mais peut-on comparer un homard \u00e0 un chien ?<\/p>\n<p>De nombreux gourmets pensent que la comparaison est d\u00e9plac\u00e9e, mais Ann De Greef, directrice de GAIA, r\u00e9torque : \u00ab Pourquoi ne pas comparer un homard \u00e0 un chien ? (cr\u00e9er)<\/p>\n<p>Plus d&rsquo;informations sur <u>https:\/\/www.gaia.be\/fr<\/u><\/p>\n","protected":false},"excerpt":{"rendered":"<p>Les f\u00eates approchent \u00e0 grands pas et le homard est au menu de nombreuses personnes. Les Belges sont les plus grands mangeurs de homard au<\/p>\n","protected":false},"author":1,"featured_media":11862,"comment_status":"","ping_status":"","sticky":false,"template":"","format":"standard","meta":{"footnotes":""},"categories":[298],"tags":[5218,5071,91,7748,9562,14,1170,126,198,561],"class_list":["post-11861","post","type-post","status-publish","format-standard","has-post-thumbnail","hentry","category-belgique","tag-appelle","tag-cetait","tag-chien","tag-gaia","tag-homard","tag-les","tag-manger","tag-pas","tag-pendant","tag-vacances","generate-columns","tablet-grid-50","mobile-grid-100","grid-parent","grid-33"],"yoast_head":"<!-- This site is optimized with the Yoast SEO plugin v24.0 - https:\/\/yoast.com\/wordpress\/plugins\/seo\/ -->\n<title>GAIA appelle \u00e0 ne pas manger de homard pendant les vacances \u2013 \u00ab Et si c\u2019\u00e9tait un chien\u2026 \u00bb | Vie Associative<\/title>\n<meta name=\"robots\" content=\"index, follow, max-snippet:-1, max-image-preview:large, max-video-preview:-1\" \/>\n<link rel=\"canonical\" href=\"https:\/\/vieassociative.be\/actualites\/gaia-appelle-a-ne-pas-manger-de-homard-pendant-les-vacances-et-si-cetait-un-chien\/\" \/>\n<meta property=\"og:locale\" content=\"fr_FR\" \/>\n<meta property=\"og:type\" content=\"article\" \/>\n<meta property=\"og:title\" content=\"GAIA appelle \u00e0 ne pas manger de homard pendant les vacances \u2013 \u00ab Et si c\u2019\u00e9tait un chien\u2026 \u00bb | Vie Associative\" \/>\n<meta property=\"og:description\" content=\"Les f\u00eates approchent \u00e0 grands pas et le homard est au menu de nombreuses personnes. Les Belges sont les plus grands mangeurs de homard au\" \/>\n<meta property=\"og:url\" content=\"https:\/\/vieassociative.be\/actualites\/gaia-appelle-a-ne-pas-manger-de-homard-pendant-les-vacances-et-si-cetait-un-chien\/\" \/>\n<meta property=\"og:site_name\" content=\"Vie Associative\" \/>\n<meta property=\"article:published_time\" content=\"2025-12-15T20:19:13+00:00\" \/>\n<meta property=\"og:image\" content=\"https:\/\/vieassociative.be\/actualites\/wp-content\/uploads\/2024\/09\/header_backgroundk-01-e1726694325946.png\" \/>\n\t<meta property=\"og:image:width\" content=\"279\" \/>\n\t<meta property=\"og:image:height\" content=\"92\" \/>\n\t<meta property=\"og:image:type\" content=\"image\/png\" \/>\n<meta name=\"author\" content=\"Julien\" \/>\n<meta name=\"twitter:card\" content=\"summary_large_image\" \/>\n<meta name=\"twitter:label1\" content=\"\u00c9crit par\" \/>\n\t<meta name=\"twitter:data1\" content=\"Julien\" \/>\n\t<meta name=\"twitter:label2\" content=\"Dur\u00e9e de lecture est.\" \/>\n\t<meta name=\"twitter:data2\" content=\"2 minutes\" \/>\n<script type=\"application\/ld+json\" class=\"yoast-schema-graph\">{\"@context\":\"https:\/\/schema.org\",\"@graph\":[{\"@type\":\"Article\",\"@id\":\"https:\/\/vieassociative.be\/actualites\/gaia-appelle-a-ne-pas-manger-de-homard-pendant-les-vacances-et-si-cetait-un-chien\/#article\",\"isPartOf\":{\"@id\":\"https:\/\/vieassociative.be\/actualites\/gaia-appelle-a-ne-pas-manger-de-homard-pendant-les-vacances-et-si-cetait-un-chien\/\"},\"author\":{\"name\":\"Julien\",\"@id\":\"https:\/\/vieassociative.be\/actualites\/#\/schema\/person\/b87ac4f82f9d4e7b7cec7395b679edc4\"},\"headline\":\"GAIA appelle \u00e0 ne pas manger de homard pendant les vacances \u2013 \u00ab Et si c\u2019\u00e9tait un chien\u2026 \u00bb\",\"datePublished\":\"2025-12-15T20:19:13+00:00\",\"dateModified\":\"2025-12-15T20:19:13+00:00\",\"mainEntityOfPage\":{\"@id\":\"https:\/\/vieassociative.be\/actualites\/gaia-appelle-a-ne-pas-manger-de-homard-pendant-les-vacances-et-si-cetait-un-chien\/\"},\"wordCount\":477,\"publisher\":{\"@id\":\"https:\/\/vieassociative.be\/actualites\/#organization\"},\"image\":{\"@id\":\"https:\/\/vieassociative.be\/actualites\/gaia-appelle-a-ne-pas-manger-de-homard-pendant-les-vacances-et-si-cetait-un-chien\/#primaryimage\"},\"thumbnailUrl\":\"https:\/\/vieassociative.be\/actualites\/wp-content\/uploads\/2025\/12\/GAIA-appelle-a-ne-pas-manger-de-homard-pendant-les.jpg\",\"keywords\":[\"appelle\",\"c\u00e9tait\",\"chien\",\"Gaia\",\"homard\",\"Les\",\"manger\",\"pas\",\"pendant\",\"vacances\"],\"articleSection\":[\"Belgique\"],\"inLanguage\":\"fr-BE\"},{\"@type\":\"WebPage\",\"@id\":\"https:\/\/vieassociative.be\/actualites\/gaia-appelle-a-ne-pas-manger-de-homard-pendant-les-vacances-et-si-cetait-un-chien\/\",\"url\":\"https:\/\/vieassociative.be\/actualites\/gaia-appelle-a-ne-pas-manger-de-homard-pendant-les-vacances-et-si-cetait-un-chien\/\",\"name\":\"GAIA appelle \u00e0 ne pas manger de homard pendant les vacances \u2013 \u00ab Et si c\u2019\u00e9tait un chien\u2026 \u00bb | Vie Associative\",\"isPartOf\":{\"@id\":\"https:\/\/vieassociative.be\/actualites\/#website\"},\"primaryImageOfPage\":{\"@id\":\"https:\/\/vieassociative.be\/actualites\/gaia-appelle-a-ne-pas-manger-de-homard-pendant-les-vacances-et-si-cetait-un-chien\/#primaryimage\"},\"image\":{\"@id\":\"https:\/\/vieassociative.be\/actualites\/gaia-appelle-a-ne-pas-manger-de-homard-pendant-les-vacances-et-si-cetait-un-chien\/#primaryimage\"},\"thumbnailUrl\":\"https:\/\/vieassociative.be\/actualites\/wp-content\/uploads\/2025\/12\/GAIA-appelle-a-ne-pas-manger-de-homard-pendant-les.jpg\",\"datePublished\":\"2025-12-15T20:19:13+00:00\",\"dateModified\":\"2025-12-15T20:19:13+00:00\",\"breadcrumb\":{\"@id\":\"https:\/\/vieassociative.be\/actualites\/gaia-appelle-a-ne-pas-manger-de-homard-pendant-les-vacances-et-si-cetait-un-chien\/#breadcrumb\"},\"inLanguage\":\"fr-BE\",\"potentialAction\":[{\"@type\":\"ReadAction\",\"target\":[\"https:\/\/vieassociative.be\/actualites\/gaia-appelle-a-ne-pas-manger-de-homard-pendant-les-vacances-et-si-cetait-un-chien\/\"]}]},{\"@type\":\"ImageObject\",\"inLanguage\":\"fr-BE\",\"@id\":\"https:\/\/vieassociative.be\/actualites\/gaia-appelle-a-ne-pas-manger-de-homard-pendant-les-vacances-et-si-cetait-un-chien\/#primaryimage\",\"url\":\"https:\/\/vieassociative.be\/actualites\/wp-content\/uploads\/2025\/12\/GAIA-appelle-a-ne-pas-manger-de-homard-pendant-les.jpg\",\"contentUrl\":\"https:\/\/vieassociative.be\/actualites\/wp-content\/uploads\/2025\/12\/GAIA-appelle-a-ne-pas-manger-de-homard-pendant-les.jpg\",\"width\":1200,\"height\":800,\"caption\":\"GAIA appelle \u00e0 ne pas manger de homard pendant les vacances \u2013 \u00ab Et si c\u2019\u00e9tait un chien\u2026 \u00bb\"},{\"@type\":\"BreadcrumbList\",\"@id\":\"https:\/\/vieassociative.be\/actualites\/gaia-appelle-a-ne-pas-manger-de-homard-pendant-les-vacances-et-si-cetait-un-chien\/#breadcrumb\",\"itemListElement\":[{\"@type\":\"ListItem\",\"position\":1,\"name\":\"Accueil\",\"item\":\"https:\/\/vieassociative.be\/actualites\/\"},{\"@type\":\"ListItem\",\"position\":2,\"name\":\"GAIA appelle \u00e0 ne pas manger de homard pendant les vacances \u2013 \u00ab Et si c\u2019\u00e9tait un chien\u2026 \u00bb\"}]},{\"@type\":\"WebSite\",\"@id\":\"https:\/\/vieassociative.be\/actualites\/#website\",\"url\":\"https:\/\/vieassociative.be\/actualites\/\",\"name\":\"Vie Associative\",\"description\":\"\",\"publisher\":{\"@id\":\"https:\/\/vieassociative.be\/actualites\/#organization\"},\"potentialAction\":[{\"@type\":\"SearchAction\",\"target\":{\"@type\":\"EntryPoint\",\"urlTemplate\":\"https:\/\/vieassociative.be\/actualites\/?s={search_term_string}\"},\"query-input\":{\"@type\":\"PropertyValueSpecification\",\"valueRequired\":true,\"valueName\":\"search_term_string\"}}],\"inLanguage\":\"fr-BE\"},{\"@type\":\"Organization\",\"@id\":\"https:\/\/vieassociative.be\/actualites\/#organization\",\"name\":\"Vie Associative\",\"url\":\"https:\/\/vieassociative.be\/actualites\/\",\"logo\":{\"@type\":\"ImageObject\",\"inLanguage\":\"fr-BE\",\"@id\":\"https:\/\/vieassociative.be\/actualites\/#\/schema\/logo\/image\/\",\"url\":\"https:\/\/vieassociative.be\/actualites\/wp-content\/uploads\/2024\/09\/cropped-vieassociative_favicon.ico.png\",\"contentUrl\":\"https:\/\/vieassociative.be\/actualites\/wp-content\/uploads\/2024\/09\/cropped-vieassociative_favicon.ico.png\",\"width\":512,\"height\":512,\"caption\":\"Vie Associative\"},\"image\":{\"@id\":\"https:\/\/vieassociative.be\/actualites\/#\/schema\/logo\/image\/\"}},{\"@type\":\"Person\",\"@id\":\"https:\/\/vieassociative.be\/actualites\/#\/schema\/person\/b87ac4f82f9d4e7b7cec7395b679edc4\",\"name\":\"Julien\",\"image\":{\"@type\":\"ImageObject\",\"inLanguage\":\"fr-BE\",\"@id\":\"https:\/\/vieassociative.be\/actualites\/#\/schema\/person\/image\/\",\"url\":\"https:\/\/vieassociative.be\/actualites\/wp-content\/uploads\/2024\/09\/vie-associative-1-150x150.jpg\",\"contentUrl\":\"https:\/\/vieassociative.be\/actualites\/wp-content\/uploads\/2024\/09\/vie-associative-1-150x150.jpg\",\"caption\":\"Julien\"},\"description\":\"Je suis Julien, r\u00e9dacteur pour Vie Associative. Passionn\u00e9 par le monde associatif depuis plus de 10 ans, j'ai \u00e0 c\u0153ur de partager des histoires inspirantes et de mettre en lumi\u00e8re les initiatives locales. Mon objectif est de sensibiliser et d'encourager l'engagement communautaire \u00e0 travers mes articles.\",\"sameAs\":[\"https:\/\/vieassociative.be\/\"]}]}<\/script>\n<!-- \/ Yoast SEO plugin. -->","yoast_head_json":{"title":"GAIA appelle \u00e0 ne pas manger de homard pendant les vacances \u2013 \u00ab Et si c\u2019\u00e9tait un chien\u2026 \u00bb | Vie Associative","robots":{"index":"index","follow":"follow","max-snippet":"max-snippet:-1","max-image-preview":"max-image-preview:large","max-video-preview":"max-video-preview:-1"},"canonical":"https:\/\/vieassociative.be\/actualites\/gaia-appelle-a-ne-pas-manger-de-homard-pendant-les-vacances-et-si-cetait-un-chien\/","og_locale":"fr_FR","og_type":"article","og_title":"GAIA appelle \u00e0 ne pas manger de homard pendant les vacances \u2013 \u00ab Et si c\u2019\u00e9tait un chien\u2026 \u00bb | Vie Associative","og_description":"Les f\u00eates approchent \u00e0 grands pas et le homard est au menu de nombreuses personnes. Les Belges sont les plus grands mangeurs de homard au","og_url":"https:\/\/vieassociative.be\/actualites\/gaia-appelle-a-ne-pas-manger-de-homard-pendant-les-vacances-et-si-cetait-un-chien\/","og_site_name":"Vie Associative","article_published_time":"2025-12-15T20:19:13+00:00","og_image":[{"width":279,"height":92,"url":"https:\/\/vieassociative.be\/actualites\/wp-content\/uploads\/2024\/09\/header_backgroundk-01-e1726694325946.png","type":"image\/png"}],"author":"Julien","twitter_card":"summary_large_image","twitter_misc":{"\u00c9crit par":"Julien","Dur\u00e9e de lecture est.":"2 minutes"},"schema":{"@context":"https:\/\/schema.org","@graph":[{"@type":"Article","@id":"https:\/\/vieassociative.be\/actualites\/gaia-appelle-a-ne-pas-manger-de-homard-pendant-les-vacances-et-si-cetait-un-chien\/#article","isPartOf":{"@id":"https:\/\/vieassociative.be\/actualites\/gaia-appelle-a-ne-pas-manger-de-homard-pendant-les-vacances-et-si-cetait-un-chien\/"},"author":{"name":"Julien","@id":"https:\/\/vieassociative.be\/actualites\/#\/schema\/person\/b87ac4f82f9d4e7b7cec7395b679edc4"},"headline":"GAIA appelle \u00e0 ne pas manger de homard pendant les vacances \u2013 \u00ab Et si c\u2019\u00e9tait un chien\u2026 \u00bb","datePublished":"2025-12-15T20:19:13+00:00","dateModified":"2025-12-15T20:19:13+00:00","mainEntityOfPage":{"@id":"https:\/\/vieassociative.be\/actualites\/gaia-appelle-a-ne-pas-manger-de-homard-pendant-les-vacances-et-si-cetait-un-chien\/"},"wordCount":477,"publisher":{"@id":"https:\/\/vieassociative.be\/actualites\/#organization"},"image":{"@id":"https:\/\/vieassociative.be\/actualites\/gaia-appelle-a-ne-pas-manger-de-homard-pendant-les-vacances-et-si-cetait-un-chien\/#primaryimage"},"thumbnailUrl":"https:\/\/vieassociative.be\/actualites\/wp-content\/uploads\/2025\/12\/GAIA-appelle-a-ne-pas-manger-de-homard-pendant-les.jpg","keywords":["appelle","c\u00e9tait","chien","Gaia","homard","Les","manger","pas","pendant","vacances"],"articleSection":["Belgique"],"inLanguage":"fr-BE"},{"@type":"WebPage","@id":"https:\/\/vieassociative.be\/actualites\/gaia-appelle-a-ne-pas-manger-de-homard-pendant-les-vacances-et-si-cetait-un-chien\/","url":"https:\/\/vieassociative.be\/actualites\/gaia-appelle-a-ne-pas-manger-de-homard-pendant-les-vacances-et-si-cetait-un-chien\/","name":"GAIA appelle \u00e0 ne pas manger de homard pendant les vacances \u2013 \u00ab Et si c\u2019\u00e9tait un chien\u2026 \u00bb | Vie Associative","isPartOf":{"@id":"https:\/\/vieassociative.be\/actualites\/#website"},"primaryImageOfPage":{"@id":"https:\/\/vieassociative.be\/actualites\/gaia-appelle-a-ne-pas-manger-de-homard-pendant-les-vacances-et-si-cetait-un-chien\/#primaryimage"},"image":{"@id":"https:\/\/vieassociative.be\/actualites\/gaia-appelle-a-ne-pas-manger-de-homard-pendant-les-vacances-et-si-cetait-un-chien\/#primaryimage"},"thumbnailUrl":"https:\/\/vieassociative.be\/actualites\/wp-content\/uploads\/2025\/12\/GAIA-appelle-a-ne-pas-manger-de-homard-pendant-les.jpg","datePublished":"2025-12-15T20:19:13+00:00","dateModified":"2025-12-15T20:19:13+00:00","breadcrumb":{"@id":"https:\/\/vieassociative.be\/actualites\/gaia-appelle-a-ne-pas-manger-de-homard-pendant-les-vacances-et-si-cetait-un-chien\/#breadcrumb"},"inLanguage":"fr-BE","potentialAction":[{"@type":"ReadAction","target":["https:\/\/vieassociative.be\/actualites\/gaia-appelle-a-ne-pas-manger-de-homard-pendant-les-vacances-et-si-cetait-un-chien\/"]}]},{"@type":"ImageObject","inLanguage":"fr-BE","@id":"https:\/\/vieassociative.be\/actualites\/gaia-appelle-a-ne-pas-manger-de-homard-pendant-les-vacances-et-si-cetait-un-chien\/#primaryimage","url":"https:\/\/vieassociative.be\/actualites\/wp-content\/uploads\/2025\/12\/GAIA-appelle-a-ne-pas-manger-de-homard-pendant-les.jpg","contentUrl":"https:\/\/vieassociative.be\/actualites\/wp-content\/uploads\/2025\/12\/GAIA-appelle-a-ne-pas-manger-de-homard-pendant-les.jpg","width":1200,"height":800,"caption":"GAIA appelle \u00e0 ne pas manger de homard pendant les vacances \u2013 \u00ab Et si c\u2019\u00e9tait un chien\u2026 \u00bb"},{"@type":"BreadcrumbList","@id":"https:\/\/vieassociative.be\/actualites\/gaia-appelle-a-ne-pas-manger-de-homard-pendant-les-vacances-et-si-cetait-un-chien\/#breadcrumb","itemListElement":[{"@type":"ListItem","position":1,"name":"Accueil","item":"https:\/\/vieassociative.be\/actualites\/"},{"@type":"ListItem","position":2,"name":"GAIA appelle \u00e0 ne pas manger de homard pendant les vacances \u2013 \u00ab Et si c\u2019\u00e9tait un chien\u2026 \u00bb"}]},{"@type":"WebSite","@id":"https:\/\/vieassociative.be\/actualites\/#website","url":"https:\/\/vieassociative.be\/actualites\/","name":"Vie Associative","description":"","publisher":{"@id":"https:\/\/vieassociative.be\/actualites\/#organization"},"potentialAction":[{"@type":"SearchAction","target":{"@type":"EntryPoint","urlTemplate":"https:\/\/vieassociative.be\/actualites\/?s={search_term_string}"},"query-input":{"@type":"PropertyValueSpecification","valueRequired":true,"valueName":"search_term_string"}}],"inLanguage":"fr-BE"},{"@type":"Organization","@id":"https:\/\/vieassociative.be\/actualites\/#organization","name":"Vie Associative","url":"https:\/\/vieassociative.be\/actualites\/","logo":{"@type":"ImageObject","inLanguage":"fr-BE","@id":"https:\/\/vieassociative.be\/actualites\/#\/schema\/logo\/image\/","url":"https:\/\/vieassociative.be\/actualites\/wp-content\/uploads\/2024\/09\/cropped-vieassociative_favicon.ico.png","contentUrl":"https:\/\/vieassociative.be\/actualites\/wp-content\/uploads\/2024\/09\/cropped-vieassociative_favicon.ico.png","width":512,"height":512,"caption":"Vie Associative"},"image":{"@id":"https:\/\/vieassociative.be\/actualites\/#\/schema\/logo\/image\/"}},{"@type":"Person","@id":"https:\/\/vieassociative.be\/actualites\/#\/schema\/person\/b87ac4f82f9d4e7b7cec7395b679edc4","name":"Julien","image":{"@type":"ImageObject","inLanguage":"fr-BE","@id":"https:\/\/vieassociative.be\/actualites\/#\/schema\/person\/image\/","url":"https:\/\/vieassociative.be\/actualites\/wp-content\/uploads\/2024\/09\/vie-associative-1-150x150.jpg","contentUrl":"https:\/\/vieassociative.be\/actualites\/wp-content\/uploads\/2024\/09\/vie-associative-1-150x150.jpg","caption":"Julien"},"description":"Je suis Julien, r\u00e9dacteur pour Vie Associative. Passionn\u00e9 par le monde associatif depuis plus de 10 ans, j'ai \u00e0 c\u0153ur de partager des histoires inspirantes et de mettre en lumi\u00e8re les initiatives locales. Mon objectif est de sensibiliser et d'encourager l'engagement communautaire \u00e0 travers mes articles.","sameAs":["https:\/\/vieassociative.be\/"]}]}},"_links":{"self":[{"href":"https:\/\/vieassociative.be\/actualites\/wp-json\/wp\/v2\/posts\/11861"}],"collection":[{"href":"https:\/\/vieassociative.be\/actualites\/wp-json\/wp\/v2\/posts"}],"about":[{"href":"https:\/\/vieassociative.be\/actualites\/wp-json\/wp\/v2\/types\/post"}],"author":[{"embeddable":true,"href":"https:\/\/vieassociative.be\/actualites\/wp-json\/wp\/v2\/users\/1"}],"replies":[{"embeddable":true,"href":"https:\/\/vieassociative.be\/actualites\/wp-json\/wp\/v2\/comments?post=11861"}],"version-history":[{"count":0,"href":"https:\/\/vieassociative.be\/actualites\/wp-json\/wp\/v2\/posts\/11861\/revisions"}],"wp:featuredmedia":[{"embeddable":true,"href":"https:\/\/vieassociative.be\/actualites\/wp-json\/wp\/v2\/media\/11862"}],"wp:attachment":[{"href":"https:\/\/vieassociative.be\/actualites\/wp-json\/wp\/v2\/media?parent=11861"}],"wp:term":[{"taxonomy":"category","embeddable":true,"href":"https:\/\/vieassociative.be\/actualites\/wp-json\/wp\/v2\/categories?post=11861"},{"taxonomy":"post_tag","embeddable":true,"href":"https:\/\/vieassociative.be\/actualites\/wp-json\/wp\/v2\/tags?post=11861"}],"curies":[{"name":"wp","href":"https:\/\/api.w.org\/{rel}","templated":true}]}}