{"id":11859,"date":"2025-12-15T20:17:32","date_gmt":"2025-12-15T19:17:32","guid":{"rendered":"https:\/\/vieassociative.be\/actualites\/comment-configurer-vos-propres-modes-de-mise-au-point-personnalises-sur-iphone\/"},"modified":"2025-12-15T20:17:32","modified_gmt":"2025-12-15T19:17:32","slug":"comment-configurer-vos-propres-modes-de-mise-au-point-personnalises-sur-iphone","status":"publish","type":"post","link":"https:\/\/vieassociative.be\/actualites\/comment-configurer-vos-propres-modes-de-mise-au-point-personnalises-sur-iphone\/","title":{"rendered":"Comment configurer vos propres modes de mise au point personnalis\u00e9s sur iPhone"},"content":{"rendered":"<p>Les modes Focus de l&rsquo;iPhone sont peut-\u00eatre sa fonctionnalit\u00e9 la plus sous-estim\u00e9e. Une fois personnalis\u00e9s, ils peuvent devenir des outils incroyablement puissants qui vous permettent de contr\u00f4ler la mani\u00e8re dont votre iPhone peut attirer votre attention. Leur mise en place peut prendre un certain temps, mais cela en vaut la peine. Une fois que vous aurez tout r\u00e9gl\u00e9, vous aurez des limites chronom\u00e9tr\u00e9es pour certaines applications, certaines personnes et m\u00eame votre travail, pour cet \u00e9quilibre mythique entre travail et vie priv\u00e9e. Oubliez d&rsquo;avoir un t\u00e9l\u00e9phone personnel et un t\u00e9l\u00e9phone professionnel : quelques modes Focus bien r\u00e9gl\u00e9s peuvent suffire.<\/p>\n<h2 id=\"diving-into-focus-modes\">Plonger dans les modes Focus<\/h2>\n<div class=\"eloquent-imagery-image\">\n<div class=\"flex justify-center\">\n                    <img decoding=\"async\" class=\"border border-gray-100\" src=\"https:\/\/vieassociative.be\/actualites\/wp-content\/uploads\/2025\/12\/Comment-configurer-vos-propres-modes-de-mise-au-point-personnalises.png\" alt=\"Modes de mise au point sur iPhone\" width=\"2000\" height=\"1500\" loading=\"lazy\">\n            <\/div>\n<div class=\"mt-2 font-akshar\">\n                            <span class=\"image-caption block text-sm leading-4 tracking-wide text-(#1F2937)\"><\/span><br \/>\n                                        <span class=\"mt-1 block font-sans text-xs tracking-normal text-gray-600\">Cr\u00e9dit : Khamosh Pathak<\/span>\n                    <\/div>\n<\/p><\/div>\n<p>Ce qui \u00e9tait auparavant Ne pas d\u00e9ranger sur iPhone est d\u00e9sormais le mode Focus, qui propose de nombreuses autres options. Ouvrez le <strong>Centre de contr\u00f4le<\/strong> et appuyez sur le <strong>Se concentrer<\/strong> pour voir une liste de tous les modes de mise au point disponibles. L&rsquo;option famili\u00e8re Ne pas d\u00e9ranger sera en haut, mais vous verrez \u00e9galement des modes de mise au point utiles pr\u00e9d\u00e9finis par Apple, le sommeil en \u00e9tant un exemple frappant. Si vous poss\u00e9dez un appareil prenant en charge Apple Intelligence, vous verrez \u00e9galement un mode appel\u00e9 R\u00e9duire les interruptions, qui coupe automatiquement toutes les notifications, \u00e0 l&rsquo;exception des plus importantes. Les autres modes pr\u00e9d\u00e9finis incluent Personnel, Travail et Sommeil, que vous pouvez tous personnaliser \u00e0 votre guise.<\/p>\n<h2 id=\"how-to-set-up-your-own-focus-mode\">Comment configurer votre propre mode Focus<\/h2>\n<p>Pour tirer le meilleur parti des modes de mise au point, vous devez d\u00e9finir vous-m\u00eame certains modes de mise au point. Un pour le travail et un pour le temps personnel seraient un excellent point de d\u00e9part. Aller \u00e0 <strong>Param\u00e8tres<\/strong> > <strong>Se concentrer<\/strong> et appuyez sur le <strong>Plus<\/strong> bouton en haut. Ici, choisissez le <strong>Coutume<\/strong> option de mode pour obtenir le plus de flexibilit\u00e9. Donnez-lui un nom, une ic\u00f4ne et appuyez sur <strong>Suivant<\/strong>. Ensuite, appuyez sur <strong>Personnaliser la mise au point<\/strong>.<\/p>\n<div class=\"eloquent-imagery-image\">\n<div class=\"flex justify-center\">\n                    <img decoding=\"async\" class=\"border border-gray-100\" src=\"https:\/\/vieassociative.be\/actualites\/wp-content\/uploads\/2025\/12\/1765826252_787_Comment-configurer-vos-propres-modes-de-mise-au-point-personnalises.png\" alt=\"Cr\u00e9er votre propre mode Focus personnalis\u00e9\" width=\"2000\" height=\"1500\" loading=\"lazy\">\n            <\/div>\n<div class=\"mt-2 font-akshar\">\n                            <span class=\"image-caption block text-sm leading-4 tracking-wide text-(#1F2937)\"><\/span><br \/>\n                                        <span class=\"mt-1 block font-sans text-xs tracking-normal text-gray-600\">Cr\u00e9dit : Khamosh Pathak<\/span>\n                    <\/div>\n<\/p><\/div>\n<p>C&rsquo;est ici que vous effectuerez l&rsquo;essentiel de votre travail. Tout d&rsquo;abord, appuyez sur <strong>Choisissez des personnes<\/strong> et indiquez si vous souhaitez autoriser les notifications de quelques personnes seulement ou si vous souhaitez d\u00e9sactiver les notifications de certaines personnes. Si vous configurez un mode Focus pour votre temps personnel, vous souhaiterez peut-\u00eatre arr\u00eater les notifications uniquement de votre patron et de vos coll\u00e8gues. Choisissez les personnes \u00e0 autoriser et appuyez sur <strong>Suivant<\/strong>. Ensuite, choisissez qui est autoris\u00e9 \u00e0 vous appeler. Vous pouvez le limiter \u00e0 vos favoris ou \u00e0 une poign\u00e9e de personnes seulement.<\/p>\n<div class=\"eloquent-imagery-image\">\n<div class=\"flex justify-center\">\n                    <img decoding=\"async\" class=\"border border-gray-100\" src=\"https:\/\/vieassociative.be\/actualites\/wp-content\/uploads\/2025\/12\/1765826252_168_Comment-configurer-vos-propres-modes-de-mise-au-point-personnalises.png\" alt=\"Personnalisation du mode Focus\" width=\"2000\" height=\"1500\" loading=\"lazy\">\n            <\/div>\n<div class=\"mt-2 font-akshar\">\n                            <span class=\"image-caption block text-sm leading-4 tracking-wide text-(#1F2937)\"><\/span><br \/>\n                                        <span class=\"mt-1 block font-sans text-xs tracking-normal text-gray-600\">Cr\u00e9dit : Khamosh Pathak<\/span>\n                    <\/div>\n<\/p><\/div>\n<p>Ensuite, appuyez sur <strong>Choisissez des applications<\/strong> et suivez \u00e9galement le m\u00eame processus pour les applications, soit en autorisant les notifications de certaines applications, soit en d\u00e9sactivant uniquement les notifications d&rsquo;applications particuli\u00e8res. Par exemple, si vous configurez un mode Focus pour votre temps personnel, vous souhaiterez peut-\u00eatre d\u00e9sactiver les notifications des applications professionnelles telles que Slack, Teams, Gmail, etc. Puisez dans le <strong>Possibilit\u00e9s<\/strong> menu, et vous pouvez \u00e9galement choisir d&rsquo;afficher des notifications silencieuses sur l&rsquo;\u00e9cran de verrouillage ou d&rsquo;assombrir l&rsquo;\u00e9cran de verrouillage \u00e0 chaque fois que le mode Focus est activ\u00e9.<\/p>\n<p>Ensuite, prenez le temps de personnaliser ce que vous voyez lorsqu&rsquo;un mode Focus est activ\u00e9. Apple vous permettra de choisir un \u00e9cran de verrouillage, un \u00e9cran d&rsquo;accueil et m\u00eame un cadran Apple Watch par mode Focus. Par exemple, votre Focus professionnel peut contenir uniquement votre calendrier et votre liste de t\u00e2ches. Cela contribuera grandement \u00e0 cimenter l\u2019\u00e9tat de concentration dans votre esprit. Par exemple, lorsque je suis en mode Writing Focus, mon \u00e9cran d&rsquo;accueil est d\u00e9pourvu de tout, y compris mon widget de t\u00e2ches et mes applications de communication.<\/p>\n<div class=\"eloquent-imagery-image\">\n<div class=\"flex justify-center\">\n                    <img decoding=\"async\" class=\"border border-gray-100\" src=\"https:\/\/vieassociative.be\/actualites\/wp-content\/uploads\/2025\/12\/1765826252_156_Comment-configurer-vos-propres-modes-de-mise-au-point-personnalises.png\" alt=\"\u00c9cran d'accueil personnalis\u00e9 et \u00e9cran de verrouillage pour le mode Focus.\" width=\"2000\" height=\"1332\" loading=\"lazy\">\n            <\/div>\n<div class=\"mt-2 font-akshar\">\n                            <span class=\"image-caption block text-sm leading-4 tracking-wide text-(#1F2937)\"><\/span><br \/>\n                                        <span class=\"mt-1 block font-sans text-xs tracking-normal text-gray-600\">Cr\u00e9dit : Khamosh Pathak<\/span>\n                    <\/div>\n<\/p><\/div>\n<p>Ensuite, vous verrez un <strong>D\u00e9finir un horaire<\/strong> section. Ici, vous pouvez activer un <strong>Activation intelligente<\/strong> fonctionnalit\u00e9 qui activera automatiquement un mode Focus en fonction de votre emplacement, de l&rsquo;utilisation de l&rsquo;application, etc. Cela a \u00e9t\u00e9 al\u00e9atoire pour moi, je vous conseille donc de l&rsquo;\u00e9viter pour obtenir les r\u00e9sultats les plus fiables. Mais vous pouvez certainement cr\u00e9er un planning manuel \u00e0 l&rsquo;aide de l&rsquo;outil <strong>Ajouter un horaire<\/strong> bouton. Ici, vous pouvez d\u00e9clencher un mode Focus pour d\u00e9marrer ou arr\u00eater automatiquement \u00e0 une certaine heure de la journ\u00e9e.<\/p>\n<div class=\"eloquent-imagery-image\">\n<div class=\"flex justify-center\">\n                    <img decoding=\"async\" class=\"border border-gray-100\" src=\"https:\/\/vieassociative.be\/actualites\/wp-content\/uploads\/2025\/12\/1765826252_530_Comment-configurer-vos-propres-modes-de-mise-au-point-personnalises.png\" alt=\"Mode de mise au point programm\u00e9 personnalis\u00e9.\" width=\"2000\" height=\"1125\" loading=\"lazy\">\n            <\/div>\n<div class=\"mt-2 font-akshar\">\n                            <span class=\"image-caption block text-sm leading-4 tracking-wide text-(#1F2937)\"><\/span><br \/>\n                                        <span class=\"mt-1 block font-sans text-xs tracking-normal text-gray-600\">Cr\u00e9dit : Khamosh Pathak<\/span>\n                    <\/div>\n<\/p><\/div>\n<p>Vous pouvez m\u00eame utiliser les filtres Focus pour personnaliser davantage ce que les applications peuvent vous montrer lorsque vous \u00eates en mode Focus. Par exemple, vous pouvez choisir de voir votre calendrier de travail uniquement lorsque vous \u00eates dans votre Focus travail, mais pas vos autres calendriers. Ces filtres fonctionnent pour les applications Apple et m\u00eame pour les applications tierces.<\/p>\n<div class=\"eloquent-imagery-image\">\n<div class=\"flex justify-center\">\n                    <img decoding=\"async\" class=\"border border-gray-100\" src=\"https:\/\/vieassociative.be\/actualites\/wp-content\/uploads\/2025\/12\/1765826252_559_Comment-configurer-vos-propres-modes-de-mise-au-point-personnalises.png\" alt=\"Filtre de calendrier en mode Focus.\" width=\"2000\" height=\"1500\" loading=\"lazy\">\n            <\/div>\n<div class=\"mt-2 font-akshar\">\n                            <span class=\"image-caption block text-sm leading-4 tracking-wide text-(#1F2937)\"><\/span><br \/>\n                                        <span class=\"mt-1 block font-sans text-xs tracking-normal text-gray-600\">Cr\u00e9dit : Khamosh Pathak<\/span>\n                    <\/div>\n<\/p><\/div>\n<p>Enfin, vous pouvez choisir d&rsquo;activer le <strong>Perc\u00e9e intelligente et r\u00e9duction du silence<\/strong> fonctionnalit\u00e9 qui se trouve en haut de la page Focus. Si vous poss\u00e9dez un iPhone avec Apple Intelligence activ\u00e9, vous verrez ce param\u00e8tre. Il utilise l&rsquo;intelligence de l&rsquo;appareil pour permettre aux notifications prioritaires de vous interrompre m\u00eame lorsque vous \u00eates en mode silencieux. Cela couvre toutes les autres personnalisations que vous avez pu effectuer. Mais comme il s\u2019agit d\u2019une fonctionnalit\u00e9 Apple Intelligence, sa fiabilit\u00e9 peut \u00eatre un peu incertaine. Sur la base de mon exp\u00e9rience personnelle, je vous recommanderais de prendre le temps de personnaliser enti\u00e8rement le mode Focus \u00e0 votre guise au lieu de confier une partie de ce travail \u00e0 Apple Intelligence, car cela me cause assez souvent des probl\u00e8mes. <\/p>\n","protected":false},"excerpt":{"rendered":"<p>Les modes Focus de l&rsquo;iPhone sont peut-\u00eatre sa fonctionnalit\u00e9 la plus sous-estim\u00e9e. Une fois personnalis\u00e9s, ils peuvent devenir des outils incroyablement puissants qui vous permettent<\/p>\n","protected":false},"author":1,"featured_media":11860,"comment_status":"","ping_status":"","sticky":false,"template":"","format":"standard","meta":{"footnotes":""},"categories":[1],"tags":[44,1785,652,2183,8124,4847,174,4365,33,27],"class_list":["post-11859","post","type-post","status-publish","format-standard","has-post-thumbnail","hentry","category-non-classe","tag-comment","tag-configurer","tag-iphone","tag-mise","tag-modes","tag-personnalises","tag-point","tag-propres","tag-sur","tag-vos","generate-columns","tablet-grid-50","mobile-grid-100","grid-parent","grid-33"],"yoast_head":"<!-- This site is optimized with the Yoast SEO plugin v24.0 - https:\/\/yoast.com\/wordpress\/plugins\/seo\/ -->\n<title>Comment configurer vos propres modes de mise au point personnalis\u00e9s sur iPhone | Vie Associative<\/title>\n<meta name=\"robots\" content=\"index, follow, max-snippet:-1, max-image-preview:large, max-video-preview:-1\" \/>\n<link rel=\"canonical\" href=\"https:\/\/vieassociative.be\/actualites\/comment-configurer-vos-propres-modes-de-mise-au-point-personnalises-sur-iphone\/\" \/>\n<meta property=\"og:locale\" content=\"fr_FR\" \/>\n<meta property=\"og:type\" content=\"article\" \/>\n<meta property=\"og:title\" content=\"Comment configurer vos propres modes de mise au point personnalis\u00e9s sur iPhone | Vie Associative\" \/>\n<meta property=\"og:description\" content=\"Les modes Focus de l&rsquo;iPhone sont peut-\u00eatre sa fonctionnalit\u00e9 la plus sous-estim\u00e9e. Une fois personnalis\u00e9s, ils peuvent devenir des outils incroyablement puissants qui vous permettent\" \/>\n<meta property=\"og:url\" content=\"https:\/\/vieassociative.be\/actualites\/comment-configurer-vos-propres-modes-de-mise-au-point-personnalises-sur-iphone\/\" \/>\n<meta property=\"og:site_name\" content=\"Vie Associative\" \/>\n<meta property=\"article:published_time\" content=\"2025-12-15T19:17:32+00:00\" \/>\n<meta property=\"og:image\" content=\"https:\/\/vieassociative.be\/actualites\/wp-content\/uploads\/2025\/12\/Comment-configurer-vos-propres-modes-de-mise-au-point-personnalises.png\" \/>\n<meta name=\"author\" content=\"Julien\" \/>\n<meta name=\"twitter:card\" content=\"summary_large_image\" \/>\n<meta name=\"twitter:label1\" content=\"\u00c9crit par\" \/>\n\t<meta name=\"twitter:data1\" content=\"Julien\" \/>\n\t<meta name=\"twitter:label2\" content=\"Dur\u00e9e de lecture est.\" \/>\n\t<meta name=\"twitter:data2\" content=\"5 minutes\" \/>\n<script type=\"application\/ld+json\" class=\"yoast-schema-graph\">{\"@context\":\"https:\/\/schema.org\",\"@graph\":[{\"@type\":\"Article\",\"@id\":\"https:\/\/vieassociative.be\/actualites\/comment-configurer-vos-propres-modes-de-mise-au-point-personnalises-sur-iphone\/#article\",\"isPartOf\":{\"@id\":\"https:\/\/vieassociative.be\/actualites\/comment-configurer-vos-propres-modes-de-mise-au-point-personnalises-sur-iphone\/\"},\"author\":{\"name\":\"Julien\",\"@id\":\"https:\/\/vieassociative.be\/actualites\/#\/schema\/person\/b87ac4f82f9d4e7b7cec7395b679edc4\"},\"headline\":\"Comment configurer vos propres modes de mise au point personnalis\u00e9s sur iPhone\",\"datePublished\":\"2025-12-15T19:17:32+00:00\",\"dateModified\":\"2025-12-15T19:17:32+00:00\",\"mainEntityOfPage\":{\"@id\":\"https:\/\/vieassociative.be\/actualites\/comment-configurer-vos-propres-modes-de-mise-au-point-personnalises-sur-iphone\/\"},\"wordCount\":965,\"publisher\":{\"@id\":\"https:\/\/vieassociative.be\/actualites\/#organization\"},\"image\":{\"@id\":\"https:\/\/vieassociative.be\/actualites\/comment-configurer-vos-propres-modes-de-mise-au-point-personnalises-sur-iphone\/#primaryimage\"},\"thumbnailUrl\":\"https:\/\/vieassociative.be\/actualites\/wp-content\/uploads\/2025\/12\/1765826254_Comment-configurer-vos-propres-modes-de-mise-au-point-personnalises.png\",\"keywords\":[\"Comment\",\"configurer\",\"iPhone\",\"mise\",\"modes\",\"personnalis\u00e9s\",\"point\",\"propres\",\"sur\",\"vos\"],\"inLanguage\":\"fr-BE\"},{\"@type\":\"WebPage\",\"@id\":\"https:\/\/vieassociative.be\/actualites\/comment-configurer-vos-propres-modes-de-mise-au-point-personnalises-sur-iphone\/\",\"url\":\"https:\/\/vieassociative.be\/actualites\/comment-configurer-vos-propres-modes-de-mise-au-point-personnalises-sur-iphone\/\",\"name\":\"Comment configurer vos propres modes de mise au point personnalis\u00e9s sur iPhone | Vie Associative\",\"isPartOf\":{\"@id\":\"https:\/\/vieassociative.be\/actualites\/#website\"},\"primaryImageOfPage\":{\"@id\":\"https:\/\/vieassociative.be\/actualites\/comment-configurer-vos-propres-modes-de-mise-au-point-personnalises-sur-iphone\/#primaryimage\"},\"image\":{\"@id\":\"https:\/\/vieassociative.be\/actualites\/comment-configurer-vos-propres-modes-de-mise-au-point-personnalises-sur-iphone\/#primaryimage\"},\"thumbnailUrl\":\"https:\/\/vieassociative.be\/actualites\/wp-content\/uploads\/2025\/12\/1765826254_Comment-configurer-vos-propres-modes-de-mise-au-point-personnalises.png\",\"datePublished\":\"2025-12-15T19:17:32+00:00\",\"dateModified\":\"2025-12-15T19:17:32+00:00\",\"breadcrumb\":{\"@id\":\"https:\/\/vieassociative.be\/actualites\/comment-configurer-vos-propres-modes-de-mise-au-point-personnalises-sur-iphone\/#breadcrumb\"},\"inLanguage\":\"fr-BE\",\"potentialAction\":[{\"@type\":\"ReadAction\",\"target\":[\"https:\/\/vieassociative.be\/actualites\/comment-configurer-vos-propres-modes-de-mise-au-point-personnalises-sur-iphone\/\"]}]},{\"@type\":\"ImageObject\",\"inLanguage\":\"fr-BE\",\"@id\":\"https:\/\/vieassociative.be\/actualites\/comment-configurer-vos-propres-modes-de-mise-au-point-personnalises-sur-iphone\/#primaryimage\",\"url\":\"https:\/\/vieassociative.be\/actualites\/wp-content\/uploads\/2025\/12\/1765826254_Comment-configurer-vos-propres-modes-de-mise-au-point-personnalises.png\",\"contentUrl\":\"https:\/\/vieassociative.be\/actualites\/wp-content\/uploads\/2025\/12\/1765826254_Comment-configurer-vos-propres-modes-de-mise-au-point-personnalises.png\",\"width\":1200,\"height\":675,\"caption\":\"Comment configurer vos propres modes de mise au point personnalis\u00e9s sur iPhone\"},{\"@type\":\"BreadcrumbList\",\"@id\":\"https:\/\/vieassociative.be\/actualites\/comment-configurer-vos-propres-modes-de-mise-au-point-personnalises-sur-iphone\/#breadcrumb\",\"itemListElement\":[{\"@type\":\"ListItem\",\"position\":1,\"name\":\"Accueil\",\"item\":\"https:\/\/vieassociative.be\/actualites\/\"},{\"@type\":\"ListItem\",\"position\":2,\"name\":\"Comment configurer vos propres modes de mise au point personnalis\u00e9s sur iPhone\"}]},{\"@type\":\"WebSite\",\"@id\":\"https:\/\/vieassociative.be\/actualites\/#website\",\"url\":\"https:\/\/vieassociative.be\/actualites\/\",\"name\":\"Vie Associative\",\"description\":\"\",\"publisher\":{\"@id\":\"https:\/\/vieassociative.be\/actualites\/#organization\"},\"potentialAction\":[{\"@type\":\"SearchAction\",\"target\":{\"@type\":\"EntryPoint\",\"urlTemplate\":\"https:\/\/vieassociative.be\/actualites\/?s={search_term_string}\"},\"query-input\":{\"@type\":\"PropertyValueSpecification\",\"valueRequired\":true,\"valueName\":\"search_term_string\"}}],\"inLanguage\":\"fr-BE\"},{\"@type\":\"Organization\",\"@id\":\"https:\/\/vieassociative.be\/actualites\/#organization\",\"name\":\"Vie Associative\",\"url\":\"https:\/\/vieassociative.be\/actualites\/\",\"logo\":{\"@type\":\"ImageObject\",\"inLanguage\":\"fr-BE\",\"@id\":\"https:\/\/vieassociative.be\/actualites\/#\/schema\/logo\/image\/\",\"url\":\"https:\/\/vieassociative.be\/actualites\/wp-content\/uploads\/2024\/09\/cropped-vieassociative_favicon.ico.png\",\"contentUrl\":\"https:\/\/vieassociative.be\/actualites\/wp-content\/uploads\/2024\/09\/cropped-vieassociative_favicon.ico.png\",\"width\":512,\"height\":512,\"caption\":\"Vie Associative\"},\"image\":{\"@id\":\"https:\/\/vieassociative.be\/actualites\/#\/schema\/logo\/image\/\"}},{\"@type\":\"Person\",\"@id\":\"https:\/\/vieassociative.be\/actualites\/#\/schema\/person\/b87ac4f82f9d4e7b7cec7395b679edc4\",\"name\":\"Julien\",\"image\":{\"@type\":\"ImageObject\",\"inLanguage\":\"fr-BE\",\"@id\":\"https:\/\/vieassociative.be\/actualites\/#\/schema\/person\/image\/\",\"url\":\"https:\/\/vieassociative.be\/actualites\/wp-content\/uploads\/2024\/09\/vie-associative-1-150x150.jpg\",\"contentUrl\":\"https:\/\/vieassociative.be\/actualites\/wp-content\/uploads\/2024\/09\/vie-associative-1-150x150.jpg\",\"caption\":\"Julien\"},\"description\":\"Je suis Julien, r\u00e9dacteur pour Vie Associative. Passionn\u00e9 par le monde associatif depuis plus de 10 ans, j'ai \u00e0 c\u0153ur de partager des histoires inspirantes et de mettre en lumi\u00e8re les initiatives locales. Mon objectif est de sensibiliser et d'encourager l'engagement communautaire \u00e0 travers mes articles.\",\"sameAs\":[\"https:\/\/vieassociative.be\/\"]}]}<\/script>\n<!-- \/ Yoast SEO plugin. -->","yoast_head_json":{"title":"Comment configurer vos propres modes de mise au point personnalis\u00e9s sur iPhone | Vie Associative","robots":{"index":"index","follow":"follow","max-snippet":"max-snippet:-1","max-image-preview":"max-image-preview:large","max-video-preview":"max-video-preview:-1"},"canonical":"https:\/\/vieassociative.be\/actualites\/comment-configurer-vos-propres-modes-de-mise-au-point-personnalises-sur-iphone\/","og_locale":"fr_FR","og_type":"article","og_title":"Comment configurer vos propres modes de mise au point personnalis\u00e9s sur iPhone | Vie Associative","og_description":"Les modes Focus de l&rsquo;iPhone sont peut-\u00eatre sa fonctionnalit\u00e9 la plus sous-estim\u00e9e. Une fois personnalis\u00e9s, ils peuvent devenir des outils incroyablement puissants qui vous permettent","og_url":"https:\/\/vieassociative.be\/actualites\/comment-configurer-vos-propres-modes-de-mise-au-point-personnalises-sur-iphone\/","og_site_name":"Vie Associative","article_published_time":"2025-12-15T19:17:32+00:00","og_image":[{"url":"https:\/\/vieassociative.be\/actualites\/wp-content\/uploads\/2025\/12\/Comment-configurer-vos-propres-modes-de-mise-au-point-personnalises.png","type":"","width":"","height":""}],"author":"Julien","twitter_card":"summary_large_image","twitter_misc":{"\u00c9crit par":"Julien","Dur\u00e9e de lecture est.":"5 minutes"},"schema":{"@context":"https:\/\/schema.org","@graph":[{"@type":"Article","@id":"https:\/\/vieassociative.be\/actualites\/comment-configurer-vos-propres-modes-de-mise-au-point-personnalises-sur-iphone\/#article","isPartOf":{"@id":"https:\/\/vieassociative.be\/actualites\/comment-configurer-vos-propres-modes-de-mise-au-point-personnalises-sur-iphone\/"},"author":{"name":"Julien","@id":"https:\/\/vieassociative.be\/actualites\/#\/schema\/person\/b87ac4f82f9d4e7b7cec7395b679edc4"},"headline":"Comment configurer vos propres modes de mise au point personnalis\u00e9s sur iPhone","datePublished":"2025-12-15T19:17:32+00:00","dateModified":"2025-12-15T19:17:32+00:00","mainEntityOfPage":{"@id":"https:\/\/vieassociative.be\/actualites\/comment-configurer-vos-propres-modes-de-mise-au-point-personnalises-sur-iphone\/"},"wordCount":965,"publisher":{"@id":"https:\/\/vieassociative.be\/actualites\/#organization"},"image":{"@id":"https:\/\/vieassociative.be\/actualites\/comment-configurer-vos-propres-modes-de-mise-au-point-personnalises-sur-iphone\/#primaryimage"},"thumbnailUrl":"https:\/\/vieassociative.be\/actualites\/wp-content\/uploads\/2025\/12\/1765826254_Comment-configurer-vos-propres-modes-de-mise-au-point-personnalises.png","keywords":["Comment","configurer","iPhone","mise","modes","personnalis\u00e9s","point","propres","sur","vos"],"inLanguage":"fr-BE"},{"@type":"WebPage","@id":"https:\/\/vieassociative.be\/actualites\/comment-configurer-vos-propres-modes-de-mise-au-point-personnalises-sur-iphone\/","url":"https:\/\/vieassociative.be\/actualites\/comment-configurer-vos-propres-modes-de-mise-au-point-personnalises-sur-iphone\/","name":"Comment configurer vos propres modes de mise au point personnalis\u00e9s sur iPhone | Vie Associative","isPartOf":{"@id":"https:\/\/vieassociative.be\/actualites\/#website"},"primaryImageOfPage":{"@id":"https:\/\/vieassociative.be\/actualites\/comment-configurer-vos-propres-modes-de-mise-au-point-personnalises-sur-iphone\/#primaryimage"},"image":{"@id":"https:\/\/vieassociative.be\/actualites\/comment-configurer-vos-propres-modes-de-mise-au-point-personnalises-sur-iphone\/#primaryimage"},"thumbnailUrl":"https:\/\/vieassociative.be\/actualites\/wp-content\/uploads\/2025\/12\/1765826254_Comment-configurer-vos-propres-modes-de-mise-au-point-personnalises.png","datePublished":"2025-12-15T19:17:32+00:00","dateModified":"2025-12-15T19:17:32+00:00","breadcrumb":{"@id":"https:\/\/vieassociative.be\/actualites\/comment-configurer-vos-propres-modes-de-mise-au-point-personnalises-sur-iphone\/#breadcrumb"},"inLanguage":"fr-BE","potentialAction":[{"@type":"ReadAction","target":["https:\/\/vieassociative.be\/actualites\/comment-configurer-vos-propres-modes-de-mise-au-point-personnalises-sur-iphone\/"]}]},{"@type":"ImageObject","inLanguage":"fr-BE","@id":"https:\/\/vieassociative.be\/actualites\/comment-configurer-vos-propres-modes-de-mise-au-point-personnalises-sur-iphone\/#primaryimage","url":"https:\/\/vieassociative.be\/actualites\/wp-content\/uploads\/2025\/12\/1765826254_Comment-configurer-vos-propres-modes-de-mise-au-point-personnalises.png","contentUrl":"https:\/\/vieassociative.be\/actualites\/wp-content\/uploads\/2025\/12\/1765826254_Comment-configurer-vos-propres-modes-de-mise-au-point-personnalises.png","width":1200,"height":675,"caption":"Comment configurer vos propres modes de mise au point personnalis\u00e9s sur iPhone"},{"@type":"BreadcrumbList","@id":"https:\/\/vieassociative.be\/actualites\/comment-configurer-vos-propres-modes-de-mise-au-point-personnalises-sur-iphone\/#breadcrumb","itemListElement":[{"@type":"ListItem","position":1,"name":"Accueil","item":"https:\/\/vieassociative.be\/actualites\/"},{"@type":"ListItem","position":2,"name":"Comment configurer vos propres modes de mise au point personnalis\u00e9s sur iPhone"}]},{"@type":"WebSite","@id":"https:\/\/vieassociative.be\/actualites\/#website","url":"https:\/\/vieassociative.be\/actualites\/","name":"Vie Associative","description":"","publisher":{"@id":"https:\/\/vieassociative.be\/actualites\/#organization"},"potentialAction":[{"@type":"SearchAction","target":{"@type":"EntryPoint","urlTemplate":"https:\/\/vieassociative.be\/actualites\/?s={search_term_string}"},"query-input":{"@type":"PropertyValueSpecification","valueRequired":true,"valueName":"search_term_string"}}],"inLanguage":"fr-BE"},{"@type":"Organization","@id":"https:\/\/vieassociative.be\/actualites\/#organization","name":"Vie Associative","url":"https:\/\/vieassociative.be\/actualites\/","logo":{"@type":"ImageObject","inLanguage":"fr-BE","@id":"https:\/\/vieassociative.be\/actualites\/#\/schema\/logo\/image\/","url":"https:\/\/vieassociative.be\/actualites\/wp-content\/uploads\/2024\/09\/cropped-vieassociative_favicon.ico.png","contentUrl":"https:\/\/vieassociative.be\/actualites\/wp-content\/uploads\/2024\/09\/cropped-vieassociative_favicon.ico.png","width":512,"height":512,"caption":"Vie Associative"},"image":{"@id":"https:\/\/vieassociative.be\/actualites\/#\/schema\/logo\/image\/"}},{"@type":"Person","@id":"https:\/\/vieassociative.be\/actualites\/#\/schema\/person\/b87ac4f82f9d4e7b7cec7395b679edc4","name":"Julien","image":{"@type":"ImageObject","inLanguage":"fr-BE","@id":"https:\/\/vieassociative.be\/actualites\/#\/schema\/person\/image\/","url":"https:\/\/vieassociative.be\/actualites\/wp-content\/uploads\/2024\/09\/vie-associative-1-150x150.jpg","contentUrl":"https:\/\/vieassociative.be\/actualites\/wp-content\/uploads\/2024\/09\/vie-associative-1-150x150.jpg","caption":"Julien"},"description":"Je suis Julien, r\u00e9dacteur pour Vie Associative. Passionn\u00e9 par le monde associatif depuis plus de 10 ans, j'ai \u00e0 c\u0153ur de partager des histoires inspirantes et de mettre en lumi\u00e8re les initiatives locales. Mon objectif est de sensibiliser et d'encourager l'engagement communautaire \u00e0 travers mes articles.","sameAs":["https:\/\/vieassociative.be\/"]}]}},"_links":{"self":[{"href":"https:\/\/vieassociative.be\/actualites\/wp-json\/wp\/v2\/posts\/11859"}],"collection":[{"href":"https:\/\/vieassociative.be\/actualites\/wp-json\/wp\/v2\/posts"}],"about":[{"href":"https:\/\/vieassociative.be\/actualites\/wp-json\/wp\/v2\/types\/post"}],"author":[{"embeddable":true,"href":"https:\/\/vieassociative.be\/actualites\/wp-json\/wp\/v2\/users\/1"}],"replies":[{"embeddable":true,"href":"https:\/\/vieassociative.be\/actualites\/wp-json\/wp\/v2\/comments?post=11859"}],"version-history":[{"count":0,"href":"https:\/\/vieassociative.be\/actualites\/wp-json\/wp\/v2\/posts\/11859\/revisions"}],"wp:featuredmedia":[{"embeddable":true,"href":"https:\/\/vieassociative.be\/actualites\/wp-json\/wp\/v2\/media\/11860"}],"wp:attachment":[{"href":"https:\/\/vieassociative.be\/actualites\/wp-json\/wp\/v2\/media?parent=11859"}],"wp:term":[{"taxonomy":"category","embeddable":true,"href":"https:\/\/vieassociative.be\/actualites\/wp-json\/wp\/v2\/categories?post=11859"},{"taxonomy":"post_tag","embeddable":true,"href":"https:\/\/vieassociative.be\/actualites\/wp-json\/wp\/v2\/tags?post=11859"}],"curies":[{"name":"wp","href":"https:\/\/api.w.org\/{rel}","templated":true}]}}