{"id":11857,"date":"2025-12-15T15:17:26","date_gmt":"2025-12-15T14:17:26","guid":{"rendered":"https:\/\/vieassociative.be\/actualites\/thorsten-fink-nest-plus-lentraineur-chef-du-krc-genk\/"},"modified":"2025-12-15T15:17:26","modified_gmt":"2025-12-15T14:17:26","slug":"thorsten-fink-nest-plus-lentraineur-chef-du-krc-genk","status":"publish","type":"post","link":"https:\/\/vieassociative.be\/actualites\/thorsten-fink-nest-plus-lentraineur-chef-du-krc-genk\/","title":{"rendered":"Thorsten Fink n&rsquo;est plus l&rsquo;entra\u00eeneur-chef du KRC Genk"},"content":{"rendered":"<p><strong>L&rsquo;ancien professionnel de Bundesliga et ancien entra\u00eeneur du HSV Thorsten Fink n&rsquo;est plus entra\u00eeneur de l&rsquo;\u00e9quipe de football de premi\u00e8re division KRC Genk. L&rsquo;\u00e9quipe class\u00e9e sixi\u00e8me de la Jupiler Pro League l&rsquo;a annonc\u00e9 un jour apr\u00e8s le d\u00e9cevant nul 1-1 lors du match \u00e0 domicile contre le KVC Westerlo.<\/strong><\/p>\n<p><span id=\"more-432007\"><\/span>L&rsquo;ancien milieu de terrain du Bayern Fink s&rsquo;est occup\u00e9 de l&rsquo;\u00e9quipe pendant un an et demi. Son licenciement ne surprend pas les observateurs du football belge de haut niveau.<\/p>\n<p>Apr\u00e8s un tr\u00e8s mauvais d\u00e9but de saison, le KRC Genk s&rsquo;est am\u00e9lior\u00e9 et s&rsquo;est m\u00eame rapproch\u00e9 du top 6, ce qui lui permet de participer aux Champions Playoffs, mais en d\u00e9cembre il y a eu des d\u00e9faites en Coupe de Belgique contre le RSC Anderlecht, en championnat contre le Royal Anvers et en Ligue Europa contre Midtjylland.<\/p>\n<div id=\"attachment_432011\" class=\"wp-caption alignleft\" style=\"max-width: 300px\"><img fetchpriority=\"high\" decoding=\"async\" class=\"wp-image-432011 size-medium\" src=\"https:\/\/vieassociative.be\/actualites\/wp-content\/uploads\/2025\/12\/Thorsten-Fink-nest-plus-lentraineur-chef-du-KRC-Genk.jpg\" alt=\"\" width=\"300\" height=\"200\"><\/div>\n<p>De plus, le quadruple champion national et septuple vainqueur de la coupe n&rsquo;a r\u00e9ussi \u00e0 \u00e9galiser que dans les arr\u00eats de jeu lors du match nul 1-1 contre Westerlo dimanche soir.<\/p>\n<p>\u00catre entra\u00eeneur au KRC Genk est une t\u00e2che tr\u00e8s difficile. Le club est un vivier de talents, mais les jeunes joueurs sont vendus tr\u00e8s rapidement, l&rsquo;\u00e9quipe premi\u00e8re doit donc \u00eatre reconstruite encore et encore. D&rsquo;autres entra\u00eeneurs allemands comme Hannes Wolf et Bernd Storck ont \u200b\u200b\u00e9galement v\u00e9cu cette exp\u00e9rience dans le pass\u00e9.<\/p>\n<p>Au fil du temps, le KRC Genk a produit des joueurs de classe mondiale tels que Kevin De Bruyne (aujourd&rsquo;hui SSC Napoli), Thibaut Courtois (aujourd&rsquo;hui Real Madrid) et d&rsquo;autres.<\/p>\n<p>Le club a express\u00e9ment remerci\u00e9 Fink pour son travail, mais a \u00e9galement critiqu\u00e9 les r\u00e9cents r\u00e9sultats et performances incoh\u00e9rents de l&rsquo;\u00e9quipe. L&rsquo;Union St. Gilloise, leader du championnat, compte d\u00e9j\u00e0 14 points de plus que Genk apr\u00e8s 18 journ\u00e9es.<\/p>\n<p>Fink a d\u00e9j\u00e0 occup\u00e9 plusieurs postes d&rsquo;entra\u00eeneur. Avant Genk, l&rsquo;homme de 58 ans a travaill\u00e9 pour le rival de Genk, St. Truiden VV. Il a \u00e9galement travaill\u00e9 pour des clubs d&rsquo;Autriche, de Suisse, de Chypre, du Japon, de Lettonie et d&rsquo;Arabie saoudite. Entre 2011 et 2013, Fink a \u00e9t\u00e9 l&rsquo;entra\u00eeneur du Hamburger SV. (dpa\/cr\u00e9)<\/p>\n","protected":false},"excerpt":{"rendered":"<p>L&rsquo;ancien professionnel de Bundesliga et ancien entra\u00eeneur du HSV Thorsten Fink n&rsquo;est plus entra\u00eeneur de l&rsquo;\u00e9quipe de football de premi\u00e8re division KRC Genk. L&rsquo;\u00e9quipe class\u00e9e<\/p>\n","protected":false},"author":1,"featured_media":11858,"comment_status":"","ping_status":"","sticky":false,"template":"","format":"standard","meta":{"footnotes":""},"categories":[298],"tags":[5194,932,931,8320,1082,5193],"class_list":["post-11857","post","type-post","status-publish","format-standard","has-post-thumbnail","hentry","category-belgique","tag-fink","tag-genk","tag-krc","tag-lentraineurchef","tag-nest","tag-thorsten","generate-columns","tablet-grid-50","mobile-grid-100","grid-parent","grid-33"],"yoast_head":"<!-- This site is optimized with the Yoast SEO plugin v24.0 - https:\/\/yoast.com\/wordpress\/plugins\/seo\/ -->\n<title>Thorsten Fink n&#039;est plus l&#039;entra\u00eeneur-chef du KRC Genk | Vie Associative<\/title>\n<meta name=\"robots\" content=\"index, follow, max-snippet:-1, max-image-preview:large, max-video-preview:-1\" \/>\n<link rel=\"canonical\" href=\"https:\/\/vieassociative.be\/actualites\/thorsten-fink-nest-plus-lentraineur-chef-du-krc-genk\/\" \/>\n<meta property=\"og:locale\" content=\"fr_FR\" \/>\n<meta property=\"og:type\" content=\"article\" \/>\n<meta property=\"og:title\" content=\"Thorsten Fink n&#039;est plus l&#039;entra\u00eeneur-chef du KRC Genk | Vie Associative\" \/>\n<meta property=\"og:description\" content=\"L&rsquo;ancien professionnel de Bundesliga et ancien entra\u00eeneur du HSV Thorsten Fink n&rsquo;est plus entra\u00eeneur de l&rsquo;\u00e9quipe de football de premi\u00e8re division KRC Genk. L&rsquo;\u00e9quipe class\u00e9e\" \/>\n<meta property=\"og:url\" content=\"https:\/\/vieassociative.be\/actualites\/thorsten-fink-nest-plus-lentraineur-chef-du-krc-genk\/\" \/>\n<meta property=\"og:site_name\" content=\"Vie Associative\" \/>\n<meta property=\"article:published_time\" content=\"2025-12-15T14:17:26+00:00\" \/>\n<meta property=\"og:image\" content=\"https:\/\/vieassociative.be\/actualites\/wp-content\/uploads\/2024\/09\/header_backgroundk-01-e1726694325946.png\" \/>\n\t<meta property=\"og:image:width\" content=\"279\" \/>\n\t<meta property=\"og:image:height\" content=\"92\" \/>\n\t<meta property=\"og:image:type\" content=\"image\/png\" \/>\n<meta name=\"author\" content=\"Julien\" \/>\n<meta name=\"twitter:card\" content=\"summary_large_image\" \/>\n<meta name=\"twitter:label1\" content=\"\u00c9crit par\" \/>\n\t<meta name=\"twitter:data1\" content=\"Julien\" \/>\n\t<meta name=\"twitter:label2\" content=\"Dur\u00e9e de lecture est.\" \/>\n\t<meta name=\"twitter:data2\" content=\"2 minutes\" \/>\n<script type=\"application\/ld+json\" class=\"yoast-schema-graph\">{\"@context\":\"https:\/\/schema.org\",\"@graph\":[{\"@type\":\"Article\",\"@id\":\"https:\/\/vieassociative.be\/actualites\/thorsten-fink-nest-plus-lentraineur-chef-du-krc-genk\/#article\",\"isPartOf\":{\"@id\":\"https:\/\/vieassociative.be\/actualites\/thorsten-fink-nest-plus-lentraineur-chef-du-krc-genk\/\"},\"author\":{\"name\":\"Julien\",\"@id\":\"https:\/\/vieassociative.be\/actualites\/#\/schema\/person\/b87ac4f82f9d4e7b7cec7395b679edc4\"},\"headline\":\"Thorsten Fink n&rsquo;est plus l&rsquo;entra\u00eeneur-chef du KRC Genk\",\"datePublished\":\"2025-12-15T14:17:26+00:00\",\"dateModified\":\"2025-12-15T14:17:26+00:00\",\"mainEntityOfPage\":{\"@id\":\"https:\/\/vieassociative.be\/actualites\/thorsten-fink-nest-plus-lentraineur-chef-du-krc-genk\/\"},\"wordCount\":399,\"publisher\":{\"@id\":\"https:\/\/vieassociative.be\/actualites\/#organization\"},\"image\":{\"@id\":\"https:\/\/vieassociative.be\/actualites\/thorsten-fink-nest-plus-lentraineur-chef-du-krc-genk\/#primaryimage\"},\"thumbnailUrl\":\"https:\/\/vieassociative.be\/actualites\/wp-content\/uploads\/2025\/12\/1765808247_Thorsten-Fink-nest-plus-lentraineur-chef-du-KRC-Genk.jpg\",\"keywords\":[\"Fink\",\"Genk\",\"KRC\",\"lentra\u00eeneurchef\",\"nest\",\"Thorsten\"],\"articleSection\":[\"Belgique\"],\"inLanguage\":\"fr-BE\"},{\"@type\":\"WebPage\",\"@id\":\"https:\/\/vieassociative.be\/actualites\/thorsten-fink-nest-plus-lentraineur-chef-du-krc-genk\/\",\"url\":\"https:\/\/vieassociative.be\/actualites\/thorsten-fink-nest-plus-lentraineur-chef-du-krc-genk\/\",\"name\":\"Thorsten Fink n'est plus l'entra\u00eeneur-chef du KRC Genk | Vie Associative\",\"isPartOf\":{\"@id\":\"https:\/\/vieassociative.be\/actualites\/#website\"},\"primaryImageOfPage\":{\"@id\":\"https:\/\/vieassociative.be\/actualites\/thorsten-fink-nest-plus-lentraineur-chef-du-krc-genk\/#primaryimage\"},\"image\":{\"@id\":\"https:\/\/vieassociative.be\/actualites\/thorsten-fink-nest-plus-lentraineur-chef-du-krc-genk\/#primaryimage\"},\"thumbnailUrl\":\"https:\/\/vieassociative.be\/actualites\/wp-content\/uploads\/2025\/12\/1765808247_Thorsten-Fink-nest-plus-lentraineur-chef-du-KRC-Genk.jpg\",\"datePublished\":\"2025-12-15T14:17:26+00:00\",\"dateModified\":\"2025-12-15T14:17:26+00:00\",\"breadcrumb\":{\"@id\":\"https:\/\/vieassociative.be\/actualites\/thorsten-fink-nest-plus-lentraineur-chef-du-krc-genk\/#breadcrumb\"},\"inLanguage\":\"fr-BE\",\"potentialAction\":[{\"@type\":\"ReadAction\",\"target\":[\"https:\/\/vieassociative.be\/actualites\/thorsten-fink-nest-plus-lentraineur-chef-du-krc-genk\/\"]}]},{\"@type\":\"ImageObject\",\"inLanguage\":\"fr-BE\",\"@id\":\"https:\/\/vieassociative.be\/actualites\/thorsten-fink-nest-plus-lentraineur-chef-du-krc-genk\/#primaryimage\",\"url\":\"https:\/\/vieassociative.be\/actualites\/wp-content\/uploads\/2025\/12\/1765808247_Thorsten-Fink-nest-plus-lentraineur-chef-du-KRC-Genk.jpg\",\"contentUrl\":\"https:\/\/vieassociative.be\/actualites\/wp-content\/uploads\/2025\/12\/1765808247_Thorsten-Fink-nest-plus-lentraineur-chef-du-KRC-Genk.jpg\",\"width\":1200,\"height\":800,\"caption\":\"Thorsten Fink n'est plus l'entra\u00eeneur-chef du KRC Genk\"},{\"@type\":\"BreadcrumbList\",\"@id\":\"https:\/\/vieassociative.be\/actualites\/thorsten-fink-nest-plus-lentraineur-chef-du-krc-genk\/#breadcrumb\",\"itemListElement\":[{\"@type\":\"ListItem\",\"position\":1,\"name\":\"Accueil\",\"item\":\"https:\/\/vieassociative.be\/actualites\/\"},{\"@type\":\"ListItem\",\"position\":2,\"name\":\"Thorsten Fink n&rsquo;est plus l&rsquo;entra\u00eeneur-chef du KRC Genk\"}]},{\"@type\":\"WebSite\",\"@id\":\"https:\/\/vieassociative.be\/actualites\/#website\",\"url\":\"https:\/\/vieassociative.be\/actualites\/\",\"name\":\"Vie Associative\",\"description\":\"\",\"publisher\":{\"@id\":\"https:\/\/vieassociative.be\/actualites\/#organization\"},\"potentialAction\":[{\"@type\":\"SearchAction\",\"target\":{\"@type\":\"EntryPoint\",\"urlTemplate\":\"https:\/\/vieassociative.be\/actualites\/?s={search_term_string}\"},\"query-input\":{\"@type\":\"PropertyValueSpecification\",\"valueRequired\":true,\"valueName\":\"search_term_string\"}}],\"inLanguage\":\"fr-BE\"},{\"@type\":\"Organization\",\"@id\":\"https:\/\/vieassociative.be\/actualites\/#organization\",\"name\":\"Vie Associative\",\"url\":\"https:\/\/vieassociative.be\/actualites\/\",\"logo\":{\"@type\":\"ImageObject\",\"inLanguage\":\"fr-BE\",\"@id\":\"https:\/\/vieassociative.be\/actualites\/#\/schema\/logo\/image\/\",\"url\":\"https:\/\/vieassociative.be\/actualites\/wp-content\/uploads\/2024\/09\/cropped-vieassociative_favicon.ico.png\",\"contentUrl\":\"https:\/\/vieassociative.be\/actualites\/wp-content\/uploads\/2024\/09\/cropped-vieassociative_favicon.ico.png\",\"width\":512,\"height\":512,\"caption\":\"Vie Associative\"},\"image\":{\"@id\":\"https:\/\/vieassociative.be\/actualites\/#\/schema\/logo\/image\/\"}},{\"@type\":\"Person\",\"@id\":\"https:\/\/vieassociative.be\/actualites\/#\/schema\/person\/b87ac4f82f9d4e7b7cec7395b679edc4\",\"name\":\"Julien\",\"image\":{\"@type\":\"ImageObject\",\"inLanguage\":\"fr-BE\",\"@id\":\"https:\/\/vieassociative.be\/actualites\/#\/schema\/person\/image\/\",\"url\":\"https:\/\/vieassociative.be\/actualites\/wp-content\/uploads\/2024\/09\/vie-associative-1-150x150.jpg\",\"contentUrl\":\"https:\/\/vieassociative.be\/actualites\/wp-content\/uploads\/2024\/09\/vie-associative-1-150x150.jpg\",\"caption\":\"Julien\"},\"description\":\"Je suis Julien, r\u00e9dacteur pour Vie Associative. Passionn\u00e9 par le monde associatif depuis plus de 10 ans, j'ai \u00e0 c\u0153ur de partager des histoires inspirantes et de mettre en lumi\u00e8re les initiatives locales. Mon objectif est de sensibiliser et d'encourager l'engagement communautaire \u00e0 travers mes articles.\",\"sameAs\":[\"https:\/\/vieassociative.be\/\"]}]}<\/script>\n<!-- \/ Yoast SEO plugin. -->","yoast_head_json":{"title":"Thorsten Fink n'est plus l'entra\u00eeneur-chef du KRC Genk | Vie Associative","robots":{"index":"index","follow":"follow","max-snippet":"max-snippet:-1","max-image-preview":"max-image-preview:large","max-video-preview":"max-video-preview:-1"},"canonical":"https:\/\/vieassociative.be\/actualites\/thorsten-fink-nest-plus-lentraineur-chef-du-krc-genk\/","og_locale":"fr_FR","og_type":"article","og_title":"Thorsten Fink n'est plus l'entra\u00eeneur-chef du KRC Genk | Vie Associative","og_description":"L&rsquo;ancien professionnel de Bundesliga et ancien entra\u00eeneur du HSV Thorsten Fink n&rsquo;est plus entra\u00eeneur de l&rsquo;\u00e9quipe de football de premi\u00e8re division KRC Genk. L&rsquo;\u00e9quipe class\u00e9e","og_url":"https:\/\/vieassociative.be\/actualites\/thorsten-fink-nest-plus-lentraineur-chef-du-krc-genk\/","og_site_name":"Vie Associative","article_published_time":"2025-12-15T14:17:26+00:00","og_image":[{"width":279,"height":92,"url":"https:\/\/vieassociative.be\/actualites\/wp-content\/uploads\/2024\/09\/header_backgroundk-01-e1726694325946.png","type":"image\/png"}],"author":"Julien","twitter_card":"summary_large_image","twitter_misc":{"\u00c9crit par":"Julien","Dur\u00e9e de lecture est.":"2 minutes"},"schema":{"@context":"https:\/\/schema.org","@graph":[{"@type":"Article","@id":"https:\/\/vieassociative.be\/actualites\/thorsten-fink-nest-plus-lentraineur-chef-du-krc-genk\/#article","isPartOf":{"@id":"https:\/\/vieassociative.be\/actualites\/thorsten-fink-nest-plus-lentraineur-chef-du-krc-genk\/"},"author":{"name":"Julien","@id":"https:\/\/vieassociative.be\/actualites\/#\/schema\/person\/b87ac4f82f9d4e7b7cec7395b679edc4"},"headline":"Thorsten Fink n&rsquo;est plus l&rsquo;entra\u00eeneur-chef du KRC Genk","datePublished":"2025-12-15T14:17:26+00:00","dateModified":"2025-12-15T14:17:26+00:00","mainEntityOfPage":{"@id":"https:\/\/vieassociative.be\/actualites\/thorsten-fink-nest-plus-lentraineur-chef-du-krc-genk\/"},"wordCount":399,"publisher":{"@id":"https:\/\/vieassociative.be\/actualites\/#organization"},"image":{"@id":"https:\/\/vieassociative.be\/actualites\/thorsten-fink-nest-plus-lentraineur-chef-du-krc-genk\/#primaryimage"},"thumbnailUrl":"https:\/\/vieassociative.be\/actualites\/wp-content\/uploads\/2025\/12\/1765808247_Thorsten-Fink-nest-plus-lentraineur-chef-du-KRC-Genk.jpg","keywords":["Fink","Genk","KRC","lentra\u00eeneurchef","nest","Thorsten"],"articleSection":["Belgique"],"inLanguage":"fr-BE"},{"@type":"WebPage","@id":"https:\/\/vieassociative.be\/actualites\/thorsten-fink-nest-plus-lentraineur-chef-du-krc-genk\/","url":"https:\/\/vieassociative.be\/actualites\/thorsten-fink-nest-plus-lentraineur-chef-du-krc-genk\/","name":"Thorsten Fink n'est plus l'entra\u00eeneur-chef du KRC Genk | Vie Associative","isPartOf":{"@id":"https:\/\/vieassociative.be\/actualites\/#website"},"primaryImageOfPage":{"@id":"https:\/\/vieassociative.be\/actualites\/thorsten-fink-nest-plus-lentraineur-chef-du-krc-genk\/#primaryimage"},"image":{"@id":"https:\/\/vieassociative.be\/actualites\/thorsten-fink-nest-plus-lentraineur-chef-du-krc-genk\/#primaryimage"},"thumbnailUrl":"https:\/\/vieassociative.be\/actualites\/wp-content\/uploads\/2025\/12\/1765808247_Thorsten-Fink-nest-plus-lentraineur-chef-du-KRC-Genk.jpg","datePublished":"2025-12-15T14:17:26+00:00","dateModified":"2025-12-15T14:17:26+00:00","breadcrumb":{"@id":"https:\/\/vieassociative.be\/actualites\/thorsten-fink-nest-plus-lentraineur-chef-du-krc-genk\/#breadcrumb"},"inLanguage":"fr-BE","potentialAction":[{"@type":"ReadAction","target":["https:\/\/vieassociative.be\/actualites\/thorsten-fink-nest-plus-lentraineur-chef-du-krc-genk\/"]}]},{"@type":"ImageObject","inLanguage":"fr-BE","@id":"https:\/\/vieassociative.be\/actualites\/thorsten-fink-nest-plus-lentraineur-chef-du-krc-genk\/#primaryimage","url":"https:\/\/vieassociative.be\/actualites\/wp-content\/uploads\/2025\/12\/1765808247_Thorsten-Fink-nest-plus-lentraineur-chef-du-KRC-Genk.jpg","contentUrl":"https:\/\/vieassociative.be\/actualites\/wp-content\/uploads\/2025\/12\/1765808247_Thorsten-Fink-nest-plus-lentraineur-chef-du-KRC-Genk.jpg","width":1200,"height":800,"caption":"Thorsten Fink n'est plus l'entra\u00eeneur-chef du KRC Genk"},{"@type":"BreadcrumbList","@id":"https:\/\/vieassociative.be\/actualites\/thorsten-fink-nest-plus-lentraineur-chef-du-krc-genk\/#breadcrumb","itemListElement":[{"@type":"ListItem","position":1,"name":"Accueil","item":"https:\/\/vieassociative.be\/actualites\/"},{"@type":"ListItem","position":2,"name":"Thorsten Fink n&rsquo;est plus l&rsquo;entra\u00eeneur-chef du KRC Genk"}]},{"@type":"WebSite","@id":"https:\/\/vieassociative.be\/actualites\/#website","url":"https:\/\/vieassociative.be\/actualites\/","name":"Vie Associative","description":"","publisher":{"@id":"https:\/\/vieassociative.be\/actualites\/#organization"},"potentialAction":[{"@type":"SearchAction","target":{"@type":"EntryPoint","urlTemplate":"https:\/\/vieassociative.be\/actualites\/?s={search_term_string}"},"query-input":{"@type":"PropertyValueSpecification","valueRequired":true,"valueName":"search_term_string"}}],"inLanguage":"fr-BE"},{"@type":"Organization","@id":"https:\/\/vieassociative.be\/actualites\/#organization","name":"Vie Associative","url":"https:\/\/vieassociative.be\/actualites\/","logo":{"@type":"ImageObject","inLanguage":"fr-BE","@id":"https:\/\/vieassociative.be\/actualites\/#\/schema\/logo\/image\/","url":"https:\/\/vieassociative.be\/actualites\/wp-content\/uploads\/2024\/09\/cropped-vieassociative_favicon.ico.png","contentUrl":"https:\/\/vieassociative.be\/actualites\/wp-content\/uploads\/2024\/09\/cropped-vieassociative_favicon.ico.png","width":512,"height":512,"caption":"Vie Associative"},"image":{"@id":"https:\/\/vieassociative.be\/actualites\/#\/schema\/logo\/image\/"}},{"@type":"Person","@id":"https:\/\/vieassociative.be\/actualites\/#\/schema\/person\/b87ac4f82f9d4e7b7cec7395b679edc4","name":"Julien","image":{"@type":"ImageObject","inLanguage":"fr-BE","@id":"https:\/\/vieassociative.be\/actualites\/#\/schema\/person\/image\/","url":"https:\/\/vieassociative.be\/actualites\/wp-content\/uploads\/2024\/09\/vie-associative-1-150x150.jpg","contentUrl":"https:\/\/vieassociative.be\/actualites\/wp-content\/uploads\/2024\/09\/vie-associative-1-150x150.jpg","caption":"Julien"},"description":"Je suis Julien, r\u00e9dacteur pour Vie Associative. Passionn\u00e9 par le monde associatif depuis plus de 10 ans, j'ai \u00e0 c\u0153ur de partager des histoires inspirantes et de mettre en lumi\u00e8re les initiatives locales. Mon objectif est de sensibiliser et d'encourager l'engagement communautaire \u00e0 travers mes articles.","sameAs":["https:\/\/vieassociative.be\/"]}]}},"_links":{"self":[{"href":"https:\/\/vieassociative.be\/actualites\/wp-json\/wp\/v2\/posts\/11857"}],"collection":[{"href":"https:\/\/vieassociative.be\/actualites\/wp-json\/wp\/v2\/posts"}],"about":[{"href":"https:\/\/vieassociative.be\/actualites\/wp-json\/wp\/v2\/types\/post"}],"author":[{"embeddable":true,"href":"https:\/\/vieassociative.be\/actualites\/wp-json\/wp\/v2\/users\/1"}],"replies":[{"embeddable":true,"href":"https:\/\/vieassociative.be\/actualites\/wp-json\/wp\/v2\/comments?post=11857"}],"version-history":[{"count":0,"href":"https:\/\/vieassociative.be\/actualites\/wp-json\/wp\/v2\/posts\/11857\/revisions"}],"wp:featuredmedia":[{"embeddable":true,"href":"https:\/\/vieassociative.be\/actualites\/wp-json\/wp\/v2\/media\/11858"}],"wp:attachment":[{"href":"https:\/\/vieassociative.be\/actualites\/wp-json\/wp\/v2\/media?parent=11857"}],"wp:term":[{"taxonomy":"category","embeddable":true,"href":"https:\/\/vieassociative.be\/actualites\/wp-json\/wp\/v2\/categories?post=11857"},{"taxonomy":"post_tag","embeddable":true,"href":"https:\/\/vieassociative.be\/actualites\/wp-json\/wp\/v2\/tags?post=11857"}],"curies":[{"name":"wp","href":"https:\/\/api.w.org\/{rel}","templated":true}]}}