{"id":11851,"date":"2025-12-15T08:18:18","date_gmt":"2025-12-15T07:18:18","guid":{"rendered":"https:\/\/vieassociative.be\/actualites\/toutes-les-nouvelles-fonctionnalites-dios-26-2\/"},"modified":"2025-12-15T08:18:18","modified_gmt":"2025-12-15T07:18:18","slug":"toutes-les-nouvelles-fonctionnalites-dios-26-2","status":"publish","type":"post","link":"https:\/\/vieassociative.be\/actualites\/toutes-les-nouvelles-fonctionnalites-dios-26-2\/","title":{"rendered":"Toutes les nouvelles fonctionnalit\u00e9s d&rsquo;iOS 26.2"},"content":{"rendered":"<p>Apple a abandonn\u00e9 iOS 26.1 le 3 novembre, introduisant quelques modifications mineures mais significatives aux iPhones. Mais apr\u00e8s avoir modifi\u00e9 le fonctionnement des alarmes et ajout\u00e9 des options pour ajuster l\u2019apparence de Liquid Glass, la soci\u00e9t\u00e9 revient avec une autre mise \u00e0 jour : iOS 26.2.<\/p>\n<p>Comme on peut s&rsquo;y attendre, iOS 26.2 n&rsquo;est pas une mise \u00e0 jour majeure. Apple a clairement ajout\u00e9 la plupart des fonctionnalit\u00e9s et des modifications qu&rsquo;il avait en t\u00eate avec iOS 26, ainsi qu&rsquo;une poign\u00e9e de nouvelles fonctionnalit\u00e9s et ajustements avec iOS 26.1. N\u00e9anmoins, iOS 26.2 apporte quelques changements. Voici les nouveaut\u00e9s\u00a0:<\/p>\n<h2 id=\"liquid-glass-slider-for-the-lock-screen-clock\">Curseur en verre liquide pour l&rsquo;horloge de l&rsquo;\u00e9cran de verrouillage<\/h2>\n<p>Avec iOS 26.1, Apple a ajout\u00e9 une option pour ajuster l&rsquo;apparence de Liquid Glass. Avec lui, vous pouvez choisir parmi deux options\u00a0: \u00ab\u00a0Clair\u00a0\u00bb, le look embl\u00e9matique du verre liquide, ou \u00ab\u00a0Teint\u00e9\u00a0\u00bb, qui augmente l&rsquo;opacit\u00e9 des \u00e9l\u00e9ments et transforme le verre liquide en un verre d\u00e9poli.<\/p>\n<p>Bien qu&rsquo;il s&rsquo;agisse d&rsquo;un ajout utile pour les utilisateurs qui n&rsquo;aiment pas l&rsquo;apparence de Liquid Glass, certains souhaitent qu&rsquo;Apple aille plus loin et ajoute un curseur pour ajuster plus finement l&rsquo;apparence du design vitreux. Il semble qu\u2019Apple ait fait exactement cela avec iOS 26.2, mais pas pour l\u2019interface utilisateur Liquid Glass \u00e0 l\u2019\u00e9chelle du syst\u00e8me. Au lieu de cela, avec cette nouvelle version, vous obtenez un curseur pour ajuster l&rsquo;apparence de l&rsquo;horloge de votre \u00e9cran de verrouillage\u00a0:<\/p>\n<blockquote class=\"twitterEmbed twitter-tweet\"><p>\n    <a rel=\"nofollow noopener\" class=\"text-gray-600\" href=\"https:\/\/twitter.com\/aaronp613\/status\/1985792838139814205\" title=\"open in a new window\" target=\"_blank\"><\/p>\n<p>        Ce Tweet est actuellement indisponible. Il est peut-\u00eatre en cours de chargement ou a \u00e9t\u00e9 supprim\u00e9.<br \/>\n    <\/a>\n<\/p><\/blockquote>\n<h2 id=\"updated-liquid-glass-animations\">Animations de verre liquide mises \u00e0 jour <\/h2>\n<p>De plus, il semble qu&rsquo;Apple ait ajust\u00e9 les animations Liquid Glass sur iOS. Comme vous pouvez le voir dans l&rsquo;article ci-dessous, l&rsquo;animation est r\u00e9active et rebondissante, un peu plus proche des d\u00e9mos que nous avons vues en juin\u00a0:<\/p>\n<blockquote class=\"twitterEmbed twitter-tweet\"><p>\n    <a rel=\"nofollow noopener\" class=\"text-gray-600\" href=\"https:\/\/twitter.com\/aaronp613\/status\/1988746455478415685\" title=\"open in a new window\" target=\"_blank\"><\/p>\n<p>        Ce Tweet est actuellement indisponible. Il est peut-\u00eatre en cours de chargement ou a \u00e9t\u00e9 supprim\u00e9.<br \/>\n    <\/a>\n<\/p><\/blockquote>\n<h2 id=\"liquid-glass-comes-to-the-measure-app\">Liquid Glass arrive dans l&rsquo;application Measure<\/h2>\n<p>Apple continue \u00e9galement de mettre \u00e0 jour ses applications avec Liquid Glass. Avec la version 26.2, l\u2019application Measure vient ensuite. La nouvelle mise \u00e0 jour ajoute des bulles de verre liquide \u00e0 la fonction Niveau de l&rsquo;application, qui remplace les cercles blancs unis existants.  <\/p>\n<blockquote class=\"twitterEmbed twitter-tweet\"><p>\n    <a rel=\"nofollow noopener\" class=\"text-gray-600\" href=\"https:\/\/twitter.com\/christoph_fer\/status\/1990497687322702062\" title=\"open in a new window\" target=\"_blank\"><\/p>\n<p>        Ce Tweet est actuellement indisponible. Il est peut-\u00eatre en cours de chargement ou a \u00e9t\u00e9 supprim\u00e9.<br \/>\n    <\/a>\n<\/p><\/blockquote>\n<h2 id=\"alarms-for-reminders\">Alarmes pour rappels<\/h2>\n<p>Les rappels sont un \u00e9l\u00e9ment indispensable de mon iPhone. Je compte sur eux au quotidien pour m&rsquo;assurer de suivre les t\u00e2ches importantes. Cependant, les alertes de rappel sont aussi pr\u00e9sentes que n&rsquo;importe quelle autre notification sur votre iPhone. Si vous regardez fr\u00e9quemment vos notifications, c&rsquo;est tr\u00e8s bien, mais si vous ne v\u00e9rifiez pas beaucoup votre iPhone ou si vous utilisez Focuses ou Ne pas d\u00e9ranger, il peut \u00eatre facile de manquer un rappel et d&rsquo;oublier de faire ce que vous vous rappeliez de faire. <\/p>\n<p>iOS 26.2 a une solution : des alarmes pour les rappels. Lorsque vous d\u00e9finissez un rappel comme \u00ab\u00a0Urgent\u00a0\u00bb lors de l&rsquo;ex\u00e9cution d&rsquo;iOS 26.2, vous verrez une fen\u00eatre contextuelle vous demandant l&rsquo;autorisation de programmer des alarmes et des minuteries. L&rsquo;id\u00e9e est que, plut\u00f4t que de s&rsquo;appuyer sur une simple alerte, l&rsquo;application Rappels peut d\u00e9clencher une alarme lorsque votre rappel est d\u00fb. J&rsquo;imagine que cela aidera \u00e0 \u00e9viter les rappels oubli\u00e9s\u00a0: vous manquerez peut-\u00eatre un court ping, mais vous entendrez probablement si votre iPhone sonne continuellement. <\/p>\n<h2 id=\"sleep-score-updates\">Mises \u00e0 jour du score de sommeil<\/h2>\n<p>Si vous poss\u00e9dez une Apple Watch ex\u00e9cutant watchOS 26, vous pouvez profiter de la nouvelle fonctionnalit\u00e9 Sleep Score d&rsquo;Apple. Sleep Score examine la dur\u00e9e de votre sommeil, l&rsquo;heure du coucher et les interruptions de sommeil pour vous attribuer un score r\u00e9sumant votre qualit\u00e9 de sommeil. La dur\u00e9e peut aller jusqu&rsquo;\u00e0 50 points, l&rsquo;heure du coucher jusqu&rsquo;\u00e0 30 et les interruptions jusqu&rsquo;\u00e0 20, pour aboutir \u00e0 un score le plus \u00e9lev\u00e9 possible de 100.<\/p>\n<p>Avec iOS 26.2 et watchOS 26.2, Apple ajuste les mesures du Sleep Score, ce qui devrait, esp\u00e9rons-le, les rendre un peu plus pr\u00e9cises pour les utilisateurs en un coup d&rsquo;\u0153il. Voici comment cela a chang\u00e9, comme l&rsquo;a not\u00e9 MacRumors\u00a0:<\/p>\n<ul>\n<li>\n<p><strong>Tr\u00e8s faible<\/strong>: 0\u201340 (auparavant 0\u201329)<\/p>\n<\/li>\n<li>\n<p><strong>Faible<\/strong>: 41-60 (auparavant 30-49)<\/p>\n<\/li>\n<li>\n<p><strong>D&rsquo;ACCORD<\/strong>: 61-80 (auparavant 50-69)<\/p>\n<\/li>\n<li>\n<p><strong>Haut<\/strong>: 81-95 (auparavant 70-89)<\/p>\n<\/li>\n<li>\n<p><strong>Tr\u00e8s \u00e9lev\u00e9<\/strong>: 96-100 (auparavant 90-100)<\/p>\n<\/li>\n<\/ul>\n<p>De plus, \u00ab\u00a0Excellent\u00a0\u00bb est d\u00e9sormais \u00ab\u00a0Tr\u00e8s\u00a0\u00e9lev\u00e9\u00a0\u00bb, afin de maintenir le sch\u00e9ma de d\u00e9nomination plus coh\u00e9rent. <\/p>\n<h2 id=\"airdrop-codes\">Codes AirDrop<\/h2>\n<p>iOS 26.2 introduit une nouvelle section \u00ab G\u00e9rer les contacts AirDrop connus \u00bb, qui se lit comme suit : \u00ab Vous appara\u00eetrez automatiquement pendant 30 jours aupr\u00e8s des personnes avec lesquelles vous avez partag\u00e9 un code \u00e0 usage unique. Comme ce param\u00e8tre le sugg\u00e8re, vous pourrez peut-\u00eatre partager un code \u00e0 usage unique avec un autre utilisateur, apr\u00e8s quoi vous pourrez vous retrouver facilement via AirDrop pendant 30 jours. <\/p>\n<h2 id=\"enhanced-safety-alerts\">Alertes de s\u00e9curit\u00e9 am\u00e9lior\u00e9es<\/h2>\n<p>Cette nouvelle fonctionnalit\u00e9 iOS 26.2 peut vous informer des \u00ab menaces imminentes \u00bb, comme les inondations, les urgences et les catastrophes naturelles. Vous verrez des cartes des emplacements concern\u00e9s et des liens vers des informations de s\u00e9curit\u00e9 pertinentes. Cette fonctionnalit\u00e9 est \u00e9galement disponible sur watchOS 26.2.<\/p>\n<h2 id=\"flash-a-light-for-alerts\">Faites clignoter une lumi\u00e8re pour les alertes<\/h2>\n<p>Apple a ajout\u00e9 une nouvelle fonctionnalit\u00e9 aux param\u00e8tres d&rsquo;accessibilit\u00e9 qui vous permet de choisir de faire clignoter l&rsquo;\u00e9cran de l&rsquo;appareil chaque fois que vous recevez une notification.<\/p>\n<h2 id=\"updates-to-freeform-tables\">Mises \u00e0 jour des tableaux Freeform<\/h2>\n<p>Freeform, l&rsquo;application de tableau blanc num\u00e9rique d&rsquo;Apple, ne re\u00e7oit pas l&rsquo;attention qu&rsquo;elle m\u00e9rite. Avec iOS 26.2, les tableaux de Freeform peuvent d\u00e9sormais stocker du texte, des images, des documents et des dessins. Les cellules se redimensionnent \u00e9galement \u00ab\u00a0intelligemment\u00a0\u00bb pour s&rsquo;adapter.  <\/p>\n<h2 id=\"drop-and-drop-comes-back-to-slide-over-ipados-26\">Drop and drop revient \u00e0 Slide Over (iPadOS 26)<\/h2>\n<p>Avec iPadOS 26.1, Apple a ramen\u00e9 Slide Over. Cette fonctionnalit\u00e9 multit\u00e2che utile vous permet d&rsquo;attribuer une fen\u00eatre d&rsquo;application que vous pouvez facilement avancer ou fermer depuis le c\u00f4t\u00e9 de l&rsquo;\u00e9cran. C&rsquo;est id\u00e9al pour jeter un coup d&rsquo;\u0153il rapide sur des applications telles que Messages, Musique ou plateformes de r\u00e9seaux sociaux, des \u00e9l\u00e9ments dont vous n&rsquo;avez pas toujours besoin \u00e0 l&rsquo;\u00e9cran. <\/p>\n<p>Avec iPadOS 26.2, Apple continue de ramener la fonctionnalit\u00e9 Slide Over. La soci\u00e9t\u00e9 a ramen\u00e9 le drop and drop, qui vous permet de r\u00e9cup\u00e9rer une application et de la d\u00e9poser au-dessus de votre fen\u00eatre Slide Over active pour transformer instantan\u00e9ment l&rsquo;application choisie en vue Slide Over.<\/p>\n<blockquote class=\"twitterEmbed twitter-tweet\"><p>\n    <a rel=\"nofollow noopener\" class=\"text-gray-600\" href=\"https:\/\/twitter.com\/BetaProfiles\/status\/1990812093629804572\" title=\"open in a new window\" target=\"_blank\"><\/p>\n<p>        Ce Tweet est actuellement indisponible. Il est peut-\u00eatre en cours de chargement ou a \u00e9t\u00e9 supprim\u00e9.<br \/>\n    <\/a>\n<\/p><\/blockquote>\n<h2 id=\"podcasts-changes\">Modifications des podcasts<\/h2>\n<p>Apple introduit trois nouvelles modifications pour l&rsquo;application Podcasts dans iOS 26.2. Vous verrez les trois dans un menu contextuel la premi\u00e8re fois que vous ouvrirez l&rsquo;application apr\u00e8s la mise \u00e0 jour.<\/p>\n<p>Premi\u00e8rement, tous les podcasts en anglais seront accompagn\u00e9s de chapitres par d\u00e9faut. Les podcasteurs peuvent inclure eux-m\u00eames ces chapitres ou, si aucun n&rsquo;est disponible, l&rsquo;application les g\u00e9n\u00e9rera automatiquement avec l&rsquo;IA. Si les podcasteurs ne souhaitent pas que leurs \u00e9pisodes comportent des chapitres, ils peuvent d\u00e9sactiver la fonctionnalit\u00e9 de leur c\u00f4t\u00e9. L&rsquo;application collectera \u00e9galement tous les podcasts mentionn\u00e9s pendant l&rsquo;\u00e9mission que vous \u00e9coutez en un seul endroit, afin que vous puissiez facilement trouver ces autres podcasts si vous \u00eates int\u00e9ress\u00e9. De m\u00eame, les podcasteurs peuvent regrouper tous les liens qu\u2019ils souhaitent partager en un seul endroit, y compris avec des entr\u00e9es horodat\u00e9es dans la transcription de l\u2019\u00e9pisode. L&rsquo;application peut \u00e9galement cr\u00e9er automatiquement ces liens, en fonction du contenu de l&rsquo;\u00e9pisode.<\/p>\n<h2 id=\"three-changes-for-the-games-app\">Trois changements pour l&rsquo;application Jeux<\/h2>\n<p>Lorsque vous mettez \u00e0 jour votre iPhone vers la version 26.2, vous remarquerez peut-\u00eatre trois changements dans l&rsquo;application Jeux. Il existe d\u2019abord de nouvelles options de tri, notamment des filtres qui trient par taille de jeu, affichent les jeux auxquels jouent vos amis et les jeux qui prennent en charge les d\u00e9fis. De plus, l&rsquo;application dispose d\u00e9sormais d&rsquo;une compatibilit\u00e9 \u00e9tendue avec les contr\u00f4leurs pour la navigation dans l&rsquo;application, vous devriez donc pouvoir continuer \u00e0 utiliser le contr\u00f4leur plut\u00f4t que les commandes tactiles lorsque vous \u00eates dans les jeux. Enfin, vos scores de d\u00e9fi seront mis \u00e0 jour en temps r\u00e9el au fur et \u00e0 mesure que vous jouez \u00e0 des jeux.<\/p>\n<h2 id=\"disable-pinned-messages-in-carplay\">D\u00e9sactiver les messages \u00e9pingl\u00e9s dans CarPlay<\/h2>\n<p>Au cours des cinq derni\u00e8res ann\u00e9es, Apple vous a permis d&rsquo;\u00e9pingler vos contacts et discussions de groupe pr\u00e9f\u00e9r\u00e9s en haut de l&rsquo;application Messages. Avec iOS 26, Apple a mis \u00e0 jour CarPlay pour prendre en charge cette fonctionnalit\u00e9, mais ne vous a pas donn\u00e9 votre mot \u00e0 dire \u00e0 ce sujet. Si vous aviez \u00e9pingl\u00e9 des discussions sur votre iPhone, CarPlay refl\u00e9terait cela, m\u00eame si vous pr\u00e9f\u00e9rez conduire sans les discussions \u00e9pingl\u00e9es sur l&rsquo;\u00e9cran de votre voiture.<\/p>\n<p>Avec la version 26.2, cependant, Apple vous offre la possibilit\u00e9 de d\u00e9sactiver les messages \u00e9pingl\u00e9s pour CarPlay. L&rsquo;option appara\u00eet comme une simple bascule \u00ab\u00a0Conversations \u00e9pingl\u00e9es\u00a0\u00bb dans les param\u00e8tres CarPlay. <\/p>\n<h2 id=\"eu-users-are-getting-live-translation\">Les utilisateurs de l\u2019UE b\u00e9n\u00e9ficient d\u2019une traduction en direct<\/h2>\n<p>La traduction en direct est une nouvelle fonctionnalit\u00e9 prometteuse pour les propri\u00e9taires d&rsquo;AirPods ex\u00e9cutant iOS 26. Lorsque vous portez vos AirPod et que vous commencez \u00e0 parler \u00e0 quelqu&rsquo;un qui parle une langue diff\u00e9rente de la v\u00f4tre, votre iPhone traduira ses mots \u00e0 la vol\u00e9e et vous entendrez ce qu&rsquo;il dit dans votre langue cible via vos AirPod. Apple n&rsquo;est pas la premi\u00e8re entreprise \u00e0 proposer cette fonctionnalit\u00e9 et elle n&rsquo;est pas parfaite, mais c&rsquo;est n\u00e9anmoins formidable de l&rsquo;avoir.<\/p>\n<p>Cependant, les utilisateurs de l&rsquo;UE ex\u00e9cutant iOS 26 ou iOS 26.1 ne peuvent pas utiliser Live Translation. Apple a cit\u00e9 la loi sur les march\u00e9s num\u00e9riques de la r\u00e9gion comme raison pour laquelle elle n&rsquo;a pas pu introduire la traduction en direct dans l&rsquo;UE, mais la soci\u00e9t\u00e9 semble avoir r\u00e9solu les probl\u00e8mes logistiques et bureaucratiques auxquels elle \u00e9tait confront\u00e9e : maintenant qu&rsquo;iOS 26.2 est l\u00e0, les utilisateurs d&rsquo;AirPods dans l&rsquo;UE pourront \u00e9galement utiliser la traduction en direct.  <\/p>\n<h2 id=\"edge-light-macos-262\">Bord l\u00e9ger (macOS 26.2)<\/h2>\n<p>Bien qu&rsquo;il ne s&rsquo;agisse pas techniquement d&rsquo;une fonctionnalit\u00e9 iOS 26.2, Apple propose une mise \u00e0 jour majeure de macOS avec la version 26.2\u00a0: la soci\u00e9t\u00e9 a ajout\u00e9 une fonctionnalit\u00e9 \u00ab\u00a0Edge Light\u00a0\u00bb, qui ajoute un anneau de lumi\u00e8re autour de votre fen\u00eatre d&rsquo;appel vid\u00e9o. Apple affirme que la fonctionnalit\u00e9 utilise le moteur neuronal de votre Mac pour identifier votre visage et analyser vos mouvements, ce qui permet \u00e0 la lumi\u00e8re de s&rsquo;ajuster selon les besoins. Si vous d\u00e9placez votre curseur pour acc\u00e9der \u00e0 autre chose sur votre \u00e9cran, par exemple, la lumi\u00e8re diminuera pour que vous puissiez voir ce que vous faites. Vous pouvez \u00e9galement modifier la teinte de la lumi\u00e8re si vous pr\u00e9f\u00e9rez quelque chose de plus chaud ou de plus froid pour vos appels. <\/p>\n<p>Reste \u00e0 savoir si cette fonctionnalit\u00e9 sera suffisante pour remplacer une lumi\u00e8re d\u00e9di\u00e9e, comme la populaire Ring Light. Mais il s\u2019agit d\u2019une fonctionnalit\u00e9 int\u00e9ressante et inattendue d\u2019Apple, et je suis curieux de l\u2019essayer moi-m\u00eame lors de son lancement. <\/p>\n<blockquote class=\"twitterEmbed twitter-tweet\"><p>\n    <a rel=\"nofollow noopener\" class=\"text-gray-600\" href=\"https:\/\/twitter.com\/MacRumors\/status\/1988728432340136118\" title=\"open in a new window\" target=\"_blank\"><\/p>\n<p>        Ce Tweet est actuellement indisponible. Il est peut-\u00eatre en cours de chargement ou a \u00e9t\u00e9 supprim\u00e9.<br \/>\n    <\/a>\n<\/p><\/blockquote>\n<p><script async src=\"https:\/\/platform.twitter.com\/widgets.js\" charset=\"utf-8\"><\/script><\/p>\n","protected":false},"excerpt":{"rendered":"<p>Apple a abandonn\u00e9 iOS 26.1 le 3 novembre, introduisant quelques modifications mineures mais significatives aux iPhones. Mais apr\u00e8s avoir modifi\u00e9 le fonctionnement des alarmes et<\/p>\n","protected":false},"author":1,"featured_media":11852,"comment_status":"","ping_status":"","sticky":false,"template":"","format":"standard","meta":{"footnotes":""},"categories":[1],"tags":[285,1216,14,1215,62],"class_list":["post-11851","post","type-post","status-publish","format-standard","has-post-thumbnail","hentry","category-non-classe","tag-dios","tag-fonctionnalites","tag-les","tag-nouvelles","tag-toutes","generate-columns","tablet-grid-50","mobile-grid-100","grid-parent","grid-33"],"yoast_head":"<!-- This site is optimized with the Yoast SEO plugin v24.0 - https:\/\/yoast.com\/wordpress\/plugins\/seo\/ -->\n<title>Toutes les nouvelles fonctionnalit\u00e9s d&#039;iOS 26.2 | Vie Associative<\/title>\n<meta name=\"robots\" content=\"index, follow, max-snippet:-1, max-image-preview:large, max-video-preview:-1\" \/>\n<link rel=\"canonical\" href=\"https:\/\/vieassociative.be\/actualites\/toutes-les-nouvelles-fonctionnalites-dios-26-2\/\" \/>\n<meta property=\"og:locale\" content=\"fr_FR\" \/>\n<meta property=\"og:type\" content=\"article\" \/>\n<meta property=\"og:title\" content=\"Toutes les nouvelles fonctionnalit\u00e9s d&#039;iOS 26.2 | Vie Associative\" \/>\n<meta property=\"og:description\" content=\"Apple a abandonn\u00e9 iOS 26.1 le 3 novembre, introduisant quelques modifications mineures mais significatives aux iPhones. Mais apr\u00e8s avoir modifi\u00e9 le fonctionnement des alarmes et\" \/>\n<meta property=\"og:url\" content=\"https:\/\/vieassociative.be\/actualites\/toutes-les-nouvelles-fonctionnalites-dios-26-2\/\" \/>\n<meta property=\"og:site_name\" content=\"Vie Associative\" \/>\n<meta property=\"article:published_time\" content=\"2025-12-15T07:18:18+00:00\" \/>\n<meta property=\"og:image\" content=\"https:\/\/vieassociative.be\/actualites\/wp-content\/uploads\/2024\/09\/header_backgroundk-01-e1726694325946.png\" \/>\n\t<meta property=\"og:image:width\" content=\"279\" \/>\n\t<meta property=\"og:image:height\" content=\"92\" \/>\n\t<meta property=\"og:image:type\" content=\"image\/png\" \/>\n<meta name=\"author\" content=\"Julien\" \/>\n<meta name=\"twitter:card\" content=\"summary_large_image\" \/>\n<meta name=\"twitter:label1\" content=\"\u00c9crit par\" \/>\n\t<meta name=\"twitter:data1\" content=\"Julien\" \/>\n\t<meta name=\"twitter:label2\" content=\"Dur\u00e9e de lecture est.\" \/>\n\t<meta name=\"twitter:data2\" content=\"9 minutes\" \/>\n<script type=\"application\/ld+json\" class=\"yoast-schema-graph\">{\"@context\":\"https:\/\/schema.org\",\"@graph\":[{\"@type\":\"Article\",\"@id\":\"https:\/\/vieassociative.be\/actualites\/toutes-les-nouvelles-fonctionnalites-dios-26-2\/#article\",\"isPartOf\":{\"@id\":\"https:\/\/vieassociative.be\/actualites\/toutes-les-nouvelles-fonctionnalites-dios-26-2\/\"},\"author\":{\"name\":\"Julien\",\"@id\":\"https:\/\/vieassociative.be\/actualites\/#\/schema\/person\/b87ac4f82f9d4e7b7cec7395b679edc4\"},\"headline\":\"Toutes les nouvelles fonctionnalit\u00e9s d&rsquo;iOS 26.2\",\"datePublished\":\"2025-12-15T07:18:18+00:00\",\"dateModified\":\"2025-12-15T07:18:18+00:00\",\"mainEntityOfPage\":{\"@id\":\"https:\/\/vieassociative.be\/actualites\/toutes-les-nouvelles-fonctionnalites-dios-26-2\/\"},\"wordCount\":1945,\"publisher\":{\"@id\":\"https:\/\/vieassociative.be\/actualites\/#organization\"},\"image\":{\"@id\":\"https:\/\/vieassociative.be\/actualites\/toutes-les-nouvelles-fonctionnalites-dios-26-2\/#primaryimage\"},\"thumbnailUrl\":\"https:\/\/vieassociative.be\/actualites\/wp-content\/uploads\/2025\/12\/Toutes-les-nouvelles-fonctionnalites-diOS-262.jpg\",\"keywords\":[\"diOS\",\"fonctionnalit\u00e9s\",\"Les\",\"nouvelles\",\"toutes\"],\"inLanguage\":\"fr-BE\"},{\"@type\":\"WebPage\",\"@id\":\"https:\/\/vieassociative.be\/actualites\/toutes-les-nouvelles-fonctionnalites-dios-26-2\/\",\"url\":\"https:\/\/vieassociative.be\/actualites\/toutes-les-nouvelles-fonctionnalites-dios-26-2\/\",\"name\":\"Toutes les nouvelles fonctionnalit\u00e9s d'iOS 26.2 | Vie Associative\",\"isPartOf\":{\"@id\":\"https:\/\/vieassociative.be\/actualites\/#website\"},\"primaryImageOfPage\":{\"@id\":\"https:\/\/vieassociative.be\/actualites\/toutes-les-nouvelles-fonctionnalites-dios-26-2\/#primaryimage\"},\"image\":{\"@id\":\"https:\/\/vieassociative.be\/actualites\/toutes-les-nouvelles-fonctionnalites-dios-26-2\/#primaryimage\"},\"thumbnailUrl\":\"https:\/\/vieassociative.be\/actualites\/wp-content\/uploads\/2025\/12\/Toutes-les-nouvelles-fonctionnalites-diOS-262.jpg\",\"datePublished\":\"2025-12-15T07:18:18+00:00\",\"dateModified\":\"2025-12-15T07:18:18+00:00\",\"breadcrumb\":{\"@id\":\"https:\/\/vieassociative.be\/actualites\/toutes-les-nouvelles-fonctionnalites-dios-26-2\/#breadcrumb\"},\"inLanguage\":\"fr-BE\",\"potentialAction\":[{\"@type\":\"ReadAction\",\"target\":[\"https:\/\/vieassociative.be\/actualites\/toutes-les-nouvelles-fonctionnalites-dios-26-2\/\"]}]},{\"@type\":\"ImageObject\",\"inLanguage\":\"fr-BE\",\"@id\":\"https:\/\/vieassociative.be\/actualites\/toutes-les-nouvelles-fonctionnalites-dios-26-2\/#primaryimage\",\"url\":\"https:\/\/vieassociative.be\/actualites\/wp-content\/uploads\/2025\/12\/Toutes-les-nouvelles-fonctionnalites-diOS-262.jpg\",\"contentUrl\":\"https:\/\/vieassociative.be\/actualites\/wp-content\/uploads\/2025\/12\/Toutes-les-nouvelles-fonctionnalites-diOS-262.jpg\",\"width\":1200,\"height\":675,\"caption\":\"Toutes les nouvelles fonctionnalit\u00e9s d'iOS 26.2\"},{\"@type\":\"BreadcrumbList\",\"@id\":\"https:\/\/vieassociative.be\/actualites\/toutes-les-nouvelles-fonctionnalites-dios-26-2\/#breadcrumb\",\"itemListElement\":[{\"@type\":\"ListItem\",\"position\":1,\"name\":\"Accueil\",\"item\":\"https:\/\/vieassociative.be\/actualites\/\"},{\"@type\":\"ListItem\",\"position\":2,\"name\":\"Toutes les nouvelles fonctionnalit\u00e9s d&rsquo;iOS 26.2\"}]},{\"@type\":\"WebSite\",\"@id\":\"https:\/\/vieassociative.be\/actualites\/#website\",\"url\":\"https:\/\/vieassociative.be\/actualites\/\",\"name\":\"Vie Associative\",\"description\":\"\",\"publisher\":{\"@id\":\"https:\/\/vieassociative.be\/actualites\/#organization\"},\"potentialAction\":[{\"@type\":\"SearchAction\",\"target\":{\"@type\":\"EntryPoint\",\"urlTemplate\":\"https:\/\/vieassociative.be\/actualites\/?s={search_term_string}\"},\"query-input\":{\"@type\":\"PropertyValueSpecification\",\"valueRequired\":true,\"valueName\":\"search_term_string\"}}],\"inLanguage\":\"fr-BE\"},{\"@type\":\"Organization\",\"@id\":\"https:\/\/vieassociative.be\/actualites\/#organization\",\"name\":\"Vie Associative\",\"url\":\"https:\/\/vieassociative.be\/actualites\/\",\"logo\":{\"@type\":\"ImageObject\",\"inLanguage\":\"fr-BE\",\"@id\":\"https:\/\/vieassociative.be\/actualites\/#\/schema\/logo\/image\/\",\"url\":\"https:\/\/vieassociative.be\/actualites\/wp-content\/uploads\/2024\/09\/cropped-vieassociative_favicon.ico.png\",\"contentUrl\":\"https:\/\/vieassociative.be\/actualites\/wp-content\/uploads\/2024\/09\/cropped-vieassociative_favicon.ico.png\",\"width\":512,\"height\":512,\"caption\":\"Vie Associative\"},\"image\":{\"@id\":\"https:\/\/vieassociative.be\/actualites\/#\/schema\/logo\/image\/\"}},{\"@type\":\"Person\",\"@id\":\"https:\/\/vieassociative.be\/actualites\/#\/schema\/person\/b87ac4f82f9d4e7b7cec7395b679edc4\",\"name\":\"Julien\",\"image\":{\"@type\":\"ImageObject\",\"inLanguage\":\"fr-BE\",\"@id\":\"https:\/\/vieassociative.be\/actualites\/#\/schema\/person\/image\/\",\"url\":\"https:\/\/vieassociative.be\/actualites\/wp-content\/uploads\/2024\/09\/vie-associative-1-150x150.jpg\",\"contentUrl\":\"https:\/\/vieassociative.be\/actualites\/wp-content\/uploads\/2024\/09\/vie-associative-1-150x150.jpg\",\"caption\":\"Julien\"},\"description\":\"Je suis Julien, r\u00e9dacteur pour Vie Associative. Passionn\u00e9 par le monde associatif depuis plus de 10 ans, j'ai \u00e0 c\u0153ur de partager des histoires inspirantes et de mettre en lumi\u00e8re les initiatives locales. Mon objectif est de sensibiliser et d'encourager l'engagement communautaire \u00e0 travers mes articles.\",\"sameAs\":[\"https:\/\/vieassociative.be\/\"]}]}<\/script>\n<!-- \/ Yoast SEO plugin. -->","yoast_head_json":{"title":"Toutes les nouvelles fonctionnalit\u00e9s d'iOS 26.2 | Vie Associative","robots":{"index":"index","follow":"follow","max-snippet":"max-snippet:-1","max-image-preview":"max-image-preview:large","max-video-preview":"max-video-preview:-1"},"canonical":"https:\/\/vieassociative.be\/actualites\/toutes-les-nouvelles-fonctionnalites-dios-26-2\/","og_locale":"fr_FR","og_type":"article","og_title":"Toutes les nouvelles fonctionnalit\u00e9s d'iOS 26.2 | Vie Associative","og_description":"Apple a abandonn\u00e9 iOS 26.1 le 3 novembre, introduisant quelques modifications mineures mais significatives aux iPhones. Mais apr\u00e8s avoir modifi\u00e9 le fonctionnement des alarmes et","og_url":"https:\/\/vieassociative.be\/actualites\/toutes-les-nouvelles-fonctionnalites-dios-26-2\/","og_site_name":"Vie Associative","article_published_time":"2025-12-15T07:18:18+00:00","og_image":[{"width":279,"height":92,"url":"https:\/\/vieassociative.be\/actualites\/wp-content\/uploads\/2024\/09\/header_backgroundk-01-e1726694325946.png","type":"image\/png"}],"author":"Julien","twitter_card":"summary_large_image","twitter_misc":{"\u00c9crit par":"Julien","Dur\u00e9e de lecture est.":"9 minutes"},"schema":{"@context":"https:\/\/schema.org","@graph":[{"@type":"Article","@id":"https:\/\/vieassociative.be\/actualites\/toutes-les-nouvelles-fonctionnalites-dios-26-2\/#article","isPartOf":{"@id":"https:\/\/vieassociative.be\/actualites\/toutes-les-nouvelles-fonctionnalites-dios-26-2\/"},"author":{"name":"Julien","@id":"https:\/\/vieassociative.be\/actualites\/#\/schema\/person\/b87ac4f82f9d4e7b7cec7395b679edc4"},"headline":"Toutes les nouvelles fonctionnalit\u00e9s d&rsquo;iOS 26.2","datePublished":"2025-12-15T07:18:18+00:00","dateModified":"2025-12-15T07:18:18+00:00","mainEntityOfPage":{"@id":"https:\/\/vieassociative.be\/actualites\/toutes-les-nouvelles-fonctionnalites-dios-26-2\/"},"wordCount":1945,"publisher":{"@id":"https:\/\/vieassociative.be\/actualites\/#organization"},"image":{"@id":"https:\/\/vieassociative.be\/actualites\/toutes-les-nouvelles-fonctionnalites-dios-26-2\/#primaryimage"},"thumbnailUrl":"https:\/\/vieassociative.be\/actualites\/wp-content\/uploads\/2025\/12\/Toutes-les-nouvelles-fonctionnalites-diOS-262.jpg","keywords":["diOS","fonctionnalit\u00e9s","Les","nouvelles","toutes"],"inLanguage":"fr-BE"},{"@type":"WebPage","@id":"https:\/\/vieassociative.be\/actualites\/toutes-les-nouvelles-fonctionnalites-dios-26-2\/","url":"https:\/\/vieassociative.be\/actualites\/toutes-les-nouvelles-fonctionnalites-dios-26-2\/","name":"Toutes les nouvelles fonctionnalit\u00e9s d'iOS 26.2 | Vie Associative","isPartOf":{"@id":"https:\/\/vieassociative.be\/actualites\/#website"},"primaryImageOfPage":{"@id":"https:\/\/vieassociative.be\/actualites\/toutes-les-nouvelles-fonctionnalites-dios-26-2\/#primaryimage"},"image":{"@id":"https:\/\/vieassociative.be\/actualites\/toutes-les-nouvelles-fonctionnalites-dios-26-2\/#primaryimage"},"thumbnailUrl":"https:\/\/vieassociative.be\/actualites\/wp-content\/uploads\/2025\/12\/Toutes-les-nouvelles-fonctionnalites-diOS-262.jpg","datePublished":"2025-12-15T07:18:18+00:00","dateModified":"2025-12-15T07:18:18+00:00","breadcrumb":{"@id":"https:\/\/vieassociative.be\/actualites\/toutes-les-nouvelles-fonctionnalites-dios-26-2\/#breadcrumb"},"inLanguage":"fr-BE","potentialAction":[{"@type":"ReadAction","target":["https:\/\/vieassociative.be\/actualites\/toutes-les-nouvelles-fonctionnalites-dios-26-2\/"]}]},{"@type":"ImageObject","inLanguage":"fr-BE","@id":"https:\/\/vieassociative.be\/actualites\/toutes-les-nouvelles-fonctionnalites-dios-26-2\/#primaryimage","url":"https:\/\/vieassociative.be\/actualites\/wp-content\/uploads\/2025\/12\/Toutes-les-nouvelles-fonctionnalites-diOS-262.jpg","contentUrl":"https:\/\/vieassociative.be\/actualites\/wp-content\/uploads\/2025\/12\/Toutes-les-nouvelles-fonctionnalites-diOS-262.jpg","width":1200,"height":675,"caption":"Toutes les nouvelles fonctionnalit\u00e9s d'iOS 26.2"},{"@type":"BreadcrumbList","@id":"https:\/\/vieassociative.be\/actualites\/toutes-les-nouvelles-fonctionnalites-dios-26-2\/#breadcrumb","itemListElement":[{"@type":"ListItem","position":1,"name":"Accueil","item":"https:\/\/vieassociative.be\/actualites\/"},{"@type":"ListItem","position":2,"name":"Toutes les nouvelles fonctionnalit\u00e9s d&rsquo;iOS 26.2"}]},{"@type":"WebSite","@id":"https:\/\/vieassociative.be\/actualites\/#website","url":"https:\/\/vieassociative.be\/actualites\/","name":"Vie Associative","description":"","publisher":{"@id":"https:\/\/vieassociative.be\/actualites\/#organization"},"potentialAction":[{"@type":"SearchAction","target":{"@type":"EntryPoint","urlTemplate":"https:\/\/vieassociative.be\/actualites\/?s={search_term_string}"},"query-input":{"@type":"PropertyValueSpecification","valueRequired":true,"valueName":"search_term_string"}}],"inLanguage":"fr-BE"},{"@type":"Organization","@id":"https:\/\/vieassociative.be\/actualites\/#organization","name":"Vie Associative","url":"https:\/\/vieassociative.be\/actualites\/","logo":{"@type":"ImageObject","inLanguage":"fr-BE","@id":"https:\/\/vieassociative.be\/actualites\/#\/schema\/logo\/image\/","url":"https:\/\/vieassociative.be\/actualites\/wp-content\/uploads\/2024\/09\/cropped-vieassociative_favicon.ico.png","contentUrl":"https:\/\/vieassociative.be\/actualites\/wp-content\/uploads\/2024\/09\/cropped-vieassociative_favicon.ico.png","width":512,"height":512,"caption":"Vie Associative"},"image":{"@id":"https:\/\/vieassociative.be\/actualites\/#\/schema\/logo\/image\/"}},{"@type":"Person","@id":"https:\/\/vieassociative.be\/actualites\/#\/schema\/person\/b87ac4f82f9d4e7b7cec7395b679edc4","name":"Julien","image":{"@type":"ImageObject","inLanguage":"fr-BE","@id":"https:\/\/vieassociative.be\/actualites\/#\/schema\/person\/image\/","url":"https:\/\/vieassociative.be\/actualites\/wp-content\/uploads\/2024\/09\/vie-associative-1-150x150.jpg","contentUrl":"https:\/\/vieassociative.be\/actualites\/wp-content\/uploads\/2024\/09\/vie-associative-1-150x150.jpg","caption":"Julien"},"description":"Je suis Julien, r\u00e9dacteur pour Vie Associative. Passionn\u00e9 par le monde associatif depuis plus de 10 ans, j'ai \u00e0 c\u0153ur de partager des histoires inspirantes et de mettre en lumi\u00e8re les initiatives locales. Mon objectif est de sensibiliser et d'encourager l'engagement communautaire \u00e0 travers mes articles.","sameAs":["https:\/\/vieassociative.be\/"]}]}},"_links":{"self":[{"href":"https:\/\/vieassociative.be\/actualites\/wp-json\/wp\/v2\/posts\/11851"}],"collection":[{"href":"https:\/\/vieassociative.be\/actualites\/wp-json\/wp\/v2\/posts"}],"about":[{"href":"https:\/\/vieassociative.be\/actualites\/wp-json\/wp\/v2\/types\/post"}],"author":[{"embeddable":true,"href":"https:\/\/vieassociative.be\/actualites\/wp-json\/wp\/v2\/users\/1"}],"replies":[{"embeddable":true,"href":"https:\/\/vieassociative.be\/actualites\/wp-json\/wp\/v2\/comments?post=11851"}],"version-history":[{"count":0,"href":"https:\/\/vieassociative.be\/actualites\/wp-json\/wp\/v2\/posts\/11851\/revisions"}],"wp:featuredmedia":[{"embeddable":true,"href":"https:\/\/vieassociative.be\/actualites\/wp-json\/wp\/v2\/media\/11852"}],"wp:attachment":[{"href":"https:\/\/vieassociative.be\/actualites\/wp-json\/wp\/v2\/media?parent=11851"}],"wp:term":[{"taxonomy":"category","embeddable":true,"href":"https:\/\/vieassociative.be\/actualites\/wp-json\/wp\/v2\/categories?post=11851"},{"taxonomy":"post_tag","embeddable":true,"href":"https:\/\/vieassociative.be\/actualites\/wp-json\/wp\/v2\/tags?post=11851"}],"curies":[{"name":"wp","href":"https:\/\/api.w.org\/{rel}","templated":true}]}}