{"id":1185,"date":"2024-10-13T18:18:57","date_gmt":"2024-10-13T16:18:57","guid":{"rendered":"https:\/\/vieassociative.be\/actualites\/ce-sont-les-signes-de-perte-auditive-chez-les-enfants\/"},"modified":"2024-10-13T18:18:57","modified_gmt":"2024-10-13T16:18:57","slug":"ce-sont-les-signes-de-perte-auditive-chez-les-enfants","status":"publish","type":"post","link":"https:\/\/vieassociative.be\/actualites\/ce-sont-les-signes-de-perte-auditive-chez-les-enfants\/","title":{"rendered":"Ce sont les signes de perte auditive chez les enfants"},"content":{"rendered":"<div class=\"mt-4 leading-6 md:mb-8\">Une intervention pr\u00e9coce est la meilleure chance de pr\u00e9venir les retards de langage.<\/div>\n<p><\/p>\n<p>Un petit ne vient pas lorsque vous l&rsquo;appelez, mais il est probablement juste distrait, n&rsquo;est-ce pas ? Vous demandez constamment aux enfants plus \u00e2g\u00e9s de baisser le volume de leur t\u00e9l\u00e9viseur, de leur iPad ou de leur Nintendo Switch, mais ils sont tout simplement vraiment absorb\u00e9s par leur activit\u00e9, n&rsquo;est-ce pas ? Peut-\u00eatre, mais ce sont aussi des signes de perte auditive chez les enfants.<\/p>\n<p>La perte auditive chez les enfants n\u2019est pas rare. Selon une \u00e9tude publi\u00e9e en 2020 dans le Journal of the American Medical Association, la perte auditive touche pr\u00e8s d&rsquo;un enfant sur cinq aux \u00c9tats-Unis avant l&rsquo;\u00e2ge de 18 ans. Plus t\u00f4t vous vous rendrez compte de la perte auditive d&rsquo;un enfant, plus grandes sont vos chances, ainsi que son m\u00e9decin. L\u2019\u00e9quipe doit corriger les causes r\u00e9versibles ou commencer \u00e0 utiliser des ressources pour am\u00e9liorer sa capacit\u00e9 \u00e0 communiquer.<\/p>\n<h2 id=\"why-detecting-hearing-loss-in-kids-is-important\">Pourquoi d\u00e9tecter la perte auditive chez les enfants est important<\/h2>\n<p>Les b\u00e9b\u00e9s et les jeunes enfants malentendants auront du mal \u00e0 communiquer et \u00e0 apprendre le langage. Ils courent \u00e9galement un risque d\u2019autres retards de d\u00e9veloppement. Plus la perte auditive est d\u00e9tect\u00e9e t\u00f4t, plus les interventions telles que l\u2019orthophonie ou l\u2019apprentissage de la langue des signes peuvent \u00eatre efficaces.<\/p>\n<p>En plus de retarder le d\u00e9veloppement de la parole, la perte auditive chez les enfants peut avoir un impact sur leur fonction cognitive, leurs r\u00e9sultats scolaires et leur d\u00e9veloppement social. Mais m\u00eame dans les cas de perte auditive permanente, l\u2019utilisation tr\u00e8s pr\u00e9coce d\u2019appareils tels que des appareils auditifs et des implants cochl\u00e9aires peut aider les enfants \u00e0 mieux d\u00e9velopper leur langage.<\/p>\n<h2 id=\"signs-of-hearing-loss-in-children\">Signes de perte auditive chez les enfants<\/h2>\n<p>Tous les b\u00e9b\u00e9s n\u00e9s aux \u00c9tats-Unis subissent un d\u00e9pistage de la perte auditive peu apr\u00e8s la naissance. Si votre b\u00e9b\u00e9 ne r\u00e9ussit pas le test de d\u00e9pistage, une \u00e9valuation plus approfondie est recommand\u00e9e. Les b\u00e9b\u00e9s malentendants devraient commencer les services d&rsquo;intervention pr\u00e9coce d\u00e8s l&rsquo;\u00e2ge de 6 mois pour les aider, ainsi que vous-m\u00eame, \u00e0 apprendre \u00e0 communiquer efficacement.<\/p>\n<p>Les enfants plus \u00e2g\u00e9s sont \u00e9galement test\u00e9s lors de visites r\u00e9guli\u00e8res chez le p\u00e9diatre et, dans certains cas, \u00e0 l&rsquo;\u00e9cole. Si vous avez remarqu\u00e9 les signes suivants de perte auditive chez votre enfant, vous souhaiterez peut-\u00eatre les faire \u00e9valuer davantage.<\/p>\n<p>Chez les b\u00e9b\u00e9s et les tout-petits\u00a0:<\/p>\n<ul>\n<li>\n<p>Pas de babillage<\/p>\n<\/li>\n<li>\n<p>Ne r\u00e9agit pas \u00e0 la voix des parents \u00e0 3 mois<\/p>\n<\/li>\n<li>\n<p>Ne tourne pas dans le sens du son \u00e0 6 mois<\/p>\n<\/li>\n<li>\n<p>N&rsquo;est pas surpris par les sons forts<\/p>\n<\/li>\n<li>\n<p>Ne comprend pas les phrases simples \u00e0 12 mois (comme \u00ab applaudir \u00bb ou \u00ab dire au revoir \u00bb)<\/p>\n<\/li>\n<li>\n<p>N&rsquo;imite pas les sons et ne prononce pas quelques mots \u00e0 12 mois<\/p>\n<\/li>\n<li>\n<p>Ne r\u00e9pond pas quand son nom est appel\u00e9<\/p>\n<\/li>\n<li>\n<p>Ne fait pas attention<\/p>\n<\/li>\n<li>\n<p>Ne parle pas environ 50 mots et ne compose pas d&rsquo;expressions de deux mots \u00e0 l&rsquo;\u00e2ge de 2 ans<\/p>\n<\/li>\n<\/ul>\n<p>Pour les plus grands :<\/p>\n<ul>\n<li>\n<p>Augmentation du volume sur la t\u00e9l\u00e9vision, les appareils ou les \u00e9couteurs<\/p>\n<\/li>\n<li>\n<p>Difficult\u00e9 \u00e0 l&rsquo;\u00e9cole<\/p>\n<\/li>\n<li>\n<p>Difficult\u00e9 \u00e0 comprendre une conversation dans un environnement bruyant<\/p>\n<\/li>\n<li>\n<p>Difficult\u00e9 \u00e0 entendre les sons aigus<\/p>\n<\/li>\n<li>\n<p>Bourdonnement dans les oreilles<\/p>\n<\/li>\n<\/ul>\n<h2 id=\"common-causes-of-hearing-loss-in-kids\">Causes courantes de perte auditive chez les enfants<\/h2>\n<p>La perte auditive peut \u00eatre conductrice (les sons ne sont pas transmis correctement par l&rsquo;oreille externe et moyenne), neurosensorielle (un probl\u00e8me au niveau de l&rsquo;oreille interne ou des nerfs et des voies qui la relient au cerveau) ou mixte (une combinaison de conductivit\u00e9 et de perception). .<\/p>\n<p>Lorsqu&rsquo;un b\u00e9b\u00e9 na\u00eet avec une perte auditive, celle-ci est g\u00e9n\u00e9ralement caus\u00e9e par une maladie g\u00e9n\u00e9tique ou une infection cong\u00e9nitale par la toxoplasmose, la rub\u00e9ole, le cytom\u00e9galovirus (CMV) ou l&rsquo;herp\u00e8s.<\/p>\n<p>Une cause fr\u00e9quente de surdit\u00e9 de transmission chez les jeunes enfants est la pr\u00e9sence de liquide emprisonn\u00e9 derri\u00e8re le tympan (otite moyenne avec \u00e9panchement). Ce type de perte auditive est souvent temporaire, mais peut n\u00e9anmoins n\u00e9cessiter un traitement m\u00e9dicamenteux ou chirurgical. Les autres causes de perte auditive comprennent les traumatismes cr\u00e2niens, les traumatismes sonores, les diff\u00e9rences anatomiques et certains m\u00e9dicaments.<\/p>\n<h2 id=\"when-to-see-a-specialist\">Quand consulter un sp\u00e9cialiste<\/h2>\n<p>Si vous remarquez les signes de perte auditive \u00e9num\u00e9r\u00e9s ci-dessus, parlez au p\u00e9diatre de votre enfant d&rsquo;une \u00e9valuation plus approfondie. Si les tests auditifs indiquent une perte auditive, vous pouvez \u00eatre r\u00e9f\u00e9r\u00e9 \u00e0 un oto-rhino-laryngologiste (un m\u00e9decin des oreilles, du nez et de la gorge ou \u00ab ORL \u00bb).<\/p>\n<p>Les enfants souffrant d\u2019otites chroniques courent un risque de perte auditive temporaire. Un ORL peut surveiller la sant\u00e9 de son audition et de ses oreilles et \u00e9ventuellement effectuer une proc\u00e9dure de tympanostomie pour ins\u00e9rer de petits tubes dans le tympan pour le drainage. Cependant, une perte auditive temporaire due \u00e0 un liquide emprisonn\u00e9 peut dispara\u00eetre d\u2019elle-m\u00eame.<\/p>\n<p>L&rsquo;American Academy of Otolaryngology sugg\u00e8re de poser ces questions au m\u00e9decin de votre enfant sur la perte auditive\u00a0:<\/p>\n<ul>\n<li>\n<p>Que puis-je faire pour m&rsquo;assurer que mon enfant aura la meilleure parole possible ?<\/p>\n<\/li>\n<li>\n<p>La perte (ou d\u00e9ficience) auditive de mon enfant est-elle permanente ou temporaire ?<\/p>\n<\/li>\n<li>\n<p>Comment puis-je \u00e9viter que l\u2019audition de mon enfant ne se d\u00e9t\u00e9riore ?<\/p>\n<\/li>\n<li>\n<p>Comment dois-je surveiller l\u2019audition et la parole de mon enfant\u00a0?<\/p>\n<\/li>\n<li>\n<p>Dans quelle mesure est-il important de lire \u00e0 mon enfant ?<\/p>\n<\/li>\n<li>\n<p>Recommandez-vous d&#8217;emmener mon enfant voir d&rsquo;autres sp\u00e9cialistes ou th\u00e9rapeutes\u00a0?<\/p>\n<\/li>\n<\/ul>\n<p>Les personnes \u00e2g\u00e9es de 3 \u00e0 22 ans chez qui une perte auditive a \u00e9t\u00e9 diagnostiqu\u00e9e sont \u00e9ligibles \u00e0 des services d&rsquo;\u00e9ducation sp\u00e9cialis\u00e9e comme l&rsquo;orthophonie dans le cadre de la loi de 2004 sur l&rsquo;am\u00e9lioration de l&rsquo;\u00e9ducation des personnes handicap\u00e9es. Les enfants malentendants peuvent \u00e9galement b\u00e9n\u00e9ficier d&rsquo;appareils tels que des appareils auditifs ou des implants cochl\u00e9aires.<\/p>\n","protected":false},"excerpt":{"rendered":"<p>Une intervention pr\u00e9coce est la meilleure chance de pr\u00e9venir les retards de langage. Un petit ne vient pas lorsque vous l&rsquo;appelez, mais il est probablement<\/p>\n","protected":false},"author":1,"featured_media":1186,"comment_status":"","ping_status":"","sticky":false,"template":"","format":"standard","meta":{"footnotes":""},"categories":[37],"tags":[1769,1287,324,14,697,1140,18],"class_list":["post-1185","post","type-post","status-publish","format-standard","has-post-thumbnail","hentry","category-famille","tag-auditive","tag-chez","tag-enfants","tag-les","tag-perte","tag-signes","tag-sont","generate-columns","tablet-grid-50","mobile-grid-100","grid-parent","grid-33"],"yoast_head":"<!-- This site is optimized with the Yoast SEO plugin v24.0 - https:\/\/yoast.com\/wordpress\/plugins\/seo\/ -->\n<title>Ce sont les signes de perte auditive chez les enfants | Vie Associative<\/title>\n<meta name=\"robots\" content=\"index, follow, max-snippet:-1, max-image-preview:large, max-video-preview:-1\" \/>\n<link rel=\"canonical\" href=\"https:\/\/vieassociative.be\/actualites\/ce-sont-les-signes-de-perte-auditive-chez-les-enfants\/\" \/>\n<meta property=\"og:locale\" content=\"fr_FR\" \/>\n<meta property=\"og:type\" content=\"article\" \/>\n<meta property=\"og:title\" content=\"Ce sont les signes de perte auditive chez les enfants | Vie Associative\" \/>\n<meta property=\"og:description\" content=\"Une intervention pr\u00e9coce est la meilleure chance de pr\u00e9venir les retards de langage. Un petit ne vient pas lorsque vous l&rsquo;appelez, mais il est probablement\" \/>\n<meta property=\"og:url\" content=\"https:\/\/vieassociative.be\/actualites\/ce-sont-les-signes-de-perte-auditive-chez-les-enfants\/\" \/>\n<meta property=\"og:site_name\" content=\"Vie Associative\" \/>\n<meta property=\"article:published_time\" content=\"2024-10-13T16:18:57+00:00\" \/>\n<meta property=\"og:image\" content=\"https:\/\/vieassociative.be\/actualites\/wp-content\/uploads\/2024\/09\/header_backgroundk-01-e1726694325946.png\" \/>\n\t<meta property=\"og:image:width\" content=\"279\" \/>\n\t<meta property=\"og:image:height\" content=\"92\" \/>\n\t<meta property=\"og:image:type\" content=\"image\/png\" \/>\n<meta name=\"author\" content=\"Julien\" \/>\n<meta name=\"twitter:card\" content=\"summary_large_image\" \/>\n<meta name=\"twitter:label1\" content=\"\u00c9crit par\" \/>\n\t<meta name=\"twitter:data1\" content=\"Julien\" \/>\n\t<meta name=\"twitter:label2\" content=\"Dur\u00e9e de lecture est.\" \/>\n\t<meta name=\"twitter:data2\" content=\"5 minutes\" \/>\n<script type=\"application\/ld+json\" class=\"yoast-schema-graph\">{\"@context\":\"https:\/\/schema.org\",\"@graph\":[{\"@type\":\"Article\",\"@id\":\"https:\/\/vieassociative.be\/actualites\/ce-sont-les-signes-de-perte-auditive-chez-les-enfants\/#article\",\"isPartOf\":{\"@id\":\"https:\/\/vieassociative.be\/actualites\/ce-sont-les-signes-de-perte-auditive-chez-les-enfants\/\"},\"author\":{\"name\":\"Julien\",\"@id\":\"https:\/\/vieassociative.be\/actualites\/#\/schema\/person\/b87ac4f82f9d4e7b7cec7395b679edc4\"},\"headline\":\"Ce sont les signes de perte auditive chez les enfants\",\"datePublished\":\"2024-10-13T16:18:57+00:00\",\"dateModified\":\"2024-10-13T16:18:57+00:00\",\"mainEntityOfPage\":{\"@id\":\"https:\/\/vieassociative.be\/actualites\/ce-sont-les-signes-de-perte-auditive-chez-les-enfants\/\"},\"wordCount\":1019,\"publisher\":{\"@id\":\"https:\/\/vieassociative.be\/actualites\/#organization\"},\"image\":{\"@id\":\"https:\/\/vieassociative.be\/actualites\/ce-sont-les-signes-de-perte-auditive-chez-les-enfants\/#primaryimage\"},\"thumbnailUrl\":\"https:\/\/vieassociative.be\/actualites\/wp-content\/uploads\/2024\/10\/Ce-sont-les-signes-de-perte-auditive-chez-les-enfants.jpg\",\"keywords\":[\"auditive\",\"chez\",\"enfants\",\"Les\",\"perte\",\"signes\",\"sont\"],\"articleSection\":[\"Famille\"],\"inLanguage\":\"fr-BE\"},{\"@type\":\"WebPage\",\"@id\":\"https:\/\/vieassociative.be\/actualites\/ce-sont-les-signes-de-perte-auditive-chez-les-enfants\/\",\"url\":\"https:\/\/vieassociative.be\/actualites\/ce-sont-les-signes-de-perte-auditive-chez-les-enfants\/\",\"name\":\"Ce sont les signes de perte auditive chez les enfants | Vie Associative\",\"isPartOf\":{\"@id\":\"https:\/\/vieassociative.be\/actualites\/#website\"},\"primaryImageOfPage\":{\"@id\":\"https:\/\/vieassociative.be\/actualites\/ce-sont-les-signes-de-perte-auditive-chez-les-enfants\/#primaryimage\"},\"image\":{\"@id\":\"https:\/\/vieassociative.be\/actualites\/ce-sont-les-signes-de-perte-auditive-chez-les-enfants\/#primaryimage\"},\"thumbnailUrl\":\"https:\/\/vieassociative.be\/actualites\/wp-content\/uploads\/2024\/10\/Ce-sont-les-signes-de-perte-auditive-chez-les-enfants.jpg\",\"datePublished\":\"2024-10-13T16:18:57+00:00\",\"dateModified\":\"2024-10-13T16:18:57+00:00\",\"breadcrumb\":{\"@id\":\"https:\/\/vieassociative.be\/actualites\/ce-sont-les-signes-de-perte-auditive-chez-les-enfants\/#breadcrumb\"},\"inLanguage\":\"fr-BE\",\"potentialAction\":[{\"@type\":\"ReadAction\",\"target\":[\"https:\/\/vieassociative.be\/actualites\/ce-sont-les-signes-de-perte-auditive-chez-les-enfants\/\"]}]},{\"@type\":\"ImageObject\",\"inLanguage\":\"fr-BE\",\"@id\":\"https:\/\/vieassociative.be\/actualites\/ce-sont-les-signes-de-perte-auditive-chez-les-enfants\/#primaryimage\",\"url\":\"https:\/\/vieassociative.be\/actualites\/wp-content\/uploads\/2024\/10\/Ce-sont-les-signes-de-perte-auditive-chez-les-enfants.jpg\",\"contentUrl\":\"https:\/\/vieassociative.be\/actualites\/wp-content\/uploads\/2024\/10\/Ce-sont-les-signes-de-perte-auditive-chez-les-enfants.jpg\",\"width\":1200,\"height\":675,\"caption\":\"Ce sont les signes de perte auditive chez les enfants\"},{\"@type\":\"BreadcrumbList\",\"@id\":\"https:\/\/vieassociative.be\/actualites\/ce-sont-les-signes-de-perte-auditive-chez-les-enfants\/#breadcrumb\",\"itemListElement\":[{\"@type\":\"ListItem\",\"position\":1,\"name\":\"Accueil\",\"item\":\"https:\/\/vieassociative.be\/actualites\/\"},{\"@type\":\"ListItem\",\"position\":2,\"name\":\"Ce sont les signes de perte auditive chez les enfants\"}]},{\"@type\":\"WebSite\",\"@id\":\"https:\/\/vieassociative.be\/actualites\/#website\",\"url\":\"https:\/\/vieassociative.be\/actualites\/\",\"name\":\"Vie Associative\",\"description\":\"\",\"publisher\":{\"@id\":\"https:\/\/vieassociative.be\/actualites\/#organization\"},\"potentialAction\":[{\"@type\":\"SearchAction\",\"target\":{\"@type\":\"EntryPoint\",\"urlTemplate\":\"https:\/\/vieassociative.be\/actualites\/?s={search_term_string}\"},\"query-input\":{\"@type\":\"PropertyValueSpecification\",\"valueRequired\":true,\"valueName\":\"search_term_string\"}}],\"inLanguage\":\"fr-BE\"},{\"@type\":\"Organization\",\"@id\":\"https:\/\/vieassociative.be\/actualites\/#organization\",\"name\":\"Vie Associative\",\"url\":\"https:\/\/vieassociative.be\/actualites\/\",\"logo\":{\"@type\":\"ImageObject\",\"inLanguage\":\"fr-BE\",\"@id\":\"https:\/\/vieassociative.be\/actualites\/#\/schema\/logo\/image\/\",\"url\":\"https:\/\/vieassociative.be\/actualites\/wp-content\/uploads\/2024\/09\/cropped-vieassociative_favicon.ico.png\",\"contentUrl\":\"https:\/\/vieassociative.be\/actualites\/wp-content\/uploads\/2024\/09\/cropped-vieassociative_favicon.ico.png\",\"width\":512,\"height\":512,\"caption\":\"Vie Associative\"},\"image\":{\"@id\":\"https:\/\/vieassociative.be\/actualites\/#\/schema\/logo\/image\/\"}},{\"@type\":\"Person\",\"@id\":\"https:\/\/vieassociative.be\/actualites\/#\/schema\/person\/b87ac4f82f9d4e7b7cec7395b679edc4\",\"name\":\"Julien\",\"image\":{\"@type\":\"ImageObject\",\"inLanguage\":\"fr-BE\",\"@id\":\"https:\/\/vieassociative.be\/actualites\/#\/schema\/person\/image\/\",\"url\":\"https:\/\/vieassociative.be\/actualites\/wp-content\/uploads\/2024\/09\/vie-associative-1-150x150.jpg\",\"contentUrl\":\"https:\/\/vieassociative.be\/actualites\/wp-content\/uploads\/2024\/09\/vie-associative-1-150x150.jpg\",\"caption\":\"Julien\"},\"description\":\"Je suis Julien, r\u00e9dacteur pour Vie Associative. Passionn\u00e9 par le monde associatif depuis plus de 10 ans, j'ai \u00e0 c\u0153ur de partager des histoires inspirantes et de mettre en lumi\u00e8re les initiatives locales. Mon objectif est de sensibiliser et d'encourager l'engagement communautaire \u00e0 travers mes articles.\",\"sameAs\":[\"https:\/\/vieassociative.be\/\"]}]}<\/script>\n<!-- \/ Yoast SEO plugin. -->","yoast_head_json":{"title":"Ce sont les signes de perte auditive chez les enfants | Vie Associative","robots":{"index":"index","follow":"follow","max-snippet":"max-snippet:-1","max-image-preview":"max-image-preview:large","max-video-preview":"max-video-preview:-1"},"canonical":"https:\/\/vieassociative.be\/actualites\/ce-sont-les-signes-de-perte-auditive-chez-les-enfants\/","og_locale":"fr_FR","og_type":"article","og_title":"Ce sont les signes de perte auditive chez les enfants | Vie Associative","og_description":"Une intervention pr\u00e9coce est la meilleure chance de pr\u00e9venir les retards de langage. Un petit ne vient pas lorsque vous l&rsquo;appelez, mais il est probablement","og_url":"https:\/\/vieassociative.be\/actualites\/ce-sont-les-signes-de-perte-auditive-chez-les-enfants\/","og_site_name":"Vie Associative","article_published_time":"2024-10-13T16:18:57+00:00","og_image":[{"width":279,"height":92,"url":"https:\/\/vieassociative.be\/actualites\/wp-content\/uploads\/2024\/09\/header_backgroundk-01-e1726694325946.png","type":"image\/png"}],"author":"Julien","twitter_card":"summary_large_image","twitter_misc":{"\u00c9crit par":"Julien","Dur\u00e9e de lecture est.":"5 minutes"},"schema":{"@context":"https:\/\/schema.org","@graph":[{"@type":"Article","@id":"https:\/\/vieassociative.be\/actualites\/ce-sont-les-signes-de-perte-auditive-chez-les-enfants\/#article","isPartOf":{"@id":"https:\/\/vieassociative.be\/actualites\/ce-sont-les-signes-de-perte-auditive-chez-les-enfants\/"},"author":{"name":"Julien","@id":"https:\/\/vieassociative.be\/actualites\/#\/schema\/person\/b87ac4f82f9d4e7b7cec7395b679edc4"},"headline":"Ce sont les signes de perte auditive chez les enfants","datePublished":"2024-10-13T16:18:57+00:00","dateModified":"2024-10-13T16:18:57+00:00","mainEntityOfPage":{"@id":"https:\/\/vieassociative.be\/actualites\/ce-sont-les-signes-de-perte-auditive-chez-les-enfants\/"},"wordCount":1019,"publisher":{"@id":"https:\/\/vieassociative.be\/actualites\/#organization"},"image":{"@id":"https:\/\/vieassociative.be\/actualites\/ce-sont-les-signes-de-perte-auditive-chez-les-enfants\/#primaryimage"},"thumbnailUrl":"https:\/\/vieassociative.be\/actualites\/wp-content\/uploads\/2024\/10\/Ce-sont-les-signes-de-perte-auditive-chez-les-enfants.jpg","keywords":["auditive","chez","enfants","Les","perte","signes","sont"],"articleSection":["Famille"],"inLanguage":"fr-BE"},{"@type":"WebPage","@id":"https:\/\/vieassociative.be\/actualites\/ce-sont-les-signes-de-perte-auditive-chez-les-enfants\/","url":"https:\/\/vieassociative.be\/actualites\/ce-sont-les-signes-de-perte-auditive-chez-les-enfants\/","name":"Ce sont les signes de perte auditive chez les enfants | Vie Associative","isPartOf":{"@id":"https:\/\/vieassociative.be\/actualites\/#website"},"primaryImageOfPage":{"@id":"https:\/\/vieassociative.be\/actualites\/ce-sont-les-signes-de-perte-auditive-chez-les-enfants\/#primaryimage"},"image":{"@id":"https:\/\/vieassociative.be\/actualites\/ce-sont-les-signes-de-perte-auditive-chez-les-enfants\/#primaryimage"},"thumbnailUrl":"https:\/\/vieassociative.be\/actualites\/wp-content\/uploads\/2024\/10\/Ce-sont-les-signes-de-perte-auditive-chez-les-enfants.jpg","datePublished":"2024-10-13T16:18:57+00:00","dateModified":"2024-10-13T16:18:57+00:00","breadcrumb":{"@id":"https:\/\/vieassociative.be\/actualites\/ce-sont-les-signes-de-perte-auditive-chez-les-enfants\/#breadcrumb"},"inLanguage":"fr-BE","potentialAction":[{"@type":"ReadAction","target":["https:\/\/vieassociative.be\/actualites\/ce-sont-les-signes-de-perte-auditive-chez-les-enfants\/"]}]},{"@type":"ImageObject","inLanguage":"fr-BE","@id":"https:\/\/vieassociative.be\/actualites\/ce-sont-les-signes-de-perte-auditive-chez-les-enfants\/#primaryimage","url":"https:\/\/vieassociative.be\/actualites\/wp-content\/uploads\/2024\/10\/Ce-sont-les-signes-de-perte-auditive-chez-les-enfants.jpg","contentUrl":"https:\/\/vieassociative.be\/actualites\/wp-content\/uploads\/2024\/10\/Ce-sont-les-signes-de-perte-auditive-chez-les-enfants.jpg","width":1200,"height":675,"caption":"Ce sont les signes de perte auditive chez les enfants"},{"@type":"BreadcrumbList","@id":"https:\/\/vieassociative.be\/actualites\/ce-sont-les-signes-de-perte-auditive-chez-les-enfants\/#breadcrumb","itemListElement":[{"@type":"ListItem","position":1,"name":"Accueil","item":"https:\/\/vieassociative.be\/actualites\/"},{"@type":"ListItem","position":2,"name":"Ce sont les signes de perte auditive chez les enfants"}]},{"@type":"WebSite","@id":"https:\/\/vieassociative.be\/actualites\/#website","url":"https:\/\/vieassociative.be\/actualites\/","name":"Vie Associative","description":"","publisher":{"@id":"https:\/\/vieassociative.be\/actualites\/#organization"},"potentialAction":[{"@type":"SearchAction","target":{"@type":"EntryPoint","urlTemplate":"https:\/\/vieassociative.be\/actualites\/?s={search_term_string}"},"query-input":{"@type":"PropertyValueSpecification","valueRequired":true,"valueName":"search_term_string"}}],"inLanguage":"fr-BE"},{"@type":"Organization","@id":"https:\/\/vieassociative.be\/actualites\/#organization","name":"Vie Associative","url":"https:\/\/vieassociative.be\/actualites\/","logo":{"@type":"ImageObject","inLanguage":"fr-BE","@id":"https:\/\/vieassociative.be\/actualites\/#\/schema\/logo\/image\/","url":"https:\/\/vieassociative.be\/actualites\/wp-content\/uploads\/2024\/09\/cropped-vieassociative_favicon.ico.png","contentUrl":"https:\/\/vieassociative.be\/actualites\/wp-content\/uploads\/2024\/09\/cropped-vieassociative_favicon.ico.png","width":512,"height":512,"caption":"Vie Associative"},"image":{"@id":"https:\/\/vieassociative.be\/actualites\/#\/schema\/logo\/image\/"}},{"@type":"Person","@id":"https:\/\/vieassociative.be\/actualites\/#\/schema\/person\/b87ac4f82f9d4e7b7cec7395b679edc4","name":"Julien","image":{"@type":"ImageObject","inLanguage":"fr-BE","@id":"https:\/\/vieassociative.be\/actualites\/#\/schema\/person\/image\/","url":"https:\/\/vieassociative.be\/actualites\/wp-content\/uploads\/2024\/09\/vie-associative-1-150x150.jpg","contentUrl":"https:\/\/vieassociative.be\/actualites\/wp-content\/uploads\/2024\/09\/vie-associative-1-150x150.jpg","caption":"Julien"},"description":"Je suis Julien, r\u00e9dacteur pour Vie Associative. Passionn\u00e9 par le monde associatif depuis plus de 10 ans, j'ai \u00e0 c\u0153ur de partager des histoires inspirantes et de mettre en lumi\u00e8re les initiatives locales. Mon objectif est de sensibiliser et d'encourager l'engagement communautaire \u00e0 travers mes articles.","sameAs":["https:\/\/vieassociative.be\/"]}]}},"_links":{"self":[{"href":"https:\/\/vieassociative.be\/actualites\/wp-json\/wp\/v2\/posts\/1185"}],"collection":[{"href":"https:\/\/vieassociative.be\/actualites\/wp-json\/wp\/v2\/posts"}],"about":[{"href":"https:\/\/vieassociative.be\/actualites\/wp-json\/wp\/v2\/types\/post"}],"author":[{"embeddable":true,"href":"https:\/\/vieassociative.be\/actualites\/wp-json\/wp\/v2\/users\/1"}],"replies":[{"embeddable":true,"href":"https:\/\/vieassociative.be\/actualites\/wp-json\/wp\/v2\/comments?post=1185"}],"version-history":[{"count":0,"href":"https:\/\/vieassociative.be\/actualites\/wp-json\/wp\/v2\/posts\/1185\/revisions"}],"wp:featuredmedia":[{"embeddable":true,"href":"https:\/\/vieassociative.be\/actualites\/wp-json\/wp\/v2\/media\/1186"}],"wp:attachment":[{"href":"https:\/\/vieassociative.be\/actualites\/wp-json\/wp\/v2\/media?parent=1185"}],"wp:term":[{"taxonomy":"category","embeddable":true,"href":"https:\/\/vieassociative.be\/actualites\/wp-json\/wp\/v2\/categories?post=1185"},{"taxonomy":"post_tag","embeddable":true,"href":"https:\/\/vieassociative.be\/actualites\/wp-json\/wp\/v2\/tags?post=1185"}],"curies":[{"name":"wp","href":"https:\/\/api.w.org\/{rel}","templated":true}]}}