{"id":11849,"date":"2025-12-15T03:17:18","date_gmt":"2025-12-15T02:17:18","guid":{"rendered":"https:\/\/vieassociative.be\/actualites\/las-eupen-gagne-2-1-contre-le-club-nxt-avec-beaucoup-defforts\/"},"modified":"2025-12-15T03:17:18","modified_gmt":"2025-12-15T02:17:18","slug":"las-eupen-gagne-2-1-contre-le-club-nxt-avec-beaucoup-defforts","status":"publish","type":"post","link":"https:\/\/vieassociative.be\/actualites\/las-eupen-gagne-2-1-contre-le-club-nxt-avec-beaucoup-defforts\/","title":{"rendered":"L&rsquo;AS Eupen gagne 2-1 contre le Club NXT avec beaucoup d&rsquo;efforts"},"content":{"rendered":"<p><strong>Une semaine apr\u00e8s la victoire \u00e0 l&rsquo;ext\u00e9rieur \u00e0 Seraing, l&rsquo;AS Eupen a \u00e9galement r\u00e9ussi \u00e0 s&rsquo;imposer contre le dernier club du Club NXT &#8211; mais avec beaucoup d&rsquo;efforts. Les Noirs et Blancs ont battu les U23 du FC Bruges 2-1 dimanche au stade Kehrweg.<\/strong><\/p>\n<p><span id=\"more-431916\"><\/span>Pour ce premier match apr\u00e8s l&rsquo;annonce du projet de rachat de l&rsquo;AS Eupen par Qatar Sports Investments (QSI), l&rsquo;entra\u00eeneur Bruno Pinheiro a d\u00fb faire un changement par rapport \u00e0 la victoire au RFC Seraing : Pour le d\u00e9fenseur central suspendu Igor Plastun, Scott Kennedy a rejoint le onze de d\u00e9part, qui se pr\u00e9sentait comme suit : Hiller &#8211; Van Genechten, Paeshuyse, Kennedy, Gavory &#8211; Busquets, M\u00f6hwald, Delaurier-Choodet, M\u00fcller &#8211; Atteri, Nuhu.<\/p>\n<div id=\"attachment_424493\" class=\"wp-caption alignleft\" style=\"max-width: 200px\"><img fetchpriority=\"high\" decoding=\"async\" class=\"wp-image-424493 size-medium\" src=\"https:\/\/vieassociative.be\/actualites\/wp-content\/uploads\/2025\/09\/30.jpg\" alt=\"\" width=\"200\" height=\"300\"  ><\/div>\n<p>Peu de public en ce 3\u00e8me dimanche de l&rsquo;Avent au Stade du Kehrweg. Le beau temps et le march\u00e9 de No\u00ebl auront probablement emp\u00each\u00e9 de nombreux supporters de football de se rendre au stade.<\/p>\n<p>Le rachat annonc\u00e9 par QSI a vraiment sembl\u00e9 inspirer les joueurs de l&rsquo;AS, car Eupen a mis le gaz d\u00e8s le d\u00e9but et a \u00e9t\u00e9 r\u00e9compens\u00e9 \u00e0 la 8e minute lorsque le titulaire Kennedy a donn\u00e9 l&rsquo;avantage aux Noirs et Blancs d&rsquo;une t\u00eate 1-0.<\/p>\n<p>Les h\u00f4tes n&rsquo;ont pas l\u00e2ch\u00e9 prise et poss\u00e9daient initialement environ 70 % de possession du ballon. \u00c0 la 14e minute, Busquets a eu l&rsquo;occasion de porter le score \u00e0 2-0, mais l&rsquo;Espagnol n&rsquo;a touch\u00e9 que le poteau.<\/p>\n<p>Pendant ce temps, le Club NXT n&rsquo;est pas rest\u00e9 inactif puisqu&rsquo;Osuji a rat\u00e9 de peu le but \u00e0 la 18e minute. Et peu de temps apr\u00e8s, apr\u00e8s une faute de Busquets dans la surface de r\u00e9paration d&rsquo;Eupen, les visiteurs obtenaient un penalty que Goemaere transformait en toute s\u00e9curit\u00e9, 1-1.<\/p>\n<p>L&rsquo;\u00e9galisation a donn\u00e9 un coup d&rsquo;acc\u00e9l\u00e9rateur au Club NXT, tandis qu&rsquo;AS, qui avait d\u00e9marr\u00e9 fort, semblait avoir perdu le terrain. A la 30e minute, les visiteurs brugeois ont m\u00eame eu une \u00e9norme occasion de prendre l&rsquo;avantage pour la premi\u00e8re fois, mais Van Britsom n&rsquo;a pas pu en profiter.<\/p>\n<div id=\"attachment_422108\" class=\"wp-caption alignleft\" style=\"max-width: 300px\"><img decoding=\"async\" class=\"wp-image-422108 size-medium\" src=\"https:\/\/vieassociative.be\/actualites\/wp-content\/uploads\/2025\/11\/AS-Eupen-a-Jong-Genk-et-Anvers-a-Jong-Gent.jpg\" alt=\"\" width=\"300\" height=\"201\"  ><\/div>\n<p>En retour, Eupen se procurait une nouvelle tr\u00e8s belle occasion apr\u00e8s une longue contre-attaque via Delaurier-Choodet et Atteri, qui envoyait cependant le ballon au-dessus du but. Ensuite, c&rsquo;est le gardien de l&rsquo;AS Hiller qui a emp\u00each\u00e9 son \u00e9quipe de prendre du retard. La partie avait tourn\u00e9 : le Club NXT dominait, Eupen n&rsquo;\u00e9tait plus reconnaissable. Le score \u00e0 la mi-temps \u00e9tait de 1\u00a0:\u00a01.<\/p>\n<p>Trois minutes seulement apr\u00e8s la reprise, Eupen avait de la chance lorsque Grananos frappait la barre transversale. Peu de temps apr\u00e8s, les visiteurs ont r\u00e9clam\u00e9 un penalty apr\u00e8s une pr\u00e9tendue faute sur Van Britsom dans la surface de r\u00e9paration d&rsquo;Eupen.<\/p>\n<p>\u00c0 la 54e minute, Nuhu n&rsquo;a pas r\u00e9ussi \u00e0 mener \u00e0 bien une contre-attaque via Delaurier-Choodet. De mani\u00e8re g\u00e9n\u00e9rale, le Ghan\u00e9en ne semblait pas vivre sa meilleure journ\u00e9e. \u00c0 la 61e minute, Eupen a finalement pu pousser un soupir de soulagement lorsque, apr\u00e8s un joli jeu contre M\u00fcller et M\u00f6hwald, le ballon est tomb\u00e9 sur l&rsquo;arri\u00e8re gauche Gavory, qui a port\u00e9 le score \u00e0 2-1 d&rsquo;un tir sec dans le coin le plus \u00e9loign\u00e9.<\/p>\n<p>A la 66\u00e8me minute, l&rsquo;entra\u00eeneur de l&rsquo;AS Pinheiro proc\u00e9dait \u00e0 deux changements : Keita et Bar\u00e8s rempla\u00e7aient M\u00fcller et Busquets. \u00c0 la 72e minute, Hiller a d\u00fb \u00e0 nouveau prouver son talent avec un tir de Jensen. A la 83e minute, Bitumazala et Kasper rempla\u00e7aient Delaurier-Chautet et Atteri du c\u00f4t\u00e9 d&rsquo;Eupen.<\/p>\n<p>C&rsquo;est rest\u00e9 une victoire 2-1. Eupen reste donc dans la course \u00e0 une place dans le top 6 et aux barrages de promotions. Jeudi prochain (!) l&rsquo;AS sera invit\u00e9 au Patro Eisden avant de recevoir l&rsquo;\u00e9quipe olympique de Charleroi lors du dernier match de championnat de 2025. (cre)<\/p>\n<p><em><strong>Sur le sujet, voir aussi l&rsquo;article suivant sur l&rsquo;OD :<\/strong><\/em><\/p>\n<div class=\"responsive-embed widescreen\">\n<blockquote class=\"wp-embedded-content\" data-secret=\"fOt63YfK5h\">\n<p>Qatar Sports Investments (QSI) reprend l&rsquo;AS Eupen<\/p>\n<\/blockquote>\n<p><iframe loading=\"lazy\" class=\"wp-embedded-content\" sandbox=\"allow-scripts\" security=\"restricted\" style=\"position: absolute; visibility: hidden;\" title=\"\u201eQatar Sports Investments (QSI) \u00fcbernimmt AS Eupen\u201c \u2013 Ostbelgien Direkt\" src=\"https:\/\/ostbelgiendirekt.be\/about:blank\" data-secret=\"fOt63YfK5h\" width=\"500\" height=\"282\" frameborder=\"0\" marginwidth=\"0\" marginheight=\"0\" scrolling=\"no\" data-rocket-lazyload=\"fitvidscompatible\" data-lazy-src=\"https:\/\/ostbelgiendirekt.be\/qsi-as-eupen-431420\/embed#?secret=NZlhTzxAee#?secret=fOt63YfK5h\"><\/iframe><noscript><iframe class=\"wp-embedded-content\" sandbox=\"allow-scripts\" security=\"restricted\" style=\"position: absolute; visibility: hidden;\" title=\"\u201eQatar Sports Investments (QSI) \u00fcbernimmt AS Eupen\u201c \u2013 Ostbelgien Direkt\" src=\"https:\/\/ostbelgiendirekt.be\/qsi-as-eupen-431420\/embed#?secret=NZlhTzxAee#?secret=fOt63YfK5h\" data-secret=\"fOt63YfK5h\" width=\"500\" height=\"282\" frameborder=\"0\" marginwidth=\"0\" marginheight=\"0\" scrolling=\"no\"><\/iframe><\/noscript><\/p>\n<\/div>\n<p><b>Tous les matchs de l&rsquo;AS Eupen jusqu&rsquo;\u00e0 la fin de la saison<\/b><\/p>\n<p>La Pro League a fix\u00e9 ce vendredi les dates exactes de tous les matches de Challenger Pro League jusqu&rsquo;\u00e0 la fin de la phase r\u00e9guli\u00e8re du championnat. Apr\u00e8s les matches d&rsquo;avant No\u00ebl au Patro Eisden et face \u00e0 l&rsquo;Olympic Charleroi, la deuxi\u00e8me division prend une tr\u00eave hivernale. Les Noirs et Blancs joueront leur premier match de l&rsquo;ann\u00e9e 2026 le samedi 17 janvier 2026 \u00e0 20h. au stade Kehrweg contre le leader du championnat, le SK Beveren.<\/p>\n<ul>\n<li><strong>Jeudi 18 d\u00e9cembre 2025, 20h :<\/strong> Patro Eisden \u2013 AS Eupen<\/li>\n<li><strong>Dimanche 21 d\u00e9cembre 2025, 19h15 :<\/strong> AS Eupen \u2013 Charleroi Olympique<\/li>\n<\/ul>\n<p><em>VACANCES D&rsquo;HIVER<\/em><\/p>\n<ul>\n<li><strong>Samedi 17 janvier 2026, 20h :<\/strong> AS Eupen \u2013 SK Beveren<\/li>\n<li><strong>Samedi 24 janvier 2026, 20h :<\/strong> Lommel SK \u2013 AS Eupen<\/li>\n<li><strong>Mardi 27 janvier 2026, 20h :<\/strong> AS Eupen \u2013 KSC Lokeren<\/li>\n<li><strong>Vendredi 30 janvier 2026, 20h :<\/strong> Jong Genk \u2013 AS Eupen<\/li>\n<li><strong>Samedi 7 f\u00e9vrier 2026, 16h :<\/strong> AS Eupen \u2013 KV Courtrai<\/li>\n<li><em>13 &#8211; 15 f\u00e9vrier 2026 : AS Eupen libre de jeu<\/em><\/li>\n<li><strong>Samedi 21 f\u00e9vrier 2026, 20h :<\/strong> AS Eupen \u2013 Francs Borains<\/li>\n<li><strong>Dimanche 1er mars 2026, 16h :<\/strong> RWDM \u2013 AS Eupen<\/li>\n<li><strong>Vendredi 6 mars 2026, 20h :<\/strong> AS Eupen \u2013 Jong La Gantoise<\/li>\n<li><strong>Mardi 10 mars 2026, 20h00 :<\/strong> AS Eupen \u2013 Lierse SK<\/li>\n<li><strong>Vendredi 13 mars 2026, 20h :<\/strong> RSCA Futures \u2013 AS Eupen<\/li>\n<li><strong>Vendredi 20 mars 2026, 20h :<\/strong> AS Eupen \u2013 RFC Seraing<\/li>\n<li><strong>Samedi 4 avril 2026, 20h :<\/strong> Club NXT \u2013 AS Eupen<\/li>\n<li><strong>Vendredi 10 avril 2026, 20h :<\/strong> AS Eupen \u2013 Beerschot<\/li>\n<li><strong>Vendredi 17 avril 2026, 20h :<\/strong> RFC Li\u00e8ge \u2013 AS Eupen<\/li>\n<\/ul>\n","protected":false},"excerpt":{"rendered":"<p>Une semaine apr\u00e8s la victoire \u00e0 l&rsquo;ext\u00e9rieur \u00e0 Seraing, l&rsquo;AS Eupen a \u00e9galement r\u00e9ussi \u00e0 s&rsquo;imposer contre le dernier club du Club NXT &#8211; mais<\/p>\n","protected":false},"author":1,"featured_media":11850,"comment_status":"","ping_status":"","sticky":false,"template":"","format":"standard","meta":{"footnotes":""},"categories":[298],"tags":[61,1118,269,796,831,2329,2299,2353,3424],"class_list":["post-11849","post","type-post","status-publish","format-standard","has-post-thumbnail","hentry","category-belgique","tag-avec","tag-beaucoup","tag-club","tag-contre","tag-defforts","tag-eupen","tag-gagne","tag-las","tag-nxt","generate-columns","tablet-grid-50","mobile-grid-100","grid-parent","grid-33"],"yoast_head":"<!-- This site is optimized with the Yoast SEO plugin v24.0 - https:\/\/yoast.com\/wordpress\/plugins\/seo\/ -->\n<title>L&#039;AS Eupen gagne 2-1 contre le Club NXT avec beaucoup d&#039;efforts | Vie Associative<\/title>\n<meta name=\"robots\" content=\"index, follow, max-snippet:-1, max-image-preview:large, max-video-preview:-1\" \/>\n<link rel=\"canonical\" href=\"https:\/\/vieassociative.be\/actualites\/las-eupen-gagne-2-1-contre-le-club-nxt-avec-beaucoup-defforts\/\" \/>\n<meta property=\"og:locale\" content=\"fr_FR\" \/>\n<meta property=\"og:type\" content=\"article\" \/>\n<meta property=\"og:title\" content=\"L&#039;AS Eupen gagne 2-1 contre le Club NXT avec beaucoup d&#039;efforts | Vie Associative\" \/>\n<meta property=\"og:description\" content=\"Une semaine apr\u00e8s la victoire \u00e0 l&rsquo;ext\u00e9rieur \u00e0 Seraing, l&rsquo;AS Eupen a \u00e9galement r\u00e9ussi \u00e0 s&rsquo;imposer contre le dernier club du Club NXT &#8211; mais\" \/>\n<meta property=\"og:url\" content=\"https:\/\/vieassociative.be\/actualites\/las-eupen-gagne-2-1-contre-le-club-nxt-avec-beaucoup-defforts\/\" \/>\n<meta property=\"og:site_name\" content=\"Vie Associative\" \/>\n<meta property=\"article:published_time\" content=\"2025-12-15T02:17:18+00:00\" \/>\n<meta property=\"og:image\" content=\"https:\/\/vieassociative.be\/actualites\/wp-content\/uploads\/2024\/09\/header_backgroundk-01-e1726694325946.png\" \/>\n\t<meta property=\"og:image:width\" content=\"279\" \/>\n\t<meta property=\"og:image:height\" content=\"92\" \/>\n\t<meta property=\"og:image:type\" content=\"image\/png\" \/>\n<meta name=\"author\" content=\"Julien\" \/>\n<meta name=\"twitter:card\" content=\"summary_large_image\" \/>\n<meta name=\"twitter:label1\" content=\"\u00c9crit par\" \/>\n\t<meta name=\"twitter:data1\" content=\"Julien\" \/>\n\t<meta name=\"twitter:label2\" content=\"Dur\u00e9e de lecture est.\" \/>\n\t<meta name=\"twitter:data2\" content=\"4 minutes\" \/>\n<script type=\"application\/ld+json\" class=\"yoast-schema-graph\">{\"@context\":\"https:\/\/schema.org\",\"@graph\":[{\"@type\":\"Article\",\"@id\":\"https:\/\/vieassociative.be\/actualites\/las-eupen-gagne-2-1-contre-le-club-nxt-avec-beaucoup-defforts\/#article\",\"isPartOf\":{\"@id\":\"https:\/\/vieassociative.be\/actualites\/las-eupen-gagne-2-1-contre-le-club-nxt-avec-beaucoup-defforts\/\"},\"author\":{\"name\":\"Julien\",\"@id\":\"https:\/\/vieassociative.be\/actualites\/#\/schema\/person\/b87ac4f82f9d4e7b7cec7395b679edc4\"},\"headline\":\"L&rsquo;AS Eupen gagne 2-1 contre le Club NXT avec beaucoup d&rsquo;efforts\",\"datePublished\":\"2025-12-15T02:17:18+00:00\",\"dateModified\":\"2025-12-15T02:17:18+00:00\",\"mainEntityOfPage\":{\"@id\":\"https:\/\/vieassociative.be\/actualites\/las-eupen-gagne-2-1-contre-le-club-nxt-avec-beaucoup-defforts\/\"},\"wordCount\":919,\"publisher\":{\"@id\":\"https:\/\/vieassociative.be\/actualites\/#organization\"},\"image\":{\"@id\":\"https:\/\/vieassociative.be\/actualites\/las-eupen-gagne-2-1-contre-le-club-nxt-avec-beaucoup-defforts\/#primaryimage\"},\"thumbnailUrl\":\"https:\/\/vieassociative.be\/actualites\/wp-content\/uploads\/2025\/12\/LAS-Eupen-gagne-2-1-contre-le-Club-NXT-avec-beaucoup.jpg\",\"keywords\":[\"avec\",\"beaucoup\",\"Club\",\"contre\",\"defforts\",\"Eupen\",\"gagn\u00e9\",\"lAS\",\"NXT\"],\"articleSection\":[\"Belgique\"],\"inLanguage\":\"fr-BE\"},{\"@type\":\"WebPage\",\"@id\":\"https:\/\/vieassociative.be\/actualites\/las-eupen-gagne-2-1-contre-le-club-nxt-avec-beaucoup-defforts\/\",\"url\":\"https:\/\/vieassociative.be\/actualites\/las-eupen-gagne-2-1-contre-le-club-nxt-avec-beaucoup-defforts\/\",\"name\":\"L'AS Eupen gagne 2-1 contre le Club NXT avec beaucoup d'efforts | Vie Associative\",\"isPartOf\":{\"@id\":\"https:\/\/vieassociative.be\/actualites\/#website\"},\"primaryImageOfPage\":{\"@id\":\"https:\/\/vieassociative.be\/actualites\/las-eupen-gagne-2-1-contre-le-club-nxt-avec-beaucoup-defforts\/#primaryimage\"},\"image\":{\"@id\":\"https:\/\/vieassociative.be\/actualites\/las-eupen-gagne-2-1-contre-le-club-nxt-avec-beaucoup-defforts\/#primaryimage\"},\"thumbnailUrl\":\"https:\/\/vieassociative.be\/actualites\/wp-content\/uploads\/2025\/12\/LAS-Eupen-gagne-2-1-contre-le-Club-NXT-avec-beaucoup.jpg\",\"datePublished\":\"2025-12-15T02:17:18+00:00\",\"dateModified\":\"2025-12-15T02:17:18+00:00\",\"breadcrumb\":{\"@id\":\"https:\/\/vieassociative.be\/actualites\/las-eupen-gagne-2-1-contre-le-club-nxt-avec-beaucoup-defforts\/#breadcrumb\"},\"inLanguage\":\"fr-BE\",\"potentialAction\":[{\"@type\":\"ReadAction\",\"target\":[\"https:\/\/vieassociative.be\/actualites\/las-eupen-gagne-2-1-contre-le-club-nxt-avec-beaucoup-defforts\/\"]}]},{\"@type\":\"ImageObject\",\"inLanguage\":\"fr-BE\",\"@id\":\"https:\/\/vieassociative.be\/actualites\/las-eupen-gagne-2-1-contre-le-club-nxt-avec-beaucoup-defforts\/#primaryimage\",\"url\":\"https:\/\/vieassociative.be\/actualites\/wp-content\/uploads\/2025\/12\/LAS-Eupen-gagne-2-1-contre-le-Club-NXT-avec-beaucoup.jpg\",\"contentUrl\":\"https:\/\/vieassociative.be\/actualites\/wp-content\/uploads\/2025\/12\/LAS-Eupen-gagne-2-1-contre-le-Club-NXT-avec-beaucoup.jpg\",\"width\":1200,\"height\":800,\"caption\":\"L'AS Eupen gagne 2-1 contre le Club NXT avec beaucoup d'efforts\"},{\"@type\":\"BreadcrumbList\",\"@id\":\"https:\/\/vieassociative.be\/actualites\/las-eupen-gagne-2-1-contre-le-club-nxt-avec-beaucoup-defforts\/#breadcrumb\",\"itemListElement\":[{\"@type\":\"ListItem\",\"position\":1,\"name\":\"Accueil\",\"item\":\"https:\/\/vieassociative.be\/actualites\/\"},{\"@type\":\"ListItem\",\"position\":2,\"name\":\"L&rsquo;AS Eupen gagne 2-1 contre le Club NXT avec beaucoup d&rsquo;efforts\"}]},{\"@type\":\"WebSite\",\"@id\":\"https:\/\/vieassociative.be\/actualites\/#website\",\"url\":\"https:\/\/vieassociative.be\/actualites\/\",\"name\":\"Vie Associative\",\"description\":\"\",\"publisher\":{\"@id\":\"https:\/\/vieassociative.be\/actualites\/#organization\"},\"potentialAction\":[{\"@type\":\"SearchAction\",\"target\":{\"@type\":\"EntryPoint\",\"urlTemplate\":\"https:\/\/vieassociative.be\/actualites\/?s={search_term_string}\"},\"query-input\":{\"@type\":\"PropertyValueSpecification\",\"valueRequired\":true,\"valueName\":\"search_term_string\"}}],\"inLanguage\":\"fr-BE\"},{\"@type\":\"Organization\",\"@id\":\"https:\/\/vieassociative.be\/actualites\/#organization\",\"name\":\"Vie Associative\",\"url\":\"https:\/\/vieassociative.be\/actualites\/\",\"logo\":{\"@type\":\"ImageObject\",\"inLanguage\":\"fr-BE\",\"@id\":\"https:\/\/vieassociative.be\/actualites\/#\/schema\/logo\/image\/\",\"url\":\"https:\/\/vieassociative.be\/actualites\/wp-content\/uploads\/2024\/09\/cropped-vieassociative_favicon.ico.png\",\"contentUrl\":\"https:\/\/vieassociative.be\/actualites\/wp-content\/uploads\/2024\/09\/cropped-vieassociative_favicon.ico.png\",\"width\":512,\"height\":512,\"caption\":\"Vie Associative\"},\"image\":{\"@id\":\"https:\/\/vieassociative.be\/actualites\/#\/schema\/logo\/image\/\"}},{\"@type\":\"Person\",\"@id\":\"https:\/\/vieassociative.be\/actualites\/#\/schema\/person\/b87ac4f82f9d4e7b7cec7395b679edc4\",\"name\":\"Julien\",\"image\":{\"@type\":\"ImageObject\",\"inLanguage\":\"fr-BE\",\"@id\":\"https:\/\/vieassociative.be\/actualites\/#\/schema\/person\/image\/\",\"url\":\"https:\/\/vieassociative.be\/actualites\/wp-content\/uploads\/2024\/09\/vie-associative-1-150x150.jpg\",\"contentUrl\":\"https:\/\/vieassociative.be\/actualites\/wp-content\/uploads\/2024\/09\/vie-associative-1-150x150.jpg\",\"caption\":\"Julien\"},\"description\":\"Je suis Julien, r\u00e9dacteur pour Vie Associative. Passionn\u00e9 par le monde associatif depuis plus de 10 ans, j'ai \u00e0 c\u0153ur de partager des histoires inspirantes et de mettre en lumi\u00e8re les initiatives locales. Mon objectif est de sensibiliser et d'encourager l'engagement communautaire \u00e0 travers mes articles.\",\"sameAs\":[\"https:\/\/vieassociative.be\/\"]}]}<\/script>\n<!-- \/ Yoast SEO plugin. -->","yoast_head_json":{"title":"L'AS Eupen gagne 2-1 contre le Club NXT avec beaucoup d'efforts | Vie Associative","robots":{"index":"index","follow":"follow","max-snippet":"max-snippet:-1","max-image-preview":"max-image-preview:large","max-video-preview":"max-video-preview:-1"},"canonical":"https:\/\/vieassociative.be\/actualites\/las-eupen-gagne-2-1-contre-le-club-nxt-avec-beaucoup-defforts\/","og_locale":"fr_FR","og_type":"article","og_title":"L'AS Eupen gagne 2-1 contre le Club NXT avec beaucoup d'efforts | Vie Associative","og_description":"Une semaine apr\u00e8s la victoire \u00e0 l&rsquo;ext\u00e9rieur \u00e0 Seraing, l&rsquo;AS Eupen a \u00e9galement r\u00e9ussi \u00e0 s&rsquo;imposer contre le dernier club du Club NXT &#8211; mais","og_url":"https:\/\/vieassociative.be\/actualites\/las-eupen-gagne-2-1-contre-le-club-nxt-avec-beaucoup-defforts\/","og_site_name":"Vie Associative","article_published_time":"2025-12-15T02:17:18+00:00","og_image":[{"width":279,"height":92,"url":"https:\/\/vieassociative.be\/actualites\/wp-content\/uploads\/2024\/09\/header_backgroundk-01-e1726694325946.png","type":"image\/png"}],"author":"Julien","twitter_card":"summary_large_image","twitter_misc":{"\u00c9crit par":"Julien","Dur\u00e9e de lecture est.":"4 minutes"},"schema":{"@context":"https:\/\/schema.org","@graph":[{"@type":"Article","@id":"https:\/\/vieassociative.be\/actualites\/las-eupen-gagne-2-1-contre-le-club-nxt-avec-beaucoup-defforts\/#article","isPartOf":{"@id":"https:\/\/vieassociative.be\/actualites\/las-eupen-gagne-2-1-contre-le-club-nxt-avec-beaucoup-defforts\/"},"author":{"name":"Julien","@id":"https:\/\/vieassociative.be\/actualites\/#\/schema\/person\/b87ac4f82f9d4e7b7cec7395b679edc4"},"headline":"L&rsquo;AS Eupen gagne 2-1 contre le Club NXT avec beaucoup d&rsquo;efforts","datePublished":"2025-12-15T02:17:18+00:00","dateModified":"2025-12-15T02:17:18+00:00","mainEntityOfPage":{"@id":"https:\/\/vieassociative.be\/actualites\/las-eupen-gagne-2-1-contre-le-club-nxt-avec-beaucoup-defforts\/"},"wordCount":919,"publisher":{"@id":"https:\/\/vieassociative.be\/actualites\/#organization"},"image":{"@id":"https:\/\/vieassociative.be\/actualites\/las-eupen-gagne-2-1-contre-le-club-nxt-avec-beaucoup-defforts\/#primaryimage"},"thumbnailUrl":"https:\/\/vieassociative.be\/actualites\/wp-content\/uploads\/2025\/12\/LAS-Eupen-gagne-2-1-contre-le-Club-NXT-avec-beaucoup.jpg","keywords":["avec","beaucoup","Club","contre","defforts","Eupen","gagn\u00e9","lAS","NXT"],"articleSection":["Belgique"],"inLanguage":"fr-BE"},{"@type":"WebPage","@id":"https:\/\/vieassociative.be\/actualites\/las-eupen-gagne-2-1-contre-le-club-nxt-avec-beaucoup-defforts\/","url":"https:\/\/vieassociative.be\/actualites\/las-eupen-gagne-2-1-contre-le-club-nxt-avec-beaucoup-defforts\/","name":"L'AS Eupen gagne 2-1 contre le Club NXT avec beaucoup d'efforts | Vie Associative","isPartOf":{"@id":"https:\/\/vieassociative.be\/actualites\/#website"},"primaryImageOfPage":{"@id":"https:\/\/vieassociative.be\/actualites\/las-eupen-gagne-2-1-contre-le-club-nxt-avec-beaucoup-defforts\/#primaryimage"},"image":{"@id":"https:\/\/vieassociative.be\/actualites\/las-eupen-gagne-2-1-contre-le-club-nxt-avec-beaucoup-defforts\/#primaryimage"},"thumbnailUrl":"https:\/\/vieassociative.be\/actualites\/wp-content\/uploads\/2025\/12\/LAS-Eupen-gagne-2-1-contre-le-Club-NXT-avec-beaucoup.jpg","datePublished":"2025-12-15T02:17:18+00:00","dateModified":"2025-12-15T02:17:18+00:00","breadcrumb":{"@id":"https:\/\/vieassociative.be\/actualites\/las-eupen-gagne-2-1-contre-le-club-nxt-avec-beaucoup-defforts\/#breadcrumb"},"inLanguage":"fr-BE","potentialAction":[{"@type":"ReadAction","target":["https:\/\/vieassociative.be\/actualites\/las-eupen-gagne-2-1-contre-le-club-nxt-avec-beaucoup-defforts\/"]}]},{"@type":"ImageObject","inLanguage":"fr-BE","@id":"https:\/\/vieassociative.be\/actualites\/las-eupen-gagne-2-1-contre-le-club-nxt-avec-beaucoup-defforts\/#primaryimage","url":"https:\/\/vieassociative.be\/actualites\/wp-content\/uploads\/2025\/12\/LAS-Eupen-gagne-2-1-contre-le-Club-NXT-avec-beaucoup.jpg","contentUrl":"https:\/\/vieassociative.be\/actualites\/wp-content\/uploads\/2025\/12\/LAS-Eupen-gagne-2-1-contre-le-Club-NXT-avec-beaucoup.jpg","width":1200,"height":800,"caption":"L'AS Eupen gagne 2-1 contre le Club NXT avec beaucoup d'efforts"},{"@type":"BreadcrumbList","@id":"https:\/\/vieassociative.be\/actualites\/las-eupen-gagne-2-1-contre-le-club-nxt-avec-beaucoup-defforts\/#breadcrumb","itemListElement":[{"@type":"ListItem","position":1,"name":"Accueil","item":"https:\/\/vieassociative.be\/actualites\/"},{"@type":"ListItem","position":2,"name":"L&rsquo;AS Eupen gagne 2-1 contre le Club NXT avec beaucoup d&rsquo;efforts"}]},{"@type":"WebSite","@id":"https:\/\/vieassociative.be\/actualites\/#website","url":"https:\/\/vieassociative.be\/actualites\/","name":"Vie Associative","description":"","publisher":{"@id":"https:\/\/vieassociative.be\/actualites\/#organization"},"potentialAction":[{"@type":"SearchAction","target":{"@type":"EntryPoint","urlTemplate":"https:\/\/vieassociative.be\/actualites\/?s={search_term_string}"},"query-input":{"@type":"PropertyValueSpecification","valueRequired":true,"valueName":"search_term_string"}}],"inLanguage":"fr-BE"},{"@type":"Organization","@id":"https:\/\/vieassociative.be\/actualites\/#organization","name":"Vie Associative","url":"https:\/\/vieassociative.be\/actualites\/","logo":{"@type":"ImageObject","inLanguage":"fr-BE","@id":"https:\/\/vieassociative.be\/actualites\/#\/schema\/logo\/image\/","url":"https:\/\/vieassociative.be\/actualites\/wp-content\/uploads\/2024\/09\/cropped-vieassociative_favicon.ico.png","contentUrl":"https:\/\/vieassociative.be\/actualites\/wp-content\/uploads\/2024\/09\/cropped-vieassociative_favicon.ico.png","width":512,"height":512,"caption":"Vie Associative"},"image":{"@id":"https:\/\/vieassociative.be\/actualites\/#\/schema\/logo\/image\/"}},{"@type":"Person","@id":"https:\/\/vieassociative.be\/actualites\/#\/schema\/person\/b87ac4f82f9d4e7b7cec7395b679edc4","name":"Julien","image":{"@type":"ImageObject","inLanguage":"fr-BE","@id":"https:\/\/vieassociative.be\/actualites\/#\/schema\/person\/image\/","url":"https:\/\/vieassociative.be\/actualites\/wp-content\/uploads\/2024\/09\/vie-associative-1-150x150.jpg","contentUrl":"https:\/\/vieassociative.be\/actualites\/wp-content\/uploads\/2024\/09\/vie-associative-1-150x150.jpg","caption":"Julien"},"description":"Je suis Julien, r\u00e9dacteur pour Vie Associative. Passionn\u00e9 par le monde associatif depuis plus de 10 ans, j'ai \u00e0 c\u0153ur de partager des histoires inspirantes et de mettre en lumi\u00e8re les initiatives locales. Mon objectif est de sensibiliser et d'encourager l'engagement communautaire \u00e0 travers mes articles.","sameAs":["https:\/\/vieassociative.be\/"]}]}},"_links":{"self":[{"href":"https:\/\/vieassociative.be\/actualites\/wp-json\/wp\/v2\/posts\/11849"}],"collection":[{"href":"https:\/\/vieassociative.be\/actualites\/wp-json\/wp\/v2\/posts"}],"about":[{"href":"https:\/\/vieassociative.be\/actualites\/wp-json\/wp\/v2\/types\/post"}],"author":[{"embeddable":true,"href":"https:\/\/vieassociative.be\/actualites\/wp-json\/wp\/v2\/users\/1"}],"replies":[{"embeddable":true,"href":"https:\/\/vieassociative.be\/actualites\/wp-json\/wp\/v2\/comments?post=11849"}],"version-history":[{"count":0,"href":"https:\/\/vieassociative.be\/actualites\/wp-json\/wp\/v2\/posts\/11849\/revisions"}],"wp:featuredmedia":[{"embeddable":true,"href":"https:\/\/vieassociative.be\/actualites\/wp-json\/wp\/v2\/media\/11850"}],"wp:attachment":[{"href":"https:\/\/vieassociative.be\/actualites\/wp-json\/wp\/v2\/media?parent=11849"}],"wp:term":[{"taxonomy":"category","embeddable":true,"href":"https:\/\/vieassociative.be\/actualites\/wp-json\/wp\/v2\/categories?post=11849"},{"taxonomy":"post_tag","embeddable":true,"href":"https:\/\/vieassociative.be\/actualites\/wp-json\/wp\/v2\/tags?post=11849"}],"curies":[{"name":"wp","href":"https:\/\/api.w.org\/{rel}","templated":true}]}}