{"id":11845,"date":"2025-12-14T21:17:44","date_gmt":"2025-12-14T20:17:44","guid":{"rendered":"https:\/\/vieassociative.be\/actualites\/seulement-2-2-a-mayence-harry-kane-empeche-le-fc-bayern-de-perdre-sa-premiere-defaite-contre-lequipe-du-bas-du-classement\/"},"modified":"2025-12-14T21:17:44","modified_gmt":"2025-12-14T20:17:44","slug":"seulement-2-2-a-mayence-harry-kane-empeche-le-fc-bayern-de-perdre-sa-premiere-defaite-contre-lequipe-du-bas-du-classement","status":"publish","type":"post","link":"https:\/\/vieassociative.be\/actualites\/seulement-2-2-a-mayence-harry-kane-empeche-le-fc-bayern-de-perdre-sa-premiere-defaite-contre-lequipe-du-bas-du-classement\/","title":{"rendered":"Seulement 2-2 \u00e0 Mayence : Harry Kane emp\u00eache le FC Bayern de perdre sa premi\u00e8re d\u00e9faite contre l&rsquo;\u00e9quipe du bas du classement"},"content":{"rendered":"<p><strong>Lors de son dernier match \u00e0 domicile avant No\u00ebl, le FC Bayern a souffert contre le FSV Mayence 05, dernier du classement. Le nouvel entra\u00eeneur Urs Fischer f\u00eate imm\u00e9diatement ses d\u00e9buts en Bundesliga.<\/strong><\/p>\n<p><span id=\"more-431958\"><\/span>Thomas M\u00fcller n&rsquo;a pas port\u00e9 chance au FC Bayern Munich lorsqu&rsquo;il est revenu en tant qu&rsquo;invit\u00e9 d&rsquo;honneur. Gr\u00e2ce \u00e0 un penalty tardif de Harry Kane, les champions allemands du record de football ont au moins \u00e9vit\u00e9 leur premi\u00e8re d\u00e9faite en Bundesliga de la saison lors d&rsquo;un match nul 2-2 (1-1) contre le FSV Mayence 05, dernier plac\u00e9, sous la direction du nouvel entra\u00eeneur Urs Fischer.<\/p>\n<p>Apr\u00e8s le premier but de l&rsquo;\u00e9quipe munichoise oppressivement sup\u00e9rieure de Lennart Karl (29e minute), les invit\u00e9s tr\u00e8s efficaces ont renvers\u00e9 la situation de mani\u00e8re surprenante avec Kacper Potulski (45e + 1) et Jae-Sung Lee (67e). Kane a ripost\u00e9 tardivement (87e). Fischer pourrait encore \u00eatre satisfait de ses d\u00e9buts en Bundesliga \u00e0 Mayence.<\/p>\n<p>Apr\u00e8s que les poursuivants Leipzig (1:3) et Dortmund (1:1) n&rsquo;aient pas r\u00e9ussi \u00e0 gagner, au grand \u00e9tonnement de M\u00fcller, son club favori a \u00e9galement \u00e9chou\u00e9. Comme d&rsquo;habitude, le professionnel des Whitecaps de Vancouver a suivi le pr\u00e9sident d&rsquo;honneur Uli Hoene\u00df aux c\u00f4t\u00e9s du membre du conseil de surveillance Karl-Heinz Rummenigge dans un duel in\u00e9gal, dans lequel rien ne plaidait depuis longtemps en faveur du point de Mayence.<\/p>\n<p>L&rsquo;\u00e9quipe de Munich a domin\u00e9 l&rsquo;action contre l&rsquo;\u00e9quipe tr\u00e8s profonde de Mayence avec une sup\u00e9riorit\u00e9 \u00e9crasante. Gr\u00e2ce \u00e0 une efficacit\u00e9 impitoyable et beaucoup de passion, les invit\u00e9s, emmen\u00e9s par le solide gardien rempla\u00e7ant Daniel Batz, ont r\u00e9ussi \u00e0 marquer le point surprenant. Curieux : Il y a exactement un an jour pour jour, Mayence battait le FC Bayern, alors invaincu. (dpa)<\/p>\n","protected":false},"excerpt":{"rendered":"<p>Lors de son dernier match \u00e0 domicile avant No\u00ebl, le FC Bayern a souffert contre le FSV Mayence 05, dernier du classement. Le nouvel entra\u00eeneur<\/p>\n","protected":false},"author":1,"featured_media":11846,"comment_status":"","ping_status":"","sticky":false,"template":"","format":"standard","meta":{"footnotes":""},"categories":[298],"tags":[700,2298,2335,796,2350,4924,3417,3418,537,4026,2698,610,2583],"class_list":["post-11845","post","type-post","status-publish","format-standard","has-post-thumbnail","hentry","category-belgique","tag-bas","tag-bayern","tag-classement","tag-contre","tag-defaite","tag-empeche","tag-harry","tag-kane","tag-lequipe","tag-mayence","tag-perdre","tag-premiere","tag-seulement","generate-columns","tablet-grid-50","mobile-grid-100","grid-parent","grid-33"],"yoast_head":"<!-- This site is optimized with the Yoast SEO plugin v24.0 - https:\/\/yoast.com\/wordpress\/plugins\/seo\/ -->\n<title>Seulement 2-2 \u00e0 Mayence : Harry Kane emp\u00eache le FC Bayern de perdre sa premi\u00e8re d\u00e9faite contre l&#039;\u00e9quipe du bas du classement | Vie Associative<\/title>\n<meta name=\"robots\" content=\"index, follow, max-snippet:-1, max-image-preview:large, max-video-preview:-1\" \/>\n<link rel=\"canonical\" href=\"https:\/\/vieassociative.be\/actualites\/seulement-2-2-a-mayence-harry-kane-empeche-le-fc-bayern-de-perdre-sa-premiere-defaite-contre-lequipe-du-bas-du-classement\/\" \/>\n<meta property=\"og:locale\" content=\"fr_FR\" \/>\n<meta property=\"og:type\" content=\"article\" \/>\n<meta property=\"og:title\" content=\"Seulement 2-2 \u00e0 Mayence : Harry Kane emp\u00eache le FC Bayern de perdre sa premi\u00e8re d\u00e9faite contre l&#039;\u00e9quipe du bas du classement | Vie Associative\" \/>\n<meta property=\"og:description\" content=\"Lors de son dernier match \u00e0 domicile avant No\u00ebl, le FC Bayern a souffert contre le FSV Mayence 05, dernier du classement. Le nouvel entra\u00eeneur\" \/>\n<meta property=\"og:url\" content=\"https:\/\/vieassociative.be\/actualites\/seulement-2-2-a-mayence-harry-kane-empeche-le-fc-bayern-de-perdre-sa-premiere-defaite-contre-lequipe-du-bas-du-classement\/\" \/>\n<meta property=\"og:site_name\" content=\"Vie Associative\" \/>\n<meta property=\"article:published_time\" content=\"2025-12-14T20:17:44+00:00\" \/>\n<meta property=\"og:image\" content=\"https:\/\/vieassociative.be\/actualites\/wp-content\/uploads\/2024\/09\/header_backgroundk-01-e1726694325946.png\" \/>\n\t<meta property=\"og:image:width\" content=\"279\" \/>\n\t<meta property=\"og:image:height\" content=\"92\" \/>\n\t<meta property=\"og:image:type\" content=\"image\/png\" \/>\n<meta name=\"author\" content=\"Julien\" \/>\n<meta name=\"twitter:card\" content=\"summary_large_image\" \/>\n<meta name=\"twitter:label1\" content=\"\u00c9crit par\" \/>\n\t<meta name=\"twitter:data1\" content=\"Julien\" \/>\n\t<meta name=\"twitter:label2\" content=\"Dur\u00e9e de lecture est.\" \/>\n\t<meta name=\"twitter:data2\" content=\"1 minute\" \/>\n<script type=\"application\/ld+json\" class=\"yoast-schema-graph\">{\"@context\":\"https:\/\/schema.org\",\"@graph\":[{\"@type\":\"Article\",\"@id\":\"https:\/\/vieassociative.be\/actualites\/seulement-2-2-a-mayence-harry-kane-empeche-le-fc-bayern-de-perdre-sa-premiere-defaite-contre-lequipe-du-bas-du-classement\/#article\",\"isPartOf\":{\"@id\":\"https:\/\/vieassociative.be\/actualites\/seulement-2-2-a-mayence-harry-kane-empeche-le-fc-bayern-de-perdre-sa-premiere-defaite-contre-lequipe-du-bas-du-classement\/\"},\"author\":{\"name\":\"Julien\",\"@id\":\"https:\/\/vieassociative.be\/actualites\/#\/schema\/person\/b87ac4f82f9d4e7b7cec7395b679edc4\"},\"headline\":\"Seulement 2-2 \u00e0 Mayence : Harry Kane emp\u00eache le FC Bayern de perdre sa premi\u00e8re d\u00e9faite contre l&rsquo;\u00e9quipe du bas du classement\",\"datePublished\":\"2025-12-14T20:17:44+00:00\",\"dateModified\":\"2025-12-14T20:17:44+00:00\",\"mainEntityOfPage\":{\"@id\":\"https:\/\/vieassociative.be\/actualites\/seulement-2-2-a-mayence-harry-kane-empeche-le-fc-bayern-de-perdre-sa-premiere-defaite-contre-lequipe-du-bas-du-classement\/\"},\"wordCount\":331,\"publisher\":{\"@id\":\"https:\/\/vieassociative.be\/actualites\/#organization\"},\"image\":{\"@id\":\"https:\/\/vieassociative.be\/actualites\/seulement-2-2-a-mayence-harry-kane-empeche-le-fc-bayern-de-perdre-sa-premiere-defaite-contre-lequipe-du-bas-du-classement\/#primaryimage\"},\"thumbnailUrl\":\"https:\/\/vieassociative.be\/actualites\/wp-content\/uploads\/2025\/12\/Seulement-2-2-a-Mayence-Harry-Kane-empeche-le-FC.jpg\",\"keywords\":[\"bas\",\"Bayern\",\"classement\",\"contre\",\"D\u00e9faite\",\"emp\u00eache\",\"Harry\",\"Kane\",\"l\u00e9quipe\",\"Mayence\",\"perdre\",\"premi\u00e8re\",\"seulement\"],\"articleSection\":[\"Belgique\"],\"inLanguage\":\"fr-BE\"},{\"@type\":\"WebPage\",\"@id\":\"https:\/\/vieassociative.be\/actualites\/seulement-2-2-a-mayence-harry-kane-empeche-le-fc-bayern-de-perdre-sa-premiere-defaite-contre-lequipe-du-bas-du-classement\/\",\"url\":\"https:\/\/vieassociative.be\/actualites\/seulement-2-2-a-mayence-harry-kane-empeche-le-fc-bayern-de-perdre-sa-premiere-defaite-contre-lequipe-du-bas-du-classement\/\",\"name\":\"Seulement 2-2 \u00e0 Mayence : Harry Kane emp\u00eache le FC Bayern de perdre sa premi\u00e8re d\u00e9faite contre l'\u00e9quipe du bas du classement | Vie Associative\",\"isPartOf\":{\"@id\":\"https:\/\/vieassociative.be\/actualites\/#website\"},\"primaryImageOfPage\":{\"@id\":\"https:\/\/vieassociative.be\/actualites\/seulement-2-2-a-mayence-harry-kane-empeche-le-fc-bayern-de-perdre-sa-premiere-defaite-contre-lequipe-du-bas-du-classement\/#primaryimage\"},\"image\":{\"@id\":\"https:\/\/vieassociative.be\/actualites\/seulement-2-2-a-mayence-harry-kane-empeche-le-fc-bayern-de-perdre-sa-premiere-defaite-contre-lequipe-du-bas-du-classement\/#primaryimage\"},\"thumbnailUrl\":\"https:\/\/vieassociative.be\/actualites\/wp-content\/uploads\/2025\/12\/Seulement-2-2-a-Mayence-Harry-Kane-empeche-le-FC.jpg\",\"datePublished\":\"2025-12-14T20:17:44+00:00\",\"dateModified\":\"2025-12-14T20:17:44+00:00\",\"breadcrumb\":{\"@id\":\"https:\/\/vieassociative.be\/actualites\/seulement-2-2-a-mayence-harry-kane-empeche-le-fc-bayern-de-perdre-sa-premiere-defaite-contre-lequipe-du-bas-du-classement\/#breadcrumb\"},\"inLanguage\":\"fr-BE\",\"potentialAction\":[{\"@type\":\"ReadAction\",\"target\":[\"https:\/\/vieassociative.be\/actualites\/seulement-2-2-a-mayence-harry-kane-empeche-le-fc-bayern-de-perdre-sa-premiere-defaite-contre-lequipe-du-bas-du-classement\/\"]}]},{\"@type\":\"ImageObject\",\"inLanguage\":\"fr-BE\",\"@id\":\"https:\/\/vieassociative.be\/actualites\/seulement-2-2-a-mayence-harry-kane-empeche-le-fc-bayern-de-perdre-sa-premiere-defaite-contre-lequipe-du-bas-du-classement\/#primaryimage\",\"url\":\"https:\/\/vieassociative.be\/actualites\/wp-content\/uploads\/2025\/12\/Seulement-2-2-a-Mayence-Harry-Kane-empeche-le-FC.jpg\",\"contentUrl\":\"https:\/\/vieassociative.be\/actualites\/wp-content\/uploads\/2025\/12\/Seulement-2-2-a-Mayence-Harry-Kane-empeche-le-FC.jpg\",\"width\":1200,\"height\":812,\"caption\":\"Seulement 2-2 \u00e0 Mayence : Harry Kane emp\u00eache le FC Bayern de perdre sa premi\u00e8re d\u00e9faite contre l'\u00e9quipe du bas du classement\"},{\"@type\":\"BreadcrumbList\",\"@id\":\"https:\/\/vieassociative.be\/actualites\/seulement-2-2-a-mayence-harry-kane-empeche-le-fc-bayern-de-perdre-sa-premiere-defaite-contre-lequipe-du-bas-du-classement\/#breadcrumb\",\"itemListElement\":[{\"@type\":\"ListItem\",\"position\":1,\"name\":\"Accueil\",\"item\":\"https:\/\/vieassociative.be\/actualites\/\"},{\"@type\":\"ListItem\",\"position\":2,\"name\":\"Seulement 2-2 \u00e0 Mayence : Harry Kane emp\u00eache le FC Bayern de perdre sa premi\u00e8re d\u00e9faite contre l&rsquo;\u00e9quipe du bas du classement\"}]},{\"@type\":\"WebSite\",\"@id\":\"https:\/\/vieassociative.be\/actualites\/#website\",\"url\":\"https:\/\/vieassociative.be\/actualites\/\",\"name\":\"Vie Associative\",\"description\":\"\",\"publisher\":{\"@id\":\"https:\/\/vieassociative.be\/actualites\/#organization\"},\"potentialAction\":[{\"@type\":\"SearchAction\",\"target\":{\"@type\":\"EntryPoint\",\"urlTemplate\":\"https:\/\/vieassociative.be\/actualites\/?s={search_term_string}\"},\"query-input\":{\"@type\":\"PropertyValueSpecification\",\"valueRequired\":true,\"valueName\":\"search_term_string\"}}],\"inLanguage\":\"fr-BE\"},{\"@type\":\"Organization\",\"@id\":\"https:\/\/vieassociative.be\/actualites\/#organization\",\"name\":\"Vie Associative\",\"url\":\"https:\/\/vieassociative.be\/actualites\/\",\"logo\":{\"@type\":\"ImageObject\",\"inLanguage\":\"fr-BE\",\"@id\":\"https:\/\/vieassociative.be\/actualites\/#\/schema\/logo\/image\/\",\"url\":\"https:\/\/vieassociative.be\/actualites\/wp-content\/uploads\/2024\/09\/cropped-vieassociative_favicon.ico.png\",\"contentUrl\":\"https:\/\/vieassociative.be\/actualites\/wp-content\/uploads\/2024\/09\/cropped-vieassociative_favicon.ico.png\",\"width\":512,\"height\":512,\"caption\":\"Vie Associative\"},\"image\":{\"@id\":\"https:\/\/vieassociative.be\/actualites\/#\/schema\/logo\/image\/\"}},{\"@type\":\"Person\",\"@id\":\"https:\/\/vieassociative.be\/actualites\/#\/schema\/person\/b87ac4f82f9d4e7b7cec7395b679edc4\",\"name\":\"Julien\",\"image\":{\"@type\":\"ImageObject\",\"inLanguage\":\"fr-BE\",\"@id\":\"https:\/\/vieassociative.be\/actualites\/#\/schema\/person\/image\/\",\"url\":\"https:\/\/vieassociative.be\/actualites\/wp-content\/uploads\/2024\/09\/vie-associative-1-150x150.jpg\",\"contentUrl\":\"https:\/\/vieassociative.be\/actualites\/wp-content\/uploads\/2024\/09\/vie-associative-1-150x150.jpg\",\"caption\":\"Julien\"},\"description\":\"Je suis Julien, r\u00e9dacteur pour Vie Associative. Passionn\u00e9 par le monde associatif depuis plus de 10 ans, j'ai \u00e0 c\u0153ur de partager des histoires inspirantes et de mettre en lumi\u00e8re les initiatives locales. Mon objectif est de sensibiliser et d'encourager l'engagement communautaire \u00e0 travers mes articles.\",\"sameAs\":[\"https:\/\/vieassociative.be\/\"]}]}<\/script>\n<!-- \/ Yoast SEO plugin. -->","yoast_head_json":{"title":"Seulement 2-2 \u00e0 Mayence : Harry Kane emp\u00eache le FC Bayern de perdre sa premi\u00e8re d\u00e9faite contre l'\u00e9quipe du bas du classement | Vie Associative","robots":{"index":"index","follow":"follow","max-snippet":"max-snippet:-1","max-image-preview":"max-image-preview:large","max-video-preview":"max-video-preview:-1"},"canonical":"https:\/\/vieassociative.be\/actualites\/seulement-2-2-a-mayence-harry-kane-empeche-le-fc-bayern-de-perdre-sa-premiere-defaite-contre-lequipe-du-bas-du-classement\/","og_locale":"fr_FR","og_type":"article","og_title":"Seulement 2-2 \u00e0 Mayence : Harry Kane emp\u00eache le FC Bayern de perdre sa premi\u00e8re d\u00e9faite contre l'\u00e9quipe du bas du classement | Vie Associative","og_description":"Lors de son dernier match \u00e0 domicile avant No\u00ebl, le FC Bayern a souffert contre le FSV Mayence 05, dernier du classement. Le nouvel entra\u00eeneur","og_url":"https:\/\/vieassociative.be\/actualites\/seulement-2-2-a-mayence-harry-kane-empeche-le-fc-bayern-de-perdre-sa-premiere-defaite-contre-lequipe-du-bas-du-classement\/","og_site_name":"Vie Associative","article_published_time":"2025-12-14T20:17:44+00:00","og_image":[{"width":279,"height":92,"url":"https:\/\/vieassociative.be\/actualites\/wp-content\/uploads\/2024\/09\/header_backgroundk-01-e1726694325946.png","type":"image\/png"}],"author":"Julien","twitter_card":"summary_large_image","twitter_misc":{"\u00c9crit par":"Julien","Dur\u00e9e de lecture est.":"1 minute"},"schema":{"@context":"https:\/\/schema.org","@graph":[{"@type":"Article","@id":"https:\/\/vieassociative.be\/actualites\/seulement-2-2-a-mayence-harry-kane-empeche-le-fc-bayern-de-perdre-sa-premiere-defaite-contre-lequipe-du-bas-du-classement\/#article","isPartOf":{"@id":"https:\/\/vieassociative.be\/actualites\/seulement-2-2-a-mayence-harry-kane-empeche-le-fc-bayern-de-perdre-sa-premiere-defaite-contre-lequipe-du-bas-du-classement\/"},"author":{"name":"Julien","@id":"https:\/\/vieassociative.be\/actualites\/#\/schema\/person\/b87ac4f82f9d4e7b7cec7395b679edc4"},"headline":"Seulement 2-2 \u00e0 Mayence : Harry Kane emp\u00eache le FC Bayern de perdre sa premi\u00e8re d\u00e9faite contre l&rsquo;\u00e9quipe du bas du classement","datePublished":"2025-12-14T20:17:44+00:00","dateModified":"2025-12-14T20:17:44+00:00","mainEntityOfPage":{"@id":"https:\/\/vieassociative.be\/actualites\/seulement-2-2-a-mayence-harry-kane-empeche-le-fc-bayern-de-perdre-sa-premiere-defaite-contre-lequipe-du-bas-du-classement\/"},"wordCount":331,"publisher":{"@id":"https:\/\/vieassociative.be\/actualites\/#organization"},"image":{"@id":"https:\/\/vieassociative.be\/actualites\/seulement-2-2-a-mayence-harry-kane-empeche-le-fc-bayern-de-perdre-sa-premiere-defaite-contre-lequipe-du-bas-du-classement\/#primaryimage"},"thumbnailUrl":"https:\/\/vieassociative.be\/actualites\/wp-content\/uploads\/2025\/12\/Seulement-2-2-a-Mayence-Harry-Kane-empeche-le-FC.jpg","keywords":["bas","Bayern","classement","contre","D\u00e9faite","emp\u00eache","Harry","Kane","l\u00e9quipe","Mayence","perdre","premi\u00e8re","seulement"],"articleSection":["Belgique"],"inLanguage":"fr-BE"},{"@type":"WebPage","@id":"https:\/\/vieassociative.be\/actualites\/seulement-2-2-a-mayence-harry-kane-empeche-le-fc-bayern-de-perdre-sa-premiere-defaite-contre-lequipe-du-bas-du-classement\/","url":"https:\/\/vieassociative.be\/actualites\/seulement-2-2-a-mayence-harry-kane-empeche-le-fc-bayern-de-perdre-sa-premiere-defaite-contre-lequipe-du-bas-du-classement\/","name":"Seulement 2-2 \u00e0 Mayence : Harry Kane emp\u00eache le FC Bayern de perdre sa premi\u00e8re d\u00e9faite contre l'\u00e9quipe du bas du classement | Vie Associative","isPartOf":{"@id":"https:\/\/vieassociative.be\/actualites\/#website"},"primaryImageOfPage":{"@id":"https:\/\/vieassociative.be\/actualites\/seulement-2-2-a-mayence-harry-kane-empeche-le-fc-bayern-de-perdre-sa-premiere-defaite-contre-lequipe-du-bas-du-classement\/#primaryimage"},"image":{"@id":"https:\/\/vieassociative.be\/actualites\/seulement-2-2-a-mayence-harry-kane-empeche-le-fc-bayern-de-perdre-sa-premiere-defaite-contre-lequipe-du-bas-du-classement\/#primaryimage"},"thumbnailUrl":"https:\/\/vieassociative.be\/actualites\/wp-content\/uploads\/2025\/12\/Seulement-2-2-a-Mayence-Harry-Kane-empeche-le-FC.jpg","datePublished":"2025-12-14T20:17:44+00:00","dateModified":"2025-12-14T20:17:44+00:00","breadcrumb":{"@id":"https:\/\/vieassociative.be\/actualites\/seulement-2-2-a-mayence-harry-kane-empeche-le-fc-bayern-de-perdre-sa-premiere-defaite-contre-lequipe-du-bas-du-classement\/#breadcrumb"},"inLanguage":"fr-BE","potentialAction":[{"@type":"ReadAction","target":["https:\/\/vieassociative.be\/actualites\/seulement-2-2-a-mayence-harry-kane-empeche-le-fc-bayern-de-perdre-sa-premiere-defaite-contre-lequipe-du-bas-du-classement\/"]}]},{"@type":"ImageObject","inLanguage":"fr-BE","@id":"https:\/\/vieassociative.be\/actualites\/seulement-2-2-a-mayence-harry-kane-empeche-le-fc-bayern-de-perdre-sa-premiere-defaite-contre-lequipe-du-bas-du-classement\/#primaryimage","url":"https:\/\/vieassociative.be\/actualites\/wp-content\/uploads\/2025\/12\/Seulement-2-2-a-Mayence-Harry-Kane-empeche-le-FC.jpg","contentUrl":"https:\/\/vieassociative.be\/actualites\/wp-content\/uploads\/2025\/12\/Seulement-2-2-a-Mayence-Harry-Kane-empeche-le-FC.jpg","width":1200,"height":812,"caption":"Seulement 2-2 \u00e0 Mayence : Harry Kane emp\u00eache le FC Bayern de perdre sa premi\u00e8re d\u00e9faite contre l'\u00e9quipe du bas du classement"},{"@type":"BreadcrumbList","@id":"https:\/\/vieassociative.be\/actualites\/seulement-2-2-a-mayence-harry-kane-empeche-le-fc-bayern-de-perdre-sa-premiere-defaite-contre-lequipe-du-bas-du-classement\/#breadcrumb","itemListElement":[{"@type":"ListItem","position":1,"name":"Accueil","item":"https:\/\/vieassociative.be\/actualites\/"},{"@type":"ListItem","position":2,"name":"Seulement 2-2 \u00e0 Mayence : Harry Kane emp\u00eache le FC Bayern de perdre sa premi\u00e8re d\u00e9faite contre l&rsquo;\u00e9quipe du bas du classement"}]},{"@type":"WebSite","@id":"https:\/\/vieassociative.be\/actualites\/#website","url":"https:\/\/vieassociative.be\/actualites\/","name":"Vie Associative","description":"","publisher":{"@id":"https:\/\/vieassociative.be\/actualites\/#organization"},"potentialAction":[{"@type":"SearchAction","target":{"@type":"EntryPoint","urlTemplate":"https:\/\/vieassociative.be\/actualites\/?s={search_term_string}"},"query-input":{"@type":"PropertyValueSpecification","valueRequired":true,"valueName":"search_term_string"}}],"inLanguage":"fr-BE"},{"@type":"Organization","@id":"https:\/\/vieassociative.be\/actualites\/#organization","name":"Vie Associative","url":"https:\/\/vieassociative.be\/actualites\/","logo":{"@type":"ImageObject","inLanguage":"fr-BE","@id":"https:\/\/vieassociative.be\/actualites\/#\/schema\/logo\/image\/","url":"https:\/\/vieassociative.be\/actualites\/wp-content\/uploads\/2024\/09\/cropped-vieassociative_favicon.ico.png","contentUrl":"https:\/\/vieassociative.be\/actualites\/wp-content\/uploads\/2024\/09\/cropped-vieassociative_favicon.ico.png","width":512,"height":512,"caption":"Vie Associative"},"image":{"@id":"https:\/\/vieassociative.be\/actualites\/#\/schema\/logo\/image\/"}},{"@type":"Person","@id":"https:\/\/vieassociative.be\/actualites\/#\/schema\/person\/b87ac4f82f9d4e7b7cec7395b679edc4","name":"Julien","image":{"@type":"ImageObject","inLanguage":"fr-BE","@id":"https:\/\/vieassociative.be\/actualites\/#\/schema\/person\/image\/","url":"https:\/\/vieassociative.be\/actualites\/wp-content\/uploads\/2024\/09\/vie-associative-1-150x150.jpg","contentUrl":"https:\/\/vieassociative.be\/actualites\/wp-content\/uploads\/2024\/09\/vie-associative-1-150x150.jpg","caption":"Julien"},"description":"Je suis Julien, r\u00e9dacteur pour Vie Associative. Passionn\u00e9 par le monde associatif depuis plus de 10 ans, j'ai \u00e0 c\u0153ur de partager des histoires inspirantes et de mettre en lumi\u00e8re les initiatives locales. Mon objectif est de sensibiliser et d'encourager l'engagement communautaire \u00e0 travers mes articles.","sameAs":["https:\/\/vieassociative.be\/"]}]}},"_links":{"self":[{"href":"https:\/\/vieassociative.be\/actualites\/wp-json\/wp\/v2\/posts\/11845"}],"collection":[{"href":"https:\/\/vieassociative.be\/actualites\/wp-json\/wp\/v2\/posts"}],"about":[{"href":"https:\/\/vieassociative.be\/actualites\/wp-json\/wp\/v2\/types\/post"}],"author":[{"embeddable":true,"href":"https:\/\/vieassociative.be\/actualites\/wp-json\/wp\/v2\/users\/1"}],"replies":[{"embeddable":true,"href":"https:\/\/vieassociative.be\/actualites\/wp-json\/wp\/v2\/comments?post=11845"}],"version-history":[{"count":0,"href":"https:\/\/vieassociative.be\/actualites\/wp-json\/wp\/v2\/posts\/11845\/revisions"}],"wp:featuredmedia":[{"embeddable":true,"href":"https:\/\/vieassociative.be\/actualites\/wp-json\/wp\/v2\/media\/11846"}],"wp:attachment":[{"href":"https:\/\/vieassociative.be\/actualites\/wp-json\/wp\/v2\/media?parent=11845"}],"wp:term":[{"taxonomy":"category","embeddable":true,"href":"https:\/\/vieassociative.be\/actualites\/wp-json\/wp\/v2\/categories?post=11845"},{"taxonomy":"post_tag","embeddable":true,"href":"https:\/\/vieassociative.be\/actualites\/wp-json\/wp\/v2\/tags?post=11845"}],"curies":[{"name":"wp","href":"https:\/\/api.w.org\/{rel}","templated":true}]}}