{"id":11841,"date":"2025-12-14T15:17:31","date_gmt":"2025-12-14T14:17:31","guid":{"rendered":"https:\/\/vieassociative.be\/actualites\/dix-morts-dans-lattaque-dune-fete-juive-a-sydney\/"},"modified":"2025-12-14T15:17:31","modified_gmt":"2025-12-14T14:17:31","slug":"dix-morts-dans-lattaque-dune-fete-juive-a-sydney","status":"publish","type":"post","link":"https:\/\/vieassociative.be\/actualites\/dix-morts-dans-lattaque-dune-fete-juive-a-sydney\/","title":{"rendered":"Dix morts dans l&rsquo;attaque d&rsquo;une f\u00eate juive \u00e0 Sydney"},"content":{"rendered":"<p><strong>Deux hommes ouvrent le feu sur la c\u00e9l\u00e8bre plage de Bondi : il y a de nombreux morts et bless\u00e9s. Le crime \u00e9tait probablement dirig\u00e9 contre une f\u00eate juive. <\/strong><\/p>\n<p><span id=\"more-431907\"><\/span>Selon les rapports officiels, dix personnes ont \u00e9t\u00e9 tu\u00e9es lors d&rsquo;une attaque dans la m\u00e9tropole australienne de Sydney, dont un agresseur pr\u00e9sum\u00e9. Onze personnes sont actuellement bless\u00e9es, a indiqu\u00e9 la police de Nouvelle-Galles du Sud sur X. Parmi les bless\u00e9s figuraient deux policiers et un deuxi\u00e8me agresseur pr\u00e9sum\u00e9 qui se trouvait dans un \u00e9tat critique.<\/p>\n<p>Selon l&rsquo;agence de presse australienne AAP, des centaines de personnes s&rsquo;\u00e9taient rassembl\u00e9es sur la c\u00e9l\u00e8bre plage de Bondi pour la f\u00eate juive de Hanoukka. La f\u00eate des lumi\u00e8res, qui dure huit jours, commence ce dimanche.<\/p>\n<div id=\"attachment_431910\" class=\"wp-caption alignleft\" style=\"max-width: 300px\"><img fetchpriority=\"high\" decoding=\"async\" class=\"wp-image-431910 size-medium\" src=\"https:\/\/vieassociative.be\/actualites\/wp-content\/uploads\/2025\/12\/Dix-morts-dans-lattaque-dune-fete-juive-a-Sydney.jpg\" alt=\"\" width=\"300\" height=\"200\"><\/div>\n<p>L&rsquo;op\u00e9ration de police a d\u00e9but\u00e9 dimanche soir (heure locale). L\u2019organisation juive Australian Jewish Association a \u00e9crit sur X : \u00ab Coups de feu lors d\u2019un \u00e9v\u00e9nement de Hanoukka \u00bb. Et plus loin : \u00ab Nous avons pr\u00e9venu \u00e0 maintes reprises que cela allait arriver. \u00bb<\/p>\n<p>Le pr\u00e9sident isra\u00e9lien Izchak Herzog a parl\u00e9 d\u2019une \u00ab attaque cruelle contre les Juifs \u00bb. \u00ab Nous continuons de r\u00e9it\u00e9rer nos avertissements au gouvernement australien pour qu\u2019il exige des mesures et combatte l\u2019\u00e9norme vague d\u2019antis\u00e9mitisme qui d\u00e9ferle sur la soci\u00e9t\u00e9 australienne. \u00bb<\/p>\n<p>La police parle de deux agresseurs. Les enqu\u00eateurs avaient pr\u00e9c\u00e9demment signal\u00e9 que deux personnes \u00e9taient en garde \u00e0 vue.<\/p>\n<p>La police a \u00e9galement signal\u00e9 qu&rsquo;un certain nombre d&rsquo;objets suspects dans la zone \u00e9taient examin\u00e9s par les forces sp\u00e9ciales et qu&rsquo;une zone d&rsquo;exclusion avait \u00e9t\u00e9 mise en place. La police a averti d&rsquo;urgence la population de ne pas rester dans la zone et a \u00e9voqu\u00e9 une op\u00e9ration polici\u00e8re en cours. (dpa)<\/p>\n","protected":false},"excerpt":{"rendered":"<p>Deux hommes ouvrent le feu sur la c\u00e9l\u00e8bre plage de Bondi : il y a de nombreux morts et bless\u00e9s. Le crime \u00e9tait probablement dirig\u00e9<\/p>\n","protected":false},"author":1,"featured_media":11842,"comment_status":"","ping_status":"","sticky":false,"template":"","format":"standard","meta":{"footnotes":""},"categories":[298],"tags":[166,117,698,1485,9556,8442,439,9557],"class_list":["post-11841","post","type-post","status-publish","format-standard","has-post-thumbnail","hentry","category-belgique","tag-dans","tag-dix","tag-dune","tag-fete","tag-juive","tag-lattaque","tag-morts","tag-sydney","generate-columns","tablet-grid-50","mobile-grid-100","grid-parent","grid-33"],"yoast_head":"<!-- This site is optimized with the Yoast SEO plugin v24.0 - https:\/\/yoast.com\/wordpress\/plugins\/seo\/ -->\n<title>Dix morts dans l&#039;attaque d&#039;une f\u00eate juive \u00e0 Sydney | Vie Associative<\/title>\n<meta name=\"robots\" content=\"index, follow, max-snippet:-1, max-image-preview:large, max-video-preview:-1\" \/>\n<link rel=\"canonical\" href=\"https:\/\/vieassociative.be\/actualites\/dix-morts-dans-lattaque-dune-fete-juive-a-sydney\/\" \/>\n<meta property=\"og:locale\" content=\"fr_FR\" \/>\n<meta property=\"og:type\" content=\"article\" \/>\n<meta property=\"og:title\" content=\"Dix morts dans l&#039;attaque d&#039;une f\u00eate juive \u00e0 Sydney | Vie Associative\" \/>\n<meta property=\"og:description\" content=\"Deux hommes ouvrent le feu sur la c\u00e9l\u00e8bre plage de Bondi : il y a de nombreux morts et bless\u00e9s. Le crime \u00e9tait probablement dirig\u00e9\" \/>\n<meta property=\"og:url\" content=\"https:\/\/vieassociative.be\/actualites\/dix-morts-dans-lattaque-dune-fete-juive-a-sydney\/\" \/>\n<meta property=\"og:site_name\" content=\"Vie Associative\" \/>\n<meta property=\"article:published_time\" content=\"2025-12-14T14:17:31+00:00\" \/>\n<meta property=\"og:image\" content=\"https:\/\/vieassociative.be\/actualites\/wp-content\/uploads\/2024\/09\/header_backgroundk-01-e1726694325946.png\" \/>\n\t<meta property=\"og:image:width\" content=\"279\" \/>\n\t<meta property=\"og:image:height\" content=\"92\" \/>\n\t<meta property=\"og:image:type\" content=\"image\/png\" \/>\n<meta name=\"author\" content=\"Julien\" \/>\n<meta name=\"twitter:card\" content=\"summary_large_image\" \/>\n<meta name=\"twitter:label1\" content=\"\u00c9crit par\" \/>\n\t<meta name=\"twitter:data1\" content=\"Julien\" \/>\n\t<meta name=\"twitter:label2\" content=\"Dur\u00e9e de lecture est.\" \/>\n\t<meta name=\"twitter:data2\" content=\"2 minutes\" \/>\n<script type=\"application\/ld+json\" class=\"yoast-schema-graph\">{\"@context\":\"https:\/\/schema.org\",\"@graph\":[{\"@type\":\"Article\",\"@id\":\"https:\/\/vieassociative.be\/actualites\/dix-morts-dans-lattaque-dune-fete-juive-a-sydney\/#article\",\"isPartOf\":{\"@id\":\"https:\/\/vieassociative.be\/actualites\/dix-morts-dans-lattaque-dune-fete-juive-a-sydney\/\"},\"author\":{\"name\":\"Julien\",\"@id\":\"https:\/\/vieassociative.be\/actualites\/#\/schema\/person\/b87ac4f82f9d4e7b7cec7395b679edc4\"},\"headline\":\"Dix morts dans l&rsquo;attaque d&rsquo;une f\u00eate juive \u00e0 Sydney\",\"datePublished\":\"2025-12-14T14:17:31+00:00\",\"dateModified\":\"2025-12-14T14:17:31+00:00\",\"mainEntityOfPage\":{\"@id\":\"https:\/\/vieassociative.be\/actualites\/dix-morts-dans-lattaque-dune-fete-juive-a-sydney\/\"},\"wordCount\":324,\"publisher\":{\"@id\":\"https:\/\/vieassociative.be\/actualites\/#organization\"},\"image\":{\"@id\":\"https:\/\/vieassociative.be\/actualites\/dix-morts-dans-lattaque-dune-fete-juive-a-sydney\/#primaryimage\"},\"thumbnailUrl\":\"https:\/\/vieassociative.be\/actualites\/wp-content\/uploads\/2025\/12\/1765721852_Dix-morts-dans-lattaque-dune-fete-juive-a-Sydney.jpg\",\"keywords\":[\"dans\",\"Dix\",\"dune\",\"f\u00eate\",\"juive\",\"lattaque\",\"morts\",\"Sydney\"],\"articleSection\":[\"Belgique\"],\"inLanguage\":\"fr-BE\"},{\"@type\":\"WebPage\",\"@id\":\"https:\/\/vieassociative.be\/actualites\/dix-morts-dans-lattaque-dune-fete-juive-a-sydney\/\",\"url\":\"https:\/\/vieassociative.be\/actualites\/dix-morts-dans-lattaque-dune-fete-juive-a-sydney\/\",\"name\":\"Dix morts dans l'attaque d'une f\u00eate juive \u00e0 Sydney | Vie Associative\",\"isPartOf\":{\"@id\":\"https:\/\/vieassociative.be\/actualites\/#website\"},\"primaryImageOfPage\":{\"@id\":\"https:\/\/vieassociative.be\/actualites\/dix-morts-dans-lattaque-dune-fete-juive-a-sydney\/#primaryimage\"},\"image\":{\"@id\":\"https:\/\/vieassociative.be\/actualites\/dix-morts-dans-lattaque-dune-fete-juive-a-sydney\/#primaryimage\"},\"thumbnailUrl\":\"https:\/\/vieassociative.be\/actualites\/wp-content\/uploads\/2025\/12\/1765721852_Dix-morts-dans-lattaque-dune-fete-juive-a-Sydney.jpg\",\"datePublished\":\"2025-12-14T14:17:31+00:00\",\"dateModified\":\"2025-12-14T14:17:31+00:00\",\"breadcrumb\":{\"@id\":\"https:\/\/vieassociative.be\/actualites\/dix-morts-dans-lattaque-dune-fete-juive-a-sydney\/#breadcrumb\"},\"inLanguage\":\"fr-BE\",\"potentialAction\":[{\"@type\":\"ReadAction\",\"target\":[\"https:\/\/vieassociative.be\/actualites\/dix-morts-dans-lattaque-dune-fete-juive-a-sydney\/\"]}]},{\"@type\":\"ImageObject\",\"inLanguage\":\"fr-BE\",\"@id\":\"https:\/\/vieassociative.be\/actualites\/dix-morts-dans-lattaque-dune-fete-juive-a-sydney\/#primaryimage\",\"url\":\"https:\/\/vieassociative.be\/actualites\/wp-content\/uploads\/2025\/12\/1765721852_Dix-morts-dans-lattaque-dune-fete-juive-a-Sydney.jpg\",\"contentUrl\":\"https:\/\/vieassociative.be\/actualites\/wp-content\/uploads\/2025\/12\/1765721852_Dix-morts-dans-lattaque-dune-fete-juive-a-Sydney.jpg\",\"width\":1200,\"height\":800,\"caption\":\"Dix morts dans l'attaque d'une f\u00eate juive \u00e0 Sydney\"},{\"@type\":\"BreadcrumbList\",\"@id\":\"https:\/\/vieassociative.be\/actualites\/dix-morts-dans-lattaque-dune-fete-juive-a-sydney\/#breadcrumb\",\"itemListElement\":[{\"@type\":\"ListItem\",\"position\":1,\"name\":\"Accueil\",\"item\":\"https:\/\/vieassociative.be\/actualites\/\"},{\"@type\":\"ListItem\",\"position\":2,\"name\":\"Dix morts dans l&rsquo;attaque d&rsquo;une f\u00eate juive \u00e0 Sydney\"}]},{\"@type\":\"WebSite\",\"@id\":\"https:\/\/vieassociative.be\/actualites\/#website\",\"url\":\"https:\/\/vieassociative.be\/actualites\/\",\"name\":\"Vie Associative\",\"description\":\"\",\"publisher\":{\"@id\":\"https:\/\/vieassociative.be\/actualites\/#organization\"},\"potentialAction\":[{\"@type\":\"SearchAction\",\"target\":{\"@type\":\"EntryPoint\",\"urlTemplate\":\"https:\/\/vieassociative.be\/actualites\/?s={search_term_string}\"},\"query-input\":{\"@type\":\"PropertyValueSpecification\",\"valueRequired\":true,\"valueName\":\"search_term_string\"}}],\"inLanguage\":\"fr-BE\"},{\"@type\":\"Organization\",\"@id\":\"https:\/\/vieassociative.be\/actualites\/#organization\",\"name\":\"Vie Associative\",\"url\":\"https:\/\/vieassociative.be\/actualites\/\",\"logo\":{\"@type\":\"ImageObject\",\"inLanguage\":\"fr-BE\",\"@id\":\"https:\/\/vieassociative.be\/actualites\/#\/schema\/logo\/image\/\",\"url\":\"https:\/\/vieassociative.be\/actualites\/wp-content\/uploads\/2024\/09\/cropped-vieassociative_favicon.ico.png\",\"contentUrl\":\"https:\/\/vieassociative.be\/actualites\/wp-content\/uploads\/2024\/09\/cropped-vieassociative_favicon.ico.png\",\"width\":512,\"height\":512,\"caption\":\"Vie Associative\"},\"image\":{\"@id\":\"https:\/\/vieassociative.be\/actualites\/#\/schema\/logo\/image\/\"}},{\"@type\":\"Person\",\"@id\":\"https:\/\/vieassociative.be\/actualites\/#\/schema\/person\/b87ac4f82f9d4e7b7cec7395b679edc4\",\"name\":\"Julien\",\"image\":{\"@type\":\"ImageObject\",\"inLanguage\":\"fr-BE\",\"@id\":\"https:\/\/vieassociative.be\/actualites\/#\/schema\/person\/image\/\",\"url\":\"https:\/\/vieassociative.be\/actualites\/wp-content\/uploads\/2024\/09\/vie-associative-1-150x150.jpg\",\"contentUrl\":\"https:\/\/vieassociative.be\/actualites\/wp-content\/uploads\/2024\/09\/vie-associative-1-150x150.jpg\",\"caption\":\"Julien\"},\"description\":\"Je suis Julien, r\u00e9dacteur pour Vie Associative. Passionn\u00e9 par le monde associatif depuis plus de 10 ans, j'ai \u00e0 c\u0153ur de partager des histoires inspirantes et de mettre en lumi\u00e8re les initiatives locales. Mon objectif est de sensibiliser et d'encourager l'engagement communautaire \u00e0 travers mes articles.\",\"sameAs\":[\"https:\/\/vieassociative.be\/\"]}]}<\/script>\n<!-- \/ Yoast SEO plugin. -->","yoast_head_json":{"title":"Dix morts dans l'attaque d'une f\u00eate juive \u00e0 Sydney | Vie Associative","robots":{"index":"index","follow":"follow","max-snippet":"max-snippet:-1","max-image-preview":"max-image-preview:large","max-video-preview":"max-video-preview:-1"},"canonical":"https:\/\/vieassociative.be\/actualites\/dix-morts-dans-lattaque-dune-fete-juive-a-sydney\/","og_locale":"fr_FR","og_type":"article","og_title":"Dix morts dans l'attaque d'une f\u00eate juive \u00e0 Sydney | Vie Associative","og_description":"Deux hommes ouvrent le feu sur la c\u00e9l\u00e8bre plage de Bondi : il y a de nombreux morts et bless\u00e9s. Le crime \u00e9tait probablement dirig\u00e9","og_url":"https:\/\/vieassociative.be\/actualites\/dix-morts-dans-lattaque-dune-fete-juive-a-sydney\/","og_site_name":"Vie Associative","article_published_time":"2025-12-14T14:17:31+00:00","og_image":[{"width":279,"height":92,"url":"https:\/\/vieassociative.be\/actualites\/wp-content\/uploads\/2024\/09\/header_backgroundk-01-e1726694325946.png","type":"image\/png"}],"author":"Julien","twitter_card":"summary_large_image","twitter_misc":{"\u00c9crit par":"Julien","Dur\u00e9e de lecture est.":"2 minutes"},"schema":{"@context":"https:\/\/schema.org","@graph":[{"@type":"Article","@id":"https:\/\/vieassociative.be\/actualites\/dix-morts-dans-lattaque-dune-fete-juive-a-sydney\/#article","isPartOf":{"@id":"https:\/\/vieassociative.be\/actualites\/dix-morts-dans-lattaque-dune-fete-juive-a-sydney\/"},"author":{"name":"Julien","@id":"https:\/\/vieassociative.be\/actualites\/#\/schema\/person\/b87ac4f82f9d4e7b7cec7395b679edc4"},"headline":"Dix morts dans l&rsquo;attaque d&rsquo;une f\u00eate juive \u00e0 Sydney","datePublished":"2025-12-14T14:17:31+00:00","dateModified":"2025-12-14T14:17:31+00:00","mainEntityOfPage":{"@id":"https:\/\/vieassociative.be\/actualites\/dix-morts-dans-lattaque-dune-fete-juive-a-sydney\/"},"wordCount":324,"publisher":{"@id":"https:\/\/vieassociative.be\/actualites\/#organization"},"image":{"@id":"https:\/\/vieassociative.be\/actualites\/dix-morts-dans-lattaque-dune-fete-juive-a-sydney\/#primaryimage"},"thumbnailUrl":"https:\/\/vieassociative.be\/actualites\/wp-content\/uploads\/2025\/12\/1765721852_Dix-morts-dans-lattaque-dune-fete-juive-a-Sydney.jpg","keywords":["dans","Dix","dune","f\u00eate","juive","lattaque","morts","Sydney"],"articleSection":["Belgique"],"inLanguage":"fr-BE"},{"@type":"WebPage","@id":"https:\/\/vieassociative.be\/actualites\/dix-morts-dans-lattaque-dune-fete-juive-a-sydney\/","url":"https:\/\/vieassociative.be\/actualites\/dix-morts-dans-lattaque-dune-fete-juive-a-sydney\/","name":"Dix morts dans l'attaque d'une f\u00eate juive \u00e0 Sydney | Vie Associative","isPartOf":{"@id":"https:\/\/vieassociative.be\/actualites\/#website"},"primaryImageOfPage":{"@id":"https:\/\/vieassociative.be\/actualites\/dix-morts-dans-lattaque-dune-fete-juive-a-sydney\/#primaryimage"},"image":{"@id":"https:\/\/vieassociative.be\/actualites\/dix-morts-dans-lattaque-dune-fete-juive-a-sydney\/#primaryimage"},"thumbnailUrl":"https:\/\/vieassociative.be\/actualites\/wp-content\/uploads\/2025\/12\/1765721852_Dix-morts-dans-lattaque-dune-fete-juive-a-Sydney.jpg","datePublished":"2025-12-14T14:17:31+00:00","dateModified":"2025-12-14T14:17:31+00:00","breadcrumb":{"@id":"https:\/\/vieassociative.be\/actualites\/dix-morts-dans-lattaque-dune-fete-juive-a-sydney\/#breadcrumb"},"inLanguage":"fr-BE","potentialAction":[{"@type":"ReadAction","target":["https:\/\/vieassociative.be\/actualites\/dix-morts-dans-lattaque-dune-fete-juive-a-sydney\/"]}]},{"@type":"ImageObject","inLanguage":"fr-BE","@id":"https:\/\/vieassociative.be\/actualites\/dix-morts-dans-lattaque-dune-fete-juive-a-sydney\/#primaryimage","url":"https:\/\/vieassociative.be\/actualites\/wp-content\/uploads\/2025\/12\/1765721852_Dix-morts-dans-lattaque-dune-fete-juive-a-Sydney.jpg","contentUrl":"https:\/\/vieassociative.be\/actualites\/wp-content\/uploads\/2025\/12\/1765721852_Dix-morts-dans-lattaque-dune-fete-juive-a-Sydney.jpg","width":1200,"height":800,"caption":"Dix morts dans l'attaque d'une f\u00eate juive \u00e0 Sydney"},{"@type":"BreadcrumbList","@id":"https:\/\/vieassociative.be\/actualites\/dix-morts-dans-lattaque-dune-fete-juive-a-sydney\/#breadcrumb","itemListElement":[{"@type":"ListItem","position":1,"name":"Accueil","item":"https:\/\/vieassociative.be\/actualites\/"},{"@type":"ListItem","position":2,"name":"Dix morts dans l&rsquo;attaque d&rsquo;une f\u00eate juive \u00e0 Sydney"}]},{"@type":"WebSite","@id":"https:\/\/vieassociative.be\/actualites\/#website","url":"https:\/\/vieassociative.be\/actualites\/","name":"Vie Associative","description":"","publisher":{"@id":"https:\/\/vieassociative.be\/actualites\/#organization"},"potentialAction":[{"@type":"SearchAction","target":{"@type":"EntryPoint","urlTemplate":"https:\/\/vieassociative.be\/actualites\/?s={search_term_string}"},"query-input":{"@type":"PropertyValueSpecification","valueRequired":true,"valueName":"search_term_string"}}],"inLanguage":"fr-BE"},{"@type":"Organization","@id":"https:\/\/vieassociative.be\/actualites\/#organization","name":"Vie Associative","url":"https:\/\/vieassociative.be\/actualites\/","logo":{"@type":"ImageObject","inLanguage":"fr-BE","@id":"https:\/\/vieassociative.be\/actualites\/#\/schema\/logo\/image\/","url":"https:\/\/vieassociative.be\/actualites\/wp-content\/uploads\/2024\/09\/cropped-vieassociative_favicon.ico.png","contentUrl":"https:\/\/vieassociative.be\/actualites\/wp-content\/uploads\/2024\/09\/cropped-vieassociative_favicon.ico.png","width":512,"height":512,"caption":"Vie Associative"},"image":{"@id":"https:\/\/vieassociative.be\/actualites\/#\/schema\/logo\/image\/"}},{"@type":"Person","@id":"https:\/\/vieassociative.be\/actualites\/#\/schema\/person\/b87ac4f82f9d4e7b7cec7395b679edc4","name":"Julien","image":{"@type":"ImageObject","inLanguage":"fr-BE","@id":"https:\/\/vieassociative.be\/actualites\/#\/schema\/person\/image\/","url":"https:\/\/vieassociative.be\/actualites\/wp-content\/uploads\/2024\/09\/vie-associative-1-150x150.jpg","contentUrl":"https:\/\/vieassociative.be\/actualites\/wp-content\/uploads\/2024\/09\/vie-associative-1-150x150.jpg","caption":"Julien"},"description":"Je suis Julien, r\u00e9dacteur pour Vie Associative. Passionn\u00e9 par le monde associatif depuis plus de 10 ans, j'ai \u00e0 c\u0153ur de partager des histoires inspirantes et de mettre en lumi\u00e8re les initiatives locales. Mon objectif est de sensibiliser et d'encourager l'engagement communautaire \u00e0 travers mes articles.","sameAs":["https:\/\/vieassociative.be\/"]}]}},"_links":{"self":[{"href":"https:\/\/vieassociative.be\/actualites\/wp-json\/wp\/v2\/posts\/11841"}],"collection":[{"href":"https:\/\/vieassociative.be\/actualites\/wp-json\/wp\/v2\/posts"}],"about":[{"href":"https:\/\/vieassociative.be\/actualites\/wp-json\/wp\/v2\/types\/post"}],"author":[{"embeddable":true,"href":"https:\/\/vieassociative.be\/actualites\/wp-json\/wp\/v2\/users\/1"}],"replies":[{"embeddable":true,"href":"https:\/\/vieassociative.be\/actualites\/wp-json\/wp\/v2\/comments?post=11841"}],"version-history":[{"count":0,"href":"https:\/\/vieassociative.be\/actualites\/wp-json\/wp\/v2\/posts\/11841\/revisions"}],"wp:featuredmedia":[{"embeddable":true,"href":"https:\/\/vieassociative.be\/actualites\/wp-json\/wp\/v2\/media\/11842"}],"wp:attachment":[{"href":"https:\/\/vieassociative.be\/actualites\/wp-json\/wp\/v2\/media?parent=11841"}],"wp:term":[{"taxonomy":"category","embeddable":true,"href":"https:\/\/vieassociative.be\/actualites\/wp-json\/wp\/v2\/categories?post=11841"},{"taxonomy":"post_tag","embeddable":true,"href":"https:\/\/vieassociative.be\/actualites\/wp-json\/wp\/v2\/tags?post=11841"}],"curies":[{"name":"wp","href":"https:\/\/api.w.org\/{rel}","templated":true}]}}