{"id":11833,"date":"2025-12-13T21:17:26","date_gmt":"2025-12-13T20:17:26","guid":{"rendered":"https:\/\/vieassociative.be\/actualites\/desormais-rien-ne-sera-plus-pareil-pour-las-eupen-une-victoire-contre-le-dernier-club-le-club-nxt-est-indispensable\/"},"modified":"2025-12-13T21:17:26","modified_gmt":"2025-12-13T20:17:26","slug":"desormais-rien-ne-sera-plus-pareil-pour-las-eupen-une-victoire-contre-le-dernier-club-le-club-nxt-est-indispensable","status":"publish","type":"post","link":"https:\/\/vieassociative.be\/actualites\/desormais-rien-ne-sera-plus-pareil-pour-las-eupen-une-victoire-contre-le-dernier-club-le-club-nxt-est-indispensable\/","title":{"rendered":"D\u00e9sormais, rien ne sera plus pareil pour l&rsquo;AS Eupen &#8211; une victoire contre le dernier club, le Club NXT, est indispensable"},"content":{"rendered":"<p><strong>L\u2019euphorie r\u00e8gne ces jours-ci sur l\u2019Eupener Kehrweg. Cela rappelle l\u2019ambiance du d\u00e9but de l\u2019\u00e9t\u00e9 2012, lorsque la Fondation Aspire Zone a repris l\u2019AS. Les attentes \u00e9lev\u00e9es suscit\u00e9es \u00e0 l\u2019\u00e9poque n\u2019ont \u00e9t\u00e9 que partiellement satisfaites au cours des 13 ann\u00e9es qui ont suivi. On peut toutefois supposer que le nouveau projet sera beaucoup plus ax\u00e9 sur le succ\u00e8s que celui de l\u2019\u00e9poque.<\/strong><\/p>\n<p><span id=\"more-431858\"><\/span>Le groupe d&rsquo;investissement qatari Qatar Sports Investments (QSI) se montrera sans doute bien plus professionnel que l&rsquo;Aspire Zone Foundation. <\/p>\n<p>Comme le Grenz-Echo s&rsquo;en plaignait \u00e0 juste titre il y a quelques jours, AS est en train de passer du statut de fondation \u00e0 celui d&rsquo;une entreprise ou d&rsquo;une soci\u00e9t\u00e9 d&rsquo;investissement valant plusieurs milliards de dollars. Cela fait une grande diff\u00e9rence.<\/p>\n<p>Le fait que l&rsquo;entra\u00eeneur de l&rsquo;AS, Bruno Pinheiro, n&rsquo;ait pas voulu dire grand-chose sur le rachat annonc\u00e9 de l&rsquo;\u00e9quipe de deuxi\u00e8me division d&rsquo;Eupen par QSI lors de la conf\u00e9rence de presse pr\u00e9c\u00e9dant le match \u00e0 domicile contre le Club NXT vendredi et a m\u00eame d\u00e9clar\u00e9 \u00ab\u00a0Rien ne changera pour nous\u00a0\u00bb ne peut cacher le fait qu&rsquo;\u00e0 partir de maintenant, plus rien ne sera probablement plus pareil, non seulement pour les joueurs, mais aussi pour la direction du club et l&rsquo;\u00e9quipe d&rsquo;entra\u00eeneurs de l&rsquo;AS.<\/p>\n<div id=\"attachment_412260\" class=\"wp-caption alignleft\" style=\"max-width: 300px\"><img fetchpriority=\"high\" decoding=\"async\" class=\"wp-image-412260 size-medium\" src=\"https:\/\/vieassociative.be\/actualites\/wp-content\/uploads\/2025\/12\/Desormais-rien-ne-sera-plus-pareil-pour-lAS-Eupen.jpg\" alt=\"\" width=\"300\" height=\"208\"><\/div>\n<p>Cela commence avec le prochain match ce dimanche contre le Club NXT (16h \/ en direct sur l&rsquo;application DAZN). Une d\u00e9faite \u00e0 domicile contre l&rsquo;\u00e9quipe du bas de l&rsquo;\u00e9chelle lors du premier match apr\u00e8s la signature de la lettre d&rsquo;intention avec QSI ne ferait pas bonne impression \u00e0 Nasser Al-Khelaifi, toujours un peu s\u00e9v\u00e8re, pr\u00e9sident de QSI et pr\u00e9sident du Paris Saint-Germain.<\/p>\n<p>Mais attention : les U23 du FC Bruges ont gagn\u00e9 pour la premi\u00e8re fois de la saison face au pr\u00e9tendant \u00e0 la promotion, le Beerschot. L&rsquo;AS Eupen, qui doit se passer du d\u00e9fenseur central suspendu Igor Plastun, est pr\u00e9venue.<\/p>\n<p>La Pro League a fix\u00e9 ce vendredi les dates exactes de tous les matches de Challenger Pro League jusqu&rsquo;\u00e0 la fin de la phase r\u00e9guli\u00e8re du championnat. Apr\u00e8s les matches d&rsquo;avant No\u00ebl contre le Club NXT, au Patro Eisden et contre l&rsquo;Olympic Charleroi, la deuxi\u00e8me ligue prend une tr\u00eave hivernale. Les Noirs et Blancs joueront leur premier match de l&rsquo;ann\u00e9e 2026 le samedi 17 janvier 2026 \u00e0 20h. au stade Kehrweg contre le leader du championnat, le SK Beveren. (cr\u00e9er)<\/p>\n<p><strong>Tous les matchs de l\u2019AS Eupen en un coup d\u2019\u0153il :<\/strong><\/p>\n<ul>\n<li>Dimanche 14 d\u00e9cembre 2025, 16h : AS Eupen \u2013 Club NXT<\/li>\n<li>Jeudi 18 d\u00e9cembre 2025, 20h : Patro Eisden \u2013 AS Eupen<\/li>\n<li>Dimanche 21 d\u00e9cembre 2025, 19h15 : AS Eupen \u2013 Olympique Charleroi<\/li>\n<\/ul>\n<p><em>VACANCES D&rsquo;HIVER<\/em><\/p>\n<ul>\n<li>Samedi 17 janvier 2026, 20h : AS Eupen \u2013 SK Beveren<\/li>\n<li>Samedi 24 janvier 2026, 20h : Lommel SK \u2013 AS Eupen<\/li>\n<li>Mardi 27 janvier 2026, 20h : AS Eupen \u2013 KSC Lokeren<\/li>\n<li>Vendredi 30 janvier 2026, 20h : Jong Genk \u2013 AS Eupen<\/li>\n<li>Samedi 7 f\u00e9vrier 2026, 16h : AS Eupen \u2013 KV Courtrai<\/li>\n<li><em>13 &#8211; 15 f\u00e9vrier 2026 : AS Eupen libre de jeu<\/em><\/li>\n<li>Samedi 21 f\u00e9vrier 2026, 20h : AS Eupen \u2013 Francs Borains<\/li>\n<li>Dimanche 1er mars 2026, 16h : RWDM \u2013 AS Eupen<\/li>\n<li>Vendredi 6 mars 2026, 20h : AS Eupen \u2013 Jong Gent<\/li>\n<li>Mardi 10 mars 2026, 20h00 : AS Eupen \u2013 Lierse SK<\/li>\n<li>Vendredi 13 mars 2026, 20h : RSCA Futures \u2013 AS Eupen<\/li>\n<li>Vendredi 20 mars 2026, 20h : AS Eupen \u2013 RFC Seraing<\/li>\n<li>Samedi 4 avril 2026, 20h : Club NXT \u2013 AS Eupen<\/li>\n<li>Vendredi 10 avril 2026, 20h : AS Eupen \u2013 Beerschot<\/li>\n<li>Vendredi 17 avril 2026, 20h : RFC Li\u00e8ge \u2013 AS Eupen<\/li>\n<\/ul>\n<p><em><strong>Sur le sujet, voir aussi l&rsquo;article suivant sur l&rsquo;OD :<\/strong><\/em><\/p>\n<div class=\"responsive-embed widescreen\">\n<blockquote class=\"wp-embedded-content\" data-secret=\"9yPLov7q6u\">\n<p>Qatar Sports Investments (QSI) reprend l&rsquo;AS Eupen<\/p>\n<\/blockquote>\n<p><iframe loading=\"lazy\" class=\"wp-embedded-content\" sandbox=\"allow-scripts\" security=\"restricted\" style=\"position: absolute; visibility: hidden;\" title=\"\u201eQatar Sports Investments (QSI) \u00fcbernimmt AS Eupen\u201c \u2013 Ostbelgien Direkt\" src=\"https:\/\/ostbelgiendirekt.be\/about:blank\" data-secret=\"9yPLov7q6u\" width=\"500\" height=\"282\" frameborder=\"0\" marginwidth=\"0\" marginheight=\"0\" scrolling=\"no\" data-rocket-lazyload=\"fitvidscompatible\" data-lazy-src=\"https:\/\/ostbelgiendirekt.be\/qsi-as-eupen-431420\/embed#?secret=ud5zAq2uKH#?secret=9yPLov7q6u\"><\/iframe><noscript><iframe class=\"wp-embedded-content\" sandbox=\"allow-scripts\" security=\"restricted\" style=\"position: absolute; visibility: hidden;\" title=\"\u201eQatar Sports Investments (QSI) \u00fcbernimmt AS Eupen\u201c \u2013 Ostbelgien Direkt\" src=\"https:\/\/ostbelgiendirekt.be\/qsi-as-eupen-431420\/embed#?secret=ud5zAq2uKH#?secret=9yPLov7q6u\" data-secret=\"9yPLov7q6u\" width=\"500\" height=\"282\" frameborder=\"0\" marginwidth=\"0\" marginheight=\"0\" scrolling=\"no\"><\/iframe><\/noscript><\/p>\n<\/div>\n","protected":false},"excerpt":{"rendered":"<p>L\u2019euphorie r\u00e8gne ces jours-ci sur l\u2019Eupener Kehrweg. Cela rappelle l\u2019ambiance du d\u00e9but de l\u2019\u00e9t\u00e9 2012, lorsque la Fondation Aspire Zone a repris l\u2019AS. Les attentes<\/p>\n","protected":false},"author":1,"featured_media":11834,"comment_status":"","ping_status":"","sticky":false,"template":"","format":"standard","meta":{"footnotes":""},"categories":[298],"tags":[269,796,2682,6,76,2329,9030,2353,3424,9552,81,892,3230,110,784],"class_list":["post-11833","post","type-post","status-publish","format-standard","has-post-thumbnail","hentry","category-belgique","tag-club","tag-contre","tag-dernier","tag-desormais","tag-est","tag-eupen","tag-indispensable","tag-las","tag-nxt","tag-pareil","tag-pour","tag-rien","tag-sera","tag-une","tag-victoire","generate-columns","tablet-grid-50","mobile-grid-100","grid-parent","grid-33"],"yoast_head":"<!-- This site is optimized with the Yoast SEO plugin v24.0 - https:\/\/yoast.com\/wordpress\/plugins\/seo\/ -->\n<title>D\u00e9sormais, rien ne sera plus pareil pour l&#039;AS Eupen - une victoire contre le dernier club, le Club NXT, est indispensable | Vie Associative<\/title>\n<meta name=\"robots\" content=\"index, follow, max-snippet:-1, max-image-preview:large, max-video-preview:-1\" \/>\n<link rel=\"canonical\" href=\"https:\/\/vieassociative.be\/actualites\/desormais-rien-ne-sera-plus-pareil-pour-las-eupen-une-victoire-contre-le-dernier-club-le-club-nxt-est-indispensable\/\" \/>\n<meta property=\"og:locale\" content=\"fr_FR\" \/>\n<meta property=\"og:type\" content=\"article\" \/>\n<meta property=\"og:title\" content=\"D\u00e9sormais, rien ne sera plus pareil pour l&#039;AS Eupen - une victoire contre le dernier club, le Club NXT, est indispensable | Vie Associative\" \/>\n<meta property=\"og:description\" content=\"L\u2019euphorie r\u00e8gne ces jours-ci sur l\u2019Eupener Kehrweg. Cela rappelle l\u2019ambiance du d\u00e9but de l\u2019\u00e9t\u00e9 2012, lorsque la Fondation Aspire Zone a repris l\u2019AS. Les attentes\" \/>\n<meta property=\"og:url\" content=\"https:\/\/vieassociative.be\/actualites\/desormais-rien-ne-sera-plus-pareil-pour-las-eupen-une-victoire-contre-le-dernier-club-le-club-nxt-est-indispensable\/\" \/>\n<meta property=\"og:site_name\" content=\"Vie Associative\" \/>\n<meta property=\"article:published_time\" content=\"2025-12-13T20:17:26+00:00\" \/>\n<meta property=\"og:image\" content=\"https:\/\/vieassociative.be\/actualites\/wp-content\/uploads\/2024\/09\/header_backgroundk-01-e1726694325946.png\" \/>\n\t<meta property=\"og:image:width\" content=\"279\" \/>\n\t<meta property=\"og:image:height\" content=\"92\" \/>\n\t<meta property=\"og:image:type\" content=\"image\/png\" \/>\n<meta name=\"author\" content=\"Julien\" \/>\n<meta name=\"twitter:card\" content=\"summary_large_image\" \/>\n<meta name=\"twitter:label1\" content=\"\u00c9crit par\" \/>\n\t<meta name=\"twitter:data1\" content=\"Julien\" \/>\n\t<meta name=\"twitter:label2\" content=\"Dur\u00e9e de lecture est.\" \/>\n\t<meta name=\"twitter:data2\" content=\"3 minutes\" \/>\n<script type=\"application\/ld+json\" class=\"yoast-schema-graph\">{\"@context\":\"https:\/\/schema.org\",\"@graph\":[{\"@type\":\"Article\",\"@id\":\"https:\/\/vieassociative.be\/actualites\/desormais-rien-ne-sera-plus-pareil-pour-las-eupen-une-victoire-contre-le-dernier-club-le-club-nxt-est-indispensable\/#article\",\"isPartOf\":{\"@id\":\"https:\/\/vieassociative.be\/actualites\/desormais-rien-ne-sera-plus-pareil-pour-las-eupen-une-victoire-contre-le-dernier-club-le-club-nxt-est-indispensable\/\"},\"author\":{\"name\":\"Julien\",\"@id\":\"https:\/\/vieassociative.be\/actualites\/#\/schema\/person\/b87ac4f82f9d4e7b7cec7395b679edc4\"},\"headline\":\"D\u00e9sormais, rien ne sera plus pareil pour l&rsquo;AS Eupen &#8211; une victoire contre le dernier club, le Club NXT, est indispensable\",\"datePublished\":\"2025-12-13T20:17:26+00:00\",\"dateModified\":\"2025-12-13T20:17:26+00:00\",\"mainEntityOfPage\":{\"@id\":\"https:\/\/vieassociative.be\/actualites\/desormais-rien-ne-sera-plus-pareil-pour-las-eupen-une-victoire-contre-le-dernier-club-le-club-nxt-est-indispensable\/\"},\"wordCount\":623,\"publisher\":{\"@id\":\"https:\/\/vieassociative.be\/actualites\/#organization\"},\"image\":{\"@id\":\"https:\/\/vieassociative.be\/actualites\/desormais-rien-ne-sera-plus-pareil-pour-las-eupen-une-victoire-contre-le-dernier-club-le-club-nxt-est-indispensable\/#primaryimage\"},\"thumbnailUrl\":\"https:\/\/vieassociative.be\/actualites\/wp-content\/uploads\/2025\/12\/1765657047_Desormais-rien-ne-sera-plus-pareil-pour-lAS-Eupen.jpg\",\"keywords\":[\"Club\",\"contre\",\"dernier\",\"d\u00e9sormais\",\"est\",\"Eupen\",\"indispensable\",\"lAS\",\"NXT\",\"pareil\",\"pour\",\"rien\",\"sera\",\"une\",\"victoire\"],\"articleSection\":[\"Belgique\"],\"inLanguage\":\"fr-BE\"},{\"@type\":\"WebPage\",\"@id\":\"https:\/\/vieassociative.be\/actualites\/desormais-rien-ne-sera-plus-pareil-pour-las-eupen-une-victoire-contre-le-dernier-club-le-club-nxt-est-indispensable\/\",\"url\":\"https:\/\/vieassociative.be\/actualites\/desormais-rien-ne-sera-plus-pareil-pour-las-eupen-une-victoire-contre-le-dernier-club-le-club-nxt-est-indispensable\/\",\"name\":\"D\u00e9sormais, rien ne sera plus pareil pour l'AS Eupen - une victoire contre le dernier club, le Club NXT, est indispensable | Vie Associative\",\"isPartOf\":{\"@id\":\"https:\/\/vieassociative.be\/actualites\/#website\"},\"primaryImageOfPage\":{\"@id\":\"https:\/\/vieassociative.be\/actualites\/desormais-rien-ne-sera-plus-pareil-pour-las-eupen-une-victoire-contre-le-dernier-club-le-club-nxt-est-indispensable\/#primaryimage\"},\"image\":{\"@id\":\"https:\/\/vieassociative.be\/actualites\/desormais-rien-ne-sera-plus-pareil-pour-las-eupen-une-victoire-contre-le-dernier-club-le-club-nxt-est-indispensable\/#primaryimage\"},\"thumbnailUrl\":\"https:\/\/vieassociative.be\/actualites\/wp-content\/uploads\/2025\/12\/1765657047_Desormais-rien-ne-sera-plus-pareil-pour-lAS-Eupen.jpg\",\"datePublished\":\"2025-12-13T20:17:26+00:00\",\"dateModified\":\"2025-12-13T20:17:26+00:00\",\"breadcrumb\":{\"@id\":\"https:\/\/vieassociative.be\/actualites\/desormais-rien-ne-sera-plus-pareil-pour-las-eupen-une-victoire-contre-le-dernier-club-le-club-nxt-est-indispensable\/#breadcrumb\"},\"inLanguage\":\"fr-BE\",\"potentialAction\":[{\"@type\":\"ReadAction\",\"target\":[\"https:\/\/vieassociative.be\/actualites\/desormais-rien-ne-sera-plus-pareil-pour-las-eupen-une-victoire-contre-le-dernier-club-le-club-nxt-est-indispensable\/\"]}]},{\"@type\":\"ImageObject\",\"inLanguage\":\"fr-BE\",\"@id\":\"https:\/\/vieassociative.be\/actualites\/desormais-rien-ne-sera-plus-pareil-pour-las-eupen-une-victoire-contre-le-dernier-club-le-club-nxt-est-indispensable\/#primaryimage\",\"url\":\"https:\/\/vieassociative.be\/actualites\/wp-content\/uploads\/2025\/12\/1765657047_Desormais-rien-ne-sera-plus-pareil-pour-lAS-Eupen.jpg\",\"contentUrl\":\"https:\/\/vieassociative.be\/actualites\/wp-content\/uploads\/2025\/12\/1765657047_Desormais-rien-ne-sera-plus-pareil-pour-lAS-Eupen.jpg\",\"width\":1200,\"height\":800,\"caption\":\"D\u00e9sormais, rien ne sera plus pareil pour l'AS Eupen - une victoire contre le dernier club, le Club NXT, est indispensable\"},{\"@type\":\"BreadcrumbList\",\"@id\":\"https:\/\/vieassociative.be\/actualites\/desormais-rien-ne-sera-plus-pareil-pour-las-eupen-une-victoire-contre-le-dernier-club-le-club-nxt-est-indispensable\/#breadcrumb\",\"itemListElement\":[{\"@type\":\"ListItem\",\"position\":1,\"name\":\"Accueil\",\"item\":\"https:\/\/vieassociative.be\/actualites\/\"},{\"@type\":\"ListItem\",\"position\":2,\"name\":\"D\u00e9sormais, rien ne sera plus pareil pour l&rsquo;AS Eupen &#8211; une victoire contre le dernier club, le Club NXT, est indispensable\"}]},{\"@type\":\"WebSite\",\"@id\":\"https:\/\/vieassociative.be\/actualites\/#website\",\"url\":\"https:\/\/vieassociative.be\/actualites\/\",\"name\":\"Vie Associative\",\"description\":\"\",\"publisher\":{\"@id\":\"https:\/\/vieassociative.be\/actualites\/#organization\"},\"potentialAction\":[{\"@type\":\"SearchAction\",\"target\":{\"@type\":\"EntryPoint\",\"urlTemplate\":\"https:\/\/vieassociative.be\/actualites\/?s={search_term_string}\"},\"query-input\":{\"@type\":\"PropertyValueSpecification\",\"valueRequired\":true,\"valueName\":\"search_term_string\"}}],\"inLanguage\":\"fr-BE\"},{\"@type\":\"Organization\",\"@id\":\"https:\/\/vieassociative.be\/actualites\/#organization\",\"name\":\"Vie Associative\",\"url\":\"https:\/\/vieassociative.be\/actualites\/\",\"logo\":{\"@type\":\"ImageObject\",\"inLanguage\":\"fr-BE\",\"@id\":\"https:\/\/vieassociative.be\/actualites\/#\/schema\/logo\/image\/\",\"url\":\"https:\/\/vieassociative.be\/actualites\/wp-content\/uploads\/2024\/09\/cropped-vieassociative_favicon.ico.png\",\"contentUrl\":\"https:\/\/vieassociative.be\/actualites\/wp-content\/uploads\/2024\/09\/cropped-vieassociative_favicon.ico.png\",\"width\":512,\"height\":512,\"caption\":\"Vie Associative\"},\"image\":{\"@id\":\"https:\/\/vieassociative.be\/actualites\/#\/schema\/logo\/image\/\"}},{\"@type\":\"Person\",\"@id\":\"https:\/\/vieassociative.be\/actualites\/#\/schema\/person\/b87ac4f82f9d4e7b7cec7395b679edc4\",\"name\":\"Julien\",\"image\":{\"@type\":\"ImageObject\",\"inLanguage\":\"fr-BE\",\"@id\":\"https:\/\/vieassociative.be\/actualites\/#\/schema\/person\/image\/\",\"url\":\"https:\/\/vieassociative.be\/actualites\/wp-content\/uploads\/2024\/09\/vie-associative-1-150x150.jpg\",\"contentUrl\":\"https:\/\/vieassociative.be\/actualites\/wp-content\/uploads\/2024\/09\/vie-associative-1-150x150.jpg\",\"caption\":\"Julien\"},\"description\":\"Je suis Julien, r\u00e9dacteur pour Vie Associative. Passionn\u00e9 par le monde associatif depuis plus de 10 ans, j'ai \u00e0 c\u0153ur de partager des histoires inspirantes et de mettre en lumi\u00e8re les initiatives locales. Mon objectif est de sensibiliser et d'encourager l'engagement communautaire \u00e0 travers mes articles.\",\"sameAs\":[\"https:\/\/vieassociative.be\/\"]}]}<\/script>\n<!-- \/ Yoast SEO plugin. -->","yoast_head_json":{"title":"D\u00e9sormais, rien ne sera plus pareil pour l'AS Eupen - une victoire contre le dernier club, le Club NXT, est indispensable | Vie Associative","robots":{"index":"index","follow":"follow","max-snippet":"max-snippet:-1","max-image-preview":"max-image-preview:large","max-video-preview":"max-video-preview:-1"},"canonical":"https:\/\/vieassociative.be\/actualites\/desormais-rien-ne-sera-plus-pareil-pour-las-eupen-une-victoire-contre-le-dernier-club-le-club-nxt-est-indispensable\/","og_locale":"fr_FR","og_type":"article","og_title":"D\u00e9sormais, rien ne sera plus pareil pour l'AS Eupen - une victoire contre le dernier club, le Club NXT, est indispensable | Vie Associative","og_description":"L\u2019euphorie r\u00e8gne ces jours-ci sur l\u2019Eupener Kehrweg. Cela rappelle l\u2019ambiance du d\u00e9but de l\u2019\u00e9t\u00e9 2012, lorsque la Fondation Aspire Zone a repris l\u2019AS. Les attentes","og_url":"https:\/\/vieassociative.be\/actualites\/desormais-rien-ne-sera-plus-pareil-pour-las-eupen-une-victoire-contre-le-dernier-club-le-club-nxt-est-indispensable\/","og_site_name":"Vie Associative","article_published_time":"2025-12-13T20:17:26+00:00","og_image":[{"width":279,"height":92,"url":"https:\/\/vieassociative.be\/actualites\/wp-content\/uploads\/2024\/09\/header_backgroundk-01-e1726694325946.png","type":"image\/png"}],"author":"Julien","twitter_card":"summary_large_image","twitter_misc":{"\u00c9crit par":"Julien","Dur\u00e9e de lecture est.":"3 minutes"},"schema":{"@context":"https:\/\/schema.org","@graph":[{"@type":"Article","@id":"https:\/\/vieassociative.be\/actualites\/desormais-rien-ne-sera-plus-pareil-pour-las-eupen-une-victoire-contre-le-dernier-club-le-club-nxt-est-indispensable\/#article","isPartOf":{"@id":"https:\/\/vieassociative.be\/actualites\/desormais-rien-ne-sera-plus-pareil-pour-las-eupen-une-victoire-contre-le-dernier-club-le-club-nxt-est-indispensable\/"},"author":{"name":"Julien","@id":"https:\/\/vieassociative.be\/actualites\/#\/schema\/person\/b87ac4f82f9d4e7b7cec7395b679edc4"},"headline":"D\u00e9sormais, rien ne sera plus pareil pour l&rsquo;AS Eupen &#8211; une victoire contre le dernier club, le Club NXT, est indispensable","datePublished":"2025-12-13T20:17:26+00:00","dateModified":"2025-12-13T20:17:26+00:00","mainEntityOfPage":{"@id":"https:\/\/vieassociative.be\/actualites\/desormais-rien-ne-sera-plus-pareil-pour-las-eupen-une-victoire-contre-le-dernier-club-le-club-nxt-est-indispensable\/"},"wordCount":623,"publisher":{"@id":"https:\/\/vieassociative.be\/actualites\/#organization"},"image":{"@id":"https:\/\/vieassociative.be\/actualites\/desormais-rien-ne-sera-plus-pareil-pour-las-eupen-une-victoire-contre-le-dernier-club-le-club-nxt-est-indispensable\/#primaryimage"},"thumbnailUrl":"https:\/\/vieassociative.be\/actualites\/wp-content\/uploads\/2025\/12\/1765657047_Desormais-rien-ne-sera-plus-pareil-pour-lAS-Eupen.jpg","keywords":["Club","contre","dernier","d\u00e9sormais","est","Eupen","indispensable","lAS","NXT","pareil","pour","rien","sera","une","victoire"],"articleSection":["Belgique"],"inLanguage":"fr-BE"},{"@type":"WebPage","@id":"https:\/\/vieassociative.be\/actualites\/desormais-rien-ne-sera-plus-pareil-pour-las-eupen-une-victoire-contre-le-dernier-club-le-club-nxt-est-indispensable\/","url":"https:\/\/vieassociative.be\/actualites\/desormais-rien-ne-sera-plus-pareil-pour-las-eupen-une-victoire-contre-le-dernier-club-le-club-nxt-est-indispensable\/","name":"D\u00e9sormais, rien ne sera plus pareil pour l'AS Eupen - une victoire contre le dernier club, le Club NXT, est indispensable | Vie Associative","isPartOf":{"@id":"https:\/\/vieassociative.be\/actualites\/#website"},"primaryImageOfPage":{"@id":"https:\/\/vieassociative.be\/actualites\/desormais-rien-ne-sera-plus-pareil-pour-las-eupen-une-victoire-contre-le-dernier-club-le-club-nxt-est-indispensable\/#primaryimage"},"image":{"@id":"https:\/\/vieassociative.be\/actualites\/desormais-rien-ne-sera-plus-pareil-pour-las-eupen-une-victoire-contre-le-dernier-club-le-club-nxt-est-indispensable\/#primaryimage"},"thumbnailUrl":"https:\/\/vieassociative.be\/actualites\/wp-content\/uploads\/2025\/12\/1765657047_Desormais-rien-ne-sera-plus-pareil-pour-lAS-Eupen.jpg","datePublished":"2025-12-13T20:17:26+00:00","dateModified":"2025-12-13T20:17:26+00:00","breadcrumb":{"@id":"https:\/\/vieassociative.be\/actualites\/desormais-rien-ne-sera-plus-pareil-pour-las-eupen-une-victoire-contre-le-dernier-club-le-club-nxt-est-indispensable\/#breadcrumb"},"inLanguage":"fr-BE","potentialAction":[{"@type":"ReadAction","target":["https:\/\/vieassociative.be\/actualites\/desormais-rien-ne-sera-plus-pareil-pour-las-eupen-une-victoire-contre-le-dernier-club-le-club-nxt-est-indispensable\/"]}]},{"@type":"ImageObject","inLanguage":"fr-BE","@id":"https:\/\/vieassociative.be\/actualites\/desormais-rien-ne-sera-plus-pareil-pour-las-eupen-une-victoire-contre-le-dernier-club-le-club-nxt-est-indispensable\/#primaryimage","url":"https:\/\/vieassociative.be\/actualites\/wp-content\/uploads\/2025\/12\/1765657047_Desormais-rien-ne-sera-plus-pareil-pour-lAS-Eupen.jpg","contentUrl":"https:\/\/vieassociative.be\/actualites\/wp-content\/uploads\/2025\/12\/1765657047_Desormais-rien-ne-sera-plus-pareil-pour-lAS-Eupen.jpg","width":1200,"height":800,"caption":"D\u00e9sormais, rien ne sera plus pareil pour l'AS Eupen - une victoire contre le dernier club, le Club NXT, est indispensable"},{"@type":"BreadcrumbList","@id":"https:\/\/vieassociative.be\/actualites\/desormais-rien-ne-sera-plus-pareil-pour-las-eupen-une-victoire-contre-le-dernier-club-le-club-nxt-est-indispensable\/#breadcrumb","itemListElement":[{"@type":"ListItem","position":1,"name":"Accueil","item":"https:\/\/vieassociative.be\/actualites\/"},{"@type":"ListItem","position":2,"name":"D\u00e9sormais, rien ne sera plus pareil pour l&rsquo;AS Eupen &#8211; une victoire contre le dernier club, le Club NXT, est indispensable"}]},{"@type":"WebSite","@id":"https:\/\/vieassociative.be\/actualites\/#website","url":"https:\/\/vieassociative.be\/actualites\/","name":"Vie Associative","description":"","publisher":{"@id":"https:\/\/vieassociative.be\/actualites\/#organization"},"potentialAction":[{"@type":"SearchAction","target":{"@type":"EntryPoint","urlTemplate":"https:\/\/vieassociative.be\/actualites\/?s={search_term_string}"},"query-input":{"@type":"PropertyValueSpecification","valueRequired":true,"valueName":"search_term_string"}}],"inLanguage":"fr-BE"},{"@type":"Organization","@id":"https:\/\/vieassociative.be\/actualites\/#organization","name":"Vie Associative","url":"https:\/\/vieassociative.be\/actualites\/","logo":{"@type":"ImageObject","inLanguage":"fr-BE","@id":"https:\/\/vieassociative.be\/actualites\/#\/schema\/logo\/image\/","url":"https:\/\/vieassociative.be\/actualites\/wp-content\/uploads\/2024\/09\/cropped-vieassociative_favicon.ico.png","contentUrl":"https:\/\/vieassociative.be\/actualites\/wp-content\/uploads\/2024\/09\/cropped-vieassociative_favicon.ico.png","width":512,"height":512,"caption":"Vie Associative"},"image":{"@id":"https:\/\/vieassociative.be\/actualites\/#\/schema\/logo\/image\/"}},{"@type":"Person","@id":"https:\/\/vieassociative.be\/actualites\/#\/schema\/person\/b87ac4f82f9d4e7b7cec7395b679edc4","name":"Julien","image":{"@type":"ImageObject","inLanguage":"fr-BE","@id":"https:\/\/vieassociative.be\/actualites\/#\/schema\/person\/image\/","url":"https:\/\/vieassociative.be\/actualites\/wp-content\/uploads\/2024\/09\/vie-associative-1-150x150.jpg","contentUrl":"https:\/\/vieassociative.be\/actualites\/wp-content\/uploads\/2024\/09\/vie-associative-1-150x150.jpg","caption":"Julien"},"description":"Je suis Julien, r\u00e9dacteur pour Vie Associative. Passionn\u00e9 par le monde associatif depuis plus de 10 ans, j'ai \u00e0 c\u0153ur de partager des histoires inspirantes et de mettre en lumi\u00e8re les initiatives locales. Mon objectif est de sensibiliser et d'encourager l'engagement communautaire \u00e0 travers mes articles.","sameAs":["https:\/\/vieassociative.be\/"]}]}},"_links":{"self":[{"href":"https:\/\/vieassociative.be\/actualites\/wp-json\/wp\/v2\/posts\/11833"}],"collection":[{"href":"https:\/\/vieassociative.be\/actualites\/wp-json\/wp\/v2\/posts"}],"about":[{"href":"https:\/\/vieassociative.be\/actualites\/wp-json\/wp\/v2\/types\/post"}],"author":[{"embeddable":true,"href":"https:\/\/vieassociative.be\/actualites\/wp-json\/wp\/v2\/users\/1"}],"replies":[{"embeddable":true,"href":"https:\/\/vieassociative.be\/actualites\/wp-json\/wp\/v2\/comments?post=11833"}],"version-history":[{"count":0,"href":"https:\/\/vieassociative.be\/actualites\/wp-json\/wp\/v2\/posts\/11833\/revisions"}],"wp:featuredmedia":[{"embeddable":true,"href":"https:\/\/vieassociative.be\/actualites\/wp-json\/wp\/v2\/media\/11834"}],"wp:attachment":[{"href":"https:\/\/vieassociative.be\/actualites\/wp-json\/wp\/v2\/media?parent=11833"}],"wp:term":[{"taxonomy":"category","embeddable":true,"href":"https:\/\/vieassociative.be\/actualites\/wp-json\/wp\/v2\/categories?post=11833"},{"taxonomy":"post_tag","embeddable":true,"href":"https:\/\/vieassociative.be\/actualites\/wp-json\/wp\/v2\/tags?post=11833"}],"curies":[{"name":"wp","href":"https:\/\/api.w.org\/{rel}","templated":true}]}}