{"id":11829,"date":"2025-12-13T15:18:51","date_gmt":"2025-12-13T14:18:51","guid":{"rendered":"https:\/\/vieassociative.be\/actualites\/53eme-marche-de-noel-a-eupen-le-pere-noel-arrive-avec-un-secretaire-et-trois-hans-muffs-galerie-photos\/"},"modified":"2025-12-13T15:18:51","modified_gmt":"2025-12-13T14:18:51","slug":"53eme-marche-de-noel-a-eupen-le-pere-noel-arrive-avec-un-secretaire-et-trois-hans-muffs-galerie-photos","status":"publish","type":"post","link":"https:\/\/vieassociative.be\/actualites\/53eme-marche-de-noel-a-eupen-le-pere-noel-arrive-avec-un-secretaire-et-trois-hans-muffs-galerie-photos\/","title":{"rendered":"53\u00e8me March\u00e9 de No\u00ebl : A Eupen le P\u00e8re No\u00ebl arrive avec un secr\u00e9taire et trois Hans Muffs (galerie photos)"},"content":{"rendered":"<p><strong>Ce week-end, le march\u00e9 de No\u00ebl d&rsquo;Eupen aura lieu pour la 53\u00e8me fois. Vendredi soir, lors du vernissage, le photographe Patrick von Staufenberg \u00e9tait pr\u00e9sent avec son appareil photo pour \u00ab Ostbelgien Direkt \u00bb. Voici ses photos.<\/strong><\/p>\n<p><span id=\"more-431700\"><\/span>Selon les organisateurs, le march\u00e9 de No\u00ebl de la ville haute d&rsquo;Eupen est le plus ancien de l&rsquo;Euregio Meuse-Rhin. C&rsquo;est d\u00e9finitivement un march\u00e9 o\u00f9 la tradition est tr\u00e8s importante. <\/p>\n<p>Ici, le march\u00e9 de No\u00ebl s&rsquo;appelle encore march\u00e9 de No\u00ebl et non \u00ab Plaisirs d&rsquo;hiver \u00bb, Marie, Joseph et J\u00e9sus ont toujours un visage dans la cr\u00e8che de la Kl\u00f6tzerbahn, et tandis que dans certaines villes des Pays-Bas, la \u00ab Zwarte Piet \u00bb a \u00e9t\u00e9 abolie comme compagnon de \u00ab Sinterklaas \u00bb, \u00e0 Eupen, Saint-Nicolas vient toujours accompagn\u00e9 de son secr\u00e9taire et de Hans Muff. Vendredi, il y avait m\u00eame trois Hans Muff. Il n\u2019y a aucune mention de discrimination ni m\u00eame de racisme.<\/p>\n<div id=\"attachment_431829\" class=\"wp-caption alignleft\" style=\"max-width: 300px\"><img fetchpriority=\"high\" decoding=\"async\" class=\"wp-image-431829 size-medium\" src=\"https:\/\/vieassociative.be\/actualites\/wp-content\/uploads\/2025\/12\/53eme-Marche-de-Noel-A-Eupen-le-Pere-Noel.jpg\" alt=\"\" width=\"300\" height=\"200\"><\/div>\n<p>Au 53e March\u00e9 de No\u00ebl d&rsquo;Eupen, environ 80 stands proposent un large choix d&rsquo;artisanat, de sp\u00e9cialit\u00e9s culinaires et de d\u00e9corations festives.<\/p>\n<p>Vous y trouverez une vari\u00e9t\u00e9 de d\u00e9corations de No\u00ebl, des bijoux, des cr\u00e8ches, de la bi\u00e8re chaude unique, du vin chaud servi sur un feu ouvert et des produits r\u00e9gionaux.<\/p>\n<p>Diverses organisations sociales participent \u00e9galement \u00e0 leurs stands de No\u00ebl : Lions Club, Kiwanis Grenzlos, Table Ronde, Innerwheel, Lauf des Leben, People for People, Water Buffalo, Banakelasi et Eupen Animal Welfare Society.<\/p>\n<p>Les horaires d&rsquo;ouverture du march\u00e9 de No\u00ebl sont le samedi 13 d\u00e9cembre 2025, de 14h \u00e0 14h. \u00e0 21 heures et le dimanche 14 d\u00e9cembre 2025 de 11h \u00e0 20h. (cr\u00e9er)<\/p>\n<p><b><i>Vous trouverez ci-dessous une GALERIE DE PHOTOS avec des photos du photographe Patrick von Staufenberg prises lors du vernissage de vendredi soir (cliquez sur l&rsquo;image pour l&rsquo;agrandir)\u00a0:<\/i><\/b><\/p>\n<div class=\"wp-gallery row\">\n<figure class=\"column small-6 medium-3 end\"><img decoding=\"async\" src=\"https:\/\/vieassociative.be\/actualites\/wp-content\/uploads\/2025\/12\/1765635522_802_53eme-Marche-de-Noel-A-Eupen-le-Pere-Noel.jpg\" width=\"159\" height=\"159\" alt=\"\"><\/figure>\n<figure class=\"column small-6 medium-3 end\"><img decoding=\"async\" src=\"https:\/\/vieassociative.be\/actualites\/wp-content\/uploads\/2025\/12\/1765635522_306_53eme-Marche-de-Noel-A-Eupen-le-Pere-Noel.jpg\" width=\"159\" height=\"159\" alt=\"\"><\/figure>\n<figure class=\"column small-6 medium-3 end\"><img loading=\"lazy\" decoding=\"async\" src=\"https:\/\/vieassociative.be\/actualites\/wp-content\/uploads\/2025\/12\/1765635522_502_53eme-Marche-de-Noel-A-Eupen-le-Pere-Noel.jpg\" width=\"159\" height=\"159\" alt=\"\"><\/figure>\n<figure class=\"column small-6 medium-3 end\"><img loading=\"lazy\" decoding=\"async\" src=\"https:\/\/vieassociative.be\/actualites\/wp-content\/uploads\/2025\/12\/1765635522_249_53eme-Marche-de-Noel-A-Eupen-le-Pere-Noel.jpg\" width=\"159\" height=\"159\" alt=\"\"><\/figure>\n<figure class=\"column small-6 medium-3 end\"><img loading=\"lazy\" decoding=\"async\" src=\"https:\/\/vieassociative.be\/actualites\/wp-content\/uploads\/2025\/12\/1765635523_273_53eme-Marche-de-Noel-A-Eupen-le-Pere-Noel.jpg\" width=\"159\" height=\"159\" alt=\"\"><\/figure>\n<figure class=\"column small-6 medium-3 end\"><img loading=\"lazy\" decoding=\"async\" src=\"https:\/\/vieassociative.be\/actualites\/wp-content\/uploads\/2025\/12\/1765635523_944_53eme-Marche-de-Noel-A-Eupen-le-Pere-Noel.jpg\" width=\"159\" height=\"159\" alt=\"\"><\/figure>\n<figure class=\"column small-6 medium-3 end\"><img loading=\"lazy\" decoding=\"async\" src=\"https:\/\/vieassociative.be\/actualites\/wp-content\/uploads\/2025\/12\/1765635523_489_53eme-Marche-de-Noel-A-Eupen-le-Pere-Noel.jpg\" width=\"159\" height=\"159\" alt=\"\"><\/figure>\n<figure class=\"column small-6 medium-3 end\"><img loading=\"lazy\" decoding=\"async\" src=\"https:\/\/vieassociative.be\/actualites\/wp-content\/uploads\/2025\/12\/1765635523_40_53eme-Marche-de-Noel-A-Eupen-le-Pere-Noel.jpg\" width=\"159\" height=\"159\" alt=\"\"><\/figure>\n<figure class=\"column small-6 medium-3 end\"><img loading=\"lazy\" decoding=\"async\" src=\"https:\/\/vieassociative.be\/actualites\/wp-content\/uploads\/2025\/12\/1765635523_9_53eme-Marche-de-Noel-A-Eupen-le-Pere-Noel.jpg\" width=\"159\" height=\"159\" alt=\"\"><\/figure>\n<figure class=\"column small-6 medium-3 end\"><img loading=\"lazy\" decoding=\"async\" src=\"https:\/\/vieassociative.be\/actualites\/wp-content\/uploads\/2025\/12\/1765635523_180_53eme-Marche-de-Noel-A-Eupen-le-Pere-Noel.jpg\" width=\"159\" height=\"159\" alt=\"\"><\/figure>\n<figure class=\"column small-6 medium-3 end\"><img loading=\"lazy\" decoding=\"async\" src=\"https:\/\/vieassociative.be\/actualites\/wp-content\/uploads\/2025\/12\/1765635523_262_53eme-Marche-de-Noel-A-Eupen-le-Pere-Noel.jpg\" width=\"159\" height=\"159\" alt=\"\"><\/figure>\n<figure class=\"column small-6 medium-3 end\"><img loading=\"lazy\" decoding=\"async\" src=\"https:\/\/vieassociative.be\/actualites\/wp-content\/uploads\/2025\/12\/1765635523_740_53eme-Marche-de-Noel-A-Eupen-le-Pere-Noel.jpg\" width=\"159\" height=\"159\" alt=\"\"><\/figure>\n<figure class=\"column small-6 medium-3 end\"><img loading=\"lazy\" decoding=\"async\" src=\"https:\/\/vieassociative.be\/actualites\/wp-content\/uploads\/2025\/12\/1765635523_668_53eme-Marche-de-Noel-A-Eupen-le-Pere-Noel.jpg\" width=\"159\" height=\"159\" alt=\"\"><\/figure>\n<figure class=\"column small-6 medium-3 end\"><img loading=\"lazy\" decoding=\"async\" src=\"https:\/\/vieassociative.be\/actualites\/wp-content\/uploads\/2025\/12\/1765635523_187_53eme-Marche-de-Noel-A-Eupen-le-Pere-Noel.jpg\" width=\"159\" height=\"159\" alt=\"\"><\/figure>\n<figure class=\"column small-6 medium-3 end\"><img loading=\"lazy\" decoding=\"async\" src=\"https:\/\/vieassociative.be\/actualites\/wp-content\/uploads\/2025\/12\/1765635523_22_53eme-Marche-de-Noel-A-Eupen-le-Pere-Noel.jpg\" width=\"159\" height=\"159\" alt=\"\"><\/figure>\n<figure class=\"column small-6 medium-3 end\"><img loading=\"lazy\" decoding=\"async\" src=\"https:\/\/vieassociative.be\/actualites\/wp-content\/uploads\/2025\/12\/1765635523_829_53eme-Marche-de-Noel-A-Eupen-le-Pere-Noel.jpg\" width=\"159\" height=\"159\" alt=\"\"><\/figure>\n<figure class=\"column small-6 medium-3 end\"><img loading=\"lazy\" decoding=\"async\" src=\"https:\/\/vieassociative.be\/actualites\/wp-content\/uploads\/2025\/12\/1765635524_921_53eme-Marche-de-Noel-A-Eupen-le-Pere-Noel.jpg\" width=\"159\" height=\"159\" alt=\"\"><\/figure>\n<figure class=\"column small-6 medium-3 end\"><img loading=\"lazy\" decoding=\"async\" src=\"https:\/\/vieassociative.be\/actualites\/wp-content\/uploads\/2025\/12\/1765635524_231_53eme-Marche-de-Noel-A-Eupen-le-Pere-Noel.jpg\" width=\"159\" height=\"159\" alt=\"\"><\/figure>\n<figure class=\"column small-6 medium-3 end\"><img loading=\"lazy\" decoding=\"async\" src=\"https:\/\/vieassociative.be\/actualites\/wp-content\/uploads\/2025\/12\/1765635524_569_53eme-Marche-de-Noel-A-Eupen-le-Pere-Noel.jpg\" width=\"159\" height=\"159\" alt=\"\"><\/figure>\n<figure class=\"column small-6 medium-3 end\"><img loading=\"lazy\" decoding=\"async\" src=\"https:\/\/vieassociative.be\/actualites\/wp-content\/uploads\/2025\/12\/1765635524_226_53eme-Marche-de-Noel-A-Eupen-le-Pere-Noel.jpg\" width=\"159\" height=\"159\" alt=\"\"><\/figure>\n<figure class=\"column small-6 medium-3 end\"><img loading=\"lazy\" decoding=\"async\" src=\"https:\/\/vieassociative.be\/actualites\/wp-content\/uploads\/2025\/12\/1765635524_469_53eme-Marche-de-Noel-A-Eupen-le-Pere-Noel.jpg\" width=\"159\" height=\"159\" alt=\"\"><\/figure>\n<figure class=\"column small-6 medium-3 end\"><img loading=\"lazy\" decoding=\"async\" src=\"https:\/\/vieassociative.be\/actualites\/wp-content\/uploads\/2025\/12\/1765635524_39_53eme-Marche-de-Noel-A-Eupen-le-Pere-Noel.jpg\" width=\"159\" height=\"159\" alt=\"\"><\/figure>\n<figure class=\"column small-6 medium-3 end\"><img loading=\"lazy\" decoding=\"async\" src=\"https:\/\/vieassociative.be\/actualites\/wp-content\/uploads\/2025\/12\/1765635524_806_53eme-Marche-de-Noel-A-Eupen-le-Pere-Noel.jpg\" width=\"159\" height=\"159\" alt=\"\"><\/figure>\n<figure class=\"column small-6 medium-3 end\"><img loading=\"lazy\" decoding=\"async\" src=\"https:\/\/vieassociative.be\/actualites\/wp-content\/uploads\/2025\/12\/1765635524_884_53eme-Marche-de-Noel-A-Eupen-le-Pere-Noel.jpg\" width=\"159\" height=\"159\" alt=\"\"><\/figure>\n<figure class=\"column small-6 medium-3 end\"><img loading=\"lazy\" decoding=\"async\" src=\"https:\/\/vieassociative.be\/actualites\/wp-content\/uploads\/2025\/12\/1765635524_743_53eme-Marche-de-Noel-A-Eupen-le-Pere-Noel.jpg\" width=\"159\" height=\"159\" alt=\"\"><\/figure>\n<figure class=\"column small-6 medium-3 end\"><img loading=\"lazy\" decoding=\"async\" src=\"https:\/\/vieassociative.be\/actualites\/wp-content\/uploads\/2025\/12\/1765635524_455_53eme-Marche-de-Noel-A-Eupen-le-Pere-Noel.jpg\" width=\"159\" height=\"159\" alt=\"\"><\/figure>\n<figure class=\"column small-6 medium-3 end\"><img loading=\"lazy\" decoding=\"async\" src=\"https:\/\/vieassociative.be\/actualites\/wp-content\/uploads\/2025\/12\/1765635524_10_53eme-Marche-de-Noel-A-Eupen-le-Pere-Noel.jpg\" width=\"159\" height=\"159\" alt=\"\"><\/figure>\n<figure class=\"column small-6 medium-3 end\"><img loading=\"lazy\" decoding=\"async\" src=\"https:\/\/vieassociative.be\/actualites\/wp-content\/uploads\/2025\/12\/1765635524_514_53eme-Marche-de-Noel-A-Eupen-le-Pere-Noel.jpg\" width=\"159\" height=\"159\" alt=\"\"><\/figure>\n<figure class=\"column small-6 medium-3 end\"><img loading=\"lazy\" decoding=\"async\" src=\"https:\/\/vieassociative.be\/actualites\/wp-content\/uploads\/2025\/12\/1765635525_208_53eme-Marche-de-Noel-A-Eupen-le-Pere-Noel.jpg\" width=\"159\" height=\"159\" alt=\"\"><\/figure>\n<figure class=\"column small-6 medium-3 end\"><img loading=\"lazy\" decoding=\"async\" src=\"https:\/\/vieassociative.be\/actualites\/wp-content\/uploads\/2025\/12\/1765635525_944_53eme-Marche-de-Noel-A-Eupen-le-Pere-Noel.jpg\" width=\"159\" height=\"159\" alt=\"\"><\/figure>\n<figure class=\"column small-6 medium-3 end\"><img loading=\"lazy\" decoding=\"async\" src=\"https:\/\/vieassociative.be\/actualites\/wp-content\/uploads\/2025\/12\/1765635525_960_53eme-Marche-de-Noel-A-Eupen-le-Pere-Noel.jpg\" width=\"159\" height=\"159\" alt=\"\"><\/figure>\n<figure class=\"column small-6 medium-3 end\"><img loading=\"lazy\" decoding=\"async\" src=\"https:\/\/vieassociative.be\/actualites\/wp-content\/uploads\/2025\/12\/1765635525_636_53eme-Marche-de-Noel-A-Eupen-le-Pere-Noel.jpg\" width=\"159\" height=\"159\" alt=\"\"><\/figure>\n<figure class=\"column small-6 medium-3 end\"><img loading=\"lazy\" decoding=\"async\" src=\"https:\/\/vieassociative.be\/actualites\/wp-content\/uploads\/2025\/12\/1765635525_700_53eme-Marche-de-Noel-A-Eupen-le-Pere-Noel.jpg\" width=\"159\" height=\"159\" alt=\"\"><\/figure>\n<figure class=\"column small-6 medium-3 end\"><img loading=\"lazy\" decoding=\"async\" src=\"https:\/\/vieassociative.be\/actualites\/wp-content\/uploads\/2025\/12\/1765635525_497_53eme-Marche-de-Noel-A-Eupen-le-Pere-Noel.jpg\" width=\"159\" height=\"159\" alt=\"\"><\/figure>\n<figure class=\"column small-6 medium-3 end\"><img loading=\"lazy\" decoding=\"async\" src=\"https:\/\/vieassociative.be\/actualites\/wp-content\/uploads\/2025\/12\/1765635525_60_53eme-Marche-de-Noel-A-Eupen-le-Pere-Noel.jpg\" width=\"159\" height=\"159\" alt=\"\"><\/figure>\n<figure class=\"column small-6 medium-3 end\"><img loading=\"lazy\" decoding=\"async\" src=\"https:\/\/vieassociative.be\/actualites\/wp-content\/uploads\/2025\/12\/1765635525_200_53eme-Marche-de-Noel-A-Eupen-le-Pere-Noel.jpg\" width=\"159\" height=\"159\" alt=\"\"><\/figure>\n<figure class=\"column small-6 medium-3 end\"><img loading=\"lazy\" decoding=\"async\" src=\"https:\/\/vieassociative.be\/actualites\/wp-content\/uploads\/2025\/12\/1765635525_575_53eme-Marche-de-Noel-A-Eupen-le-Pere-Noel.jpg\" width=\"159\" height=\"159\" alt=\"\"><\/figure>\n<figure class=\"column small-6 medium-3 end\"><img loading=\"lazy\" decoding=\"async\" src=\"https:\/\/vieassociative.be\/actualites\/wp-content\/uploads\/2025\/12\/1765635525_181_53eme-Marche-de-Noel-A-Eupen-le-Pere-Noel.jpg\" width=\"159\" height=\"159\" alt=\"\"><\/figure>\n<figure class=\"column small-6 medium-3 end\"><img loading=\"lazy\" decoding=\"async\" src=\"https:\/\/vieassociative.be\/actualites\/wp-content\/uploads\/2025\/12\/1765635525_223_53eme-Marche-de-Noel-A-Eupen-le-Pere-Noel.jpg\" width=\"159\" height=\"159\" alt=\"\"><\/figure>\n<figure class=\"column small-6 medium-3 end\"><img loading=\"lazy\" decoding=\"async\" src=\"https:\/\/vieassociative.be\/actualites\/wp-content\/uploads\/2025\/12\/1765635525_721_53eme-Marche-de-Noel-A-Eupen-le-Pere-Noel.jpg\" width=\"159\" height=\"159\" alt=\"\"><\/figure>\n<figure class=\"column small-6 medium-3 end\"><img loading=\"lazy\" decoding=\"async\" src=\"https:\/\/vieassociative.be\/actualites\/wp-content\/uploads\/2025\/12\/1765635526_506_53eme-Marche-de-Noel-A-Eupen-le-Pere-Noel.jpg\" width=\"159\" height=\"159\" alt=\"\"><\/figure>\n<figure class=\"column small-6 medium-3 end\"><img loading=\"lazy\" decoding=\"async\" src=\"https:\/\/vieassociative.be\/actualites\/wp-content\/uploads\/2025\/12\/1765635526_461_53eme-Marche-de-Noel-A-Eupen-le-Pere-Noel.jpg\" width=\"159\" height=\"159\" alt=\"\"><\/figure>\n<figure class=\"column small-6 medium-3 end\"><img loading=\"lazy\" decoding=\"async\" src=\"https:\/\/vieassociative.be\/actualites\/wp-content\/uploads\/2025\/12\/1765635526_391_53eme-Marche-de-Noel-A-Eupen-le-Pere-Noel.jpg\" width=\"159\" height=\"159\" alt=\"\"><\/figure>\n<figure class=\"column small-6 medium-3 end\"><img loading=\"lazy\" decoding=\"async\" src=\"https:\/\/vieassociative.be\/actualites\/wp-content\/uploads\/2025\/12\/1765635526_210_53eme-Marche-de-Noel-A-Eupen-le-Pere-Noel.jpg\" width=\"159\" height=\"159\" alt=\"\"><\/figure>\n<figure class=\"column small-6 medium-3 end\"><img loading=\"lazy\" decoding=\"async\" src=\"https:\/\/vieassociative.be\/actualites\/wp-content\/uploads\/2025\/12\/1765635526_767_53eme-Marche-de-Noel-A-Eupen-le-Pere-Noel.jpg\" width=\"159\" height=\"159\" alt=\"\"><\/figure>\n<figure class=\"column small-6 medium-3 end\"><img loading=\"lazy\" decoding=\"async\" src=\"https:\/\/vieassociative.be\/actualites\/wp-content\/uploads\/2025\/12\/1765635526_777_53eme-Marche-de-Noel-A-Eupen-le-Pere-Noel.jpg\" width=\"159\" height=\"159\" alt=\"\"><\/figure>\n<figure class=\"column small-6 medium-3 end\"><img loading=\"lazy\" decoding=\"async\" src=\"https:\/\/vieassociative.be\/actualites\/wp-content\/uploads\/2025\/12\/1765635526_777_53eme-Marche-de-Noel-A-Eupen-le-Pere-Noel.jpg\" width=\"159\" height=\"159\" alt=\"\"><\/figure>\n<figure class=\"column small-6 medium-3 end\"><img loading=\"lazy\" decoding=\"async\" src=\"https:\/\/vieassociative.be\/actualites\/wp-content\/uploads\/2025\/12\/1765635526_975_53eme-Marche-de-Noel-A-Eupen-le-Pere-Noel.jpg\" width=\"159\" height=\"159\" alt=\"\"><\/figure>\n<figure class=\"column small-6 medium-3 end\"><img loading=\"lazy\" decoding=\"async\" src=\"https:\/\/vieassociative.be\/actualites\/wp-content\/uploads\/2025\/12\/1765635526_236_53eme-Marche-de-Noel-A-Eupen-le-Pere-Noel.jpg\" width=\"159\" height=\"159\" alt=\"\"><\/figure>\n<figure class=\"column small-6 medium-3 end\"><img loading=\"lazy\" decoding=\"async\" src=\"https:\/\/vieassociative.be\/actualites\/wp-content\/uploads\/2025\/12\/1765635526_188_53eme-Marche-de-Noel-A-Eupen-le-Pere-Noel.jpg\" width=\"159\" height=\"159\" alt=\"\"><\/figure>\n<figure class=\"column small-6 medium-3 end\"><img loading=\"lazy\" decoding=\"async\" src=\"https:\/\/vieassociative.be\/actualites\/wp-content\/uploads\/2025\/12\/1765635526_699_53eme-Marche-de-Noel-A-Eupen-le-Pere-Noel.jpg\" width=\"159\" height=\"159\" alt=\"\"><\/figure>\n<figure class=\"column small-6 medium-3 end\"><img loading=\"lazy\" decoding=\"async\" src=\"https:\/\/vieassociative.be\/actualites\/wp-content\/uploads\/2025\/12\/1765635526_33_53eme-Marche-de-Noel-A-Eupen-le-Pere-Noel.jpg\" width=\"159\" height=\"159\" alt=\"\"><\/figure>\n<figure class=\"column small-6 medium-3 end\"><img loading=\"lazy\" decoding=\"async\" src=\"https:\/\/vieassociative.be\/actualites\/wp-content\/uploads\/2025\/12\/1765635526_575_53eme-Marche-de-Noel-A-Eupen-le-Pere-Noel.jpg\" width=\"159\" height=\"159\" alt=\"\"><\/figure>\n<figure class=\"column small-6 medium-3 end\"><img loading=\"lazy\" decoding=\"async\" src=\"https:\/\/vieassociative.be\/actualites\/wp-content\/uploads\/2025\/12\/1765635527_931_53eme-Marche-de-Noel-A-Eupen-le-Pere-Noel.jpg\" width=\"159\" height=\"159\" alt=\"\"><\/figure>\n<figure class=\"column small-6 medium-3 end\"><img loading=\"lazy\" decoding=\"async\" src=\"https:\/\/vieassociative.be\/actualites\/wp-content\/uploads\/2025\/12\/1765635527_893_53eme-Marche-de-Noel-A-Eupen-le-Pere-Noel.jpg\" width=\"159\" height=\"159\" alt=\"\"><\/figure>\n<figure class=\"column small-6 medium-3 end\"><img loading=\"lazy\" decoding=\"async\" src=\"https:\/\/vieassociative.be\/actualites\/wp-content\/uploads\/2025\/12\/1765635527_500_53eme-Marche-de-Noel-A-Eupen-le-Pere-Noel.jpg\" width=\"159\" height=\"159\" alt=\"\"><\/figure>\n<figure class=\"column small-6 medium-3 end\"><img loading=\"lazy\" decoding=\"async\" src=\"https:\/\/vieassociative.be\/actualites\/wp-content\/uploads\/2025\/12\/1765635527_560_53eme-Marche-de-Noel-A-Eupen-le-Pere-Noel.jpg\" width=\"159\" height=\"159\" alt=\"\"><\/figure>\n<figure class=\"column small-6 medium-3 end\"><img loading=\"lazy\" decoding=\"async\" src=\"https:\/\/vieassociative.be\/actualites\/wp-content\/uploads\/2025\/12\/1765635527_972_53eme-Marche-de-Noel-A-Eupen-le-Pere-Noel.jpg\" width=\"159\" height=\"159\" alt=\"\"><\/figure>\n<figure class=\"column small-6 medium-3 end\"><img loading=\"lazy\" decoding=\"async\" src=\"https:\/\/vieassociative.be\/actualites\/wp-content\/uploads\/2025\/12\/1765635527_133_53eme-Marche-de-Noel-A-Eupen-le-Pere-Noel.jpg\" width=\"159\" height=\"159\" alt=\"\"><\/figure>\n<figure class=\"column small-6 medium-3 end\"><img loading=\"lazy\" decoding=\"async\" src=\"https:\/\/vieassociative.be\/actualites\/wp-content\/uploads\/2025\/12\/1765635527_56_53eme-Marche-de-Noel-A-Eupen-le-Pere-Noel.jpg\" width=\"159\" height=\"159\" alt=\"\"><\/figure>\n<figure class=\"column small-6 medium-3 end\"><img loading=\"lazy\" decoding=\"async\" src=\"https:\/\/vieassociative.be\/actualites\/wp-content\/uploads\/2025\/12\/1765635527_462_53eme-Marche-de-Noel-A-Eupen-le-Pere-Noel.jpg\" width=\"159\" height=\"159\" alt=\"\"><\/figure>\n<figure class=\"column small-6 medium-3 end\"><img loading=\"lazy\" decoding=\"async\" src=\"https:\/\/vieassociative.be\/actualites\/wp-content\/uploads\/2025\/12\/1765635527_11_53eme-Marche-de-Noel-A-Eupen-le-Pere-Noel.jpg\" width=\"159\" height=\"159\" alt=\"\"><\/figure>\n<figure class=\"column small-6 medium-3 end\"><img loading=\"lazy\" decoding=\"async\" src=\"https:\/\/vieassociative.be\/actualites\/wp-content\/uploads\/2025\/12\/1765635527_685_53eme-Marche-de-Noel-A-Eupen-le-Pere-Noel.jpg\" width=\"159\" height=\"159\" alt=\"\"><\/figure>\n<figure class=\"column small-6 medium-3 end\"><img loading=\"lazy\" decoding=\"async\" src=\"https:\/\/vieassociative.be\/actualites\/wp-content\/uploads\/2025\/12\/1765635527_833_53eme-Marche-de-Noel-A-Eupen-le-Pere-Noel.jpg\" width=\"159\" height=\"159\" alt=\"\"><\/figure>\n<figure class=\"column small-6 medium-3 end\"><img loading=\"lazy\" decoding=\"async\" src=\"https:\/\/vieassociative.be\/actualites\/wp-content\/uploads\/2025\/12\/1765635527_677_53eme-Marche-de-Noel-A-Eupen-le-Pere-Noel.jpg\" width=\"159\" height=\"159\" alt=\"\"><\/figure>\n<figure class=\"column small-6 medium-3 end\"><img loading=\"lazy\" decoding=\"async\" src=\"https:\/\/vieassociative.be\/actualites\/wp-content\/uploads\/2025\/12\/1765635528_177_53eme-Marche-de-Noel-A-Eupen-le-Pere-Noel.jpg\" width=\"159\" height=\"159\" alt=\"\"><\/figure>\n<figure class=\"column small-6 medium-3 end\"><img loading=\"lazy\" decoding=\"async\" src=\"https:\/\/vieassociative.be\/actualites\/wp-content\/uploads\/2025\/12\/1765635528_818_53eme-Marche-de-Noel-A-Eupen-le-Pere-Noel.jpg\" width=\"159\" height=\"159\" alt=\"\"><\/figure>\n<figure class=\"column small-6 medium-3 end\"><img loading=\"lazy\" decoding=\"async\" src=\"https:\/\/vieassociative.be\/actualites\/wp-content\/uploads\/2025\/12\/1765635528_686_53eme-Marche-de-Noel-A-Eupen-le-Pere-Noel.jpg\" width=\"159\" height=\"159\" alt=\"\"><\/figure>\n<figure class=\"column small-6 medium-3 end\"><img loading=\"lazy\" decoding=\"async\" src=\"https:\/\/vieassociative.be\/actualites\/wp-content\/uploads\/2025\/12\/1765635528_847_53eme-Marche-de-Noel-A-Eupen-le-Pere-Noel.jpg\" width=\"159\" height=\"159\" alt=\"\"><\/figure>\n<figure class=\"column small-6 medium-3 end\"><img loading=\"lazy\" decoding=\"async\" src=\"https:\/\/vieassociative.be\/actualites\/wp-content\/uploads\/2025\/12\/1765635528_671_53eme-Marche-de-Noel-A-Eupen-le-Pere-Noel.jpg\" width=\"159\" height=\"159\" alt=\"\"><\/figure>\n<figure class=\"column small-6 medium-3 end\"><img loading=\"lazy\" decoding=\"async\" src=\"https:\/\/vieassociative.be\/actualites\/wp-content\/uploads\/2025\/12\/1765635528_587_53eme-Marche-de-Noel-A-Eupen-le-Pere-Noel.jpg\" width=\"159\" height=\"159\" alt=\"\"><\/figure>\n<figure class=\"column small-6 medium-3 end\"><img loading=\"lazy\" decoding=\"async\" src=\"https:\/\/vieassociative.be\/actualites\/wp-content\/uploads\/2025\/12\/1765635528_844_53eme-Marche-de-Noel-A-Eupen-le-Pere-Noel.jpg\" width=\"159\" height=\"159\" alt=\"\"><\/figure>\n<figure class=\"column small-6 medium-3 end\"><img loading=\"lazy\" decoding=\"async\" src=\"https:\/\/vieassociative.be\/actualites\/wp-content\/uploads\/2025\/12\/1765635528_995_53eme-Marche-de-Noel-A-Eupen-le-Pere-Noel.jpg\" width=\"159\" height=\"159\" alt=\"\"><\/figure>\n<figure class=\"column small-6 medium-3 end\"><img loading=\"lazy\" decoding=\"async\" src=\"https:\/\/vieassociative.be\/actualites\/wp-content\/uploads\/2025\/12\/1765635528_775_53eme-Marche-de-Noel-A-Eupen-le-Pere-Noel.jpg\" width=\"159\" height=\"159\" alt=\"\"><\/figure>\n<figure class=\"column small-6 medium-3 end\"><img loading=\"lazy\" decoding=\"async\" src=\"https:\/\/vieassociative.be\/actualites\/wp-content\/uploads\/2025\/12\/1765635528_885_53eme-Marche-de-Noel-A-Eupen-le-Pere-Noel.jpg\" width=\"159\" height=\"159\" alt=\"\"><\/figure>\n<figure class=\"column small-6 medium-3 end\"><img loading=\"lazy\" decoding=\"async\" src=\"https:\/\/vieassociative.be\/actualites\/wp-content\/uploads\/2025\/12\/1765635528_372_53eme-Marche-de-Noel-A-Eupen-le-Pere-Noel.jpg\" width=\"159\" height=\"159\" alt=\"\"><\/figure>\n<figure class=\"column small-6 medium-3 end\"><img loading=\"lazy\" decoding=\"async\" src=\"https:\/\/vieassociative.be\/actualites\/wp-content\/uploads\/2025\/12\/1765635528_107_53eme-Marche-de-Noel-A-Eupen-le-Pere-Noel.jpg\" width=\"159\" height=\"159\" alt=\"\"><\/figure>\n<figure class=\"column small-6 medium-3 end\"><img loading=\"lazy\" decoding=\"async\" src=\"https:\/\/vieassociative.be\/actualites\/wp-content\/uploads\/2025\/12\/1765635529_875_53eme-Marche-de-Noel-A-Eupen-le-Pere-Noel.jpg\" width=\"159\" height=\"159\" alt=\"\"><\/figure>\n<figure class=\"column small-6 medium-3 end\"><img loading=\"lazy\" decoding=\"async\" src=\"https:\/\/vieassociative.be\/actualites\/wp-content\/uploads\/2025\/12\/1765635529_354_53eme-Marche-de-Noel-A-Eupen-le-Pere-Noel.jpg\" width=\"159\" height=\"159\" alt=\"\"><\/figure>\n<figure class=\"column small-6 medium-3 end\"><img loading=\"lazy\" decoding=\"async\" src=\"https:\/\/vieassociative.be\/actualites\/wp-content\/uploads\/2025\/12\/1765635529_971_53eme-Marche-de-Noel-A-Eupen-le-Pere-Noel.jpg\" width=\"159\" height=\"159\" alt=\"\"><\/figure>\n<figure class=\"column small-6 medium-3 end\"><img loading=\"lazy\" decoding=\"async\" src=\"https:\/\/vieassociative.be\/actualites\/wp-content\/uploads\/2025\/12\/1765635529_750_53eme-Marche-de-Noel-A-Eupen-le-Pere-Noel.jpg\" width=\"159\" height=\"159\" alt=\"\"><\/figure>\n<figure class=\"column small-6 medium-3 end\"><img loading=\"lazy\" decoding=\"async\" src=\"https:\/\/vieassociative.be\/actualites\/wp-content\/uploads\/2025\/12\/1765635529_49_53eme-Marche-de-Noel-A-Eupen-le-Pere-Noel.jpg\" width=\"159\" height=\"159\" alt=\"\"><\/figure>\n<figure class=\"column small-6 medium-3 end\"><img loading=\"lazy\" decoding=\"async\" src=\"https:\/\/vieassociative.be\/actualites\/wp-content\/uploads\/2025\/12\/1765635529_675_53eme-Marche-de-Noel-A-Eupen-le-Pere-Noel.jpg\" width=\"159\" height=\"159\" alt=\"\"><\/figure>\n<figure class=\"column small-6 medium-3 end\"><img loading=\"lazy\" decoding=\"async\" src=\"https:\/\/vieassociative.be\/actualites\/wp-content\/uploads\/2025\/12\/1765635529_726_53eme-Marche-de-Noel-A-Eupen-le-Pere-Noel.jpg\" width=\"159\" height=\"159\" alt=\"\"><\/figure>\n<figure class=\"column small-6 medium-3 end\"><img loading=\"lazy\" decoding=\"async\" src=\"https:\/\/vieassociative.be\/actualites\/wp-content\/uploads\/2025\/12\/1765635529_316_53eme-Marche-de-Noel-A-Eupen-le-Pere-Noel.jpg\" width=\"159\" height=\"159\" alt=\"\"><\/figure>\n<figure class=\"column small-6 medium-3 end\"><img loading=\"lazy\" decoding=\"async\" src=\"https:\/\/vieassociative.be\/actualites\/wp-content\/uploads\/2025\/12\/1765635529_421_53eme-Marche-de-Noel-A-Eupen-le-Pere-Noel.jpg\" width=\"159\" height=\"159\" alt=\"\"><\/figure>\n<figure class=\"column small-6 medium-3 end\"><img loading=\"lazy\" decoding=\"async\" src=\"https:\/\/vieassociative.be\/actualites\/wp-content\/uploads\/2025\/12\/1765635529_59_53eme-Marche-de-Noel-A-Eupen-le-Pere-Noel.jpg\" width=\"159\" height=\"159\" alt=\"\"><\/figure>\n<figure class=\"column small-6 medium-3 end\"><img loading=\"lazy\" decoding=\"async\" src=\"https:\/\/vieassociative.be\/actualites\/wp-content\/uploads\/2025\/12\/1765635529_492_53eme-Marche-de-Noel-A-Eupen-le-Pere-Noel.jpg\" width=\"159\" height=\"159\" alt=\"\"><\/figure>\n<figure class=\"column small-6 medium-3 end\"><img loading=\"lazy\" decoding=\"async\" src=\"https:\/\/vieassociative.be\/actualites\/wp-content\/uploads\/2025\/12\/1765635529_166_53eme-Marche-de-Noel-A-Eupen-le-Pere-Noel.jpg\" width=\"159\" height=\"159\" alt=\"\"><\/figure>\n<figure class=\"column small-6 medium-3 end\"><img loading=\"lazy\" decoding=\"async\" src=\"https:\/\/vieassociative.be\/actualites\/wp-content\/uploads\/2025\/12\/1765635529_436_53eme-Marche-de-Noel-A-Eupen-le-Pere-Noel.jpg\" width=\"159\" height=\"159\" alt=\"\"><\/figure>\n<figure class=\"column small-6 medium-3 end\"><img loading=\"lazy\" decoding=\"async\" src=\"https:\/\/vieassociative.be\/actualites\/wp-content\/uploads\/2025\/12\/1765635530_925_53eme-Marche-de-Noel-A-Eupen-le-Pere-Noel.jpg\" width=\"159\" height=\"159\" alt=\"\"><\/figure>\n<figure class=\"column small-6 medium-3 end\"><img loading=\"lazy\" decoding=\"async\" src=\"https:\/\/vieassociative.be\/actualites\/wp-content\/uploads\/2025\/12\/1765635530_780_53eme-Marche-de-Noel-A-Eupen-le-Pere-Noel.jpg\" width=\"159\" height=\"159\" alt=\"\"><\/figure>\n<figure class=\"column small-6 medium-3 end\"><img loading=\"lazy\" decoding=\"async\" src=\"https:\/\/vieassociative.be\/actualites\/wp-content\/uploads\/2025\/12\/1765635530_393_53eme-Marche-de-Noel-A-Eupen-le-Pere-Noel.jpg\" width=\"159\" height=\"159\" alt=\"\"><\/figure>\n<figure class=\"column small-6 medium-3 end\"><img loading=\"lazy\" decoding=\"async\" src=\"https:\/\/vieassociative.be\/actualites\/wp-content\/uploads\/2025\/12\/1765635530_866_53eme-Marche-de-Noel-A-Eupen-le-Pere-Noel.jpg\" width=\"159\" height=\"159\" alt=\"\"><\/figure>\n<figure class=\"column small-6 medium-3 end\"><img loading=\"lazy\" decoding=\"async\" src=\"https:\/\/vieassociative.be\/actualites\/wp-content\/uploads\/2025\/12\/1765635530_257_53eme-Marche-de-Noel-A-Eupen-le-Pere-Noel.jpg\" width=\"159\" height=\"159\" alt=\"\"><\/figure>\n<figure class=\"column small-6 medium-3 end\"><img loading=\"lazy\" decoding=\"async\" src=\"https:\/\/vieassociative.be\/actualites\/wp-content\/uploads\/2025\/12\/1765635530_541_53eme-Marche-de-Noel-A-Eupen-le-Pere-Noel.jpg\" width=\"159\" height=\"159\" alt=\"\"><\/figure>\n<figure class=\"column small-6 medium-3 end\"><img loading=\"lazy\" decoding=\"async\" src=\"https:\/\/vieassociative.be\/actualites\/wp-content\/uploads\/2025\/12\/1765635530_583_53eme-Marche-de-Noel-A-Eupen-le-Pere-Noel.jpg\" width=\"159\" height=\"159\" alt=\"\"><\/figure>\n<figure class=\"column small-6 medium-3 end\"><img loading=\"lazy\" decoding=\"async\" src=\"https:\/\/vieassociative.be\/actualites\/wp-content\/uploads\/2025\/12\/1765635530_913_53eme-Marche-de-Noel-A-Eupen-le-Pere-Noel.jpg\" width=\"159\" height=\"159\" alt=\"\"><\/figure>\n<figure class=\"column small-6 medium-3 end\"><img loading=\"lazy\" decoding=\"async\" src=\"https:\/\/vieassociative.be\/actualites\/wp-content\/uploads\/2025\/12\/1765635530_195_53eme-Marche-de-Noel-A-Eupen-le-Pere-Noel.jpg\" width=\"159\" height=\"159\" alt=\"\"><\/figure>\n<figure class=\"column small-6 medium-3 end\"><img loading=\"lazy\" decoding=\"async\" src=\"https:\/\/vieassociative.be\/actualites\/wp-content\/uploads\/2025\/12\/1765635530_550_53eme-Marche-de-Noel-A-Eupen-le-Pere-Noel.jpg\" width=\"159\" height=\"159\" alt=\"\"><\/figure>\n<figure class=\"column small-6 medium-3 end\"><img loading=\"lazy\" decoding=\"async\" src=\"https:\/\/vieassociative.be\/actualites\/wp-content\/uploads\/2025\/12\/1765635530_48_53eme-Marche-de-Noel-A-Eupen-le-Pere-Noel.jpg\" width=\"159\" height=\"159\" alt=\"\"><\/figure>\n<figure class=\"column small-6 medium-3 end\"><img loading=\"lazy\" decoding=\"async\" src=\"https:\/\/vieassociative.be\/actualites\/wp-content\/uploads\/2025\/12\/1765635530_767_53eme-Marche-de-Noel-A-Eupen-le-Pere-Noel.jpg\" width=\"159\" height=\"159\" alt=\"\"><\/figure>\n<figure class=\"column small-6 medium-3 end\"><img loading=\"lazy\" decoding=\"async\" src=\"https:\/\/vieassociative.be\/actualites\/wp-content\/uploads\/2025\/12\/1765635531_787_53eme-Marche-de-Noel-A-Eupen-le-Pere-Noel.jpg\" width=\"159\" height=\"159\" alt=\"\"><\/figure>\n<figure class=\"column small-6 medium-3 end\"><img loading=\"lazy\" decoding=\"async\" src=\"https:\/\/vieassociative.be\/actualites\/wp-content\/uploads\/2025\/12\/1765635531_864_53eme-Marche-de-Noel-A-Eupen-le-Pere-Noel.jpg\" width=\"159\" height=\"159\" alt=\"\"><\/figure>\n<figure class=\"column small-6 medium-3 end\"><img loading=\"lazy\" decoding=\"async\" src=\"https:\/\/vieassociative.be\/actualites\/wp-content\/uploads\/2025\/12\/1765635531_159_53eme-Marche-de-Noel-A-Eupen-le-Pere-Noel.jpg\" width=\"159\" height=\"159\" alt=\"\"><\/figure>\n<figure class=\"column small-6 medium-3 end\"><img loading=\"lazy\" decoding=\"async\" src=\"https:\/\/vieassociative.be\/actualites\/wp-content\/uploads\/2025\/12\/1765635531_495_53eme-Marche-de-Noel-A-Eupen-le-Pere-Noel.jpg\" width=\"159\" height=\"159\" alt=\"\"><\/figure>\n<figure class=\"column small-6 medium-3 end\"><img loading=\"lazy\" decoding=\"async\" src=\"https:\/\/vieassociative.be\/actualites\/wp-content\/uploads\/2025\/12\/1765635531_13_53eme-Marche-de-Noel-A-Eupen-le-Pere-Noel.jpg\" width=\"159\" height=\"159\" alt=\"\"><\/figure>\n<figure class=\"column small-6 medium-3 end\"><img loading=\"lazy\" decoding=\"async\" src=\"https:\/\/vieassociative.be\/actualites\/wp-content\/uploads\/2025\/12\/1765635531_527_53eme-Marche-de-Noel-A-Eupen-le-Pere-Noel.jpg\" width=\"159\" height=\"159\" alt=\"\"><\/figure>\n<figure class=\"column small-6 medium-3 end\"><img loading=\"lazy\" decoding=\"async\" src=\"https:\/\/vieassociative.be\/actualites\/wp-content\/uploads\/2025\/12\/1765635531_434_53eme-Marche-de-Noel-A-Eupen-le-Pere-Noel.jpg\" width=\"159\" height=\"159\" alt=\"\"><\/figure>\n<figure class=\"column small-6 medium-3 end\"><img loading=\"lazy\" decoding=\"async\" src=\"https:\/\/vieassociative.be\/actualites\/wp-content\/uploads\/2025\/12\/1765635531_890_53eme-Marche-de-Noel-A-Eupen-le-Pere-Noel.jpg\" width=\"159\" height=\"159\" alt=\"\"><\/figure>\n<figure class=\"column small-6 medium-3 end\"><img loading=\"lazy\" decoding=\"async\" src=\"https:\/\/vieassociative.be\/actualites\/wp-content\/uploads\/2025\/12\/1765635531_329_53eme-Marche-de-Noel-A-Eupen-le-Pere-Noel.jpg\" width=\"159\" height=\"159\" alt=\"\"><\/figure>\n<\/div>\n","protected":false},"excerpt":{"rendered":"<p>Ce week-end, le march\u00e9 de No\u00ebl d&rsquo;Eupen aura lieu pour la 53\u00e8me fois. Vendredi soir, lors du vernissage, le photographe Patrick von Staufenberg \u00e9tait pr\u00e9sent<\/p>\n","protected":false},"author":1,"featured_media":11830,"comment_status":"","ping_status":"","sticky":false,"template":"","format":"standard","meta":{"footnotes":""},"categories":[298],"tags":[9547,4003,61,2329,3257,9548,1523,9549,1557,3065,283,4223,771],"class_list":["post-11829","post","type-post","status-publish","format-standard","has-post-thumbnail","hentry","category-belgique","tag-53eme","tag-arrive","tag-avec","tag-eupen","tag-galerie","tag-hans","tag-marche","tag-muffs","tag-noel","tag-pere","tag-photos","tag-secretaire","tag-trois","generate-columns","tablet-grid-50","mobile-grid-100","grid-parent","grid-33"],"yoast_head":"<!-- This site is optimized with the Yoast SEO plugin v24.0 - https:\/\/yoast.com\/wordpress\/plugins\/seo\/ -->\n<title>53\u00e8me March\u00e9 de No\u00ebl : A Eupen le P\u00e8re No\u00ebl arrive avec un secr\u00e9taire et trois Hans Muffs (galerie photos) | Vie Associative<\/title>\n<meta name=\"robots\" content=\"index, follow, max-snippet:-1, max-image-preview:large, max-video-preview:-1\" \/>\n<link rel=\"canonical\" href=\"https:\/\/vieassociative.be\/actualites\/53eme-marche-de-noel-a-eupen-le-pere-noel-arrive-avec-un-secretaire-et-trois-hans-muffs-galerie-photos\/\" \/>\n<meta property=\"og:locale\" content=\"fr_FR\" \/>\n<meta property=\"og:type\" content=\"article\" \/>\n<meta property=\"og:title\" content=\"53\u00e8me March\u00e9 de No\u00ebl : A Eupen le P\u00e8re No\u00ebl arrive avec un secr\u00e9taire et trois Hans Muffs (galerie photos) | Vie Associative\" \/>\n<meta property=\"og:description\" content=\"Ce week-end, le march\u00e9 de No\u00ebl d&rsquo;Eupen aura lieu pour la 53\u00e8me fois. Vendredi soir, lors du vernissage, le photographe Patrick von Staufenberg \u00e9tait pr\u00e9sent\" \/>\n<meta property=\"og:url\" content=\"https:\/\/vieassociative.be\/actualites\/53eme-marche-de-noel-a-eupen-le-pere-noel-arrive-avec-un-secretaire-et-trois-hans-muffs-galerie-photos\/\" \/>\n<meta property=\"og:site_name\" content=\"Vie Associative\" \/>\n<meta property=\"article:published_time\" content=\"2025-12-13T14:18:51+00:00\" \/>\n<meta property=\"og:image\" content=\"https:\/\/vieassociative.be\/actualites\/wp-content\/uploads\/2024\/09\/header_backgroundk-01-e1726694325946.png\" \/>\n\t<meta property=\"og:image:width\" content=\"279\" \/>\n\t<meta property=\"og:image:height\" content=\"92\" \/>\n\t<meta property=\"og:image:type\" content=\"image\/png\" \/>\n<meta name=\"author\" content=\"Julien\" \/>\n<meta name=\"twitter:card\" content=\"summary_large_image\" \/>\n<meta name=\"twitter:label1\" content=\"\u00c9crit par\" \/>\n\t<meta name=\"twitter:data1\" content=\"Julien\" \/>\n\t<meta name=\"twitter:label2\" content=\"Dur\u00e9e de lecture est.\" \/>\n\t<meta name=\"twitter:data2\" content=\"2 minutes\" \/>\n<script type=\"application\/ld+json\" class=\"yoast-schema-graph\">{\"@context\":\"https:\/\/schema.org\",\"@graph\":[{\"@type\":\"Article\",\"@id\":\"https:\/\/vieassociative.be\/actualites\/53eme-marche-de-noel-a-eupen-le-pere-noel-arrive-avec-un-secretaire-et-trois-hans-muffs-galerie-photos\/#article\",\"isPartOf\":{\"@id\":\"https:\/\/vieassociative.be\/actualites\/53eme-marche-de-noel-a-eupen-le-pere-noel-arrive-avec-un-secretaire-et-trois-hans-muffs-galerie-photos\/\"},\"author\":{\"name\":\"Julien\",\"@id\":\"https:\/\/vieassociative.be\/actualites\/#\/schema\/person\/b87ac4f82f9d4e7b7cec7395b679edc4\"},\"headline\":\"53\u00e8me March\u00e9 de No\u00ebl : A Eupen le P\u00e8re No\u00ebl arrive avec un secr\u00e9taire et trois Hans Muffs (galerie photos)\",\"datePublished\":\"2025-12-13T14:18:51+00:00\",\"dateModified\":\"2025-12-13T14:18:51+00:00\",\"mainEntityOfPage\":{\"@id\":\"https:\/\/vieassociative.be\/actualites\/53eme-marche-de-noel-a-eupen-le-pere-noel-arrive-avec-un-secretaire-et-trois-hans-muffs-galerie-photos\/\"},\"wordCount\":334,\"publisher\":{\"@id\":\"https:\/\/vieassociative.be\/actualites\/#organization\"},\"image\":{\"@id\":\"https:\/\/vieassociative.be\/actualites\/53eme-marche-de-noel-a-eupen-le-pere-noel-arrive-avec-un-secretaire-et-trois-hans-muffs-galerie-photos\/#primaryimage\"},\"thumbnailUrl\":\"https:\/\/vieassociative.be\/actualites\/wp-content\/uploads\/2025\/12\/1765635548_53eme-Marche-de-Noel-A-Eupen-le-Pere-Noel.jpg\",\"keywords\":[\"53\u00e8me\",\"arrive\",\"avec\",\"Eupen\",\"galerie\",\"Hans\",\"march\u00e9\",\"Muffs\",\"No\u00ebl\",\"P\u00e8re\",\"Photos\",\"secr\u00e9taire\",\"trois\"],\"articleSection\":[\"Belgique\"],\"inLanguage\":\"fr-BE\"},{\"@type\":\"WebPage\",\"@id\":\"https:\/\/vieassociative.be\/actualites\/53eme-marche-de-noel-a-eupen-le-pere-noel-arrive-avec-un-secretaire-et-trois-hans-muffs-galerie-photos\/\",\"url\":\"https:\/\/vieassociative.be\/actualites\/53eme-marche-de-noel-a-eupen-le-pere-noel-arrive-avec-un-secretaire-et-trois-hans-muffs-galerie-photos\/\",\"name\":\"53\u00e8me March\u00e9 de No\u00ebl : A Eupen le P\u00e8re No\u00ebl arrive avec un secr\u00e9taire et trois Hans Muffs (galerie photos) | Vie Associative\",\"isPartOf\":{\"@id\":\"https:\/\/vieassociative.be\/actualites\/#website\"},\"primaryImageOfPage\":{\"@id\":\"https:\/\/vieassociative.be\/actualites\/53eme-marche-de-noel-a-eupen-le-pere-noel-arrive-avec-un-secretaire-et-trois-hans-muffs-galerie-photos\/#primaryimage\"},\"image\":{\"@id\":\"https:\/\/vieassociative.be\/actualites\/53eme-marche-de-noel-a-eupen-le-pere-noel-arrive-avec-un-secretaire-et-trois-hans-muffs-galerie-photos\/#primaryimage\"},\"thumbnailUrl\":\"https:\/\/vieassociative.be\/actualites\/wp-content\/uploads\/2025\/12\/1765635548_53eme-Marche-de-Noel-A-Eupen-le-Pere-Noel.jpg\",\"datePublished\":\"2025-12-13T14:18:51+00:00\",\"dateModified\":\"2025-12-13T14:18:51+00:00\",\"breadcrumb\":{\"@id\":\"https:\/\/vieassociative.be\/actualites\/53eme-marche-de-noel-a-eupen-le-pere-noel-arrive-avec-un-secretaire-et-trois-hans-muffs-galerie-photos\/#breadcrumb\"},\"inLanguage\":\"fr-BE\",\"potentialAction\":[{\"@type\":\"ReadAction\",\"target\":[\"https:\/\/vieassociative.be\/actualites\/53eme-marche-de-noel-a-eupen-le-pere-noel-arrive-avec-un-secretaire-et-trois-hans-muffs-galerie-photos\/\"]}]},{\"@type\":\"ImageObject\",\"inLanguage\":\"fr-BE\",\"@id\":\"https:\/\/vieassociative.be\/actualites\/53eme-marche-de-noel-a-eupen-le-pere-noel-arrive-avec-un-secretaire-et-trois-hans-muffs-galerie-photos\/#primaryimage\",\"url\":\"https:\/\/vieassociative.be\/actualites\/wp-content\/uploads\/2025\/12\/1765635548_53eme-Marche-de-Noel-A-Eupen-le-Pere-Noel.jpg\",\"contentUrl\":\"https:\/\/vieassociative.be\/actualites\/wp-content\/uploads\/2025\/12\/1765635548_53eme-Marche-de-Noel-A-Eupen-le-Pere-Noel.jpg\",\"width\":1200,\"height\":800,\"caption\":\"53\u00e8me March\u00e9 de No\u00ebl : A Eupen le P\u00e8re No\u00ebl arrive avec un secr\u00e9taire et trois Hans Muffs (galerie photos)\"},{\"@type\":\"BreadcrumbList\",\"@id\":\"https:\/\/vieassociative.be\/actualites\/53eme-marche-de-noel-a-eupen-le-pere-noel-arrive-avec-un-secretaire-et-trois-hans-muffs-galerie-photos\/#breadcrumb\",\"itemListElement\":[{\"@type\":\"ListItem\",\"position\":1,\"name\":\"Accueil\",\"item\":\"https:\/\/vieassociative.be\/actualites\/\"},{\"@type\":\"ListItem\",\"position\":2,\"name\":\"53\u00e8me March\u00e9 de No\u00ebl : A Eupen le P\u00e8re No\u00ebl arrive avec un secr\u00e9taire et trois Hans Muffs (galerie photos)\"}]},{\"@type\":\"WebSite\",\"@id\":\"https:\/\/vieassociative.be\/actualites\/#website\",\"url\":\"https:\/\/vieassociative.be\/actualites\/\",\"name\":\"Vie Associative\",\"description\":\"\",\"publisher\":{\"@id\":\"https:\/\/vieassociative.be\/actualites\/#organization\"},\"potentialAction\":[{\"@type\":\"SearchAction\",\"target\":{\"@type\":\"EntryPoint\",\"urlTemplate\":\"https:\/\/vieassociative.be\/actualites\/?s={search_term_string}\"},\"query-input\":{\"@type\":\"PropertyValueSpecification\",\"valueRequired\":true,\"valueName\":\"search_term_string\"}}],\"inLanguage\":\"fr-BE\"},{\"@type\":\"Organization\",\"@id\":\"https:\/\/vieassociative.be\/actualites\/#organization\",\"name\":\"Vie Associative\",\"url\":\"https:\/\/vieassociative.be\/actualites\/\",\"logo\":{\"@type\":\"ImageObject\",\"inLanguage\":\"fr-BE\",\"@id\":\"https:\/\/vieassociative.be\/actualites\/#\/schema\/logo\/image\/\",\"url\":\"https:\/\/vieassociative.be\/actualites\/wp-content\/uploads\/2024\/09\/cropped-vieassociative_favicon.ico.png\",\"contentUrl\":\"https:\/\/vieassociative.be\/actualites\/wp-content\/uploads\/2024\/09\/cropped-vieassociative_favicon.ico.png\",\"width\":512,\"height\":512,\"caption\":\"Vie Associative\"},\"image\":{\"@id\":\"https:\/\/vieassociative.be\/actualites\/#\/schema\/logo\/image\/\"}},{\"@type\":\"Person\",\"@id\":\"https:\/\/vieassociative.be\/actualites\/#\/schema\/person\/b87ac4f82f9d4e7b7cec7395b679edc4\",\"name\":\"Julien\",\"image\":{\"@type\":\"ImageObject\",\"inLanguage\":\"fr-BE\",\"@id\":\"https:\/\/vieassociative.be\/actualites\/#\/schema\/person\/image\/\",\"url\":\"https:\/\/vieassociative.be\/actualites\/wp-content\/uploads\/2024\/09\/vie-associative-1-150x150.jpg\",\"contentUrl\":\"https:\/\/vieassociative.be\/actualites\/wp-content\/uploads\/2024\/09\/vie-associative-1-150x150.jpg\",\"caption\":\"Julien\"},\"description\":\"Je suis Julien, r\u00e9dacteur pour Vie Associative. Passionn\u00e9 par le monde associatif depuis plus de 10 ans, j'ai \u00e0 c\u0153ur de partager des histoires inspirantes et de mettre en lumi\u00e8re les initiatives locales. Mon objectif est de sensibiliser et d'encourager l'engagement communautaire \u00e0 travers mes articles.\",\"sameAs\":[\"https:\/\/vieassociative.be\/\"]}]}<\/script>\n<!-- \/ Yoast SEO plugin. -->","yoast_head_json":{"title":"53\u00e8me March\u00e9 de No\u00ebl : A Eupen le P\u00e8re No\u00ebl arrive avec un secr\u00e9taire et trois Hans Muffs (galerie photos) | Vie Associative","robots":{"index":"index","follow":"follow","max-snippet":"max-snippet:-1","max-image-preview":"max-image-preview:large","max-video-preview":"max-video-preview:-1"},"canonical":"https:\/\/vieassociative.be\/actualites\/53eme-marche-de-noel-a-eupen-le-pere-noel-arrive-avec-un-secretaire-et-trois-hans-muffs-galerie-photos\/","og_locale":"fr_FR","og_type":"article","og_title":"53\u00e8me March\u00e9 de No\u00ebl : A Eupen le P\u00e8re No\u00ebl arrive avec un secr\u00e9taire et trois Hans Muffs (galerie photos) | Vie Associative","og_description":"Ce week-end, le march\u00e9 de No\u00ebl d&rsquo;Eupen aura lieu pour la 53\u00e8me fois. Vendredi soir, lors du vernissage, le photographe Patrick von Staufenberg \u00e9tait pr\u00e9sent","og_url":"https:\/\/vieassociative.be\/actualites\/53eme-marche-de-noel-a-eupen-le-pere-noel-arrive-avec-un-secretaire-et-trois-hans-muffs-galerie-photos\/","og_site_name":"Vie Associative","article_published_time":"2025-12-13T14:18:51+00:00","og_image":[{"width":279,"height":92,"url":"https:\/\/vieassociative.be\/actualites\/wp-content\/uploads\/2024\/09\/header_backgroundk-01-e1726694325946.png","type":"image\/png"}],"author":"Julien","twitter_card":"summary_large_image","twitter_misc":{"\u00c9crit par":"Julien","Dur\u00e9e de lecture est.":"2 minutes"},"schema":{"@context":"https:\/\/schema.org","@graph":[{"@type":"Article","@id":"https:\/\/vieassociative.be\/actualites\/53eme-marche-de-noel-a-eupen-le-pere-noel-arrive-avec-un-secretaire-et-trois-hans-muffs-galerie-photos\/#article","isPartOf":{"@id":"https:\/\/vieassociative.be\/actualites\/53eme-marche-de-noel-a-eupen-le-pere-noel-arrive-avec-un-secretaire-et-trois-hans-muffs-galerie-photos\/"},"author":{"name":"Julien","@id":"https:\/\/vieassociative.be\/actualites\/#\/schema\/person\/b87ac4f82f9d4e7b7cec7395b679edc4"},"headline":"53\u00e8me March\u00e9 de No\u00ebl : A Eupen le P\u00e8re No\u00ebl arrive avec un secr\u00e9taire et trois Hans Muffs (galerie photos)","datePublished":"2025-12-13T14:18:51+00:00","dateModified":"2025-12-13T14:18:51+00:00","mainEntityOfPage":{"@id":"https:\/\/vieassociative.be\/actualites\/53eme-marche-de-noel-a-eupen-le-pere-noel-arrive-avec-un-secretaire-et-trois-hans-muffs-galerie-photos\/"},"wordCount":334,"publisher":{"@id":"https:\/\/vieassociative.be\/actualites\/#organization"},"image":{"@id":"https:\/\/vieassociative.be\/actualites\/53eme-marche-de-noel-a-eupen-le-pere-noel-arrive-avec-un-secretaire-et-trois-hans-muffs-galerie-photos\/#primaryimage"},"thumbnailUrl":"https:\/\/vieassociative.be\/actualites\/wp-content\/uploads\/2025\/12\/1765635548_53eme-Marche-de-Noel-A-Eupen-le-Pere-Noel.jpg","keywords":["53\u00e8me","arrive","avec","Eupen","galerie","Hans","march\u00e9","Muffs","No\u00ebl","P\u00e8re","Photos","secr\u00e9taire","trois"],"articleSection":["Belgique"],"inLanguage":"fr-BE"},{"@type":"WebPage","@id":"https:\/\/vieassociative.be\/actualites\/53eme-marche-de-noel-a-eupen-le-pere-noel-arrive-avec-un-secretaire-et-trois-hans-muffs-galerie-photos\/","url":"https:\/\/vieassociative.be\/actualites\/53eme-marche-de-noel-a-eupen-le-pere-noel-arrive-avec-un-secretaire-et-trois-hans-muffs-galerie-photos\/","name":"53\u00e8me March\u00e9 de No\u00ebl : A Eupen le P\u00e8re No\u00ebl arrive avec un secr\u00e9taire et trois Hans Muffs (galerie photos) | Vie Associative","isPartOf":{"@id":"https:\/\/vieassociative.be\/actualites\/#website"},"primaryImageOfPage":{"@id":"https:\/\/vieassociative.be\/actualites\/53eme-marche-de-noel-a-eupen-le-pere-noel-arrive-avec-un-secretaire-et-trois-hans-muffs-galerie-photos\/#primaryimage"},"image":{"@id":"https:\/\/vieassociative.be\/actualites\/53eme-marche-de-noel-a-eupen-le-pere-noel-arrive-avec-un-secretaire-et-trois-hans-muffs-galerie-photos\/#primaryimage"},"thumbnailUrl":"https:\/\/vieassociative.be\/actualites\/wp-content\/uploads\/2025\/12\/1765635548_53eme-Marche-de-Noel-A-Eupen-le-Pere-Noel.jpg","datePublished":"2025-12-13T14:18:51+00:00","dateModified":"2025-12-13T14:18:51+00:00","breadcrumb":{"@id":"https:\/\/vieassociative.be\/actualites\/53eme-marche-de-noel-a-eupen-le-pere-noel-arrive-avec-un-secretaire-et-trois-hans-muffs-galerie-photos\/#breadcrumb"},"inLanguage":"fr-BE","potentialAction":[{"@type":"ReadAction","target":["https:\/\/vieassociative.be\/actualites\/53eme-marche-de-noel-a-eupen-le-pere-noel-arrive-avec-un-secretaire-et-trois-hans-muffs-galerie-photos\/"]}]},{"@type":"ImageObject","inLanguage":"fr-BE","@id":"https:\/\/vieassociative.be\/actualites\/53eme-marche-de-noel-a-eupen-le-pere-noel-arrive-avec-un-secretaire-et-trois-hans-muffs-galerie-photos\/#primaryimage","url":"https:\/\/vieassociative.be\/actualites\/wp-content\/uploads\/2025\/12\/1765635548_53eme-Marche-de-Noel-A-Eupen-le-Pere-Noel.jpg","contentUrl":"https:\/\/vieassociative.be\/actualites\/wp-content\/uploads\/2025\/12\/1765635548_53eme-Marche-de-Noel-A-Eupen-le-Pere-Noel.jpg","width":1200,"height":800,"caption":"53\u00e8me March\u00e9 de No\u00ebl : A Eupen le P\u00e8re No\u00ebl arrive avec un secr\u00e9taire et trois Hans Muffs (galerie photos)"},{"@type":"BreadcrumbList","@id":"https:\/\/vieassociative.be\/actualites\/53eme-marche-de-noel-a-eupen-le-pere-noel-arrive-avec-un-secretaire-et-trois-hans-muffs-galerie-photos\/#breadcrumb","itemListElement":[{"@type":"ListItem","position":1,"name":"Accueil","item":"https:\/\/vieassociative.be\/actualites\/"},{"@type":"ListItem","position":2,"name":"53\u00e8me March\u00e9 de No\u00ebl : A Eupen le P\u00e8re No\u00ebl arrive avec un secr\u00e9taire et trois Hans Muffs (galerie photos)"}]},{"@type":"WebSite","@id":"https:\/\/vieassociative.be\/actualites\/#website","url":"https:\/\/vieassociative.be\/actualites\/","name":"Vie Associative","description":"","publisher":{"@id":"https:\/\/vieassociative.be\/actualites\/#organization"},"potentialAction":[{"@type":"SearchAction","target":{"@type":"EntryPoint","urlTemplate":"https:\/\/vieassociative.be\/actualites\/?s={search_term_string}"},"query-input":{"@type":"PropertyValueSpecification","valueRequired":true,"valueName":"search_term_string"}}],"inLanguage":"fr-BE"},{"@type":"Organization","@id":"https:\/\/vieassociative.be\/actualites\/#organization","name":"Vie Associative","url":"https:\/\/vieassociative.be\/actualites\/","logo":{"@type":"ImageObject","inLanguage":"fr-BE","@id":"https:\/\/vieassociative.be\/actualites\/#\/schema\/logo\/image\/","url":"https:\/\/vieassociative.be\/actualites\/wp-content\/uploads\/2024\/09\/cropped-vieassociative_favicon.ico.png","contentUrl":"https:\/\/vieassociative.be\/actualites\/wp-content\/uploads\/2024\/09\/cropped-vieassociative_favicon.ico.png","width":512,"height":512,"caption":"Vie Associative"},"image":{"@id":"https:\/\/vieassociative.be\/actualites\/#\/schema\/logo\/image\/"}},{"@type":"Person","@id":"https:\/\/vieassociative.be\/actualites\/#\/schema\/person\/b87ac4f82f9d4e7b7cec7395b679edc4","name":"Julien","image":{"@type":"ImageObject","inLanguage":"fr-BE","@id":"https:\/\/vieassociative.be\/actualites\/#\/schema\/person\/image\/","url":"https:\/\/vieassociative.be\/actualites\/wp-content\/uploads\/2024\/09\/vie-associative-1-150x150.jpg","contentUrl":"https:\/\/vieassociative.be\/actualites\/wp-content\/uploads\/2024\/09\/vie-associative-1-150x150.jpg","caption":"Julien"},"description":"Je suis Julien, r\u00e9dacteur pour Vie Associative. Passionn\u00e9 par le monde associatif depuis plus de 10 ans, j'ai \u00e0 c\u0153ur de partager des histoires inspirantes et de mettre en lumi\u00e8re les initiatives locales. Mon objectif est de sensibiliser et d'encourager l'engagement communautaire \u00e0 travers mes articles.","sameAs":["https:\/\/vieassociative.be\/"]}]}},"_links":{"self":[{"href":"https:\/\/vieassociative.be\/actualites\/wp-json\/wp\/v2\/posts\/11829"}],"collection":[{"href":"https:\/\/vieassociative.be\/actualites\/wp-json\/wp\/v2\/posts"}],"about":[{"href":"https:\/\/vieassociative.be\/actualites\/wp-json\/wp\/v2\/types\/post"}],"author":[{"embeddable":true,"href":"https:\/\/vieassociative.be\/actualites\/wp-json\/wp\/v2\/users\/1"}],"replies":[{"embeddable":true,"href":"https:\/\/vieassociative.be\/actualites\/wp-json\/wp\/v2\/comments?post=11829"}],"version-history":[{"count":0,"href":"https:\/\/vieassociative.be\/actualites\/wp-json\/wp\/v2\/posts\/11829\/revisions"}],"wp:featuredmedia":[{"embeddable":true,"href":"https:\/\/vieassociative.be\/actualites\/wp-json\/wp\/v2\/media\/11830"}],"wp:attachment":[{"href":"https:\/\/vieassociative.be\/actualites\/wp-json\/wp\/v2\/media?parent=11829"}],"wp:term":[{"taxonomy":"category","embeddable":true,"href":"https:\/\/vieassociative.be\/actualites\/wp-json\/wp\/v2\/categories?post=11829"},{"taxonomy":"post_tag","embeddable":true,"href":"https:\/\/vieassociative.be\/actualites\/wp-json\/wp\/v2\/tags?post=11829"}],"curies":[{"name":"wp","href":"https:\/\/api.w.org\/{rel}","templated":true}]}}