{"id":11825,"date":"2025-12-13T09:17:27","date_gmt":"2025-12-13T08:17:27","guid":{"rendered":"https:\/\/vieassociative.be\/actualites\/la-commission-europeenne-appelle-au-retrait-des-moteurs-a-combustion\/"},"modified":"2025-12-13T09:17:27","modified_gmt":"2025-12-13T08:17:27","slug":"la-commission-europeenne-appelle-au-retrait-des-moteurs-a-combustion","status":"publish","type":"post","link":"https:\/\/vieassociative.be\/actualites\/la-commission-europeenne-appelle-au-retrait-des-moteurs-a-combustion\/","title":{"rendered":"La Commission europ\u00e9enne appelle au retrait des moteurs \u00e0 combustion"},"content":{"rendered":"<p><strong>Les moteurs \u00e0 combustion pourraient continuer \u00e0 \u00eatre homologu\u00e9s \u00e0 partir de 2035 \u2013 mais seulement sous certaines conditions. Les d\u00e9tails d&rsquo;une proposition envisag\u00e9e ont maintenant \u00e9t\u00e9 divulgu\u00e9s par la Commission europ\u00e9enne.<\/strong><\/p>\n<p><span id=\"more-431644\"><\/span>La Commission europ\u00e9enne souhaite proposer une lev\u00e9e de l&rsquo;interdiction dite des moteurs \u00e0 combustion. Selon l&rsquo;\u00e9tat actuel de la planification, l&rsquo;autorit\u00e9 souhaite recommander que les nouvelles voitures \u00e9quip\u00e9es de la technologie du moteur \u00e0 combustion soient immatricul\u00e9es m\u00eame apr\u00e8s 2035, comme l&rsquo;ont confirm\u00e9 les milieux de la commission \u00e0 l&rsquo;agence de presse allemande. La proposition doit encore \u00eatre adopt\u00e9e par le Coll\u00e8ge des commissaires europ\u00e9ens.<\/p>\n<p>Les repr\u00e9sentants des \u00c9tats de l&rsquo;UE et du Parlement europ\u00e9en ont en fait convenu en 2022 que les nouvelles voitures dans l&rsquo;UE ne seraient plus autoris\u00e9es \u00e0 \u00e9mettre du dioxyde de carbone (CO2) nocif pour le climat lors de leur exploitation \u00e0 partir de 2035. En toile de fond, ce que l&rsquo;on appelle les limites de flotte, qui pr\u00e9voient en r\u00e9alit\u00e9 une r\u00e9duction de 100 % des \u00e9missions de CO2 des voitures nouvellement immatricul\u00e9es d&rsquo;ici 2035.<\/p>\n<div id=\"attachment_232474\" class=\"wp-caption alignleft\" style=\"max-width: 300px\"><img fetchpriority=\"high\" decoding=\"async\" class=\"wp-image-232474 size-medium\" src=\"https:\/\/vieassociative.be\/actualites\/wp-content\/uploads\/2025\/12\/La-Commission-europeenne-appelle-au-retrait-des-moteurs-a-combustion.jpeg\" alt=\"\" width=\"300\" height=\"200\"  ><\/div>\n<p>Selon les informations provenant des milieux de la commission, cette exigence sera d\u00e9sormais abandonn\u00e9e. Toutefois, les gaz \u00e0 effet de serre \u00e9mis devraient \u00eatre enti\u00e8rement compens\u00e9s par d\u2019autres mesures. Cela serait envisageable, par exemple, gr\u00e2ce \u00e0 l\u2019utilisation d\u2019un \u00ab acier vert \u00bb respectueux de l\u2019environnement.<\/p>\n<p>Des exceptions sont pr\u00e9vues, entre autres, pour les v\u00e9hicules hybrides rechargeables et les voitures \u00e9lectriques avec ce que l&rsquo;on appelle des prolongateurs d&rsquo;autonomie, dans lesquels de petits moteurs \u00e0 combustion augmentent l&rsquo;autonomie. Au d\u00e9part, il n&rsquo;\u00e9tait pas clair si les exceptions s&rsquo;appliquaient \u00e9galement aux v\u00e9hicules classiques \u00e0 essence et diesel.<\/p>\n<p>Le chef du groupe parlementaire PPE, Manfred Weber, a d\u00e9clar\u00e9 au journal \u00abBild\u00bb: \u00abPour les nouvelles immatriculations \u00e0 partir de 2035, une r\u00e9duction des \u00e9missions de CO2 de 90 pour cent devrait d\u00e9sormais devenir obligatoire pour les objectifs de flotte des constructeurs automobiles, au lieu de 100 pour cent.\u00bb Selon Weber, il n\u2019y aura pas non plus d\u2019objectif de 100 pour cent \u00e0 partir de 2040.<\/p>\n<p>La Commission europ\u00e9enne n&rsquo;a pas souhait\u00e9 initialement commenter le rapport lorsqu&rsquo;elle lui a \u00e9t\u00e9 demand\u00e9e. Le Parlement europ\u00e9en et les \u00c9tats de l&rsquo;UE doivent \u00e9galement accepter la proposition de la Commission. Interrog\u00e9e, une porte-parole a d\u00e9clar\u00e9 : \u00ab Des pr\u00e9paratifs et des discussions internes sont en cours en vue de l\u2019acceptation par le coll\u00e8ge la semaine prochaine. \u00bb<\/p>\n<div id=\"attachment_152725\" class=\"wp-caption alignleft\" style=\"max-width: 300px\"><img decoding=\"async\" class=\"wp-image-152725 size-medium\" src=\"https:\/\/vieassociative.be\/actualites\/wp-content\/uploads\/2025\/12\/1765613847_490_La-Commission-europeenne-appelle-au-retrait-des-moteurs-a-combustion.jpeg\" alt=\"\" width=\"300\" height=\"207\"  ><\/div>\n<p><strong>\u2013 La recherche d\u2019un compromis n\u2019est pas encore termin\u00e9e :<\/strong> On ne sait toujours pas sur quel compromis les institutions s\u2019accorderont. La France et l&rsquo;Espagne se sont prononc\u00e9es dans une lettre commune en octobre en faveur du maintien, dans une large mesure, des lignes directrices initiales.<\/p>\n<p>Comme le rapporte le journal fran\u00e7ais \u00ab Les Echos \u00bb, la France a envoy\u00e9 mardi une lettre \u00e0 la Commission. Le gouvernement confirme donc qu&rsquo;il est ouvert \u00e0 des ajustements.<\/p>\n<p>\u00ab\u00a0Nous soutenons l&rsquo;introduction d&rsquo;une flexibilit\u00e9 cibl\u00e9e, notamment dans le domaine de la neutralit\u00e9 technologique, \u00e0 condition que celle-ci soit accompagn\u00e9e d&rsquo;incitations r\u00e9glementaires claires en faveur d&rsquo;une production favorable \u00e0 l&rsquo;industrie en Europe et qu&rsquo;elle en d\u00e9pende\u00a0\u00bb, cite \u00ab\u00a0Les Echos\u00a0\u00bb dans la lettre.<\/p>\n<p><strong>\u2013 Critique des Verts :<\/strong> \u00ab\u00a0Augmenter les objectifs est mauvais pour l&rsquo;Europe en tant que site \u00e9conomique\u00a0\u00bb, a critiqu\u00e9 Terry Reintke, leader du Parti Vert au Parlement europ\u00e9en. Une trajectoire saccad\u00e9e cr\u00e9e une incertitude en mati\u00e8re de planification au lieu de conduire l\u2019industrie automobile europ\u00e9enne \u00e0 l\u2019avant-garde du d\u00e9veloppement de l\u2019e-mobilit\u00e9.<\/p>\n<p>La Commission europ\u00e9enne souhaite pr\u00e9senter la semaine prochaine ses propositions concernant d\u2019\u00e9ventuelles modifications \u00e0 l\u2019interdiction dite des moteurs \u00e0 combustion. Outre les propositions visant \u00e0 \u00e9liminer progressivement les moteurs \u00e0 combustion, d&rsquo;autres mesures telles qu&rsquo;une strat\u00e9gie en mati\u00e8re de batteries et des propositions pour des voitures de soci\u00e9t\u00e9 plus respectueuses de l&rsquo;environnement devraient \u00e9galement \u00eatre pr\u00e9sent\u00e9es. (dpa)<\/p>\n","protected":false},"excerpt":{"rendered":"<p>Les moteurs \u00e0 combustion pourraient continuer \u00e0 \u00eatre homologu\u00e9s \u00e0 partir de 2035 \u2013 mais seulement sous certaines conditions. Les d\u00e9tails d&rsquo;une proposition envisag\u00e9e ont<\/p>\n","protected":false},"author":1,"featured_media":11826,"comment_status":"","ping_status":"","sticky":false,"template":"","format":"standard","meta":{"footnotes":""},"categories":[298],"tags":[5218,9544,3560,29,3561,9543,9542],"class_list":["post-11825","post","type-post","status-publish","format-standard","has-post-thumbnail","hentry","category-belgique","tag-appelle","tag-combustion","tag-commission","tag-des","tag-europeenne","tag-moteurs","tag-retrait","generate-columns","tablet-grid-50","mobile-grid-100","grid-parent","grid-33"],"yoast_head":"<!-- This site is optimized with the Yoast SEO plugin v24.0 - https:\/\/yoast.com\/wordpress\/plugins\/seo\/ -->\n<title>La Commission europ\u00e9enne appelle au retrait des moteurs \u00e0 combustion | Vie Associative<\/title>\n<meta name=\"robots\" content=\"index, follow, max-snippet:-1, max-image-preview:large, max-video-preview:-1\" \/>\n<link rel=\"canonical\" href=\"https:\/\/vieassociative.be\/actualites\/la-commission-europeenne-appelle-au-retrait-des-moteurs-a-combustion\/\" \/>\n<meta property=\"og:locale\" content=\"fr_FR\" \/>\n<meta property=\"og:type\" content=\"article\" \/>\n<meta property=\"og:title\" content=\"La Commission europ\u00e9enne appelle au retrait des moteurs \u00e0 combustion | Vie Associative\" \/>\n<meta property=\"og:description\" content=\"Les moteurs \u00e0 combustion pourraient continuer \u00e0 \u00eatre homologu\u00e9s \u00e0 partir de 2035 \u2013 mais seulement sous certaines conditions. Les d\u00e9tails d&rsquo;une proposition envisag\u00e9e ont\" \/>\n<meta property=\"og:url\" content=\"https:\/\/vieassociative.be\/actualites\/la-commission-europeenne-appelle-au-retrait-des-moteurs-a-combustion\/\" \/>\n<meta property=\"og:site_name\" content=\"Vie Associative\" \/>\n<meta property=\"article:published_time\" content=\"2025-12-13T08:17:27+00:00\" \/>\n<meta property=\"og:image\" content=\"https:\/\/vieassociative.be\/actualites\/wp-content\/uploads\/2024\/09\/header_backgroundk-01-e1726694325946.png\" \/>\n\t<meta property=\"og:image:width\" content=\"279\" \/>\n\t<meta property=\"og:image:height\" content=\"92\" \/>\n\t<meta property=\"og:image:type\" content=\"image\/png\" \/>\n<meta name=\"author\" content=\"Julien\" \/>\n<meta name=\"twitter:card\" content=\"summary_large_image\" \/>\n<meta name=\"twitter:label1\" content=\"\u00c9crit par\" \/>\n\t<meta name=\"twitter:data1\" content=\"Julien\" \/>\n\t<meta name=\"twitter:label2\" content=\"Dur\u00e9e de lecture est.\" \/>\n\t<meta name=\"twitter:data2\" content=\"3 minutes\" \/>\n<script type=\"application\/ld+json\" class=\"yoast-schema-graph\">{\"@context\":\"https:\/\/schema.org\",\"@graph\":[{\"@type\":\"Article\",\"@id\":\"https:\/\/vieassociative.be\/actualites\/la-commission-europeenne-appelle-au-retrait-des-moteurs-a-combustion\/#article\",\"isPartOf\":{\"@id\":\"https:\/\/vieassociative.be\/actualites\/la-commission-europeenne-appelle-au-retrait-des-moteurs-a-combustion\/\"},\"author\":{\"name\":\"Julien\",\"@id\":\"https:\/\/vieassociative.be\/actualites\/#\/schema\/person\/b87ac4f82f9d4e7b7cec7395b679edc4\"},\"headline\":\"La Commission europ\u00e9enne appelle au retrait des moteurs \u00e0 combustion\",\"datePublished\":\"2025-12-13T08:17:27+00:00\",\"dateModified\":\"2025-12-13T08:17:27+00:00\",\"mainEntityOfPage\":{\"@id\":\"https:\/\/vieassociative.be\/actualites\/la-commission-europeenne-appelle-au-retrait-des-moteurs-a-combustion\/\"},\"wordCount\":686,\"publisher\":{\"@id\":\"https:\/\/vieassociative.be\/actualites\/#organization\"},\"image\":{\"@id\":\"https:\/\/vieassociative.be\/actualites\/la-commission-europeenne-appelle-au-retrait-des-moteurs-a-combustion\/#primaryimage\"},\"thumbnailUrl\":\"https:\/\/vieassociative.be\/actualites\/wp-content\/uploads\/2025\/12\/La-Commission-europeenne-appelle-au-retrait-des-moteurs-a-combustion.jpg\",\"keywords\":[\"appelle\",\"combustion\",\"Commission\",\"Des\",\"europ\u00e9enne\",\"moteurs\",\"retrait\"],\"articleSection\":[\"Belgique\"],\"inLanguage\":\"fr-BE\"},{\"@type\":\"WebPage\",\"@id\":\"https:\/\/vieassociative.be\/actualites\/la-commission-europeenne-appelle-au-retrait-des-moteurs-a-combustion\/\",\"url\":\"https:\/\/vieassociative.be\/actualites\/la-commission-europeenne-appelle-au-retrait-des-moteurs-a-combustion\/\",\"name\":\"La Commission europ\u00e9enne appelle au retrait des moteurs \u00e0 combustion | Vie Associative\",\"isPartOf\":{\"@id\":\"https:\/\/vieassociative.be\/actualites\/#website\"},\"primaryImageOfPage\":{\"@id\":\"https:\/\/vieassociative.be\/actualites\/la-commission-europeenne-appelle-au-retrait-des-moteurs-a-combustion\/#primaryimage\"},\"image\":{\"@id\":\"https:\/\/vieassociative.be\/actualites\/la-commission-europeenne-appelle-au-retrait-des-moteurs-a-combustion\/#primaryimage\"},\"thumbnailUrl\":\"https:\/\/vieassociative.be\/actualites\/wp-content\/uploads\/2025\/12\/La-Commission-europeenne-appelle-au-retrait-des-moteurs-a-combustion.jpg\",\"datePublished\":\"2025-12-13T08:17:27+00:00\",\"dateModified\":\"2025-12-13T08:17:27+00:00\",\"breadcrumb\":{\"@id\":\"https:\/\/vieassociative.be\/actualites\/la-commission-europeenne-appelle-au-retrait-des-moteurs-a-combustion\/#breadcrumb\"},\"inLanguage\":\"fr-BE\",\"potentialAction\":[{\"@type\":\"ReadAction\",\"target\":[\"https:\/\/vieassociative.be\/actualites\/la-commission-europeenne-appelle-au-retrait-des-moteurs-a-combustion\/\"]}]},{\"@type\":\"ImageObject\",\"inLanguage\":\"fr-BE\",\"@id\":\"https:\/\/vieassociative.be\/actualites\/la-commission-europeenne-appelle-au-retrait-des-moteurs-a-combustion\/#primaryimage\",\"url\":\"https:\/\/vieassociative.be\/actualites\/wp-content\/uploads\/2025\/12\/La-Commission-europeenne-appelle-au-retrait-des-moteurs-a-combustion.jpg\",\"contentUrl\":\"https:\/\/vieassociative.be\/actualites\/wp-content\/uploads\/2025\/12\/La-Commission-europeenne-appelle-au-retrait-des-moteurs-a-combustion.jpg\",\"width\":1200,\"height\":801,\"caption\":\"La Commission europ\u00e9enne appelle au retrait des moteurs \u00e0 combustion\"},{\"@type\":\"BreadcrumbList\",\"@id\":\"https:\/\/vieassociative.be\/actualites\/la-commission-europeenne-appelle-au-retrait-des-moteurs-a-combustion\/#breadcrumb\",\"itemListElement\":[{\"@type\":\"ListItem\",\"position\":1,\"name\":\"Accueil\",\"item\":\"https:\/\/vieassociative.be\/actualites\/\"},{\"@type\":\"ListItem\",\"position\":2,\"name\":\"La Commission europ\u00e9enne appelle au retrait des moteurs \u00e0 combustion\"}]},{\"@type\":\"WebSite\",\"@id\":\"https:\/\/vieassociative.be\/actualites\/#website\",\"url\":\"https:\/\/vieassociative.be\/actualites\/\",\"name\":\"Vie Associative\",\"description\":\"\",\"publisher\":{\"@id\":\"https:\/\/vieassociative.be\/actualites\/#organization\"},\"potentialAction\":[{\"@type\":\"SearchAction\",\"target\":{\"@type\":\"EntryPoint\",\"urlTemplate\":\"https:\/\/vieassociative.be\/actualites\/?s={search_term_string}\"},\"query-input\":{\"@type\":\"PropertyValueSpecification\",\"valueRequired\":true,\"valueName\":\"search_term_string\"}}],\"inLanguage\":\"fr-BE\"},{\"@type\":\"Organization\",\"@id\":\"https:\/\/vieassociative.be\/actualites\/#organization\",\"name\":\"Vie Associative\",\"url\":\"https:\/\/vieassociative.be\/actualites\/\",\"logo\":{\"@type\":\"ImageObject\",\"inLanguage\":\"fr-BE\",\"@id\":\"https:\/\/vieassociative.be\/actualites\/#\/schema\/logo\/image\/\",\"url\":\"https:\/\/vieassociative.be\/actualites\/wp-content\/uploads\/2024\/09\/cropped-vieassociative_favicon.ico.png\",\"contentUrl\":\"https:\/\/vieassociative.be\/actualites\/wp-content\/uploads\/2024\/09\/cropped-vieassociative_favicon.ico.png\",\"width\":512,\"height\":512,\"caption\":\"Vie Associative\"},\"image\":{\"@id\":\"https:\/\/vieassociative.be\/actualites\/#\/schema\/logo\/image\/\"}},{\"@type\":\"Person\",\"@id\":\"https:\/\/vieassociative.be\/actualites\/#\/schema\/person\/b87ac4f82f9d4e7b7cec7395b679edc4\",\"name\":\"Julien\",\"image\":{\"@type\":\"ImageObject\",\"inLanguage\":\"fr-BE\",\"@id\":\"https:\/\/vieassociative.be\/actualites\/#\/schema\/person\/image\/\",\"url\":\"https:\/\/vieassociative.be\/actualites\/wp-content\/uploads\/2024\/09\/vie-associative-1-150x150.jpg\",\"contentUrl\":\"https:\/\/vieassociative.be\/actualites\/wp-content\/uploads\/2024\/09\/vie-associative-1-150x150.jpg\",\"caption\":\"Julien\"},\"description\":\"Je suis Julien, r\u00e9dacteur pour Vie Associative. Passionn\u00e9 par le monde associatif depuis plus de 10 ans, j'ai \u00e0 c\u0153ur de partager des histoires inspirantes et de mettre en lumi\u00e8re les initiatives locales. Mon objectif est de sensibiliser et d'encourager l'engagement communautaire \u00e0 travers mes articles.\",\"sameAs\":[\"https:\/\/vieassociative.be\/\"]}]}<\/script>\n<!-- \/ Yoast SEO plugin. -->","yoast_head_json":{"title":"La Commission europ\u00e9enne appelle au retrait des moteurs \u00e0 combustion | Vie Associative","robots":{"index":"index","follow":"follow","max-snippet":"max-snippet:-1","max-image-preview":"max-image-preview:large","max-video-preview":"max-video-preview:-1"},"canonical":"https:\/\/vieassociative.be\/actualites\/la-commission-europeenne-appelle-au-retrait-des-moteurs-a-combustion\/","og_locale":"fr_FR","og_type":"article","og_title":"La Commission europ\u00e9enne appelle au retrait des moteurs \u00e0 combustion | Vie Associative","og_description":"Les moteurs \u00e0 combustion pourraient continuer \u00e0 \u00eatre homologu\u00e9s \u00e0 partir de 2035 \u2013 mais seulement sous certaines conditions. Les d\u00e9tails d&rsquo;une proposition envisag\u00e9e ont","og_url":"https:\/\/vieassociative.be\/actualites\/la-commission-europeenne-appelle-au-retrait-des-moteurs-a-combustion\/","og_site_name":"Vie Associative","article_published_time":"2025-12-13T08:17:27+00:00","og_image":[{"width":279,"height":92,"url":"https:\/\/vieassociative.be\/actualites\/wp-content\/uploads\/2024\/09\/header_backgroundk-01-e1726694325946.png","type":"image\/png"}],"author":"Julien","twitter_card":"summary_large_image","twitter_misc":{"\u00c9crit par":"Julien","Dur\u00e9e de lecture est.":"3 minutes"},"schema":{"@context":"https:\/\/schema.org","@graph":[{"@type":"Article","@id":"https:\/\/vieassociative.be\/actualites\/la-commission-europeenne-appelle-au-retrait-des-moteurs-a-combustion\/#article","isPartOf":{"@id":"https:\/\/vieassociative.be\/actualites\/la-commission-europeenne-appelle-au-retrait-des-moteurs-a-combustion\/"},"author":{"name":"Julien","@id":"https:\/\/vieassociative.be\/actualites\/#\/schema\/person\/b87ac4f82f9d4e7b7cec7395b679edc4"},"headline":"La Commission europ\u00e9enne appelle au retrait des moteurs \u00e0 combustion","datePublished":"2025-12-13T08:17:27+00:00","dateModified":"2025-12-13T08:17:27+00:00","mainEntityOfPage":{"@id":"https:\/\/vieassociative.be\/actualites\/la-commission-europeenne-appelle-au-retrait-des-moteurs-a-combustion\/"},"wordCount":686,"publisher":{"@id":"https:\/\/vieassociative.be\/actualites\/#organization"},"image":{"@id":"https:\/\/vieassociative.be\/actualites\/la-commission-europeenne-appelle-au-retrait-des-moteurs-a-combustion\/#primaryimage"},"thumbnailUrl":"https:\/\/vieassociative.be\/actualites\/wp-content\/uploads\/2025\/12\/La-Commission-europeenne-appelle-au-retrait-des-moteurs-a-combustion.jpg","keywords":["appelle","combustion","Commission","Des","europ\u00e9enne","moteurs","retrait"],"articleSection":["Belgique"],"inLanguage":"fr-BE"},{"@type":"WebPage","@id":"https:\/\/vieassociative.be\/actualites\/la-commission-europeenne-appelle-au-retrait-des-moteurs-a-combustion\/","url":"https:\/\/vieassociative.be\/actualites\/la-commission-europeenne-appelle-au-retrait-des-moteurs-a-combustion\/","name":"La Commission europ\u00e9enne appelle au retrait des moteurs \u00e0 combustion | Vie Associative","isPartOf":{"@id":"https:\/\/vieassociative.be\/actualites\/#website"},"primaryImageOfPage":{"@id":"https:\/\/vieassociative.be\/actualites\/la-commission-europeenne-appelle-au-retrait-des-moteurs-a-combustion\/#primaryimage"},"image":{"@id":"https:\/\/vieassociative.be\/actualites\/la-commission-europeenne-appelle-au-retrait-des-moteurs-a-combustion\/#primaryimage"},"thumbnailUrl":"https:\/\/vieassociative.be\/actualites\/wp-content\/uploads\/2025\/12\/La-Commission-europeenne-appelle-au-retrait-des-moteurs-a-combustion.jpg","datePublished":"2025-12-13T08:17:27+00:00","dateModified":"2025-12-13T08:17:27+00:00","breadcrumb":{"@id":"https:\/\/vieassociative.be\/actualites\/la-commission-europeenne-appelle-au-retrait-des-moteurs-a-combustion\/#breadcrumb"},"inLanguage":"fr-BE","potentialAction":[{"@type":"ReadAction","target":["https:\/\/vieassociative.be\/actualites\/la-commission-europeenne-appelle-au-retrait-des-moteurs-a-combustion\/"]}]},{"@type":"ImageObject","inLanguage":"fr-BE","@id":"https:\/\/vieassociative.be\/actualites\/la-commission-europeenne-appelle-au-retrait-des-moteurs-a-combustion\/#primaryimage","url":"https:\/\/vieassociative.be\/actualites\/wp-content\/uploads\/2025\/12\/La-Commission-europeenne-appelle-au-retrait-des-moteurs-a-combustion.jpg","contentUrl":"https:\/\/vieassociative.be\/actualites\/wp-content\/uploads\/2025\/12\/La-Commission-europeenne-appelle-au-retrait-des-moteurs-a-combustion.jpg","width":1200,"height":801,"caption":"La Commission europ\u00e9enne appelle au retrait des moteurs \u00e0 combustion"},{"@type":"BreadcrumbList","@id":"https:\/\/vieassociative.be\/actualites\/la-commission-europeenne-appelle-au-retrait-des-moteurs-a-combustion\/#breadcrumb","itemListElement":[{"@type":"ListItem","position":1,"name":"Accueil","item":"https:\/\/vieassociative.be\/actualites\/"},{"@type":"ListItem","position":2,"name":"La Commission europ\u00e9enne appelle au retrait des moteurs \u00e0 combustion"}]},{"@type":"WebSite","@id":"https:\/\/vieassociative.be\/actualites\/#website","url":"https:\/\/vieassociative.be\/actualites\/","name":"Vie Associative","description":"","publisher":{"@id":"https:\/\/vieassociative.be\/actualites\/#organization"},"potentialAction":[{"@type":"SearchAction","target":{"@type":"EntryPoint","urlTemplate":"https:\/\/vieassociative.be\/actualites\/?s={search_term_string}"},"query-input":{"@type":"PropertyValueSpecification","valueRequired":true,"valueName":"search_term_string"}}],"inLanguage":"fr-BE"},{"@type":"Organization","@id":"https:\/\/vieassociative.be\/actualites\/#organization","name":"Vie Associative","url":"https:\/\/vieassociative.be\/actualites\/","logo":{"@type":"ImageObject","inLanguage":"fr-BE","@id":"https:\/\/vieassociative.be\/actualites\/#\/schema\/logo\/image\/","url":"https:\/\/vieassociative.be\/actualites\/wp-content\/uploads\/2024\/09\/cropped-vieassociative_favicon.ico.png","contentUrl":"https:\/\/vieassociative.be\/actualites\/wp-content\/uploads\/2024\/09\/cropped-vieassociative_favicon.ico.png","width":512,"height":512,"caption":"Vie Associative"},"image":{"@id":"https:\/\/vieassociative.be\/actualites\/#\/schema\/logo\/image\/"}},{"@type":"Person","@id":"https:\/\/vieassociative.be\/actualites\/#\/schema\/person\/b87ac4f82f9d4e7b7cec7395b679edc4","name":"Julien","image":{"@type":"ImageObject","inLanguage":"fr-BE","@id":"https:\/\/vieassociative.be\/actualites\/#\/schema\/person\/image\/","url":"https:\/\/vieassociative.be\/actualites\/wp-content\/uploads\/2024\/09\/vie-associative-1-150x150.jpg","contentUrl":"https:\/\/vieassociative.be\/actualites\/wp-content\/uploads\/2024\/09\/vie-associative-1-150x150.jpg","caption":"Julien"},"description":"Je suis Julien, r\u00e9dacteur pour Vie Associative. Passionn\u00e9 par le monde associatif depuis plus de 10 ans, j'ai \u00e0 c\u0153ur de partager des histoires inspirantes et de mettre en lumi\u00e8re les initiatives locales. Mon objectif est de sensibiliser et d'encourager l'engagement communautaire \u00e0 travers mes articles.","sameAs":["https:\/\/vieassociative.be\/"]}]}},"_links":{"self":[{"href":"https:\/\/vieassociative.be\/actualites\/wp-json\/wp\/v2\/posts\/11825"}],"collection":[{"href":"https:\/\/vieassociative.be\/actualites\/wp-json\/wp\/v2\/posts"}],"about":[{"href":"https:\/\/vieassociative.be\/actualites\/wp-json\/wp\/v2\/types\/post"}],"author":[{"embeddable":true,"href":"https:\/\/vieassociative.be\/actualites\/wp-json\/wp\/v2\/users\/1"}],"replies":[{"embeddable":true,"href":"https:\/\/vieassociative.be\/actualites\/wp-json\/wp\/v2\/comments?post=11825"}],"version-history":[{"count":0,"href":"https:\/\/vieassociative.be\/actualites\/wp-json\/wp\/v2\/posts\/11825\/revisions"}],"wp:featuredmedia":[{"embeddable":true,"href":"https:\/\/vieassociative.be\/actualites\/wp-json\/wp\/v2\/media\/11826"}],"wp:attachment":[{"href":"https:\/\/vieassociative.be\/actualites\/wp-json\/wp\/v2\/media?parent=11825"}],"wp:term":[{"taxonomy":"category","embeddable":true,"href":"https:\/\/vieassociative.be\/actualites\/wp-json\/wp\/v2\/categories?post=11825"},{"taxonomy":"post_tag","embeddable":true,"href":"https:\/\/vieassociative.be\/actualites\/wp-json\/wp\/v2\/tags?post=11825"}],"curies":[{"name":"wp","href":"https:\/\/api.w.org\/{rel}","templated":true}]}}