{"id":11821,"date":"2025-12-13T03:17:21","date_gmt":"2025-12-13T02:17:21","guid":{"rendered":"https:\/\/vieassociative.be\/actualites\/la-princesse-astrid-ne-dirige-plus-les-missions-economiques-pour-raisons-de-sante\/"},"modified":"2025-12-13T03:17:21","modified_gmt":"2025-12-13T02:17:21","slug":"la-princesse-astrid-ne-dirige-plus-les-missions-economiques-pour-raisons-de-sante","status":"publish","type":"post","link":"https:\/\/vieassociative.be\/actualites\/la-princesse-astrid-ne-dirige-plus-les-missions-economiques-pour-raisons-de-sante\/","title":{"rendered":"La princesse Astrid ne dirige plus les missions \u00e9conomiques pour raisons de sant\u00e9"},"content":{"rendered":"<p><strong>En raison de probl\u00e8mes de sant\u00e9, la princesse Astrid se retire temporairement de la direction des missions \u00e9conomiques belges. En attendant que la princesse Elisabeth soit disponible, la reine Mathilde assumera ce r\u00f4le.<\/strong><\/p>\n<p><span id=\"more-431664\"><\/span>Le Palais Royal a annonc\u00e9 vendredi que la princesse Astrid avait demand\u00e9 au roi Philippe de la relever de ses fonctions li\u00e9es aux missions \u00e9conomiques belges en raison de probl\u00e8mes de sant\u00e9. Le monarque acc\u00e9da \u00e0 cette demande, mettant temporairement fin \u00e0 l&rsquo;implication de la princesse dans ce r\u00f4le.<\/p>\n<p>La princesse Astrid dirige les missions \u00e9conomiques depuis que son fr\u00e8re Philippe a \u00e9t\u00e9 \u00e9lu roi en juillet 2013. Auparavant, c&rsquo;\u00e9tait le prince Philippe qui assumait cette t\u00e2che et, jusqu&rsquo;\u00e0 la mort du roi Baudouin en 1993, le prince d&rsquo;alors, puis le roi Albert.<\/p>\n<div id=\"attachment_102573\" class=\"wp-caption alignleft\" style=\"max-width: 300px\"><img fetchpriority=\"high\" decoding=\"async\" class=\"wp-image-102573 size-medium\" src=\"https:\/\/vieassociative.be\/actualites\/wp-content\/uploads\/2025\/12\/La-princesse-Astrid-ne-dirige-plus-les-missions-economiques-pour.jpeg\" alt=\"\" width=\"300\" height=\"216\"  ><\/div>\n<p>Pour assurer la continuit\u00e9, la reine Mathilde dirigera les prochaines missions. Une d\u00e9cision logique : elle poss\u00e8de d\u00e9j\u00e0 une vaste exp\u00e9rience dans ce domaine. Avant l&rsquo;accession de Philippe au tr\u00f4ne, elle participa \u00e0 de nombreuses missions \u00e9conomiques aux c\u00f4t\u00e9s de son mari, alors prince h\u00e9ritier.<\/p>\n<p>Th\u00e9oriquement, la princesse Elisabeth aurait pu reprendre cette fonction. Mais des contraintes pratiques s\u2019y opposent. L&rsquo;h\u00e9riti\u00e8re du tr\u00f4ne termine actuellement sa ma\u00eetrise en politiques publiques \u00e0 l&rsquo;universit\u00e9 Harvard aux \u00c9tats-Unis. Entre ses cours et l&rsquo;organisation de ces missions tr\u00e8s gourmandes en temps et en \u00e9nergie, il lui serait difficile d&rsquo;assurer ce r\u00f4le depuis un autre continent.<\/p>\n<p>La reine Mathilde dirigera donc une mission en Turquie en mai 2026 et une autre en Arabie Saoudite en novembre 2026.<\/p>\n<p>La princesse Elisabeth devrait terminer ses \u00e9tudes dans environ six mois. Deux options s&rsquo;offrent alors \u00e0 elle : soit poursuivre sa carri\u00e8re par une formation ou un stage, comme le faisait alors son p\u00e8re, soit se consacrer enti\u00e8rement \u00e0 ses fonctions royales. Dans le second cas, elle assumerait progressivement la responsabilit\u00e9 des missions \u00e9conomiques et succ\u00e9derait ainsi \u00e0 sa m\u00e8re. (cr\u00e9er)<\/p>\n","protected":false},"excerpt":{"rendered":"<p>En raison de probl\u00e8mes de sant\u00e9, la princesse Astrid se retire temporairement de la direction des missions \u00e9conomiques belges. En attendant que la princesse Elisabeth<\/p>\n","protected":false},"author":1,"featured_media":11822,"comment_status":"","ping_status":"","sticky":false,"template":"","format":"standard","meta":{"footnotes":""},"categories":[298],"tags":[8350,5087,4084,14,9540,81,3915,2692,916],"class_list":["post-11821","post","type-post","status-publish","format-standard","has-post-thumbnail","hentry","category-belgique","tag-astrid","tag-dirige","tag-economiques","tag-les","tag-missions","tag-pour","tag-princesse","tag-raisons","tag-sante","generate-columns","tablet-grid-50","mobile-grid-100","grid-parent","grid-33"],"yoast_head":"<!-- This site is optimized with the Yoast SEO plugin v24.0 - https:\/\/yoast.com\/wordpress\/plugins\/seo\/ -->\n<title>La princesse Astrid ne dirige plus les missions \u00e9conomiques pour raisons de sant\u00e9 | Vie Associative<\/title>\n<meta name=\"robots\" content=\"index, follow, max-snippet:-1, max-image-preview:large, max-video-preview:-1\" \/>\n<link rel=\"canonical\" href=\"https:\/\/vieassociative.be\/actualites\/la-princesse-astrid-ne-dirige-plus-les-missions-economiques-pour-raisons-de-sante\/\" \/>\n<meta property=\"og:locale\" content=\"fr_FR\" \/>\n<meta property=\"og:type\" content=\"article\" \/>\n<meta property=\"og:title\" content=\"La princesse Astrid ne dirige plus les missions \u00e9conomiques pour raisons de sant\u00e9 | Vie Associative\" \/>\n<meta property=\"og:description\" content=\"En raison de probl\u00e8mes de sant\u00e9, la princesse Astrid se retire temporairement de la direction des missions \u00e9conomiques belges. En attendant que la princesse Elisabeth\" \/>\n<meta property=\"og:url\" content=\"https:\/\/vieassociative.be\/actualites\/la-princesse-astrid-ne-dirige-plus-les-missions-economiques-pour-raisons-de-sante\/\" \/>\n<meta property=\"og:site_name\" content=\"Vie Associative\" \/>\n<meta property=\"article:published_time\" content=\"2025-12-13T02:17:21+00:00\" \/>\n<meta property=\"og:image\" content=\"https:\/\/vieassociative.be\/actualites\/wp-content\/uploads\/2024\/09\/header_backgroundk-01-e1726694325946.png\" \/>\n\t<meta property=\"og:image:width\" content=\"279\" \/>\n\t<meta property=\"og:image:height\" content=\"92\" \/>\n\t<meta property=\"og:image:type\" content=\"image\/png\" \/>\n<meta name=\"author\" content=\"Julien\" \/>\n<meta name=\"twitter:card\" content=\"summary_large_image\" \/>\n<meta name=\"twitter:label1\" content=\"\u00c9crit par\" \/>\n\t<meta name=\"twitter:data1\" content=\"Julien\" \/>\n\t<meta name=\"twitter:label2\" content=\"Dur\u00e9e de lecture est.\" \/>\n\t<meta name=\"twitter:data2\" content=\"2 minutes\" \/>\n<script type=\"application\/ld+json\" class=\"yoast-schema-graph\">{\"@context\":\"https:\/\/schema.org\",\"@graph\":[{\"@type\":\"Article\",\"@id\":\"https:\/\/vieassociative.be\/actualites\/la-princesse-astrid-ne-dirige-plus-les-missions-economiques-pour-raisons-de-sante\/#article\",\"isPartOf\":{\"@id\":\"https:\/\/vieassociative.be\/actualites\/la-princesse-astrid-ne-dirige-plus-les-missions-economiques-pour-raisons-de-sante\/\"},\"author\":{\"name\":\"Julien\",\"@id\":\"https:\/\/vieassociative.be\/actualites\/#\/schema\/person\/b87ac4f82f9d4e7b7cec7395b679edc4\"},\"headline\":\"La princesse Astrid ne dirige plus les missions \u00e9conomiques pour raisons de sant\u00e9\",\"datePublished\":\"2025-12-13T02:17:21+00:00\",\"dateModified\":\"2025-12-13T02:17:21+00:00\",\"mainEntityOfPage\":{\"@id\":\"https:\/\/vieassociative.be\/actualites\/la-princesse-astrid-ne-dirige-plus-les-missions-economiques-pour-raisons-de-sante\/\"},\"wordCount\":348,\"publisher\":{\"@id\":\"https:\/\/vieassociative.be\/actualites\/#organization\"},\"image\":{\"@id\":\"https:\/\/vieassociative.be\/actualites\/la-princesse-astrid-ne-dirige-plus-les-missions-economiques-pour-raisons-de-sante\/#primaryimage\"},\"thumbnailUrl\":\"https:\/\/vieassociative.be\/actualites\/wp-content\/uploads\/2025\/12\/1765592242_La-princesse-Astrid-ne-dirige-plus-les-missions-economiques-pour.jpeg\",\"keywords\":[\"Astrid\",\"dirig\u00e9\",\"\u00e9conomiques\",\"Les\",\"missions\",\"pour\",\"princesse\",\"raisons\",\"sant\u00e9\"],\"articleSection\":[\"Belgique\"],\"inLanguage\":\"fr-BE\"},{\"@type\":\"WebPage\",\"@id\":\"https:\/\/vieassociative.be\/actualites\/la-princesse-astrid-ne-dirige-plus-les-missions-economiques-pour-raisons-de-sante\/\",\"url\":\"https:\/\/vieassociative.be\/actualites\/la-princesse-astrid-ne-dirige-plus-les-missions-economiques-pour-raisons-de-sante\/\",\"name\":\"La princesse Astrid ne dirige plus les missions \u00e9conomiques pour raisons de sant\u00e9 | Vie Associative\",\"isPartOf\":{\"@id\":\"https:\/\/vieassociative.be\/actualites\/#website\"},\"primaryImageOfPage\":{\"@id\":\"https:\/\/vieassociative.be\/actualites\/la-princesse-astrid-ne-dirige-plus-les-missions-economiques-pour-raisons-de-sante\/#primaryimage\"},\"image\":{\"@id\":\"https:\/\/vieassociative.be\/actualites\/la-princesse-astrid-ne-dirige-plus-les-missions-economiques-pour-raisons-de-sante\/#primaryimage\"},\"thumbnailUrl\":\"https:\/\/vieassociative.be\/actualites\/wp-content\/uploads\/2025\/12\/1765592242_La-princesse-Astrid-ne-dirige-plus-les-missions-economiques-pour.jpeg\",\"datePublished\":\"2025-12-13T02:17:21+00:00\",\"dateModified\":\"2025-12-13T02:17:21+00:00\",\"breadcrumb\":{\"@id\":\"https:\/\/vieassociative.be\/actualites\/la-princesse-astrid-ne-dirige-plus-les-missions-economiques-pour-raisons-de-sante\/#breadcrumb\"},\"inLanguage\":\"fr-BE\",\"potentialAction\":[{\"@type\":\"ReadAction\",\"target\":[\"https:\/\/vieassociative.be\/actualites\/la-princesse-astrid-ne-dirige-plus-les-missions-economiques-pour-raisons-de-sante\/\"]}]},{\"@type\":\"ImageObject\",\"inLanguage\":\"fr-BE\",\"@id\":\"https:\/\/vieassociative.be\/actualites\/la-princesse-astrid-ne-dirige-plus-les-missions-economiques-pour-raisons-de-sante\/#primaryimage\",\"url\":\"https:\/\/vieassociative.be\/actualites\/wp-content\/uploads\/2025\/12\/1765592242_La-princesse-Astrid-ne-dirige-plus-les-missions-economiques-pour.jpeg\",\"contentUrl\":\"https:\/\/vieassociative.be\/actualites\/wp-content\/uploads\/2025\/12\/1765592242_La-princesse-Astrid-ne-dirige-plus-les-missions-economiques-pour.jpeg\",\"width\":1200,\"height\":800,\"caption\":\"La princesse Astrid ne dirige plus les missions \u00e9conomiques pour raisons de sant\u00e9\"},{\"@type\":\"BreadcrumbList\",\"@id\":\"https:\/\/vieassociative.be\/actualites\/la-princesse-astrid-ne-dirige-plus-les-missions-economiques-pour-raisons-de-sante\/#breadcrumb\",\"itemListElement\":[{\"@type\":\"ListItem\",\"position\":1,\"name\":\"Accueil\",\"item\":\"https:\/\/vieassociative.be\/actualites\/\"},{\"@type\":\"ListItem\",\"position\":2,\"name\":\"La princesse Astrid ne dirige plus les missions \u00e9conomiques pour raisons de sant\u00e9\"}]},{\"@type\":\"WebSite\",\"@id\":\"https:\/\/vieassociative.be\/actualites\/#website\",\"url\":\"https:\/\/vieassociative.be\/actualites\/\",\"name\":\"Vie Associative\",\"description\":\"\",\"publisher\":{\"@id\":\"https:\/\/vieassociative.be\/actualites\/#organization\"},\"potentialAction\":[{\"@type\":\"SearchAction\",\"target\":{\"@type\":\"EntryPoint\",\"urlTemplate\":\"https:\/\/vieassociative.be\/actualites\/?s={search_term_string}\"},\"query-input\":{\"@type\":\"PropertyValueSpecification\",\"valueRequired\":true,\"valueName\":\"search_term_string\"}}],\"inLanguage\":\"fr-BE\"},{\"@type\":\"Organization\",\"@id\":\"https:\/\/vieassociative.be\/actualites\/#organization\",\"name\":\"Vie Associative\",\"url\":\"https:\/\/vieassociative.be\/actualites\/\",\"logo\":{\"@type\":\"ImageObject\",\"inLanguage\":\"fr-BE\",\"@id\":\"https:\/\/vieassociative.be\/actualites\/#\/schema\/logo\/image\/\",\"url\":\"https:\/\/vieassociative.be\/actualites\/wp-content\/uploads\/2024\/09\/cropped-vieassociative_favicon.ico.png\",\"contentUrl\":\"https:\/\/vieassociative.be\/actualites\/wp-content\/uploads\/2024\/09\/cropped-vieassociative_favicon.ico.png\",\"width\":512,\"height\":512,\"caption\":\"Vie Associative\"},\"image\":{\"@id\":\"https:\/\/vieassociative.be\/actualites\/#\/schema\/logo\/image\/\"}},{\"@type\":\"Person\",\"@id\":\"https:\/\/vieassociative.be\/actualites\/#\/schema\/person\/b87ac4f82f9d4e7b7cec7395b679edc4\",\"name\":\"Julien\",\"image\":{\"@type\":\"ImageObject\",\"inLanguage\":\"fr-BE\",\"@id\":\"https:\/\/vieassociative.be\/actualites\/#\/schema\/person\/image\/\",\"url\":\"https:\/\/vieassociative.be\/actualites\/wp-content\/uploads\/2024\/09\/vie-associative-1-150x150.jpg\",\"contentUrl\":\"https:\/\/vieassociative.be\/actualites\/wp-content\/uploads\/2024\/09\/vie-associative-1-150x150.jpg\",\"caption\":\"Julien\"},\"description\":\"Je suis Julien, r\u00e9dacteur pour Vie Associative. Passionn\u00e9 par le monde associatif depuis plus de 10 ans, j'ai \u00e0 c\u0153ur de partager des histoires inspirantes et de mettre en lumi\u00e8re les initiatives locales. Mon objectif est de sensibiliser et d'encourager l'engagement communautaire \u00e0 travers mes articles.\",\"sameAs\":[\"https:\/\/vieassociative.be\/\"]}]}<\/script>\n<!-- \/ Yoast SEO plugin. -->","yoast_head_json":{"title":"La princesse Astrid ne dirige plus les missions \u00e9conomiques pour raisons de sant\u00e9 | Vie Associative","robots":{"index":"index","follow":"follow","max-snippet":"max-snippet:-1","max-image-preview":"max-image-preview:large","max-video-preview":"max-video-preview:-1"},"canonical":"https:\/\/vieassociative.be\/actualites\/la-princesse-astrid-ne-dirige-plus-les-missions-economiques-pour-raisons-de-sante\/","og_locale":"fr_FR","og_type":"article","og_title":"La princesse Astrid ne dirige plus les missions \u00e9conomiques pour raisons de sant\u00e9 | Vie Associative","og_description":"En raison de probl\u00e8mes de sant\u00e9, la princesse Astrid se retire temporairement de la direction des missions \u00e9conomiques belges. En attendant que la princesse Elisabeth","og_url":"https:\/\/vieassociative.be\/actualites\/la-princesse-astrid-ne-dirige-plus-les-missions-economiques-pour-raisons-de-sante\/","og_site_name":"Vie Associative","article_published_time":"2025-12-13T02:17:21+00:00","og_image":[{"width":279,"height":92,"url":"https:\/\/vieassociative.be\/actualites\/wp-content\/uploads\/2024\/09\/header_backgroundk-01-e1726694325946.png","type":"image\/png"}],"author":"Julien","twitter_card":"summary_large_image","twitter_misc":{"\u00c9crit par":"Julien","Dur\u00e9e de lecture est.":"2 minutes"},"schema":{"@context":"https:\/\/schema.org","@graph":[{"@type":"Article","@id":"https:\/\/vieassociative.be\/actualites\/la-princesse-astrid-ne-dirige-plus-les-missions-economiques-pour-raisons-de-sante\/#article","isPartOf":{"@id":"https:\/\/vieassociative.be\/actualites\/la-princesse-astrid-ne-dirige-plus-les-missions-economiques-pour-raisons-de-sante\/"},"author":{"name":"Julien","@id":"https:\/\/vieassociative.be\/actualites\/#\/schema\/person\/b87ac4f82f9d4e7b7cec7395b679edc4"},"headline":"La princesse Astrid ne dirige plus les missions \u00e9conomiques pour raisons de sant\u00e9","datePublished":"2025-12-13T02:17:21+00:00","dateModified":"2025-12-13T02:17:21+00:00","mainEntityOfPage":{"@id":"https:\/\/vieassociative.be\/actualites\/la-princesse-astrid-ne-dirige-plus-les-missions-economiques-pour-raisons-de-sante\/"},"wordCount":348,"publisher":{"@id":"https:\/\/vieassociative.be\/actualites\/#organization"},"image":{"@id":"https:\/\/vieassociative.be\/actualites\/la-princesse-astrid-ne-dirige-plus-les-missions-economiques-pour-raisons-de-sante\/#primaryimage"},"thumbnailUrl":"https:\/\/vieassociative.be\/actualites\/wp-content\/uploads\/2025\/12\/1765592242_La-princesse-Astrid-ne-dirige-plus-les-missions-economiques-pour.jpeg","keywords":["Astrid","dirig\u00e9","\u00e9conomiques","Les","missions","pour","princesse","raisons","sant\u00e9"],"articleSection":["Belgique"],"inLanguage":"fr-BE"},{"@type":"WebPage","@id":"https:\/\/vieassociative.be\/actualites\/la-princesse-astrid-ne-dirige-plus-les-missions-economiques-pour-raisons-de-sante\/","url":"https:\/\/vieassociative.be\/actualites\/la-princesse-astrid-ne-dirige-plus-les-missions-economiques-pour-raisons-de-sante\/","name":"La princesse Astrid ne dirige plus les missions \u00e9conomiques pour raisons de sant\u00e9 | Vie Associative","isPartOf":{"@id":"https:\/\/vieassociative.be\/actualites\/#website"},"primaryImageOfPage":{"@id":"https:\/\/vieassociative.be\/actualites\/la-princesse-astrid-ne-dirige-plus-les-missions-economiques-pour-raisons-de-sante\/#primaryimage"},"image":{"@id":"https:\/\/vieassociative.be\/actualites\/la-princesse-astrid-ne-dirige-plus-les-missions-economiques-pour-raisons-de-sante\/#primaryimage"},"thumbnailUrl":"https:\/\/vieassociative.be\/actualites\/wp-content\/uploads\/2025\/12\/1765592242_La-princesse-Astrid-ne-dirige-plus-les-missions-economiques-pour.jpeg","datePublished":"2025-12-13T02:17:21+00:00","dateModified":"2025-12-13T02:17:21+00:00","breadcrumb":{"@id":"https:\/\/vieassociative.be\/actualites\/la-princesse-astrid-ne-dirige-plus-les-missions-economiques-pour-raisons-de-sante\/#breadcrumb"},"inLanguage":"fr-BE","potentialAction":[{"@type":"ReadAction","target":["https:\/\/vieassociative.be\/actualites\/la-princesse-astrid-ne-dirige-plus-les-missions-economiques-pour-raisons-de-sante\/"]}]},{"@type":"ImageObject","inLanguage":"fr-BE","@id":"https:\/\/vieassociative.be\/actualites\/la-princesse-astrid-ne-dirige-plus-les-missions-economiques-pour-raisons-de-sante\/#primaryimage","url":"https:\/\/vieassociative.be\/actualites\/wp-content\/uploads\/2025\/12\/1765592242_La-princesse-Astrid-ne-dirige-plus-les-missions-economiques-pour.jpeg","contentUrl":"https:\/\/vieassociative.be\/actualites\/wp-content\/uploads\/2025\/12\/1765592242_La-princesse-Astrid-ne-dirige-plus-les-missions-economiques-pour.jpeg","width":1200,"height":800,"caption":"La princesse Astrid ne dirige plus les missions \u00e9conomiques pour raisons de sant\u00e9"},{"@type":"BreadcrumbList","@id":"https:\/\/vieassociative.be\/actualites\/la-princesse-astrid-ne-dirige-plus-les-missions-economiques-pour-raisons-de-sante\/#breadcrumb","itemListElement":[{"@type":"ListItem","position":1,"name":"Accueil","item":"https:\/\/vieassociative.be\/actualites\/"},{"@type":"ListItem","position":2,"name":"La princesse Astrid ne dirige plus les missions \u00e9conomiques pour raisons de sant\u00e9"}]},{"@type":"WebSite","@id":"https:\/\/vieassociative.be\/actualites\/#website","url":"https:\/\/vieassociative.be\/actualites\/","name":"Vie Associative","description":"","publisher":{"@id":"https:\/\/vieassociative.be\/actualites\/#organization"},"potentialAction":[{"@type":"SearchAction","target":{"@type":"EntryPoint","urlTemplate":"https:\/\/vieassociative.be\/actualites\/?s={search_term_string}"},"query-input":{"@type":"PropertyValueSpecification","valueRequired":true,"valueName":"search_term_string"}}],"inLanguage":"fr-BE"},{"@type":"Organization","@id":"https:\/\/vieassociative.be\/actualites\/#organization","name":"Vie Associative","url":"https:\/\/vieassociative.be\/actualites\/","logo":{"@type":"ImageObject","inLanguage":"fr-BE","@id":"https:\/\/vieassociative.be\/actualites\/#\/schema\/logo\/image\/","url":"https:\/\/vieassociative.be\/actualites\/wp-content\/uploads\/2024\/09\/cropped-vieassociative_favicon.ico.png","contentUrl":"https:\/\/vieassociative.be\/actualites\/wp-content\/uploads\/2024\/09\/cropped-vieassociative_favicon.ico.png","width":512,"height":512,"caption":"Vie Associative"},"image":{"@id":"https:\/\/vieassociative.be\/actualites\/#\/schema\/logo\/image\/"}},{"@type":"Person","@id":"https:\/\/vieassociative.be\/actualites\/#\/schema\/person\/b87ac4f82f9d4e7b7cec7395b679edc4","name":"Julien","image":{"@type":"ImageObject","inLanguage":"fr-BE","@id":"https:\/\/vieassociative.be\/actualites\/#\/schema\/person\/image\/","url":"https:\/\/vieassociative.be\/actualites\/wp-content\/uploads\/2024\/09\/vie-associative-1-150x150.jpg","contentUrl":"https:\/\/vieassociative.be\/actualites\/wp-content\/uploads\/2024\/09\/vie-associative-1-150x150.jpg","caption":"Julien"},"description":"Je suis Julien, r\u00e9dacteur pour Vie Associative. Passionn\u00e9 par le monde associatif depuis plus de 10 ans, j'ai \u00e0 c\u0153ur de partager des histoires inspirantes et de mettre en lumi\u00e8re les initiatives locales. Mon objectif est de sensibiliser et d'encourager l'engagement communautaire \u00e0 travers mes articles.","sameAs":["https:\/\/vieassociative.be\/"]}]}},"_links":{"self":[{"href":"https:\/\/vieassociative.be\/actualites\/wp-json\/wp\/v2\/posts\/11821"}],"collection":[{"href":"https:\/\/vieassociative.be\/actualites\/wp-json\/wp\/v2\/posts"}],"about":[{"href":"https:\/\/vieassociative.be\/actualites\/wp-json\/wp\/v2\/types\/post"}],"author":[{"embeddable":true,"href":"https:\/\/vieassociative.be\/actualites\/wp-json\/wp\/v2\/users\/1"}],"replies":[{"embeddable":true,"href":"https:\/\/vieassociative.be\/actualites\/wp-json\/wp\/v2\/comments?post=11821"}],"version-history":[{"count":0,"href":"https:\/\/vieassociative.be\/actualites\/wp-json\/wp\/v2\/posts\/11821\/revisions"}],"wp:featuredmedia":[{"embeddable":true,"href":"https:\/\/vieassociative.be\/actualites\/wp-json\/wp\/v2\/media\/11822"}],"wp:attachment":[{"href":"https:\/\/vieassociative.be\/actualites\/wp-json\/wp\/v2\/media?parent=11821"}],"wp:term":[{"taxonomy":"category","embeddable":true,"href":"https:\/\/vieassociative.be\/actualites\/wp-json\/wp\/v2\/categories?post=11821"},{"taxonomy":"post_tag","embeddable":true,"href":"https:\/\/vieassociative.be\/actualites\/wp-json\/wp\/v2\/tags?post=11821"}],"curies":[{"name":"wp","href":"https:\/\/api.w.org\/{rel}","templated":true}]}}