{"id":11819,"date":"2025-12-13T02:17:30","date_gmt":"2025-12-13T01:17:30","guid":{"rendered":"https:\/\/vieassociative.be\/actualites\/jai-essaye-le-nouvel-ingredient-de-protection-solaire-que-la-fda-approuve-enfin-apres-plus-de-20-ans\/"},"modified":"2025-12-13T02:17:30","modified_gmt":"2025-12-13T01:17:30","slug":"jai-essaye-le-nouvel-ingredient-de-protection-solaire-que-la-fda-approuve-enfin-apres-plus-de-20-ans","status":"publish","type":"post","link":"https:\/\/vieassociative.be\/actualites\/jai-essaye-le-nouvel-ingredient-de-protection-solaire-que-la-fda-approuve-enfin-apres-plus-de-20-ans\/","title":{"rendered":"J&rsquo;ai essay\u00e9 le nouvel ingr\u00e9dient de protection solaire que la FDA approuve enfin apr\u00e8s plus de 20 ans"},"content":{"rendered":"<p>Une bonne nouvelle inattendue de la part de la FDA\u00a0: le b\u00e9motrizinol, un ingr\u00e9dient de protection solaire utilis\u00e9 en Europe et en Asie depuis des d\u00e9cennies, est enfin ajout\u00e9 \u00e0 la liste des ingr\u00e9dients autoris\u00e9s pour les produits vendus aux \u00c9tats-Unis. Le b\u00e9motrizinol est l&rsquo;ingr\u00e9dient actif des cr\u00e8mes solaires comme Bior\u00e9 Watery Essence, qui a un culte car il ne ressemble \u00e0 rien de ce que nous pouvons obtenir aux \u00c9tats-Unis.<\/p>\n<p>J&rsquo;ai essay\u00e9 Bior\u00e9 UV Aqua Rich Watery Essence (c&rsquo;est le nom complet du produit) dans sa formulation japonaise originale. Cette cr\u00e8me solaire est un favori culte sur les forums de soins de la peau et de beaut\u00e9 asiatique en raison de son toucher non gras et parce qu&rsquo;elle prot\u00e8ge \u00e0 la fois des rayons UVA et UVB sans laisser de trace blanche. J&rsquo;ai re\u00e7u le mien d&rsquo;un ami qui l&rsquo;avait r\u00e9cup\u00e9r\u00e9 lors d&rsquo;un voyage ou qui avait \u00e9ventuellement command\u00e9 \u00e0 l&rsquo;\u00e9tranger\u00a0; vous ne pouvez pas l&rsquo;acheter dans les magasins bas\u00e9s aux \u00c9tats-Unis.<\/p>\n<p>Je vais vous expliquer pourquoi cela se trouve ci-dessous, mais d&rsquo;abord\u00a0: cela ne ressemble vraiment \u00e0 rien de ce que nous avons localement. M\u00eame nos cr\u00e8mes solaires les plus \u00ab non grasses \u00bb ont tendance \u00e0 \u00eatre un peu gluantes ou collantes. Celui-ci ne ressemble vraiment \u00e0 rien apr\u00e8s l&rsquo;avoir frott\u00e9. J&rsquo;ai tout de suite compris pourquoi il est si recherch\u00e9. En me souvenant de cette exp\u00e9rience, j&rsquo;attends avec impatience ce que nous pourrions voir dans les cr\u00e8mes solaires am\u00e9ricaines une fois que les fabricants seront autoris\u00e9s \u00e0 inclure cet ingr\u00e9dient.<\/p>\n<h2 id=\"whats-so-special-about-bemotrizinol\">Quelle est la particularit\u00e9 du b\u00e9motrizinol ?<\/h2>\n<p>Le b\u00e9motrizinol a de nombreux atouts. La premi\u00e8re est qu&rsquo;il \u00ab\u00a0fonctionne bien avec d&rsquo;autres ingr\u00e9dients de protection solaire\u00a0\u00bb, comme l&rsquo;a d\u00e9clar\u00e9 un dermatologue \u00e0 Women&rsquo;s Health. Vous pouvez en faire des cr\u00e8mes solaires plus l\u00e9g\u00e8res et plus agr\u00e9ables au toucher, d&rsquo;o\u00f9 la popularit\u00e9 de la formulation Bior\u00e9 que j&rsquo;ai essay\u00e9e. Pour voir ce que je veux dire, regardez cette vid\u00e9o dans laquelle un dermatologue montre les diff\u00e9rences entre la formulation japonaise de Bior\u00e9 et la version vendue aux \u00c9tats-Unis. Les ingr\u00e9dients sont diff\u00e9rents et la texture n&rsquo;est tout simplement pas la m\u00eame. <\/p>\n<p>Il est \u00e9galement plus efficace pour une protection \u00e0 large spectre. Avec nos formules solaires actuelles, tous les ingr\u00e9dients actifs prot\u00e8gent contre les rayons UVB (les rayons qui provoquent les coups de soleil) mais seuls quelques-uns peuvent \u00e9galement offrir une protection contre les rayons UVA (qui contribuent aux rides et au vieillissement de la peau). Les UVB sont consid\u00e9r\u00e9s comme le risque le plus \u00e9lev\u00e9 de cancer de la peau, mais les deux contribuent probablement au risque de cancer. \u00c0 l\u2019heure actuelle, la plupart des \u00e9crans solaires am\u00e9ricains \u00e0 large spectre utilisent des composants min\u00e9raux comme l\u2019oxyde de zinc. Les \u00e9crans solaires min\u00e9raux fonctionnent plut\u00f4t bien, mais peuvent laisser une trace blanche sur votre peau lorsqu&rsquo;ils sont appliqu\u00e9s aussi \u00e9pais que vous \u00eates cens\u00e9 le faire.<\/p>\n<p>Le b\u00e9motrizinol est un filtre UV chimique, il ne laisse donc pas de traces blanches. Mais il prot\u00e8ge bien contre les rayons UVA en plus des UVB, et il est plus photostable que la plupart de nos ingr\u00e9dients chimiques de protection solaire existants, ce qui lui permet de durer plus longtemps sur la peau. En d\u2019autres termes, il s\u2019agit d\u2019un \u00e9cran solaire chimique, mais il combine certaines des meilleures caract\u00e9ristiques des \u00e9crans solaires chimiques et min\u00e9raux.<\/p>\n<p>Il est \u00e9galement consid\u00e9r\u00e9 comme l\u2019un des \u00e9crans solaires les plus s\u00fbrs. Tous les \u00e9crans solaires sur le march\u00e9 sont beaucoup plus s\u00fbrs que de s&rsquo;en passer, mais tous nos ingr\u00e9dients chimiques de protection solaire font actuellement l&rsquo;objet d&rsquo;une \u00e9valuation de s\u00e9curit\u00e9 car les r\u00e9gulateurs ont d\u00e9termin\u00e9 qu&rsquo;ils sont <em>probablement<\/em> bien mais il faut plus de recherches pour en \u00eatre s\u00fbr. Actuellement, seuls nos deux ingr\u00e9dients min\u00e9raux de protection solaire (oxyde de zinc et dioxyde de titane) sont consid\u00e9r\u00e9s comme GRAS, ou g\u00e9n\u00e9ralement reconnus comme s\u00fbrs et efficaces. Le b\u00e9motrizinol sera le troisi\u00e8me.<\/p>\n<p>Si vous consultez les listes d&rsquo;ingr\u00e9dients des cr\u00e8mes solaires asiatiques ou europ\u00e9ennes, sachez qu&rsquo;elles portent plusieurs noms. Tinosorb S est le b\u00e9motrizinol\u00a0; il en va de m\u00eame pour la bis-\u00e9thylhexyloxyph\u00e9nol m\u00e9thoxyph\u00e9nyl triazine.<\/p>\n<h2 id=\"why-its-taken-so-long\">Pourquoi \u00e7a a pris si longtemps<\/h2>\n<p>Demandez \u00e0 n&rsquo;importe qui dans le monde des soins de la peau ce qu&rsquo;il pense des cr\u00e8mes solaires am\u00e9ricaines, et depuis des d\u00e9cennies, vous recevrez des plaintes selon lesquelles nous manquons des meilleures cr\u00e8mes solaires utilis\u00e9es dans le reste du monde. (Notre dernier nouvel ingr\u00e9dient de protection solaire a \u00e9t\u00e9 approuv\u00e9 en 1996.) Dans la plupart des pays, les cr\u00e8mes solaires sont r\u00e9glement\u00e9es comme des cosm\u00e9tiques, mais aux \u00c9tats-Unis, elles sont r\u00e9glement\u00e9es comme des m\u00e9dicaments. Cela signifie que les \u00c9tats-Unis exigent des tests et une approbation plus rigoureux.<\/p>\n<p>La loi CARES, adopt\u00e9e en 2020 pour lutter contre la pand\u00e9mie, permettait de vendre des m\u00e9dicaments en vente libre sans passer par le processus d&rsquo;approbation complet, \u00e0 condition que la FDA soit convaincue qu&rsquo;ils \u00e9taient s\u00fbrs et efficaces. Le b\u00e9motrizinol r\u00e9pondait aux crit\u00e8res, en grande partie gr\u00e2ce au fait qu&rsquo;il est utilis\u00e9 en toute s\u00e9curit\u00e9 depuis 2000 en Europe, en Asie et en Australie. La r\u00e8gle de la FDA sur le b\u00e9motrizinol doit encore \u00eatre finalis\u00e9e, mais il semble probable que de nouveaux \u00e9crans solaires soient disponibles sur les \u00e9tag\u00e8res avant la fin de 2026.<\/p>\n","protected":false},"excerpt":{"rendered":"<p>Une bonne nouvelle inattendue de la part de la FDA\u00a0: le b\u00e9motrizinol, un ingr\u00e9dient de protection solaire utilis\u00e9 en Europe et en Asie depuis des<\/p>\n","protected":false},"author":1,"featured_media":11820,"comment_status":"","ping_status":"","sticky":false,"template":"","format":"standard","meta":{"footnotes":""},"categories":[38],"tags":[584,8981,472,545,2258,2249,7526,823,929,3054,1918],"class_list":["post-11819","post","type-post","status-publish","format-standard","has-post-thumbnail","hentry","category-sante","tag-ans","tag-approuve","tag-apres","tag-enfin","tag-essaye","tag-fda","tag-ingredient","tag-jai","tag-nouvel","tag-protection","tag-solaire","generate-columns","tablet-grid-50","mobile-grid-100","grid-parent","grid-33"],"yoast_head":"<!-- This site is optimized with the Yoast SEO plugin v24.0 - https:\/\/yoast.com\/wordpress\/plugins\/seo\/ -->\n<title>J&#039;ai essay\u00e9 le nouvel ingr\u00e9dient de protection solaire que la FDA approuve enfin apr\u00e8s plus de 20 ans | Vie Associative<\/title>\n<meta name=\"robots\" content=\"index, follow, max-snippet:-1, max-image-preview:large, max-video-preview:-1\" \/>\n<link rel=\"canonical\" href=\"https:\/\/vieassociative.be\/actualites\/jai-essaye-le-nouvel-ingredient-de-protection-solaire-que-la-fda-approuve-enfin-apres-plus-de-20-ans\/\" \/>\n<meta property=\"og:locale\" content=\"fr_FR\" \/>\n<meta property=\"og:type\" content=\"article\" \/>\n<meta property=\"og:title\" content=\"J&#039;ai essay\u00e9 le nouvel ingr\u00e9dient de protection solaire que la FDA approuve enfin apr\u00e8s plus de 20 ans | Vie Associative\" \/>\n<meta property=\"og:description\" content=\"Une bonne nouvelle inattendue de la part de la FDA\u00a0: le b\u00e9motrizinol, un ingr\u00e9dient de protection solaire utilis\u00e9 en Europe et en Asie depuis des\" \/>\n<meta property=\"og:url\" content=\"https:\/\/vieassociative.be\/actualites\/jai-essaye-le-nouvel-ingredient-de-protection-solaire-que-la-fda-approuve-enfin-apres-plus-de-20-ans\/\" \/>\n<meta property=\"og:site_name\" content=\"Vie Associative\" \/>\n<meta property=\"article:published_time\" content=\"2025-12-13T01:17:30+00:00\" \/>\n<meta property=\"og:image\" content=\"https:\/\/vieassociative.be\/actualites\/wp-content\/uploads\/2024\/09\/header_backgroundk-01-e1726694325946.png\" \/>\n\t<meta property=\"og:image:width\" content=\"279\" \/>\n\t<meta property=\"og:image:height\" content=\"92\" \/>\n\t<meta property=\"og:image:type\" content=\"image\/png\" \/>\n<meta name=\"author\" content=\"Julien\" \/>\n<meta name=\"twitter:card\" content=\"summary_large_image\" \/>\n<meta name=\"twitter:label1\" content=\"\u00c9crit par\" \/>\n\t<meta name=\"twitter:data1\" content=\"Julien\" \/>\n\t<meta name=\"twitter:label2\" content=\"Dur\u00e9e de lecture est.\" \/>\n\t<meta name=\"twitter:data2\" content=\"5 minutes\" \/>\n<script type=\"application\/ld+json\" class=\"yoast-schema-graph\">{\"@context\":\"https:\/\/schema.org\",\"@graph\":[{\"@type\":\"Article\",\"@id\":\"https:\/\/vieassociative.be\/actualites\/jai-essaye-le-nouvel-ingredient-de-protection-solaire-que-la-fda-approuve-enfin-apres-plus-de-20-ans\/#article\",\"isPartOf\":{\"@id\":\"https:\/\/vieassociative.be\/actualites\/jai-essaye-le-nouvel-ingredient-de-protection-solaire-que-la-fda-approuve-enfin-apres-plus-de-20-ans\/\"},\"author\":{\"name\":\"Julien\",\"@id\":\"https:\/\/vieassociative.be\/actualites\/#\/schema\/person\/b87ac4f82f9d4e7b7cec7395b679edc4\"},\"headline\":\"J&rsquo;ai essay\u00e9 le nouvel ingr\u00e9dient de protection solaire que la FDA approuve enfin apr\u00e8s plus de 20 ans\",\"datePublished\":\"2025-12-13T01:17:30+00:00\",\"dateModified\":\"2025-12-13T01:17:30+00:00\",\"mainEntityOfPage\":{\"@id\":\"https:\/\/vieassociative.be\/actualites\/jai-essaye-le-nouvel-ingredient-de-protection-solaire-que-la-fda-approuve-enfin-apres-plus-de-20-ans\/\"},\"wordCount\":1010,\"publisher\":{\"@id\":\"https:\/\/vieassociative.be\/actualites\/#organization\"},\"image\":{\"@id\":\"https:\/\/vieassociative.be\/actualites\/jai-essaye-le-nouvel-ingredient-de-protection-solaire-que-la-fda-approuve-enfin-apres-plus-de-20-ans\/#primaryimage\"},\"thumbnailUrl\":\"https:\/\/vieassociative.be\/actualites\/wp-content\/uploads\/2025\/12\/Jai-essaye-le-nouvel-ingredient-de-protection-solaire-que-la.jpg\",\"keywords\":[\"ans\",\"approuve\",\"Apr\u00e8s\",\"enfin\",\"essay\u00e9\",\"FDA\",\"ingr\u00e9dient\",\"Jai\",\"nouvel\",\"protection\",\"solaire\"],\"articleSection\":[\"Sant\u00e9\"],\"inLanguage\":\"fr-BE\"},{\"@type\":\"WebPage\",\"@id\":\"https:\/\/vieassociative.be\/actualites\/jai-essaye-le-nouvel-ingredient-de-protection-solaire-que-la-fda-approuve-enfin-apres-plus-de-20-ans\/\",\"url\":\"https:\/\/vieassociative.be\/actualites\/jai-essaye-le-nouvel-ingredient-de-protection-solaire-que-la-fda-approuve-enfin-apres-plus-de-20-ans\/\",\"name\":\"J'ai essay\u00e9 le nouvel ingr\u00e9dient de protection solaire que la FDA approuve enfin apr\u00e8s plus de 20 ans | Vie Associative\",\"isPartOf\":{\"@id\":\"https:\/\/vieassociative.be\/actualites\/#website\"},\"primaryImageOfPage\":{\"@id\":\"https:\/\/vieassociative.be\/actualites\/jai-essaye-le-nouvel-ingredient-de-protection-solaire-que-la-fda-approuve-enfin-apres-plus-de-20-ans\/#primaryimage\"},\"image\":{\"@id\":\"https:\/\/vieassociative.be\/actualites\/jai-essaye-le-nouvel-ingredient-de-protection-solaire-que-la-fda-approuve-enfin-apres-plus-de-20-ans\/#primaryimage\"},\"thumbnailUrl\":\"https:\/\/vieassociative.be\/actualites\/wp-content\/uploads\/2025\/12\/Jai-essaye-le-nouvel-ingredient-de-protection-solaire-que-la.jpg\",\"datePublished\":\"2025-12-13T01:17:30+00:00\",\"dateModified\":\"2025-12-13T01:17:30+00:00\",\"breadcrumb\":{\"@id\":\"https:\/\/vieassociative.be\/actualites\/jai-essaye-le-nouvel-ingredient-de-protection-solaire-que-la-fda-approuve-enfin-apres-plus-de-20-ans\/#breadcrumb\"},\"inLanguage\":\"fr-BE\",\"potentialAction\":[{\"@type\":\"ReadAction\",\"target\":[\"https:\/\/vieassociative.be\/actualites\/jai-essaye-le-nouvel-ingredient-de-protection-solaire-que-la-fda-approuve-enfin-apres-plus-de-20-ans\/\"]}]},{\"@type\":\"ImageObject\",\"inLanguage\":\"fr-BE\",\"@id\":\"https:\/\/vieassociative.be\/actualites\/jai-essaye-le-nouvel-ingredient-de-protection-solaire-que-la-fda-approuve-enfin-apres-plus-de-20-ans\/#primaryimage\",\"url\":\"https:\/\/vieassociative.be\/actualites\/wp-content\/uploads\/2025\/12\/Jai-essaye-le-nouvel-ingredient-de-protection-solaire-que-la.jpg\",\"contentUrl\":\"https:\/\/vieassociative.be\/actualites\/wp-content\/uploads\/2025\/12\/Jai-essaye-le-nouvel-ingredient-de-protection-solaire-que-la.jpg\",\"width\":1200,\"height\":675,\"caption\":\"J'ai essay\u00e9 le nouvel ingr\u00e9dient de protection solaire que la FDA approuve enfin apr\u00e8s plus de 20 ans\"},{\"@type\":\"BreadcrumbList\",\"@id\":\"https:\/\/vieassociative.be\/actualites\/jai-essaye-le-nouvel-ingredient-de-protection-solaire-que-la-fda-approuve-enfin-apres-plus-de-20-ans\/#breadcrumb\",\"itemListElement\":[{\"@type\":\"ListItem\",\"position\":1,\"name\":\"Accueil\",\"item\":\"https:\/\/vieassociative.be\/actualites\/\"},{\"@type\":\"ListItem\",\"position\":2,\"name\":\"J&rsquo;ai essay\u00e9 le nouvel ingr\u00e9dient de protection solaire que la FDA approuve enfin apr\u00e8s plus de 20 ans\"}]},{\"@type\":\"WebSite\",\"@id\":\"https:\/\/vieassociative.be\/actualites\/#website\",\"url\":\"https:\/\/vieassociative.be\/actualites\/\",\"name\":\"Vie Associative\",\"description\":\"\",\"publisher\":{\"@id\":\"https:\/\/vieassociative.be\/actualites\/#organization\"},\"potentialAction\":[{\"@type\":\"SearchAction\",\"target\":{\"@type\":\"EntryPoint\",\"urlTemplate\":\"https:\/\/vieassociative.be\/actualites\/?s={search_term_string}\"},\"query-input\":{\"@type\":\"PropertyValueSpecification\",\"valueRequired\":true,\"valueName\":\"search_term_string\"}}],\"inLanguage\":\"fr-BE\"},{\"@type\":\"Organization\",\"@id\":\"https:\/\/vieassociative.be\/actualites\/#organization\",\"name\":\"Vie Associative\",\"url\":\"https:\/\/vieassociative.be\/actualites\/\",\"logo\":{\"@type\":\"ImageObject\",\"inLanguage\":\"fr-BE\",\"@id\":\"https:\/\/vieassociative.be\/actualites\/#\/schema\/logo\/image\/\",\"url\":\"https:\/\/vieassociative.be\/actualites\/wp-content\/uploads\/2024\/09\/cropped-vieassociative_favicon.ico.png\",\"contentUrl\":\"https:\/\/vieassociative.be\/actualites\/wp-content\/uploads\/2024\/09\/cropped-vieassociative_favicon.ico.png\",\"width\":512,\"height\":512,\"caption\":\"Vie Associative\"},\"image\":{\"@id\":\"https:\/\/vieassociative.be\/actualites\/#\/schema\/logo\/image\/\"}},{\"@type\":\"Person\",\"@id\":\"https:\/\/vieassociative.be\/actualites\/#\/schema\/person\/b87ac4f82f9d4e7b7cec7395b679edc4\",\"name\":\"Julien\",\"image\":{\"@type\":\"ImageObject\",\"inLanguage\":\"fr-BE\",\"@id\":\"https:\/\/vieassociative.be\/actualites\/#\/schema\/person\/image\/\",\"url\":\"https:\/\/vieassociative.be\/actualites\/wp-content\/uploads\/2024\/09\/vie-associative-1-150x150.jpg\",\"contentUrl\":\"https:\/\/vieassociative.be\/actualites\/wp-content\/uploads\/2024\/09\/vie-associative-1-150x150.jpg\",\"caption\":\"Julien\"},\"description\":\"Je suis Julien, r\u00e9dacteur pour Vie Associative. Passionn\u00e9 par le monde associatif depuis plus de 10 ans, j'ai \u00e0 c\u0153ur de partager des histoires inspirantes et de mettre en lumi\u00e8re les initiatives locales. Mon objectif est de sensibiliser et d'encourager l'engagement communautaire \u00e0 travers mes articles.\",\"sameAs\":[\"https:\/\/vieassociative.be\/\"]}]}<\/script>\n<!-- \/ Yoast SEO plugin. -->","yoast_head_json":{"title":"J'ai essay\u00e9 le nouvel ingr\u00e9dient de protection solaire que la FDA approuve enfin apr\u00e8s plus de 20 ans | Vie Associative","robots":{"index":"index","follow":"follow","max-snippet":"max-snippet:-1","max-image-preview":"max-image-preview:large","max-video-preview":"max-video-preview:-1"},"canonical":"https:\/\/vieassociative.be\/actualites\/jai-essaye-le-nouvel-ingredient-de-protection-solaire-que-la-fda-approuve-enfin-apres-plus-de-20-ans\/","og_locale":"fr_FR","og_type":"article","og_title":"J'ai essay\u00e9 le nouvel ingr\u00e9dient de protection solaire que la FDA approuve enfin apr\u00e8s plus de 20 ans | Vie Associative","og_description":"Une bonne nouvelle inattendue de la part de la FDA\u00a0: le b\u00e9motrizinol, un ingr\u00e9dient de protection solaire utilis\u00e9 en Europe et en Asie depuis des","og_url":"https:\/\/vieassociative.be\/actualites\/jai-essaye-le-nouvel-ingredient-de-protection-solaire-que-la-fda-approuve-enfin-apres-plus-de-20-ans\/","og_site_name":"Vie Associative","article_published_time":"2025-12-13T01:17:30+00:00","og_image":[{"width":279,"height":92,"url":"https:\/\/vieassociative.be\/actualites\/wp-content\/uploads\/2024\/09\/header_backgroundk-01-e1726694325946.png","type":"image\/png"}],"author":"Julien","twitter_card":"summary_large_image","twitter_misc":{"\u00c9crit par":"Julien","Dur\u00e9e de lecture est.":"5 minutes"},"schema":{"@context":"https:\/\/schema.org","@graph":[{"@type":"Article","@id":"https:\/\/vieassociative.be\/actualites\/jai-essaye-le-nouvel-ingredient-de-protection-solaire-que-la-fda-approuve-enfin-apres-plus-de-20-ans\/#article","isPartOf":{"@id":"https:\/\/vieassociative.be\/actualites\/jai-essaye-le-nouvel-ingredient-de-protection-solaire-que-la-fda-approuve-enfin-apres-plus-de-20-ans\/"},"author":{"name":"Julien","@id":"https:\/\/vieassociative.be\/actualites\/#\/schema\/person\/b87ac4f82f9d4e7b7cec7395b679edc4"},"headline":"J&rsquo;ai essay\u00e9 le nouvel ingr\u00e9dient de protection solaire que la FDA approuve enfin apr\u00e8s plus de 20 ans","datePublished":"2025-12-13T01:17:30+00:00","dateModified":"2025-12-13T01:17:30+00:00","mainEntityOfPage":{"@id":"https:\/\/vieassociative.be\/actualites\/jai-essaye-le-nouvel-ingredient-de-protection-solaire-que-la-fda-approuve-enfin-apres-plus-de-20-ans\/"},"wordCount":1010,"publisher":{"@id":"https:\/\/vieassociative.be\/actualites\/#organization"},"image":{"@id":"https:\/\/vieassociative.be\/actualites\/jai-essaye-le-nouvel-ingredient-de-protection-solaire-que-la-fda-approuve-enfin-apres-plus-de-20-ans\/#primaryimage"},"thumbnailUrl":"https:\/\/vieassociative.be\/actualites\/wp-content\/uploads\/2025\/12\/Jai-essaye-le-nouvel-ingredient-de-protection-solaire-que-la.jpg","keywords":["ans","approuve","Apr\u00e8s","enfin","essay\u00e9","FDA","ingr\u00e9dient","Jai","nouvel","protection","solaire"],"articleSection":["Sant\u00e9"],"inLanguage":"fr-BE"},{"@type":"WebPage","@id":"https:\/\/vieassociative.be\/actualites\/jai-essaye-le-nouvel-ingredient-de-protection-solaire-que-la-fda-approuve-enfin-apres-plus-de-20-ans\/","url":"https:\/\/vieassociative.be\/actualites\/jai-essaye-le-nouvel-ingredient-de-protection-solaire-que-la-fda-approuve-enfin-apres-plus-de-20-ans\/","name":"J'ai essay\u00e9 le nouvel ingr\u00e9dient de protection solaire que la FDA approuve enfin apr\u00e8s plus de 20 ans | Vie Associative","isPartOf":{"@id":"https:\/\/vieassociative.be\/actualites\/#website"},"primaryImageOfPage":{"@id":"https:\/\/vieassociative.be\/actualites\/jai-essaye-le-nouvel-ingredient-de-protection-solaire-que-la-fda-approuve-enfin-apres-plus-de-20-ans\/#primaryimage"},"image":{"@id":"https:\/\/vieassociative.be\/actualites\/jai-essaye-le-nouvel-ingredient-de-protection-solaire-que-la-fda-approuve-enfin-apres-plus-de-20-ans\/#primaryimage"},"thumbnailUrl":"https:\/\/vieassociative.be\/actualites\/wp-content\/uploads\/2025\/12\/Jai-essaye-le-nouvel-ingredient-de-protection-solaire-que-la.jpg","datePublished":"2025-12-13T01:17:30+00:00","dateModified":"2025-12-13T01:17:30+00:00","breadcrumb":{"@id":"https:\/\/vieassociative.be\/actualites\/jai-essaye-le-nouvel-ingredient-de-protection-solaire-que-la-fda-approuve-enfin-apres-plus-de-20-ans\/#breadcrumb"},"inLanguage":"fr-BE","potentialAction":[{"@type":"ReadAction","target":["https:\/\/vieassociative.be\/actualites\/jai-essaye-le-nouvel-ingredient-de-protection-solaire-que-la-fda-approuve-enfin-apres-plus-de-20-ans\/"]}]},{"@type":"ImageObject","inLanguage":"fr-BE","@id":"https:\/\/vieassociative.be\/actualites\/jai-essaye-le-nouvel-ingredient-de-protection-solaire-que-la-fda-approuve-enfin-apres-plus-de-20-ans\/#primaryimage","url":"https:\/\/vieassociative.be\/actualites\/wp-content\/uploads\/2025\/12\/Jai-essaye-le-nouvel-ingredient-de-protection-solaire-que-la.jpg","contentUrl":"https:\/\/vieassociative.be\/actualites\/wp-content\/uploads\/2025\/12\/Jai-essaye-le-nouvel-ingredient-de-protection-solaire-que-la.jpg","width":1200,"height":675,"caption":"J'ai essay\u00e9 le nouvel ingr\u00e9dient de protection solaire que la FDA approuve enfin apr\u00e8s plus de 20 ans"},{"@type":"BreadcrumbList","@id":"https:\/\/vieassociative.be\/actualites\/jai-essaye-le-nouvel-ingredient-de-protection-solaire-que-la-fda-approuve-enfin-apres-plus-de-20-ans\/#breadcrumb","itemListElement":[{"@type":"ListItem","position":1,"name":"Accueil","item":"https:\/\/vieassociative.be\/actualites\/"},{"@type":"ListItem","position":2,"name":"J&rsquo;ai essay\u00e9 le nouvel ingr\u00e9dient de protection solaire que la FDA approuve enfin apr\u00e8s plus de 20 ans"}]},{"@type":"WebSite","@id":"https:\/\/vieassociative.be\/actualites\/#website","url":"https:\/\/vieassociative.be\/actualites\/","name":"Vie Associative","description":"","publisher":{"@id":"https:\/\/vieassociative.be\/actualites\/#organization"},"potentialAction":[{"@type":"SearchAction","target":{"@type":"EntryPoint","urlTemplate":"https:\/\/vieassociative.be\/actualites\/?s={search_term_string}"},"query-input":{"@type":"PropertyValueSpecification","valueRequired":true,"valueName":"search_term_string"}}],"inLanguage":"fr-BE"},{"@type":"Organization","@id":"https:\/\/vieassociative.be\/actualites\/#organization","name":"Vie Associative","url":"https:\/\/vieassociative.be\/actualites\/","logo":{"@type":"ImageObject","inLanguage":"fr-BE","@id":"https:\/\/vieassociative.be\/actualites\/#\/schema\/logo\/image\/","url":"https:\/\/vieassociative.be\/actualites\/wp-content\/uploads\/2024\/09\/cropped-vieassociative_favicon.ico.png","contentUrl":"https:\/\/vieassociative.be\/actualites\/wp-content\/uploads\/2024\/09\/cropped-vieassociative_favicon.ico.png","width":512,"height":512,"caption":"Vie Associative"},"image":{"@id":"https:\/\/vieassociative.be\/actualites\/#\/schema\/logo\/image\/"}},{"@type":"Person","@id":"https:\/\/vieassociative.be\/actualites\/#\/schema\/person\/b87ac4f82f9d4e7b7cec7395b679edc4","name":"Julien","image":{"@type":"ImageObject","inLanguage":"fr-BE","@id":"https:\/\/vieassociative.be\/actualites\/#\/schema\/person\/image\/","url":"https:\/\/vieassociative.be\/actualites\/wp-content\/uploads\/2024\/09\/vie-associative-1-150x150.jpg","contentUrl":"https:\/\/vieassociative.be\/actualites\/wp-content\/uploads\/2024\/09\/vie-associative-1-150x150.jpg","caption":"Julien"},"description":"Je suis Julien, r\u00e9dacteur pour Vie Associative. Passionn\u00e9 par le monde associatif depuis plus de 10 ans, j'ai \u00e0 c\u0153ur de partager des histoires inspirantes et de mettre en lumi\u00e8re les initiatives locales. Mon objectif est de sensibiliser et d'encourager l'engagement communautaire \u00e0 travers mes articles.","sameAs":["https:\/\/vieassociative.be\/"]}]}},"_links":{"self":[{"href":"https:\/\/vieassociative.be\/actualites\/wp-json\/wp\/v2\/posts\/11819"}],"collection":[{"href":"https:\/\/vieassociative.be\/actualites\/wp-json\/wp\/v2\/posts"}],"about":[{"href":"https:\/\/vieassociative.be\/actualites\/wp-json\/wp\/v2\/types\/post"}],"author":[{"embeddable":true,"href":"https:\/\/vieassociative.be\/actualites\/wp-json\/wp\/v2\/users\/1"}],"replies":[{"embeddable":true,"href":"https:\/\/vieassociative.be\/actualites\/wp-json\/wp\/v2\/comments?post=11819"}],"version-history":[{"count":0,"href":"https:\/\/vieassociative.be\/actualites\/wp-json\/wp\/v2\/posts\/11819\/revisions"}],"wp:featuredmedia":[{"embeddable":true,"href":"https:\/\/vieassociative.be\/actualites\/wp-json\/wp\/v2\/media\/11820"}],"wp:attachment":[{"href":"https:\/\/vieassociative.be\/actualites\/wp-json\/wp\/v2\/media?parent=11819"}],"wp:term":[{"taxonomy":"category","embeddable":true,"href":"https:\/\/vieassociative.be\/actualites\/wp-json\/wp\/v2\/categories?post=11819"},{"taxonomy":"post_tag","embeddable":true,"href":"https:\/\/vieassociative.be\/actualites\/wp-json\/wp\/v2\/tags?post=11819"}],"curies":[{"name":"wp","href":"https:\/\/api.w.org\/{rel}","templated":true}]}}