{"id":11817,"date":"2025-12-12T21:17:23","date_gmt":"2025-12-12T20:17:23","guid":{"rendered":"https:\/\/vieassociative.be\/actualites\/affaire-epstein-de-nouvelles-photos-montrent-donald-trump-bill-clinton-woody-allen-bill-gates-et-le-prince-andrew-entre-autres\/"},"modified":"2025-12-12T21:17:23","modified_gmt":"2025-12-12T20:17:23","slug":"affaire-epstein-de-nouvelles-photos-montrent-donald-trump-bill-clinton-woody-allen-bill-gates-et-le-prince-andrew-entre-autres","status":"publish","type":"post","link":"https:\/\/vieassociative.be\/actualites\/affaire-epstein-de-nouvelles-photos-montrent-donald-trump-bill-clinton-woody-allen-bill-gates-et-le-prince-andrew-entre-autres\/","title":{"rendered":"Affaire Epstein : de nouvelles photos montrent Donald Trump, Bill Clinton, Woody Allen, Bill Gates et le prince Andrew, entre autres"},"content":{"rendered":"<p><strong>Au d\u00e9but du mois, des membres du Congr\u00e8s am\u00e9ricain ont publi\u00e9 des photos de l&rsquo;\u00eele priv\u00e9e de Jeffrey Epstein. Maintenant, d&rsquo;autres photos suivent.<\/strong><\/p>\n<p><span id=\"more-431679\"><\/span>Le pr\u00e9sident am\u00e9ricain Donald Trump, l&rsquo;ancien pr\u00e9sident Bill Clinton et le r\u00e9alisateur Woody Allen ainsi que d&rsquo;autres personnalit\u00e9s influentes peuvent \u00eatre vus sur des photos avec le d\u00e9linquant sexuel d\u00e9c\u00e9d\u00e9 Jeffrey Epstein, que les d\u00e9mocrates du Congr\u00e8s am\u00e9ricain ont r\u00e9cemment publi\u00e9es.<\/p>\n<p>L&rsquo;ancien prince britannique Andrew, le fondateur de Microsoft Bill Gates, l&rsquo;entrepreneur Richard Branson et le journaliste d&rsquo;extr\u00eame droite Steve Bannon sont \u00e9galement visibles sur des photos de la succession d&rsquo;Epstein. Les enregistrements montrent les gens pendant les conversations ou comment ils posent devant la cam\u00e9ra.<\/p>\n<div id=\"attachment_431689\" class=\"wp-caption alignleft\" style=\"max-width: 300px\"><img fetchpriority=\"high\" decoding=\"async\" class=\"wp-image-431689 size-medium\" src=\"https:\/\/vieassociative.be\/actualites\/wp-content\/uploads\/2025\/12\/Affaire-Epstein-de-nouvelles-photos-montrent-Donald-Trump-Bill.jpg\" alt=\"\" width=\"300\" height=\"200\"><\/div>\n<p>L\u2019authenticit\u00e9 des photos n\u2019a pas pu \u00eatre v\u00e9rifi\u00e9e de mani\u00e8re ind\u00e9pendante dans un premier temps. Aucun acte criminel n&rsquo;\u00e9tait visible pour le spectateur.<\/p>\n<p>Trump est visible sur les photos, entre autres, accompagn\u00e9 de plusieurs femmes. Sur une autre photo, il se tient juste \u00e0 c\u00f4t\u00e9 d\u2019Epstein. Une autre photo montre une photo de lui sur un emballage de pr\u00e9servatif avec la l\u00e9gende \u00ab\u00a0Je suis HUUUUGE !\u00a0\u00bb (en allemand : je suis \u00e9norme !) reconnaissable. Une photo de Clinton a \u00e9t\u00e9 publi\u00e9e, montrant l&rsquo;ex-pr\u00e9sident avec Epstein et sa confidente de longue date, Ghislaine Maxwell. La photo est l\u00e9gend\u00e9e avec le nom de Clinton.<\/p>\n<p>Les personnes photographi\u00e9es initialement n\u2019ont pas comment\u00e9 les photos r\u00e9cemment publi\u00e9es. Trump a d\u00e9clar\u00e9 en juillet \u00e0 propos de l\u2019affaire Epstein : \u00ab Je n\u2019ai rien \u00e0 voir avec cet homme. \u00bb Un porte-parole de Clinton a d\u00e9clar\u00e9 il y a des ann\u00e9es que Clinton n&rsquo;\u00e9tait \u00ab\u00a0jamais all\u00e9 \u00e0 Little St. James Island, au ranch d&rsquo;Epstein au Nouveau-Mexique, ni \u00e0 sa r\u00e9sidence en Floride\u00a0\u00bb. Clinton a effectu\u00e9 quatre voyages \u00e0 bord de l&rsquo;avion d&rsquo;Epstein en 2002 et 2003 \u2013 \u00e9galement dans le cadre du travail de sa fondation.<\/p>\n<\/p>\n<div id=\"attachment_431690\" class=\"wp-caption alignnone\" style=\"max-width: 300px\"><img decoding=\"async\" class=\"size-medium wp-image-431690\" src=\"https:\/\/vieassociative.be\/actualites\/wp-content\/uploads\/2025\/12\/1765570643_242_Affaire-Epstein-de-nouvelles-photos-montrent-Donald-Trump-Bill.jpg\" alt=\"\" width=\"300\" height=\"200\"><\/div>\n<p><strong>\u2013 L\u2019affaire Epstein a \u00e9t\u00e9 port\u00e9e devant les tribunaux pour la premi\u00e8re fois il y a vingt ans\u00a0:<\/strong><br \/>\n Le financier new-yorkais Epstein a fait partie de la haute soci\u00e9t\u00e9 pendant de nombreuses ann\u00e9es et a travaill\u00e9 en r\u00e9seau dans les cercles influents. Le multimillionnaire am\u00e9ricain dirigeait depuis des ann\u00e9es un r\u00e9seau d&rsquo;abus, qui a victimis\u00e9 des dizaines de jeunes femmes et de mineurs. Il aurait lui-m\u00eame abus\u00e9 de femmes et de jeunes filles \u00e0 New York et en Floride.<\/p>\n<p>L\u2019affaire a abouti devant les tribunaux il y a environ 20 ans. Epstein a plaid\u00e9 coupable \u00e0 certaines accusations. Des ann\u00e9es plus tard, l&rsquo;affaire a \u00e9t\u00e9 rouverte et le multimillionnaire a de nouveau \u00e9t\u00e9 arr\u00eat\u00e9. Avant m\u00eame qu\u2019un \u00e9ventuel verdict suppl\u00e9mentaire puisse \u00eatre rendu, Epstein est d\u00e9c\u00e9d\u00e9 dans sa cellule de prison en 2019, \u00e0 l\u2019\u00e2ge de 66 ans. Le rapport d\u2019autopsie indiquait le suicide comme cause du d\u00e9c\u00e8s.<\/p>\n<p><strong>\u2013 Ce n\u2019est pas la premi\u00e8re publication du Congr\u00e8s am\u00e9ricain :<\/strong> Au d\u00e9but du mois, des membres du Congr\u00e8s am\u00e9ricain ont publi\u00e9 des photos et des vid\u00e9os donnant un aper\u00e7u de l&rsquo;\u00eele priv\u00e9e d&rsquo;Epstein. Le mat\u00e9riel montrait la propri\u00e9t\u00e9 et l\u2019int\u00e9rieur de la villa sur l\u2019\u00eele de Little Saint James dans les Cara\u00efbes, o\u00f9 Epstein aurait maltrait\u00e9 ses victimes.<\/p>\n<p>Les images actuellement diffus\u00e9es anticipent une date limite pour que le gouvernement am\u00e9ricain publie les dossiers d&rsquo;enqu\u00eate. Apr\u00e8s de nombreuses pressions exerc\u00e9es sur Trump pour qu\u2019il publie les dossiers, le pr\u00e9sident am\u00e9ricain a sign\u00e9 le mois dernier une loi du Congr\u00e8s am\u00e9ricain. Celui-ci stipule que le minist\u00e8re de la Justice publie les dossiers d&rsquo;enqu\u00eate sur l&rsquo;affaire avant le 19 d\u00e9cembre. (dpa)<\/p>\n","protected":false},"excerpt":{"rendered":"<p>Au d\u00e9but du mois, des membres du Congr\u00e8s am\u00e9ricain ont publi\u00e9 des photos de l&rsquo;\u00eele priv\u00e9e de Jeffrey Epstein. Maintenant, d&rsquo;autres photos suivent. Le pr\u00e9sident<\/p>\n","protected":false},"author":1,"featured_media":11818,"comment_status":"","ping_status":"","sticky":false,"template":"","format":"standard","meta":{"footnotes":""},"categories":[298],"tags":[1547,9538,9539,276,9080,6093,2424,70,9536,9081,5003,1215,283,4525,2425,9537],"class_list":["post-11817","post","type-post","status-publish","format-standard","has-post-thumbnail","hentry","category-belgique","tag-affaire","tag-allen","tag-andrew","tag-autres","tag-bill","tag-clinton","tag-donald","tag-entre","tag-epstein","tag-gates","tag-montrent","tag-nouvelles","tag-photos","tag-prince","tag-trump","tag-woody","generate-columns","tablet-grid-50","mobile-grid-100","grid-parent","grid-33"],"yoast_head":"<!-- This site is optimized with the Yoast SEO plugin v24.0 - https:\/\/yoast.com\/wordpress\/plugins\/seo\/ -->\n<title>Affaire Epstein : de nouvelles photos montrent Donald Trump, Bill Clinton, Woody Allen, Bill Gates et le prince Andrew, entre autres | Vie Associative<\/title>\n<meta name=\"robots\" content=\"index, follow, max-snippet:-1, max-image-preview:large, max-video-preview:-1\" \/>\n<link rel=\"canonical\" href=\"https:\/\/vieassociative.be\/actualites\/affaire-epstein-de-nouvelles-photos-montrent-donald-trump-bill-clinton-woody-allen-bill-gates-et-le-prince-andrew-entre-autres\/\" \/>\n<meta property=\"og:locale\" content=\"fr_FR\" \/>\n<meta property=\"og:type\" content=\"article\" \/>\n<meta property=\"og:title\" content=\"Affaire Epstein : de nouvelles photos montrent Donald Trump, Bill Clinton, Woody Allen, Bill Gates et le prince Andrew, entre autres | Vie Associative\" \/>\n<meta property=\"og:description\" content=\"Au d\u00e9but du mois, des membres du Congr\u00e8s am\u00e9ricain ont publi\u00e9 des photos de l&rsquo;\u00eele priv\u00e9e de Jeffrey Epstein. Maintenant, d&rsquo;autres photos suivent. Le pr\u00e9sident\" \/>\n<meta property=\"og:url\" content=\"https:\/\/vieassociative.be\/actualites\/affaire-epstein-de-nouvelles-photos-montrent-donald-trump-bill-clinton-woody-allen-bill-gates-et-le-prince-andrew-entre-autres\/\" \/>\n<meta property=\"og:site_name\" content=\"Vie Associative\" \/>\n<meta property=\"article:published_time\" content=\"2025-12-12T20:17:23+00:00\" \/>\n<meta property=\"og:image\" content=\"https:\/\/vieassociative.be\/actualites\/wp-content\/uploads\/2024\/09\/header_backgroundk-01-e1726694325946.png\" \/>\n\t<meta property=\"og:image:width\" content=\"279\" \/>\n\t<meta property=\"og:image:height\" content=\"92\" \/>\n\t<meta property=\"og:image:type\" content=\"image\/png\" \/>\n<meta name=\"author\" content=\"Julien\" \/>\n<meta name=\"twitter:card\" content=\"summary_large_image\" \/>\n<meta name=\"twitter:label1\" content=\"\u00c9crit par\" \/>\n\t<meta name=\"twitter:data1\" content=\"Julien\" \/>\n\t<meta name=\"twitter:label2\" content=\"Dur\u00e9e de lecture est.\" \/>\n\t<meta name=\"twitter:data2\" content=\"3 minutes\" \/>\n<script type=\"application\/ld+json\" class=\"yoast-schema-graph\">{\"@context\":\"https:\/\/schema.org\",\"@graph\":[{\"@type\":\"Article\",\"@id\":\"https:\/\/vieassociative.be\/actualites\/affaire-epstein-de-nouvelles-photos-montrent-donald-trump-bill-clinton-woody-allen-bill-gates-et-le-prince-andrew-entre-autres\/#article\",\"isPartOf\":{\"@id\":\"https:\/\/vieassociative.be\/actualites\/affaire-epstein-de-nouvelles-photos-montrent-donald-trump-bill-clinton-woody-allen-bill-gates-et-le-prince-andrew-entre-autres\/\"},\"author\":{\"name\":\"Julien\",\"@id\":\"https:\/\/vieassociative.be\/actualites\/#\/schema\/person\/b87ac4f82f9d4e7b7cec7395b679edc4\"},\"headline\":\"Affaire Epstein : de nouvelles photos montrent Donald Trump, Bill Clinton, Woody Allen, Bill Gates et le prince Andrew, entre autres\",\"datePublished\":\"2025-12-12T20:17:23+00:00\",\"dateModified\":\"2025-12-12T20:17:23+00:00\",\"mainEntityOfPage\":{\"@id\":\"https:\/\/vieassociative.be\/actualites\/affaire-epstein-de-nouvelles-photos-montrent-donald-trump-bill-clinton-woody-allen-bill-gates-et-le-prince-andrew-entre-autres\/\"},\"wordCount\":677,\"publisher\":{\"@id\":\"https:\/\/vieassociative.be\/actualites\/#organization\"},\"image\":{\"@id\":\"https:\/\/vieassociative.be\/actualites\/affaire-epstein-de-nouvelles-photos-montrent-donald-trump-bill-clinton-woody-allen-bill-gates-et-le-prince-andrew-entre-autres\/#primaryimage\"},\"thumbnailUrl\":\"https:\/\/vieassociative.be\/actualites\/wp-content\/uploads\/2025\/12\/1765570644_Affaire-Epstein-de-nouvelles-photos-montrent-Donald-Trump-Bill.jpg\",\"keywords\":[\"affaire\",\"Allen\",\"Andrew\",\"autres\",\"Bill\",\"CLINTON\",\"Donald\",\"entre\",\"Epstein\",\"Gates\",\"montrent\",\"nouvelles\",\"Photos\",\"prince\",\"Trump\",\"Woody\"],\"articleSection\":[\"Belgique\"],\"inLanguage\":\"fr-BE\"},{\"@type\":\"WebPage\",\"@id\":\"https:\/\/vieassociative.be\/actualites\/affaire-epstein-de-nouvelles-photos-montrent-donald-trump-bill-clinton-woody-allen-bill-gates-et-le-prince-andrew-entre-autres\/\",\"url\":\"https:\/\/vieassociative.be\/actualites\/affaire-epstein-de-nouvelles-photos-montrent-donald-trump-bill-clinton-woody-allen-bill-gates-et-le-prince-andrew-entre-autres\/\",\"name\":\"Affaire Epstein : de nouvelles photos montrent Donald Trump, Bill Clinton, Woody Allen, Bill Gates et le prince Andrew, entre autres | Vie Associative\",\"isPartOf\":{\"@id\":\"https:\/\/vieassociative.be\/actualites\/#website\"},\"primaryImageOfPage\":{\"@id\":\"https:\/\/vieassociative.be\/actualites\/affaire-epstein-de-nouvelles-photos-montrent-donald-trump-bill-clinton-woody-allen-bill-gates-et-le-prince-andrew-entre-autres\/#primaryimage\"},\"image\":{\"@id\":\"https:\/\/vieassociative.be\/actualites\/affaire-epstein-de-nouvelles-photos-montrent-donald-trump-bill-clinton-woody-allen-bill-gates-et-le-prince-andrew-entre-autres\/#primaryimage\"},\"thumbnailUrl\":\"https:\/\/vieassociative.be\/actualites\/wp-content\/uploads\/2025\/12\/1765570644_Affaire-Epstein-de-nouvelles-photos-montrent-Donald-Trump-Bill.jpg\",\"datePublished\":\"2025-12-12T20:17:23+00:00\",\"dateModified\":\"2025-12-12T20:17:23+00:00\",\"breadcrumb\":{\"@id\":\"https:\/\/vieassociative.be\/actualites\/affaire-epstein-de-nouvelles-photos-montrent-donald-trump-bill-clinton-woody-allen-bill-gates-et-le-prince-andrew-entre-autres\/#breadcrumb\"},\"inLanguage\":\"fr-BE\",\"potentialAction\":[{\"@type\":\"ReadAction\",\"target\":[\"https:\/\/vieassociative.be\/actualites\/affaire-epstein-de-nouvelles-photos-montrent-donald-trump-bill-clinton-woody-allen-bill-gates-et-le-prince-andrew-entre-autres\/\"]}]},{\"@type\":\"ImageObject\",\"inLanguage\":\"fr-BE\",\"@id\":\"https:\/\/vieassociative.be\/actualites\/affaire-epstein-de-nouvelles-photos-montrent-donald-trump-bill-clinton-woody-allen-bill-gates-et-le-prince-andrew-entre-autres\/#primaryimage\",\"url\":\"https:\/\/vieassociative.be\/actualites\/wp-content\/uploads\/2025\/12\/1765570644_Affaire-Epstein-de-nouvelles-photos-montrent-Donald-Trump-Bill.jpg\",\"contentUrl\":\"https:\/\/vieassociative.be\/actualites\/wp-content\/uploads\/2025\/12\/1765570644_Affaire-Epstein-de-nouvelles-photos-montrent-Donald-Trump-Bill.jpg\",\"width\":1200,\"height\":800,\"caption\":\"Affaire Epstein : de nouvelles photos montrent Donald Trump, Bill Clinton, Woody Allen, Bill Gates et le prince Andrew, entre autres\"},{\"@type\":\"BreadcrumbList\",\"@id\":\"https:\/\/vieassociative.be\/actualites\/affaire-epstein-de-nouvelles-photos-montrent-donald-trump-bill-clinton-woody-allen-bill-gates-et-le-prince-andrew-entre-autres\/#breadcrumb\",\"itemListElement\":[{\"@type\":\"ListItem\",\"position\":1,\"name\":\"Accueil\",\"item\":\"https:\/\/vieassociative.be\/actualites\/\"},{\"@type\":\"ListItem\",\"position\":2,\"name\":\"Affaire Epstein : de nouvelles photos montrent Donald Trump, Bill Clinton, Woody Allen, Bill Gates et le prince Andrew, entre autres\"}]},{\"@type\":\"WebSite\",\"@id\":\"https:\/\/vieassociative.be\/actualites\/#website\",\"url\":\"https:\/\/vieassociative.be\/actualites\/\",\"name\":\"Vie Associative\",\"description\":\"\",\"publisher\":{\"@id\":\"https:\/\/vieassociative.be\/actualites\/#organization\"},\"potentialAction\":[{\"@type\":\"SearchAction\",\"target\":{\"@type\":\"EntryPoint\",\"urlTemplate\":\"https:\/\/vieassociative.be\/actualites\/?s={search_term_string}\"},\"query-input\":{\"@type\":\"PropertyValueSpecification\",\"valueRequired\":true,\"valueName\":\"search_term_string\"}}],\"inLanguage\":\"fr-BE\"},{\"@type\":\"Organization\",\"@id\":\"https:\/\/vieassociative.be\/actualites\/#organization\",\"name\":\"Vie Associative\",\"url\":\"https:\/\/vieassociative.be\/actualites\/\",\"logo\":{\"@type\":\"ImageObject\",\"inLanguage\":\"fr-BE\",\"@id\":\"https:\/\/vieassociative.be\/actualites\/#\/schema\/logo\/image\/\",\"url\":\"https:\/\/vieassociative.be\/actualites\/wp-content\/uploads\/2024\/09\/cropped-vieassociative_favicon.ico.png\",\"contentUrl\":\"https:\/\/vieassociative.be\/actualites\/wp-content\/uploads\/2024\/09\/cropped-vieassociative_favicon.ico.png\",\"width\":512,\"height\":512,\"caption\":\"Vie Associative\"},\"image\":{\"@id\":\"https:\/\/vieassociative.be\/actualites\/#\/schema\/logo\/image\/\"}},{\"@type\":\"Person\",\"@id\":\"https:\/\/vieassociative.be\/actualites\/#\/schema\/person\/b87ac4f82f9d4e7b7cec7395b679edc4\",\"name\":\"Julien\",\"image\":{\"@type\":\"ImageObject\",\"inLanguage\":\"fr-BE\",\"@id\":\"https:\/\/vieassociative.be\/actualites\/#\/schema\/person\/image\/\",\"url\":\"https:\/\/vieassociative.be\/actualites\/wp-content\/uploads\/2024\/09\/vie-associative-1-150x150.jpg\",\"contentUrl\":\"https:\/\/vieassociative.be\/actualites\/wp-content\/uploads\/2024\/09\/vie-associative-1-150x150.jpg\",\"caption\":\"Julien\"},\"description\":\"Je suis Julien, r\u00e9dacteur pour Vie Associative. Passionn\u00e9 par le monde associatif depuis plus de 10 ans, j'ai \u00e0 c\u0153ur de partager des histoires inspirantes et de mettre en lumi\u00e8re les initiatives locales. Mon objectif est de sensibiliser et d'encourager l'engagement communautaire \u00e0 travers mes articles.\",\"sameAs\":[\"https:\/\/vieassociative.be\/\"]}]}<\/script>\n<!-- \/ Yoast SEO plugin. -->","yoast_head_json":{"title":"Affaire Epstein : de nouvelles photos montrent Donald Trump, Bill Clinton, Woody Allen, Bill Gates et le prince Andrew, entre autres | Vie Associative","robots":{"index":"index","follow":"follow","max-snippet":"max-snippet:-1","max-image-preview":"max-image-preview:large","max-video-preview":"max-video-preview:-1"},"canonical":"https:\/\/vieassociative.be\/actualites\/affaire-epstein-de-nouvelles-photos-montrent-donald-trump-bill-clinton-woody-allen-bill-gates-et-le-prince-andrew-entre-autres\/","og_locale":"fr_FR","og_type":"article","og_title":"Affaire Epstein : de nouvelles photos montrent Donald Trump, Bill Clinton, Woody Allen, Bill Gates et le prince Andrew, entre autres | Vie Associative","og_description":"Au d\u00e9but du mois, des membres du Congr\u00e8s am\u00e9ricain ont publi\u00e9 des photos de l&rsquo;\u00eele priv\u00e9e de Jeffrey Epstein. Maintenant, d&rsquo;autres photos suivent. Le pr\u00e9sident","og_url":"https:\/\/vieassociative.be\/actualites\/affaire-epstein-de-nouvelles-photos-montrent-donald-trump-bill-clinton-woody-allen-bill-gates-et-le-prince-andrew-entre-autres\/","og_site_name":"Vie Associative","article_published_time":"2025-12-12T20:17:23+00:00","og_image":[{"width":279,"height":92,"url":"https:\/\/vieassociative.be\/actualites\/wp-content\/uploads\/2024\/09\/header_backgroundk-01-e1726694325946.png","type":"image\/png"}],"author":"Julien","twitter_card":"summary_large_image","twitter_misc":{"\u00c9crit par":"Julien","Dur\u00e9e de lecture est.":"3 minutes"},"schema":{"@context":"https:\/\/schema.org","@graph":[{"@type":"Article","@id":"https:\/\/vieassociative.be\/actualites\/affaire-epstein-de-nouvelles-photos-montrent-donald-trump-bill-clinton-woody-allen-bill-gates-et-le-prince-andrew-entre-autres\/#article","isPartOf":{"@id":"https:\/\/vieassociative.be\/actualites\/affaire-epstein-de-nouvelles-photos-montrent-donald-trump-bill-clinton-woody-allen-bill-gates-et-le-prince-andrew-entre-autres\/"},"author":{"name":"Julien","@id":"https:\/\/vieassociative.be\/actualites\/#\/schema\/person\/b87ac4f82f9d4e7b7cec7395b679edc4"},"headline":"Affaire Epstein : de nouvelles photos montrent Donald Trump, Bill Clinton, Woody Allen, Bill Gates et le prince Andrew, entre autres","datePublished":"2025-12-12T20:17:23+00:00","dateModified":"2025-12-12T20:17:23+00:00","mainEntityOfPage":{"@id":"https:\/\/vieassociative.be\/actualites\/affaire-epstein-de-nouvelles-photos-montrent-donald-trump-bill-clinton-woody-allen-bill-gates-et-le-prince-andrew-entre-autres\/"},"wordCount":677,"publisher":{"@id":"https:\/\/vieassociative.be\/actualites\/#organization"},"image":{"@id":"https:\/\/vieassociative.be\/actualites\/affaire-epstein-de-nouvelles-photos-montrent-donald-trump-bill-clinton-woody-allen-bill-gates-et-le-prince-andrew-entre-autres\/#primaryimage"},"thumbnailUrl":"https:\/\/vieassociative.be\/actualites\/wp-content\/uploads\/2025\/12\/1765570644_Affaire-Epstein-de-nouvelles-photos-montrent-Donald-Trump-Bill.jpg","keywords":["affaire","Allen","Andrew","autres","Bill","CLINTON","Donald","entre","Epstein","Gates","montrent","nouvelles","Photos","prince","Trump","Woody"],"articleSection":["Belgique"],"inLanguage":"fr-BE"},{"@type":"WebPage","@id":"https:\/\/vieassociative.be\/actualites\/affaire-epstein-de-nouvelles-photos-montrent-donald-trump-bill-clinton-woody-allen-bill-gates-et-le-prince-andrew-entre-autres\/","url":"https:\/\/vieassociative.be\/actualites\/affaire-epstein-de-nouvelles-photos-montrent-donald-trump-bill-clinton-woody-allen-bill-gates-et-le-prince-andrew-entre-autres\/","name":"Affaire Epstein : de nouvelles photos montrent Donald Trump, Bill Clinton, Woody Allen, Bill Gates et le prince Andrew, entre autres | Vie Associative","isPartOf":{"@id":"https:\/\/vieassociative.be\/actualites\/#website"},"primaryImageOfPage":{"@id":"https:\/\/vieassociative.be\/actualites\/affaire-epstein-de-nouvelles-photos-montrent-donald-trump-bill-clinton-woody-allen-bill-gates-et-le-prince-andrew-entre-autres\/#primaryimage"},"image":{"@id":"https:\/\/vieassociative.be\/actualites\/affaire-epstein-de-nouvelles-photos-montrent-donald-trump-bill-clinton-woody-allen-bill-gates-et-le-prince-andrew-entre-autres\/#primaryimage"},"thumbnailUrl":"https:\/\/vieassociative.be\/actualites\/wp-content\/uploads\/2025\/12\/1765570644_Affaire-Epstein-de-nouvelles-photos-montrent-Donald-Trump-Bill.jpg","datePublished":"2025-12-12T20:17:23+00:00","dateModified":"2025-12-12T20:17:23+00:00","breadcrumb":{"@id":"https:\/\/vieassociative.be\/actualites\/affaire-epstein-de-nouvelles-photos-montrent-donald-trump-bill-clinton-woody-allen-bill-gates-et-le-prince-andrew-entre-autres\/#breadcrumb"},"inLanguage":"fr-BE","potentialAction":[{"@type":"ReadAction","target":["https:\/\/vieassociative.be\/actualites\/affaire-epstein-de-nouvelles-photos-montrent-donald-trump-bill-clinton-woody-allen-bill-gates-et-le-prince-andrew-entre-autres\/"]}]},{"@type":"ImageObject","inLanguage":"fr-BE","@id":"https:\/\/vieassociative.be\/actualites\/affaire-epstein-de-nouvelles-photos-montrent-donald-trump-bill-clinton-woody-allen-bill-gates-et-le-prince-andrew-entre-autres\/#primaryimage","url":"https:\/\/vieassociative.be\/actualites\/wp-content\/uploads\/2025\/12\/1765570644_Affaire-Epstein-de-nouvelles-photos-montrent-Donald-Trump-Bill.jpg","contentUrl":"https:\/\/vieassociative.be\/actualites\/wp-content\/uploads\/2025\/12\/1765570644_Affaire-Epstein-de-nouvelles-photos-montrent-Donald-Trump-Bill.jpg","width":1200,"height":800,"caption":"Affaire Epstein : de nouvelles photos montrent Donald Trump, Bill Clinton, Woody Allen, Bill Gates et le prince Andrew, entre autres"},{"@type":"BreadcrumbList","@id":"https:\/\/vieassociative.be\/actualites\/affaire-epstein-de-nouvelles-photos-montrent-donald-trump-bill-clinton-woody-allen-bill-gates-et-le-prince-andrew-entre-autres\/#breadcrumb","itemListElement":[{"@type":"ListItem","position":1,"name":"Accueil","item":"https:\/\/vieassociative.be\/actualites\/"},{"@type":"ListItem","position":2,"name":"Affaire Epstein : de nouvelles photos montrent Donald Trump, Bill Clinton, Woody Allen, Bill Gates et le prince Andrew, entre autres"}]},{"@type":"WebSite","@id":"https:\/\/vieassociative.be\/actualites\/#website","url":"https:\/\/vieassociative.be\/actualites\/","name":"Vie Associative","description":"","publisher":{"@id":"https:\/\/vieassociative.be\/actualites\/#organization"},"potentialAction":[{"@type":"SearchAction","target":{"@type":"EntryPoint","urlTemplate":"https:\/\/vieassociative.be\/actualites\/?s={search_term_string}"},"query-input":{"@type":"PropertyValueSpecification","valueRequired":true,"valueName":"search_term_string"}}],"inLanguage":"fr-BE"},{"@type":"Organization","@id":"https:\/\/vieassociative.be\/actualites\/#organization","name":"Vie Associative","url":"https:\/\/vieassociative.be\/actualites\/","logo":{"@type":"ImageObject","inLanguage":"fr-BE","@id":"https:\/\/vieassociative.be\/actualites\/#\/schema\/logo\/image\/","url":"https:\/\/vieassociative.be\/actualites\/wp-content\/uploads\/2024\/09\/cropped-vieassociative_favicon.ico.png","contentUrl":"https:\/\/vieassociative.be\/actualites\/wp-content\/uploads\/2024\/09\/cropped-vieassociative_favicon.ico.png","width":512,"height":512,"caption":"Vie Associative"},"image":{"@id":"https:\/\/vieassociative.be\/actualites\/#\/schema\/logo\/image\/"}},{"@type":"Person","@id":"https:\/\/vieassociative.be\/actualites\/#\/schema\/person\/b87ac4f82f9d4e7b7cec7395b679edc4","name":"Julien","image":{"@type":"ImageObject","inLanguage":"fr-BE","@id":"https:\/\/vieassociative.be\/actualites\/#\/schema\/person\/image\/","url":"https:\/\/vieassociative.be\/actualites\/wp-content\/uploads\/2024\/09\/vie-associative-1-150x150.jpg","contentUrl":"https:\/\/vieassociative.be\/actualites\/wp-content\/uploads\/2024\/09\/vie-associative-1-150x150.jpg","caption":"Julien"},"description":"Je suis Julien, r\u00e9dacteur pour Vie Associative. Passionn\u00e9 par le monde associatif depuis plus de 10 ans, j'ai \u00e0 c\u0153ur de partager des histoires inspirantes et de mettre en lumi\u00e8re les initiatives locales. Mon objectif est de sensibiliser et d'encourager l'engagement communautaire \u00e0 travers mes articles.","sameAs":["https:\/\/vieassociative.be\/"]}]}},"_links":{"self":[{"href":"https:\/\/vieassociative.be\/actualites\/wp-json\/wp\/v2\/posts\/11817"}],"collection":[{"href":"https:\/\/vieassociative.be\/actualites\/wp-json\/wp\/v2\/posts"}],"about":[{"href":"https:\/\/vieassociative.be\/actualites\/wp-json\/wp\/v2\/types\/post"}],"author":[{"embeddable":true,"href":"https:\/\/vieassociative.be\/actualites\/wp-json\/wp\/v2\/users\/1"}],"replies":[{"embeddable":true,"href":"https:\/\/vieassociative.be\/actualites\/wp-json\/wp\/v2\/comments?post=11817"}],"version-history":[{"count":0,"href":"https:\/\/vieassociative.be\/actualites\/wp-json\/wp\/v2\/posts\/11817\/revisions"}],"wp:featuredmedia":[{"embeddable":true,"href":"https:\/\/vieassociative.be\/actualites\/wp-json\/wp\/v2\/media\/11818"}],"wp:attachment":[{"href":"https:\/\/vieassociative.be\/actualites\/wp-json\/wp\/v2\/media?parent=11817"}],"wp:term":[{"taxonomy":"category","embeddable":true,"href":"https:\/\/vieassociative.be\/actualites\/wp-json\/wp\/v2\/categories?post=11817"},{"taxonomy":"post_tag","embeddable":true,"href":"https:\/\/vieassociative.be\/actualites\/wp-json\/wp\/v2\/tags?post=11817"}],"curies":[{"name":"wp","href":"https:\/\/api.w.org\/{rel}","templated":true}]}}