{"id":11813,"date":"2025-12-12T15:18:14","date_gmt":"2025-12-12T14:18:14","guid":{"rendered":"https:\/\/vieassociative.be\/actualites\/marche-de-noel-du-12-au-14-decembre-a-eupen-interdictions-de-circuler-de-stationner-et-de-sarreter\/"},"modified":"2025-12-12T15:18:14","modified_gmt":"2025-12-12T14:18:14","slug":"marche-de-noel-du-12-au-14-decembre-a-eupen-interdictions-de-circuler-de-stationner-et-de-sarreter","status":"publish","type":"post","link":"https:\/\/vieassociative.be\/actualites\/marche-de-noel-du-12-au-14-decembre-a-eupen-interdictions-de-circuler-de-stationner-et-de-sarreter\/","title":{"rendered":"March\u00e9 de No\u00ebl du 12 au 14 d\u00e9cembre \u00e0 Eupen : interdictions de circuler, de stationner et de s&rsquo;arr\u00eater"},"content":{"rendered":"<p><strong>A partir d&rsquo;aujourd&rsquo;hui, vendredi 12 d\u00e9cembre 2025, jusqu&rsquo;au dimanche 14 d\u00e9cembre 2025, le march\u00e9 de No\u00ebl aura lieu dans la zone de rencontre d&rsquo;Eupen-Oberstadt.<\/strong><\/p>\n<p><span id=\"more-431639\"><\/span>Les travaux ont d\u00e9j\u00e0 commenc\u00e9 pour que le march\u00e9 de No\u00ebl puisse enchanter ses visiteurs par son atmosph\u00e8re magique. Il est strictement interdit de circuler dans la zone du march\u00e9 pendant les heures d&rsquo;ouverture. En raison des mesures de s\u00e9curit\u00e9 suppl\u00e9mentaires, il n&rsquo;est pas non plus possible de quitter la zone du march\u00e9 pendant cette p\u00e9riode. Les r\u00e8gles de circulation temporaires suivantes s&rsquo;appliquent\u00a0:<\/p>\n<p><strong>Zones qui seront ferm\u00e9es \u00e0 la circulation\u00a0:<\/strong><\/p>\n<p>Les jours de march\u00e9 de No\u00ebl : 12.12. et 13.12. \u00e0 partir de 12h \u00e0 1 heure du matin, le 14 d\u00e9cembre. de 9h \u00e0 22h<br \/>\n\u2013 Zone de rencontre de la ville haute : Klosterstrasse, place du march\u00e9, Kirchstrasse, Bergstrasse jusqu&rsquo;au carrefour Berg, Kl\u00f6tzerbahn, Paveestrasse, Hufengasse.<\/p>\n<p>\u2013 Dans la Bergstrasse sup\u00e9rieure, la Schulstrasse, la Gospertstrasse (\u00e0 partir du terrain 22-24), la Paveestrasse et la Neustrasse, la circulation locale est autoris\u00e9e jusqu&rsquo;\u00e0 la hauteur de la barri\u00e8re.<\/p>\n<p>\u2013 Le parking Bergstrasse est accessible uniquement via la Hufengasse (entr\u00e9e et sortie).<\/p>\n<p>\u2013 La circulation \u00e0 sens unique sera supprim\u00e9e sur la Paveestrasse et la Schulstrasse aux horaires mentionn\u00e9s ci-dessus.<\/p>\n<p>Pour le d\u00e9montage du march\u00e9 le 15 d\u00e9cembre. de 5h du matin jusqu&rsquo;\u00e0 la fin du d\u00e9montage :<\/p>\n<p>\u2013 Rue de la place du march\u00e9, Kirchstrasse, descendre la Bergstrasse jusqu&rsquo;\u00e0 la bifurcation avec la Neustrasse<\/p>\n<p>\u2013 Places \u00ab\u00a0Am Clown\u00a0\u00bb et Kl\u00f6tzerbahn<\/p>\n<p><strong>Interdictions de stationnement et d\u2019arr\u00eat\u00a0:<\/strong><\/p>\n<p>Jusqu&rsquo;au lundi 15 d\u00e9cembre, \u00e0 12h<\/p>\n<p>\u2013 Kl\u00f6tzerbahn 8-18 et toutes les places de parking derri\u00e8re le plan d&rsquo;eau \u00e0 droite<\/p>\n<p>\u2013 Bergstrasse entre le passage et l\u2019entr\u00e9e du parking Bergstrasse<\/p>\n<p>\u2013 Dans toute la Kirchstrasse (jusqu&rsquo;au 15 d\u00e9cembre \u00e0 19h)<\/p>\n<p>Du 12.12. jusqu&rsquo;au 14 d\u00e9cembre. Il existe une interdiction de stationner et de s&rsquo;arr\u00eater dans la zone de rassemblement de la zone de fermeture, analogue aux horaires de fermeture \u00e0 la circulation.<\/p>\n<p>Les 12 et 14 d\u00e9cembre. Il est interdit de stationner et de s&rsquo;arr\u00eater dans le parking de la Judenstrasse \u00e0 partir de 14 heures. \u00e0 19 heures<br \/>\nDe plus, entre le 10 et le 15 d\u00e9cembre. Stationnement isol\u00e9 et interdictions d&rsquo;arr\u00eat dans les zones de la Rathausplatz, de la Marktplatz, de la Gospertstrasse et de la Schulstrasse.<br \/>\nAfin de garantir le bon d\u00e9roulement de tout, y compris le montage et le d\u00e9montage, il est demand\u00e9 au public de respecter scrupuleusement la signalisation et d&rsquo;adapter sa conduite en centre-ville aux circonstances particuli\u00e8res.<\/p>\n","protected":false},"excerpt":{"rendered":"<p>A partir d&rsquo;aujourd&rsquo;hui, vendredi 12 d\u00e9cembre 2025, jusqu&rsquo;au dimanche 14 d\u00e9cembre 2025, le march\u00e9 de No\u00ebl aura lieu dans la zone de rencontre d&rsquo;Eupen-Oberstadt. Les<\/p>\n","protected":false},"author":1,"featured_media":11814,"comment_status":"","ping_status":"","sticky":false,"template":"","format":"standard","meta":{"footnotes":""},"categories":[298],"tags":[9533,3145,2329,8982,1523,1557,9535,9534],"class_list":["post-11813","post","type-post","status-publish","format-standard","has-post-thumbnail","hentry","category-belgique","tag-circuler","tag-decembre","tag-eupen","tag-interdictions","tag-marche","tag-noel","tag-sarreter","tag-stationner","generate-columns","tablet-grid-50","mobile-grid-100","grid-parent","grid-33"],"yoast_head":"<!-- This site is optimized with the Yoast SEO plugin v24.0 - https:\/\/yoast.com\/wordpress\/plugins\/seo\/ -->\n<title>March\u00e9 de No\u00ebl du 12 au 14 d\u00e9cembre \u00e0 Eupen : interdictions de circuler, de stationner et de s&#039;arr\u00eater | Vie Associative<\/title>\n<meta name=\"robots\" content=\"index, follow, max-snippet:-1, max-image-preview:large, max-video-preview:-1\" \/>\n<link rel=\"canonical\" href=\"https:\/\/vieassociative.be\/actualites\/marche-de-noel-du-12-au-14-decembre-a-eupen-interdictions-de-circuler-de-stationner-et-de-sarreter\/\" \/>\n<meta property=\"og:locale\" content=\"fr_FR\" \/>\n<meta property=\"og:type\" content=\"article\" \/>\n<meta property=\"og:title\" content=\"March\u00e9 de No\u00ebl du 12 au 14 d\u00e9cembre \u00e0 Eupen : interdictions de circuler, de stationner et de s&#039;arr\u00eater | Vie Associative\" \/>\n<meta property=\"og:description\" content=\"A partir d&rsquo;aujourd&rsquo;hui, vendredi 12 d\u00e9cembre 2025, jusqu&rsquo;au dimanche 14 d\u00e9cembre 2025, le march\u00e9 de No\u00ebl aura lieu dans la zone de rencontre d&rsquo;Eupen-Oberstadt. Les\" \/>\n<meta property=\"og:url\" content=\"https:\/\/vieassociative.be\/actualites\/marche-de-noel-du-12-au-14-decembre-a-eupen-interdictions-de-circuler-de-stationner-et-de-sarreter\/\" \/>\n<meta property=\"og:site_name\" content=\"Vie Associative\" \/>\n<meta property=\"article:published_time\" content=\"2025-12-12T14:18:14+00:00\" \/>\n<meta property=\"og:image\" content=\"https:\/\/vieassociative.be\/actualites\/wp-content\/uploads\/2024\/09\/header_backgroundk-01-e1726694325946.png\" \/>\n\t<meta property=\"og:image:width\" content=\"279\" \/>\n\t<meta property=\"og:image:height\" content=\"92\" \/>\n\t<meta property=\"og:image:type\" content=\"image\/png\" \/>\n<meta name=\"author\" content=\"Julien\" \/>\n<meta name=\"twitter:card\" content=\"summary_large_image\" \/>\n<meta name=\"twitter:label1\" content=\"\u00c9crit par\" \/>\n\t<meta name=\"twitter:data1\" content=\"Julien\" \/>\n\t<meta name=\"twitter:label2\" content=\"Dur\u00e9e de lecture est.\" \/>\n\t<meta name=\"twitter:data2\" content=\"2 minutes\" \/>\n<script type=\"application\/ld+json\" class=\"yoast-schema-graph\">{\"@context\":\"https:\/\/schema.org\",\"@graph\":[{\"@type\":\"Article\",\"@id\":\"https:\/\/vieassociative.be\/actualites\/marche-de-noel-du-12-au-14-decembre-a-eupen-interdictions-de-circuler-de-stationner-et-de-sarreter\/#article\",\"isPartOf\":{\"@id\":\"https:\/\/vieassociative.be\/actualites\/marche-de-noel-du-12-au-14-decembre-a-eupen-interdictions-de-circuler-de-stationner-et-de-sarreter\/\"},\"author\":{\"name\":\"Julien\",\"@id\":\"https:\/\/vieassociative.be\/actualites\/#\/schema\/person\/b87ac4f82f9d4e7b7cec7395b679edc4\"},\"headline\":\"March\u00e9 de No\u00ebl du 12 au 14 d\u00e9cembre \u00e0 Eupen : interdictions de circuler, de stationner et de s&rsquo;arr\u00eater\",\"datePublished\":\"2025-12-12T14:18:14+00:00\",\"dateModified\":\"2025-12-12T14:18:14+00:00\",\"mainEntityOfPage\":{\"@id\":\"https:\/\/vieassociative.be\/actualites\/marche-de-noel-du-12-au-14-decembre-a-eupen-interdictions-de-circuler-de-stationner-et-de-sarreter\/\"},\"wordCount\":445,\"publisher\":{\"@id\":\"https:\/\/vieassociative.be\/actualites\/#organization\"},\"image\":{\"@id\":\"https:\/\/vieassociative.be\/actualites\/marche-de-noel-du-12-au-14-decembre-a-eupen-interdictions-de-circuler-de-stationner-et-de-sarreter\/#primaryimage\"},\"thumbnailUrl\":\"https:\/\/vieassociative.be\/actualites\/wp-content\/uploads\/2025\/12\/Marche-de-Noel-du-12-au-14-decembre-a-Eupen.jpg\",\"keywords\":[\"circuler\",\"d\u00e9cembre\",\"Eupen\",\"interdictions\",\"march\u00e9\",\"No\u00ebl\",\"sarr\u00eater\",\"stationner\"],\"articleSection\":[\"Belgique\"],\"inLanguage\":\"fr-BE\"},{\"@type\":\"WebPage\",\"@id\":\"https:\/\/vieassociative.be\/actualites\/marche-de-noel-du-12-au-14-decembre-a-eupen-interdictions-de-circuler-de-stationner-et-de-sarreter\/\",\"url\":\"https:\/\/vieassociative.be\/actualites\/marche-de-noel-du-12-au-14-decembre-a-eupen-interdictions-de-circuler-de-stationner-et-de-sarreter\/\",\"name\":\"March\u00e9 de No\u00ebl du 12 au 14 d\u00e9cembre \u00e0 Eupen : interdictions de circuler, de stationner et de s'arr\u00eater | Vie Associative\",\"isPartOf\":{\"@id\":\"https:\/\/vieassociative.be\/actualites\/#website\"},\"primaryImageOfPage\":{\"@id\":\"https:\/\/vieassociative.be\/actualites\/marche-de-noel-du-12-au-14-decembre-a-eupen-interdictions-de-circuler-de-stationner-et-de-sarreter\/#primaryimage\"},\"image\":{\"@id\":\"https:\/\/vieassociative.be\/actualites\/marche-de-noel-du-12-au-14-decembre-a-eupen-interdictions-de-circuler-de-stationner-et-de-sarreter\/#primaryimage\"},\"thumbnailUrl\":\"https:\/\/vieassociative.be\/actualites\/wp-content\/uploads\/2025\/12\/Marche-de-Noel-du-12-au-14-decembre-a-Eupen.jpg\",\"datePublished\":\"2025-12-12T14:18:14+00:00\",\"dateModified\":\"2025-12-12T14:18:14+00:00\",\"breadcrumb\":{\"@id\":\"https:\/\/vieassociative.be\/actualites\/marche-de-noel-du-12-au-14-decembre-a-eupen-interdictions-de-circuler-de-stationner-et-de-sarreter\/#breadcrumb\"},\"inLanguage\":\"fr-BE\",\"potentialAction\":[{\"@type\":\"ReadAction\",\"target\":[\"https:\/\/vieassociative.be\/actualites\/marche-de-noel-du-12-au-14-decembre-a-eupen-interdictions-de-circuler-de-stationner-et-de-sarreter\/\"]}]},{\"@type\":\"ImageObject\",\"inLanguage\":\"fr-BE\",\"@id\":\"https:\/\/vieassociative.be\/actualites\/marche-de-noel-du-12-au-14-decembre-a-eupen-interdictions-de-circuler-de-stationner-et-de-sarreter\/#primaryimage\",\"url\":\"https:\/\/vieassociative.be\/actualites\/wp-content\/uploads\/2025\/12\/Marche-de-Noel-du-12-au-14-decembre-a-Eupen.jpg\",\"contentUrl\":\"https:\/\/vieassociative.be\/actualites\/wp-content\/uploads\/2025\/12\/Marche-de-Noel-du-12-au-14-decembre-a-Eupen.jpg\",\"width\":1542,\"height\":1021,\"caption\":\"March\u00e9 de No\u00ebl du 12 au 14 d\u00e9cembre \u00e0 Eupen : interdictions de circuler, de stationner et de s'arr\u00eater\"},{\"@type\":\"BreadcrumbList\",\"@id\":\"https:\/\/vieassociative.be\/actualites\/marche-de-noel-du-12-au-14-decembre-a-eupen-interdictions-de-circuler-de-stationner-et-de-sarreter\/#breadcrumb\",\"itemListElement\":[{\"@type\":\"ListItem\",\"position\":1,\"name\":\"Accueil\",\"item\":\"https:\/\/vieassociative.be\/actualites\/\"},{\"@type\":\"ListItem\",\"position\":2,\"name\":\"March\u00e9 de No\u00ebl du 12 au 14 d\u00e9cembre \u00e0 Eupen : interdictions de circuler, de stationner et de s&rsquo;arr\u00eater\"}]},{\"@type\":\"WebSite\",\"@id\":\"https:\/\/vieassociative.be\/actualites\/#website\",\"url\":\"https:\/\/vieassociative.be\/actualites\/\",\"name\":\"Vie Associative\",\"description\":\"\",\"publisher\":{\"@id\":\"https:\/\/vieassociative.be\/actualites\/#organization\"},\"potentialAction\":[{\"@type\":\"SearchAction\",\"target\":{\"@type\":\"EntryPoint\",\"urlTemplate\":\"https:\/\/vieassociative.be\/actualites\/?s={search_term_string}\"},\"query-input\":{\"@type\":\"PropertyValueSpecification\",\"valueRequired\":true,\"valueName\":\"search_term_string\"}}],\"inLanguage\":\"fr-BE\"},{\"@type\":\"Organization\",\"@id\":\"https:\/\/vieassociative.be\/actualites\/#organization\",\"name\":\"Vie Associative\",\"url\":\"https:\/\/vieassociative.be\/actualites\/\",\"logo\":{\"@type\":\"ImageObject\",\"inLanguage\":\"fr-BE\",\"@id\":\"https:\/\/vieassociative.be\/actualites\/#\/schema\/logo\/image\/\",\"url\":\"https:\/\/vieassociative.be\/actualites\/wp-content\/uploads\/2024\/09\/cropped-vieassociative_favicon.ico.png\",\"contentUrl\":\"https:\/\/vieassociative.be\/actualites\/wp-content\/uploads\/2024\/09\/cropped-vieassociative_favicon.ico.png\",\"width\":512,\"height\":512,\"caption\":\"Vie Associative\"},\"image\":{\"@id\":\"https:\/\/vieassociative.be\/actualites\/#\/schema\/logo\/image\/\"}},{\"@type\":\"Person\",\"@id\":\"https:\/\/vieassociative.be\/actualites\/#\/schema\/person\/b87ac4f82f9d4e7b7cec7395b679edc4\",\"name\":\"Julien\",\"image\":{\"@type\":\"ImageObject\",\"inLanguage\":\"fr-BE\",\"@id\":\"https:\/\/vieassociative.be\/actualites\/#\/schema\/person\/image\/\",\"url\":\"https:\/\/vieassociative.be\/actualites\/wp-content\/uploads\/2024\/09\/vie-associative-1-150x150.jpg\",\"contentUrl\":\"https:\/\/vieassociative.be\/actualites\/wp-content\/uploads\/2024\/09\/vie-associative-1-150x150.jpg\",\"caption\":\"Julien\"},\"description\":\"Je suis Julien, r\u00e9dacteur pour Vie Associative. Passionn\u00e9 par le monde associatif depuis plus de 10 ans, j'ai \u00e0 c\u0153ur de partager des histoires inspirantes et de mettre en lumi\u00e8re les initiatives locales. Mon objectif est de sensibiliser et d'encourager l'engagement communautaire \u00e0 travers mes articles.\",\"sameAs\":[\"https:\/\/vieassociative.be\/\"]}]}<\/script>\n<!-- \/ Yoast SEO plugin. -->","yoast_head_json":{"title":"March\u00e9 de No\u00ebl du 12 au 14 d\u00e9cembre \u00e0 Eupen : interdictions de circuler, de stationner et de s'arr\u00eater | Vie Associative","robots":{"index":"index","follow":"follow","max-snippet":"max-snippet:-1","max-image-preview":"max-image-preview:large","max-video-preview":"max-video-preview:-1"},"canonical":"https:\/\/vieassociative.be\/actualites\/marche-de-noel-du-12-au-14-decembre-a-eupen-interdictions-de-circuler-de-stationner-et-de-sarreter\/","og_locale":"fr_FR","og_type":"article","og_title":"March\u00e9 de No\u00ebl du 12 au 14 d\u00e9cembre \u00e0 Eupen : interdictions de circuler, de stationner et de s'arr\u00eater | Vie Associative","og_description":"A partir d&rsquo;aujourd&rsquo;hui, vendredi 12 d\u00e9cembre 2025, jusqu&rsquo;au dimanche 14 d\u00e9cembre 2025, le march\u00e9 de No\u00ebl aura lieu dans la zone de rencontre d&rsquo;Eupen-Oberstadt. Les","og_url":"https:\/\/vieassociative.be\/actualites\/marche-de-noel-du-12-au-14-decembre-a-eupen-interdictions-de-circuler-de-stationner-et-de-sarreter\/","og_site_name":"Vie Associative","article_published_time":"2025-12-12T14:18:14+00:00","og_image":[{"width":279,"height":92,"url":"https:\/\/vieassociative.be\/actualites\/wp-content\/uploads\/2024\/09\/header_backgroundk-01-e1726694325946.png","type":"image\/png"}],"author":"Julien","twitter_card":"summary_large_image","twitter_misc":{"\u00c9crit par":"Julien","Dur\u00e9e de lecture est.":"2 minutes"},"schema":{"@context":"https:\/\/schema.org","@graph":[{"@type":"Article","@id":"https:\/\/vieassociative.be\/actualites\/marche-de-noel-du-12-au-14-decembre-a-eupen-interdictions-de-circuler-de-stationner-et-de-sarreter\/#article","isPartOf":{"@id":"https:\/\/vieassociative.be\/actualites\/marche-de-noel-du-12-au-14-decembre-a-eupen-interdictions-de-circuler-de-stationner-et-de-sarreter\/"},"author":{"name":"Julien","@id":"https:\/\/vieassociative.be\/actualites\/#\/schema\/person\/b87ac4f82f9d4e7b7cec7395b679edc4"},"headline":"March\u00e9 de No\u00ebl du 12 au 14 d\u00e9cembre \u00e0 Eupen : interdictions de circuler, de stationner et de s&rsquo;arr\u00eater","datePublished":"2025-12-12T14:18:14+00:00","dateModified":"2025-12-12T14:18:14+00:00","mainEntityOfPage":{"@id":"https:\/\/vieassociative.be\/actualites\/marche-de-noel-du-12-au-14-decembre-a-eupen-interdictions-de-circuler-de-stationner-et-de-sarreter\/"},"wordCount":445,"publisher":{"@id":"https:\/\/vieassociative.be\/actualites\/#organization"},"image":{"@id":"https:\/\/vieassociative.be\/actualites\/marche-de-noel-du-12-au-14-decembre-a-eupen-interdictions-de-circuler-de-stationner-et-de-sarreter\/#primaryimage"},"thumbnailUrl":"https:\/\/vieassociative.be\/actualites\/wp-content\/uploads\/2025\/12\/Marche-de-Noel-du-12-au-14-decembre-a-Eupen.jpg","keywords":["circuler","d\u00e9cembre","Eupen","interdictions","march\u00e9","No\u00ebl","sarr\u00eater","stationner"],"articleSection":["Belgique"],"inLanguage":"fr-BE"},{"@type":"WebPage","@id":"https:\/\/vieassociative.be\/actualites\/marche-de-noel-du-12-au-14-decembre-a-eupen-interdictions-de-circuler-de-stationner-et-de-sarreter\/","url":"https:\/\/vieassociative.be\/actualites\/marche-de-noel-du-12-au-14-decembre-a-eupen-interdictions-de-circuler-de-stationner-et-de-sarreter\/","name":"March\u00e9 de No\u00ebl du 12 au 14 d\u00e9cembre \u00e0 Eupen : interdictions de circuler, de stationner et de s'arr\u00eater | Vie Associative","isPartOf":{"@id":"https:\/\/vieassociative.be\/actualites\/#website"},"primaryImageOfPage":{"@id":"https:\/\/vieassociative.be\/actualites\/marche-de-noel-du-12-au-14-decembre-a-eupen-interdictions-de-circuler-de-stationner-et-de-sarreter\/#primaryimage"},"image":{"@id":"https:\/\/vieassociative.be\/actualites\/marche-de-noel-du-12-au-14-decembre-a-eupen-interdictions-de-circuler-de-stationner-et-de-sarreter\/#primaryimage"},"thumbnailUrl":"https:\/\/vieassociative.be\/actualites\/wp-content\/uploads\/2025\/12\/Marche-de-Noel-du-12-au-14-decembre-a-Eupen.jpg","datePublished":"2025-12-12T14:18:14+00:00","dateModified":"2025-12-12T14:18:14+00:00","breadcrumb":{"@id":"https:\/\/vieassociative.be\/actualites\/marche-de-noel-du-12-au-14-decembre-a-eupen-interdictions-de-circuler-de-stationner-et-de-sarreter\/#breadcrumb"},"inLanguage":"fr-BE","potentialAction":[{"@type":"ReadAction","target":["https:\/\/vieassociative.be\/actualites\/marche-de-noel-du-12-au-14-decembre-a-eupen-interdictions-de-circuler-de-stationner-et-de-sarreter\/"]}]},{"@type":"ImageObject","inLanguage":"fr-BE","@id":"https:\/\/vieassociative.be\/actualites\/marche-de-noel-du-12-au-14-decembre-a-eupen-interdictions-de-circuler-de-stationner-et-de-sarreter\/#primaryimage","url":"https:\/\/vieassociative.be\/actualites\/wp-content\/uploads\/2025\/12\/Marche-de-Noel-du-12-au-14-decembre-a-Eupen.jpg","contentUrl":"https:\/\/vieassociative.be\/actualites\/wp-content\/uploads\/2025\/12\/Marche-de-Noel-du-12-au-14-decembre-a-Eupen.jpg","width":1542,"height":1021,"caption":"March\u00e9 de No\u00ebl du 12 au 14 d\u00e9cembre \u00e0 Eupen : interdictions de circuler, de stationner et de s'arr\u00eater"},{"@type":"BreadcrumbList","@id":"https:\/\/vieassociative.be\/actualites\/marche-de-noel-du-12-au-14-decembre-a-eupen-interdictions-de-circuler-de-stationner-et-de-sarreter\/#breadcrumb","itemListElement":[{"@type":"ListItem","position":1,"name":"Accueil","item":"https:\/\/vieassociative.be\/actualites\/"},{"@type":"ListItem","position":2,"name":"March\u00e9 de No\u00ebl du 12 au 14 d\u00e9cembre \u00e0 Eupen : interdictions de circuler, de stationner et de s&rsquo;arr\u00eater"}]},{"@type":"WebSite","@id":"https:\/\/vieassociative.be\/actualites\/#website","url":"https:\/\/vieassociative.be\/actualites\/","name":"Vie Associative","description":"","publisher":{"@id":"https:\/\/vieassociative.be\/actualites\/#organization"},"potentialAction":[{"@type":"SearchAction","target":{"@type":"EntryPoint","urlTemplate":"https:\/\/vieassociative.be\/actualites\/?s={search_term_string}"},"query-input":{"@type":"PropertyValueSpecification","valueRequired":true,"valueName":"search_term_string"}}],"inLanguage":"fr-BE"},{"@type":"Organization","@id":"https:\/\/vieassociative.be\/actualites\/#organization","name":"Vie Associative","url":"https:\/\/vieassociative.be\/actualites\/","logo":{"@type":"ImageObject","inLanguage":"fr-BE","@id":"https:\/\/vieassociative.be\/actualites\/#\/schema\/logo\/image\/","url":"https:\/\/vieassociative.be\/actualites\/wp-content\/uploads\/2024\/09\/cropped-vieassociative_favicon.ico.png","contentUrl":"https:\/\/vieassociative.be\/actualites\/wp-content\/uploads\/2024\/09\/cropped-vieassociative_favicon.ico.png","width":512,"height":512,"caption":"Vie Associative"},"image":{"@id":"https:\/\/vieassociative.be\/actualites\/#\/schema\/logo\/image\/"}},{"@type":"Person","@id":"https:\/\/vieassociative.be\/actualites\/#\/schema\/person\/b87ac4f82f9d4e7b7cec7395b679edc4","name":"Julien","image":{"@type":"ImageObject","inLanguage":"fr-BE","@id":"https:\/\/vieassociative.be\/actualites\/#\/schema\/person\/image\/","url":"https:\/\/vieassociative.be\/actualites\/wp-content\/uploads\/2024\/09\/vie-associative-1-150x150.jpg","contentUrl":"https:\/\/vieassociative.be\/actualites\/wp-content\/uploads\/2024\/09\/vie-associative-1-150x150.jpg","caption":"Julien"},"description":"Je suis Julien, r\u00e9dacteur pour Vie Associative. Passionn\u00e9 par le monde associatif depuis plus de 10 ans, j'ai \u00e0 c\u0153ur de partager des histoires inspirantes et de mettre en lumi\u00e8re les initiatives locales. Mon objectif est de sensibiliser et d'encourager l'engagement communautaire \u00e0 travers mes articles.","sameAs":["https:\/\/vieassociative.be\/"]}]}},"_links":{"self":[{"href":"https:\/\/vieassociative.be\/actualites\/wp-json\/wp\/v2\/posts\/11813"}],"collection":[{"href":"https:\/\/vieassociative.be\/actualites\/wp-json\/wp\/v2\/posts"}],"about":[{"href":"https:\/\/vieassociative.be\/actualites\/wp-json\/wp\/v2\/types\/post"}],"author":[{"embeddable":true,"href":"https:\/\/vieassociative.be\/actualites\/wp-json\/wp\/v2\/users\/1"}],"replies":[{"embeddable":true,"href":"https:\/\/vieassociative.be\/actualites\/wp-json\/wp\/v2\/comments?post=11813"}],"version-history":[{"count":0,"href":"https:\/\/vieassociative.be\/actualites\/wp-json\/wp\/v2\/posts\/11813\/revisions"}],"wp:featuredmedia":[{"embeddable":true,"href":"https:\/\/vieassociative.be\/actualites\/wp-json\/wp\/v2\/media\/11814"}],"wp:attachment":[{"href":"https:\/\/vieassociative.be\/actualites\/wp-json\/wp\/v2\/media?parent=11813"}],"wp:term":[{"taxonomy":"category","embeddable":true,"href":"https:\/\/vieassociative.be\/actualites\/wp-json\/wp\/v2\/categories?post=11813"},{"taxonomy":"post_tag","embeddable":true,"href":"https:\/\/vieassociative.be\/actualites\/wp-json\/wp\/v2\/tags?post=11813"}],"curies":[{"name":"wp","href":"https:\/\/api.w.org\/{rel}","templated":true}]}}