{"id":11807,"date":"2025-12-12T08:18:14","date_gmt":"2025-12-12T07:18:14","guid":{"rendered":"https:\/\/vieassociative.be\/actualites\/les-origines-surprenantes-de-hanoukka-et-pourquoi-elle-se-deplace-chaque-annee\/"},"modified":"2025-12-12T08:18:14","modified_gmt":"2025-12-12T07:18:14","slug":"les-origines-surprenantes-de-hanoukka-et-pourquoi-elle-se-deplace-chaque-annee","status":"publish","type":"post","link":"https:\/\/vieassociative.be\/actualites\/les-origines-surprenantes-de-hanoukka-et-pourquoi-elle-se-deplace-chaque-annee\/","title":{"rendered":"Les origines surprenantes de Hanoukka (et pourquoi elle se d\u00e9place chaque ann\u00e9e)"},"content":{"rendered":"<p>Hanoukka (ou \u00ab Hanoukka \u00bb, si vous pr\u00e9f\u00e9rez ; c&rsquo;est une translitt\u00e9ration, donc il n&rsquo;y a pas d&rsquo;orthographe \u00ab correcte \u00bb) est une f\u00eate religieuse juive annuelle de huit jours qui a g\u00e9n\u00e9ralement lieu fin novembre ou d\u00e9but d\u00e9cembre. En 2025, Hanoukka commence le dimanche 14 d\u00e9cembre au soir et se poursuit jusqu&rsquo;au lundi 22 d\u00e9cembre.<\/p>\n<h2 id=\"why-does-hanukkah-fall-on-different-dates-each-year\">Pourquoi Hanoukka tombe-t-elle \u00e0 des dates diff\u00e9rentes chaque ann\u00e9e ?<\/h2>\n<p>Alors que Hanoukka tombe chaque ann\u00e9e \u00e0 des dates diff\u00e9rentes dans le calendrier gr\u00e9gorien que vous connaissez probablement, elle commence le m\u00eame jour chaque ann\u00e9e dans le calendrier h\u00e9breu\u00a0: le 25 Kislev. Le calendrier h\u00e9breu est bas\u00e9 sur la lune et Hanoukka tombe le 25\u00e8me jour apr\u00e8s la nouvelle lune qui marque le d\u00e9but du mois de Kislev.<\/p>\n<h2 id=\"what-is-hanukkah-about-anyway\">De toute fa\u00e7on, de quoi parle Hanoukka ? <\/h2>\n<p>Hanoukka c\u00e9l\u00e8bre l&rsquo;anniversaire du d\u00e9but de la r\u00e9volte des Maccab\u00e9es contre l&#8217;empire s\u00e9leucide et de la nouvelle cons\u00e9cration du Second Temple survenue au IIe si\u00e8cle avant notre \u00e8re. C&rsquo;est la d\u00e9finition stricte des vacances. Dans la pratique, dans l\u2019Am\u00e9rique d\u2019aujourd\u2019hui, Hanoukka est la \u00ab f\u00eate des lumi\u00e8res \u00bb, une c\u00e9l\u00e9bration hivernale g\u00e9n\u00e9ralement marqu\u00e9e par des cadeaux, des plats d\u00e9licieux, l\u2019allumage de bougies et le jeu ennuyeux du dreidel (plus d\u2019informations \u00e0 ce sujet ci-dessous).<\/p>\n<p>Sur le plan religieux, Hanoukka est une f\u00eate relativement mineure, loin d&rsquo;\u00eatre aussi importante que les grandes f\u00eates juives de Roch Hachana et de Yom Kippour, mais elle est une f\u00eate pr\u00e9f\u00e9r\u00e9e des enfants, en particulier des enfants am\u00e9ricains. De nos jours, la f\u00eate est c\u00e9l\u00e9br\u00e9e dans les communaut\u00e9s juives du monde entier, mais les enfants juifs aux \u00c9tats-Unis sont les rois et reines incontest\u00e9s de Hanoukka.<\/p>\n<h2 id=\"the-origins-of-hanukkah-a-hebrew-rebellion-brought-to-you-by-cincinnati-rabbis\">Les origines de Hanoukka : une r\u00e9bellion h\u00e9bra\u00efque pr\u00e9sent\u00e9e par les rabbins de Cincinnati<\/h2>\n<p>Il y a deux mani\u00e8res de penser \u00e0 l\u2019origine de la F\u00eate des Lumi\u00e8res. On pourrait dire que Hanoukka a commenc\u00e9 vers 200 avant notre \u00e8re lorsque les dirigeants grecs ont emp\u00each\u00e9 les Juifs de pratiquer leur religion, ce qui a conduit les Macchab\u00e9es \u00e0 se soulever en signe de d\u00e9fi. Ou on pourrait dire que Hanoukka a commenc\u00e9 \u00e0 Cincinnati.<\/p>\n<p>Avant il y a quelques centaines d&rsquo;ann\u00e9es, il n&rsquo;y a aucune trace de la fa\u00e7on dont quelqu&rsquo;un a c\u00e9l\u00e9br\u00e9 Hanoukka &#8211; peut-\u00eatre que cela a \u00e9t\u00e9 fait, mais il semble que personne n&rsquo;en ait fait trop toute une histoire. Tout a chang\u00e9 entre le milieu et la fin des ann\u00e9es 1800, lorsque deux rabbins de Cincinnati, Isaac M. Wise et Max Lilienthal, ont plac\u00e9 Hanoukka sur la carte des f\u00eates. Ils ont popularis\u00e9, promu et am\u00e9ricanis\u00e9 la f\u00eate, en introduisant les c\u00e9l\u00e9brations de Hanoukka dans leurs congr\u00e9gations et en en faisant la promotion dans les publications juives nationales. <\/p>\n<p>Wise et Lilienthal \u00e9taient des dirigeants du juda\u00efsme r\u00e9form\u00e9, une forme de religion plus moderne et moins orthodoxe, et dans une certaine mesure, la f\u00eate qu&rsquo;ils ont popularis\u00e9e refl\u00e8te cet ensemble de valeurs. L&rsquo;objectif \u00e9tait d&rsquo;aider les enfants juifs d&rsquo;Am\u00e9rique \u00e0 honorer leur h\u00e9ritage en pr\u00e9sentant un \u00e9v\u00e9nement historique passionnant et pertinent mettant en vedette des h\u00e9ros juifs. c&rsquo;\u00e9tait aussi cens\u00e9 ressembler \u00e0 No\u00ebl : des vacances en famille amusantes. <\/p>\n<p>Lilienthal a not\u00e9 la popularit\u00e9 croissante des c\u00e9l\u00e9brations de No\u00ebl aux \u00c9tats-Unis dans les ann\u00e9es 1800 et a \u00e9t\u00e9 impressionn\u00e9 par la fa\u00e7on dont les \u00e9glises chr\u00e9tiennes utilisaient les aspects la\u00efcs de la f\u00eate pour enseigner leur foi. Il a donc emprunt\u00e9 le c\u00f4t\u00e9 g\u00e9n\u00e9reux et l\u00e9ger des c\u00e9l\u00e9brations de No\u00ebl non religieuses et leur a donn\u00e9 une touche juive. Ainsi est n\u00e9e la Hanoukka moderne.<\/p>\n<p>\u00ab Nous devons aussi faire quelque chose pour \u00e9gayer nos enfants\u2026 (Ils) organiseront une grande et glorieuse f\u00eate de Hanoucca, plus agr\u00e9able que n\u2019importe quelle f\u00eate de No\u00ebl. \u00bb Lilienthal a \u00e9crit en 1876. <\/p>\n<h2 id=\"the-traditions-of-hanukkah-youve-been-wrong-about-the-menorah-your-whole-life\">Les traditions de Hanoukka : vous vous \u00eates tromp\u00e9 toute votre vie \u00e0 propos de la menorah<\/h2>\n<p>L&rsquo;\u00e9v\u00e9nement principal de Hanoukka parmi ceux qui c\u00e9l\u00e8brent Hanoukka est l&rsquo;allumage des bougies avant le d\u00eener, une de plus pour chaque nuit successive du festival. Lorsque les Macchab\u00e9es ont reconstruit le temple dans les temps anciens, ils ont rallum\u00e9 les menorahs \u2013 des bougeoirs pour sept bougies \u2013 mais ils n&rsquo;avaient que assez d&rsquo;huile pour que les bougies br\u00fblent pendant une nuit (du moins c&rsquo;est ce que raconte l&rsquo;histoire). Miraculeusement, les lumi\u00e8res sont rest\u00e9es allum\u00e9es pendant huit nuits. <\/p>\n<p>Techniquement, la plupart des gens n\u2019allument pas de menorah \u00e0 Hanoukka. Les menorahs ont huit lumi\u00e8res. Les bougies de Hanoukka sont g\u00e9n\u00e9ralement plac\u00e9es dans une \u00ab\u00a0hanoukkiah\u00a0\u00bb qui contient <em>neuf<\/em>: huit bougies principales et la bougie auxiliaire qui les allume toutes.<\/p>\n<p>C\u00f4t\u00e9 alimentation, vous pouvez manger ce que vous voulez, ce n&rsquo;est pas une f\u00eate de je\u00fbne. Les aliments frits, en particulier les latkes (galettes de pommes de terre frites), sont populaires et d\u00e9licieux, surtout s&rsquo;ils sont servis avec de la cr\u00e8me sure et\/ou de la compote de pommes. Les beignets \u00e0 la gel\u00e9e sont un autre favori. Mais comme je l&rsquo;ai dit, vous pouvez manger ce que vous voulez.<\/p>\n<p>De nombreux responsables de Hanoukka offrent \u00e9galement des cadeaux, un pour chaque nuit. <\/p>\n<h2 id=\"why-arent-there-many-classic-hanukkah-songs-like-there-are-christmas-standards\">Pourquoi n&rsquo;y a-t-il pas beaucoup de chansons classiques de Hanoukka comme il y a des standards de No\u00ebl\u00a0?<\/h2>\n<p>Les chants de Hanoukka n&rsquo;ont jamais vraiment pris de l&rsquo;ampleur parce que les auteurs-compositeurs juifs de l&rsquo;\u00e2ge d&rsquo;or \u00e9taient occup\u00e9s \u00e0 \u00e9crire \u00ab Let it Snow \u00bb, \u00ab Chestnuts Roasting on an Open Fire \u00bb, \u00ab Silver Bells \u00bb, \u00ab White Christmas \u00bb, \u00ab Rudolph the Red-Nosed Reindeer \u00bb et presque toutes les autres chansons de No\u00ebl qui ne sont pas un hymne. Mais il y a \u00ab I Have a Little Dreidel \u00bb, une chanson folklorique avec des paroles en anglais attribu\u00e9es \u00e0 Samuel E. Goldfarb, mais qui ne concerne pas explicitement les vacances. Tout cela laisse \u00ab\u00a0Hanukkah Song\u00a0\u00bb d&rsquo;Adam Sandler comme la chanson la plus connue comm\u00e9morant la F\u00eate des Lumi\u00e8res. <\/p>\n<div class=\"mx-auto mt-8 w-full max-w-4xl aspect-video\">\n<div id=\"video-container-01KC8P1J151V032F632RDJ54R8\"><\/div>\n<\/div>\n<p>En parlant de dreidels, cependant&#8230;<\/p>\n<h2 id=\"how-do-you-play-dreidel\">Comment joue-t-on au Dreidel ? <\/h2>\n<p>De nombreux foyers sortent des dreidels (des toupies portant des caract\u00e8res h\u00e9breux) et jouent avec eux pendant quelques minutes apr\u00e8s le d\u00eener. Les Dreidels sont marqu\u00e9s de Nun (\u05e0), Gimel (\u05d2), Hey (\u05d4) et Shin (\u05e9), qui forment un acronyme pour \u00ab\u00a0Nes Gadol Hayah Sham\u00a0\u00bb (Un grand miracle s&rsquo;y est produit). Voici comment le jeu est traditionnellement jou\u00e9 : tout le monde commence avec la m\u00eame quantit\u00e9 de quelque chose de \u00ab pr\u00e9cieux \u00bb, g\u00e9n\u00e9ralement des pi\u00e8ces de chocolat. Au d\u00e9but d&rsquo;un tour, tout le monde se lance, puis ils font tourner le dreidel \u00e0 tour de r\u00f4le, en suivant les instructions du personnage sur lequel il atterrit.<\/p>\n<ul>\n<li>\n<p>\u05e0 (Nonne) signifie \u00ab<em>nuit<\/em>\u00bb ou \u00ab rien \u00bb. Le joueur ne fait rien si Nun arrive. <\/p>\n<\/li>\n<li>\n<p>\u05d4 (Hey) signifie \u00ab<em>moiti\u00e9<\/em>\u00bb ou \u00ab la moiti\u00e9 \u00bb. Le joueur re\u00e7oit la moiti\u00e9 du pot. (S&rsquo;il y a un nombre impair de pi\u00e8ces, le joueur obtient le surplus.)<\/p>\n<\/li>\n<li>\n<p>\u05e9 (Shin) signifie \u00ab<em>refuge<\/em>\u00a0\u00bb ou \u00a0\u00bb mettre dedans \u00ab\u00a0. Le joueur ajoute une pi\u00e8ce de chocolat au pot.<\/p>\n<\/li>\n<li>\n<p>\u05d2 (Gimel) signifie \u00ab Gantz \u00bb ou \u00ab tout \u00bb. Le joueur obtient tout ce qui est dans le pot. Cagnotte!<\/p>\n<\/li>\n<\/ul>\n<p>(Ce n&rsquo;est pas un tr\u00e8s bon jeu : c&rsquo;est de la chance ; aucune comp\u00e9tence.)<\/p>\n<p>Il est largement admis que le dreidel est le jeu de Hanoukka le plus populaire, mais c&rsquo;est un mensonge. Le jeu de Hanoukka le plus populaire (et le meilleur) est \u00ab devinez quelle bougie sera la derni\u00e8re \u00e0 s&rsquo;\u00e9teindre \u00bb, un jeu beaucoup plus nuanc\u00e9 et passionnant jou\u00e9 par tous ceux qui ont d\u00e9j\u00e0 allum\u00e9 une menorah (d\u00e9sol\u00e9, une Hanoukka) avant le d\u00eener. Les bougies plus fonc\u00e9es br\u00fblent-elles plus vite que les plus claires ? Le placement est-il important ? Et la longueur de la m\u00e8che ? Tout cela et bien plus encore doit \u00eatre pris en compte et discut\u00e9 si vous voulez ma\u00eetriser ce jeu passionnant. <\/p>\n<h2 id=\"is-it-cool-to-celebrate-hanukkah-if-youre-not-jewish\">Est-ce cool de c\u00e9l\u00e9brer Hanoukka si vous n&rsquo;\u00eates pas juif ?<\/h2>\n<p>Vous pouvez c\u00e9l\u00e9brer n\u2019importe quelle f\u00eate de votre choix ; c&rsquo;est un pays libre. Hanoukka est g\u00e9n\u00e9ralement consid\u00e9r\u00e9e comme une f\u00eate \u00ab amusante \u00bb, sans la profonde signification religieuse des autres f\u00eates juives. M\u00eame si je ne parle au nom de personne d&rsquo;autre, aucun des Juifs que je connais ne s&rsquo;offusque si des non-Juifs veulent allumer des bougies et regarder <em>8 nuits folles<\/em> pour capturer une partie de cette magie de Hanoukka.<em> <\/em>De toute fa\u00e7on, certaines des traditions de la f\u00eate ont \u00e9t\u00e9 en partie inspir\u00e9es par No\u00ebl, et une grande partie de No\u00ebl a \u00e9t\u00e9 (peut-\u00eatre) appropri\u00e9e aux c\u00e9l\u00e9brations pa\u00efennes du solstice lui-m\u00eame, alors allez-y, ce sont les vacances.<\/p>\n","protected":false},"excerpt":{"rendered":"<p>Hanoukka (ou \u00ab Hanoukka \u00bb, si vous pr\u00e9f\u00e9rez ; c&rsquo;est une translitt\u00e9ration, donc il n&rsquo;y a pas d&rsquo;orthographe \u00ab correcte \u00bb) est une f\u00eate religieuse<\/p>\n","protected":false},"author":1,"featured_media":11808,"comment_status":"","ping_status":"","sticky":false,"template":"","format":"standard","meta":{"footnotes":""},"categories":[12],"tags":[549,90,5558,2430,9531,14,9530,734,4245],"class_list":["post-11807","post","type-post","status-publish","format-standard","has-post-thumbnail","hentry","category-voyage","tag-annee","tag-chaque","tag-deplace","tag-elle","tag-hanoukka","tag-les","tag-origines","tag-pourquoi","tag-surprenantes","generate-columns","tablet-grid-50","mobile-grid-100","grid-parent","grid-33"],"yoast_head":"<!-- This site is optimized with the Yoast SEO plugin v24.0 - https:\/\/yoast.com\/wordpress\/plugins\/seo\/ -->\n<title>Les origines surprenantes de Hanoukka (et pourquoi elle se d\u00e9place chaque ann\u00e9e) | Vie Associative<\/title>\n<meta name=\"robots\" content=\"index, follow, max-snippet:-1, max-image-preview:large, max-video-preview:-1\" \/>\n<link rel=\"canonical\" href=\"https:\/\/vieassociative.be\/actualites\/les-origines-surprenantes-de-hanoukka-et-pourquoi-elle-se-deplace-chaque-annee\/\" \/>\n<meta property=\"og:locale\" content=\"fr_FR\" \/>\n<meta property=\"og:type\" content=\"article\" \/>\n<meta property=\"og:title\" content=\"Les origines surprenantes de Hanoukka (et pourquoi elle se d\u00e9place chaque ann\u00e9e) | Vie Associative\" \/>\n<meta property=\"og:description\" content=\"Hanoukka (ou \u00ab Hanoukka \u00bb, si vous pr\u00e9f\u00e9rez ; c&rsquo;est une translitt\u00e9ration, donc il n&rsquo;y a pas d&rsquo;orthographe \u00ab correcte \u00bb) est une f\u00eate religieuse\" \/>\n<meta property=\"og:url\" content=\"https:\/\/vieassociative.be\/actualites\/les-origines-surprenantes-de-hanoukka-et-pourquoi-elle-se-deplace-chaque-annee\/\" \/>\n<meta property=\"og:site_name\" content=\"Vie Associative\" \/>\n<meta property=\"article:published_time\" content=\"2025-12-12T07:18:14+00:00\" \/>\n<meta property=\"og:image\" content=\"https:\/\/vieassociative.be\/actualites\/wp-content\/uploads\/2024\/09\/header_backgroundk-01-e1726694325946.png\" \/>\n\t<meta property=\"og:image:width\" content=\"279\" \/>\n\t<meta property=\"og:image:height\" content=\"92\" \/>\n\t<meta property=\"og:image:type\" content=\"image\/png\" \/>\n<meta name=\"author\" content=\"Julien\" \/>\n<meta name=\"twitter:card\" content=\"summary_large_image\" \/>\n<meta name=\"twitter:label1\" content=\"\u00c9crit par\" \/>\n\t<meta name=\"twitter:data1\" content=\"Julien\" \/>\n\t<meta name=\"twitter:label2\" content=\"Dur\u00e9e de lecture est.\" \/>\n\t<meta name=\"twitter:data2\" content=\"8 minutes\" \/>\n<script type=\"application\/ld+json\" class=\"yoast-schema-graph\">{\"@context\":\"https:\/\/schema.org\",\"@graph\":[{\"@type\":\"Article\",\"@id\":\"https:\/\/vieassociative.be\/actualites\/les-origines-surprenantes-de-hanoukka-et-pourquoi-elle-se-deplace-chaque-annee\/#article\",\"isPartOf\":{\"@id\":\"https:\/\/vieassociative.be\/actualites\/les-origines-surprenantes-de-hanoukka-et-pourquoi-elle-se-deplace-chaque-annee\/\"},\"author\":{\"name\":\"Julien\",\"@id\":\"https:\/\/vieassociative.be\/actualites\/#\/schema\/person\/b87ac4f82f9d4e7b7cec7395b679edc4\"},\"headline\":\"Les origines surprenantes de Hanoukka (et pourquoi elle se d\u00e9place chaque ann\u00e9e)\",\"datePublished\":\"2025-12-12T07:18:14+00:00\",\"dateModified\":\"2025-12-12T07:18:14+00:00\",\"mainEntityOfPage\":{\"@id\":\"https:\/\/vieassociative.be\/actualites\/les-origines-surprenantes-de-hanoukka-et-pourquoi-elle-se-deplace-chaque-annee\/\"},\"wordCount\":1572,\"publisher\":{\"@id\":\"https:\/\/vieassociative.be\/actualites\/#organization\"},\"image\":{\"@id\":\"https:\/\/vieassociative.be\/actualites\/les-origines-surprenantes-de-hanoukka-et-pourquoi-elle-se-deplace-chaque-annee\/#primaryimage\"},\"thumbnailUrl\":\"https:\/\/vieassociative.be\/actualites\/wp-content\/uploads\/2025\/12\/Les-origines-surprenantes-de-Hanoukka-et-pourquoi-elle-se-deplace.png\",\"keywords\":[\"ann\u00e9e\",\"chaque\",\"d\u00e9place\",\"elle\",\"Hanoukka\",\"Les\",\"origines\",\"Pourquoi\",\"surprenantes\"],\"articleSection\":[\"Voyage\"],\"inLanguage\":\"fr-BE\"},{\"@type\":\"WebPage\",\"@id\":\"https:\/\/vieassociative.be\/actualites\/les-origines-surprenantes-de-hanoukka-et-pourquoi-elle-se-deplace-chaque-annee\/\",\"url\":\"https:\/\/vieassociative.be\/actualites\/les-origines-surprenantes-de-hanoukka-et-pourquoi-elle-se-deplace-chaque-annee\/\",\"name\":\"Les origines surprenantes de Hanoukka (et pourquoi elle se d\u00e9place chaque ann\u00e9e) | Vie Associative\",\"isPartOf\":{\"@id\":\"https:\/\/vieassociative.be\/actualites\/#website\"},\"primaryImageOfPage\":{\"@id\":\"https:\/\/vieassociative.be\/actualites\/les-origines-surprenantes-de-hanoukka-et-pourquoi-elle-se-deplace-chaque-annee\/#primaryimage\"},\"image\":{\"@id\":\"https:\/\/vieassociative.be\/actualites\/les-origines-surprenantes-de-hanoukka-et-pourquoi-elle-se-deplace-chaque-annee\/#primaryimage\"},\"thumbnailUrl\":\"https:\/\/vieassociative.be\/actualites\/wp-content\/uploads\/2025\/12\/Les-origines-surprenantes-de-Hanoukka-et-pourquoi-elle-se-deplace.png\",\"datePublished\":\"2025-12-12T07:18:14+00:00\",\"dateModified\":\"2025-12-12T07:18:14+00:00\",\"breadcrumb\":{\"@id\":\"https:\/\/vieassociative.be\/actualites\/les-origines-surprenantes-de-hanoukka-et-pourquoi-elle-se-deplace-chaque-annee\/#breadcrumb\"},\"inLanguage\":\"fr-BE\",\"potentialAction\":[{\"@type\":\"ReadAction\",\"target\":[\"https:\/\/vieassociative.be\/actualites\/les-origines-surprenantes-de-hanoukka-et-pourquoi-elle-se-deplace-chaque-annee\/\"]}]},{\"@type\":\"ImageObject\",\"inLanguage\":\"fr-BE\",\"@id\":\"https:\/\/vieassociative.be\/actualites\/les-origines-surprenantes-de-hanoukka-et-pourquoi-elle-se-deplace-chaque-annee\/#primaryimage\",\"url\":\"https:\/\/vieassociative.be\/actualites\/wp-content\/uploads\/2025\/12\/Les-origines-surprenantes-de-Hanoukka-et-pourquoi-elle-se-deplace.png\",\"contentUrl\":\"https:\/\/vieassociative.be\/actualites\/wp-content\/uploads\/2025\/12\/Les-origines-surprenantes-de-Hanoukka-et-pourquoi-elle-se-deplace.png\",\"width\":1200,\"height\":675,\"caption\":\"Les origines surprenantes de Hanoukka (et pourquoi elle se d\u00e9place chaque ann\u00e9e)\"},{\"@type\":\"BreadcrumbList\",\"@id\":\"https:\/\/vieassociative.be\/actualites\/les-origines-surprenantes-de-hanoukka-et-pourquoi-elle-se-deplace-chaque-annee\/#breadcrumb\",\"itemListElement\":[{\"@type\":\"ListItem\",\"position\":1,\"name\":\"Accueil\",\"item\":\"https:\/\/vieassociative.be\/actualites\/\"},{\"@type\":\"ListItem\",\"position\":2,\"name\":\"Les origines surprenantes de Hanoukka (et pourquoi elle se d\u00e9place chaque ann\u00e9e)\"}]},{\"@type\":\"WebSite\",\"@id\":\"https:\/\/vieassociative.be\/actualites\/#website\",\"url\":\"https:\/\/vieassociative.be\/actualites\/\",\"name\":\"Vie Associative\",\"description\":\"\",\"publisher\":{\"@id\":\"https:\/\/vieassociative.be\/actualites\/#organization\"},\"potentialAction\":[{\"@type\":\"SearchAction\",\"target\":{\"@type\":\"EntryPoint\",\"urlTemplate\":\"https:\/\/vieassociative.be\/actualites\/?s={search_term_string}\"},\"query-input\":{\"@type\":\"PropertyValueSpecification\",\"valueRequired\":true,\"valueName\":\"search_term_string\"}}],\"inLanguage\":\"fr-BE\"},{\"@type\":\"Organization\",\"@id\":\"https:\/\/vieassociative.be\/actualites\/#organization\",\"name\":\"Vie Associative\",\"url\":\"https:\/\/vieassociative.be\/actualites\/\",\"logo\":{\"@type\":\"ImageObject\",\"inLanguage\":\"fr-BE\",\"@id\":\"https:\/\/vieassociative.be\/actualites\/#\/schema\/logo\/image\/\",\"url\":\"https:\/\/vieassociative.be\/actualites\/wp-content\/uploads\/2024\/09\/cropped-vieassociative_favicon.ico.png\",\"contentUrl\":\"https:\/\/vieassociative.be\/actualites\/wp-content\/uploads\/2024\/09\/cropped-vieassociative_favicon.ico.png\",\"width\":512,\"height\":512,\"caption\":\"Vie Associative\"},\"image\":{\"@id\":\"https:\/\/vieassociative.be\/actualites\/#\/schema\/logo\/image\/\"}},{\"@type\":\"Person\",\"@id\":\"https:\/\/vieassociative.be\/actualites\/#\/schema\/person\/b87ac4f82f9d4e7b7cec7395b679edc4\",\"name\":\"Julien\",\"image\":{\"@type\":\"ImageObject\",\"inLanguage\":\"fr-BE\",\"@id\":\"https:\/\/vieassociative.be\/actualites\/#\/schema\/person\/image\/\",\"url\":\"https:\/\/vieassociative.be\/actualites\/wp-content\/uploads\/2024\/09\/vie-associative-1-150x150.jpg\",\"contentUrl\":\"https:\/\/vieassociative.be\/actualites\/wp-content\/uploads\/2024\/09\/vie-associative-1-150x150.jpg\",\"caption\":\"Julien\"},\"description\":\"Je suis Julien, r\u00e9dacteur pour Vie Associative. Passionn\u00e9 par le monde associatif depuis plus de 10 ans, j'ai \u00e0 c\u0153ur de partager des histoires inspirantes et de mettre en lumi\u00e8re les initiatives locales. Mon objectif est de sensibiliser et d'encourager l'engagement communautaire \u00e0 travers mes articles.\",\"sameAs\":[\"https:\/\/vieassociative.be\/\"]}]}<\/script>\n<!-- \/ Yoast SEO plugin. -->","yoast_head_json":{"title":"Les origines surprenantes de Hanoukka (et pourquoi elle se d\u00e9place chaque ann\u00e9e) | Vie Associative","robots":{"index":"index","follow":"follow","max-snippet":"max-snippet:-1","max-image-preview":"max-image-preview:large","max-video-preview":"max-video-preview:-1"},"canonical":"https:\/\/vieassociative.be\/actualites\/les-origines-surprenantes-de-hanoukka-et-pourquoi-elle-se-deplace-chaque-annee\/","og_locale":"fr_FR","og_type":"article","og_title":"Les origines surprenantes de Hanoukka (et pourquoi elle se d\u00e9place chaque ann\u00e9e) | Vie Associative","og_description":"Hanoukka (ou \u00ab Hanoukka \u00bb, si vous pr\u00e9f\u00e9rez ; c&rsquo;est une translitt\u00e9ration, donc il n&rsquo;y a pas d&rsquo;orthographe \u00ab correcte \u00bb) est une f\u00eate religieuse","og_url":"https:\/\/vieassociative.be\/actualites\/les-origines-surprenantes-de-hanoukka-et-pourquoi-elle-se-deplace-chaque-annee\/","og_site_name":"Vie Associative","article_published_time":"2025-12-12T07:18:14+00:00","og_image":[{"width":279,"height":92,"url":"https:\/\/vieassociative.be\/actualites\/wp-content\/uploads\/2024\/09\/header_backgroundk-01-e1726694325946.png","type":"image\/png"}],"author":"Julien","twitter_card":"summary_large_image","twitter_misc":{"\u00c9crit par":"Julien","Dur\u00e9e de lecture est.":"8 minutes"},"schema":{"@context":"https:\/\/schema.org","@graph":[{"@type":"Article","@id":"https:\/\/vieassociative.be\/actualites\/les-origines-surprenantes-de-hanoukka-et-pourquoi-elle-se-deplace-chaque-annee\/#article","isPartOf":{"@id":"https:\/\/vieassociative.be\/actualites\/les-origines-surprenantes-de-hanoukka-et-pourquoi-elle-se-deplace-chaque-annee\/"},"author":{"name":"Julien","@id":"https:\/\/vieassociative.be\/actualites\/#\/schema\/person\/b87ac4f82f9d4e7b7cec7395b679edc4"},"headline":"Les origines surprenantes de Hanoukka (et pourquoi elle se d\u00e9place chaque ann\u00e9e)","datePublished":"2025-12-12T07:18:14+00:00","dateModified":"2025-12-12T07:18:14+00:00","mainEntityOfPage":{"@id":"https:\/\/vieassociative.be\/actualites\/les-origines-surprenantes-de-hanoukka-et-pourquoi-elle-se-deplace-chaque-annee\/"},"wordCount":1572,"publisher":{"@id":"https:\/\/vieassociative.be\/actualites\/#organization"},"image":{"@id":"https:\/\/vieassociative.be\/actualites\/les-origines-surprenantes-de-hanoukka-et-pourquoi-elle-se-deplace-chaque-annee\/#primaryimage"},"thumbnailUrl":"https:\/\/vieassociative.be\/actualites\/wp-content\/uploads\/2025\/12\/Les-origines-surprenantes-de-Hanoukka-et-pourquoi-elle-se-deplace.png","keywords":["ann\u00e9e","chaque","d\u00e9place","elle","Hanoukka","Les","origines","Pourquoi","surprenantes"],"articleSection":["Voyage"],"inLanguage":"fr-BE"},{"@type":"WebPage","@id":"https:\/\/vieassociative.be\/actualites\/les-origines-surprenantes-de-hanoukka-et-pourquoi-elle-se-deplace-chaque-annee\/","url":"https:\/\/vieassociative.be\/actualites\/les-origines-surprenantes-de-hanoukka-et-pourquoi-elle-se-deplace-chaque-annee\/","name":"Les origines surprenantes de Hanoukka (et pourquoi elle se d\u00e9place chaque ann\u00e9e) | Vie Associative","isPartOf":{"@id":"https:\/\/vieassociative.be\/actualites\/#website"},"primaryImageOfPage":{"@id":"https:\/\/vieassociative.be\/actualites\/les-origines-surprenantes-de-hanoukka-et-pourquoi-elle-se-deplace-chaque-annee\/#primaryimage"},"image":{"@id":"https:\/\/vieassociative.be\/actualites\/les-origines-surprenantes-de-hanoukka-et-pourquoi-elle-se-deplace-chaque-annee\/#primaryimage"},"thumbnailUrl":"https:\/\/vieassociative.be\/actualites\/wp-content\/uploads\/2025\/12\/Les-origines-surprenantes-de-Hanoukka-et-pourquoi-elle-se-deplace.png","datePublished":"2025-12-12T07:18:14+00:00","dateModified":"2025-12-12T07:18:14+00:00","breadcrumb":{"@id":"https:\/\/vieassociative.be\/actualites\/les-origines-surprenantes-de-hanoukka-et-pourquoi-elle-se-deplace-chaque-annee\/#breadcrumb"},"inLanguage":"fr-BE","potentialAction":[{"@type":"ReadAction","target":["https:\/\/vieassociative.be\/actualites\/les-origines-surprenantes-de-hanoukka-et-pourquoi-elle-se-deplace-chaque-annee\/"]}]},{"@type":"ImageObject","inLanguage":"fr-BE","@id":"https:\/\/vieassociative.be\/actualites\/les-origines-surprenantes-de-hanoukka-et-pourquoi-elle-se-deplace-chaque-annee\/#primaryimage","url":"https:\/\/vieassociative.be\/actualites\/wp-content\/uploads\/2025\/12\/Les-origines-surprenantes-de-Hanoukka-et-pourquoi-elle-se-deplace.png","contentUrl":"https:\/\/vieassociative.be\/actualites\/wp-content\/uploads\/2025\/12\/Les-origines-surprenantes-de-Hanoukka-et-pourquoi-elle-se-deplace.png","width":1200,"height":675,"caption":"Les origines surprenantes de Hanoukka (et pourquoi elle se d\u00e9place chaque ann\u00e9e)"},{"@type":"BreadcrumbList","@id":"https:\/\/vieassociative.be\/actualites\/les-origines-surprenantes-de-hanoukka-et-pourquoi-elle-se-deplace-chaque-annee\/#breadcrumb","itemListElement":[{"@type":"ListItem","position":1,"name":"Accueil","item":"https:\/\/vieassociative.be\/actualites\/"},{"@type":"ListItem","position":2,"name":"Les origines surprenantes de Hanoukka (et pourquoi elle se d\u00e9place chaque ann\u00e9e)"}]},{"@type":"WebSite","@id":"https:\/\/vieassociative.be\/actualites\/#website","url":"https:\/\/vieassociative.be\/actualites\/","name":"Vie Associative","description":"","publisher":{"@id":"https:\/\/vieassociative.be\/actualites\/#organization"},"potentialAction":[{"@type":"SearchAction","target":{"@type":"EntryPoint","urlTemplate":"https:\/\/vieassociative.be\/actualites\/?s={search_term_string}"},"query-input":{"@type":"PropertyValueSpecification","valueRequired":true,"valueName":"search_term_string"}}],"inLanguage":"fr-BE"},{"@type":"Organization","@id":"https:\/\/vieassociative.be\/actualites\/#organization","name":"Vie Associative","url":"https:\/\/vieassociative.be\/actualites\/","logo":{"@type":"ImageObject","inLanguage":"fr-BE","@id":"https:\/\/vieassociative.be\/actualites\/#\/schema\/logo\/image\/","url":"https:\/\/vieassociative.be\/actualites\/wp-content\/uploads\/2024\/09\/cropped-vieassociative_favicon.ico.png","contentUrl":"https:\/\/vieassociative.be\/actualites\/wp-content\/uploads\/2024\/09\/cropped-vieassociative_favicon.ico.png","width":512,"height":512,"caption":"Vie Associative"},"image":{"@id":"https:\/\/vieassociative.be\/actualites\/#\/schema\/logo\/image\/"}},{"@type":"Person","@id":"https:\/\/vieassociative.be\/actualites\/#\/schema\/person\/b87ac4f82f9d4e7b7cec7395b679edc4","name":"Julien","image":{"@type":"ImageObject","inLanguage":"fr-BE","@id":"https:\/\/vieassociative.be\/actualites\/#\/schema\/person\/image\/","url":"https:\/\/vieassociative.be\/actualites\/wp-content\/uploads\/2024\/09\/vie-associative-1-150x150.jpg","contentUrl":"https:\/\/vieassociative.be\/actualites\/wp-content\/uploads\/2024\/09\/vie-associative-1-150x150.jpg","caption":"Julien"},"description":"Je suis Julien, r\u00e9dacteur pour Vie Associative. Passionn\u00e9 par le monde associatif depuis plus de 10 ans, j'ai \u00e0 c\u0153ur de partager des histoires inspirantes et de mettre en lumi\u00e8re les initiatives locales. Mon objectif est de sensibiliser et d'encourager l'engagement communautaire \u00e0 travers mes articles.","sameAs":["https:\/\/vieassociative.be\/"]}]}},"_links":{"self":[{"href":"https:\/\/vieassociative.be\/actualites\/wp-json\/wp\/v2\/posts\/11807"}],"collection":[{"href":"https:\/\/vieassociative.be\/actualites\/wp-json\/wp\/v2\/posts"}],"about":[{"href":"https:\/\/vieassociative.be\/actualites\/wp-json\/wp\/v2\/types\/post"}],"author":[{"embeddable":true,"href":"https:\/\/vieassociative.be\/actualites\/wp-json\/wp\/v2\/users\/1"}],"replies":[{"embeddable":true,"href":"https:\/\/vieassociative.be\/actualites\/wp-json\/wp\/v2\/comments?post=11807"}],"version-history":[{"count":0,"href":"https:\/\/vieassociative.be\/actualites\/wp-json\/wp\/v2\/posts\/11807\/revisions"}],"wp:featuredmedia":[{"embeddable":true,"href":"https:\/\/vieassociative.be\/actualites\/wp-json\/wp\/v2\/media\/11808"}],"wp:attachment":[{"href":"https:\/\/vieassociative.be\/actualites\/wp-json\/wp\/v2\/media?parent=11807"}],"wp:term":[{"taxonomy":"category","embeddable":true,"href":"https:\/\/vieassociative.be\/actualites\/wp-json\/wp\/v2\/categories?post=11807"},{"taxonomy":"post_tag","embeddable":true,"href":"https:\/\/vieassociative.be\/actualites\/wp-json\/wp\/v2\/tags?post=11807"}],"curies":[{"name":"wp","href":"https:\/\/api.w.org\/{rel}","templated":true}]}}