{"id":11805,"date":"2025-12-12T03:19:33","date_gmt":"2025-12-12T02:19:33","guid":{"rendered":"https:\/\/vieassociative.be\/actualites\/nouveau-four-a-pizza-haut-de-gamme-au-restaurant-maison-a-eupen\/"},"modified":"2025-12-12T03:19:33","modified_gmt":"2025-12-12T02:19:33","slug":"nouveau-four-a-pizza-haut-de-gamme-au-restaurant-maison-a-eupen","status":"publish","type":"post","link":"https:\/\/vieassociative.be\/actualites\/nouveau-four-a-pizza-haut-de-gamme-au-restaurant-maison-a-eupen\/","title":{"rendered":"Nouveau four \u00e0 pizza haut de gamme au restaurant MAISON \u00e0 Eupen"},"content":{"rendered":"<p><strong>Le restaurant MAISON, situ\u00e9 Aachener Stra\u00dfe 152 \u00e0 Eupen-Kettenis, s&rsquo;appuiera \u00e0 l&rsquo;avenir sur les derni\u00e8res technologies : un nouveau four \u00e0 pizza haut de gamme a emm\u00e9nag\u00e9 &#8211; et suscite d\u00e9j\u00e0 l&rsquo;enthousiasme.<\/strong><\/p>\n<p><span id=\"more-429274\"><\/span>Ce qui rend ce four sp\u00e9cial, c&rsquo;est sa polyvalence exceptionnelle. La chaleur sup\u00e9rieure et inf\u00e9rieure peuvent \u00eatre r\u00e9gl\u00e9es ind\u00e9pendamment, de sorte que la pizza soit cuite directement sur une pierre sp\u00e9ciale \u00e0 cuisson rapide.<\/p>\n<p>Avec une temp\u00e9rature de cuisson d&rsquo;environ 450 degr\u00e9s, le r\u00e9sultat est \u00e9tonnamment proche de celui d&rsquo;un four \u00e0 bois traditionnel. \u00ab Je n&rsquo;aurais pas cru que vous obtiendriez ainsi les m\u00eames ar\u00f4mes typiques de fum\u00e9, mais il n&rsquo;y a aucune diff\u00e9rence \u00bb, explique l&rsquo;exploitant.<\/p>\n<div id=\"attachment_431605\" class=\"wp-caption alignleft\" style=\"max-width: 225px\"><img fetchpriority=\"high\" decoding=\"async\" class=\"wp-image-431605 size-medium\" src=\"https:\/\/vieassociative.be\/actualites\/wp-content\/uploads\/2025\/12\/Nouveau-four-a-pizza-haut-de-gamme-au-restaurant-MAISON.jpeg\" alt=\"\" width=\"225\" height=\"300\"  ><\/div>\n<p>Afin de trouver le four parfait, l&rsquo;\u00e9quipe MAISON s&rsquo;est rendue en Italie pour tester et travailler avec le mod\u00e8le sur place. \u00ab Pour le prix du four, vous obtenez une petite voiture \u00bb, souligne-t-il.<\/p>\n<p>M\u00eame si la technologie est nouvelle, la base \u00e9prouv\u00e9e reste inchang\u00e9e : la recette et les ingr\u00e9dients continuent de r\u00e9pondre aux normes \u00e9lev\u00e9es de MAISON car seuls des produits de premi\u00e8re qualit\u00e9 sont utilis\u00e9s.<\/p>\n<p>La technique de cuisson conf\u00e8re d\u00e9sormais aux pizzas le motif l\u00e9opard caract\u00e9ristique du style napolitain. Parall\u00e8lement, certains aspects de ce style traditionnel ont \u00e9t\u00e9 d\u00e9velopp\u00e9s : alors que les pizzas napolitaines classiques sont souvent tr\u00e8s molles et que les p\u00e2tons p\u00e8sent entre 200 et 280 grammes, la MAISON mise sur des p\u00e2tons de 350 grammes, ce qui donne aux pizzas plus de \u00ab croquant \u00bb et de mordant apr\u00e8s la cuisson.<\/p>\n<p>Avec le nouveau four, le restaurant MAISON allie la tradition italienne \u00e0 la perfection moderne &#8211; et \u00e9l\u00e8ve la qualit\u00e9 des pizzas \u00e0 un nouveau niveau.<\/p>\n<p>L&rsquo;\u00e9quipe de MAISON n&rsquo;a m\u00e9nag\u00e9 aucune d\u00e9pense ni effort pour offrir \u00e0 ses clients des pizzas de premi\u00e8re qualit\u00e9.<\/p>\n<p><em>Les types de pizza disponibles au restaurant MAISON sont : Pizza Margherita<\/em><\/p>\n<p><em>Pizza Salami, Pizza Tonno, Pizza Funghi<\/em><\/p>\n<h3 style=\"text-align: center;\"><em><strong>Pizza Hawaii, Pizza aux crevettes \u00e0 l&rsquo;eau de mer, Pizza Gyros (remplie de gyros, spaghetti et sauce \u00e0 la cr\u00e8me), Pizza Jambon, Pizza Vegetaria<\/strong><\/em><br \/>\n<em><strong>et Pizza Beef (avec lani\u00e8res de rumsteck, roquette, tomates cocktail fra\u00eeches et parmesan).<\/strong><\/em><br \/>\n<em><strong><\/strong><\/em><\/h3>\n<p>V\u00e9g\u00e9tarienRestaurant MAISONAachener Str. 152, 4700 EupenT\u00e9l. +32(0)87\/33.02.20<\/p>\n","protected":false},"excerpt":{"rendered":"<p>Le restaurant MAISON, situ\u00e9 Aachener Stra\u00dfe 152 \u00e0 Eupen-Kettenis, s&rsquo;appuiera \u00e0 l&rsquo;avenir sur les derni\u00e8res technologies : un nouveau four \u00e0 pizza haut de gamme<\/p>\n","protected":false},"author":1,"featured_media":11806,"comment_status":"","ping_status":"","sticky":false,"template":"","format":"standard","meta":{"footnotes":""},"categories":[298],"tags":[2329,1490,3539,560,553,1366,3620],"class_list":["post-11805","post","type-post","status-publish","format-standard","has-post-thumbnail","hentry","category-belgique","tag-eupen","tag-gamme","tag-haut","tag-maison","tag-nouveau","tag-pizza","tag-restaurant","generate-columns","tablet-grid-50","mobile-grid-100","grid-parent","grid-33"],"yoast_head":"<!-- This site is optimized with the Yoast SEO plugin v24.0 - https:\/\/yoast.com\/wordpress\/plugins\/seo\/ -->\n<title>Nouveau four \u00e0 pizza haut de gamme au restaurant MAISON \u00e0 Eupen | Vie Associative<\/title>\n<meta name=\"robots\" content=\"index, follow, max-snippet:-1, max-image-preview:large, max-video-preview:-1\" \/>\n<link rel=\"canonical\" href=\"https:\/\/vieassociative.be\/actualites\/nouveau-four-a-pizza-haut-de-gamme-au-restaurant-maison-a-eupen\/\" \/>\n<meta property=\"og:locale\" content=\"fr_FR\" \/>\n<meta property=\"og:type\" content=\"article\" \/>\n<meta property=\"og:title\" content=\"Nouveau four \u00e0 pizza haut de gamme au restaurant MAISON \u00e0 Eupen | Vie Associative\" \/>\n<meta property=\"og:description\" content=\"Le restaurant MAISON, situ\u00e9 Aachener Stra\u00dfe 152 \u00e0 Eupen-Kettenis, s&rsquo;appuiera \u00e0 l&rsquo;avenir sur les derni\u00e8res technologies : un nouveau four \u00e0 pizza haut de gamme\" \/>\n<meta property=\"og:url\" content=\"https:\/\/vieassociative.be\/actualites\/nouveau-four-a-pizza-haut-de-gamme-au-restaurant-maison-a-eupen\/\" \/>\n<meta property=\"og:site_name\" content=\"Vie Associative\" \/>\n<meta property=\"article:published_time\" content=\"2025-12-12T02:19:33+00:00\" \/>\n<meta property=\"og:image\" content=\"https:\/\/vieassociative.be\/actualites\/wp-content\/uploads\/2024\/09\/header_backgroundk-01-e1726694325946.png\" \/>\n\t<meta property=\"og:image:width\" content=\"279\" \/>\n\t<meta property=\"og:image:height\" content=\"92\" \/>\n\t<meta property=\"og:image:type\" content=\"image\/png\" \/>\n<meta name=\"author\" content=\"Julien\" \/>\n<meta name=\"twitter:card\" content=\"summary_large_image\" \/>\n<meta name=\"twitter:label1\" content=\"\u00c9crit par\" \/>\n\t<meta name=\"twitter:data1\" content=\"Julien\" \/>\n\t<meta name=\"twitter:label2\" content=\"Dur\u00e9e de lecture est.\" \/>\n\t<meta name=\"twitter:data2\" content=\"2 minutes\" \/>\n<script type=\"application\/ld+json\" class=\"yoast-schema-graph\">{\"@context\":\"https:\/\/schema.org\",\"@graph\":[{\"@type\":\"Article\",\"@id\":\"https:\/\/vieassociative.be\/actualites\/nouveau-four-a-pizza-haut-de-gamme-au-restaurant-maison-a-eupen\/#article\",\"isPartOf\":{\"@id\":\"https:\/\/vieassociative.be\/actualites\/nouveau-four-a-pizza-haut-de-gamme-au-restaurant-maison-a-eupen\/\"},\"author\":{\"name\":\"Julien\",\"@id\":\"https:\/\/vieassociative.be\/actualites\/#\/schema\/person\/b87ac4f82f9d4e7b7cec7395b679edc4\"},\"headline\":\"Nouveau four \u00e0 pizza haut de gamme au restaurant MAISON \u00e0 Eupen\",\"datePublished\":\"2025-12-12T02:19:33+00:00\",\"dateModified\":\"2025-12-12T02:19:33+00:00\",\"mainEntityOfPage\":{\"@id\":\"https:\/\/vieassociative.be\/actualites\/nouveau-four-a-pizza-haut-de-gamme-au-restaurant-maison-a-eupen\/\"},\"wordCount\":400,\"publisher\":{\"@id\":\"https:\/\/vieassociative.be\/actualites\/#organization\"},\"image\":{\"@id\":\"https:\/\/vieassociative.be\/actualites\/nouveau-four-a-pizza-haut-de-gamme-au-restaurant-maison-a-eupen\/#primaryimage\"},\"thumbnailUrl\":\"https:\/\/vieassociative.be\/actualites\/wp-content\/uploads\/2025\/12\/1765505974_Nouveau-four-a-pizza-haut-de-gamme-au-restaurant-MAISON.jpeg\",\"keywords\":[\"Eupen\",\"gamme\",\"haut\",\"maison\",\"nouveau\",\"Pizza\",\"restaurant\"],\"articleSection\":[\"Belgique\"],\"inLanguage\":\"fr-BE\"},{\"@type\":\"WebPage\",\"@id\":\"https:\/\/vieassociative.be\/actualites\/nouveau-four-a-pizza-haut-de-gamme-au-restaurant-maison-a-eupen\/\",\"url\":\"https:\/\/vieassociative.be\/actualites\/nouveau-four-a-pizza-haut-de-gamme-au-restaurant-maison-a-eupen\/\",\"name\":\"Nouveau four \u00e0 pizza haut de gamme au restaurant MAISON \u00e0 Eupen | Vie Associative\",\"isPartOf\":{\"@id\":\"https:\/\/vieassociative.be\/actualites\/#website\"},\"primaryImageOfPage\":{\"@id\":\"https:\/\/vieassociative.be\/actualites\/nouveau-four-a-pizza-haut-de-gamme-au-restaurant-maison-a-eupen\/#primaryimage\"},\"image\":{\"@id\":\"https:\/\/vieassociative.be\/actualites\/nouveau-four-a-pizza-haut-de-gamme-au-restaurant-maison-a-eupen\/#primaryimage\"},\"thumbnailUrl\":\"https:\/\/vieassociative.be\/actualites\/wp-content\/uploads\/2025\/12\/1765505974_Nouveau-four-a-pizza-haut-de-gamme-au-restaurant-MAISON.jpeg\",\"datePublished\":\"2025-12-12T02:19:33+00:00\",\"dateModified\":\"2025-12-12T02:19:33+00:00\",\"breadcrumb\":{\"@id\":\"https:\/\/vieassociative.be\/actualites\/nouveau-four-a-pizza-haut-de-gamme-au-restaurant-maison-a-eupen\/#breadcrumb\"},\"inLanguage\":\"fr-BE\",\"potentialAction\":[{\"@type\":\"ReadAction\",\"target\":[\"https:\/\/vieassociative.be\/actualites\/nouveau-four-a-pizza-haut-de-gamme-au-restaurant-maison-a-eupen\/\"]}]},{\"@type\":\"ImageObject\",\"inLanguage\":\"fr-BE\",\"@id\":\"https:\/\/vieassociative.be\/actualites\/nouveau-four-a-pizza-haut-de-gamme-au-restaurant-maison-a-eupen\/#primaryimage\",\"url\":\"https:\/\/vieassociative.be\/actualites\/wp-content\/uploads\/2025\/12\/1765505974_Nouveau-four-a-pizza-haut-de-gamme-au-restaurant-MAISON.jpeg\",\"contentUrl\":\"https:\/\/vieassociative.be\/actualites\/wp-content\/uploads\/2025\/12\/1765505974_Nouveau-four-a-pizza-haut-de-gamme-au-restaurant-MAISON.jpeg\",\"width\":1200,\"height\":900,\"caption\":\"Nouveau four \u00e0 pizza haut de gamme au restaurant MAISON \u00e0 Eupen\"},{\"@type\":\"BreadcrumbList\",\"@id\":\"https:\/\/vieassociative.be\/actualites\/nouveau-four-a-pizza-haut-de-gamme-au-restaurant-maison-a-eupen\/#breadcrumb\",\"itemListElement\":[{\"@type\":\"ListItem\",\"position\":1,\"name\":\"Accueil\",\"item\":\"https:\/\/vieassociative.be\/actualites\/\"},{\"@type\":\"ListItem\",\"position\":2,\"name\":\"Nouveau four \u00e0 pizza haut de gamme au restaurant MAISON \u00e0 Eupen\"}]},{\"@type\":\"WebSite\",\"@id\":\"https:\/\/vieassociative.be\/actualites\/#website\",\"url\":\"https:\/\/vieassociative.be\/actualites\/\",\"name\":\"Vie Associative\",\"description\":\"\",\"publisher\":{\"@id\":\"https:\/\/vieassociative.be\/actualites\/#organization\"},\"potentialAction\":[{\"@type\":\"SearchAction\",\"target\":{\"@type\":\"EntryPoint\",\"urlTemplate\":\"https:\/\/vieassociative.be\/actualites\/?s={search_term_string}\"},\"query-input\":{\"@type\":\"PropertyValueSpecification\",\"valueRequired\":true,\"valueName\":\"search_term_string\"}}],\"inLanguage\":\"fr-BE\"},{\"@type\":\"Organization\",\"@id\":\"https:\/\/vieassociative.be\/actualites\/#organization\",\"name\":\"Vie Associative\",\"url\":\"https:\/\/vieassociative.be\/actualites\/\",\"logo\":{\"@type\":\"ImageObject\",\"inLanguage\":\"fr-BE\",\"@id\":\"https:\/\/vieassociative.be\/actualites\/#\/schema\/logo\/image\/\",\"url\":\"https:\/\/vieassociative.be\/actualites\/wp-content\/uploads\/2024\/09\/cropped-vieassociative_favicon.ico.png\",\"contentUrl\":\"https:\/\/vieassociative.be\/actualites\/wp-content\/uploads\/2024\/09\/cropped-vieassociative_favicon.ico.png\",\"width\":512,\"height\":512,\"caption\":\"Vie Associative\"},\"image\":{\"@id\":\"https:\/\/vieassociative.be\/actualites\/#\/schema\/logo\/image\/\"}},{\"@type\":\"Person\",\"@id\":\"https:\/\/vieassociative.be\/actualites\/#\/schema\/person\/b87ac4f82f9d4e7b7cec7395b679edc4\",\"name\":\"Julien\",\"image\":{\"@type\":\"ImageObject\",\"inLanguage\":\"fr-BE\",\"@id\":\"https:\/\/vieassociative.be\/actualites\/#\/schema\/person\/image\/\",\"url\":\"https:\/\/vieassociative.be\/actualites\/wp-content\/uploads\/2024\/09\/vie-associative-1-150x150.jpg\",\"contentUrl\":\"https:\/\/vieassociative.be\/actualites\/wp-content\/uploads\/2024\/09\/vie-associative-1-150x150.jpg\",\"caption\":\"Julien\"},\"description\":\"Je suis Julien, r\u00e9dacteur pour Vie Associative. Passionn\u00e9 par le monde associatif depuis plus de 10 ans, j'ai \u00e0 c\u0153ur de partager des histoires inspirantes et de mettre en lumi\u00e8re les initiatives locales. Mon objectif est de sensibiliser et d'encourager l'engagement communautaire \u00e0 travers mes articles.\",\"sameAs\":[\"https:\/\/vieassociative.be\/\"]}]}<\/script>\n<!-- \/ Yoast SEO plugin. -->","yoast_head_json":{"title":"Nouveau four \u00e0 pizza haut de gamme au restaurant MAISON \u00e0 Eupen | Vie Associative","robots":{"index":"index","follow":"follow","max-snippet":"max-snippet:-1","max-image-preview":"max-image-preview:large","max-video-preview":"max-video-preview:-1"},"canonical":"https:\/\/vieassociative.be\/actualites\/nouveau-four-a-pizza-haut-de-gamme-au-restaurant-maison-a-eupen\/","og_locale":"fr_FR","og_type":"article","og_title":"Nouveau four \u00e0 pizza haut de gamme au restaurant MAISON \u00e0 Eupen | Vie Associative","og_description":"Le restaurant MAISON, situ\u00e9 Aachener Stra\u00dfe 152 \u00e0 Eupen-Kettenis, s&rsquo;appuiera \u00e0 l&rsquo;avenir sur les derni\u00e8res technologies : un nouveau four \u00e0 pizza haut de gamme","og_url":"https:\/\/vieassociative.be\/actualites\/nouveau-four-a-pizza-haut-de-gamme-au-restaurant-maison-a-eupen\/","og_site_name":"Vie Associative","article_published_time":"2025-12-12T02:19:33+00:00","og_image":[{"width":279,"height":92,"url":"https:\/\/vieassociative.be\/actualites\/wp-content\/uploads\/2024\/09\/header_backgroundk-01-e1726694325946.png","type":"image\/png"}],"author":"Julien","twitter_card":"summary_large_image","twitter_misc":{"\u00c9crit par":"Julien","Dur\u00e9e de lecture est.":"2 minutes"},"schema":{"@context":"https:\/\/schema.org","@graph":[{"@type":"Article","@id":"https:\/\/vieassociative.be\/actualites\/nouveau-four-a-pizza-haut-de-gamme-au-restaurant-maison-a-eupen\/#article","isPartOf":{"@id":"https:\/\/vieassociative.be\/actualites\/nouveau-four-a-pizza-haut-de-gamme-au-restaurant-maison-a-eupen\/"},"author":{"name":"Julien","@id":"https:\/\/vieassociative.be\/actualites\/#\/schema\/person\/b87ac4f82f9d4e7b7cec7395b679edc4"},"headline":"Nouveau four \u00e0 pizza haut de gamme au restaurant MAISON \u00e0 Eupen","datePublished":"2025-12-12T02:19:33+00:00","dateModified":"2025-12-12T02:19:33+00:00","mainEntityOfPage":{"@id":"https:\/\/vieassociative.be\/actualites\/nouveau-four-a-pizza-haut-de-gamme-au-restaurant-maison-a-eupen\/"},"wordCount":400,"publisher":{"@id":"https:\/\/vieassociative.be\/actualites\/#organization"},"image":{"@id":"https:\/\/vieassociative.be\/actualites\/nouveau-four-a-pizza-haut-de-gamme-au-restaurant-maison-a-eupen\/#primaryimage"},"thumbnailUrl":"https:\/\/vieassociative.be\/actualites\/wp-content\/uploads\/2025\/12\/1765505974_Nouveau-four-a-pizza-haut-de-gamme-au-restaurant-MAISON.jpeg","keywords":["Eupen","gamme","haut","maison","nouveau","Pizza","restaurant"],"articleSection":["Belgique"],"inLanguage":"fr-BE"},{"@type":"WebPage","@id":"https:\/\/vieassociative.be\/actualites\/nouveau-four-a-pizza-haut-de-gamme-au-restaurant-maison-a-eupen\/","url":"https:\/\/vieassociative.be\/actualites\/nouveau-four-a-pizza-haut-de-gamme-au-restaurant-maison-a-eupen\/","name":"Nouveau four \u00e0 pizza haut de gamme au restaurant MAISON \u00e0 Eupen | Vie Associative","isPartOf":{"@id":"https:\/\/vieassociative.be\/actualites\/#website"},"primaryImageOfPage":{"@id":"https:\/\/vieassociative.be\/actualites\/nouveau-four-a-pizza-haut-de-gamme-au-restaurant-maison-a-eupen\/#primaryimage"},"image":{"@id":"https:\/\/vieassociative.be\/actualites\/nouveau-four-a-pizza-haut-de-gamme-au-restaurant-maison-a-eupen\/#primaryimage"},"thumbnailUrl":"https:\/\/vieassociative.be\/actualites\/wp-content\/uploads\/2025\/12\/1765505974_Nouveau-four-a-pizza-haut-de-gamme-au-restaurant-MAISON.jpeg","datePublished":"2025-12-12T02:19:33+00:00","dateModified":"2025-12-12T02:19:33+00:00","breadcrumb":{"@id":"https:\/\/vieassociative.be\/actualites\/nouveau-four-a-pizza-haut-de-gamme-au-restaurant-maison-a-eupen\/#breadcrumb"},"inLanguage":"fr-BE","potentialAction":[{"@type":"ReadAction","target":["https:\/\/vieassociative.be\/actualites\/nouveau-four-a-pizza-haut-de-gamme-au-restaurant-maison-a-eupen\/"]}]},{"@type":"ImageObject","inLanguage":"fr-BE","@id":"https:\/\/vieassociative.be\/actualites\/nouveau-four-a-pizza-haut-de-gamme-au-restaurant-maison-a-eupen\/#primaryimage","url":"https:\/\/vieassociative.be\/actualites\/wp-content\/uploads\/2025\/12\/1765505974_Nouveau-four-a-pizza-haut-de-gamme-au-restaurant-MAISON.jpeg","contentUrl":"https:\/\/vieassociative.be\/actualites\/wp-content\/uploads\/2025\/12\/1765505974_Nouveau-four-a-pizza-haut-de-gamme-au-restaurant-MAISON.jpeg","width":1200,"height":900,"caption":"Nouveau four \u00e0 pizza haut de gamme au restaurant MAISON \u00e0 Eupen"},{"@type":"BreadcrumbList","@id":"https:\/\/vieassociative.be\/actualites\/nouveau-four-a-pizza-haut-de-gamme-au-restaurant-maison-a-eupen\/#breadcrumb","itemListElement":[{"@type":"ListItem","position":1,"name":"Accueil","item":"https:\/\/vieassociative.be\/actualites\/"},{"@type":"ListItem","position":2,"name":"Nouveau four \u00e0 pizza haut de gamme au restaurant MAISON \u00e0 Eupen"}]},{"@type":"WebSite","@id":"https:\/\/vieassociative.be\/actualites\/#website","url":"https:\/\/vieassociative.be\/actualites\/","name":"Vie Associative","description":"","publisher":{"@id":"https:\/\/vieassociative.be\/actualites\/#organization"},"potentialAction":[{"@type":"SearchAction","target":{"@type":"EntryPoint","urlTemplate":"https:\/\/vieassociative.be\/actualites\/?s={search_term_string}"},"query-input":{"@type":"PropertyValueSpecification","valueRequired":true,"valueName":"search_term_string"}}],"inLanguage":"fr-BE"},{"@type":"Organization","@id":"https:\/\/vieassociative.be\/actualites\/#organization","name":"Vie Associative","url":"https:\/\/vieassociative.be\/actualites\/","logo":{"@type":"ImageObject","inLanguage":"fr-BE","@id":"https:\/\/vieassociative.be\/actualites\/#\/schema\/logo\/image\/","url":"https:\/\/vieassociative.be\/actualites\/wp-content\/uploads\/2024\/09\/cropped-vieassociative_favicon.ico.png","contentUrl":"https:\/\/vieassociative.be\/actualites\/wp-content\/uploads\/2024\/09\/cropped-vieassociative_favicon.ico.png","width":512,"height":512,"caption":"Vie Associative"},"image":{"@id":"https:\/\/vieassociative.be\/actualites\/#\/schema\/logo\/image\/"}},{"@type":"Person","@id":"https:\/\/vieassociative.be\/actualites\/#\/schema\/person\/b87ac4f82f9d4e7b7cec7395b679edc4","name":"Julien","image":{"@type":"ImageObject","inLanguage":"fr-BE","@id":"https:\/\/vieassociative.be\/actualites\/#\/schema\/person\/image\/","url":"https:\/\/vieassociative.be\/actualites\/wp-content\/uploads\/2024\/09\/vie-associative-1-150x150.jpg","contentUrl":"https:\/\/vieassociative.be\/actualites\/wp-content\/uploads\/2024\/09\/vie-associative-1-150x150.jpg","caption":"Julien"},"description":"Je suis Julien, r\u00e9dacteur pour Vie Associative. Passionn\u00e9 par le monde associatif depuis plus de 10 ans, j'ai \u00e0 c\u0153ur de partager des histoires inspirantes et de mettre en lumi\u00e8re les initiatives locales. Mon objectif est de sensibiliser et d'encourager l'engagement communautaire \u00e0 travers mes articles.","sameAs":["https:\/\/vieassociative.be\/"]}]}},"_links":{"self":[{"href":"https:\/\/vieassociative.be\/actualites\/wp-json\/wp\/v2\/posts\/11805"}],"collection":[{"href":"https:\/\/vieassociative.be\/actualites\/wp-json\/wp\/v2\/posts"}],"about":[{"href":"https:\/\/vieassociative.be\/actualites\/wp-json\/wp\/v2\/types\/post"}],"author":[{"embeddable":true,"href":"https:\/\/vieassociative.be\/actualites\/wp-json\/wp\/v2\/users\/1"}],"replies":[{"embeddable":true,"href":"https:\/\/vieassociative.be\/actualites\/wp-json\/wp\/v2\/comments?post=11805"}],"version-history":[{"count":0,"href":"https:\/\/vieassociative.be\/actualites\/wp-json\/wp\/v2\/posts\/11805\/revisions"}],"wp:featuredmedia":[{"embeddable":true,"href":"https:\/\/vieassociative.be\/actualites\/wp-json\/wp\/v2\/media\/11806"}],"wp:attachment":[{"href":"https:\/\/vieassociative.be\/actualites\/wp-json\/wp\/v2\/media?parent=11805"}],"wp:term":[{"taxonomy":"category","embeddable":true,"href":"https:\/\/vieassociative.be\/actualites\/wp-json\/wp\/v2\/categories?post=11805"},{"taxonomy":"post_tag","embeddable":true,"href":"https:\/\/vieassociative.be\/actualites\/wp-json\/wp\/v2\/tags?post=11805"}],"curies":[{"name":"wp","href":"https:\/\/api.w.org\/{rel}","templated":true}]}}