{"id":11801,"date":"2025-12-11T21:17:46","date_gmt":"2025-12-11T20:17:46","guid":{"rendered":"https:\/\/vieassociative.be\/actualites\/rutte-patron-de-lotan-nous-sommes-la-prochaine-cible-de-la-russie\/"},"modified":"2025-12-11T21:17:46","modified_gmt":"2025-12-11T20:17:46","slug":"rutte-patron-de-lotan-nous-sommes-la-prochaine-cible-de-la-russie","status":"publish","type":"post","link":"https:\/\/vieassociative.be\/actualites\/rutte-patron-de-lotan-nous-sommes-la-prochaine-cible-de-la-russie\/","title":{"rendered":"Rutte, patron de l\u2019OTAN : \u00ab Nous sommes la prochaine cible de la Russie \u00bb"},"content":{"rendered":"<p><strong>Apr\u00e8s la publication de la nouvelle strat\u00e9gie de s\u00e9curit\u00e9 am\u00e9ricaine, le chancelier allemand Friedrich Merz a promis une \u00ab priorit\u00e9 absolue \u00bb au renforcement du pilier europ\u00e9en de l\u2019OTAN.<\/strong><\/p>\n<p><span id=\"more-431627\"><\/span>\u00ab\u00a0Il est plus important que jamais de maintenir cette Europe unie, m\u00eame sous pression, et de ne laisser rien ni personne la diviser. Nous avons besoin d&rsquo;une Europe unie et forte comme jamais auparavant\u00a0\u00bb, a d\u00e9clar\u00e9 Merz lors d&rsquo;une r\u00e9union avec le secr\u00e9taire g\u00e9n\u00e9ral de l&rsquo;OTAN, Mark Rutte, \u00e0 Berlin.<\/p>\n<p>Dans un discours prononc\u00e9 dans la capitale allemande, le N\u00e9erlandais a mis en garde avec une clart\u00e9 inhabituelle contre la menace russe. Le pr\u00e9sident russe Vladimir Poutine ne veut pas s\u2019arr\u00eater \u00e0 la guerre contre l\u2019Ukraine. \u00ab Nous sommes la prochaine cible de la Russie \u00bb, a d\u00e9clar\u00e9 Rutte.<\/p>\n<div id=\"attachment_431633\" class=\"wp-caption alignleft\" style=\"max-width: 300px\"><img fetchpriority=\"high\" decoding=\"async\" class=\"wp-image-431633 size-medium\" src=\"https:\/\/vieassociative.be\/actualites\/wp-content\/uploads\/2025\/12\/Rutte-patron-de-lOTAN-Nous-sommes-la-prochaine.jpg\" alt=\"\" width=\"300\" height=\"200\"><\/div>\n<p>Pour l\u2019OTAN, il s\u2019agit d\u00e9sormais d\u2019arr\u00eater une guerre avant qu\u2019elle ne commence. Plus pr\u00e9cis\u00e9ment, le N\u00e9erlandais a une fois de plus appel\u00e9 \u00e0 un engagement accru en faveur d\u2019une augmentation des d\u00e9penses de d\u00e9fense et du soutien \u00e0 l\u2019Ukraine.<\/p>\n<p>Ces d\u00e9clarations interviennent \u00e0 un moment d\u2019incertitude croissante quant \u00e0 la stabilit\u00e9 des relations transatlantiques \u00e0 l\u2019avenir sous la pr\u00e9sidence am\u00e9ricaine de Donald Trump. Dans une strat\u00e9gie de s\u00e9curit\u00e9 publi\u00e9e la semaine derni\u00e8re, le gouvernement am\u00e9ricain s&rsquo;est plaint d&rsquo;une pr\u00e9tendue perte de d\u00e9mocratie et de libert\u00e9 d&rsquo;expression en Europe. Le continent est confront\u00e9 \u00e0 des probl\u00e8mes majeurs, indique le document.<\/p>\n<p>Selon le gouvernement am\u00e9ricain, ces mesures incluent, entre autres, \u00ab la censure de la libert\u00e9 d\u2019expression et la r\u00e9pression de l\u2019opposition politique, la chute des taux de natalit\u00e9 et la perte des identit\u00e9s nationales et de la confiance en soi \u00bb. Des informations non confirm\u00e9es ont \u00e9galement fait sensation selon lesquelles le gouvernement am\u00e9ricain pourrait vouloir s\u00e9parer certains \u00c9tats de l&rsquo;UE de l&rsquo;union.<\/p>\n<\/p>\n<div id=\"attachment_406597\" class=\"wp-caption alignleft\" style=\"max-width: 300px\"><img decoding=\"async\" class=\"wp-image-406597 size-medium\" src=\"https:\/\/vieassociative.be\/actualites\/wp-content\/uploads\/2025\/01\/Les-services-secrets-mettent-en-garde-contre-une-possible-attaque.jpg\" alt=\"\" width=\"300\" height=\"225\"><\/div>\n<p>Merz a d\u00e9clar\u00e9 qu\u2019il souhaitait affirmer de toutes ses forces une Europe unie et forte. \u00ab\u00a0Cela signifie que l\u00e0 o\u00f9 nous pouvons travailler avec les \u00c9tats-Unis dans notre propre int\u00e9r\u00eat au-del\u00e0 de la rh\u00e9torique, nous continuerons bien entendu \u00e0 le faire\u00a0\u00bb, a d\u00e9clar\u00e9 le d\u00e9mocrate-chr\u00e9tien. Cela s&rsquo;applique en particulier aux travaux intensifs sur une \u00e9ventuelle paix en Ukraine et sur l&rsquo;avenir de l&rsquo;OTAN.<\/p>\n<p>\u00ab\u00a0Nous le ferons en tant qu&rsquo;Europe unie et forte. Il est plus important que jamais de maintenir cette Europe unie m\u00eame sous pression et de ne laisser rien ni personne la diviser. Nous avons besoin d&rsquo;une Europe unie et forte comme jamais auparavant\u00a0\u00bb, a d\u00e9clar\u00e9 Merz.<\/p>\n<p>Le dirigeant allemand a \u00e9galement d\u00e9clar\u00e9 : \u00ab La nouvelle strat\u00e9gie de s\u00e9curit\u00e9 nationale des \u00c9tats-Unis que nous avons vue la semaine derni\u00e8re nous confirme que nous sommes sur la bonne voie. \u00bb<\/p>\n<p>Merz esp\u00e8re toutefois que les \u00c9tats-Unis commenceront \u00e0 stationner des armes \u00e0 longue port\u00e9e en Allemagne l\u2019ann\u00e9e prochaine, comme pr\u00e9vu. \u00ab\u00a0Je n&rsquo;ai aucune raison pour le moment de douter des accords que nous avons conclus avec les \u00c9tats-Unis d&rsquo;Am\u00e9rique au sein de l&rsquo;alliance de l&rsquo;OTAN\u00a0\u00bb, a-t-il d\u00e9clar\u00e9. \u00ab Il n\u2019y a aucune annonce ni aucune mesure visant \u00e0 d\u00e9manteler la promesse de s\u00e9curit\u00e9 mutuelle que nous nous sommes faite. \u00bb<\/p>\n<div id=\"attachment_411451\" class=\"wp-caption alignleft\" style=\"max-width: 300px\"><img decoding=\"async\" class=\"wp-image-411451 size-medium\" src=\"https:\/\/vieassociative.be\/actualites\/wp-content\/uploads\/2025\/12\/1765484266_991_Rutte-patron-de-lOTAN-Nous-sommes-la-prochaine.jpg\" alt=\"\" width=\"300\" height=\"200\"><\/div>\n<p>Merz a r\u00e9pondu par ces phrases \u00e0 la question de savoir si, compte tenu de la publication de la nouvelle strat\u00e9gie de s\u00e9curit\u00e9 am\u00e9ricaine, il craignait que le gouvernement am\u00e9ricain puisse retirer son engagement de stationner \u00e0 nouveau des missiles de croisi\u00e8re Tomahawk en Allemagne. Il s\u2019agit d\u2019un accord conclu avec le gouvernement du pr\u00e9sident am\u00e9ricain de l\u2019\u00e9poque, Joe Biden, en juillet 2024.<\/p>\n<p><strong>\u2013 \u00ab Les USA restent fid\u00e8les \u00e0 leur engagement \u00bb :<\/strong> Il pr\u00e9voit qu\u2019\u00e0 partir de 2026, les \u00c9tats-Unis stationneront \u00e0 nouveau en Allemagne des armes \u00e0 moyenne port\u00e9e avec des ogives conventionnelles pouvant atteindre la Russie. Il s&rsquo;agira notamment de missiles de croisi\u00e8re Tomahawk d&rsquo;une port\u00e9e allant jusqu&rsquo;\u00e0 2 500 kilom\u00e8tres, de missiles SM-6 et d&rsquo;armes hypersoniques nouvellement d\u00e9velopp\u00e9es.<\/p>\n<p>Le gouvernement du pr\u00e9sident am\u00e9ricain Donald Trump n\u2019a pas encore clairement d\u00e9clar\u00e9 publiquement s\u2019il souhaitait mettre en \u0153uvre les accords comme pr\u00e9vu. Dans une strat\u00e9gie de s\u00e9curit\u00e9 publi\u00e9e la semaine derni\u00e8re, l\u2019objectif des \u00c9tats-Unis est que les Europ\u00e9ens assument \u00e0 l\u2019avenir la responsabilit\u00e9 premi\u00e8re de leur d\u00e9fense.<\/p>\n<p>Merz a d\u00e9clar\u00e9 \u00e0 ce sujet : \u00ab Nous savons que nous devons faire beaucoup plus pour notre s\u00e9curit\u00e9 en Europe que par le pass\u00e9. \u00bb Le gouvernement am\u00e9ricain le souligne \u00e0 juste titre. Rutte a d\u00e9clar\u00e9 \u00e0 propos de la nouvelle strat\u00e9gie de s\u00e9curit\u00e9 qu&rsquo;il est clair que les \u00c9tats-Unis continuent de se sentir engag\u00e9s envers l&rsquo;Europe et sa s\u00e9curit\u00e9. \u00ab Les \u00c9tats-Unis restent fid\u00e8les \u00e0 leur engagement envers l&rsquo;OTAN \u00bb, a-t-il d\u00e9clar\u00e9. (dpa)<\/p>\n","protected":false},"excerpt":{"rendered":"<p>Apr\u00e8s la publication de la nouvelle strat\u00e9gie de s\u00e9curit\u00e9 am\u00e9ricaine, le chancelier allemand Friedrich Merz a promis une \u00ab priorit\u00e9 absolue \u00bb au renforcement du<\/p>\n","protected":false},"author":1,"featured_media":11802,"comment_status":"","ping_status":"","sticky":false,"template":"","format":"standard","meta":{"footnotes":""},"categories":[298],"tags":[3673,4225,393,3953,773,2636,9527,5081],"class_list":["post-11801","post","type-post","status-publish","format-standard","has-post-thumbnail","hentry","category-belgique","tag-cible","tag-lotan","tag-nous","tag-patron","tag-prochaine","tag-russie","tag-rutte","tag-sommes","generate-columns","tablet-grid-50","mobile-grid-100","grid-parent","grid-33"],"yoast_head":"<!-- This site is optimized with the Yoast SEO plugin v24.0 - https:\/\/yoast.com\/wordpress\/plugins\/seo\/ -->\n<title>Rutte, patron de l\u2019OTAN : \u00ab Nous sommes la prochaine cible de la Russie \u00bb | Vie Associative<\/title>\n<meta name=\"robots\" content=\"index, follow, max-snippet:-1, max-image-preview:large, max-video-preview:-1\" \/>\n<link rel=\"canonical\" href=\"https:\/\/vieassociative.be\/actualites\/rutte-patron-de-lotan-nous-sommes-la-prochaine-cible-de-la-russie\/\" \/>\n<meta property=\"og:locale\" content=\"fr_FR\" \/>\n<meta property=\"og:type\" content=\"article\" \/>\n<meta property=\"og:title\" content=\"Rutte, patron de l\u2019OTAN : \u00ab Nous sommes la prochaine cible de la Russie \u00bb | Vie Associative\" \/>\n<meta property=\"og:description\" content=\"Apr\u00e8s la publication de la nouvelle strat\u00e9gie de s\u00e9curit\u00e9 am\u00e9ricaine, le chancelier allemand Friedrich Merz a promis une \u00ab priorit\u00e9 absolue \u00bb au renforcement du\" \/>\n<meta property=\"og:url\" content=\"https:\/\/vieassociative.be\/actualites\/rutte-patron-de-lotan-nous-sommes-la-prochaine-cible-de-la-russie\/\" \/>\n<meta property=\"og:site_name\" content=\"Vie Associative\" \/>\n<meta property=\"article:published_time\" content=\"2025-12-11T20:17:46+00:00\" \/>\n<meta property=\"og:image\" content=\"https:\/\/vieassociative.be\/actualites\/wp-content\/uploads\/2024\/09\/header_backgroundk-01-e1726694325946.png\" \/>\n\t<meta property=\"og:image:width\" content=\"279\" \/>\n\t<meta property=\"og:image:height\" content=\"92\" \/>\n\t<meta property=\"og:image:type\" content=\"image\/png\" \/>\n<meta name=\"author\" content=\"Julien\" \/>\n<meta name=\"twitter:card\" content=\"summary_large_image\" \/>\n<meta name=\"twitter:label1\" content=\"\u00c9crit par\" \/>\n\t<meta name=\"twitter:data1\" content=\"Julien\" \/>\n\t<meta name=\"twitter:label2\" content=\"Dur\u00e9e de lecture est.\" \/>\n\t<meta name=\"twitter:data2\" content=\"4 minutes\" \/>\n<script type=\"application\/ld+json\" class=\"yoast-schema-graph\">{\"@context\":\"https:\/\/schema.org\",\"@graph\":[{\"@type\":\"Article\",\"@id\":\"https:\/\/vieassociative.be\/actualites\/rutte-patron-de-lotan-nous-sommes-la-prochaine-cible-de-la-russie\/#article\",\"isPartOf\":{\"@id\":\"https:\/\/vieassociative.be\/actualites\/rutte-patron-de-lotan-nous-sommes-la-prochaine-cible-de-la-russie\/\"},\"author\":{\"name\":\"Julien\",\"@id\":\"https:\/\/vieassociative.be\/actualites\/#\/schema\/person\/b87ac4f82f9d4e7b7cec7395b679edc4\"},\"headline\":\"Rutte, patron de l\u2019OTAN : \u00ab Nous sommes la prochaine cible de la Russie \u00bb\",\"datePublished\":\"2025-12-11T20:17:46+00:00\",\"dateModified\":\"2025-12-11T20:17:46+00:00\",\"mainEntityOfPage\":{\"@id\":\"https:\/\/vieassociative.be\/actualites\/rutte-patron-de-lotan-nous-sommes-la-prochaine-cible-de-la-russie\/\"},\"wordCount\":857,\"publisher\":{\"@id\":\"https:\/\/vieassociative.be\/actualites\/#organization\"},\"image\":{\"@id\":\"https:\/\/vieassociative.be\/actualites\/rutte-patron-de-lotan-nous-sommes-la-prochaine-cible-de-la-russie\/#primaryimage\"},\"thumbnailUrl\":\"https:\/\/vieassociative.be\/actualites\/wp-content\/uploads\/2025\/12\/1765484267_Rutte-patron-de-lOTAN-Nous-sommes-la-prochaine.jpg\",\"keywords\":[\"cible\",\"lOTAN\",\"nous\",\"patron\",\"prochaine\",\"Russie\",\"Rutte\",\"sommes\"],\"articleSection\":[\"Belgique\"],\"inLanguage\":\"fr-BE\"},{\"@type\":\"WebPage\",\"@id\":\"https:\/\/vieassociative.be\/actualites\/rutte-patron-de-lotan-nous-sommes-la-prochaine-cible-de-la-russie\/\",\"url\":\"https:\/\/vieassociative.be\/actualites\/rutte-patron-de-lotan-nous-sommes-la-prochaine-cible-de-la-russie\/\",\"name\":\"Rutte, patron de l\u2019OTAN : \u00ab Nous sommes la prochaine cible de la Russie \u00bb | Vie Associative\",\"isPartOf\":{\"@id\":\"https:\/\/vieassociative.be\/actualites\/#website\"},\"primaryImageOfPage\":{\"@id\":\"https:\/\/vieassociative.be\/actualites\/rutte-patron-de-lotan-nous-sommes-la-prochaine-cible-de-la-russie\/#primaryimage\"},\"image\":{\"@id\":\"https:\/\/vieassociative.be\/actualites\/rutte-patron-de-lotan-nous-sommes-la-prochaine-cible-de-la-russie\/#primaryimage\"},\"thumbnailUrl\":\"https:\/\/vieassociative.be\/actualites\/wp-content\/uploads\/2025\/12\/1765484267_Rutte-patron-de-lOTAN-Nous-sommes-la-prochaine.jpg\",\"datePublished\":\"2025-12-11T20:17:46+00:00\",\"dateModified\":\"2025-12-11T20:17:46+00:00\",\"breadcrumb\":{\"@id\":\"https:\/\/vieassociative.be\/actualites\/rutte-patron-de-lotan-nous-sommes-la-prochaine-cible-de-la-russie\/#breadcrumb\"},\"inLanguage\":\"fr-BE\",\"potentialAction\":[{\"@type\":\"ReadAction\",\"target\":[\"https:\/\/vieassociative.be\/actualites\/rutte-patron-de-lotan-nous-sommes-la-prochaine-cible-de-la-russie\/\"]}]},{\"@type\":\"ImageObject\",\"inLanguage\":\"fr-BE\",\"@id\":\"https:\/\/vieassociative.be\/actualites\/rutte-patron-de-lotan-nous-sommes-la-prochaine-cible-de-la-russie\/#primaryimage\",\"url\":\"https:\/\/vieassociative.be\/actualites\/wp-content\/uploads\/2025\/12\/1765484267_Rutte-patron-de-lOTAN-Nous-sommes-la-prochaine.jpg\",\"contentUrl\":\"https:\/\/vieassociative.be\/actualites\/wp-content\/uploads\/2025\/12\/1765484267_Rutte-patron-de-lOTAN-Nous-sommes-la-prochaine.jpg\",\"width\":2560,\"height\":1707,\"caption\":\"Rutte, patron de l\u2019OTAN : \u00ab Nous sommes la prochaine cible de la Russie \u00bb\"},{\"@type\":\"BreadcrumbList\",\"@id\":\"https:\/\/vieassociative.be\/actualites\/rutte-patron-de-lotan-nous-sommes-la-prochaine-cible-de-la-russie\/#breadcrumb\",\"itemListElement\":[{\"@type\":\"ListItem\",\"position\":1,\"name\":\"Accueil\",\"item\":\"https:\/\/vieassociative.be\/actualites\/\"},{\"@type\":\"ListItem\",\"position\":2,\"name\":\"Rutte, patron de l\u2019OTAN : \u00ab Nous sommes la prochaine cible de la Russie \u00bb\"}]},{\"@type\":\"WebSite\",\"@id\":\"https:\/\/vieassociative.be\/actualites\/#website\",\"url\":\"https:\/\/vieassociative.be\/actualites\/\",\"name\":\"Vie Associative\",\"description\":\"\",\"publisher\":{\"@id\":\"https:\/\/vieassociative.be\/actualites\/#organization\"},\"potentialAction\":[{\"@type\":\"SearchAction\",\"target\":{\"@type\":\"EntryPoint\",\"urlTemplate\":\"https:\/\/vieassociative.be\/actualites\/?s={search_term_string}\"},\"query-input\":{\"@type\":\"PropertyValueSpecification\",\"valueRequired\":true,\"valueName\":\"search_term_string\"}}],\"inLanguage\":\"fr-BE\"},{\"@type\":\"Organization\",\"@id\":\"https:\/\/vieassociative.be\/actualites\/#organization\",\"name\":\"Vie Associative\",\"url\":\"https:\/\/vieassociative.be\/actualites\/\",\"logo\":{\"@type\":\"ImageObject\",\"inLanguage\":\"fr-BE\",\"@id\":\"https:\/\/vieassociative.be\/actualites\/#\/schema\/logo\/image\/\",\"url\":\"https:\/\/vieassociative.be\/actualites\/wp-content\/uploads\/2024\/09\/cropped-vieassociative_favicon.ico.png\",\"contentUrl\":\"https:\/\/vieassociative.be\/actualites\/wp-content\/uploads\/2024\/09\/cropped-vieassociative_favicon.ico.png\",\"width\":512,\"height\":512,\"caption\":\"Vie Associative\"},\"image\":{\"@id\":\"https:\/\/vieassociative.be\/actualites\/#\/schema\/logo\/image\/\"}},{\"@type\":\"Person\",\"@id\":\"https:\/\/vieassociative.be\/actualites\/#\/schema\/person\/b87ac4f82f9d4e7b7cec7395b679edc4\",\"name\":\"Julien\",\"image\":{\"@type\":\"ImageObject\",\"inLanguage\":\"fr-BE\",\"@id\":\"https:\/\/vieassociative.be\/actualites\/#\/schema\/person\/image\/\",\"url\":\"https:\/\/vieassociative.be\/actualites\/wp-content\/uploads\/2024\/09\/vie-associative-1-150x150.jpg\",\"contentUrl\":\"https:\/\/vieassociative.be\/actualites\/wp-content\/uploads\/2024\/09\/vie-associative-1-150x150.jpg\",\"caption\":\"Julien\"},\"description\":\"Je suis Julien, r\u00e9dacteur pour Vie Associative. Passionn\u00e9 par le monde associatif depuis plus de 10 ans, j'ai \u00e0 c\u0153ur de partager des histoires inspirantes et de mettre en lumi\u00e8re les initiatives locales. Mon objectif est de sensibiliser et d'encourager l'engagement communautaire \u00e0 travers mes articles.\",\"sameAs\":[\"https:\/\/vieassociative.be\/\"]}]}<\/script>\n<!-- \/ Yoast SEO plugin. -->","yoast_head_json":{"title":"Rutte, patron de l\u2019OTAN : \u00ab Nous sommes la prochaine cible de la Russie \u00bb | Vie Associative","robots":{"index":"index","follow":"follow","max-snippet":"max-snippet:-1","max-image-preview":"max-image-preview:large","max-video-preview":"max-video-preview:-1"},"canonical":"https:\/\/vieassociative.be\/actualites\/rutte-patron-de-lotan-nous-sommes-la-prochaine-cible-de-la-russie\/","og_locale":"fr_FR","og_type":"article","og_title":"Rutte, patron de l\u2019OTAN : \u00ab Nous sommes la prochaine cible de la Russie \u00bb | Vie Associative","og_description":"Apr\u00e8s la publication de la nouvelle strat\u00e9gie de s\u00e9curit\u00e9 am\u00e9ricaine, le chancelier allemand Friedrich Merz a promis une \u00ab priorit\u00e9 absolue \u00bb au renforcement du","og_url":"https:\/\/vieassociative.be\/actualites\/rutte-patron-de-lotan-nous-sommes-la-prochaine-cible-de-la-russie\/","og_site_name":"Vie Associative","article_published_time":"2025-12-11T20:17:46+00:00","og_image":[{"width":279,"height":92,"url":"https:\/\/vieassociative.be\/actualites\/wp-content\/uploads\/2024\/09\/header_backgroundk-01-e1726694325946.png","type":"image\/png"}],"author":"Julien","twitter_card":"summary_large_image","twitter_misc":{"\u00c9crit par":"Julien","Dur\u00e9e de lecture est.":"4 minutes"},"schema":{"@context":"https:\/\/schema.org","@graph":[{"@type":"Article","@id":"https:\/\/vieassociative.be\/actualites\/rutte-patron-de-lotan-nous-sommes-la-prochaine-cible-de-la-russie\/#article","isPartOf":{"@id":"https:\/\/vieassociative.be\/actualites\/rutte-patron-de-lotan-nous-sommes-la-prochaine-cible-de-la-russie\/"},"author":{"name":"Julien","@id":"https:\/\/vieassociative.be\/actualites\/#\/schema\/person\/b87ac4f82f9d4e7b7cec7395b679edc4"},"headline":"Rutte, patron de l\u2019OTAN : \u00ab Nous sommes la prochaine cible de la Russie \u00bb","datePublished":"2025-12-11T20:17:46+00:00","dateModified":"2025-12-11T20:17:46+00:00","mainEntityOfPage":{"@id":"https:\/\/vieassociative.be\/actualites\/rutte-patron-de-lotan-nous-sommes-la-prochaine-cible-de-la-russie\/"},"wordCount":857,"publisher":{"@id":"https:\/\/vieassociative.be\/actualites\/#organization"},"image":{"@id":"https:\/\/vieassociative.be\/actualites\/rutte-patron-de-lotan-nous-sommes-la-prochaine-cible-de-la-russie\/#primaryimage"},"thumbnailUrl":"https:\/\/vieassociative.be\/actualites\/wp-content\/uploads\/2025\/12\/1765484267_Rutte-patron-de-lOTAN-Nous-sommes-la-prochaine.jpg","keywords":["cible","lOTAN","nous","patron","prochaine","Russie","Rutte","sommes"],"articleSection":["Belgique"],"inLanguage":"fr-BE"},{"@type":"WebPage","@id":"https:\/\/vieassociative.be\/actualites\/rutte-patron-de-lotan-nous-sommes-la-prochaine-cible-de-la-russie\/","url":"https:\/\/vieassociative.be\/actualites\/rutte-patron-de-lotan-nous-sommes-la-prochaine-cible-de-la-russie\/","name":"Rutte, patron de l\u2019OTAN : \u00ab Nous sommes la prochaine cible de la Russie \u00bb | Vie Associative","isPartOf":{"@id":"https:\/\/vieassociative.be\/actualites\/#website"},"primaryImageOfPage":{"@id":"https:\/\/vieassociative.be\/actualites\/rutte-patron-de-lotan-nous-sommes-la-prochaine-cible-de-la-russie\/#primaryimage"},"image":{"@id":"https:\/\/vieassociative.be\/actualites\/rutte-patron-de-lotan-nous-sommes-la-prochaine-cible-de-la-russie\/#primaryimage"},"thumbnailUrl":"https:\/\/vieassociative.be\/actualites\/wp-content\/uploads\/2025\/12\/1765484267_Rutte-patron-de-lOTAN-Nous-sommes-la-prochaine.jpg","datePublished":"2025-12-11T20:17:46+00:00","dateModified":"2025-12-11T20:17:46+00:00","breadcrumb":{"@id":"https:\/\/vieassociative.be\/actualites\/rutte-patron-de-lotan-nous-sommes-la-prochaine-cible-de-la-russie\/#breadcrumb"},"inLanguage":"fr-BE","potentialAction":[{"@type":"ReadAction","target":["https:\/\/vieassociative.be\/actualites\/rutte-patron-de-lotan-nous-sommes-la-prochaine-cible-de-la-russie\/"]}]},{"@type":"ImageObject","inLanguage":"fr-BE","@id":"https:\/\/vieassociative.be\/actualites\/rutte-patron-de-lotan-nous-sommes-la-prochaine-cible-de-la-russie\/#primaryimage","url":"https:\/\/vieassociative.be\/actualites\/wp-content\/uploads\/2025\/12\/1765484267_Rutte-patron-de-lOTAN-Nous-sommes-la-prochaine.jpg","contentUrl":"https:\/\/vieassociative.be\/actualites\/wp-content\/uploads\/2025\/12\/1765484267_Rutte-patron-de-lOTAN-Nous-sommes-la-prochaine.jpg","width":2560,"height":1707,"caption":"Rutte, patron de l\u2019OTAN : \u00ab Nous sommes la prochaine cible de la Russie \u00bb"},{"@type":"BreadcrumbList","@id":"https:\/\/vieassociative.be\/actualites\/rutte-patron-de-lotan-nous-sommes-la-prochaine-cible-de-la-russie\/#breadcrumb","itemListElement":[{"@type":"ListItem","position":1,"name":"Accueil","item":"https:\/\/vieassociative.be\/actualites\/"},{"@type":"ListItem","position":2,"name":"Rutte, patron de l\u2019OTAN : \u00ab Nous sommes la prochaine cible de la Russie \u00bb"}]},{"@type":"WebSite","@id":"https:\/\/vieassociative.be\/actualites\/#website","url":"https:\/\/vieassociative.be\/actualites\/","name":"Vie Associative","description":"","publisher":{"@id":"https:\/\/vieassociative.be\/actualites\/#organization"},"potentialAction":[{"@type":"SearchAction","target":{"@type":"EntryPoint","urlTemplate":"https:\/\/vieassociative.be\/actualites\/?s={search_term_string}"},"query-input":{"@type":"PropertyValueSpecification","valueRequired":true,"valueName":"search_term_string"}}],"inLanguage":"fr-BE"},{"@type":"Organization","@id":"https:\/\/vieassociative.be\/actualites\/#organization","name":"Vie Associative","url":"https:\/\/vieassociative.be\/actualites\/","logo":{"@type":"ImageObject","inLanguage":"fr-BE","@id":"https:\/\/vieassociative.be\/actualites\/#\/schema\/logo\/image\/","url":"https:\/\/vieassociative.be\/actualites\/wp-content\/uploads\/2024\/09\/cropped-vieassociative_favicon.ico.png","contentUrl":"https:\/\/vieassociative.be\/actualites\/wp-content\/uploads\/2024\/09\/cropped-vieassociative_favicon.ico.png","width":512,"height":512,"caption":"Vie Associative"},"image":{"@id":"https:\/\/vieassociative.be\/actualites\/#\/schema\/logo\/image\/"}},{"@type":"Person","@id":"https:\/\/vieassociative.be\/actualites\/#\/schema\/person\/b87ac4f82f9d4e7b7cec7395b679edc4","name":"Julien","image":{"@type":"ImageObject","inLanguage":"fr-BE","@id":"https:\/\/vieassociative.be\/actualites\/#\/schema\/person\/image\/","url":"https:\/\/vieassociative.be\/actualites\/wp-content\/uploads\/2024\/09\/vie-associative-1-150x150.jpg","contentUrl":"https:\/\/vieassociative.be\/actualites\/wp-content\/uploads\/2024\/09\/vie-associative-1-150x150.jpg","caption":"Julien"},"description":"Je suis Julien, r\u00e9dacteur pour Vie Associative. Passionn\u00e9 par le monde associatif depuis plus de 10 ans, j'ai \u00e0 c\u0153ur de partager des histoires inspirantes et de mettre en lumi\u00e8re les initiatives locales. Mon objectif est de sensibiliser et d'encourager l'engagement communautaire \u00e0 travers mes articles.","sameAs":["https:\/\/vieassociative.be\/"]}]}},"_links":{"self":[{"href":"https:\/\/vieassociative.be\/actualites\/wp-json\/wp\/v2\/posts\/11801"}],"collection":[{"href":"https:\/\/vieassociative.be\/actualites\/wp-json\/wp\/v2\/posts"}],"about":[{"href":"https:\/\/vieassociative.be\/actualites\/wp-json\/wp\/v2\/types\/post"}],"author":[{"embeddable":true,"href":"https:\/\/vieassociative.be\/actualites\/wp-json\/wp\/v2\/users\/1"}],"replies":[{"embeddable":true,"href":"https:\/\/vieassociative.be\/actualites\/wp-json\/wp\/v2\/comments?post=11801"}],"version-history":[{"count":0,"href":"https:\/\/vieassociative.be\/actualites\/wp-json\/wp\/v2\/posts\/11801\/revisions"}],"wp:featuredmedia":[{"embeddable":true,"href":"https:\/\/vieassociative.be\/actualites\/wp-json\/wp\/v2\/media\/11802"}],"wp:attachment":[{"href":"https:\/\/vieassociative.be\/actualites\/wp-json\/wp\/v2\/media?parent=11801"}],"wp:term":[{"taxonomy":"category","embeddable":true,"href":"https:\/\/vieassociative.be\/actualites\/wp-json\/wp\/v2\/categories?post=11801"},{"taxonomy":"post_tag","embeddable":true,"href":"https:\/\/vieassociative.be\/actualites\/wp-json\/wp\/v2\/tags?post=11801"}],"curies":[{"name":"wp","href":"https:\/\/api.w.org\/{rel}","templated":true}]}}