{"id":11797,"date":"2025-12-11T15:17:13","date_gmt":"2025-12-11T14:17:13","guid":{"rendered":"https:\/\/vieassociative.be\/actualites\/manifestation-du-secteur-non-commercial-devant-les-batiments-gouvernementaux-et-le-parlement-galerie-de-photos\/"},"modified":"2025-12-11T15:17:13","modified_gmt":"2025-12-11T14:17:13","slug":"manifestation-du-secteur-non-commercial-devant-les-batiments-gouvernementaux-et-le-parlement-galerie-de-photos","status":"publish","type":"post","link":"https:\/\/vieassociative.be\/actualites\/manifestation-du-secteur-non-commercial-devant-les-batiments-gouvernementaux-et-le-parlement-galerie-de-photos\/","title":{"rendered":"Manifestation du secteur non commercial devant les b\u00e2timents gouvernementaux et le Parlement (galerie de photos)"},"content":{"rendered":"<p><strong>Mercredi apr\u00e8s-midi, environ 200 salari\u00e9s du secteur non marchand (NKS) de la Communaut\u00e9 germanophone (DG) se sont rassembl\u00e9s devant le b\u00e2timent gouvernemental de la Kl\u00f6tzerbahn \u00e0 Eupen. <\/strong><\/p>\n<p><span id=\"more-431512\"><\/span>Avec des sifflets, des cliquets et des banderoles, ils ont ensuite march\u00e9 jusqu&rsquo;au Parlement de la DG &#8211; peu avant que le budget social pour l&rsquo;ann\u00e9e \u00e0 venir y soit discut\u00e9.<\/p>\n<p>Cette action constitue un signal commun de la part des syndicats qui critiquent le fait que les promesses d&rsquo;am\u00e9lioration des conditions de travail &#8211; en particulier un accord-cadre qui devrait garantir de meilleurs salaires, plus de personnel et moins de charge de travail &#8211; n&rsquo;ont pas \u00e9t\u00e9 mises en \u0153uvre depuis mars 2023.<\/p>\n<p>Sur les affiches on pouvait lire : \u00ab\u00a0Les soins ne sont pas un article \u00e0 rabais\u00a0\u00bb, \u00ab\u00a0Les soins sont en feu &#8211; la politique est un gaspillage\u00a0\u00bb, \u00ab\u00a0Des promesses vides \u00e0 emporter\u00a0\u00bb, \u00ab\u00a0Pour plus d&rsquo;appr\u00e9ciation\u00a0\u00bb, \u00ab\u00a0H\u00e9ros d&rsquo;hier &#8211; rien \u00e0 signaler aujourd&rsquo;hui\u00a0\u00bb, \u00ab\u00a0Pour de meilleurs horaires de travail\u00a0\u00bb&#8230;<\/p>\n<div id=\"attachment_431516\" class=\"wp-caption alignleft\" style=\"max-width: 300px\"><img fetchpriority=\"high\" decoding=\"async\" class=\"wp-image-431516 size-medium\" src=\"https:\/\/vieassociative.be\/actualites\/wp-content\/uploads\/2025\/12\/Manifestation-du-secteur-non-commercial-devant-les-batiments-gouvernementaux-et.jpg\" alt=\"\" width=\"300\" height=\"200\"  ><\/div>\n<p>Les quatre ministres de la DG se sont vu remettre de grands coffrets cadeaux, mais vides \u2013 aussi vides que les promesses politiques faites aux salari\u00e9s du secteur non marchand.<\/p>\n<p>Les manifestants ont \u00e9galement attach\u00e9 \u00e0 un arbre de No\u00ebl de petites boules de No\u00ebl avec des revendications adress\u00e9es au gouvernement. Le P\u00e8re No\u00ebl \u00e9tait \u00e9galement pr\u00e9sent.<\/p>\n<p>Environ 3 000 salari\u00e9s sont concern\u00e9s &#8211; notamment des maisons de retraite et des foyers pour handicap\u00e9s, des ateliers, de l&rsquo;assistance familiale, des soins psychiatriques et du secteur socioculturel. Les syndicats avertissent que la surcharge constante et le manque d&rsquo;appr\u00e9ciation poussent de plus en plus de salari\u00e9s \u00e0 quitter le secteur, mettant ainsi en danger la qualit\u00e9 des services sociaux.<\/p>\n<p>Avec ce rassemblement, les salari\u00e9s veulent rappeler leurs promesses aux politiques et faire pression &#8211; d&rsquo;autant plus que le budget social a \u00e9t\u00e9 discut\u00e9 le m\u00eame soir au Parlement de la DG. La d\u00e9monstration doit \u00eatre un signal clair selon lequel des am\u00e9liorations concr\u00e8tes sont absolument n\u00e9cessaires. (cr\u00e9er)<\/p>\n<p><em><strong>Vous trouverez ci-dessous une GALERIE DE PHOTOS avec des photos du photographe Patrick von Staufenberg prises lors du rassemblement des syndicats du secteur non marchand (NKS) mercredi \u00e0 Eupen (cliquez sur l&rsquo;image pour l&rsquo;agrandir)\u00a0:<\/strong><\/em><\/p>\n<div class=\"wp-gallery row\">\n<figure class=\"column small-6 medium-3 end\"><img decoding=\"async\" src=\"https:\/\/vieassociative.be\/actualites\/wp-content\/uploads\/2025\/12\/1765462629_264_Manifestation-du-secteur-non-commercial-devant-les-batiments-gouvernementaux-et.jpg\" width=\"159\" height=\"159\" alt=\"\"><\/figure>\n<figure class=\"column small-6 medium-3 end\"><img decoding=\"async\" src=\"https:\/\/vieassociative.be\/actualites\/wp-content\/uploads\/2025\/12\/1765462629_700_Manifestation-du-secteur-non-commercial-devant-les-batiments-gouvernementaux-et.jpg\" width=\"159\" height=\"159\" alt=\"\"><\/figure>\n<figure class=\"column small-6 medium-3 end\"><img loading=\"lazy\" decoding=\"async\" src=\"https:\/\/vieassociative.be\/actualites\/wp-content\/uploads\/2025\/12\/1765462629_439_Manifestation-du-secteur-non-commercial-devant-les-batiments-gouvernementaux-et.jpg\" width=\"159\" height=\"159\" alt=\"\"><\/figure>\n<figure class=\"column small-6 medium-3 end\"><img loading=\"lazy\" decoding=\"async\" src=\"https:\/\/vieassociative.be\/actualites\/wp-content\/uploads\/2025\/12\/1765462630_392_Manifestation-du-secteur-non-commercial-devant-les-batiments-gouvernementaux-et.jpg\" width=\"159\" height=\"159\" alt=\"\"><\/figure>\n<figure class=\"column small-6 medium-3 end\"><img loading=\"lazy\" decoding=\"async\" src=\"https:\/\/vieassociative.be\/actualites\/wp-content\/uploads\/2025\/12\/1765462630_390_Manifestation-du-secteur-non-commercial-devant-les-batiments-gouvernementaux-et.jpg\" width=\"159\" height=\"159\" alt=\"\"><\/figure>\n<figure class=\"column small-6 medium-3 end\"><img loading=\"lazy\" decoding=\"async\" src=\"https:\/\/vieassociative.be\/actualites\/wp-content\/uploads\/2025\/12\/1765462630_583_Manifestation-du-secteur-non-commercial-devant-les-batiments-gouvernementaux-et.jpg\" width=\"159\" height=\"159\" alt=\"\"><\/figure>\n<figure class=\"column small-6 medium-3 end\"><img loading=\"lazy\" decoding=\"async\" src=\"https:\/\/vieassociative.be\/actualites\/wp-content\/uploads\/2025\/12\/1765462630_167_Manifestation-du-secteur-non-commercial-devant-les-batiments-gouvernementaux-et.jpg\" width=\"159\" height=\"159\" alt=\"\"><\/figure>\n<figure class=\"column small-6 medium-3 end\"><img loading=\"lazy\" decoding=\"async\" src=\"https:\/\/vieassociative.be\/actualites\/wp-content\/uploads\/2025\/12\/1765462630_768_Manifestation-du-secteur-non-commercial-devant-les-batiments-gouvernementaux-et.jpg\" width=\"159\" height=\"159\" alt=\"\"><\/figure>\n<figure class=\"column small-6 medium-3 end\"><img loading=\"lazy\" decoding=\"async\" src=\"https:\/\/vieassociative.be\/actualites\/wp-content\/uploads\/2025\/12\/1765462630_113_Manifestation-du-secteur-non-commercial-devant-les-batiments-gouvernementaux-et.jpg\" width=\"159\" height=\"159\" alt=\"\"><\/figure>\n<figure class=\"column small-6 medium-3 end\"><img loading=\"lazy\" decoding=\"async\" src=\"https:\/\/vieassociative.be\/actualites\/wp-content\/uploads\/2025\/12\/1765462630_490_Manifestation-du-secteur-non-commercial-devant-les-batiments-gouvernementaux-et.jpg\" width=\"159\" height=\"159\" alt=\"\"><\/figure>\n<figure class=\"column small-6 medium-3 end\"><img loading=\"lazy\" decoding=\"async\" src=\"https:\/\/vieassociative.be\/actualites\/wp-content\/uploads\/2025\/12\/1765462630_20_Manifestation-du-secteur-non-commercial-devant-les-batiments-gouvernementaux-et.jpg\" width=\"159\" height=\"159\" alt=\"\"><\/figure>\n<figure class=\"column small-6 medium-3 end\"><img loading=\"lazy\" decoding=\"async\" src=\"https:\/\/vieassociative.be\/actualites\/wp-content\/uploads\/2025\/12\/1765462630_924_Manifestation-du-secteur-non-commercial-devant-les-batiments-gouvernementaux-et.jpg\" width=\"159\" height=\"159\" alt=\"\"><\/figure>\n<figure class=\"column small-6 medium-3 end\"><img loading=\"lazy\" decoding=\"async\" src=\"https:\/\/vieassociative.be\/actualites\/wp-content\/uploads\/2025\/12\/1765462630_813_Manifestation-du-secteur-non-commercial-devant-les-batiments-gouvernementaux-et.jpg\" width=\"159\" height=\"159\" alt=\"\"><\/figure>\n<figure class=\"column small-6 medium-3 end\"><img loading=\"lazy\" decoding=\"async\" src=\"https:\/\/vieassociative.be\/actualites\/wp-content\/uploads\/2025\/12\/1765462630_951_Manifestation-du-secteur-non-commercial-devant-les-batiments-gouvernementaux-et.jpg\" width=\"159\" height=\"159\" alt=\"\"><\/figure>\n<figure class=\"column small-6 medium-3 end\"><img loading=\"lazy\" decoding=\"async\" src=\"https:\/\/vieassociative.be\/actualites\/wp-content\/uploads\/2025\/12\/1765462630_424_Manifestation-du-secteur-non-commercial-devant-les-batiments-gouvernementaux-et.jpg\" width=\"159\" height=\"159\" alt=\"\"><\/figure>\n<figure class=\"column small-6 medium-3 end\"><img loading=\"lazy\" decoding=\"async\" src=\"https:\/\/vieassociative.be\/actualites\/wp-content\/uploads\/2025\/12\/1765462631_391_Manifestation-du-secteur-non-commercial-devant-les-batiments-gouvernementaux-et.jpg\" width=\"159\" height=\"159\" alt=\"\"><\/figure>\n<figure class=\"column small-6 medium-3 end\"><img loading=\"lazy\" decoding=\"async\" src=\"https:\/\/vieassociative.be\/actualites\/wp-content\/uploads\/2025\/12\/1765462631_611_Manifestation-du-secteur-non-commercial-devant-les-batiments-gouvernementaux-et.jpg\" width=\"159\" height=\"159\" alt=\"\"><\/figure>\n<figure class=\"column small-6 medium-3 end\"><img loading=\"lazy\" decoding=\"async\" src=\"https:\/\/vieassociative.be\/actualites\/wp-content\/uploads\/2025\/12\/1765462631_603_Manifestation-du-secteur-non-commercial-devant-les-batiments-gouvernementaux-et.jpg\" width=\"159\" height=\"159\" alt=\"\"><\/figure>\n<figure class=\"column small-6 medium-3 end\"><img loading=\"lazy\" decoding=\"async\" src=\"https:\/\/vieassociative.be\/actualites\/wp-content\/uploads\/2025\/12\/1765462631_296_Manifestation-du-secteur-non-commercial-devant-les-batiments-gouvernementaux-et.jpg\" width=\"159\" height=\"159\" alt=\"\"><\/figure>\n<figure class=\"column small-6 medium-3 end\"><img loading=\"lazy\" decoding=\"async\" src=\"https:\/\/vieassociative.be\/actualites\/wp-content\/uploads\/2025\/12\/1765462631_720_Manifestation-du-secteur-non-commercial-devant-les-batiments-gouvernementaux-et.jpg\" width=\"159\" height=\"159\" alt=\"\"><\/figure>\n<figure class=\"column small-6 medium-3 end\"><img loading=\"lazy\" decoding=\"async\" src=\"https:\/\/vieassociative.be\/actualites\/wp-content\/uploads\/2025\/12\/1765462631_164_Manifestation-du-secteur-non-commercial-devant-les-batiments-gouvernementaux-et.jpg\" width=\"159\" height=\"159\" alt=\"\"><\/figure>\n<figure class=\"column small-6 medium-3 end\"><img loading=\"lazy\" decoding=\"async\" src=\"https:\/\/vieassociative.be\/actualites\/wp-content\/uploads\/2025\/12\/1765462631_941_Manifestation-du-secteur-non-commercial-devant-les-batiments-gouvernementaux-et.jpg\" width=\"159\" height=\"159\" alt=\"\"><\/figure>\n<figure class=\"column small-6 medium-3 end\"><img loading=\"lazy\" decoding=\"async\" src=\"https:\/\/vieassociative.be\/actualites\/wp-content\/uploads\/2025\/12\/1765462631_425_Manifestation-du-secteur-non-commercial-devant-les-batiments-gouvernementaux-et.jpg\" width=\"159\" height=\"159\" alt=\"\"><\/figure>\n<figure class=\"column small-6 medium-3 end\"><img loading=\"lazy\" decoding=\"async\" src=\"https:\/\/vieassociative.be\/actualites\/wp-content\/uploads\/2025\/12\/1765462631_515_Manifestation-du-secteur-non-commercial-devant-les-batiments-gouvernementaux-et.jpg\" width=\"159\" height=\"159\" alt=\"\"><\/figure>\n<figure class=\"column small-6 medium-3 end\"><img loading=\"lazy\" decoding=\"async\" src=\"https:\/\/vieassociative.be\/actualites\/wp-content\/uploads\/2025\/12\/1765462631_432_Manifestation-du-secteur-non-commercial-devant-les-batiments-gouvernementaux-et.jpg\" width=\"159\" height=\"159\" alt=\"\"><\/figure>\n<figure class=\"column small-6 medium-3 end\"><img loading=\"lazy\" decoding=\"async\" src=\"https:\/\/vieassociative.be\/actualites\/wp-content\/uploads\/2025\/12\/1765462631_311_Manifestation-du-secteur-non-commercial-devant-les-batiments-gouvernementaux-et.jpg\" width=\"159\" height=\"159\" alt=\"\"><\/figure>\n<figure class=\"column small-6 medium-3 end\"><img loading=\"lazy\" decoding=\"async\" src=\"https:\/\/vieassociative.be\/actualites\/wp-content\/uploads\/2025\/12\/1765462631_881_Manifestation-du-secteur-non-commercial-devant-les-batiments-gouvernementaux-et.jpg\" width=\"159\" height=\"159\" alt=\"\"><\/figure>\n<figure class=\"column small-6 medium-3 end\"><img loading=\"lazy\" decoding=\"async\" src=\"https:\/\/vieassociative.be\/actualites\/wp-content\/uploads\/2025\/12\/1765462632_705_Manifestation-du-secteur-non-commercial-devant-les-batiments-gouvernementaux-et.jpg\" width=\"159\" height=\"159\" alt=\"\"><\/figure>\n<figure class=\"column small-6 medium-3 end\"><img loading=\"lazy\" decoding=\"async\" src=\"https:\/\/vieassociative.be\/actualites\/wp-content\/uploads\/2025\/12\/1765462632_74_Manifestation-du-secteur-non-commercial-devant-les-batiments-gouvernementaux-et.jpg\" width=\"159\" height=\"159\" alt=\"\"><\/figure>\n<figure class=\"column small-6 medium-3 end\"><img loading=\"lazy\" decoding=\"async\" src=\"https:\/\/vieassociative.be\/actualites\/wp-content\/uploads\/2025\/12\/1765462632_96_Manifestation-du-secteur-non-commercial-devant-les-batiments-gouvernementaux-et.jpg\" width=\"159\" height=\"159\" alt=\"\"><\/figure>\n<figure class=\"column small-6 medium-3 end\"><img loading=\"lazy\" decoding=\"async\" src=\"https:\/\/vieassociative.be\/actualites\/wp-content\/uploads\/2025\/12\/1765462632_294_Manifestation-du-secteur-non-commercial-devant-les-batiments-gouvernementaux-et.jpg\" width=\"159\" height=\"159\" alt=\"\"><\/figure>\n<figure class=\"column small-6 medium-3 end\"><img loading=\"lazy\" decoding=\"async\" src=\"https:\/\/vieassociative.be\/actualites\/wp-content\/uploads\/2025\/12\/1765462632_100_Manifestation-du-secteur-non-commercial-devant-les-batiments-gouvernementaux-et.jpg\" width=\"159\" height=\"159\" alt=\"\"><\/figure>\n<figure class=\"column small-6 medium-3 end\"><img loading=\"lazy\" decoding=\"async\" src=\"https:\/\/vieassociative.be\/actualites\/wp-content\/uploads\/2025\/12\/1765462632_328_Manifestation-du-secteur-non-commercial-devant-les-batiments-gouvernementaux-et.jpg\" width=\"159\" height=\"159\" alt=\"\"><\/figure>\n<figure class=\"column small-6 medium-3 end\"><img loading=\"lazy\" decoding=\"async\" src=\"https:\/\/vieassociative.be\/actualites\/wp-content\/uploads\/2025\/12\/1765462632_156_Manifestation-du-secteur-non-commercial-devant-les-batiments-gouvernementaux-et.jpg\" width=\"159\" height=\"159\" alt=\"\"><\/figure>\n<figure class=\"column small-6 medium-3 end\"><img loading=\"lazy\" decoding=\"async\" src=\"https:\/\/vieassociative.be\/actualites\/wp-content\/uploads\/2025\/12\/1765462632_563_Manifestation-du-secteur-non-commercial-devant-les-batiments-gouvernementaux-et.jpg\" width=\"159\" height=\"159\" alt=\"\"><\/figure>\n<figure class=\"column small-6 medium-3 end\"><img loading=\"lazy\" decoding=\"async\" src=\"https:\/\/vieassociative.be\/actualites\/wp-content\/uploads\/2025\/12\/1765462632_898_Manifestation-du-secteur-non-commercial-devant-les-batiments-gouvernementaux-et.jpg\" width=\"159\" height=\"159\" alt=\"\"><\/figure>\n<figure class=\"column small-6 medium-3 end\"><img loading=\"lazy\" decoding=\"async\" src=\"https:\/\/vieassociative.be\/actualites\/wp-content\/uploads\/2025\/12\/1765462632_682_Manifestation-du-secteur-non-commercial-devant-les-batiments-gouvernementaux-et.jpg\" width=\"159\" height=\"159\" alt=\"\"><\/figure>\n<figure class=\"column small-6 medium-3 end\"><img loading=\"lazy\" decoding=\"async\" src=\"https:\/\/vieassociative.be\/actualites\/wp-content\/uploads\/2025\/12\/1765462632_797_Manifestation-du-secteur-non-commercial-devant-les-batiments-gouvernementaux-et.jpg\" width=\"159\" height=\"159\" alt=\"\"><\/figure>\n<figure class=\"column small-6 medium-3 end\"><img loading=\"lazy\" decoding=\"async\" src=\"https:\/\/vieassociative.be\/actualites\/wp-content\/uploads\/2025\/12\/1765462632_835_Manifestation-du-secteur-non-commercial-devant-les-batiments-gouvernementaux-et.jpg\" width=\"159\" height=\"159\" alt=\"\"><\/figure>\n<figure class=\"column small-6 medium-3 end\"><img loading=\"lazy\" decoding=\"async\" src=\"https:\/\/vieassociative.be\/actualites\/wp-content\/uploads\/2025\/12\/1765462633_845_Manifestation-du-secteur-non-commercial-devant-les-batiments-gouvernementaux-et.jpg\" width=\"159\" height=\"159\" alt=\"\"><\/figure>\n<\/div>\n","protected":false},"excerpt":{"rendered":"<p>Mercredi apr\u00e8s-midi, environ 200 salari\u00e9s du secteur non marchand (NKS) de la Communaut\u00e9 germanophone (DG) se sont rassembl\u00e9s devant le b\u00e2timent gouvernemental de la Kl\u00f6tzerbahn<\/p>\n","protected":false},"author":1,"featured_media":11798,"comment_status":"","ping_status":"","sticky":false,"template":"","format":"standard","meta":{"footnotes":""},"categories":[298],"tags":[7820,4959,2381,3257,8853,14,3264,2895,283,9526],"class_list":["post-11797","post","type-post","status-publish","format-standard","has-post-thumbnail","hentry","category-belgique","tag-batiments","tag-commercial","tag-devant","tag-galerie","tag-gouvernementaux","tag-les","tag-manifestation","tag-parlement","tag-photos","tag-secteur","generate-columns","tablet-grid-50","mobile-grid-100","grid-parent","grid-33"],"yoast_head":"<!-- This site is optimized with the Yoast SEO plugin v24.0 - https:\/\/yoast.com\/wordpress\/plugins\/seo\/ -->\n<title>Manifestation du secteur non commercial devant les b\u00e2timents gouvernementaux et le Parlement (galerie de photos) | Vie Associative<\/title>\n<meta name=\"robots\" content=\"index, follow, max-snippet:-1, max-image-preview:large, max-video-preview:-1\" \/>\n<link rel=\"canonical\" href=\"https:\/\/vieassociative.be\/actualites\/manifestation-du-secteur-non-commercial-devant-les-batiments-gouvernementaux-et-le-parlement-galerie-de-photos\/\" \/>\n<meta property=\"og:locale\" content=\"fr_FR\" \/>\n<meta property=\"og:type\" content=\"article\" \/>\n<meta property=\"og:title\" content=\"Manifestation du secteur non commercial devant les b\u00e2timents gouvernementaux et le Parlement (galerie de photos) | Vie Associative\" \/>\n<meta property=\"og:description\" content=\"Mercredi apr\u00e8s-midi, environ 200 salari\u00e9s du secteur non marchand (NKS) de la Communaut\u00e9 germanophone (DG) se sont rassembl\u00e9s devant le b\u00e2timent gouvernemental de la Kl\u00f6tzerbahn\" \/>\n<meta property=\"og:url\" content=\"https:\/\/vieassociative.be\/actualites\/manifestation-du-secteur-non-commercial-devant-les-batiments-gouvernementaux-et-le-parlement-galerie-de-photos\/\" \/>\n<meta property=\"og:site_name\" content=\"Vie Associative\" \/>\n<meta property=\"article:published_time\" content=\"2025-12-11T14:17:13+00:00\" \/>\n<meta property=\"og:image\" content=\"https:\/\/vieassociative.be\/actualites\/wp-content\/uploads\/2024\/09\/header_backgroundk-01-e1726694325946.png\" \/>\n\t<meta property=\"og:image:width\" content=\"279\" \/>\n\t<meta property=\"og:image:height\" content=\"92\" \/>\n\t<meta property=\"og:image:type\" content=\"image\/png\" \/>\n<meta name=\"author\" content=\"Julien\" \/>\n<meta name=\"twitter:card\" content=\"summary_large_image\" \/>\n<meta name=\"twitter:label1\" content=\"\u00c9crit par\" \/>\n\t<meta name=\"twitter:data1\" content=\"Julien\" \/>\n\t<meta name=\"twitter:label2\" content=\"Dur\u00e9e de lecture est.\" \/>\n\t<meta name=\"twitter:data2\" content=\"2 minutes\" \/>\n<script type=\"application\/ld+json\" class=\"yoast-schema-graph\">{\"@context\":\"https:\/\/schema.org\",\"@graph\":[{\"@type\":\"Article\",\"@id\":\"https:\/\/vieassociative.be\/actualites\/manifestation-du-secteur-non-commercial-devant-les-batiments-gouvernementaux-et-le-parlement-galerie-de-photos\/#article\",\"isPartOf\":{\"@id\":\"https:\/\/vieassociative.be\/actualites\/manifestation-du-secteur-non-commercial-devant-les-batiments-gouvernementaux-et-le-parlement-galerie-de-photos\/\"},\"author\":{\"name\":\"Julien\",\"@id\":\"https:\/\/vieassociative.be\/actualites\/#\/schema\/person\/b87ac4f82f9d4e7b7cec7395b679edc4\"},\"headline\":\"Manifestation du secteur non commercial devant les b\u00e2timents gouvernementaux et le Parlement (galerie de photos)\",\"datePublished\":\"2025-12-11T14:17:13+00:00\",\"dateModified\":\"2025-12-11T14:17:13+00:00\",\"mainEntityOfPage\":{\"@id\":\"https:\/\/vieassociative.be\/actualites\/manifestation-du-secteur-non-commercial-devant-les-batiments-gouvernementaux-et-le-parlement-galerie-de-photos\/\"},\"wordCount\":400,\"publisher\":{\"@id\":\"https:\/\/vieassociative.be\/actualites\/#organization\"},\"image\":{\"@id\":\"https:\/\/vieassociative.be\/actualites\/manifestation-du-secteur-non-commercial-devant-les-batiments-gouvernementaux-et-le-parlement-galerie-de-photos\/#primaryimage\"},\"thumbnailUrl\":\"https:\/\/vieassociative.be\/actualites\/wp-content\/uploads\/2025\/12\/1765462640_Manifestation-du-secteur-non-commercial-devant-les-batiments-gouvernementaux-et.jpg\",\"keywords\":[\"b\u00e2timents\",\"commercial\",\"devant\",\"galerie\",\"gouvernementaux\",\"Les\",\"manifestation\",\"Parlement\",\"Photos\",\"secteur\"],\"articleSection\":[\"Belgique\"],\"inLanguage\":\"fr-BE\"},{\"@type\":\"WebPage\",\"@id\":\"https:\/\/vieassociative.be\/actualites\/manifestation-du-secteur-non-commercial-devant-les-batiments-gouvernementaux-et-le-parlement-galerie-de-photos\/\",\"url\":\"https:\/\/vieassociative.be\/actualites\/manifestation-du-secteur-non-commercial-devant-les-batiments-gouvernementaux-et-le-parlement-galerie-de-photos\/\",\"name\":\"Manifestation du secteur non commercial devant les b\u00e2timents gouvernementaux et le Parlement (galerie de photos) | Vie Associative\",\"isPartOf\":{\"@id\":\"https:\/\/vieassociative.be\/actualites\/#website\"},\"primaryImageOfPage\":{\"@id\":\"https:\/\/vieassociative.be\/actualites\/manifestation-du-secteur-non-commercial-devant-les-batiments-gouvernementaux-et-le-parlement-galerie-de-photos\/#primaryimage\"},\"image\":{\"@id\":\"https:\/\/vieassociative.be\/actualites\/manifestation-du-secteur-non-commercial-devant-les-batiments-gouvernementaux-et-le-parlement-galerie-de-photos\/#primaryimage\"},\"thumbnailUrl\":\"https:\/\/vieassociative.be\/actualites\/wp-content\/uploads\/2025\/12\/1765462640_Manifestation-du-secteur-non-commercial-devant-les-batiments-gouvernementaux-et.jpg\",\"datePublished\":\"2025-12-11T14:17:13+00:00\",\"dateModified\":\"2025-12-11T14:17:13+00:00\",\"breadcrumb\":{\"@id\":\"https:\/\/vieassociative.be\/actualites\/manifestation-du-secteur-non-commercial-devant-les-batiments-gouvernementaux-et-le-parlement-galerie-de-photos\/#breadcrumb\"},\"inLanguage\":\"fr-BE\",\"potentialAction\":[{\"@type\":\"ReadAction\",\"target\":[\"https:\/\/vieassociative.be\/actualites\/manifestation-du-secteur-non-commercial-devant-les-batiments-gouvernementaux-et-le-parlement-galerie-de-photos\/\"]}]},{\"@type\":\"ImageObject\",\"inLanguage\":\"fr-BE\",\"@id\":\"https:\/\/vieassociative.be\/actualites\/manifestation-du-secteur-non-commercial-devant-les-batiments-gouvernementaux-et-le-parlement-galerie-de-photos\/#primaryimage\",\"url\":\"https:\/\/vieassociative.be\/actualites\/wp-content\/uploads\/2025\/12\/1765462640_Manifestation-du-secteur-non-commercial-devant-les-batiments-gouvernementaux-et.jpg\",\"contentUrl\":\"https:\/\/vieassociative.be\/actualites\/wp-content\/uploads\/2025\/12\/1765462640_Manifestation-du-secteur-non-commercial-devant-les-batiments-gouvernementaux-et.jpg\",\"width\":1200,\"height\":800,\"caption\":\"Manifestation du secteur non commercial devant les b\u00e2timents gouvernementaux et le Parlement (galerie de photos)\"},{\"@type\":\"BreadcrumbList\",\"@id\":\"https:\/\/vieassociative.be\/actualites\/manifestation-du-secteur-non-commercial-devant-les-batiments-gouvernementaux-et-le-parlement-galerie-de-photos\/#breadcrumb\",\"itemListElement\":[{\"@type\":\"ListItem\",\"position\":1,\"name\":\"Accueil\",\"item\":\"https:\/\/vieassociative.be\/actualites\/\"},{\"@type\":\"ListItem\",\"position\":2,\"name\":\"Manifestation du secteur non commercial devant les b\u00e2timents gouvernementaux et le Parlement (galerie de photos)\"}]},{\"@type\":\"WebSite\",\"@id\":\"https:\/\/vieassociative.be\/actualites\/#website\",\"url\":\"https:\/\/vieassociative.be\/actualites\/\",\"name\":\"Vie Associative\",\"description\":\"\",\"publisher\":{\"@id\":\"https:\/\/vieassociative.be\/actualites\/#organization\"},\"potentialAction\":[{\"@type\":\"SearchAction\",\"target\":{\"@type\":\"EntryPoint\",\"urlTemplate\":\"https:\/\/vieassociative.be\/actualites\/?s={search_term_string}\"},\"query-input\":{\"@type\":\"PropertyValueSpecification\",\"valueRequired\":true,\"valueName\":\"search_term_string\"}}],\"inLanguage\":\"fr-BE\"},{\"@type\":\"Organization\",\"@id\":\"https:\/\/vieassociative.be\/actualites\/#organization\",\"name\":\"Vie Associative\",\"url\":\"https:\/\/vieassociative.be\/actualites\/\",\"logo\":{\"@type\":\"ImageObject\",\"inLanguage\":\"fr-BE\",\"@id\":\"https:\/\/vieassociative.be\/actualites\/#\/schema\/logo\/image\/\",\"url\":\"https:\/\/vieassociative.be\/actualites\/wp-content\/uploads\/2024\/09\/cropped-vieassociative_favicon.ico.png\",\"contentUrl\":\"https:\/\/vieassociative.be\/actualites\/wp-content\/uploads\/2024\/09\/cropped-vieassociative_favicon.ico.png\",\"width\":512,\"height\":512,\"caption\":\"Vie Associative\"},\"image\":{\"@id\":\"https:\/\/vieassociative.be\/actualites\/#\/schema\/logo\/image\/\"}},{\"@type\":\"Person\",\"@id\":\"https:\/\/vieassociative.be\/actualites\/#\/schema\/person\/b87ac4f82f9d4e7b7cec7395b679edc4\",\"name\":\"Julien\",\"image\":{\"@type\":\"ImageObject\",\"inLanguage\":\"fr-BE\",\"@id\":\"https:\/\/vieassociative.be\/actualites\/#\/schema\/person\/image\/\",\"url\":\"https:\/\/vieassociative.be\/actualites\/wp-content\/uploads\/2024\/09\/vie-associative-1-150x150.jpg\",\"contentUrl\":\"https:\/\/vieassociative.be\/actualites\/wp-content\/uploads\/2024\/09\/vie-associative-1-150x150.jpg\",\"caption\":\"Julien\"},\"description\":\"Je suis Julien, r\u00e9dacteur pour Vie Associative. Passionn\u00e9 par le monde associatif depuis plus de 10 ans, j'ai \u00e0 c\u0153ur de partager des histoires inspirantes et de mettre en lumi\u00e8re les initiatives locales. Mon objectif est de sensibiliser et d'encourager l'engagement communautaire \u00e0 travers mes articles.\",\"sameAs\":[\"https:\/\/vieassociative.be\/\"]}]}<\/script>\n<!-- \/ Yoast SEO plugin. -->","yoast_head_json":{"title":"Manifestation du secteur non commercial devant les b\u00e2timents gouvernementaux et le Parlement (galerie de photos) | Vie Associative","robots":{"index":"index","follow":"follow","max-snippet":"max-snippet:-1","max-image-preview":"max-image-preview:large","max-video-preview":"max-video-preview:-1"},"canonical":"https:\/\/vieassociative.be\/actualites\/manifestation-du-secteur-non-commercial-devant-les-batiments-gouvernementaux-et-le-parlement-galerie-de-photos\/","og_locale":"fr_FR","og_type":"article","og_title":"Manifestation du secteur non commercial devant les b\u00e2timents gouvernementaux et le Parlement (galerie de photos) | Vie Associative","og_description":"Mercredi apr\u00e8s-midi, environ 200 salari\u00e9s du secteur non marchand (NKS) de la Communaut\u00e9 germanophone (DG) se sont rassembl\u00e9s devant le b\u00e2timent gouvernemental de la Kl\u00f6tzerbahn","og_url":"https:\/\/vieassociative.be\/actualites\/manifestation-du-secteur-non-commercial-devant-les-batiments-gouvernementaux-et-le-parlement-galerie-de-photos\/","og_site_name":"Vie Associative","article_published_time":"2025-12-11T14:17:13+00:00","og_image":[{"width":279,"height":92,"url":"https:\/\/vieassociative.be\/actualites\/wp-content\/uploads\/2024\/09\/header_backgroundk-01-e1726694325946.png","type":"image\/png"}],"author":"Julien","twitter_card":"summary_large_image","twitter_misc":{"\u00c9crit par":"Julien","Dur\u00e9e de lecture est.":"2 minutes"},"schema":{"@context":"https:\/\/schema.org","@graph":[{"@type":"Article","@id":"https:\/\/vieassociative.be\/actualites\/manifestation-du-secteur-non-commercial-devant-les-batiments-gouvernementaux-et-le-parlement-galerie-de-photos\/#article","isPartOf":{"@id":"https:\/\/vieassociative.be\/actualites\/manifestation-du-secteur-non-commercial-devant-les-batiments-gouvernementaux-et-le-parlement-galerie-de-photos\/"},"author":{"name":"Julien","@id":"https:\/\/vieassociative.be\/actualites\/#\/schema\/person\/b87ac4f82f9d4e7b7cec7395b679edc4"},"headline":"Manifestation du secteur non commercial devant les b\u00e2timents gouvernementaux et le Parlement (galerie de photos)","datePublished":"2025-12-11T14:17:13+00:00","dateModified":"2025-12-11T14:17:13+00:00","mainEntityOfPage":{"@id":"https:\/\/vieassociative.be\/actualites\/manifestation-du-secteur-non-commercial-devant-les-batiments-gouvernementaux-et-le-parlement-galerie-de-photos\/"},"wordCount":400,"publisher":{"@id":"https:\/\/vieassociative.be\/actualites\/#organization"},"image":{"@id":"https:\/\/vieassociative.be\/actualites\/manifestation-du-secteur-non-commercial-devant-les-batiments-gouvernementaux-et-le-parlement-galerie-de-photos\/#primaryimage"},"thumbnailUrl":"https:\/\/vieassociative.be\/actualites\/wp-content\/uploads\/2025\/12\/1765462640_Manifestation-du-secteur-non-commercial-devant-les-batiments-gouvernementaux-et.jpg","keywords":["b\u00e2timents","commercial","devant","galerie","gouvernementaux","Les","manifestation","Parlement","Photos","secteur"],"articleSection":["Belgique"],"inLanguage":"fr-BE"},{"@type":"WebPage","@id":"https:\/\/vieassociative.be\/actualites\/manifestation-du-secteur-non-commercial-devant-les-batiments-gouvernementaux-et-le-parlement-galerie-de-photos\/","url":"https:\/\/vieassociative.be\/actualites\/manifestation-du-secteur-non-commercial-devant-les-batiments-gouvernementaux-et-le-parlement-galerie-de-photos\/","name":"Manifestation du secteur non commercial devant les b\u00e2timents gouvernementaux et le Parlement (galerie de photos) | Vie Associative","isPartOf":{"@id":"https:\/\/vieassociative.be\/actualites\/#website"},"primaryImageOfPage":{"@id":"https:\/\/vieassociative.be\/actualites\/manifestation-du-secteur-non-commercial-devant-les-batiments-gouvernementaux-et-le-parlement-galerie-de-photos\/#primaryimage"},"image":{"@id":"https:\/\/vieassociative.be\/actualites\/manifestation-du-secteur-non-commercial-devant-les-batiments-gouvernementaux-et-le-parlement-galerie-de-photos\/#primaryimage"},"thumbnailUrl":"https:\/\/vieassociative.be\/actualites\/wp-content\/uploads\/2025\/12\/1765462640_Manifestation-du-secteur-non-commercial-devant-les-batiments-gouvernementaux-et.jpg","datePublished":"2025-12-11T14:17:13+00:00","dateModified":"2025-12-11T14:17:13+00:00","breadcrumb":{"@id":"https:\/\/vieassociative.be\/actualites\/manifestation-du-secteur-non-commercial-devant-les-batiments-gouvernementaux-et-le-parlement-galerie-de-photos\/#breadcrumb"},"inLanguage":"fr-BE","potentialAction":[{"@type":"ReadAction","target":["https:\/\/vieassociative.be\/actualites\/manifestation-du-secteur-non-commercial-devant-les-batiments-gouvernementaux-et-le-parlement-galerie-de-photos\/"]}]},{"@type":"ImageObject","inLanguage":"fr-BE","@id":"https:\/\/vieassociative.be\/actualites\/manifestation-du-secteur-non-commercial-devant-les-batiments-gouvernementaux-et-le-parlement-galerie-de-photos\/#primaryimage","url":"https:\/\/vieassociative.be\/actualites\/wp-content\/uploads\/2025\/12\/1765462640_Manifestation-du-secteur-non-commercial-devant-les-batiments-gouvernementaux-et.jpg","contentUrl":"https:\/\/vieassociative.be\/actualites\/wp-content\/uploads\/2025\/12\/1765462640_Manifestation-du-secteur-non-commercial-devant-les-batiments-gouvernementaux-et.jpg","width":1200,"height":800,"caption":"Manifestation du secteur non commercial devant les b\u00e2timents gouvernementaux et le Parlement (galerie de photos)"},{"@type":"BreadcrumbList","@id":"https:\/\/vieassociative.be\/actualites\/manifestation-du-secteur-non-commercial-devant-les-batiments-gouvernementaux-et-le-parlement-galerie-de-photos\/#breadcrumb","itemListElement":[{"@type":"ListItem","position":1,"name":"Accueil","item":"https:\/\/vieassociative.be\/actualites\/"},{"@type":"ListItem","position":2,"name":"Manifestation du secteur non commercial devant les b\u00e2timents gouvernementaux et le Parlement (galerie de photos)"}]},{"@type":"WebSite","@id":"https:\/\/vieassociative.be\/actualites\/#website","url":"https:\/\/vieassociative.be\/actualites\/","name":"Vie Associative","description":"","publisher":{"@id":"https:\/\/vieassociative.be\/actualites\/#organization"},"potentialAction":[{"@type":"SearchAction","target":{"@type":"EntryPoint","urlTemplate":"https:\/\/vieassociative.be\/actualites\/?s={search_term_string}"},"query-input":{"@type":"PropertyValueSpecification","valueRequired":true,"valueName":"search_term_string"}}],"inLanguage":"fr-BE"},{"@type":"Organization","@id":"https:\/\/vieassociative.be\/actualites\/#organization","name":"Vie Associative","url":"https:\/\/vieassociative.be\/actualites\/","logo":{"@type":"ImageObject","inLanguage":"fr-BE","@id":"https:\/\/vieassociative.be\/actualites\/#\/schema\/logo\/image\/","url":"https:\/\/vieassociative.be\/actualites\/wp-content\/uploads\/2024\/09\/cropped-vieassociative_favicon.ico.png","contentUrl":"https:\/\/vieassociative.be\/actualites\/wp-content\/uploads\/2024\/09\/cropped-vieassociative_favicon.ico.png","width":512,"height":512,"caption":"Vie Associative"},"image":{"@id":"https:\/\/vieassociative.be\/actualites\/#\/schema\/logo\/image\/"}},{"@type":"Person","@id":"https:\/\/vieassociative.be\/actualites\/#\/schema\/person\/b87ac4f82f9d4e7b7cec7395b679edc4","name":"Julien","image":{"@type":"ImageObject","inLanguage":"fr-BE","@id":"https:\/\/vieassociative.be\/actualites\/#\/schema\/person\/image\/","url":"https:\/\/vieassociative.be\/actualites\/wp-content\/uploads\/2024\/09\/vie-associative-1-150x150.jpg","contentUrl":"https:\/\/vieassociative.be\/actualites\/wp-content\/uploads\/2024\/09\/vie-associative-1-150x150.jpg","caption":"Julien"},"description":"Je suis Julien, r\u00e9dacteur pour Vie Associative. Passionn\u00e9 par le monde associatif depuis plus de 10 ans, j'ai \u00e0 c\u0153ur de partager des histoires inspirantes et de mettre en lumi\u00e8re les initiatives locales. Mon objectif est de sensibiliser et d'encourager l'engagement communautaire \u00e0 travers mes articles.","sameAs":["https:\/\/vieassociative.be\/"]}]}},"_links":{"self":[{"href":"https:\/\/vieassociative.be\/actualites\/wp-json\/wp\/v2\/posts\/11797"}],"collection":[{"href":"https:\/\/vieassociative.be\/actualites\/wp-json\/wp\/v2\/posts"}],"about":[{"href":"https:\/\/vieassociative.be\/actualites\/wp-json\/wp\/v2\/types\/post"}],"author":[{"embeddable":true,"href":"https:\/\/vieassociative.be\/actualites\/wp-json\/wp\/v2\/users\/1"}],"replies":[{"embeddable":true,"href":"https:\/\/vieassociative.be\/actualites\/wp-json\/wp\/v2\/comments?post=11797"}],"version-history":[{"count":0,"href":"https:\/\/vieassociative.be\/actualites\/wp-json\/wp\/v2\/posts\/11797\/revisions"}],"wp:featuredmedia":[{"embeddable":true,"href":"https:\/\/vieassociative.be\/actualites\/wp-json\/wp\/v2\/media\/11798"}],"wp:attachment":[{"href":"https:\/\/vieassociative.be\/actualites\/wp-json\/wp\/v2\/media?parent=11797"}],"wp:term":[{"taxonomy":"category","embeddable":true,"href":"https:\/\/vieassociative.be\/actualites\/wp-json\/wp\/v2\/categories?post=11797"},{"taxonomy":"post_tag","embeddable":true,"href":"https:\/\/vieassociative.be\/actualites\/wp-json\/wp\/v2\/tags?post=11797"}],"curies":[{"name":"wp","href":"https:\/\/api.w.org\/{rel}","templated":true}]}}