{"id":11795,"date":"2025-12-11T14:17:58","date_gmt":"2025-12-11T13:17:58","guid":{"rendered":"https:\/\/vieassociative.be\/actualites\/utilisez-la-methode-des-168-heures-pour-suivre-votre-productivite-hebdomadaire\/"},"modified":"2025-12-11T14:17:58","modified_gmt":"2025-12-11T13:17:58","slug":"utilisez-la-methode-des-168-heures-pour-suivre-votre-productivite-hebdomadaire","status":"publish","type":"post","link":"https:\/\/vieassociative.be\/actualites\/utilisez-la-methode-des-168-heures-pour-suivre-votre-productivite-hebdomadaire\/","title":{"rendered":"Utilisez la \u00ab m\u00e9thode des 168 heures \u00bb pour suivre votre productivit\u00e9 hebdomadaire"},"content":{"rendered":"<p>Nous pouvons gagner une commission sur les liens sur cette page.<\/p>\n<p>Il y a de nombreuses ann\u00e9es, j&rsquo;ai vu un tweet circuler qui disait quelque chose comme : \u00ab Vous avez le m\u00eame nombre d&rsquo;heures dans une journ\u00e9e que Beyonc\u00e9. \u00bb D&rsquo;un c\u00f4t\u00e9, c&rsquo;\u00e9tait ennuyeux, car m\u00eame si c&rsquo;est vrai, je n&rsquo;ai pas autant de <em>ressources<\/em>. Pourtant, oui, tout le monde dispose du m\u00eame nombre d\u2019heures dans une journ\u00e9e. <\/p>\n<p>Mais il s\u2019av\u00e8re qu\u2019il est peut-\u00eatre plus important de comprendre que nous disposons tous du m\u00eame nombre d\u2019heures dans une entreprise. <em>semaine<\/em>. C&rsquo;est la base de la \u00ab m\u00e9thode 168 \u00bb, ainsi nomm\u00e9e en r\u00e9f\u00e9rence au nombre d&rsquo;heures dans une semaine. Cette technique de productivit\u00e9 vous oblige \u00e0 \u00e9largir votre r\u00e9flexion sur le temps dont vous disposez r\u00e9ellement pour tout faire et \u00e0 agir en cons\u00e9quence. <\/p>\n<h2 id=\"what-is-the-168-method\">Qu&rsquo;est-ce que la m\u00e9thode 168 ?<\/h2>\n<p>Cette id\u00e9e vient de Laura Vanderkam, auteur de <em>168 heures\u00a0: vous disposez de plus de temps que vous ne le pensez<\/em>. (Simple\u00a0!) C&rsquo;est l&rsquo;un des rares livres sur la productivit\u00e9 que je recommande, car son principe est en fait nouveau et exploitable. Le point directeur du livre est que lorsque vous pensez \u00e0 votre temps sur des p\u00e9riodes plus longues, comme une semaine, vous r\u00e9alisez que vous en avez beaucoup et que vous pouvez faire avancer les choses assez facilement. Lorsque vous consid\u00e9rez une journ\u00e9e moyenne, en comparaison, vous pourriez conclure que vous n&rsquo;avez pas assez de temps pour faire tout ce que vous devez faire, vous ferez donc soit des excuses, soit des sacrifices, dont aucun n&rsquo;est utile pour tout r\u00e9gler.<\/p>\n<p>Lorsque vous commencez \u00e0 penser \u00e0 votre temps \u00e0 plus grande \u00e9chelle, vous pouvez cesser de vous laisser \u00e9puiser par le train-train quotidien et respirer un peu plus facilement en sachant que vous disposez en r\u00e9alit\u00e9 de plusieurs heures pour travailler. Vous pouvez \u00e9laborer un plan \u00e0 plus long terme, en prolongeant l\u00e9g\u00e8rement votre calendrier sans vous donner de <em>aussi<\/em> beaucoup de temps pour entreprendre un projet donn\u00e9 (ce qui est \u00e9galement une mauvaise chose qui peut faire d\u00e9railler la productivit\u00e9). <\/p>\n<h2 id=\"how-to-use-the-168-method-to-get-more-done\">Comment utiliser la m\u00e9thode 168 pour en faire plus<\/h2>\n<p>Votre premi\u00e8re t\u00e2che ici est de commencer \u00e0 suivre votre temps, et je veux dire de mani\u00e8re militante. Vous pouvez utiliser un logiciel de suivi du temps, un logiciel de calendrier ou de planification, un planificateur ou une vieille feuille de calcul ordinaire, mais vous devez \u00eatre diligent et honn\u00eate. Pendant au moins une semaine, notez tout ce que vous avez fait et le temps qu&rsquo;il vous a fallu pour le faire, pendant les 24 heures compl\u00e8tes de chacun des sept jours. Cela inclut dormir, fl\u00e2ner, travailler, prendre une douche, se d\u00e9placer \u2013 tout. Soyez d\u00e9taill\u00e9 \u00e9galement. Ne vous contentez pas de noter \u00ab travailler \u00bb de 9 h \u00e0 17 h. \u00c9num\u00e9rez les t\u00e2ches sur lesquelles vous avez travaill\u00e9 et pendant combien de temps, les pauses que vous avez prises et ce que vous avez fait, ainsi que tout travail suppl\u00e9mentaire que vous avez effectu\u00e9 en dehors de ces heures.<\/p>\n<p>\u00c0 la fin de la semaine (ou deux ou trois semaines, si vous vous sentez particuli\u00e8rement s\u00e9rieux), \u00e9valuez les donn\u00e9es en effectuant un examen objectif apr\u00e8s action. Aviez-vous besoin de passer deux heures \u00e0 r\u00e9pondre \u00e0 vos e-mails mardi, ou cela aurait-il pu \u00eatre fait en une demi-heure\u00a0? Quelles ont \u00e9t\u00e9 les distractions qui ont fait tra\u00eener cela ? Avez-vous consacr\u00e9 autant de temps \u00e0 un passe-temps que vous le souhaitiez\u00a0? Si non, quand aurait-il pu s\u2019int\u00e9grer ? Peut-\u00eatre jeudi soir, alors que vous parcouriez les r\u00e9seaux sociaux ? Et qu\u2019est-ce que ce d\u00e9filement vous a fait ressentir\u00a0? \u00c9tait-ce un moment de d\u00e9tente n\u00e9cessaire ou vous seriez-vous senti plus accompli si vous \u00e9tiez all\u00e9 \u00e0 la salle de sport\u00a0? (Ne soyez pas trop prompt \u00e0 annuler vos temps d&rsquo;arr\u00eat, car les pauses font \u00e9galement partie int\u00e9grante de la productivit\u00e9.)<\/p>\n<p>Vos r\u00e9ponses \u00e0 ces questions seront subjectives. Il n&rsquo;y a rien de mal en soi \u00e0 se d\u00e9tendre et \u00e0 ne rien faire, \u00e0 dormir tranquillement ou m\u00eame \u00e0 tra\u00eener les pieds sur une t\u00e2che. Mais en \u00e9tablissant un calendrier visuel clair montrant tout ce que vous avez fait (et n&rsquo;avez pas fait), vous pouvez voir exactement o\u00f9, au cours de ces 168 heures, vous auriez pu faire autre chose. Vous pouvez ensuite utiliser ces donn\u00e9es pour mieux planifier vos futures listes de t\u00e2ches et activit\u00e9s. Si vous savez que vous avez du temps suppl\u00e9mentaire le mercredi soir, c&rsquo;est peut-\u00eatre le moment o\u00f9 vous devriez pratiquer le piano ou nettoyer la cuisine. Si vous savez que vous prenez plus de temps que n\u00e9cessaire pour dresser des inventaires au travail, r\u00e9duisez ce temps et utilisez les minutes suppl\u00e9mentaires pour une autre t\u00e2che. L&rsquo;int\u00e9r\u00eat de cette m\u00e9thode n&rsquo;est pas de vous faire honte de la fa\u00e7on dont vous r\u00e9partissez votre temps, mais d&rsquo;\u00e9largir votre compr\u00e9hension de ce temps \u00e0 une semaine compl\u00e8te, o\u00f9 vous d\u00e9couvrirez presque certainement que vous avez des heures non comptabilis\u00e9es qui peuvent \u00eatre consacr\u00e9es \u00e0 des choses que vous ne pensiez pas avoir le temps de faire.<\/p>\n<p>Je ne dis pas que vous sortirez de ce voyage au m\u00eame niveau que Beyonc\u00e9, mais vous serez \u00e0 un meilleur niveau qu&rsquo;avant, ce qui est un d\u00e9but.<\/p>\n","protected":false},"excerpt":{"rendered":"<p>Nous pouvons gagner une commission sur les liens sur cette page. Il y a de nombreuses ann\u00e9es, j&rsquo;ai vu un tweet circuler qui disait quelque<\/p>\n","protected":false},"author":1,"featured_media":11796,"comment_status":"","ping_status":"","sticky":false,"template":"","format":"standard","meta":{"footnotes":""},"categories":[43],"tags":[29,9525,3258,106,81,737,243,105,8],"class_list":["post-11795","post","type-post","status-publish","format-standard","has-post-thumbnail","hentry","category-travail","tag-des","tag-hebdomadaire","tag-heures","tag-methode","tag-pour","tag-productivite","tag-suivre","tag-utilisez","tag-votre","generate-columns","tablet-grid-50","mobile-grid-100","grid-parent","grid-33"],"yoast_head":"<!-- This site is optimized with the Yoast SEO plugin v24.0 - https:\/\/yoast.com\/wordpress\/plugins\/seo\/ -->\n<title>Utilisez la \u00ab m\u00e9thode des 168 heures \u00bb pour suivre votre productivit\u00e9 hebdomadaire | Vie Associative<\/title>\n<meta name=\"robots\" content=\"index, follow, max-snippet:-1, max-image-preview:large, max-video-preview:-1\" \/>\n<link rel=\"canonical\" href=\"https:\/\/vieassociative.be\/actualites\/utilisez-la-methode-des-168-heures-pour-suivre-votre-productivite-hebdomadaire\/\" \/>\n<meta property=\"og:locale\" content=\"fr_FR\" \/>\n<meta property=\"og:type\" content=\"article\" \/>\n<meta property=\"og:title\" content=\"Utilisez la \u00ab m\u00e9thode des 168 heures \u00bb pour suivre votre productivit\u00e9 hebdomadaire | Vie Associative\" \/>\n<meta property=\"og:description\" content=\"Nous pouvons gagner une commission sur les liens sur cette page. Il y a de nombreuses ann\u00e9es, j&rsquo;ai vu un tweet circuler qui disait quelque\" \/>\n<meta property=\"og:url\" content=\"https:\/\/vieassociative.be\/actualites\/utilisez-la-methode-des-168-heures-pour-suivre-votre-productivite-hebdomadaire\/\" \/>\n<meta property=\"og:site_name\" content=\"Vie Associative\" \/>\n<meta property=\"article:published_time\" content=\"2025-12-11T13:17:58+00:00\" \/>\n<meta property=\"og:image\" content=\"https:\/\/vieassociative.be\/actualites\/wp-content\/uploads\/2024\/09\/header_backgroundk-01-e1726694325946.png\" \/>\n\t<meta property=\"og:image:width\" content=\"279\" \/>\n\t<meta property=\"og:image:height\" content=\"92\" \/>\n\t<meta property=\"og:image:type\" content=\"image\/png\" \/>\n<meta name=\"author\" content=\"Julien\" \/>\n<meta name=\"twitter:card\" content=\"summary_large_image\" \/>\n<meta name=\"twitter:label1\" content=\"\u00c9crit par\" \/>\n\t<meta name=\"twitter:data1\" content=\"Julien\" \/>\n\t<meta name=\"twitter:label2\" content=\"Dur\u00e9e de lecture est.\" \/>\n\t<meta name=\"twitter:data2\" content=\"5 minutes\" \/>\n<script type=\"application\/ld+json\" class=\"yoast-schema-graph\">{\"@context\":\"https:\/\/schema.org\",\"@graph\":[{\"@type\":\"Article\",\"@id\":\"https:\/\/vieassociative.be\/actualites\/utilisez-la-methode-des-168-heures-pour-suivre-votre-productivite-hebdomadaire\/#article\",\"isPartOf\":{\"@id\":\"https:\/\/vieassociative.be\/actualites\/utilisez-la-methode-des-168-heures-pour-suivre-votre-productivite-hebdomadaire\/\"},\"author\":{\"name\":\"Julien\",\"@id\":\"https:\/\/vieassociative.be\/actualites\/#\/schema\/person\/b87ac4f82f9d4e7b7cec7395b679edc4\"},\"headline\":\"Utilisez la \u00ab m\u00e9thode des 168 heures \u00bb pour suivre votre productivit\u00e9 hebdomadaire\",\"datePublished\":\"2025-12-11T13:17:58+00:00\",\"dateModified\":\"2025-12-11T13:17:58+00:00\",\"mainEntityOfPage\":{\"@id\":\"https:\/\/vieassociative.be\/actualites\/utilisez-la-methode-des-168-heures-pour-suivre-votre-productivite-hebdomadaire\/\"},\"wordCount\":946,\"publisher\":{\"@id\":\"https:\/\/vieassociative.be\/actualites\/#organization\"},\"image\":{\"@id\":\"https:\/\/vieassociative.be\/actualites\/utilisez-la-methode-des-168-heures-pour-suivre-votre-productivite-hebdomadaire\/#primaryimage\"},\"thumbnailUrl\":\"https:\/\/vieassociative.be\/actualites\/wp-content\/uploads\/2025\/12\/Utilisez-la-methode-des-168-heures-pour-suivre.png\",\"keywords\":[\"Des\",\"hebdomadaire\",\"heures\",\"m\u00e9thode\",\"pour\",\"productivit\u00e9\",\"suivre\",\"Utilisez\",\"votre\"],\"articleSection\":[\"Travail\"],\"inLanguage\":\"fr-BE\"},{\"@type\":\"WebPage\",\"@id\":\"https:\/\/vieassociative.be\/actualites\/utilisez-la-methode-des-168-heures-pour-suivre-votre-productivite-hebdomadaire\/\",\"url\":\"https:\/\/vieassociative.be\/actualites\/utilisez-la-methode-des-168-heures-pour-suivre-votre-productivite-hebdomadaire\/\",\"name\":\"Utilisez la \u00ab m\u00e9thode des 168 heures \u00bb pour suivre votre productivit\u00e9 hebdomadaire | Vie Associative\",\"isPartOf\":{\"@id\":\"https:\/\/vieassociative.be\/actualites\/#website\"},\"primaryImageOfPage\":{\"@id\":\"https:\/\/vieassociative.be\/actualites\/utilisez-la-methode-des-168-heures-pour-suivre-votre-productivite-hebdomadaire\/#primaryimage\"},\"image\":{\"@id\":\"https:\/\/vieassociative.be\/actualites\/utilisez-la-methode-des-168-heures-pour-suivre-votre-productivite-hebdomadaire\/#primaryimage\"},\"thumbnailUrl\":\"https:\/\/vieassociative.be\/actualites\/wp-content\/uploads\/2025\/12\/Utilisez-la-methode-des-168-heures-pour-suivre.png\",\"datePublished\":\"2025-12-11T13:17:58+00:00\",\"dateModified\":\"2025-12-11T13:17:58+00:00\",\"breadcrumb\":{\"@id\":\"https:\/\/vieassociative.be\/actualites\/utilisez-la-methode-des-168-heures-pour-suivre-votre-productivite-hebdomadaire\/#breadcrumb\"},\"inLanguage\":\"fr-BE\",\"potentialAction\":[{\"@type\":\"ReadAction\",\"target\":[\"https:\/\/vieassociative.be\/actualites\/utilisez-la-methode-des-168-heures-pour-suivre-votre-productivite-hebdomadaire\/\"]}]},{\"@type\":\"ImageObject\",\"inLanguage\":\"fr-BE\",\"@id\":\"https:\/\/vieassociative.be\/actualites\/utilisez-la-methode-des-168-heures-pour-suivre-votre-productivite-hebdomadaire\/#primaryimage\",\"url\":\"https:\/\/vieassociative.be\/actualites\/wp-content\/uploads\/2025\/12\/Utilisez-la-methode-des-168-heures-pour-suivre.png\",\"contentUrl\":\"https:\/\/vieassociative.be\/actualites\/wp-content\/uploads\/2025\/12\/Utilisez-la-methode-des-168-heures-pour-suivre.png\",\"width\":1200,\"height\":675,\"caption\":\"Utilisez la \u00ab m\u00e9thode des 168 heures \u00bb pour suivre votre productivit\u00e9 hebdomadaire\"},{\"@type\":\"BreadcrumbList\",\"@id\":\"https:\/\/vieassociative.be\/actualites\/utilisez-la-methode-des-168-heures-pour-suivre-votre-productivite-hebdomadaire\/#breadcrumb\",\"itemListElement\":[{\"@type\":\"ListItem\",\"position\":1,\"name\":\"Accueil\",\"item\":\"https:\/\/vieassociative.be\/actualites\/\"},{\"@type\":\"ListItem\",\"position\":2,\"name\":\"Utilisez la \u00ab m\u00e9thode des 168 heures \u00bb pour suivre votre productivit\u00e9 hebdomadaire\"}]},{\"@type\":\"WebSite\",\"@id\":\"https:\/\/vieassociative.be\/actualites\/#website\",\"url\":\"https:\/\/vieassociative.be\/actualites\/\",\"name\":\"Vie Associative\",\"description\":\"\",\"publisher\":{\"@id\":\"https:\/\/vieassociative.be\/actualites\/#organization\"},\"potentialAction\":[{\"@type\":\"SearchAction\",\"target\":{\"@type\":\"EntryPoint\",\"urlTemplate\":\"https:\/\/vieassociative.be\/actualites\/?s={search_term_string}\"},\"query-input\":{\"@type\":\"PropertyValueSpecification\",\"valueRequired\":true,\"valueName\":\"search_term_string\"}}],\"inLanguage\":\"fr-BE\"},{\"@type\":\"Organization\",\"@id\":\"https:\/\/vieassociative.be\/actualites\/#organization\",\"name\":\"Vie Associative\",\"url\":\"https:\/\/vieassociative.be\/actualites\/\",\"logo\":{\"@type\":\"ImageObject\",\"inLanguage\":\"fr-BE\",\"@id\":\"https:\/\/vieassociative.be\/actualites\/#\/schema\/logo\/image\/\",\"url\":\"https:\/\/vieassociative.be\/actualites\/wp-content\/uploads\/2024\/09\/cropped-vieassociative_favicon.ico.png\",\"contentUrl\":\"https:\/\/vieassociative.be\/actualites\/wp-content\/uploads\/2024\/09\/cropped-vieassociative_favicon.ico.png\",\"width\":512,\"height\":512,\"caption\":\"Vie Associative\"},\"image\":{\"@id\":\"https:\/\/vieassociative.be\/actualites\/#\/schema\/logo\/image\/\"}},{\"@type\":\"Person\",\"@id\":\"https:\/\/vieassociative.be\/actualites\/#\/schema\/person\/b87ac4f82f9d4e7b7cec7395b679edc4\",\"name\":\"Julien\",\"image\":{\"@type\":\"ImageObject\",\"inLanguage\":\"fr-BE\",\"@id\":\"https:\/\/vieassociative.be\/actualites\/#\/schema\/person\/image\/\",\"url\":\"https:\/\/vieassociative.be\/actualites\/wp-content\/uploads\/2024\/09\/vie-associative-1-150x150.jpg\",\"contentUrl\":\"https:\/\/vieassociative.be\/actualites\/wp-content\/uploads\/2024\/09\/vie-associative-1-150x150.jpg\",\"caption\":\"Julien\"},\"description\":\"Je suis Julien, r\u00e9dacteur pour Vie Associative. Passionn\u00e9 par le monde associatif depuis plus de 10 ans, j'ai \u00e0 c\u0153ur de partager des histoires inspirantes et de mettre en lumi\u00e8re les initiatives locales. Mon objectif est de sensibiliser et d'encourager l'engagement communautaire \u00e0 travers mes articles.\",\"sameAs\":[\"https:\/\/vieassociative.be\/\"]}]}<\/script>\n<!-- \/ Yoast SEO plugin. -->","yoast_head_json":{"title":"Utilisez la \u00ab m\u00e9thode des 168 heures \u00bb pour suivre votre productivit\u00e9 hebdomadaire | Vie Associative","robots":{"index":"index","follow":"follow","max-snippet":"max-snippet:-1","max-image-preview":"max-image-preview:large","max-video-preview":"max-video-preview:-1"},"canonical":"https:\/\/vieassociative.be\/actualites\/utilisez-la-methode-des-168-heures-pour-suivre-votre-productivite-hebdomadaire\/","og_locale":"fr_FR","og_type":"article","og_title":"Utilisez la \u00ab m\u00e9thode des 168 heures \u00bb pour suivre votre productivit\u00e9 hebdomadaire | Vie Associative","og_description":"Nous pouvons gagner une commission sur les liens sur cette page. Il y a de nombreuses ann\u00e9es, j&rsquo;ai vu un tweet circuler qui disait quelque","og_url":"https:\/\/vieassociative.be\/actualites\/utilisez-la-methode-des-168-heures-pour-suivre-votre-productivite-hebdomadaire\/","og_site_name":"Vie Associative","article_published_time":"2025-12-11T13:17:58+00:00","og_image":[{"width":279,"height":92,"url":"https:\/\/vieassociative.be\/actualites\/wp-content\/uploads\/2024\/09\/header_backgroundk-01-e1726694325946.png","type":"image\/png"}],"author":"Julien","twitter_card":"summary_large_image","twitter_misc":{"\u00c9crit par":"Julien","Dur\u00e9e de lecture est.":"5 minutes"},"schema":{"@context":"https:\/\/schema.org","@graph":[{"@type":"Article","@id":"https:\/\/vieassociative.be\/actualites\/utilisez-la-methode-des-168-heures-pour-suivre-votre-productivite-hebdomadaire\/#article","isPartOf":{"@id":"https:\/\/vieassociative.be\/actualites\/utilisez-la-methode-des-168-heures-pour-suivre-votre-productivite-hebdomadaire\/"},"author":{"name":"Julien","@id":"https:\/\/vieassociative.be\/actualites\/#\/schema\/person\/b87ac4f82f9d4e7b7cec7395b679edc4"},"headline":"Utilisez la \u00ab m\u00e9thode des 168 heures \u00bb pour suivre votre productivit\u00e9 hebdomadaire","datePublished":"2025-12-11T13:17:58+00:00","dateModified":"2025-12-11T13:17:58+00:00","mainEntityOfPage":{"@id":"https:\/\/vieassociative.be\/actualites\/utilisez-la-methode-des-168-heures-pour-suivre-votre-productivite-hebdomadaire\/"},"wordCount":946,"publisher":{"@id":"https:\/\/vieassociative.be\/actualites\/#organization"},"image":{"@id":"https:\/\/vieassociative.be\/actualites\/utilisez-la-methode-des-168-heures-pour-suivre-votre-productivite-hebdomadaire\/#primaryimage"},"thumbnailUrl":"https:\/\/vieassociative.be\/actualites\/wp-content\/uploads\/2025\/12\/Utilisez-la-methode-des-168-heures-pour-suivre.png","keywords":["Des","hebdomadaire","heures","m\u00e9thode","pour","productivit\u00e9","suivre","Utilisez","votre"],"articleSection":["Travail"],"inLanguage":"fr-BE"},{"@type":"WebPage","@id":"https:\/\/vieassociative.be\/actualites\/utilisez-la-methode-des-168-heures-pour-suivre-votre-productivite-hebdomadaire\/","url":"https:\/\/vieassociative.be\/actualites\/utilisez-la-methode-des-168-heures-pour-suivre-votre-productivite-hebdomadaire\/","name":"Utilisez la \u00ab m\u00e9thode des 168 heures \u00bb pour suivre votre productivit\u00e9 hebdomadaire | Vie Associative","isPartOf":{"@id":"https:\/\/vieassociative.be\/actualites\/#website"},"primaryImageOfPage":{"@id":"https:\/\/vieassociative.be\/actualites\/utilisez-la-methode-des-168-heures-pour-suivre-votre-productivite-hebdomadaire\/#primaryimage"},"image":{"@id":"https:\/\/vieassociative.be\/actualites\/utilisez-la-methode-des-168-heures-pour-suivre-votre-productivite-hebdomadaire\/#primaryimage"},"thumbnailUrl":"https:\/\/vieassociative.be\/actualites\/wp-content\/uploads\/2025\/12\/Utilisez-la-methode-des-168-heures-pour-suivre.png","datePublished":"2025-12-11T13:17:58+00:00","dateModified":"2025-12-11T13:17:58+00:00","breadcrumb":{"@id":"https:\/\/vieassociative.be\/actualites\/utilisez-la-methode-des-168-heures-pour-suivre-votre-productivite-hebdomadaire\/#breadcrumb"},"inLanguage":"fr-BE","potentialAction":[{"@type":"ReadAction","target":["https:\/\/vieassociative.be\/actualites\/utilisez-la-methode-des-168-heures-pour-suivre-votre-productivite-hebdomadaire\/"]}]},{"@type":"ImageObject","inLanguage":"fr-BE","@id":"https:\/\/vieassociative.be\/actualites\/utilisez-la-methode-des-168-heures-pour-suivre-votre-productivite-hebdomadaire\/#primaryimage","url":"https:\/\/vieassociative.be\/actualites\/wp-content\/uploads\/2025\/12\/Utilisez-la-methode-des-168-heures-pour-suivre.png","contentUrl":"https:\/\/vieassociative.be\/actualites\/wp-content\/uploads\/2025\/12\/Utilisez-la-methode-des-168-heures-pour-suivre.png","width":1200,"height":675,"caption":"Utilisez la \u00ab m\u00e9thode des 168 heures \u00bb pour suivre votre productivit\u00e9 hebdomadaire"},{"@type":"BreadcrumbList","@id":"https:\/\/vieassociative.be\/actualites\/utilisez-la-methode-des-168-heures-pour-suivre-votre-productivite-hebdomadaire\/#breadcrumb","itemListElement":[{"@type":"ListItem","position":1,"name":"Accueil","item":"https:\/\/vieassociative.be\/actualites\/"},{"@type":"ListItem","position":2,"name":"Utilisez la \u00ab m\u00e9thode des 168 heures \u00bb pour suivre votre productivit\u00e9 hebdomadaire"}]},{"@type":"WebSite","@id":"https:\/\/vieassociative.be\/actualites\/#website","url":"https:\/\/vieassociative.be\/actualites\/","name":"Vie Associative","description":"","publisher":{"@id":"https:\/\/vieassociative.be\/actualites\/#organization"},"potentialAction":[{"@type":"SearchAction","target":{"@type":"EntryPoint","urlTemplate":"https:\/\/vieassociative.be\/actualites\/?s={search_term_string}"},"query-input":{"@type":"PropertyValueSpecification","valueRequired":true,"valueName":"search_term_string"}}],"inLanguage":"fr-BE"},{"@type":"Organization","@id":"https:\/\/vieassociative.be\/actualites\/#organization","name":"Vie Associative","url":"https:\/\/vieassociative.be\/actualites\/","logo":{"@type":"ImageObject","inLanguage":"fr-BE","@id":"https:\/\/vieassociative.be\/actualites\/#\/schema\/logo\/image\/","url":"https:\/\/vieassociative.be\/actualites\/wp-content\/uploads\/2024\/09\/cropped-vieassociative_favicon.ico.png","contentUrl":"https:\/\/vieassociative.be\/actualites\/wp-content\/uploads\/2024\/09\/cropped-vieassociative_favicon.ico.png","width":512,"height":512,"caption":"Vie Associative"},"image":{"@id":"https:\/\/vieassociative.be\/actualites\/#\/schema\/logo\/image\/"}},{"@type":"Person","@id":"https:\/\/vieassociative.be\/actualites\/#\/schema\/person\/b87ac4f82f9d4e7b7cec7395b679edc4","name":"Julien","image":{"@type":"ImageObject","inLanguage":"fr-BE","@id":"https:\/\/vieassociative.be\/actualites\/#\/schema\/person\/image\/","url":"https:\/\/vieassociative.be\/actualites\/wp-content\/uploads\/2024\/09\/vie-associative-1-150x150.jpg","contentUrl":"https:\/\/vieassociative.be\/actualites\/wp-content\/uploads\/2024\/09\/vie-associative-1-150x150.jpg","caption":"Julien"},"description":"Je suis Julien, r\u00e9dacteur pour Vie Associative. Passionn\u00e9 par le monde associatif depuis plus de 10 ans, j'ai \u00e0 c\u0153ur de partager des histoires inspirantes et de mettre en lumi\u00e8re les initiatives locales. Mon objectif est de sensibiliser et d'encourager l'engagement communautaire \u00e0 travers mes articles.","sameAs":["https:\/\/vieassociative.be\/"]}]}},"_links":{"self":[{"href":"https:\/\/vieassociative.be\/actualites\/wp-json\/wp\/v2\/posts\/11795"}],"collection":[{"href":"https:\/\/vieassociative.be\/actualites\/wp-json\/wp\/v2\/posts"}],"about":[{"href":"https:\/\/vieassociative.be\/actualites\/wp-json\/wp\/v2\/types\/post"}],"author":[{"embeddable":true,"href":"https:\/\/vieassociative.be\/actualites\/wp-json\/wp\/v2\/users\/1"}],"replies":[{"embeddable":true,"href":"https:\/\/vieassociative.be\/actualites\/wp-json\/wp\/v2\/comments?post=11795"}],"version-history":[{"count":0,"href":"https:\/\/vieassociative.be\/actualites\/wp-json\/wp\/v2\/posts\/11795\/revisions"}],"wp:featuredmedia":[{"embeddable":true,"href":"https:\/\/vieassociative.be\/actualites\/wp-json\/wp\/v2\/media\/11796"}],"wp:attachment":[{"href":"https:\/\/vieassociative.be\/actualites\/wp-json\/wp\/v2\/media?parent=11795"}],"wp:term":[{"taxonomy":"category","embeddable":true,"href":"https:\/\/vieassociative.be\/actualites\/wp-json\/wp\/v2\/categories?post=11795"},{"taxonomy":"post_tag","embeddable":true,"href":"https:\/\/vieassociative.be\/actualites\/wp-json\/wp\/v2\/tags?post=11795"}],"curies":[{"name":"wp","href":"https:\/\/api.w.org\/{rel}","templated":true}]}}