{"id":11793,"date":"2025-12-11T09:17:52","date_gmt":"2025-12-11T08:17:52","guid":{"rendered":"https:\/\/vieassociative.be\/actualites\/interdiction-des-reseaux-sociaux-pour-les-moins-de-16-ans-en-australie-la-loi-tres-controversee-entre-en-vigueur-aujourdhui\/"},"modified":"2025-12-11T09:17:52","modified_gmt":"2025-12-11T08:17:52","slug":"interdiction-des-reseaux-sociaux-pour-les-moins-de-16-ans-en-australie-la-loi-tres-controversee-entre-en-vigueur-aujourdhui","status":"publish","type":"post","link":"https:\/\/vieassociative.be\/actualites\/interdiction-des-reseaux-sociaux-pour-les-moins-de-16-ans-en-australie-la-loi-tres-controversee-entre-en-vigueur-aujourdhui\/","title":{"rendered":"Interdiction des r\u00e9seaux sociaux pour les moins de 16 ans en Australie \u2013 La loi tr\u00e8s controvers\u00e9e entre en vigueur aujourd&rsquo;hui"},"content":{"rendered":"<p><strong>L&rsquo;Australie entre dans l&rsquo;histoire de la protection num\u00e9rique de l&rsquo;enfance : d\u00e9sormais, les enfants et les jeunes de moins de 16 ans ne sont plus autoris\u00e9s \u00e0 avoir leur propre compte sur de nombreuses grandes plateformes de m\u00e9dias sociaux. Dix services sont concern\u00e9s, dont Instagram, Tiktok, Snapchat, Facebook, YouTube, X, Reddit et Twitch.<\/strong><\/p>\n<p><span id=\"more-431460\"><\/span>La loi tr\u00e8s controvers\u00e9e a \u00e9t\u00e9 adopt\u00e9e fin 2024 et est entr\u00e9e en vigueur mercredi (heure locale) malgr\u00e9 les critiques et un proc\u00e8s devant la Cour supr\u00eame. Presque tous les grands partis ont soutenu l&rsquo;initiative du Premier ministre Anthony Albanese au Parlement. Les plateformes ont eu douze mois pour mettre en \u0153uvre la nouvelle limite d&rsquo;\u00e2ge.<\/p>\n<p>L&rsquo;objectif est de prot\u00e9ger les enfants et les jeunes contre les risques li\u00e9s \u00e0 l&rsquo;utilisation des m\u00e9dias sociaux, tels que le temps d&rsquo;\u00e9cran excessif, la cyberintimidation et la consommation de contenus pouvant avoir un impact n\u00e9gatif sur la sant\u00e9 mentale et, \u00e0 terme, physique.<\/p>\n<div id=\"attachment_431467\" class=\"wp-caption alignleft\" style=\"max-width: 300px\"><img fetchpriority=\"high\" decoding=\"async\" class=\"wp-image-431467 size-medium\" src=\"https:\/\/vieassociative.be\/actualites\/wp-content\/uploads\/2025\/12\/Interdiction-des-reseaux-sociaux-pour-les-moins-de-16-ans.jpg\" alt=\"\" width=\"300\" height=\"200\"><\/div>\n<p><strong>\u2013 \u00ab Enfance normale \u00bb au lieu d\u2019un d\u00e9filement sans fin :<\/strong> Julie Inman Grant, d\u00e9fenseure de la s\u00e9curit\u00e9 en ligne, a d\u00e9clar\u00e9 que l&rsquo;acc\u00e8s ult\u00e9rieur aux m\u00e9dias sociaux a donn\u00e9 aux jeunes un temps pr\u00e9cieux pour se d\u00e9velopper sans les \u00ab forces puissantes et invisibles des algorithmes opaques et du d\u00e9filement sans fin \u00bb.<\/p>\n<p>Le Premier ministre Albanese a d\u00e9crit les m\u00e9dias sociaux comme un \u00ab fl\u00e9au \u00bb de la soci\u00e9t\u00e9 actuelle qui \u00e9loigne les jeunes d&rsquo;une enfance normale, avec de vrais amis et de vraies exp\u00e9riences. \u00ab\u00a0Nous voulons que nos plus jeunes Australiens passent plus de temps dehors, fassent de l&rsquo;exercice, interagissent les uns avec les autres de mani\u00e8re normale \u2013 et passent moins de temps en ligne.\u00a0\u00bb Dans un message vid\u00e9o adress\u00e9 aux enfants et aux jeunes, il a appel\u00e9 \u00e0 ce qu&rsquo;au lieu de passer du temps devant leur smartphone, ils puissent profiter des prochaines vacances de No\u00ebl pour apprendre un instrument, lire des livres ou faire quelque chose en famille.<\/p>\n<p>Dans une interview t\u00e9l\u00e9vis\u00e9e, Albanese a d\u00e9crit le 10 d\u00e9cembre comme un \u00ab jour de fiert\u00e9 \u00bb pour lui et son gouvernement. La loi soutient les parents dans leurs efforts pour prot\u00e9ger leur prog\u00e9niture. Les m\u00e9dias sociaux sont comme une drogue addictive qui \u00ab\u00a0d\u00e9clenche quelque chose dans le cerveau des utilisateurs qui les incite \u00e0 continuer \u00e0 d\u00e9filer \u2013 et bien s\u00fbr, cela affecte les adultes de la m\u00eame mani\u00e8re\u00a0\u00bb.<\/p>\n<p><strong>\u2013 Les plateformes s\u2019exposent \u00e0 des amendes :<\/strong> Avec l\u2019entr\u00e9e en vigueur de l\u2019interdiction, la responsabilit\u00e9 incombe d\u00e9sormais explicitement aux plateformes, et non aux parents ou \u00e0 leurs enfants. Toute personne de moins de 16 ans ne sera pas sanctionn\u00e9e, mais les services seront sanctionn\u00e9s s&rsquo;ils ignorent la r\u00e9glementation. Les plateformes qui n\u2019effectuent pas de contr\u00f4le d\u2019\u00e2ge s\u2019exposent \u00e0 de lourdes amendes pouvant atteindre 49,5 millions de dollars australiens (27,9 millions d\u2019euros).<\/p>\n<p>Selon les m\u00e9dias australiens, Reddit se pr\u00e9pare d\u00e9j\u00e0 \u00e0 contester l&rsquo;interdiction devant les tribunaux. La plateforme de m\u00e9dias sociaux avait pr\u00e9c\u00e9demment d\u00e9clar\u00e9 qu\u2019elle se conformerait aux exigences, m\u00eame si les termes de la loi \u00e9taient inacceptables.<\/p>\n<div id=\"attachment_431468\" class=\"wp-caption alignleft\" style=\"max-width: 300px\"><img decoding=\"async\" class=\"wp-image-431468 size-medium\" src=\"https:\/\/vieassociative.be\/actualites\/wp-content\/uploads\/2025\/12\/1765441071_585_Interdiction-des-reseaux-sociaux-pour-les-moins-de-16-ans.jpg\" alt=\"\" width=\"300\" height=\"200\"><\/div>\n<p>Sont exempt\u00e9s de cette interdiction les services de messagerie et de courrier \u00e9lectronique, les appels vocaux et vid\u00e9o, les jeux en ligne et les offres \u00e9ducatives. Les plateformes de jeux populaires telles que Roblox et les applications telles que Whatsapp ou Messenger ne sont pas non plus soumises \u00e0 la nouvelle r\u00e9glementation \u2013 du moins jusqu&rsquo;\u00e0 pr\u00e9sent.<\/p>\n<p><strong>\u2013 Le jeune plaignant se souvient de \u00ab\u00a01984\u00a0\u00bb d\u2019Orwell\u00a0:<\/strong> Ce n\u2019est que fin novembre que l\u2019organisation \u00ab Digital Freedom Project \u00bb a port\u00e9 plainte devant la Cour supr\u00eame de Canberra. Le groupe affirme que l\u2019interdiction est excessive et constitue une \u00ab attaque directe contre le droit des jeunes \u00e0 la libre communication politique \u00bb. Deux jeunes de 15 ans comparaissent comme plaignants. L&rsquo;une d&rsquo;elles, une jeune fille nomm\u00e9e Macy, estime que la loi lui rappelle le roman \u00ab\u00a01984\u00a0\u00bb de George Orwell, qui d\u00e9crit une soci\u00e9t\u00e9 de surveillance totalitaire.<\/p>\n<p>Mais les jeunes, les experts et les critiques ne sont pas les seuls \u00e0 \u00eatre sceptiques. Beaucoup affirment que les adolescents se tournent simplement vers d\u2019autres services, tels que les plateformes de jeux ou de messagerie, o\u00f9 le risque et le contr\u00f4le sont encore plus difficiles. D\u2019autres estiment que le gouvernement n\u2019aurait pas d\u00fb investir dans une interdiction, mais plut\u00f4t dans des programmes visant \u00e0 aider les enfants \u00e0 rester en s\u00e9curit\u00e9 sur les r\u00e9seaux sociaux.<\/p>\n<p>La Commission australienne des droits de l\u2019homme (AHRC) est \u00e9galement convaincue qu\u2019une interdiction g\u00e9n\u00e9rale n\u2019est pas la bonne r\u00e9ponse : \u00ab Il existe des alternatives moins restrictives qui pourraient permettre d\u2019atteindre l\u2019objectif de prot\u00e9ger les enfants et les jeunes contre les dangers en ligne sans restreindre aussi s\u00e9v\u00e8rement les autres droits de l\u2019homme. \u00bb<\/p>\n<p>Une alternative serait donc d\u2019imposer une obligation l\u00e9gale de diligence aux entreprises technologiques. \u00ab\u00a0Cela les obligerait \u00e0 prendre des mesures appropri\u00e9es pour rendre leurs produits sans danger pour les enfants et les jeunes\u00a0\u00bb, a d\u00e9clar\u00e9 l&rsquo;AHRC. Cependant, l\u2019exp\u00e9rience montre \u00e9galement que beaucoup est fait dans le secteur rentable pour contourner ces restrictions.<\/p>\n<div id=\"attachment_191394\" class=\"wp-caption alignleft\" style=\"max-width: 300px\"><img decoding=\"async\" class=\"wp-image-191394 size-medium\" src=\"https:\/\/vieassociative.be\/actualites\/wp-content\/uploads\/2025\/04\/Faire-des-choses-Info-Evening-of-the-CSP-sur-le.jpeg\" alt=\"\" width=\"300\" height=\"200\"  ><\/div>\n<p><strong>\u2013 Comment v\u00e9rifie-t-on l\u2019\u00e2ge ?<\/strong> Peu avant leur lancement, des services en ligne comme Snapchat demandaient \u00e0 des centaines de milliers d\u2019utilisateurs de prouver leur \u00e2ge. Les notifications ont \u00e9t\u00e9 envoy\u00e9es \u00e0 des comptes qui, selon Snapchat, sont susceptibles d&rsquo;\u00eatre utilis\u00e9s par des enfants et des jeunes de moins de 16 ans. La plateforme a utilis\u00e9 des \u00ab signaux bas\u00e9s sur le comportement \u00bb issus d&rsquo;activit\u00e9s ainsi que des donn\u00e9es d&rsquo;\u00e2ge autod\u00e9clar\u00e9es.<\/p>\n<p>Cependant, les utilisateurs concern\u00e9s ont eu la possibilit\u00e9 de t\u00e9l\u00e9charger \u00e0 l\u2019avance leurs propres donn\u00e9es telles que des discussions, des rappels et des vid\u00e9os. Pour l\u2019instant, les comptes sont bloqu\u00e9s \u2013 et le resteront jusqu\u2019\u00e0 ce que les utilisateurs atteignent 16 ans.<\/p>\n<p>Le Premier ministre Albanese a r\u00e9cemment admis dans une interview accord\u00e9e \u00e0 la cha\u00eene de t\u00e9l\u00e9vision 7News que la loi n&rsquo;\u00e9tait pas parfaite, mais qu&rsquo;elle trouverait certainement des imitateurs : \u00ab Nous sommes le leader mondial ici, mais le monde suivra l&rsquo;Australie. \u00bb<\/p>\n<p><strong>\u2013 D\u2019autres pays suivront-ils cet exemple ?<\/strong> Des discussions sont d\u00e9sormais en cours dans de nombreux pays. Le Parlement europ\u00e9en a r\u00e9cemment vot\u00e9 \u00e0 une nette majorit\u00e9 en faveur d&rsquo;un \u00e2ge minimum \u00e0 l&rsquo;\u00e9chelle de l&rsquo;UE. Toutefois, le rapport adopt\u00e9 n&rsquo;a pas encore eu d&rsquo;effet contraignant. Le gouvernement danois a r\u00e9cemment convenu avec l&rsquo;opposition au Parlement d&rsquo;introduire une limite d&rsquo;\u00e2ge nationale de 15 ans pour acc\u00e9der \u00e0 certains m\u00e9dias sociaux. (dpa)<\/p>\n","protected":false},"excerpt":{"rendered":"<p>L&rsquo;Australie entre dans l&rsquo;histoire de la protection num\u00e9rique de l&rsquo;enfance : d\u00e9sormais, les enfants et les jeunes de moins de 16 ans ne sont plus<\/p>\n","protected":false},"author":1,"featured_media":11794,"comment_status":"","ping_status":"","sticky":false,"template":"","format":"standard","meta":{"footnotes":""},"categories":[298],"tags":[584,2330,8553,8733,29,70,3574,14,5077,469,81,864,865,2493,5111],"class_list":["post-11793","post","type-post","status-publish","format-standard","has-post-thumbnail","hentry","category-belgique","tag-ans","tag-aujourdhui","tag-australie","tag-controversee","tag-des","tag-entre","tag-interdiction","tag-les","tag-loi","tag-moins","tag-pour","tag-reseaux","tag-sociaux","tag-tres","tag-vigueur","generate-columns","tablet-grid-50","mobile-grid-100","grid-parent","grid-33"],"yoast_head":"<!-- This site is optimized with the Yoast SEO plugin v24.0 - https:\/\/yoast.com\/wordpress\/plugins\/seo\/ -->\n<title>Interdiction des r\u00e9seaux sociaux pour les moins de 16 ans en Australie \u2013 La loi tr\u00e8s controvers\u00e9e entre en vigueur aujourd&#039;hui | Vie Associative<\/title>\n<meta name=\"robots\" content=\"index, follow, max-snippet:-1, max-image-preview:large, max-video-preview:-1\" \/>\n<link rel=\"canonical\" href=\"https:\/\/vieassociative.be\/actualites\/interdiction-des-reseaux-sociaux-pour-les-moins-de-16-ans-en-australie-la-loi-tres-controversee-entre-en-vigueur-aujourdhui\/\" \/>\n<meta property=\"og:locale\" content=\"fr_FR\" \/>\n<meta property=\"og:type\" content=\"article\" \/>\n<meta property=\"og:title\" content=\"Interdiction des r\u00e9seaux sociaux pour les moins de 16 ans en Australie \u2013 La loi tr\u00e8s controvers\u00e9e entre en vigueur aujourd&#039;hui | Vie Associative\" \/>\n<meta property=\"og:description\" content=\"L&rsquo;Australie entre dans l&rsquo;histoire de la protection num\u00e9rique de l&rsquo;enfance : d\u00e9sormais, les enfants et les jeunes de moins de 16 ans ne sont plus\" \/>\n<meta property=\"og:url\" content=\"https:\/\/vieassociative.be\/actualites\/interdiction-des-reseaux-sociaux-pour-les-moins-de-16-ans-en-australie-la-loi-tres-controversee-entre-en-vigueur-aujourdhui\/\" \/>\n<meta property=\"og:site_name\" content=\"Vie Associative\" \/>\n<meta property=\"article:published_time\" content=\"2025-12-11T08:17:52+00:00\" \/>\n<meta property=\"og:image\" content=\"https:\/\/vieassociative.be\/actualites\/wp-content\/uploads\/2024\/09\/header_backgroundk-01-e1726694325946.png\" \/>\n\t<meta property=\"og:image:width\" content=\"279\" \/>\n\t<meta property=\"og:image:height\" content=\"92\" \/>\n\t<meta property=\"og:image:type\" content=\"image\/png\" \/>\n<meta name=\"author\" content=\"Julien\" \/>\n<meta name=\"twitter:card\" content=\"summary_large_image\" \/>\n<meta name=\"twitter:label1\" content=\"\u00c9crit par\" \/>\n\t<meta name=\"twitter:data1\" content=\"Julien\" \/>\n\t<meta name=\"twitter:label2\" content=\"Dur\u00e9e de lecture est.\" \/>\n\t<meta name=\"twitter:data2\" content=\"6 minutes\" \/>\n<script type=\"application\/ld+json\" class=\"yoast-schema-graph\">{\"@context\":\"https:\/\/schema.org\",\"@graph\":[{\"@type\":\"Article\",\"@id\":\"https:\/\/vieassociative.be\/actualites\/interdiction-des-reseaux-sociaux-pour-les-moins-de-16-ans-en-australie-la-loi-tres-controversee-entre-en-vigueur-aujourdhui\/#article\",\"isPartOf\":{\"@id\":\"https:\/\/vieassociative.be\/actualites\/interdiction-des-reseaux-sociaux-pour-les-moins-de-16-ans-en-australie-la-loi-tres-controversee-entre-en-vigueur-aujourdhui\/\"},\"author\":{\"name\":\"Julien\",\"@id\":\"https:\/\/vieassociative.be\/actualites\/#\/schema\/person\/b87ac4f82f9d4e7b7cec7395b679edc4\"},\"headline\":\"Interdiction des r\u00e9seaux sociaux pour les moins de 16 ans en Australie \u2013 La loi tr\u00e8s controvers\u00e9e entre en vigueur aujourd&rsquo;hui\",\"datePublished\":\"2025-12-11T08:17:52+00:00\",\"dateModified\":\"2025-12-11T08:17:52+00:00\",\"mainEntityOfPage\":{\"@id\":\"https:\/\/vieassociative.be\/actualites\/interdiction-des-reseaux-sociaux-pour-les-moins-de-16-ans-en-australie-la-loi-tres-controversee-entre-en-vigueur-aujourdhui\/\"},\"wordCount\":1172,\"publisher\":{\"@id\":\"https:\/\/vieassociative.be\/actualites\/#organization\"},\"image\":{\"@id\":\"https:\/\/vieassociative.be\/actualites\/interdiction-des-reseaux-sociaux-pour-les-moins-de-16-ans-en-australie-la-loi-tres-controversee-entre-en-vigueur-aujourdhui\/#primaryimage\"},\"thumbnailUrl\":\"https:\/\/vieassociative.be\/actualites\/wp-content\/uploads\/2025\/12\/1765441072_Interdiction-des-reseaux-sociaux-pour-les-moins-de-16-ans.jpg\",\"keywords\":[\"ans\",\"aujourdhui\",\"Australie\",\"controvers\u00e9e\",\"Des\",\"entre\",\"Interdiction\",\"Les\",\"loi\",\"moins\",\"pour\",\"r\u00e9seaux\",\"sociaux\",\"tr\u00e8s\",\"vigueur\"],\"articleSection\":[\"Belgique\"],\"inLanguage\":\"fr-BE\"},{\"@type\":\"WebPage\",\"@id\":\"https:\/\/vieassociative.be\/actualites\/interdiction-des-reseaux-sociaux-pour-les-moins-de-16-ans-en-australie-la-loi-tres-controversee-entre-en-vigueur-aujourdhui\/\",\"url\":\"https:\/\/vieassociative.be\/actualites\/interdiction-des-reseaux-sociaux-pour-les-moins-de-16-ans-en-australie-la-loi-tres-controversee-entre-en-vigueur-aujourdhui\/\",\"name\":\"Interdiction des r\u00e9seaux sociaux pour les moins de 16 ans en Australie \u2013 La loi tr\u00e8s controvers\u00e9e entre en vigueur aujourd'hui | Vie Associative\",\"isPartOf\":{\"@id\":\"https:\/\/vieassociative.be\/actualites\/#website\"},\"primaryImageOfPage\":{\"@id\":\"https:\/\/vieassociative.be\/actualites\/interdiction-des-reseaux-sociaux-pour-les-moins-de-16-ans-en-australie-la-loi-tres-controversee-entre-en-vigueur-aujourdhui\/#primaryimage\"},\"image\":{\"@id\":\"https:\/\/vieassociative.be\/actualites\/interdiction-des-reseaux-sociaux-pour-les-moins-de-16-ans-en-australie-la-loi-tres-controversee-entre-en-vigueur-aujourdhui\/#primaryimage\"},\"thumbnailUrl\":\"https:\/\/vieassociative.be\/actualites\/wp-content\/uploads\/2025\/12\/1765441072_Interdiction-des-reseaux-sociaux-pour-les-moins-de-16-ans.jpg\",\"datePublished\":\"2025-12-11T08:17:52+00:00\",\"dateModified\":\"2025-12-11T08:17:52+00:00\",\"breadcrumb\":{\"@id\":\"https:\/\/vieassociative.be\/actualites\/interdiction-des-reseaux-sociaux-pour-les-moins-de-16-ans-en-australie-la-loi-tres-controversee-entre-en-vigueur-aujourdhui\/#breadcrumb\"},\"inLanguage\":\"fr-BE\",\"potentialAction\":[{\"@type\":\"ReadAction\",\"target\":[\"https:\/\/vieassociative.be\/actualites\/interdiction-des-reseaux-sociaux-pour-les-moins-de-16-ans-en-australie-la-loi-tres-controversee-entre-en-vigueur-aujourdhui\/\"]}]},{\"@type\":\"ImageObject\",\"inLanguage\":\"fr-BE\",\"@id\":\"https:\/\/vieassociative.be\/actualites\/interdiction-des-reseaux-sociaux-pour-les-moins-de-16-ans-en-australie-la-loi-tres-controversee-entre-en-vigueur-aujourdhui\/#primaryimage\",\"url\":\"https:\/\/vieassociative.be\/actualites\/wp-content\/uploads\/2025\/12\/1765441072_Interdiction-des-reseaux-sociaux-pour-les-moins-de-16-ans.jpg\",\"contentUrl\":\"https:\/\/vieassociative.be\/actualites\/wp-content\/uploads\/2025\/12\/1765441072_Interdiction-des-reseaux-sociaux-pour-les-moins-de-16-ans.jpg\",\"width\":1200,\"height\":800,\"caption\":\"Interdiction des r\u00e9seaux sociaux pour les moins de 16 ans en Australie \u2013 La loi tr\u00e8s controvers\u00e9e entre en vigueur aujourd'hui\"},{\"@type\":\"BreadcrumbList\",\"@id\":\"https:\/\/vieassociative.be\/actualites\/interdiction-des-reseaux-sociaux-pour-les-moins-de-16-ans-en-australie-la-loi-tres-controversee-entre-en-vigueur-aujourdhui\/#breadcrumb\",\"itemListElement\":[{\"@type\":\"ListItem\",\"position\":1,\"name\":\"Accueil\",\"item\":\"https:\/\/vieassociative.be\/actualites\/\"},{\"@type\":\"ListItem\",\"position\":2,\"name\":\"Interdiction des r\u00e9seaux sociaux pour les moins de 16 ans en Australie \u2013 La loi tr\u00e8s controvers\u00e9e entre en vigueur aujourd&rsquo;hui\"}]},{\"@type\":\"WebSite\",\"@id\":\"https:\/\/vieassociative.be\/actualites\/#website\",\"url\":\"https:\/\/vieassociative.be\/actualites\/\",\"name\":\"Vie Associative\",\"description\":\"\",\"publisher\":{\"@id\":\"https:\/\/vieassociative.be\/actualites\/#organization\"},\"potentialAction\":[{\"@type\":\"SearchAction\",\"target\":{\"@type\":\"EntryPoint\",\"urlTemplate\":\"https:\/\/vieassociative.be\/actualites\/?s={search_term_string}\"},\"query-input\":{\"@type\":\"PropertyValueSpecification\",\"valueRequired\":true,\"valueName\":\"search_term_string\"}}],\"inLanguage\":\"fr-BE\"},{\"@type\":\"Organization\",\"@id\":\"https:\/\/vieassociative.be\/actualites\/#organization\",\"name\":\"Vie Associative\",\"url\":\"https:\/\/vieassociative.be\/actualites\/\",\"logo\":{\"@type\":\"ImageObject\",\"inLanguage\":\"fr-BE\",\"@id\":\"https:\/\/vieassociative.be\/actualites\/#\/schema\/logo\/image\/\",\"url\":\"https:\/\/vieassociative.be\/actualites\/wp-content\/uploads\/2024\/09\/cropped-vieassociative_favicon.ico.png\",\"contentUrl\":\"https:\/\/vieassociative.be\/actualites\/wp-content\/uploads\/2024\/09\/cropped-vieassociative_favicon.ico.png\",\"width\":512,\"height\":512,\"caption\":\"Vie Associative\"},\"image\":{\"@id\":\"https:\/\/vieassociative.be\/actualites\/#\/schema\/logo\/image\/\"}},{\"@type\":\"Person\",\"@id\":\"https:\/\/vieassociative.be\/actualites\/#\/schema\/person\/b87ac4f82f9d4e7b7cec7395b679edc4\",\"name\":\"Julien\",\"image\":{\"@type\":\"ImageObject\",\"inLanguage\":\"fr-BE\",\"@id\":\"https:\/\/vieassociative.be\/actualites\/#\/schema\/person\/image\/\",\"url\":\"https:\/\/vieassociative.be\/actualites\/wp-content\/uploads\/2024\/09\/vie-associative-1-150x150.jpg\",\"contentUrl\":\"https:\/\/vieassociative.be\/actualites\/wp-content\/uploads\/2024\/09\/vie-associative-1-150x150.jpg\",\"caption\":\"Julien\"},\"description\":\"Je suis Julien, r\u00e9dacteur pour Vie Associative. Passionn\u00e9 par le monde associatif depuis plus de 10 ans, j'ai \u00e0 c\u0153ur de partager des histoires inspirantes et de mettre en lumi\u00e8re les initiatives locales. Mon objectif est de sensibiliser et d'encourager l'engagement communautaire \u00e0 travers mes articles.\",\"sameAs\":[\"https:\/\/vieassociative.be\/\"]}]}<\/script>\n<!-- \/ Yoast SEO plugin. -->","yoast_head_json":{"title":"Interdiction des r\u00e9seaux sociaux pour les moins de 16 ans en Australie \u2013 La loi tr\u00e8s controvers\u00e9e entre en vigueur aujourd'hui | Vie Associative","robots":{"index":"index","follow":"follow","max-snippet":"max-snippet:-1","max-image-preview":"max-image-preview:large","max-video-preview":"max-video-preview:-1"},"canonical":"https:\/\/vieassociative.be\/actualites\/interdiction-des-reseaux-sociaux-pour-les-moins-de-16-ans-en-australie-la-loi-tres-controversee-entre-en-vigueur-aujourdhui\/","og_locale":"fr_FR","og_type":"article","og_title":"Interdiction des r\u00e9seaux sociaux pour les moins de 16 ans en Australie \u2013 La loi tr\u00e8s controvers\u00e9e entre en vigueur aujourd'hui | Vie Associative","og_description":"L&rsquo;Australie entre dans l&rsquo;histoire de la protection num\u00e9rique de l&rsquo;enfance : d\u00e9sormais, les enfants et les jeunes de moins de 16 ans ne sont plus","og_url":"https:\/\/vieassociative.be\/actualites\/interdiction-des-reseaux-sociaux-pour-les-moins-de-16-ans-en-australie-la-loi-tres-controversee-entre-en-vigueur-aujourdhui\/","og_site_name":"Vie Associative","article_published_time":"2025-12-11T08:17:52+00:00","og_image":[{"width":279,"height":92,"url":"https:\/\/vieassociative.be\/actualites\/wp-content\/uploads\/2024\/09\/header_backgroundk-01-e1726694325946.png","type":"image\/png"}],"author":"Julien","twitter_card":"summary_large_image","twitter_misc":{"\u00c9crit par":"Julien","Dur\u00e9e de lecture est.":"6 minutes"},"schema":{"@context":"https:\/\/schema.org","@graph":[{"@type":"Article","@id":"https:\/\/vieassociative.be\/actualites\/interdiction-des-reseaux-sociaux-pour-les-moins-de-16-ans-en-australie-la-loi-tres-controversee-entre-en-vigueur-aujourdhui\/#article","isPartOf":{"@id":"https:\/\/vieassociative.be\/actualites\/interdiction-des-reseaux-sociaux-pour-les-moins-de-16-ans-en-australie-la-loi-tres-controversee-entre-en-vigueur-aujourdhui\/"},"author":{"name":"Julien","@id":"https:\/\/vieassociative.be\/actualites\/#\/schema\/person\/b87ac4f82f9d4e7b7cec7395b679edc4"},"headline":"Interdiction des r\u00e9seaux sociaux pour les moins de 16 ans en Australie \u2013 La loi tr\u00e8s controvers\u00e9e entre en vigueur aujourd&rsquo;hui","datePublished":"2025-12-11T08:17:52+00:00","dateModified":"2025-12-11T08:17:52+00:00","mainEntityOfPage":{"@id":"https:\/\/vieassociative.be\/actualites\/interdiction-des-reseaux-sociaux-pour-les-moins-de-16-ans-en-australie-la-loi-tres-controversee-entre-en-vigueur-aujourdhui\/"},"wordCount":1172,"publisher":{"@id":"https:\/\/vieassociative.be\/actualites\/#organization"},"image":{"@id":"https:\/\/vieassociative.be\/actualites\/interdiction-des-reseaux-sociaux-pour-les-moins-de-16-ans-en-australie-la-loi-tres-controversee-entre-en-vigueur-aujourdhui\/#primaryimage"},"thumbnailUrl":"https:\/\/vieassociative.be\/actualites\/wp-content\/uploads\/2025\/12\/1765441072_Interdiction-des-reseaux-sociaux-pour-les-moins-de-16-ans.jpg","keywords":["ans","aujourdhui","Australie","controvers\u00e9e","Des","entre","Interdiction","Les","loi","moins","pour","r\u00e9seaux","sociaux","tr\u00e8s","vigueur"],"articleSection":["Belgique"],"inLanguage":"fr-BE"},{"@type":"WebPage","@id":"https:\/\/vieassociative.be\/actualites\/interdiction-des-reseaux-sociaux-pour-les-moins-de-16-ans-en-australie-la-loi-tres-controversee-entre-en-vigueur-aujourdhui\/","url":"https:\/\/vieassociative.be\/actualites\/interdiction-des-reseaux-sociaux-pour-les-moins-de-16-ans-en-australie-la-loi-tres-controversee-entre-en-vigueur-aujourdhui\/","name":"Interdiction des r\u00e9seaux sociaux pour les moins de 16 ans en Australie \u2013 La loi tr\u00e8s controvers\u00e9e entre en vigueur aujourd'hui | Vie Associative","isPartOf":{"@id":"https:\/\/vieassociative.be\/actualites\/#website"},"primaryImageOfPage":{"@id":"https:\/\/vieassociative.be\/actualites\/interdiction-des-reseaux-sociaux-pour-les-moins-de-16-ans-en-australie-la-loi-tres-controversee-entre-en-vigueur-aujourdhui\/#primaryimage"},"image":{"@id":"https:\/\/vieassociative.be\/actualites\/interdiction-des-reseaux-sociaux-pour-les-moins-de-16-ans-en-australie-la-loi-tres-controversee-entre-en-vigueur-aujourdhui\/#primaryimage"},"thumbnailUrl":"https:\/\/vieassociative.be\/actualites\/wp-content\/uploads\/2025\/12\/1765441072_Interdiction-des-reseaux-sociaux-pour-les-moins-de-16-ans.jpg","datePublished":"2025-12-11T08:17:52+00:00","dateModified":"2025-12-11T08:17:52+00:00","breadcrumb":{"@id":"https:\/\/vieassociative.be\/actualites\/interdiction-des-reseaux-sociaux-pour-les-moins-de-16-ans-en-australie-la-loi-tres-controversee-entre-en-vigueur-aujourdhui\/#breadcrumb"},"inLanguage":"fr-BE","potentialAction":[{"@type":"ReadAction","target":["https:\/\/vieassociative.be\/actualites\/interdiction-des-reseaux-sociaux-pour-les-moins-de-16-ans-en-australie-la-loi-tres-controversee-entre-en-vigueur-aujourdhui\/"]}]},{"@type":"ImageObject","inLanguage":"fr-BE","@id":"https:\/\/vieassociative.be\/actualites\/interdiction-des-reseaux-sociaux-pour-les-moins-de-16-ans-en-australie-la-loi-tres-controversee-entre-en-vigueur-aujourdhui\/#primaryimage","url":"https:\/\/vieassociative.be\/actualites\/wp-content\/uploads\/2025\/12\/1765441072_Interdiction-des-reseaux-sociaux-pour-les-moins-de-16-ans.jpg","contentUrl":"https:\/\/vieassociative.be\/actualites\/wp-content\/uploads\/2025\/12\/1765441072_Interdiction-des-reseaux-sociaux-pour-les-moins-de-16-ans.jpg","width":1200,"height":800,"caption":"Interdiction des r\u00e9seaux sociaux pour les moins de 16 ans en Australie \u2013 La loi tr\u00e8s controvers\u00e9e entre en vigueur aujourd'hui"},{"@type":"BreadcrumbList","@id":"https:\/\/vieassociative.be\/actualites\/interdiction-des-reseaux-sociaux-pour-les-moins-de-16-ans-en-australie-la-loi-tres-controversee-entre-en-vigueur-aujourdhui\/#breadcrumb","itemListElement":[{"@type":"ListItem","position":1,"name":"Accueil","item":"https:\/\/vieassociative.be\/actualites\/"},{"@type":"ListItem","position":2,"name":"Interdiction des r\u00e9seaux sociaux pour les moins de 16 ans en Australie \u2013 La loi tr\u00e8s controvers\u00e9e entre en vigueur aujourd&rsquo;hui"}]},{"@type":"WebSite","@id":"https:\/\/vieassociative.be\/actualites\/#website","url":"https:\/\/vieassociative.be\/actualites\/","name":"Vie Associative","description":"","publisher":{"@id":"https:\/\/vieassociative.be\/actualites\/#organization"},"potentialAction":[{"@type":"SearchAction","target":{"@type":"EntryPoint","urlTemplate":"https:\/\/vieassociative.be\/actualites\/?s={search_term_string}"},"query-input":{"@type":"PropertyValueSpecification","valueRequired":true,"valueName":"search_term_string"}}],"inLanguage":"fr-BE"},{"@type":"Organization","@id":"https:\/\/vieassociative.be\/actualites\/#organization","name":"Vie Associative","url":"https:\/\/vieassociative.be\/actualites\/","logo":{"@type":"ImageObject","inLanguage":"fr-BE","@id":"https:\/\/vieassociative.be\/actualites\/#\/schema\/logo\/image\/","url":"https:\/\/vieassociative.be\/actualites\/wp-content\/uploads\/2024\/09\/cropped-vieassociative_favicon.ico.png","contentUrl":"https:\/\/vieassociative.be\/actualites\/wp-content\/uploads\/2024\/09\/cropped-vieassociative_favicon.ico.png","width":512,"height":512,"caption":"Vie Associative"},"image":{"@id":"https:\/\/vieassociative.be\/actualites\/#\/schema\/logo\/image\/"}},{"@type":"Person","@id":"https:\/\/vieassociative.be\/actualites\/#\/schema\/person\/b87ac4f82f9d4e7b7cec7395b679edc4","name":"Julien","image":{"@type":"ImageObject","inLanguage":"fr-BE","@id":"https:\/\/vieassociative.be\/actualites\/#\/schema\/person\/image\/","url":"https:\/\/vieassociative.be\/actualites\/wp-content\/uploads\/2024\/09\/vie-associative-1-150x150.jpg","contentUrl":"https:\/\/vieassociative.be\/actualites\/wp-content\/uploads\/2024\/09\/vie-associative-1-150x150.jpg","caption":"Julien"},"description":"Je suis Julien, r\u00e9dacteur pour Vie Associative. Passionn\u00e9 par le monde associatif depuis plus de 10 ans, j'ai \u00e0 c\u0153ur de partager des histoires inspirantes et de mettre en lumi\u00e8re les initiatives locales. Mon objectif est de sensibiliser et d'encourager l'engagement communautaire \u00e0 travers mes articles.","sameAs":["https:\/\/vieassociative.be\/"]}]}},"_links":{"self":[{"href":"https:\/\/vieassociative.be\/actualites\/wp-json\/wp\/v2\/posts\/11793"}],"collection":[{"href":"https:\/\/vieassociative.be\/actualites\/wp-json\/wp\/v2\/posts"}],"about":[{"href":"https:\/\/vieassociative.be\/actualites\/wp-json\/wp\/v2\/types\/post"}],"author":[{"embeddable":true,"href":"https:\/\/vieassociative.be\/actualites\/wp-json\/wp\/v2\/users\/1"}],"replies":[{"embeddable":true,"href":"https:\/\/vieassociative.be\/actualites\/wp-json\/wp\/v2\/comments?post=11793"}],"version-history":[{"count":0,"href":"https:\/\/vieassociative.be\/actualites\/wp-json\/wp\/v2\/posts\/11793\/revisions"}],"wp:featuredmedia":[{"embeddable":true,"href":"https:\/\/vieassociative.be\/actualites\/wp-json\/wp\/v2\/media\/11794"}],"wp:attachment":[{"href":"https:\/\/vieassociative.be\/actualites\/wp-json\/wp\/v2\/media?parent=11793"}],"wp:term":[{"taxonomy":"category","embeddable":true,"href":"https:\/\/vieassociative.be\/actualites\/wp-json\/wp\/v2\/categories?post=11793"},{"taxonomy":"post_tag","embeddable":true,"href":"https:\/\/vieassociative.be\/actualites\/wp-json\/wp\/v2\/tags?post=11793"}],"curies":[{"name":"wp","href":"https:\/\/api.w.org\/{rel}","templated":true}]}}