{"id":11789,"date":"2025-12-11T03:17:45","date_gmt":"2025-12-11T02:17:45","guid":{"rendered":"https:\/\/vieassociative.be\/actualites\/les-supporters-de-bruges-protestent-contre-le-changement-dentraineur-le-niet-onze-club-perd-3-0-contre-arsenal-londres\/"},"modified":"2025-12-11T03:17:45","modified_gmt":"2025-12-11T02:17:45","slug":"les-supporters-de-bruges-protestent-contre-le-changement-dentraineur-le-niet-onze-club-perd-3-0-contre-arsenal-londres","status":"publish","type":"post","link":"https:\/\/vieassociative.be\/actualites\/les-supporters-de-bruges-protestent-contre-le-changement-dentraineur-le-niet-onze-club-perd-3-0-contre-arsenal-londres\/","title":{"rendered":"Les supporters de Bruges protestent contre le changement d\u2019entra\u00eeneur \u2013 le \u00ab NIET ONZE CLUB \u00bb perd 3-0 contre Arsenal Londres"},"content":{"rendered":"<p><strong>La direction du FC Bruges s&rsquo;est tir\u00e9 une balle dans le pied en limogeant l&rsquo;entra\u00eeneur-chef Nicky Hayen. Au lieu d\u2019inspirer l\u2019\u00e9quipe en Ligue des champions, le changement d\u2019entra\u00eeneur a eu l\u2019effet inverse. Les finalistes de la Belgique ont perdu 3-0 contre Arsenal Londres mercredi.<\/strong><\/p>\n<p><span id=\"more-431532\"><\/span>Contrairement \u00e0 l&rsquo;Union Saint-Gilloise, championne la veille lors de sa d\u00e9faite 2-3 contre l&rsquo;Olympique de Marseille, le FC Bruges a d\u00fb affronter ce qui est actuellement probablement l&rsquo;\u00e9quipe de club la plus forte d&rsquo;Europe.<\/p>\n<p>Arsenal \u00e9tait clairement favori, mais c&rsquo;est l&rsquo;attitude des joueurs et le scepticisme du public qui ont laiss\u00e9 une impression durable.<\/p>\n<\/p>\n<div id=\"attachment_431547\" class=\"wp-caption alignleft\" style=\"max-width: 300px\"><img fetchpriority=\"high\" decoding=\"async\" class=\"wp-image-431547 size-medium\" src=\"https:\/\/vieassociative.be\/actualites\/wp-content\/uploads\/2025\/12\/Les-supporters-de-Bruges-protestent-contre-le-changement-dentraineur-\u2013.jpg\" alt=\"\" width=\"300\" height=\"200\"><\/div>\n<p>Les \u00ab Blauw en Zwart \u00bb ont plut\u00f4t bien tenu le coup en d\u00e9but de match, mais le vice-champion belge a \u00e9t\u00e9 sauv\u00e9 par le poteau apr\u00e8s un tir \u00e0 bout portant de Hincapi\u00e9.<\/p>\n<p>Cependant, van den Heuvel, le rempla\u00e7ant de Mignolet bless\u00e9 \u00e0 l&rsquo;\u00e9chauffement, n&rsquo;a rien pu faire contre le chef-d&rsquo;\u0153uvre de Madueke. L&rsquo;ailier anglais a d&rsquo;abord battu Seys puis a d\u00e9coch\u00e9 une fus\u00e9e dans le coin du but adverse.<\/p>\n<p>Les Bruggers jouaient alors finalement un peu plus haut pour mettre en danger la d\u00e9fense des Gunners. Forbs a tent\u00e9 plusieurs fois, Tzolis a \u00e9galement tent\u00e9 sa chance, tandis que Raya a tr\u00e8s bien par\u00e9 un tir de Stankovic.<\/p>\n<p>Les joueurs de l&rsquo;entra\u00eeneur Ivan Leko ont \u00e9t\u00e9 surpris d\u00e8s les premi\u00e8res secondes de la seconde p\u00e9riode. Sur la gauche, Zubimendi centrait au deuxi\u00e8me poteau. Van den Heuvel a mal \u00e9valu\u00e9 la trajectoire et a \u00e9t\u00e9 surclass\u00e9. Madueke en a profit\u00e9 et a obtenu un doubl\u00e9 facile.<\/p>\n<\/p>\n<div id=\"attachment_431550\" class=\"wp-caption alignleft\" style=\"max-width: 300px\"><img decoding=\"async\" class=\"wp-image-431550 size-medium\" src=\"https:\/\/vieassociative.be\/actualites\/wp-content\/uploads\/2025\/12\/1765419465_584_Les-supporters-de-Bruges-protestent-contre-le-changement-dentraineur-\u2013.jpg\" alt=\"\" width=\"300\" height=\"200\"><\/div>\n<p>Moins d&rsquo;un quart d&rsquo;heure plus tard, Martinelli faisait cette fois jouer Siquet sur la droite. Puis il s&rsquo;est d\u00e9plac\u00e9 au milieu et a tir\u00e9 un beau ballon dans la lucarne sup\u00e9rieure.<\/p>\n<p>Ce but a litt\u00e9ralement arrach\u00e9 les jambes des Brugeois&#8230; et les chants des supporters qui exprimaient leur m\u00e9contentement \u00e0 l&rsquo;\u00e9gard de la direction du club.<\/p>\n<p>Avec quatre points, le FC Bruges pointe d\u00e9sormais \u00e0 trois points des places \u00e9liminatoires (31e place) et derri\u00e8re l&rsquo;Union Saint-Gilloise (27e place). Mais il y a encore de l&rsquo;espoir, car Hans Vanaken &#038; Co. n&rsquo;ont aucune chance face au Kairat Almaty et \u00e0 l&rsquo;Olympique de Marseille. Mais d\u2019ici l\u00e0, la flamme entre les joueurs et les supporters doit \u00eatre raviv\u00e9e. L&rsquo;entra\u00eeneur Leko a encore beaucoup de travail devant lui. <\/p>\n<p>L&rsquo;Union Saint-Gilloise doit encore jouer contre le Bayern Munich avant de recevoir l&rsquo;Atalanta Bergame lors de la derni\u00e8re journ\u00e9e. (cr\u00e9er)<\/p>\n<p><em><strong>Sur le sujet, voir aussi l&rsquo;article suivant sur l&rsquo;OD :<\/strong><\/em><\/p>\n<div class=\"responsive-embed widescreen\">\n<blockquote class=\"wp-embedded-content\" data-secret=\"cTraia28vj\">\n<p>D\u00e9faite 2:3 : les erreurs de gardien et les buts hors-jeu sont la perte de l&rsquo;Union contre Marseille<\/p>\n<\/blockquote>\n<p><iframe loading=\"lazy\" class=\"wp-embedded-content\" sandbox=\"allow-scripts\" security=\"restricted\" style=\"position: absolute; visibility: hidden;\" title=\"\u201e2:3-Niederlage: Torwartfehler und Abseitstore werden Union gegen Marseille zum Verh\u00e4ngnis\u201c \u2013 Ostbelgien Direkt\" src=\"https:\/\/ostbelgiendirekt.be\/about:blank\" data-secret=\"cTraia28vj\" width=\"500\" height=\"282\" frameborder=\"0\" marginwidth=\"0\" marginheight=\"0\" scrolling=\"no\" data-rocket-lazyload=\"fitvidscompatible\" data-lazy-src=\"https:\/\/ostbelgiendirekt.be\/saint-gilloise-verliert-gegen-marseille-431440\/embed#?secret=7pG6TrbvPC#?secret=cTraia28vj\"><\/iframe><noscript><iframe class=\"wp-embedded-content\" sandbox=\"allow-scripts\" security=\"restricted\" style=\"position: absolute; visibility: hidden;\" title=\"\u201e2:3-Niederlage: Torwartfehler und Abseitstore werden Union gegen Marseille zum Verh\u00e4ngnis\u201c \u2013 Ostbelgien Direkt\" src=\"https:\/\/ostbelgiendirekt.be\/saint-gilloise-verliert-gegen-marseille-431440\/embed#?secret=7pG6TrbvPC#?secret=cTraia28vj\" data-secret=\"cTraia28vj\" width=\"500\" height=\"282\" frameborder=\"0\" marginwidth=\"0\" marginheight=\"0\" scrolling=\"no\"><\/iframe><\/noscript><\/p>\n<\/div>\n","protected":false},"excerpt":{"rendered":"<p>La direction du FC Bruges s&rsquo;est tir\u00e9 une balle dans le pied en limogeant l&rsquo;entra\u00eeneur-chef Nicky Hayen. Au lieu d\u2019inspirer l\u2019\u00e9quipe en Ligue des champions,<\/p>\n","protected":false},"author":1,"featured_media":11790,"comment_status":"","ping_status":"","sticky":false,"template":"","format":"standard","meta":{"footnotes":""},"categories":[298],"tags":[6268,2851,2590,269,796,9523,14,9377,9524,8462,3021,9522,2962],"class_list":["post-11789","post","type-post","status-publish","format-standard","has-post-thumbnail","hentry","category-belgique","tag-arsenal","tag-bruges","tag-changement","tag-club","tag-contre","tag-dentraineur","tag-les","tag-londres","tag-niet","tag-onze","tag-perd","tag-protestent","tag-supporters","generate-columns","tablet-grid-50","mobile-grid-100","grid-parent","grid-33"],"yoast_head":"<!-- This site is optimized with the Yoast SEO plugin v24.0 - https:\/\/yoast.com\/wordpress\/plugins\/seo\/ -->\n<title>Les supporters de Bruges protestent contre le changement d\u2019entra\u00eeneur \u2013 le \u00ab NIET ONZE CLUB \u00bb perd 3-0 contre Arsenal Londres | Vie Associative<\/title>\n<meta name=\"robots\" content=\"index, follow, max-snippet:-1, max-image-preview:large, max-video-preview:-1\" \/>\n<link rel=\"canonical\" href=\"https:\/\/vieassociative.be\/actualites\/les-supporters-de-bruges-protestent-contre-le-changement-dentraineur-le-niet-onze-club-perd-3-0-contre-arsenal-londres\/\" \/>\n<meta property=\"og:locale\" content=\"fr_FR\" \/>\n<meta property=\"og:type\" content=\"article\" \/>\n<meta property=\"og:title\" content=\"Les supporters de Bruges protestent contre le changement d\u2019entra\u00eeneur \u2013 le \u00ab NIET ONZE CLUB \u00bb perd 3-0 contre Arsenal Londres | Vie Associative\" \/>\n<meta property=\"og:description\" content=\"La direction du FC Bruges s&rsquo;est tir\u00e9 une balle dans le pied en limogeant l&rsquo;entra\u00eeneur-chef Nicky Hayen. Au lieu d\u2019inspirer l\u2019\u00e9quipe en Ligue des champions,\" \/>\n<meta property=\"og:url\" content=\"https:\/\/vieassociative.be\/actualites\/les-supporters-de-bruges-protestent-contre-le-changement-dentraineur-le-niet-onze-club-perd-3-0-contre-arsenal-londres\/\" \/>\n<meta property=\"og:site_name\" content=\"Vie Associative\" \/>\n<meta property=\"article:published_time\" content=\"2025-12-11T02:17:45+00:00\" \/>\n<meta property=\"og:image\" content=\"https:\/\/vieassociative.be\/actualites\/wp-content\/uploads\/2024\/09\/header_backgroundk-01-e1726694325946.png\" \/>\n\t<meta property=\"og:image:width\" content=\"279\" \/>\n\t<meta property=\"og:image:height\" content=\"92\" \/>\n\t<meta property=\"og:image:type\" content=\"image\/png\" \/>\n<meta name=\"author\" content=\"Julien\" \/>\n<meta name=\"twitter:card\" content=\"summary_large_image\" \/>\n<meta name=\"twitter:label1\" content=\"\u00c9crit par\" \/>\n\t<meta name=\"twitter:data1\" content=\"Julien\" \/>\n\t<meta name=\"twitter:label2\" content=\"Dur\u00e9e de lecture est.\" \/>\n\t<meta name=\"twitter:data2\" content=\"2 minutes\" \/>\n<script type=\"application\/ld+json\" class=\"yoast-schema-graph\">{\"@context\":\"https:\/\/schema.org\",\"@graph\":[{\"@type\":\"Article\",\"@id\":\"https:\/\/vieassociative.be\/actualites\/les-supporters-de-bruges-protestent-contre-le-changement-dentraineur-le-niet-onze-club-perd-3-0-contre-arsenal-londres\/#article\",\"isPartOf\":{\"@id\":\"https:\/\/vieassociative.be\/actualites\/les-supporters-de-bruges-protestent-contre-le-changement-dentraineur-le-niet-onze-club-perd-3-0-contre-arsenal-londres\/\"},\"author\":{\"name\":\"Julien\",\"@id\":\"https:\/\/vieassociative.be\/actualites\/#\/schema\/person\/b87ac4f82f9d4e7b7cec7395b679edc4\"},\"headline\":\"Les supporters de Bruges protestent contre le changement d\u2019entra\u00eeneur \u2013 le \u00ab NIET ONZE CLUB \u00bb perd 3-0 contre Arsenal Londres\",\"datePublished\":\"2025-12-11T02:17:45+00:00\",\"dateModified\":\"2025-12-11T02:17:45+00:00\",\"mainEntityOfPage\":{\"@id\":\"https:\/\/vieassociative.be\/actualites\/les-supporters-de-bruges-protestent-contre-le-changement-dentraineur-le-niet-onze-club-perd-3-0-contre-arsenal-londres\/\"},\"wordCount\":497,\"publisher\":{\"@id\":\"https:\/\/vieassociative.be\/actualites\/#organization\"},\"image\":{\"@id\":\"https:\/\/vieassociative.be\/actualites\/les-supporters-de-bruges-protestent-contre-le-changement-dentraineur-le-niet-onze-club-perd-3-0-contre-arsenal-londres\/#primaryimage\"},\"thumbnailUrl\":\"https:\/\/vieassociative.be\/actualites\/wp-content\/uploads\/2025\/12\/1765419466_Les-supporters-de-Bruges-protestent-contre-le-changement-dentraineur-\u2013.jpg\",\"keywords\":[\"Arsenal\",\"Bruges\",\"Changement\",\"Club\",\"contre\",\"dentra\u00eeneur\",\"Les\",\"Londres\",\"NIET\",\"Onze\",\"perd\",\"protestent\",\"supporters\"],\"articleSection\":[\"Belgique\"],\"inLanguage\":\"fr-BE\"},{\"@type\":\"WebPage\",\"@id\":\"https:\/\/vieassociative.be\/actualites\/les-supporters-de-bruges-protestent-contre-le-changement-dentraineur-le-niet-onze-club-perd-3-0-contre-arsenal-londres\/\",\"url\":\"https:\/\/vieassociative.be\/actualites\/les-supporters-de-bruges-protestent-contre-le-changement-dentraineur-le-niet-onze-club-perd-3-0-contre-arsenal-londres\/\",\"name\":\"Les supporters de Bruges protestent contre le changement d\u2019entra\u00eeneur \u2013 le \u00ab NIET ONZE CLUB \u00bb perd 3-0 contre Arsenal Londres | Vie Associative\",\"isPartOf\":{\"@id\":\"https:\/\/vieassociative.be\/actualites\/#website\"},\"primaryImageOfPage\":{\"@id\":\"https:\/\/vieassociative.be\/actualites\/les-supporters-de-bruges-protestent-contre-le-changement-dentraineur-le-niet-onze-club-perd-3-0-contre-arsenal-londres\/#primaryimage\"},\"image\":{\"@id\":\"https:\/\/vieassociative.be\/actualites\/les-supporters-de-bruges-protestent-contre-le-changement-dentraineur-le-niet-onze-club-perd-3-0-contre-arsenal-londres\/#primaryimage\"},\"thumbnailUrl\":\"https:\/\/vieassociative.be\/actualites\/wp-content\/uploads\/2025\/12\/1765419466_Les-supporters-de-Bruges-protestent-contre-le-changement-dentraineur-\u2013.jpg\",\"datePublished\":\"2025-12-11T02:17:45+00:00\",\"dateModified\":\"2025-12-11T02:17:45+00:00\",\"breadcrumb\":{\"@id\":\"https:\/\/vieassociative.be\/actualites\/les-supporters-de-bruges-protestent-contre-le-changement-dentraineur-le-niet-onze-club-perd-3-0-contre-arsenal-londres\/#breadcrumb\"},\"inLanguage\":\"fr-BE\",\"potentialAction\":[{\"@type\":\"ReadAction\",\"target\":[\"https:\/\/vieassociative.be\/actualites\/les-supporters-de-bruges-protestent-contre-le-changement-dentraineur-le-niet-onze-club-perd-3-0-contre-arsenal-londres\/\"]}]},{\"@type\":\"ImageObject\",\"inLanguage\":\"fr-BE\",\"@id\":\"https:\/\/vieassociative.be\/actualites\/les-supporters-de-bruges-protestent-contre-le-changement-dentraineur-le-niet-onze-club-perd-3-0-contre-arsenal-londres\/#primaryimage\",\"url\":\"https:\/\/vieassociative.be\/actualites\/wp-content\/uploads\/2025\/12\/1765419466_Les-supporters-de-Bruges-protestent-contre-le-changement-dentraineur-\u2013.jpg\",\"contentUrl\":\"https:\/\/vieassociative.be\/actualites\/wp-content\/uploads\/2025\/12\/1765419466_Les-supporters-de-Bruges-protestent-contre-le-changement-dentraineur-\u2013.jpg\",\"width\":1200,\"height\":800,\"caption\":\"Les supporters de Bruges protestent contre le changement d\u2019entra\u00eeneur \u2013 le \u00ab NIET ONZE CLUB \u00bb perd 3-0 contre Arsenal Londres\"},{\"@type\":\"BreadcrumbList\",\"@id\":\"https:\/\/vieassociative.be\/actualites\/les-supporters-de-bruges-protestent-contre-le-changement-dentraineur-le-niet-onze-club-perd-3-0-contre-arsenal-londres\/#breadcrumb\",\"itemListElement\":[{\"@type\":\"ListItem\",\"position\":1,\"name\":\"Accueil\",\"item\":\"https:\/\/vieassociative.be\/actualites\/\"},{\"@type\":\"ListItem\",\"position\":2,\"name\":\"Les supporters de Bruges protestent contre le changement d\u2019entra\u00eeneur \u2013 le \u00ab NIET ONZE CLUB \u00bb perd 3-0 contre Arsenal Londres\"}]},{\"@type\":\"WebSite\",\"@id\":\"https:\/\/vieassociative.be\/actualites\/#website\",\"url\":\"https:\/\/vieassociative.be\/actualites\/\",\"name\":\"Vie Associative\",\"description\":\"\",\"publisher\":{\"@id\":\"https:\/\/vieassociative.be\/actualites\/#organization\"},\"potentialAction\":[{\"@type\":\"SearchAction\",\"target\":{\"@type\":\"EntryPoint\",\"urlTemplate\":\"https:\/\/vieassociative.be\/actualites\/?s={search_term_string}\"},\"query-input\":{\"@type\":\"PropertyValueSpecification\",\"valueRequired\":true,\"valueName\":\"search_term_string\"}}],\"inLanguage\":\"fr-BE\"},{\"@type\":\"Organization\",\"@id\":\"https:\/\/vieassociative.be\/actualites\/#organization\",\"name\":\"Vie Associative\",\"url\":\"https:\/\/vieassociative.be\/actualites\/\",\"logo\":{\"@type\":\"ImageObject\",\"inLanguage\":\"fr-BE\",\"@id\":\"https:\/\/vieassociative.be\/actualites\/#\/schema\/logo\/image\/\",\"url\":\"https:\/\/vieassociative.be\/actualites\/wp-content\/uploads\/2024\/09\/cropped-vieassociative_favicon.ico.png\",\"contentUrl\":\"https:\/\/vieassociative.be\/actualites\/wp-content\/uploads\/2024\/09\/cropped-vieassociative_favicon.ico.png\",\"width\":512,\"height\":512,\"caption\":\"Vie Associative\"},\"image\":{\"@id\":\"https:\/\/vieassociative.be\/actualites\/#\/schema\/logo\/image\/\"}},{\"@type\":\"Person\",\"@id\":\"https:\/\/vieassociative.be\/actualites\/#\/schema\/person\/b87ac4f82f9d4e7b7cec7395b679edc4\",\"name\":\"Julien\",\"image\":{\"@type\":\"ImageObject\",\"inLanguage\":\"fr-BE\",\"@id\":\"https:\/\/vieassociative.be\/actualites\/#\/schema\/person\/image\/\",\"url\":\"https:\/\/vieassociative.be\/actualites\/wp-content\/uploads\/2024\/09\/vie-associative-1-150x150.jpg\",\"contentUrl\":\"https:\/\/vieassociative.be\/actualites\/wp-content\/uploads\/2024\/09\/vie-associative-1-150x150.jpg\",\"caption\":\"Julien\"},\"description\":\"Je suis Julien, r\u00e9dacteur pour Vie Associative. Passionn\u00e9 par le monde associatif depuis plus de 10 ans, j'ai \u00e0 c\u0153ur de partager des histoires inspirantes et de mettre en lumi\u00e8re les initiatives locales. Mon objectif est de sensibiliser et d'encourager l'engagement communautaire \u00e0 travers mes articles.\",\"sameAs\":[\"https:\/\/vieassociative.be\/\"]}]}<\/script>\n<!-- \/ Yoast SEO plugin. -->","yoast_head_json":{"title":"Les supporters de Bruges protestent contre le changement d\u2019entra\u00eeneur \u2013 le \u00ab NIET ONZE CLUB \u00bb perd 3-0 contre Arsenal Londres | Vie Associative","robots":{"index":"index","follow":"follow","max-snippet":"max-snippet:-1","max-image-preview":"max-image-preview:large","max-video-preview":"max-video-preview:-1"},"canonical":"https:\/\/vieassociative.be\/actualites\/les-supporters-de-bruges-protestent-contre-le-changement-dentraineur-le-niet-onze-club-perd-3-0-contre-arsenal-londres\/","og_locale":"fr_FR","og_type":"article","og_title":"Les supporters de Bruges protestent contre le changement d\u2019entra\u00eeneur \u2013 le \u00ab NIET ONZE CLUB \u00bb perd 3-0 contre Arsenal Londres | Vie Associative","og_description":"La direction du FC Bruges s&rsquo;est tir\u00e9 une balle dans le pied en limogeant l&rsquo;entra\u00eeneur-chef Nicky Hayen. Au lieu d\u2019inspirer l\u2019\u00e9quipe en Ligue des champions,","og_url":"https:\/\/vieassociative.be\/actualites\/les-supporters-de-bruges-protestent-contre-le-changement-dentraineur-le-niet-onze-club-perd-3-0-contre-arsenal-londres\/","og_site_name":"Vie Associative","article_published_time":"2025-12-11T02:17:45+00:00","og_image":[{"width":279,"height":92,"url":"https:\/\/vieassociative.be\/actualites\/wp-content\/uploads\/2024\/09\/header_backgroundk-01-e1726694325946.png","type":"image\/png"}],"author":"Julien","twitter_card":"summary_large_image","twitter_misc":{"\u00c9crit par":"Julien","Dur\u00e9e de lecture est.":"2 minutes"},"schema":{"@context":"https:\/\/schema.org","@graph":[{"@type":"Article","@id":"https:\/\/vieassociative.be\/actualites\/les-supporters-de-bruges-protestent-contre-le-changement-dentraineur-le-niet-onze-club-perd-3-0-contre-arsenal-londres\/#article","isPartOf":{"@id":"https:\/\/vieassociative.be\/actualites\/les-supporters-de-bruges-protestent-contre-le-changement-dentraineur-le-niet-onze-club-perd-3-0-contre-arsenal-londres\/"},"author":{"name":"Julien","@id":"https:\/\/vieassociative.be\/actualites\/#\/schema\/person\/b87ac4f82f9d4e7b7cec7395b679edc4"},"headline":"Les supporters de Bruges protestent contre le changement d\u2019entra\u00eeneur \u2013 le \u00ab NIET ONZE CLUB \u00bb perd 3-0 contre Arsenal Londres","datePublished":"2025-12-11T02:17:45+00:00","dateModified":"2025-12-11T02:17:45+00:00","mainEntityOfPage":{"@id":"https:\/\/vieassociative.be\/actualites\/les-supporters-de-bruges-protestent-contre-le-changement-dentraineur-le-niet-onze-club-perd-3-0-contre-arsenal-londres\/"},"wordCount":497,"publisher":{"@id":"https:\/\/vieassociative.be\/actualites\/#organization"},"image":{"@id":"https:\/\/vieassociative.be\/actualites\/les-supporters-de-bruges-protestent-contre-le-changement-dentraineur-le-niet-onze-club-perd-3-0-contre-arsenal-londres\/#primaryimage"},"thumbnailUrl":"https:\/\/vieassociative.be\/actualites\/wp-content\/uploads\/2025\/12\/1765419466_Les-supporters-de-Bruges-protestent-contre-le-changement-dentraineur-\u2013.jpg","keywords":["Arsenal","Bruges","Changement","Club","contre","dentra\u00eeneur","Les","Londres","NIET","Onze","perd","protestent","supporters"],"articleSection":["Belgique"],"inLanguage":"fr-BE"},{"@type":"WebPage","@id":"https:\/\/vieassociative.be\/actualites\/les-supporters-de-bruges-protestent-contre-le-changement-dentraineur-le-niet-onze-club-perd-3-0-contre-arsenal-londres\/","url":"https:\/\/vieassociative.be\/actualites\/les-supporters-de-bruges-protestent-contre-le-changement-dentraineur-le-niet-onze-club-perd-3-0-contre-arsenal-londres\/","name":"Les supporters de Bruges protestent contre le changement d\u2019entra\u00eeneur \u2013 le \u00ab NIET ONZE CLUB \u00bb perd 3-0 contre Arsenal Londres | Vie Associative","isPartOf":{"@id":"https:\/\/vieassociative.be\/actualites\/#website"},"primaryImageOfPage":{"@id":"https:\/\/vieassociative.be\/actualites\/les-supporters-de-bruges-protestent-contre-le-changement-dentraineur-le-niet-onze-club-perd-3-0-contre-arsenal-londres\/#primaryimage"},"image":{"@id":"https:\/\/vieassociative.be\/actualites\/les-supporters-de-bruges-protestent-contre-le-changement-dentraineur-le-niet-onze-club-perd-3-0-contre-arsenal-londres\/#primaryimage"},"thumbnailUrl":"https:\/\/vieassociative.be\/actualites\/wp-content\/uploads\/2025\/12\/1765419466_Les-supporters-de-Bruges-protestent-contre-le-changement-dentraineur-\u2013.jpg","datePublished":"2025-12-11T02:17:45+00:00","dateModified":"2025-12-11T02:17:45+00:00","breadcrumb":{"@id":"https:\/\/vieassociative.be\/actualites\/les-supporters-de-bruges-protestent-contre-le-changement-dentraineur-le-niet-onze-club-perd-3-0-contre-arsenal-londres\/#breadcrumb"},"inLanguage":"fr-BE","potentialAction":[{"@type":"ReadAction","target":["https:\/\/vieassociative.be\/actualites\/les-supporters-de-bruges-protestent-contre-le-changement-dentraineur-le-niet-onze-club-perd-3-0-contre-arsenal-londres\/"]}]},{"@type":"ImageObject","inLanguage":"fr-BE","@id":"https:\/\/vieassociative.be\/actualites\/les-supporters-de-bruges-protestent-contre-le-changement-dentraineur-le-niet-onze-club-perd-3-0-contre-arsenal-londres\/#primaryimage","url":"https:\/\/vieassociative.be\/actualites\/wp-content\/uploads\/2025\/12\/1765419466_Les-supporters-de-Bruges-protestent-contre-le-changement-dentraineur-\u2013.jpg","contentUrl":"https:\/\/vieassociative.be\/actualites\/wp-content\/uploads\/2025\/12\/1765419466_Les-supporters-de-Bruges-protestent-contre-le-changement-dentraineur-\u2013.jpg","width":1200,"height":800,"caption":"Les supporters de Bruges protestent contre le changement d\u2019entra\u00eeneur \u2013 le \u00ab NIET ONZE CLUB \u00bb perd 3-0 contre Arsenal Londres"},{"@type":"BreadcrumbList","@id":"https:\/\/vieassociative.be\/actualites\/les-supporters-de-bruges-protestent-contre-le-changement-dentraineur-le-niet-onze-club-perd-3-0-contre-arsenal-londres\/#breadcrumb","itemListElement":[{"@type":"ListItem","position":1,"name":"Accueil","item":"https:\/\/vieassociative.be\/actualites\/"},{"@type":"ListItem","position":2,"name":"Les supporters de Bruges protestent contre le changement d\u2019entra\u00eeneur \u2013 le \u00ab NIET ONZE CLUB \u00bb perd 3-0 contre Arsenal Londres"}]},{"@type":"WebSite","@id":"https:\/\/vieassociative.be\/actualites\/#website","url":"https:\/\/vieassociative.be\/actualites\/","name":"Vie Associative","description":"","publisher":{"@id":"https:\/\/vieassociative.be\/actualites\/#organization"},"potentialAction":[{"@type":"SearchAction","target":{"@type":"EntryPoint","urlTemplate":"https:\/\/vieassociative.be\/actualites\/?s={search_term_string}"},"query-input":{"@type":"PropertyValueSpecification","valueRequired":true,"valueName":"search_term_string"}}],"inLanguage":"fr-BE"},{"@type":"Organization","@id":"https:\/\/vieassociative.be\/actualites\/#organization","name":"Vie Associative","url":"https:\/\/vieassociative.be\/actualites\/","logo":{"@type":"ImageObject","inLanguage":"fr-BE","@id":"https:\/\/vieassociative.be\/actualites\/#\/schema\/logo\/image\/","url":"https:\/\/vieassociative.be\/actualites\/wp-content\/uploads\/2024\/09\/cropped-vieassociative_favicon.ico.png","contentUrl":"https:\/\/vieassociative.be\/actualites\/wp-content\/uploads\/2024\/09\/cropped-vieassociative_favicon.ico.png","width":512,"height":512,"caption":"Vie Associative"},"image":{"@id":"https:\/\/vieassociative.be\/actualites\/#\/schema\/logo\/image\/"}},{"@type":"Person","@id":"https:\/\/vieassociative.be\/actualites\/#\/schema\/person\/b87ac4f82f9d4e7b7cec7395b679edc4","name":"Julien","image":{"@type":"ImageObject","inLanguage":"fr-BE","@id":"https:\/\/vieassociative.be\/actualites\/#\/schema\/person\/image\/","url":"https:\/\/vieassociative.be\/actualites\/wp-content\/uploads\/2024\/09\/vie-associative-1-150x150.jpg","contentUrl":"https:\/\/vieassociative.be\/actualites\/wp-content\/uploads\/2024\/09\/vie-associative-1-150x150.jpg","caption":"Julien"},"description":"Je suis Julien, r\u00e9dacteur pour Vie Associative. Passionn\u00e9 par le monde associatif depuis plus de 10 ans, j'ai \u00e0 c\u0153ur de partager des histoires inspirantes et de mettre en lumi\u00e8re les initiatives locales. Mon objectif est de sensibiliser et d'encourager l'engagement communautaire \u00e0 travers mes articles.","sameAs":["https:\/\/vieassociative.be\/"]}]}},"_links":{"self":[{"href":"https:\/\/vieassociative.be\/actualites\/wp-json\/wp\/v2\/posts\/11789"}],"collection":[{"href":"https:\/\/vieassociative.be\/actualites\/wp-json\/wp\/v2\/posts"}],"about":[{"href":"https:\/\/vieassociative.be\/actualites\/wp-json\/wp\/v2\/types\/post"}],"author":[{"embeddable":true,"href":"https:\/\/vieassociative.be\/actualites\/wp-json\/wp\/v2\/users\/1"}],"replies":[{"embeddable":true,"href":"https:\/\/vieassociative.be\/actualites\/wp-json\/wp\/v2\/comments?post=11789"}],"version-history":[{"count":0,"href":"https:\/\/vieassociative.be\/actualites\/wp-json\/wp\/v2\/posts\/11789\/revisions"}],"wp:featuredmedia":[{"embeddable":true,"href":"https:\/\/vieassociative.be\/actualites\/wp-json\/wp\/v2\/media\/11790"}],"wp:attachment":[{"href":"https:\/\/vieassociative.be\/actualites\/wp-json\/wp\/v2\/media?parent=11789"}],"wp:term":[{"taxonomy":"category","embeddable":true,"href":"https:\/\/vieassociative.be\/actualites\/wp-json\/wp\/v2\/categories?post=11789"},{"taxonomy":"post_tag","embeddable":true,"href":"https:\/\/vieassociative.be\/actualites\/wp-json\/wp\/v2\/tags?post=11789"}],"curies":[{"name":"wp","href":"https:\/\/api.w.org\/{rel}","templated":true}]}}