{"id":11787,"date":"2025-12-11T02:17:30","date_gmt":"2025-12-11T01:17:30","guid":{"rendered":"https:\/\/vieassociative.be\/actualites\/pourquoi-les-prix-de-la-ram-augmentent-considerablement-et-pourquoi-vous-devriez-vous-en-soucier\/"},"modified":"2025-12-11T02:17:30","modified_gmt":"2025-12-11T01:17:30","slug":"pourquoi-les-prix-de-la-ram-augmentent-considerablement-et-pourquoi-vous-devriez-vous-en-soucier","status":"publish","type":"post","link":"https:\/\/vieassociative.be\/actualites\/pourquoi-les-prix-de-la-ram-augmentent-considerablement-et-pourquoi-vous-devriez-vous-en-soucier\/","title":{"rendered":"Pourquoi les prix de la RAM augmentent consid\u00e9rablement (et pourquoi vous devriez vous en soucier)"},"content":{"rendered":"<p>Nous pouvons gagner une commission sur les liens sur cette page.<\/p>\n<p>La RAM, \u00e9galement connue sous le nom de m\u00e9moire vive (ou simplement m\u00e9moire en abr\u00e9g\u00e9), est aujourd\u2019hui un \u00e9l\u00e9ment important de la plupart des appareils \u00e9lectroniques. Il permet essentiellement aux programmes de garder les informations cl\u00e9s \u00e0 port\u00e9e de main afin qu&rsquo;ils n&rsquo;aient pas \u00e0 fouiller dans votre stockage (comme votre disque dur ou votre disque SSD) pour les trouver. La RAM se trouve dans les ordinateurs portables, les t\u00e9l\u00e9phones, les tablettes, les consoles de jeux et m\u00eame les voitures, et toutes les applications en d\u00e9pendent au moins un peu. <\/p>\n<p>Essentiellement, si votre appareil contient un ordinateur, il est probablement livr\u00e9 avec de la RAM, ou il voudra que vous en installiez avant de d\u00e9marrer. Mais cette d\u00e9pendance est devenue r\u00e9cemment un gros probl\u00e8me. Alors que la RAM a toujours \u00e9t\u00e9 l&rsquo;un des composants les moins chers \u00e0 acheter pour les techniciens domestiques, au cours des derniers mois, la RAM est devenue beaucoup plus ch\u00e8re, passant d&rsquo;une r\u00e9flexion apr\u00e8s coup sur le budget de nombreuses personnes \u00e0 quelque chose pour lequel vous devez \u00e9conomiser.<\/p>\n<p>Il y a plusieurs raisons \u00e0 cela, mais m\u00eame si vous n&rsquo;\u00eates pas un constructeur de PC inconditionnel et que vous n&rsquo;achetez pas directement de RAM, ces hausses de prix pourraient quand m\u00eame vous affecter \u00e0 long terme. <\/p>\n<h2 id=\"what-happened\">Ce qui s&rsquo;est pass\u00e9?<\/h2>\n<p>Comme pour la plupart des bouleversements technologiques de nos jours, la principale raison de l\u2019explosion soudaine du prix de la RAM est l\u2019IA. Citant le cabinet d&rsquo;\u00e9tudes commerciales TrendForce et la publication cor\u00e9enne The Chosun Daily, le site s\u0153ur de Vie Associative, PCMag, a commenc\u00e9 \u00e0 rendre compte de l&rsquo;\u00e9volution des prix de la RAM en octobre, et la situation n&rsquo;a fait qu&#8217;empirer depuis.<\/p>\n<p>Selon ces analystes et experts du secteur, les fabricants concentrent progressivement leur attention sur la RAM sp\u00e9cifiquement destin\u00e9e aux centres de donn\u00e9es IA, Samsung et SK Hynix en particulier donnant la priorit\u00e9 \u00e0 la production de m\u00e9moire \u00e0 large bande passante que les biens de consommation n&rsquo;utilisent pas. Tom&rsquo;s Hardware a confirm\u00e9 cela dans son propre rapport d&rsquo;octobre, affirmant que ces soci\u00e9t\u00e9s avaient consacr\u00e9 environ 40 % de la production mondiale de RAM \u00e0 un seul projet d&rsquo;IA : le projet Stargate d&rsquo;OpenAI. Il s&rsquo;agit actuellement de deux des trois plus grands fabricants de RAM, et m\u00eame si tout cela a \u00e9t\u00e9 suivi d&rsquo;une bombe la semaine derni\u00e8re, la situation ne s&rsquo;annon\u00e7ait d\u00e9j\u00e0 pas bonne \u00e0 l&rsquo;entr\u00e9e de l&rsquo;automne, avec une p\u00e9nurie commen\u00e7ant \u00e0 affecter les prix \u00e0 la consommation.<\/p>\n<p>\u00ab\u00a0C&rsquo;est de la folie\u00a0\u00bb, a \u00e9crit un utilisateur de Reddit en octobre, avec encore plus de pessimisme \u00e0 l&rsquo;approche du Black Friday, lorsque d&rsquo;autres utilisateurs et m\u00eame des publications comme un autre site s\u0153ur de Vie Associative, Mashable, ont remarqu\u00e9 que de la RAM se vendait jusqu&rsquo;\u00e0 quatre chiffres, pendant ce qui \u00e9tait cens\u00e9 \u00eatre une saison de ventes.<\/p>\n<p>Mais les plus fortes hausses de prix de la RAM ont eu lieu d\u00e9but d\u00e9cembre, \u00e0 la suite d&rsquo;une annonce du dernier grand producteur de RAM, Micron. La soci\u00e9t\u00e9, connue depuis longtemps pour sa s\u00e9rie Crucial ax\u00e9e sur le consommateur, a d\u00e9clar\u00e9 qu&rsquo;elle quitterait le secteur de la RAM grand public en 2026 pour se concentrer sur l&rsquo;IA, mettant ainsi fin aux 30 ans d&rsquo;histoire de Crucial. Depuis lors, les prix de la RAM pour plusieurs produits ont grimp\u00e9 encore plus haut, m\u00eame si les producteurs de RAM d\u00e9clarent avoir doubl\u00e9 leurs b\u00e9n\u00e9fices par rapport \u00e0 l\u2019ann\u00e9e derni\u00e8re.<\/p>\n<p>Essentiellement, comme l&rsquo;a d\u00e9clar\u00e9 Shrish Plant, analyste chez Gartner, \u00e0 The Verge\u00a0: \u00ab\u00a0Si vous n&rsquo;\u00eates pas un client de serveur, vous serez consid\u00e9r\u00e9 comme une deuxi\u00e8me priorit\u00e9 pour les fournisseurs de m\u00e9moire\u00a0\u00bb.<\/p>\n<h2 id=\"how-expensive-is-ram-now\">Quel est le prix de la RAM actuellement ?<\/h2>\n<p>Bien que les prix de tous les composants informatiques fluctuent, la RAM est g\u00e9n\u00e9ralement parmi les moins ch\u00e8res, co\u00fbtant g\u00e9n\u00e9ralement moins de 100 $ pour un montant respectable d&rsquo;une bonne marque, ou plus pr\u00e8s de 150 $ pour une mise \u00e0 niveau. Il semble que cette \u00e9poque soit r\u00e9volue. <\/p>\n<p>Un streamer et TikToker que je suis, Christian Divyne, a r\u00e9cemment publi\u00e9 qu&rsquo;un kit RAM qu&rsquo;il avait achet\u00e9 en avril pour 90 $ co\u00fbtait d\u00e9sormais plus de 400 $, et il n&rsquo;est pas seul. J&rsquo;ai vu ce sentiment partout sur les r\u00e9seaux sociaux ces derniers temps, alors pour le v\u00e9rifier moi-m\u00eame, j&rsquo;ai parcouru la liste de PCMag des meilleures RAM pour les jeux en 2025, et voici les diff\u00e9rences de prix que j&rsquo;ai trouv\u00e9es d&rsquo;ao\u00fbt 2025 \u00e0 aujourd&rsquo;hui.<\/p>\n<ul>\n<li>\n<p>G.Skill Trident Z5 RGB 32 Go DDR5-7200, \u00e9tait <strong>110\u00a0$<\/strong> en ao\u00fbt, <strong>360\u00a0$<\/strong> maintenant.<\/p>\n<\/li>\n<li>\n<p>G.Skill Trident Z5 64 Go DDR5-6400 CL32, \u00e9tait <strong>170\u00a0$<\/strong> en ao\u00fbt, <strong>640\u00a0$<\/strong> maintenant.<\/p>\n<\/li>\n<li>\n<p>G.Skill Ripjaws V 16 Go DDR4-3600, \u00e9tait <strong>46\u00a0$<\/strong> en ao\u00fbt, 105 $ maintenant.<\/p>\n<\/li>\n<\/ul>\n<p>Bien qu&rsquo;il s&rsquo;agisse d&rsquo;une petite s\u00e9lection de RAM, il est clair que ces prix plus \u00e9lev\u00e9s sont pr\u00e9sents dans l&rsquo;ensemble du secteur. PCPartPicker, un site populaire sur lequel les passionn\u00e9s de construction de PC \u00e9valuent les pi\u00e8ces de leurs machines, affirme actuellement que sa RAM la mieux not\u00e9e est de 407 $, la m\u00e9moire concurrente atteignant souvent des sommets similaires. Essentiellement, il est d\u00e9sormais difficile de trouver de la RAM inf\u00e9rieure \u00e0 100 $ et vous devrez tr\u00e8s probablement payer deux ou trois fois plus que ce que vous auriez pu avoir plus t\u00f4t dans l&rsquo;ann\u00e9e.<\/p>\n<p>Ces hausses de prix sont plus \u00e9videntes lors de l\u2019achat direct de RAM, ce qui affecte principalement les constructeurs de PC, mais d\u2019autres en ressentiront probablement bient\u00f4t la crise. <\/p>\n<h2 id=\"how-is-more-expensive-ram-going-to-affect-me\">Comment une RAM plus ch\u00e8re va-t-elle m\u2019affecter ?<\/h2>\n<p>Jusqu&rsquo;\u00e0 pr\u00e9sent, je me suis concentr\u00e9 uniquement sur les prix plus \u00e9lev\u00e9s pour les personnes qui ach\u00e8tent directement de la RAM, ce qui affecte principalement les constructeurs de PC. Mais si vous pr\u00e9f\u00e9rez acheter votre technologie pr\u00e9-construite, ne pr\u00e9sumez pas que cela signifie que vous ne paierez pas non plus plus. Les fabricants d\u2019ordinateurs portables, de tablettes et de t\u00e9l\u00e9phones ont tous besoin d\u2019obtenir de la RAM quelque part, et \u00e0 mesure que les prix augmentent, ils seront \u00e9galement affect\u00e9s.<\/p>\n<p>D\u00e9j\u00e0, les prix de soci\u00e9t\u00e9s comme CyberPowerPC, qui propose des ordinateurs de bureau pr\u00e9-construits, ont augment\u00e9, et le fabricant d&rsquo;ordinateurs portables modulaires Framework a annonc\u00e9 qu&rsquo;il embo\u00eeterait bient\u00f4t le pas. M\u00eame Raspberry Pi, connu pour fabriquer des ordinateurs monocarte bon march\u00e9 pour les projets domestiques, a \u00e9t\u00e9 contraint d&rsquo;augmenter les prix de son produit phare le plus r\u00e9cent, en invoquant comme raison les co\u00fbts de m\u00e9moire. <\/p>\n<p>Tous ces produits s\u2019adressent davantage aux passionn\u00e9s, bien s\u00fbr, mais consid\u00e9rez-les comme le canari dans la mine de charbon. La loi de Moore est morte a r\u00e9cemment sugg\u00e9r\u00e9 que les prix de la RAM pourraient entra\u00eener une nouvelle hausse des prix de la Xbox, tandis que le directeur de l&rsquo;exploitation de Dell, Jeff Clarke, a d\u00e9clar\u00e9 lors d&rsquo;une r\u00e9cente conf\u00e9rence t\u00e9l\u00e9phonique sur les r\u00e9sultats que \u00ab\u00a0le fait est que la base de co\u00fbts augmente pour tous les produits\u00a0\u00bb.<\/p>\n<p>Certaines entreprises font de leur mieux pour emp\u00eacher les consommateurs de ressentir les effets de la p\u00e9nurie. Bloomberg a r\u00e9cemment rapport\u00e9 que Lenovo stockait actuellement de la RAM pour tenter de \u00ab trouver un \u00e9quilibre entre prix et disponibilit\u00e9 \u00bb pour les consommateurs en 2026, tandis que HP a d\u00e9clar\u00e9 qu&rsquo;il pourrait limiter la m\u00e9moire \u00e0 l&rsquo;int\u00e9rieur de ses appareils, mais pourrait quand m\u00eame devoir augmenter les prix.<\/p>\n<p>En bref, c&rsquo;est une p\u00e9riode difficile pour acheter de la technologie, m\u00eame si vous \u00eates plus occasionnel avec vos appareils. Et cela pourrait \u00e9galement affecter bien plus que la RAM : s&rsquo;adressant \u00e0 The Verge, le vice-pr\u00e9sident de la recherche chez IDC, Jeff Janukowicz, a sugg\u00e9r\u00e9 que certaines entreprises pourraient l\u00e9siner sur d&rsquo;autres composants, comme la batterie ou l&rsquo;\u00e9cran, pour \u00e9viter d&rsquo;augmenter les prix en raison de l&rsquo;augmentation des co\u00fbts de m\u00e9moire. Il a \u00e9galement sugg\u00e9r\u00e9 que les appareils plus abordables, pour lesquels les co\u00fbts ont d\u00e9j\u00e0 \u00e9t\u00e9 r\u00e9duits autant que possible, pourraient finir par conna\u00eetre des augmentations de prix plus importantes que d&rsquo;autres.<\/p>\n<h2 id=\"will-ram-prices-go-back-to-normal\">Les prix de la RAM reviendront-ils \u00e0 la normale ?<\/h2>\n<p>Comme Jeff Clarke, directeur de l&rsquo;exploitation de Dell, l&rsquo;a mentionn\u00e9 lors de cet appel aux r\u00e9sultats, ce n&rsquo;est pas la premi\u00e8re fois que les prix de la RAM fluctuent, mais il a admis que cette hausse particuli\u00e8re \u00e9tait \u00ab\u00a0sans pr\u00e9c\u00e9dent\u00a0\u00bb. M\u00eame si je conviens que c&rsquo;est vrai pour la m\u00e9moire, cela me rappelle les hausses de prix des cartes graphiques survenues au d\u00e9but des ann\u00e9es 2020.<\/p>\n<p>La demande de cartes graphiques n&rsquo;est toujours pas un probl\u00e8me r\u00e9solu, car ces composants sont \u00e9galement tr\u00e8s utiles pour l&rsquo;IA, mais vers le d\u00e9but de la d\u00e9cennie, il est devenu tr\u00e8s difficile pour les joueurs de mettre la main sur des GPU, surtout \u00e0 des prix proches du PDSF. C\u2019\u00e9tait gr\u00e2ce \u00e0 la demande des mineurs de crypto-monnaie, qui \u00e9tait suffisamment \u00e9lev\u00e9e pour que Nvidia ait commenc\u00e9 \u00e0 aggraver ses cartes en mati\u00e8re d\u2019exploitation mini\u00e8re. Les fabricants ont signal\u00e9 par la suite que la demande se tarissait, en grande partie en r\u00e9ponse aux changements dans le fonctionnement des cryptomonnaies et \u00e0 la baisse globale de l\u2019int\u00e9r\u00eat pour les cryptomonnaies.<\/p>\n<p>Bien que la bulle de l\u2019IA n\u2019ait pas (encore) \u00e9clat\u00e9, il est possible que la RAM suive un cycle similaire si l\u2019int\u00e9r\u00eat pour l\u2019IA commence \u00e0 se calmer. Dans le cas contraire, ce sera aux constructeurs d\u2019\u00e9quilibrer l\u2019offre et la demande.<\/p>\n<p>Revenant aux commentaires de Clarke, il a d\u00e9clar\u00e9 : \u00ab Je dirais que la demande est bien en avance sur l&rsquo;offre. \u00bb \u00c0 ce sujet, alors que Micron est cens\u00e9 sortir du jeu de la RAM grand public, Samsung et SK Hynix ne sont pas rest\u00e9s silencieux sur la question.<\/p>\n<p>Comme l&rsquo;a rapport\u00e9 le journal cor\u00e9en Seoul Economic Daily, SK Hynix pr\u00e9voit de d\u00e9penser 500 milliards de dollars pour construire de nouvelles usines de production, la premi\u00e8re devant ouvrir ses portes en 2027. La soci\u00e9t\u00e9 a \u00e9galement d\u00e9clar\u00e9 \u00e0 The Verge qu&rsquo;en ce qui concerne les produits de consommation, elle \u00ab\u00a0n&rsquo;envisage pas d&rsquo;interrompre les activit\u00e9s connexes\u00a0\u00bb. L\u2019offre pourrait donc conna\u00eetre une augmentation dans les ann\u00e9es \u00e0 venir.<\/p>\n<p>Dans le m\u00eame temps, il est difficile de savoir avec certitude quand la p\u00e9nurie de RAM dispara\u00eetra. Contrairement \u00e0 SK Hynix, Samsung a r\u00e9cemment d\u00e9clar\u00e9 lors d&rsquo;un appel aux relations avec les investisseurs (traduit par PCGamer et initialement rapport\u00e9 par Tech Insight) qu&rsquo;il ne \u00ab d\u00e9velopperait pas rapidement ses installations \u00bb et qu&rsquo;il poursuivrait plut\u00f4t un plan beaucoup plus difficile \u00e0 d\u00e9finir visant \u00e0 \u00ab maintenir la rentabilit\u00e9 \u00e0 long terme \u00bb. Tech Insight en a profit\u00e9 pour sp\u00e9culer que les prix de la RAM pourraient rester \u00e9lev\u00e9s jusqu\u2019en 2028.<\/p>\n<p>En bref, il est clair que le march\u00e9 reste volatil et que les entreprises cherchent encore des moyens de g\u00e9rer les prix. Je ne peux pas dire avec certitude quand les prix de la RAM baisseront \u00e0 nouveau, mais d&rsquo;apr\u00e8s ce que disent les acteurs de l&rsquo;industrie, ainsi que des probl\u00e8mes similaires avec les GPU dans le pass\u00e9, il semble que les indicateurs cl\u00e9s ici seraient un int\u00e9r\u00eat r\u00e9duit pour l&rsquo;IA ou une augmentation de la capacit\u00e9 de production.<\/p>\n<h2 id=\"what-if-i-need-to-buy-ram-now\">Et si je dois acheter de la RAM maintenant ?<\/h2>\n<p>En attendant, comme de nombreux appareils \u00e9lectroniques ont besoin de RAM, vous devrez peut-\u00eatre serrer les dents et acheter pendant la p\u00e9nurie. Si tel est le cas, voici les meilleures fa\u00e7ons d\u2019acheter de la RAM d\u00e8s maintenant.<\/p>\n<ul>\n<li>\n<p><strong>Achetez pr\u00e9-construit.<\/strong> Alors que les petits fabricants d&rsquo;appareils pr\u00e9construits augmentent d\u00e9j\u00e0 leurs prix, il est clair que les grands fabricants d&rsquo;appareils comme Lenovo font de leur mieux pour emp\u00eacher leurs clients de ressentir la p\u00e9nurie. \u00c0 l\u2019heure actuelle, Apple n\u2019a pas encore augment\u00e9 les prix des MacBook ou de l\u2019iPhone 17, et des appareils comme le Pixel 10 et le Microsoft Surface Laptop sont actuellement en vente. Historiquement, acheter un ordinateur pr\u00e9-construit au lieu de le construire soi-m\u00eame co\u00fbte cher, mais en cas de p\u00e9nurie de composants, une grande entreprise aura plus de moyens que vous d&rsquo;att\u00e9nuer les co\u00fbts.<\/p>\n<\/li>\n<li>\n<p><strong>Utilisez moins de RAM.<\/strong> Bien que je ne sugg\u00e8re pas d\u2019opter pour moins de 8 Go de RAM, la plupart des utilisateurs ne devraient pas avoir besoin de plus de 16 Go, m\u00eame s\u2019ils veulent jouer. Plus de marge est une bonne chose lorsque vous pouvez l&rsquo;obtenir, et m\u00eame si cela a \u00e9t\u00e9 une bonne suggestion de faire preuve de prudence dans le pass\u00e9, \u00e0 mesure que les prix augmentent, il serait peut-\u00eatre pr\u00e9f\u00e9rable de d\u00e9terminer le strict minimum avec lequel vous pouvez patiner pour le moment.<\/p>\n<\/li>\n<li>\n<p><strong>Achetez maintenant ou choisissez d&rsquo;attendre.<\/strong> Cela semble un peu contradictoire, mais fondamentalement, je ne m&rsquo;attendrais pas \u00e0 ce que les prix de la RAM se normalisent de si t\u00f4t. Examinez vos besoins et d\u00e9terminez si vous avez bient\u00f4t besoin d\u2019un nouvel ordinateur portable, PC, t\u00e9l\u00e9phone, tablette ou console de jeu. Si tel est le cas, cela vaut peut-\u00eatre la peine d&rsquo;en acheter un maintenant, avant que des fabricants comme Dell, HP ou m\u00eame Xbox n&rsquo;aient la possibilit\u00e9 d&rsquo;augmenter leurs prix. Si vous pensez pouvoir tenir encore quelques ann\u00e9es, il serait peut-\u00eatre pr\u00e9f\u00e9rable d\u2019attendre de voir comment la situation \u00e9volue plut\u00f4t que d\u2019essayer de construire pendant une p\u00e9nurie. Quoi qu\u2019il en soit, prenez votre d\u00e9cision bient\u00f4t, car vous ne voudrez probablement pas acheter de RAM car l\u2019offre commencera \u00e0 diminuer encore davantage jusqu\u2019en 2026.<\/p>\n<\/li>\n<\/ul>\n<p><script async src=\"\/\/www.tiktok.com\/embed.js\"><\/script><\/p>\n","protected":false},"excerpt":{"rendered":"<p>Nous pouvons gagner une commission sur les liens sur cette page. La RAM, \u00e9galement connue sous le nom de m\u00e9moire vive (ou simplement m\u00e9moire en<\/p>\n","protected":false},"author":1,"featured_media":11788,"comment_status":"","ping_status":"","sticky":false,"template":"","format":"standard","meta":{"footnotes":""},"categories":[13],"tags":[4315,2221,636,14,734,1399,3008,6919,4],"class_list":["post-11787","post","type-post","status-publish","format-standard","has-post-thumbnail","hentry","category-technologie","tag-augmentent","tag-considerablement","tag-devriez","tag-les","tag-pourquoi","tag-prix","tag-ram","tag-soucier","tag-vous","generate-columns","tablet-grid-50","mobile-grid-100","grid-parent","grid-33"],"yoast_head":"<!-- This site is optimized with the Yoast SEO plugin v24.0 - https:\/\/yoast.com\/wordpress\/plugins\/seo\/ -->\n<title>Pourquoi les prix de la RAM augmentent consid\u00e9rablement (et pourquoi vous devriez vous en soucier) | Vie Associative<\/title>\n<meta name=\"robots\" content=\"index, follow, max-snippet:-1, max-image-preview:large, max-video-preview:-1\" \/>\n<link rel=\"canonical\" href=\"https:\/\/vieassociative.be\/actualites\/pourquoi-les-prix-de-la-ram-augmentent-considerablement-et-pourquoi-vous-devriez-vous-en-soucier\/\" \/>\n<meta property=\"og:locale\" content=\"fr_FR\" \/>\n<meta property=\"og:type\" content=\"article\" \/>\n<meta property=\"og:title\" content=\"Pourquoi les prix de la RAM augmentent consid\u00e9rablement (et pourquoi vous devriez vous en soucier) | Vie Associative\" \/>\n<meta property=\"og:description\" content=\"Nous pouvons gagner une commission sur les liens sur cette page. La RAM, \u00e9galement connue sous le nom de m\u00e9moire vive (ou simplement m\u00e9moire en\" \/>\n<meta property=\"og:url\" content=\"https:\/\/vieassociative.be\/actualites\/pourquoi-les-prix-de-la-ram-augmentent-considerablement-et-pourquoi-vous-devriez-vous-en-soucier\/\" \/>\n<meta property=\"og:site_name\" content=\"Vie Associative\" \/>\n<meta property=\"article:published_time\" content=\"2025-12-11T01:17:30+00:00\" \/>\n<meta property=\"og:image\" content=\"https:\/\/vieassociative.be\/actualites\/wp-content\/uploads\/2024\/09\/header_backgroundk-01-e1726694325946.png\" \/>\n\t<meta property=\"og:image:width\" content=\"279\" \/>\n\t<meta property=\"og:image:height\" content=\"92\" \/>\n\t<meta property=\"og:image:type\" content=\"image\/png\" \/>\n<meta name=\"author\" content=\"Julien\" \/>\n<meta name=\"twitter:card\" content=\"summary_large_image\" \/>\n<meta name=\"twitter:label1\" content=\"\u00c9crit par\" \/>\n\t<meta name=\"twitter:data1\" content=\"Julien\" \/>\n\t<meta name=\"twitter:label2\" content=\"Dur\u00e9e de lecture est.\" \/>\n\t<meta name=\"twitter:data2\" content=\"12 minutes\" \/>\n<script type=\"application\/ld+json\" class=\"yoast-schema-graph\">{\"@context\":\"https:\/\/schema.org\",\"@graph\":[{\"@type\":\"Article\",\"@id\":\"https:\/\/vieassociative.be\/actualites\/pourquoi-les-prix-de-la-ram-augmentent-considerablement-et-pourquoi-vous-devriez-vous-en-soucier\/#article\",\"isPartOf\":{\"@id\":\"https:\/\/vieassociative.be\/actualites\/pourquoi-les-prix-de-la-ram-augmentent-considerablement-et-pourquoi-vous-devriez-vous-en-soucier\/\"},\"author\":{\"name\":\"Julien\",\"@id\":\"https:\/\/vieassociative.be\/actualites\/#\/schema\/person\/b87ac4f82f9d4e7b7cec7395b679edc4\"},\"headline\":\"Pourquoi les prix de la RAM augmentent consid\u00e9rablement (et pourquoi vous devriez vous en soucier)\",\"datePublished\":\"2025-12-11T01:17:30+00:00\",\"dateModified\":\"2025-12-11T01:17:30+00:00\",\"mainEntityOfPage\":{\"@id\":\"https:\/\/vieassociative.be\/actualites\/pourquoi-les-prix-de-la-ram-augmentent-considerablement-et-pourquoi-vous-devriez-vous-en-soucier\/\"},\"wordCount\":2464,\"publisher\":{\"@id\":\"https:\/\/vieassociative.be\/actualites\/#organization\"},\"image\":{\"@id\":\"https:\/\/vieassociative.be\/actualites\/pourquoi-les-prix-de-la-ram-augmentent-considerablement-et-pourquoi-vous-devriez-vous-en-soucier\/#primaryimage\"},\"thumbnailUrl\":\"https:\/\/vieassociative.be\/actualites\/wp-content\/uploads\/2025\/12\/Pourquoi-les-prix-de-la-RAM-augmentent-considerablement-et-pourquoi.png\",\"keywords\":[\"augmentent\",\"consid\u00e9rablement\",\"devriez\",\"Les\",\"Pourquoi\",\"prix\",\"RAM\",\"soucier\",\"Vous\"],\"articleSection\":[\"Technologie\"],\"inLanguage\":\"fr-BE\"},{\"@type\":\"WebPage\",\"@id\":\"https:\/\/vieassociative.be\/actualites\/pourquoi-les-prix-de-la-ram-augmentent-considerablement-et-pourquoi-vous-devriez-vous-en-soucier\/\",\"url\":\"https:\/\/vieassociative.be\/actualites\/pourquoi-les-prix-de-la-ram-augmentent-considerablement-et-pourquoi-vous-devriez-vous-en-soucier\/\",\"name\":\"Pourquoi les prix de la RAM augmentent consid\u00e9rablement (et pourquoi vous devriez vous en soucier) | Vie Associative\",\"isPartOf\":{\"@id\":\"https:\/\/vieassociative.be\/actualites\/#website\"},\"primaryImageOfPage\":{\"@id\":\"https:\/\/vieassociative.be\/actualites\/pourquoi-les-prix-de-la-ram-augmentent-considerablement-et-pourquoi-vous-devriez-vous-en-soucier\/#primaryimage\"},\"image\":{\"@id\":\"https:\/\/vieassociative.be\/actualites\/pourquoi-les-prix-de-la-ram-augmentent-considerablement-et-pourquoi-vous-devriez-vous-en-soucier\/#primaryimage\"},\"thumbnailUrl\":\"https:\/\/vieassociative.be\/actualites\/wp-content\/uploads\/2025\/12\/Pourquoi-les-prix-de-la-RAM-augmentent-considerablement-et-pourquoi.png\",\"datePublished\":\"2025-12-11T01:17:30+00:00\",\"dateModified\":\"2025-12-11T01:17:30+00:00\",\"breadcrumb\":{\"@id\":\"https:\/\/vieassociative.be\/actualites\/pourquoi-les-prix-de-la-ram-augmentent-considerablement-et-pourquoi-vous-devriez-vous-en-soucier\/#breadcrumb\"},\"inLanguage\":\"fr-BE\",\"potentialAction\":[{\"@type\":\"ReadAction\",\"target\":[\"https:\/\/vieassociative.be\/actualites\/pourquoi-les-prix-de-la-ram-augmentent-considerablement-et-pourquoi-vous-devriez-vous-en-soucier\/\"]}]},{\"@type\":\"ImageObject\",\"inLanguage\":\"fr-BE\",\"@id\":\"https:\/\/vieassociative.be\/actualites\/pourquoi-les-prix-de-la-ram-augmentent-considerablement-et-pourquoi-vous-devriez-vous-en-soucier\/#primaryimage\",\"url\":\"https:\/\/vieassociative.be\/actualites\/wp-content\/uploads\/2025\/12\/Pourquoi-les-prix-de-la-RAM-augmentent-considerablement-et-pourquoi.png\",\"contentUrl\":\"https:\/\/vieassociative.be\/actualites\/wp-content\/uploads\/2025\/12\/Pourquoi-les-prix-de-la-RAM-augmentent-considerablement-et-pourquoi.png\",\"width\":1200,\"height\":675,\"caption\":\"Pourquoi les prix de la RAM augmentent consid\u00e9rablement (et pourquoi vous devriez vous en soucier)\"},{\"@type\":\"BreadcrumbList\",\"@id\":\"https:\/\/vieassociative.be\/actualites\/pourquoi-les-prix-de-la-ram-augmentent-considerablement-et-pourquoi-vous-devriez-vous-en-soucier\/#breadcrumb\",\"itemListElement\":[{\"@type\":\"ListItem\",\"position\":1,\"name\":\"Accueil\",\"item\":\"https:\/\/vieassociative.be\/actualites\/\"},{\"@type\":\"ListItem\",\"position\":2,\"name\":\"Pourquoi les prix de la RAM augmentent consid\u00e9rablement (et pourquoi vous devriez vous en soucier)\"}]},{\"@type\":\"WebSite\",\"@id\":\"https:\/\/vieassociative.be\/actualites\/#website\",\"url\":\"https:\/\/vieassociative.be\/actualites\/\",\"name\":\"Vie Associative\",\"description\":\"\",\"publisher\":{\"@id\":\"https:\/\/vieassociative.be\/actualites\/#organization\"},\"potentialAction\":[{\"@type\":\"SearchAction\",\"target\":{\"@type\":\"EntryPoint\",\"urlTemplate\":\"https:\/\/vieassociative.be\/actualites\/?s={search_term_string}\"},\"query-input\":{\"@type\":\"PropertyValueSpecification\",\"valueRequired\":true,\"valueName\":\"search_term_string\"}}],\"inLanguage\":\"fr-BE\"},{\"@type\":\"Organization\",\"@id\":\"https:\/\/vieassociative.be\/actualites\/#organization\",\"name\":\"Vie Associative\",\"url\":\"https:\/\/vieassociative.be\/actualites\/\",\"logo\":{\"@type\":\"ImageObject\",\"inLanguage\":\"fr-BE\",\"@id\":\"https:\/\/vieassociative.be\/actualites\/#\/schema\/logo\/image\/\",\"url\":\"https:\/\/vieassociative.be\/actualites\/wp-content\/uploads\/2024\/09\/cropped-vieassociative_favicon.ico.png\",\"contentUrl\":\"https:\/\/vieassociative.be\/actualites\/wp-content\/uploads\/2024\/09\/cropped-vieassociative_favicon.ico.png\",\"width\":512,\"height\":512,\"caption\":\"Vie Associative\"},\"image\":{\"@id\":\"https:\/\/vieassociative.be\/actualites\/#\/schema\/logo\/image\/\"}},{\"@type\":\"Person\",\"@id\":\"https:\/\/vieassociative.be\/actualites\/#\/schema\/person\/b87ac4f82f9d4e7b7cec7395b679edc4\",\"name\":\"Julien\",\"image\":{\"@type\":\"ImageObject\",\"inLanguage\":\"fr-BE\",\"@id\":\"https:\/\/vieassociative.be\/actualites\/#\/schema\/person\/image\/\",\"url\":\"https:\/\/vieassociative.be\/actualites\/wp-content\/uploads\/2024\/09\/vie-associative-1-150x150.jpg\",\"contentUrl\":\"https:\/\/vieassociative.be\/actualites\/wp-content\/uploads\/2024\/09\/vie-associative-1-150x150.jpg\",\"caption\":\"Julien\"},\"description\":\"Je suis Julien, r\u00e9dacteur pour Vie Associative. Passionn\u00e9 par le monde associatif depuis plus de 10 ans, j'ai \u00e0 c\u0153ur de partager des histoires inspirantes et de mettre en lumi\u00e8re les initiatives locales. Mon objectif est de sensibiliser et d'encourager l'engagement communautaire \u00e0 travers mes articles.\",\"sameAs\":[\"https:\/\/vieassociative.be\/\"]}]}<\/script>\n<!-- \/ Yoast SEO plugin. -->","yoast_head_json":{"title":"Pourquoi les prix de la RAM augmentent consid\u00e9rablement (et pourquoi vous devriez vous en soucier) | Vie Associative","robots":{"index":"index","follow":"follow","max-snippet":"max-snippet:-1","max-image-preview":"max-image-preview:large","max-video-preview":"max-video-preview:-1"},"canonical":"https:\/\/vieassociative.be\/actualites\/pourquoi-les-prix-de-la-ram-augmentent-considerablement-et-pourquoi-vous-devriez-vous-en-soucier\/","og_locale":"fr_FR","og_type":"article","og_title":"Pourquoi les prix de la RAM augmentent consid\u00e9rablement (et pourquoi vous devriez vous en soucier) | Vie Associative","og_description":"Nous pouvons gagner une commission sur les liens sur cette page. La RAM, \u00e9galement connue sous le nom de m\u00e9moire vive (ou simplement m\u00e9moire en","og_url":"https:\/\/vieassociative.be\/actualites\/pourquoi-les-prix-de-la-ram-augmentent-considerablement-et-pourquoi-vous-devriez-vous-en-soucier\/","og_site_name":"Vie Associative","article_published_time":"2025-12-11T01:17:30+00:00","og_image":[{"width":279,"height":92,"url":"https:\/\/vieassociative.be\/actualites\/wp-content\/uploads\/2024\/09\/header_backgroundk-01-e1726694325946.png","type":"image\/png"}],"author":"Julien","twitter_card":"summary_large_image","twitter_misc":{"\u00c9crit par":"Julien","Dur\u00e9e de lecture est.":"12 minutes"},"schema":{"@context":"https:\/\/schema.org","@graph":[{"@type":"Article","@id":"https:\/\/vieassociative.be\/actualites\/pourquoi-les-prix-de-la-ram-augmentent-considerablement-et-pourquoi-vous-devriez-vous-en-soucier\/#article","isPartOf":{"@id":"https:\/\/vieassociative.be\/actualites\/pourquoi-les-prix-de-la-ram-augmentent-considerablement-et-pourquoi-vous-devriez-vous-en-soucier\/"},"author":{"name":"Julien","@id":"https:\/\/vieassociative.be\/actualites\/#\/schema\/person\/b87ac4f82f9d4e7b7cec7395b679edc4"},"headline":"Pourquoi les prix de la RAM augmentent consid\u00e9rablement (et pourquoi vous devriez vous en soucier)","datePublished":"2025-12-11T01:17:30+00:00","dateModified":"2025-12-11T01:17:30+00:00","mainEntityOfPage":{"@id":"https:\/\/vieassociative.be\/actualites\/pourquoi-les-prix-de-la-ram-augmentent-considerablement-et-pourquoi-vous-devriez-vous-en-soucier\/"},"wordCount":2464,"publisher":{"@id":"https:\/\/vieassociative.be\/actualites\/#organization"},"image":{"@id":"https:\/\/vieassociative.be\/actualites\/pourquoi-les-prix-de-la-ram-augmentent-considerablement-et-pourquoi-vous-devriez-vous-en-soucier\/#primaryimage"},"thumbnailUrl":"https:\/\/vieassociative.be\/actualites\/wp-content\/uploads\/2025\/12\/Pourquoi-les-prix-de-la-RAM-augmentent-considerablement-et-pourquoi.png","keywords":["augmentent","consid\u00e9rablement","devriez","Les","Pourquoi","prix","RAM","soucier","Vous"],"articleSection":["Technologie"],"inLanguage":"fr-BE"},{"@type":"WebPage","@id":"https:\/\/vieassociative.be\/actualites\/pourquoi-les-prix-de-la-ram-augmentent-considerablement-et-pourquoi-vous-devriez-vous-en-soucier\/","url":"https:\/\/vieassociative.be\/actualites\/pourquoi-les-prix-de-la-ram-augmentent-considerablement-et-pourquoi-vous-devriez-vous-en-soucier\/","name":"Pourquoi les prix de la RAM augmentent consid\u00e9rablement (et pourquoi vous devriez vous en soucier) | Vie Associative","isPartOf":{"@id":"https:\/\/vieassociative.be\/actualites\/#website"},"primaryImageOfPage":{"@id":"https:\/\/vieassociative.be\/actualites\/pourquoi-les-prix-de-la-ram-augmentent-considerablement-et-pourquoi-vous-devriez-vous-en-soucier\/#primaryimage"},"image":{"@id":"https:\/\/vieassociative.be\/actualites\/pourquoi-les-prix-de-la-ram-augmentent-considerablement-et-pourquoi-vous-devriez-vous-en-soucier\/#primaryimage"},"thumbnailUrl":"https:\/\/vieassociative.be\/actualites\/wp-content\/uploads\/2025\/12\/Pourquoi-les-prix-de-la-RAM-augmentent-considerablement-et-pourquoi.png","datePublished":"2025-12-11T01:17:30+00:00","dateModified":"2025-12-11T01:17:30+00:00","breadcrumb":{"@id":"https:\/\/vieassociative.be\/actualites\/pourquoi-les-prix-de-la-ram-augmentent-considerablement-et-pourquoi-vous-devriez-vous-en-soucier\/#breadcrumb"},"inLanguage":"fr-BE","potentialAction":[{"@type":"ReadAction","target":["https:\/\/vieassociative.be\/actualites\/pourquoi-les-prix-de-la-ram-augmentent-considerablement-et-pourquoi-vous-devriez-vous-en-soucier\/"]}]},{"@type":"ImageObject","inLanguage":"fr-BE","@id":"https:\/\/vieassociative.be\/actualites\/pourquoi-les-prix-de-la-ram-augmentent-considerablement-et-pourquoi-vous-devriez-vous-en-soucier\/#primaryimage","url":"https:\/\/vieassociative.be\/actualites\/wp-content\/uploads\/2025\/12\/Pourquoi-les-prix-de-la-RAM-augmentent-considerablement-et-pourquoi.png","contentUrl":"https:\/\/vieassociative.be\/actualites\/wp-content\/uploads\/2025\/12\/Pourquoi-les-prix-de-la-RAM-augmentent-considerablement-et-pourquoi.png","width":1200,"height":675,"caption":"Pourquoi les prix de la RAM augmentent consid\u00e9rablement (et pourquoi vous devriez vous en soucier)"},{"@type":"BreadcrumbList","@id":"https:\/\/vieassociative.be\/actualites\/pourquoi-les-prix-de-la-ram-augmentent-considerablement-et-pourquoi-vous-devriez-vous-en-soucier\/#breadcrumb","itemListElement":[{"@type":"ListItem","position":1,"name":"Accueil","item":"https:\/\/vieassociative.be\/actualites\/"},{"@type":"ListItem","position":2,"name":"Pourquoi les prix de la RAM augmentent consid\u00e9rablement (et pourquoi vous devriez vous en soucier)"}]},{"@type":"WebSite","@id":"https:\/\/vieassociative.be\/actualites\/#website","url":"https:\/\/vieassociative.be\/actualites\/","name":"Vie Associative","description":"","publisher":{"@id":"https:\/\/vieassociative.be\/actualites\/#organization"},"potentialAction":[{"@type":"SearchAction","target":{"@type":"EntryPoint","urlTemplate":"https:\/\/vieassociative.be\/actualites\/?s={search_term_string}"},"query-input":{"@type":"PropertyValueSpecification","valueRequired":true,"valueName":"search_term_string"}}],"inLanguage":"fr-BE"},{"@type":"Organization","@id":"https:\/\/vieassociative.be\/actualites\/#organization","name":"Vie Associative","url":"https:\/\/vieassociative.be\/actualites\/","logo":{"@type":"ImageObject","inLanguage":"fr-BE","@id":"https:\/\/vieassociative.be\/actualites\/#\/schema\/logo\/image\/","url":"https:\/\/vieassociative.be\/actualites\/wp-content\/uploads\/2024\/09\/cropped-vieassociative_favicon.ico.png","contentUrl":"https:\/\/vieassociative.be\/actualites\/wp-content\/uploads\/2024\/09\/cropped-vieassociative_favicon.ico.png","width":512,"height":512,"caption":"Vie Associative"},"image":{"@id":"https:\/\/vieassociative.be\/actualites\/#\/schema\/logo\/image\/"}},{"@type":"Person","@id":"https:\/\/vieassociative.be\/actualites\/#\/schema\/person\/b87ac4f82f9d4e7b7cec7395b679edc4","name":"Julien","image":{"@type":"ImageObject","inLanguage":"fr-BE","@id":"https:\/\/vieassociative.be\/actualites\/#\/schema\/person\/image\/","url":"https:\/\/vieassociative.be\/actualites\/wp-content\/uploads\/2024\/09\/vie-associative-1-150x150.jpg","contentUrl":"https:\/\/vieassociative.be\/actualites\/wp-content\/uploads\/2024\/09\/vie-associative-1-150x150.jpg","caption":"Julien"},"description":"Je suis Julien, r\u00e9dacteur pour Vie Associative. Passionn\u00e9 par le monde associatif depuis plus de 10 ans, j'ai \u00e0 c\u0153ur de partager des histoires inspirantes et de mettre en lumi\u00e8re les initiatives locales. Mon objectif est de sensibiliser et d'encourager l'engagement communautaire \u00e0 travers mes articles.","sameAs":["https:\/\/vieassociative.be\/"]}]}},"_links":{"self":[{"href":"https:\/\/vieassociative.be\/actualites\/wp-json\/wp\/v2\/posts\/11787"}],"collection":[{"href":"https:\/\/vieassociative.be\/actualites\/wp-json\/wp\/v2\/posts"}],"about":[{"href":"https:\/\/vieassociative.be\/actualites\/wp-json\/wp\/v2\/types\/post"}],"author":[{"embeddable":true,"href":"https:\/\/vieassociative.be\/actualites\/wp-json\/wp\/v2\/users\/1"}],"replies":[{"embeddable":true,"href":"https:\/\/vieassociative.be\/actualites\/wp-json\/wp\/v2\/comments?post=11787"}],"version-history":[{"count":0,"href":"https:\/\/vieassociative.be\/actualites\/wp-json\/wp\/v2\/posts\/11787\/revisions"}],"wp:featuredmedia":[{"embeddable":true,"href":"https:\/\/vieassociative.be\/actualites\/wp-json\/wp\/v2\/media\/11788"}],"wp:attachment":[{"href":"https:\/\/vieassociative.be\/actualites\/wp-json\/wp\/v2\/media?parent=11787"}],"wp:term":[{"taxonomy":"category","embeddable":true,"href":"https:\/\/vieassociative.be\/actualites\/wp-json\/wp\/v2\/categories?post=11787"},{"taxonomy":"post_tag","embeddable":true,"href":"https:\/\/vieassociative.be\/actualites\/wp-json\/wp\/v2\/tags?post=11787"}],"curies":[{"name":"wp","href":"https:\/\/api.w.org\/{rel}","templated":true}]}}