{"id":11785,"date":"2025-12-10T21:17:37","date_gmt":"2025-12-10T20:17:37","guid":{"rendered":"https:\/\/vieassociative.be\/actualites\/quand-creutz-rappelle-balter-a-lordre-interjection\/"},"modified":"2025-12-10T21:17:37","modified_gmt":"2025-12-10T20:17:37","slug":"quand-creutz-rappelle-balter-a-lordre-interjection","status":"publish","type":"post","link":"https:\/\/vieassociative.be\/actualites\/quand-creutz-rappelle-balter-a-lordre-interjection\/","title":{"rendered":"Quand Creutz rappelle Balter \u00e0 l&rsquo;ordre (interjection)"},"content":{"rendered":"<p><strong>Il n&rsquo;y a en r\u00e9alit\u00e9 que deux orateurs talentueux au parlement de la DG : le Premier ministre Oliver Paasch (ProDG) et le chef du groupe parlementaire Vivant, Michael Balter. Un discours aussi vif que celui de Balter lundi soir, au premier jour du marathon budg\u00e9taire, est rare au sein du PDG. Le discours et les commentaires de Balter \u00e9taient certainement au format Bundestag (voir VID\u00c9O ci-dessous). <\/strong><\/p>\n<p><span id=\"more-431491\"><\/span>Entre-temps, le chef du groupe Vivant a \u00e9t\u00e9 rappel\u00e9 \u00e0 l&rsquo;ordre avec v\u00e9h\u00e9mence par la pr\u00e9sidente du Parlement Patricia Creutz (CSP). Apr\u00e8s la deuxi\u00e8me r\u00e9ponse de Michael Balter, le Pr\u00e9sident du Parlement a d\u00e9clar\u00e9 mot pour mot :<\/p>\n<p><em>\u00ab\u00a0Maintenant que tout cela a pris une ampleur et devient tr\u00e8s personnel, Monsieur le Coll\u00e8gue, je vous rappelle \u00e0 l&rsquo;ordre. L&rsquo;ambiance que vous propagez ici dans cette maison n&rsquo;est absolument pas acceptable. Si vous voyez cela comme un d\u00e9bat anim\u00e9, je le vois comme des attaques personnelles. Et nous en parlerons s\u00e9rieusement au pr\u00e9sidium.\u00a0\u00bb<\/em><\/p>\n<p>Ensuite, il y a eu un bref silence de mort dans la salle pl\u00e9ni\u00e8re. <\/p>\n<\/p>\n<div id=\"attachment_431498\" class=\"wp-caption alignleft\" style=\"max-width: 300px\"><img fetchpriority=\"high\" decoding=\"async\" class=\"wp-image-431498 size-medium\" src=\"https:\/\/vieassociative.be\/actualites\/wp-content\/uploads\/2025\/12\/Quand-Creutz-rappelle-Balter-a-lordre-interjection.jpg\" alt=\"\" width=\"300\" height=\"200\"  ><\/div>\n<p>Beaucoup de parlementaires se seront demand\u00e9s, quelque peu perplexes, ce qui avait pu prendre le pr\u00e9sident du PDG ce lundi soir. Qu\u2019entendait-elle par \u00ab sentiment \u00bb et \u00ab attaques personnelles \u00bb ?<\/p>\n<p>Un tel rappel \u00e0 l\u2019ordre n\u2019\u00e9tait attendu que de la part du pr\u00e9sident am\u00e9ricain Donald Trump, qui consid\u00e8re le moindre commentaire critique comme une calomnie, m\u00eame s\u2019il ne fait rien d\u2019autre que calomnier les autres \u00e0 longueur de journ\u00e9e.<\/p>\n<p>Et puis Patricia Creutz, dont le groupe parlementaire a \u00e9t\u00e9 tenu \u00e0 l&rsquo;\u00e9cart de la majorit\u00e9 pendant un quart de si\u00e8cle et elle est elle-m\u00eame d\u00e9put\u00e9e depuis 20 ans, devrait en r\u00e9alit\u00e9 savoir qu&rsquo;en tant que membre de l&rsquo;opposition parlementaire, on ne peut finalement se faire entendre qu&rsquo;avec une rh\u00e9torique habile, car on ne peut pas faire usage des autres privil\u00e8ges dont disposent les politiciens de la majorit\u00e9 &#8211; et elle-m\u00eame en tant que pr\u00e9sidente du Parlement -.<\/p>\n<p>Si le discours poivr\u00e9 d\u2019un homme politique de l\u2019opposition est d\u00e9sormais sanctionn\u00e9 par un rappel \u00e0 l\u2019ordre du pr\u00e9sident du Parlement, alors bonne nuit ! (cr\u00e9er)<\/p>\n<p><em><strong>Ci-dessous la VID\u00c9O du discours du porte-parole du groupe parlementaire Vivant, Michael Balter, et de ses r\u00e9ponses num\u00e9ros 1 et 2 (y compris le rappel \u00e0 l&rsquo;ordre de la pr\u00e9sidente du Parlement Patricia Creutz) :<\/strong><\/em><\/p>\n<p><em>Voici le discours de Balter :<\/em><\/p>\n<div class=\"responsive-embed widescreen\">\n<div class=\"rll-youtube-player\" data-src=\"https:\/\/www.youtube.com\/embed\/D2aBarNWF-M\" data-id=\"D2aBarNWF-M\" data-query=\"start=1889&amp;feature=oembed\" data-alt=\"08.12.2025 Plenarsitzung des Parlaments vom 08. Dezember  2025\"><\/div>\n<p><noscript><iframe title=\"08.12.2025 Plenarsitzung des Parlaments vom 08. Dezember  2025\" width=\"1200\" height=\"675\" src=\"https:\/\/www.youtube.com\/embed\/D2aBarNWF-M?feature=oembed\" frameborder=\"0\" allow=\"accelerometer; autoplay; clipboard-write; encrypted-media; gyroscope; picture-in-picture; web-share\" referrerpolicy=\"strict-origin-when-cross-origin\" allowfullscreen><\/iframe><\/noscript><\/div>\n<p><em>Voici la premi\u00e8re r\u00e9plique de Balter :<\/em><\/p>\n<div class=\"responsive-embed widescreen\">\n<div class=\"rll-youtube-player\" data-src=\"https:\/\/www.youtube.com\/embed\/D2aBarNWF-M\" data-id=\"D2aBarNWF-M\" data-query=\"start=9954&amp;feature=oembed\" data-alt=\"08.12.2025 Plenarsitzung des Parlaments vom 08. Dezember  2025\"><\/div>\n<p><noscript><iframe title=\"08.12.2025 Plenarsitzung des Parlaments vom 08. Dezember  2025\" width=\"1200\" height=\"675\" src=\"https:\/\/www.youtube.com\/embed\/D2aBarNWF-M?feature=oembed\" frameborder=\"0\" allow=\"accelerometer; autoplay; clipboard-write; encrypted-media; gyroscope; picture-in-picture; web-share\" referrerpolicy=\"strict-origin-when-cross-origin\" allowfullscreen><\/iframe><\/noscript><\/div>\n<p><em>Voici la deuxi\u00e8me r\u00e9ponse de Balter &#8211; suivie du rappel \u00e0 l&rsquo;ordre de Patricia Creutz :<\/em><\/p>\n<div class=\"responsive-embed widescreen\">\n<div class=\"rll-youtube-player\" data-src=\"https:\/\/www.youtube.com\/embed\/D2aBarNWF-M\" data-id=\"D2aBarNWF-M\" data-query=\"start=12854&amp;feature=oembed\" data-alt=\"08.12.2025 Plenarsitzung des Parlaments vom 08. Dezember  2025\"><\/div>\n<p><noscript><iframe title=\"08.12.2025 Plenarsitzung des Parlaments vom 08. Dezember  2025\" width=\"1200\" height=\"675\" src=\"https:\/\/www.youtube.com\/embed\/D2aBarNWF-M?feature=oembed\" frameborder=\"0\" allow=\"accelerometer; autoplay; clipboard-write; encrypted-media; gyroscope; picture-in-picture; web-share\" referrerpolicy=\"strict-origin-when-cross-origin\" allowfullscreen><\/iframe><\/noscript><\/div>\n","protected":false},"excerpt":{"rendered":"<p>Il n&rsquo;y a en r\u00e9alit\u00e9 que deux orateurs talentueux au parlement de la DG : le Premier ministre Oliver Paasch (ProDG) et le chef du<\/p>\n","protected":false},"author":1,"featured_media":11786,"comment_status":"","ping_status":"","sticky":false,"template":"","format":"standard","meta":{"footnotes":""},"categories":[298],"tags":[3527,9520,2885,9521,123,5024],"class_list":["post-11785","post","type-post","status-publish","format-standard","has-post-thumbnail","hentry","category-belgique","tag-balter","tag-creutz","tag-interjection","tag-lordre","tag-quand","tag-rappelle","generate-columns","tablet-grid-50","mobile-grid-100","grid-parent","grid-33"],"yoast_head":"<!-- This site is optimized with the Yoast SEO plugin v24.0 - https:\/\/yoast.com\/wordpress\/plugins\/seo\/ -->\n<title>Quand Creutz rappelle Balter \u00e0 l&#039;ordre (interjection) | Vie Associative<\/title>\n<meta name=\"robots\" content=\"index, follow, max-snippet:-1, max-image-preview:large, max-video-preview:-1\" \/>\n<link rel=\"canonical\" href=\"https:\/\/vieassociative.be\/actualites\/quand-creutz-rappelle-balter-a-lordre-interjection\/\" \/>\n<meta property=\"og:locale\" content=\"fr_FR\" \/>\n<meta property=\"og:type\" content=\"article\" \/>\n<meta property=\"og:title\" content=\"Quand Creutz rappelle Balter \u00e0 l&#039;ordre (interjection) | Vie Associative\" \/>\n<meta property=\"og:description\" content=\"Il n&rsquo;y a en r\u00e9alit\u00e9 que deux orateurs talentueux au parlement de la DG : le Premier ministre Oliver Paasch (ProDG) et le chef du\" \/>\n<meta property=\"og:url\" content=\"https:\/\/vieassociative.be\/actualites\/quand-creutz-rappelle-balter-a-lordre-interjection\/\" \/>\n<meta property=\"og:site_name\" content=\"Vie Associative\" \/>\n<meta property=\"article:published_time\" content=\"2025-12-10T20:17:37+00:00\" \/>\n<meta property=\"og:image\" content=\"https:\/\/vieassociative.be\/actualites\/wp-content\/uploads\/2024\/09\/header_backgroundk-01-e1726694325946.png\" \/>\n\t<meta property=\"og:image:width\" content=\"279\" \/>\n\t<meta property=\"og:image:height\" content=\"92\" \/>\n\t<meta property=\"og:image:type\" content=\"image\/png\" \/>\n<meta name=\"author\" content=\"Julien\" \/>\n<meta name=\"twitter:card\" content=\"summary_large_image\" \/>\n<meta name=\"twitter:label1\" content=\"\u00c9crit par\" \/>\n\t<meta name=\"twitter:data1\" content=\"Julien\" \/>\n\t<meta name=\"twitter:label2\" content=\"Dur\u00e9e de lecture est.\" \/>\n\t<meta name=\"twitter:data2\" content=\"2 minutes\" \/>\n<script type=\"application\/ld+json\" class=\"yoast-schema-graph\">{\"@context\":\"https:\/\/schema.org\",\"@graph\":[{\"@type\":\"Article\",\"@id\":\"https:\/\/vieassociative.be\/actualites\/quand-creutz-rappelle-balter-a-lordre-interjection\/#article\",\"isPartOf\":{\"@id\":\"https:\/\/vieassociative.be\/actualites\/quand-creutz-rappelle-balter-a-lordre-interjection\/\"},\"author\":{\"name\":\"Julien\",\"@id\":\"https:\/\/vieassociative.be\/actualites\/#\/schema\/person\/b87ac4f82f9d4e7b7cec7395b679edc4\"},\"headline\":\"Quand Creutz rappelle Balter \u00e0 l&rsquo;ordre (interjection)\",\"datePublished\":\"2025-12-10T20:17:37+00:00\",\"dateModified\":\"2025-12-10T20:17:37+00:00\",\"mainEntityOfPage\":{\"@id\":\"https:\/\/vieassociative.be\/actualites\/quand-creutz-rappelle-balter-a-lordre-interjection\/\"},\"wordCount\":490,\"publisher\":{\"@id\":\"https:\/\/vieassociative.be\/actualites\/#organization\"},\"image\":{\"@id\":\"https:\/\/vieassociative.be\/actualites\/quand-creutz-rappelle-balter-a-lordre-interjection\/#primaryimage\"},\"thumbnailUrl\":\"https:\/\/vieassociative.be\/actualites\/wp-content\/uploads\/2025\/12\/1765397857_Quand-Creutz-rappelle-Balter-a-lordre-interjection.jpg\",\"keywords\":[\"Balter\",\"Creutz\",\"interjection\",\"lordre\",\"Quand\",\"rappelle\"],\"articleSection\":[\"Belgique\"],\"inLanguage\":\"fr-BE\"},{\"@type\":\"WebPage\",\"@id\":\"https:\/\/vieassociative.be\/actualites\/quand-creutz-rappelle-balter-a-lordre-interjection\/\",\"url\":\"https:\/\/vieassociative.be\/actualites\/quand-creutz-rappelle-balter-a-lordre-interjection\/\",\"name\":\"Quand Creutz rappelle Balter \u00e0 l'ordre (interjection) | Vie Associative\",\"isPartOf\":{\"@id\":\"https:\/\/vieassociative.be\/actualites\/#website\"},\"primaryImageOfPage\":{\"@id\":\"https:\/\/vieassociative.be\/actualites\/quand-creutz-rappelle-balter-a-lordre-interjection\/#primaryimage\"},\"image\":{\"@id\":\"https:\/\/vieassociative.be\/actualites\/quand-creutz-rappelle-balter-a-lordre-interjection\/#primaryimage\"},\"thumbnailUrl\":\"https:\/\/vieassociative.be\/actualites\/wp-content\/uploads\/2025\/12\/1765397857_Quand-Creutz-rappelle-Balter-a-lordre-interjection.jpg\",\"datePublished\":\"2025-12-10T20:17:37+00:00\",\"dateModified\":\"2025-12-10T20:17:37+00:00\",\"breadcrumb\":{\"@id\":\"https:\/\/vieassociative.be\/actualites\/quand-creutz-rappelle-balter-a-lordre-interjection\/#breadcrumb\"},\"inLanguage\":\"fr-BE\",\"potentialAction\":[{\"@type\":\"ReadAction\",\"target\":[\"https:\/\/vieassociative.be\/actualites\/quand-creutz-rappelle-balter-a-lordre-interjection\/\"]}]},{\"@type\":\"ImageObject\",\"inLanguage\":\"fr-BE\",\"@id\":\"https:\/\/vieassociative.be\/actualites\/quand-creutz-rappelle-balter-a-lordre-interjection\/#primaryimage\",\"url\":\"https:\/\/vieassociative.be\/actualites\/wp-content\/uploads\/2025\/12\/1765397857_Quand-Creutz-rappelle-Balter-a-lordre-interjection.jpg\",\"contentUrl\":\"https:\/\/vieassociative.be\/actualites\/wp-content\/uploads\/2025\/12\/1765397857_Quand-Creutz-rappelle-Balter-a-lordre-interjection.jpg\",\"width\":1200,\"height\":802,\"caption\":\"Quand Creutz rappelle Balter \u00e0 l'ordre (interjection)\"},{\"@type\":\"BreadcrumbList\",\"@id\":\"https:\/\/vieassociative.be\/actualites\/quand-creutz-rappelle-balter-a-lordre-interjection\/#breadcrumb\",\"itemListElement\":[{\"@type\":\"ListItem\",\"position\":1,\"name\":\"Accueil\",\"item\":\"https:\/\/vieassociative.be\/actualites\/\"},{\"@type\":\"ListItem\",\"position\":2,\"name\":\"Quand Creutz rappelle Balter \u00e0 l&rsquo;ordre (interjection)\"}]},{\"@type\":\"WebSite\",\"@id\":\"https:\/\/vieassociative.be\/actualites\/#website\",\"url\":\"https:\/\/vieassociative.be\/actualites\/\",\"name\":\"Vie Associative\",\"description\":\"\",\"publisher\":{\"@id\":\"https:\/\/vieassociative.be\/actualites\/#organization\"},\"potentialAction\":[{\"@type\":\"SearchAction\",\"target\":{\"@type\":\"EntryPoint\",\"urlTemplate\":\"https:\/\/vieassociative.be\/actualites\/?s={search_term_string}\"},\"query-input\":{\"@type\":\"PropertyValueSpecification\",\"valueRequired\":true,\"valueName\":\"search_term_string\"}}],\"inLanguage\":\"fr-BE\"},{\"@type\":\"Organization\",\"@id\":\"https:\/\/vieassociative.be\/actualites\/#organization\",\"name\":\"Vie Associative\",\"url\":\"https:\/\/vieassociative.be\/actualites\/\",\"logo\":{\"@type\":\"ImageObject\",\"inLanguage\":\"fr-BE\",\"@id\":\"https:\/\/vieassociative.be\/actualites\/#\/schema\/logo\/image\/\",\"url\":\"https:\/\/vieassociative.be\/actualites\/wp-content\/uploads\/2024\/09\/cropped-vieassociative_favicon.ico.png\",\"contentUrl\":\"https:\/\/vieassociative.be\/actualites\/wp-content\/uploads\/2024\/09\/cropped-vieassociative_favicon.ico.png\",\"width\":512,\"height\":512,\"caption\":\"Vie Associative\"},\"image\":{\"@id\":\"https:\/\/vieassociative.be\/actualites\/#\/schema\/logo\/image\/\"}},{\"@type\":\"Person\",\"@id\":\"https:\/\/vieassociative.be\/actualites\/#\/schema\/person\/b87ac4f82f9d4e7b7cec7395b679edc4\",\"name\":\"Julien\",\"image\":{\"@type\":\"ImageObject\",\"inLanguage\":\"fr-BE\",\"@id\":\"https:\/\/vieassociative.be\/actualites\/#\/schema\/person\/image\/\",\"url\":\"https:\/\/vieassociative.be\/actualites\/wp-content\/uploads\/2024\/09\/vie-associative-1-150x150.jpg\",\"contentUrl\":\"https:\/\/vieassociative.be\/actualites\/wp-content\/uploads\/2024\/09\/vie-associative-1-150x150.jpg\",\"caption\":\"Julien\"},\"description\":\"Je suis Julien, r\u00e9dacteur pour Vie Associative. Passionn\u00e9 par le monde associatif depuis plus de 10 ans, j'ai \u00e0 c\u0153ur de partager des histoires inspirantes et de mettre en lumi\u00e8re les initiatives locales. Mon objectif est de sensibiliser et d'encourager l'engagement communautaire \u00e0 travers mes articles.\",\"sameAs\":[\"https:\/\/vieassociative.be\/\"]}]}<\/script>\n<!-- \/ Yoast SEO plugin. -->","yoast_head_json":{"title":"Quand Creutz rappelle Balter \u00e0 l'ordre (interjection) | Vie Associative","robots":{"index":"index","follow":"follow","max-snippet":"max-snippet:-1","max-image-preview":"max-image-preview:large","max-video-preview":"max-video-preview:-1"},"canonical":"https:\/\/vieassociative.be\/actualites\/quand-creutz-rappelle-balter-a-lordre-interjection\/","og_locale":"fr_FR","og_type":"article","og_title":"Quand Creutz rappelle Balter \u00e0 l'ordre (interjection) | Vie Associative","og_description":"Il n&rsquo;y a en r\u00e9alit\u00e9 que deux orateurs talentueux au parlement de la DG : le Premier ministre Oliver Paasch (ProDG) et le chef du","og_url":"https:\/\/vieassociative.be\/actualites\/quand-creutz-rappelle-balter-a-lordre-interjection\/","og_site_name":"Vie Associative","article_published_time":"2025-12-10T20:17:37+00:00","og_image":[{"width":279,"height":92,"url":"https:\/\/vieassociative.be\/actualites\/wp-content\/uploads\/2024\/09\/header_backgroundk-01-e1726694325946.png","type":"image\/png"}],"author":"Julien","twitter_card":"summary_large_image","twitter_misc":{"\u00c9crit par":"Julien","Dur\u00e9e de lecture est.":"2 minutes"},"schema":{"@context":"https:\/\/schema.org","@graph":[{"@type":"Article","@id":"https:\/\/vieassociative.be\/actualites\/quand-creutz-rappelle-balter-a-lordre-interjection\/#article","isPartOf":{"@id":"https:\/\/vieassociative.be\/actualites\/quand-creutz-rappelle-balter-a-lordre-interjection\/"},"author":{"name":"Julien","@id":"https:\/\/vieassociative.be\/actualites\/#\/schema\/person\/b87ac4f82f9d4e7b7cec7395b679edc4"},"headline":"Quand Creutz rappelle Balter \u00e0 l&rsquo;ordre (interjection)","datePublished":"2025-12-10T20:17:37+00:00","dateModified":"2025-12-10T20:17:37+00:00","mainEntityOfPage":{"@id":"https:\/\/vieassociative.be\/actualites\/quand-creutz-rappelle-balter-a-lordre-interjection\/"},"wordCount":490,"publisher":{"@id":"https:\/\/vieassociative.be\/actualites\/#organization"},"image":{"@id":"https:\/\/vieassociative.be\/actualites\/quand-creutz-rappelle-balter-a-lordre-interjection\/#primaryimage"},"thumbnailUrl":"https:\/\/vieassociative.be\/actualites\/wp-content\/uploads\/2025\/12\/1765397857_Quand-Creutz-rappelle-Balter-a-lordre-interjection.jpg","keywords":["Balter","Creutz","interjection","lordre","Quand","rappelle"],"articleSection":["Belgique"],"inLanguage":"fr-BE"},{"@type":"WebPage","@id":"https:\/\/vieassociative.be\/actualites\/quand-creutz-rappelle-balter-a-lordre-interjection\/","url":"https:\/\/vieassociative.be\/actualites\/quand-creutz-rappelle-balter-a-lordre-interjection\/","name":"Quand Creutz rappelle Balter \u00e0 l'ordre (interjection) | Vie Associative","isPartOf":{"@id":"https:\/\/vieassociative.be\/actualites\/#website"},"primaryImageOfPage":{"@id":"https:\/\/vieassociative.be\/actualites\/quand-creutz-rappelle-balter-a-lordre-interjection\/#primaryimage"},"image":{"@id":"https:\/\/vieassociative.be\/actualites\/quand-creutz-rappelle-balter-a-lordre-interjection\/#primaryimage"},"thumbnailUrl":"https:\/\/vieassociative.be\/actualites\/wp-content\/uploads\/2025\/12\/1765397857_Quand-Creutz-rappelle-Balter-a-lordre-interjection.jpg","datePublished":"2025-12-10T20:17:37+00:00","dateModified":"2025-12-10T20:17:37+00:00","breadcrumb":{"@id":"https:\/\/vieassociative.be\/actualites\/quand-creutz-rappelle-balter-a-lordre-interjection\/#breadcrumb"},"inLanguage":"fr-BE","potentialAction":[{"@type":"ReadAction","target":["https:\/\/vieassociative.be\/actualites\/quand-creutz-rappelle-balter-a-lordre-interjection\/"]}]},{"@type":"ImageObject","inLanguage":"fr-BE","@id":"https:\/\/vieassociative.be\/actualites\/quand-creutz-rappelle-balter-a-lordre-interjection\/#primaryimage","url":"https:\/\/vieassociative.be\/actualites\/wp-content\/uploads\/2025\/12\/1765397857_Quand-Creutz-rappelle-Balter-a-lordre-interjection.jpg","contentUrl":"https:\/\/vieassociative.be\/actualites\/wp-content\/uploads\/2025\/12\/1765397857_Quand-Creutz-rappelle-Balter-a-lordre-interjection.jpg","width":1200,"height":802,"caption":"Quand Creutz rappelle Balter \u00e0 l'ordre (interjection)"},{"@type":"BreadcrumbList","@id":"https:\/\/vieassociative.be\/actualites\/quand-creutz-rappelle-balter-a-lordre-interjection\/#breadcrumb","itemListElement":[{"@type":"ListItem","position":1,"name":"Accueil","item":"https:\/\/vieassociative.be\/actualites\/"},{"@type":"ListItem","position":2,"name":"Quand Creutz rappelle Balter \u00e0 l&rsquo;ordre (interjection)"}]},{"@type":"WebSite","@id":"https:\/\/vieassociative.be\/actualites\/#website","url":"https:\/\/vieassociative.be\/actualites\/","name":"Vie Associative","description":"","publisher":{"@id":"https:\/\/vieassociative.be\/actualites\/#organization"},"potentialAction":[{"@type":"SearchAction","target":{"@type":"EntryPoint","urlTemplate":"https:\/\/vieassociative.be\/actualites\/?s={search_term_string}"},"query-input":{"@type":"PropertyValueSpecification","valueRequired":true,"valueName":"search_term_string"}}],"inLanguage":"fr-BE"},{"@type":"Organization","@id":"https:\/\/vieassociative.be\/actualites\/#organization","name":"Vie Associative","url":"https:\/\/vieassociative.be\/actualites\/","logo":{"@type":"ImageObject","inLanguage":"fr-BE","@id":"https:\/\/vieassociative.be\/actualites\/#\/schema\/logo\/image\/","url":"https:\/\/vieassociative.be\/actualites\/wp-content\/uploads\/2024\/09\/cropped-vieassociative_favicon.ico.png","contentUrl":"https:\/\/vieassociative.be\/actualites\/wp-content\/uploads\/2024\/09\/cropped-vieassociative_favicon.ico.png","width":512,"height":512,"caption":"Vie Associative"},"image":{"@id":"https:\/\/vieassociative.be\/actualites\/#\/schema\/logo\/image\/"}},{"@type":"Person","@id":"https:\/\/vieassociative.be\/actualites\/#\/schema\/person\/b87ac4f82f9d4e7b7cec7395b679edc4","name":"Julien","image":{"@type":"ImageObject","inLanguage":"fr-BE","@id":"https:\/\/vieassociative.be\/actualites\/#\/schema\/person\/image\/","url":"https:\/\/vieassociative.be\/actualites\/wp-content\/uploads\/2024\/09\/vie-associative-1-150x150.jpg","contentUrl":"https:\/\/vieassociative.be\/actualites\/wp-content\/uploads\/2024\/09\/vie-associative-1-150x150.jpg","caption":"Julien"},"description":"Je suis Julien, r\u00e9dacteur pour Vie Associative. Passionn\u00e9 par le monde associatif depuis plus de 10 ans, j'ai \u00e0 c\u0153ur de partager des histoires inspirantes et de mettre en lumi\u00e8re les initiatives locales. Mon objectif est de sensibiliser et d'encourager l'engagement communautaire \u00e0 travers mes articles.","sameAs":["https:\/\/vieassociative.be\/"]}]}},"_links":{"self":[{"href":"https:\/\/vieassociative.be\/actualites\/wp-json\/wp\/v2\/posts\/11785"}],"collection":[{"href":"https:\/\/vieassociative.be\/actualites\/wp-json\/wp\/v2\/posts"}],"about":[{"href":"https:\/\/vieassociative.be\/actualites\/wp-json\/wp\/v2\/types\/post"}],"author":[{"embeddable":true,"href":"https:\/\/vieassociative.be\/actualites\/wp-json\/wp\/v2\/users\/1"}],"replies":[{"embeddable":true,"href":"https:\/\/vieassociative.be\/actualites\/wp-json\/wp\/v2\/comments?post=11785"}],"version-history":[{"count":0,"href":"https:\/\/vieassociative.be\/actualites\/wp-json\/wp\/v2\/posts\/11785\/revisions"}],"wp:featuredmedia":[{"embeddable":true,"href":"https:\/\/vieassociative.be\/actualites\/wp-json\/wp\/v2\/media\/11786"}],"wp:attachment":[{"href":"https:\/\/vieassociative.be\/actualites\/wp-json\/wp\/v2\/media?parent=11785"}],"wp:term":[{"taxonomy":"category","embeddable":true,"href":"https:\/\/vieassociative.be\/actualites\/wp-json\/wp\/v2\/categories?post=11785"},{"taxonomy":"post_tag","embeddable":true,"href":"https:\/\/vieassociative.be\/actualites\/wp-json\/wp\/v2\/tags?post=11785"}],"curies":[{"name":"wp","href":"https:\/\/api.w.org\/{rel}","templated":true}]}}