{"id":11781,"date":"2025-12-10T15:17:27","date_gmt":"2025-12-10T14:17:27","guid":{"rendered":"https:\/\/vieassociative.be\/actualites\/lancien-president-nicolas-sarkozy-rend-compte-de-la-cellule-11-le-prisonnier-numero-320535-ecrit-un-journal\/"},"modified":"2025-12-10T15:17:27","modified_gmt":"2025-12-10T14:17:27","slug":"lancien-president-nicolas-sarkozy-rend-compte-de-la-cellule-11-le-prisonnier-numero-320535-ecrit-un-journal","status":"publish","type":"post","link":"https:\/\/vieassociative.be\/actualites\/lancien-president-nicolas-sarkozy-rend-compte-de-la-cellule-11-le-prisonnier-numero-320535-ecrit-un-journal\/","title":{"rendered":"L&rsquo;ancien pr\u00e9sident Nicolas Sarkozy rend compte de la cellule 11 &#8211; le prisonnier num\u00e9ro 320535 \u00e9crit un journal"},"content":{"rendered":"<p><strong>Apr\u00e8s avoir pass\u00e9 environ trois semaines en prison, l&rsquo;ancien pr\u00e9sident fran\u00e7ais Nicolas Sarkozy a publi\u00e9 un livre dans lequel il raconte sa vie en tant que prisonnier num\u00e9ro 320535 dans la cellule 11.<\/strong><\/p>\n<p><span id=\"more-431477\"><\/span>\u00ab Le Journal d&rsquo;un prisonnier \u00bb d\u00e9crit le quotidien de cet homme de 70 ans \u00e0 la prison de La Sant\u00e9 \u00e0 Paris, o\u00f9 il a \u00e9t\u00e9 bri\u00e8vement incarc\u00e9r\u00e9 apr\u00e8s avoir \u00e9t\u00e9 condamn\u00e9 \u00e0 cinq ans de prison dans l&rsquo;affaire de Libye. Parce qu&rsquo;il a fait appel du verdict, il a \u00e9t\u00e9 lib\u00e9r\u00e9 sous conditions il y a un mois.<\/p>\n<p>Le livre de Sarkozy se caract\u00e9rise par l&rsquo;indignation qu&rsquo;il pourrait finir derri\u00e8re les barreaux, une \u00ab\u00a0descente de dix niveaux d&rsquo;un seul coup\u00a0\u00bb, et la ferme conviction de son innocence. Mais \u00e0 quoi ressemblait sa cellule ?<\/p>\n<div id=\"attachment_427712\" class=\"wp-caption alignleft\" style=\"max-width: 300px\"><img fetchpriority=\"high\" decoding=\"async\" class=\"wp-image-427712 size-medium\" src=\"https:\/\/vieassociative.be\/actualites\/wp-content\/uploads\/2025\/10\/1761207419_253_Lex-president-Sarkozy-commence-sa-peine-de-prison-enorme-battage.jpg\" alt=\"\" width=\"300\" height=\"200\"><\/div>\n<p><strong>\u2013 Matelas plus dur que dans l\u2019arm\u00e9e :<\/strong> \u00ab\u00a0Douze m\u00e8tres carr\u00e9s. Un lit solidement fix\u00e9 au mur avec des panneaux renforc\u00e9s. Un petit bureau en bois clair, une douche, un r\u00e9frig\u00e9rateur, une cuisini\u00e8re et une t\u00e9l\u00e9vision. Le tout dans une seule pi\u00e8ce.\u00a0\u00bb Il y avait aussi deux fen\u00eatres, mais aucune vue sur l&rsquo;ext\u00e9rieur ni sur le ciel. \u00ab\u00a0Quand je me suis assis sur le lit, qui \u00e9tait d\u00e9fait, j&rsquo;ai \u00e9t\u00e9 choqu\u00e9. Je n&rsquo;avais jamais ressenti un matelas aussi dur, m\u00eame pendant mon service militaire.\u00a0\u00bb<\/p>\n<p>L&rsquo;ex-pr\u00e9sident conservateur \u00e9tait cantonn\u00e9 dans une zone particuli\u00e8rement s\u00e9curis\u00e9e. \u00ab\u00a0Mes futurs voisins sont soit des terroristes islamistes, soit des violeurs, des meurtriers ou des trafiquants de drogue. Une perspective s\u00e9duisante\u00a0\u00bb, a d\u00e9clar\u00e9 Sarkozy avant d&rsquo;entrer dans la cellule. La violence constante et bruyante parmi les prisonniers le privait r\u00e9guli\u00e8rement de sommeil. \u00ab Certains de mes nouveaux voisins ne semblaient pas avoir un \u00e9quilibre mental optimal \u00bb, \u00e9crit Sarkozy dans son livre de 200 pages.<\/p>\n<div id=\"attachment_431483\" class=\"wp-caption alignleft\" style=\"max-width: 300px\"><img decoding=\"async\" class=\"wp-image-431483 size-medium\" src=\"https:\/\/vieassociative.be\/actualites\/wp-content\/uploads\/2025\/12\/Lancien-president-Nicolas-Sarkozy-rend-compte-de-la-cellule-11.jpg\" alt=\"\" width=\"300\" height=\"200\"  ><\/div>\n<p><strong>\u2013 \u00ab Sarko \u00bb regarde le match du PSG derri\u00e8re les barreaux :<\/strong> Sarkozy a d\u00e9crit la visite de son \u00e9pouse Carla Bruni comme \u00ab le seul point positif de cette journ\u00e9e sombre \u00bb. Mais le fait qu&rsquo;il ait pu regarder le match du Paris Saint-Germain contre Leverkusen dans sa cellule a \u00e9galement remont\u00e9 le moral de \u00ab Sarko \u00bb, qui s&rsquo;assoit souvent dans les tribunes lors des matchs du PSG.<\/p>\n<p>Dans son livre, Sarkozy consacre \u00e9galement de nombreuses pages \u00e0 l&rsquo;affaire libyenne et au proc\u00e8s contre lui : de son point de vue, le pouvoir judiciaire, sans aucune preuve substantielle, a persist\u00e9 pendant des ann\u00e9es \u00e0 accuser les dirigeants de l&rsquo;\u00e9poque du dirigeant libyen Mouammar Kadhafi d&rsquo;argent ill\u00e9gal pour sa campagne pour l&rsquo;\u00e9lection pr\u00e9sidentielle de 2007.<\/p>\n<p><strong>\u2013 Les conservateurs consid\u00e8rent le pare-feu comme obsol\u00e8te :<\/strong> Pendant ce temps, une d\u00e9claration de Sarkozy, dont la voix continue de peser dans le camp conservateur, suscite un \u00e9moi politique en France. Dans son livre, il pr\u00f4ne l&rsquo;abandon du pare-feu contre le Rassemblement national (RN) de droite de Marine Le Pen en France. \u00ab\u00a0Ils repr\u00e9sentent tant de Fran\u00e7ais, respectent les r\u00e9sultats des \u00e9lections et participent au fonctionnement de notre d\u00e9mocratie. Les prendre en compte me semble aussi naturel que n\u00e9cessaire.\u00a0\u00bb (dpa)<\/p>\n","protected":false},"excerpt":{"rendered":"<p>Apr\u00e8s avoir pass\u00e9 environ trois semaines en prison, l&rsquo;ancien pr\u00e9sident fran\u00e7ais Nicolas Sarkozy a publi\u00e9 un livre dans lequel il raconte sa vie en tant<\/p>\n","protected":false},"author":1,"featured_media":11782,"comment_status":"","ping_status":"","sticky":false,"template":"","format":"standard","meta":{"footnotes":""},"categories":[298],"tags":[9519,962,4966,2533,4356,4019,1550,3075,8764,1279,5238],"class_list":["post-11781","post","type-post","status-publish","format-standard","has-post-thumbnail","hentry","category-belgique","tag-cellule","tag-compte","tag-ecrit","tag-journal","tag-lancien","tag-nicolas","tag-numero","tag-president","tag-prisonnier","tag-rend","tag-sarkozy","generate-columns","tablet-grid-50","mobile-grid-100","grid-parent","grid-33"],"yoast_head":"<!-- This site is optimized with the Yoast SEO plugin v24.0 - https:\/\/yoast.com\/wordpress\/plugins\/seo\/ -->\n<title>L&#039;ancien pr\u00e9sident Nicolas Sarkozy rend compte de la cellule 11 - le prisonnier num\u00e9ro 320535 \u00e9crit un journal | Vie Associative<\/title>\n<meta name=\"robots\" content=\"index, follow, max-snippet:-1, max-image-preview:large, max-video-preview:-1\" \/>\n<link rel=\"canonical\" href=\"https:\/\/vieassociative.be\/actualites\/lancien-president-nicolas-sarkozy-rend-compte-de-la-cellule-11-le-prisonnier-numero-320535-ecrit-un-journal\/\" \/>\n<meta property=\"og:locale\" content=\"fr_FR\" \/>\n<meta property=\"og:type\" content=\"article\" \/>\n<meta property=\"og:title\" content=\"L&#039;ancien pr\u00e9sident Nicolas Sarkozy rend compte de la cellule 11 - le prisonnier num\u00e9ro 320535 \u00e9crit un journal | Vie Associative\" \/>\n<meta property=\"og:description\" content=\"Apr\u00e8s avoir pass\u00e9 environ trois semaines en prison, l&rsquo;ancien pr\u00e9sident fran\u00e7ais Nicolas Sarkozy a publi\u00e9 un livre dans lequel il raconte sa vie en tant\" \/>\n<meta property=\"og:url\" content=\"https:\/\/vieassociative.be\/actualites\/lancien-president-nicolas-sarkozy-rend-compte-de-la-cellule-11-le-prisonnier-numero-320535-ecrit-un-journal\/\" \/>\n<meta property=\"og:site_name\" content=\"Vie Associative\" \/>\n<meta property=\"article:published_time\" content=\"2025-12-10T14:17:27+00:00\" \/>\n<meta property=\"og:image\" content=\"https:\/\/vieassociative.be\/actualites\/wp-content\/uploads\/2024\/09\/header_backgroundk-01-e1726694325946.png\" \/>\n\t<meta property=\"og:image:width\" content=\"279\" \/>\n\t<meta property=\"og:image:height\" content=\"92\" \/>\n\t<meta property=\"og:image:type\" content=\"image\/png\" \/>\n<meta name=\"author\" content=\"Julien\" \/>\n<meta name=\"twitter:card\" content=\"summary_large_image\" \/>\n<meta name=\"twitter:label1\" content=\"\u00c9crit par\" \/>\n\t<meta name=\"twitter:data1\" content=\"Julien\" \/>\n\t<meta name=\"twitter:label2\" content=\"Dur\u00e9e de lecture est.\" \/>\n\t<meta name=\"twitter:data2\" content=\"3 minutes\" \/>\n<script type=\"application\/ld+json\" class=\"yoast-schema-graph\">{\"@context\":\"https:\/\/schema.org\",\"@graph\":[{\"@type\":\"Article\",\"@id\":\"https:\/\/vieassociative.be\/actualites\/lancien-president-nicolas-sarkozy-rend-compte-de-la-cellule-11-le-prisonnier-numero-320535-ecrit-un-journal\/#article\",\"isPartOf\":{\"@id\":\"https:\/\/vieassociative.be\/actualites\/lancien-president-nicolas-sarkozy-rend-compte-de-la-cellule-11-le-prisonnier-numero-320535-ecrit-un-journal\/\"},\"author\":{\"name\":\"Julien\",\"@id\":\"https:\/\/vieassociative.be\/actualites\/#\/schema\/person\/b87ac4f82f9d4e7b7cec7395b679edc4\"},\"headline\":\"L&rsquo;ancien pr\u00e9sident Nicolas Sarkozy rend compte de la cellule 11 &#8211; le prisonnier num\u00e9ro 320535 \u00e9crit un journal\",\"datePublished\":\"2025-12-10T14:17:27+00:00\",\"dateModified\":\"2025-12-10T14:17:27+00:00\",\"mainEntityOfPage\":{\"@id\":\"https:\/\/vieassociative.be\/actualites\/lancien-president-nicolas-sarkozy-rend-compte-de-la-cellule-11-le-prisonnier-numero-320535-ecrit-un-journal\/\"},\"wordCount\":554,\"publisher\":{\"@id\":\"https:\/\/vieassociative.be\/actualites\/#organization\"},\"image\":{\"@id\":\"https:\/\/vieassociative.be\/actualites\/lancien-president-nicolas-sarkozy-rend-compte-de-la-cellule-11-le-prisonnier-numero-320535-ecrit-un-journal\/#primaryimage\"},\"thumbnailUrl\":\"https:\/\/vieassociative.be\/actualites\/wp-content\/uploads\/2025\/12\/1765376247_Lancien-president-Nicolas-Sarkozy-rend-compte-de-la-cellule-11.jpg\",\"keywords\":[\"cellule\",\"compte\",\"\u00e9crit\",\"journal\",\"Lancien\",\"Nicolas\",\"num\u00e9ro\",\"pr\u00e9sident\",\"prisonnier\",\"rend\",\"Sarkozy\"],\"articleSection\":[\"Belgique\"],\"inLanguage\":\"fr-BE\"},{\"@type\":\"WebPage\",\"@id\":\"https:\/\/vieassociative.be\/actualites\/lancien-president-nicolas-sarkozy-rend-compte-de-la-cellule-11-le-prisonnier-numero-320535-ecrit-un-journal\/\",\"url\":\"https:\/\/vieassociative.be\/actualites\/lancien-president-nicolas-sarkozy-rend-compte-de-la-cellule-11-le-prisonnier-numero-320535-ecrit-un-journal\/\",\"name\":\"L'ancien pr\u00e9sident Nicolas Sarkozy rend compte de la cellule 11 - le prisonnier num\u00e9ro 320535 \u00e9crit un journal | Vie Associative\",\"isPartOf\":{\"@id\":\"https:\/\/vieassociative.be\/actualites\/#website\"},\"primaryImageOfPage\":{\"@id\":\"https:\/\/vieassociative.be\/actualites\/lancien-president-nicolas-sarkozy-rend-compte-de-la-cellule-11-le-prisonnier-numero-320535-ecrit-un-journal\/#primaryimage\"},\"image\":{\"@id\":\"https:\/\/vieassociative.be\/actualites\/lancien-president-nicolas-sarkozy-rend-compte-de-la-cellule-11-le-prisonnier-numero-320535-ecrit-un-journal\/#primaryimage\"},\"thumbnailUrl\":\"https:\/\/vieassociative.be\/actualites\/wp-content\/uploads\/2025\/12\/1765376247_Lancien-president-Nicolas-Sarkozy-rend-compte-de-la-cellule-11.jpg\",\"datePublished\":\"2025-12-10T14:17:27+00:00\",\"dateModified\":\"2025-12-10T14:17:27+00:00\",\"breadcrumb\":{\"@id\":\"https:\/\/vieassociative.be\/actualites\/lancien-president-nicolas-sarkozy-rend-compte-de-la-cellule-11-le-prisonnier-numero-320535-ecrit-un-journal\/#breadcrumb\"},\"inLanguage\":\"fr-BE\",\"potentialAction\":[{\"@type\":\"ReadAction\",\"target\":[\"https:\/\/vieassociative.be\/actualites\/lancien-president-nicolas-sarkozy-rend-compte-de-la-cellule-11-le-prisonnier-numero-320535-ecrit-un-journal\/\"]}]},{\"@type\":\"ImageObject\",\"inLanguage\":\"fr-BE\",\"@id\":\"https:\/\/vieassociative.be\/actualites\/lancien-president-nicolas-sarkozy-rend-compte-de-la-cellule-11-le-prisonnier-numero-320535-ecrit-un-journal\/#primaryimage\",\"url\":\"https:\/\/vieassociative.be\/actualites\/wp-content\/uploads\/2025\/12\/1765376247_Lancien-president-Nicolas-Sarkozy-rend-compte-de-la-cellule-11.jpg\",\"contentUrl\":\"https:\/\/vieassociative.be\/actualites\/wp-content\/uploads\/2025\/12\/1765376247_Lancien-president-Nicolas-Sarkozy-rend-compte-de-la-cellule-11.jpg\",\"width\":1200,\"height\":800,\"caption\":\"L'ancien pr\u00e9sident Nicolas Sarkozy rend compte de la cellule 11 - le prisonnier num\u00e9ro 320535 \u00e9crit un journal\"},{\"@type\":\"BreadcrumbList\",\"@id\":\"https:\/\/vieassociative.be\/actualites\/lancien-president-nicolas-sarkozy-rend-compte-de-la-cellule-11-le-prisonnier-numero-320535-ecrit-un-journal\/#breadcrumb\",\"itemListElement\":[{\"@type\":\"ListItem\",\"position\":1,\"name\":\"Accueil\",\"item\":\"https:\/\/vieassociative.be\/actualites\/\"},{\"@type\":\"ListItem\",\"position\":2,\"name\":\"L&rsquo;ancien pr\u00e9sident Nicolas Sarkozy rend compte de la cellule 11 &#8211; le prisonnier num\u00e9ro 320535 \u00e9crit un journal\"}]},{\"@type\":\"WebSite\",\"@id\":\"https:\/\/vieassociative.be\/actualites\/#website\",\"url\":\"https:\/\/vieassociative.be\/actualites\/\",\"name\":\"Vie Associative\",\"description\":\"\",\"publisher\":{\"@id\":\"https:\/\/vieassociative.be\/actualites\/#organization\"},\"potentialAction\":[{\"@type\":\"SearchAction\",\"target\":{\"@type\":\"EntryPoint\",\"urlTemplate\":\"https:\/\/vieassociative.be\/actualites\/?s={search_term_string}\"},\"query-input\":{\"@type\":\"PropertyValueSpecification\",\"valueRequired\":true,\"valueName\":\"search_term_string\"}}],\"inLanguage\":\"fr-BE\"},{\"@type\":\"Organization\",\"@id\":\"https:\/\/vieassociative.be\/actualites\/#organization\",\"name\":\"Vie Associative\",\"url\":\"https:\/\/vieassociative.be\/actualites\/\",\"logo\":{\"@type\":\"ImageObject\",\"inLanguage\":\"fr-BE\",\"@id\":\"https:\/\/vieassociative.be\/actualites\/#\/schema\/logo\/image\/\",\"url\":\"https:\/\/vieassociative.be\/actualites\/wp-content\/uploads\/2024\/09\/cropped-vieassociative_favicon.ico.png\",\"contentUrl\":\"https:\/\/vieassociative.be\/actualites\/wp-content\/uploads\/2024\/09\/cropped-vieassociative_favicon.ico.png\",\"width\":512,\"height\":512,\"caption\":\"Vie Associative\"},\"image\":{\"@id\":\"https:\/\/vieassociative.be\/actualites\/#\/schema\/logo\/image\/\"}},{\"@type\":\"Person\",\"@id\":\"https:\/\/vieassociative.be\/actualites\/#\/schema\/person\/b87ac4f82f9d4e7b7cec7395b679edc4\",\"name\":\"Julien\",\"image\":{\"@type\":\"ImageObject\",\"inLanguage\":\"fr-BE\",\"@id\":\"https:\/\/vieassociative.be\/actualites\/#\/schema\/person\/image\/\",\"url\":\"https:\/\/vieassociative.be\/actualites\/wp-content\/uploads\/2024\/09\/vie-associative-1-150x150.jpg\",\"contentUrl\":\"https:\/\/vieassociative.be\/actualites\/wp-content\/uploads\/2024\/09\/vie-associative-1-150x150.jpg\",\"caption\":\"Julien\"},\"description\":\"Je suis Julien, r\u00e9dacteur pour Vie Associative. Passionn\u00e9 par le monde associatif depuis plus de 10 ans, j'ai \u00e0 c\u0153ur de partager des histoires inspirantes et de mettre en lumi\u00e8re les initiatives locales. Mon objectif est de sensibiliser et d'encourager l'engagement communautaire \u00e0 travers mes articles.\",\"sameAs\":[\"https:\/\/vieassociative.be\/\"]}]}<\/script>\n<!-- \/ Yoast SEO plugin. -->","yoast_head_json":{"title":"L'ancien pr\u00e9sident Nicolas Sarkozy rend compte de la cellule 11 - le prisonnier num\u00e9ro 320535 \u00e9crit un journal | Vie Associative","robots":{"index":"index","follow":"follow","max-snippet":"max-snippet:-1","max-image-preview":"max-image-preview:large","max-video-preview":"max-video-preview:-1"},"canonical":"https:\/\/vieassociative.be\/actualites\/lancien-president-nicolas-sarkozy-rend-compte-de-la-cellule-11-le-prisonnier-numero-320535-ecrit-un-journal\/","og_locale":"fr_FR","og_type":"article","og_title":"L'ancien pr\u00e9sident Nicolas Sarkozy rend compte de la cellule 11 - le prisonnier num\u00e9ro 320535 \u00e9crit un journal | Vie Associative","og_description":"Apr\u00e8s avoir pass\u00e9 environ trois semaines en prison, l&rsquo;ancien pr\u00e9sident fran\u00e7ais Nicolas Sarkozy a publi\u00e9 un livre dans lequel il raconte sa vie en tant","og_url":"https:\/\/vieassociative.be\/actualites\/lancien-president-nicolas-sarkozy-rend-compte-de-la-cellule-11-le-prisonnier-numero-320535-ecrit-un-journal\/","og_site_name":"Vie Associative","article_published_time":"2025-12-10T14:17:27+00:00","og_image":[{"width":279,"height":92,"url":"https:\/\/vieassociative.be\/actualites\/wp-content\/uploads\/2024\/09\/header_backgroundk-01-e1726694325946.png","type":"image\/png"}],"author":"Julien","twitter_card":"summary_large_image","twitter_misc":{"\u00c9crit par":"Julien","Dur\u00e9e de lecture est.":"3 minutes"},"schema":{"@context":"https:\/\/schema.org","@graph":[{"@type":"Article","@id":"https:\/\/vieassociative.be\/actualites\/lancien-president-nicolas-sarkozy-rend-compte-de-la-cellule-11-le-prisonnier-numero-320535-ecrit-un-journal\/#article","isPartOf":{"@id":"https:\/\/vieassociative.be\/actualites\/lancien-president-nicolas-sarkozy-rend-compte-de-la-cellule-11-le-prisonnier-numero-320535-ecrit-un-journal\/"},"author":{"name":"Julien","@id":"https:\/\/vieassociative.be\/actualites\/#\/schema\/person\/b87ac4f82f9d4e7b7cec7395b679edc4"},"headline":"L&rsquo;ancien pr\u00e9sident Nicolas Sarkozy rend compte de la cellule 11 &#8211; le prisonnier num\u00e9ro 320535 \u00e9crit un journal","datePublished":"2025-12-10T14:17:27+00:00","dateModified":"2025-12-10T14:17:27+00:00","mainEntityOfPage":{"@id":"https:\/\/vieassociative.be\/actualites\/lancien-president-nicolas-sarkozy-rend-compte-de-la-cellule-11-le-prisonnier-numero-320535-ecrit-un-journal\/"},"wordCount":554,"publisher":{"@id":"https:\/\/vieassociative.be\/actualites\/#organization"},"image":{"@id":"https:\/\/vieassociative.be\/actualites\/lancien-president-nicolas-sarkozy-rend-compte-de-la-cellule-11-le-prisonnier-numero-320535-ecrit-un-journal\/#primaryimage"},"thumbnailUrl":"https:\/\/vieassociative.be\/actualites\/wp-content\/uploads\/2025\/12\/1765376247_Lancien-president-Nicolas-Sarkozy-rend-compte-de-la-cellule-11.jpg","keywords":["cellule","compte","\u00e9crit","journal","Lancien","Nicolas","num\u00e9ro","pr\u00e9sident","prisonnier","rend","Sarkozy"],"articleSection":["Belgique"],"inLanguage":"fr-BE"},{"@type":"WebPage","@id":"https:\/\/vieassociative.be\/actualites\/lancien-president-nicolas-sarkozy-rend-compte-de-la-cellule-11-le-prisonnier-numero-320535-ecrit-un-journal\/","url":"https:\/\/vieassociative.be\/actualites\/lancien-president-nicolas-sarkozy-rend-compte-de-la-cellule-11-le-prisonnier-numero-320535-ecrit-un-journal\/","name":"L'ancien pr\u00e9sident Nicolas Sarkozy rend compte de la cellule 11 - le prisonnier num\u00e9ro 320535 \u00e9crit un journal | Vie Associative","isPartOf":{"@id":"https:\/\/vieassociative.be\/actualites\/#website"},"primaryImageOfPage":{"@id":"https:\/\/vieassociative.be\/actualites\/lancien-president-nicolas-sarkozy-rend-compte-de-la-cellule-11-le-prisonnier-numero-320535-ecrit-un-journal\/#primaryimage"},"image":{"@id":"https:\/\/vieassociative.be\/actualites\/lancien-president-nicolas-sarkozy-rend-compte-de-la-cellule-11-le-prisonnier-numero-320535-ecrit-un-journal\/#primaryimage"},"thumbnailUrl":"https:\/\/vieassociative.be\/actualites\/wp-content\/uploads\/2025\/12\/1765376247_Lancien-president-Nicolas-Sarkozy-rend-compte-de-la-cellule-11.jpg","datePublished":"2025-12-10T14:17:27+00:00","dateModified":"2025-12-10T14:17:27+00:00","breadcrumb":{"@id":"https:\/\/vieassociative.be\/actualites\/lancien-president-nicolas-sarkozy-rend-compte-de-la-cellule-11-le-prisonnier-numero-320535-ecrit-un-journal\/#breadcrumb"},"inLanguage":"fr-BE","potentialAction":[{"@type":"ReadAction","target":["https:\/\/vieassociative.be\/actualites\/lancien-president-nicolas-sarkozy-rend-compte-de-la-cellule-11-le-prisonnier-numero-320535-ecrit-un-journal\/"]}]},{"@type":"ImageObject","inLanguage":"fr-BE","@id":"https:\/\/vieassociative.be\/actualites\/lancien-president-nicolas-sarkozy-rend-compte-de-la-cellule-11-le-prisonnier-numero-320535-ecrit-un-journal\/#primaryimage","url":"https:\/\/vieassociative.be\/actualites\/wp-content\/uploads\/2025\/12\/1765376247_Lancien-president-Nicolas-Sarkozy-rend-compte-de-la-cellule-11.jpg","contentUrl":"https:\/\/vieassociative.be\/actualites\/wp-content\/uploads\/2025\/12\/1765376247_Lancien-president-Nicolas-Sarkozy-rend-compte-de-la-cellule-11.jpg","width":1200,"height":800,"caption":"L'ancien pr\u00e9sident Nicolas Sarkozy rend compte de la cellule 11 - le prisonnier num\u00e9ro 320535 \u00e9crit un journal"},{"@type":"BreadcrumbList","@id":"https:\/\/vieassociative.be\/actualites\/lancien-president-nicolas-sarkozy-rend-compte-de-la-cellule-11-le-prisonnier-numero-320535-ecrit-un-journal\/#breadcrumb","itemListElement":[{"@type":"ListItem","position":1,"name":"Accueil","item":"https:\/\/vieassociative.be\/actualites\/"},{"@type":"ListItem","position":2,"name":"L&rsquo;ancien pr\u00e9sident Nicolas Sarkozy rend compte de la cellule 11 &#8211; le prisonnier num\u00e9ro 320535 \u00e9crit un journal"}]},{"@type":"WebSite","@id":"https:\/\/vieassociative.be\/actualites\/#website","url":"https:\/\/vieassociative.be\/actualites\/","name":"Vie Associative","description":"","publisher":{"@id":"https:\/\/vieassociative.be\/actualites\/#organization"},"potentialAction":[{"@type":"SearchAction","target":{"@type":"EntryPoint","urlTemplate":"https:\/\/vieassociative.be\/actualites\/?s={search_term_string}"},"query-input":{"@type":"PropertyValueSpecification","valueRequired":true,"valueName":"search_term_string"}}],"inLanguage":"fr-BE"},{"@type":"Organization","@id":"https:\/\/vieassociative.be\/actualites\/#organization","name":"Vie Associative","url":"https:\/\/vieassociative.be\/actualites\/","logo":{"@type":"ImageObject","inLanguage":"fr-BE","@id":"https:\/\/vieassociative.be\/actualites\/#\/schema\/logo\/image\/","url":"https:\/\/vieassociative.be\/actualites\/wp-content\/uploads\/2024\/09\/cropped-vieassociative_favicon.ico.png","contentUrl":"https:\/\/vieassociative.be\/actualites\/wp-content\/uploads\/2024\/09\/cropped-vieassociative_favicon.ico.png","width":512,"height":512,"caption":"Vie Associative"},"image":{"@id":"https:\/\/vieassociative.be\/actualites\/#\/schema\/logo\/image\/"}},{"@type":"Person","@id":"https:\/\/vieassociative.be\/actualites\/#\/schema\/person\/b87ac4f82f9d4e7b7cec7395b679edc4","name":"Julien","image":{"@type":"ImageObject","inLanguage":"fr-BE","@id":"https:\/\/vieassociative.be\/actualites\/#\/schema\/person\/image\/","url":"https:\/\/vieassociative.be\/actualites\/wp-content\/uploads\/2024\/09\/vie-associative-1-150x150.jpg","contentUrl":"https:\/\/vieassociative.be\/actualites\/wp-content\/uploads\/2024\/09\/vie-associative-1-150x150.jpg","caption":"Julien"},"description":"Je suis Julien, r\u00e9dacteur pour Vie Associative. Passionn\u00e9 par le monde associatif depuis plus de 10 ans, j'ai \u00e0 c\u0153ur de partager des histoires inspirantes et de mettre en lumi\u00e8re les initiatives locales. Mon objectif est de sensibiliser et d'encourager l'engagement communautaire \u00e0 travers mes articles.","sameAs":["https:\/\/vieassociative.be\/"]}]}},"_links":{"self":[{"href":"https:\/\/vieassociative.be\/actualites\/wp-json\/wp\/v2\/posts\/11781"}],"collection":[{"href":"https:\/\/vieassociative.be\/actualites\/wp-json\/wp\/v2\/posts"}],"about":[{"href":"https:\/\/vieassociative.be\/actualites\/wp-json\/wp\/v2\/types\/post"}],"author":[{"embeddable":true,"href":"https:\/\/vieassociative.be\/actualites\/wp-json\/wp\/v2\/users\/1"}],"replies":[{"embeddable":true,"href":"https:\/\/vieassociative.be\/actualites\/wp-json\/wp\/v2\/comments?post=11781"}],"version-history":[{"count":0,"href":"https:\/\/vieassociative.be\/actualites\/wp-json\/wp\/v2\/posts\/11781\/revisions"}],"wp:featuredmedia":[{"embeddable":true,"href":"https:\/\/vieassociative.be\/actualites\/wp-json\/wp\/v2\/media\/11782"}],"wp:attachment":[{"href":"https:\/\/vieassociative.be\/actualites\/wp-json\/wp\/v2\/media?parent=11781"}],"wp:term":[{"taxonomy":"category","embeddable":true,"href":"https:\/\/vieassociative.be\/actualites\/wp-json\/wp\/v2\/categories?post=11781"},{"taxonomy":"post_tag","embeddable":true,"href":"https:\/\/vieassociative.be\/actualites\/wp-json\/wp\/v2\/tags?post=11781"}],"curies":[{"name":"wp","href":"https:\/\/api.w.org\/{rel}","templated":true}]}}