{"id":11777,"date":"2025-12-10T09:17:23","date_gmt":"2025-12-10T08:17:23","guid":{"rendered":"https:\/\/vieassociative.be\/actualites\/la-dg-ministre-decerne-208-diplomes-dans-le-domaine-du-sport\/"},"modified":"2025-12-10T09:17:23","modified_gmt":"2025-12-10T08:17:23","slug":"la-dg-ministre-decerne-208-diplomes-dans-le-domaine-du-sport","status":"publish","type":"post","link":"https:\/\/vieassociative.be\/actualites\/la-dg-ministre-decerne-208-diplomes-dans-le-domaine-du-sport\/","title":{"rendered":"La DG Ministre d\u00e9cerne 208 dipl\u00f4mes dans le domaine du sport"},"content":{"rendered":"<p><strong>Vendredi soir dernier, la c\u00e9r\u00e9monie de remise des dipl\u00f4mes 2025 dans le domaine du sport a eu lieu sur le site Eastbelgica \u00e0 Eupen. Au total, 208 dipl\u00f4mes issus de diverses mesures de formation et de perfectionnement dans le secteur du sport ont \u00e9t\u00e9 d\u00e9cern\u00e9s.<\/strong><\/p>\n<p><span id=\"more-431379\"><\/span>La c\u00e9r\u00e9monie de remise des dipl\u00f4mes est organis\u00e9e chaque ann\u00e9e par le D\u00e9partement des Sports du Minist\u00e8re de la DG en \u00e9troite collaboration avec l&rsquo;organisation fa\u00eeti\u00e8re Leitverband des Ostbelgischen Sport (LOS).<\/p>\n<p>Le ministre de la DG Sports Gregor Freches (PFF) a salu\u00e9 dans son discours l&rsquo;engagement exceptionnel des dipl\u00f4m\u00e9s. Il a particuli\u00e8rement soulign\u00e9 que leur qualification renforcerait \u00e0 l&rsquo;avenir le paysage sportif de l&rsquo;Est de la Belgique. Freches a express\u00e9ment remerci\u00e9 les participants \u00e0 la formation et \u00e0 la formation continue pour leur enthousiasme et leur volont\u00e9 de faire du b\u00e9n\u00e9volat.<\/p>\n<div id=\"attachment_431384\" class=\"wp-caption alignleft\" style=\"max-width: 300px\"><img fetchpriority=\"high\" decoding=\"async\" class=\"wp-image-431384 size-medium\" src=\"https:\/\/vieassociative.be\/actualites\/wp-content\/uploads\/2025\/12\/La-DG-Ministre-decerne-208-diplomes-dans-le-domaine-du.jpg\" alt=\"\" width=\"300\" height=\"200\"><\/div>\n<p>L&rsquo;\u00e9v\u00e9nement \u00e9tait ax\u00e9 non seulement sur la reconnaissance des r\u00e9alisations professionnelles, mais \u00e9galement sur l&rsquo;importance des entra\u00eeneurs et des superviseurs qualifi\u00e9s pour le d\u00e9veloppement durable du sport dans la r\u00e9gion. Outre les dipl\u00f4m\u00e9s, les professeurs des cours de formation et de formation continue ont \u00e9galement \u00e9t\u00e9 honor\u00e9s.<\/p>\n<p>\u00c0 la fin de l&rsquo;\u00e9v\u00e9nement, Anne Br\u00fcll, directrice g\u00e9n\u00e9rale de LOS, a \u00e9voqu\u00e9 l&rsquo;engagement de cette ann\u00e9e dans la campagne Trainer Up : la campagne visait \u00e0 faire conna\u00eetre le m\u00e9tier d&rsquo;entra\u00eeneur dans l&rsquo;Est de la Belgique et \u00e0 souligner le r\u00f4le central des entra\u00eeneurs dans le d\u00e9veloppement sportif &#8211; tant pour les jeunes talents que pour les entra\u00eeneurs actifs.<\/p>\n<p>Anne Br\u00fcll a soulign\u00e9 que des entra\u00eeneurs qualifi\u00e9s, motiv\u00e9s et engag\u00e9s sont essentiels pour l&rsquo;avenir des clubs et du sport dans l&rsquo;Est de la Belgique. Avec la remise de ce dipl\u00f4me, l&rsquo;Est de la Belgique envoie un signal fort en faveur de la promotion de la qualit\u00e9, du travail de jeunesse et du volontariat dans le sport.<\/p>\n<p>L&rsquo;\u00e9v\u00e9nement visait \u00e0 souligner l&rsquo;engagement conjoint de la DG Gouvernement, de la DG Minist\u00e8re et de LOS \u00e0 offrir aux clubs sportifs, aux entra\u00eeneurs b\u00e9n\u00e9voles et aux jeunes talents une base et une perspective solides. (cr\u00e9er)<\/p>\n","protected":false},"excerpt":{"rendered":"<p>Vendredi soir dernier, la c\u00e9r\u00e9monie de remise des dipl\u00f4mes 2025 dans le domaine du sport a eu lieu sur le site Eastbelgica \u00e0 Eupen. Au<\/p>\n","protected":false},"author":1,"featured_media":11778,"comment_status":"","ping_status":"","sticky":false,"template":"","format":"standard","meta":{"footnotes":""},"categories":[298],"tags":[166,8716,7173,555,1245,47],"class_list":["post-11777","post","type-post","status-publish","format-standard","has-post-thumbnail","hentry","category-belgique","tag-dans","tag-decerne","tag-diplomes","tag-domaine","tag-ministre","tag-sport","generate-columns","tablet-grid-50","mobile-grid-100","grid-parent","grid-33"],"yoast_head":"<!-- This site is optimized with the Yoast SEO plugin v24.0 - https:\/\/yoast.com\/wordpress\/plugins\/seo\/ -->\n<title>La DG Ministre d\u00e9cerne 208 dipl\u00f4mes dans le domaine du sport | Vie Associative<\/title>\n<meta name=\"robots\" content=\"index, follow, max-snippet:-1, max-image-preview:large, max-video-preview:-1\" \/>\n<link rel=\"canonical\" href=\"https:\/\/vieassociative.be\/actualites\/la-dg-ministre-decerne-208-diplomes-dans-le-domaine-du-sport\/\" \/>\n<meta property=\"og:locale\" content=\"fr_FR\" \/>\n<meta property=\"og:type\" content=\"article\" \/>\n<meta property=\"og:title\" content=\"La DG Ministre d\u00e9cerne 208 dipl\u00f4mes dans le domaine du sport | Vie Associative\" \/>\n<meta property=\"og:description\" content=\"Vendredi soir dernier, la c\u00e9r\u00e9monie de remise des dipl\u00f4mes 2025 dans le domaine du sport a eu lieu sur le site Eastbelgica \u00e0 Eupen. Au\" \/>\n<meta property=\"og:url\" content=\"https:\/\/vieassociative.be\/actualites\/la-dg-ministre-decerne-208-diplomes-dans-le-domaine-du-sport\/\" \/>\n<meta property=\"og:site_name\" content=\"Vie Associative\" \/>\n<meta property=\"article:published_time\" content=\"2025-12-10T08:17:23+00:00\" \/>\n<meta property=\"og:image\" content=\"https:\/\/vieassociative.be\/actualites\/wp-content\/uploads\/2024\/09\/header_backgroundk-01-e1726694325946.png\" \/>\n\t<meta property=\"og:image:width\" content=\"279\" \/>\n\t<meta property=\"og:image:height\" content=\"92\" \/>\n\t<meta property=\"og:image:type\" content=\"image\/png\" \/>\n<meta name=\"author\" content=\"Julien\" \/>\n<meta name=\"twitter:card\" content=\"summary_large_image\" \/>\n<meta name=\"twitter:label1\" content=\"\u00c9crit par\" \/>\n\t<meta name=\"twitter:data1\" content=\"Julien\" \/>\n\t<meta name=\"twitter:label2\" content=\"Dur\u00e9e de lecture est.\" \/>\n\t<meta name=\"twitter:data2\" content=\"2 minutes\" \/>\n<script type=\"application\/ld+json\" class=\"yoast-schema-graph\">{\"@context\":\"https:\/\/schema.org\",\"@graph\":[{\"@type\":\"Article\",\"@id\":\"https:\/\/vieassociative.be\/actualites\/la-dg-ministre-decerne-208-diplomes-dans-le-domaine-du-sport\/#article\",\"isPartOf\":{\"@id\":\"https:\/\/vieassociative.be\/actualites\/la-dg-ministre-decerne-208-diplomes-dans-le-domaine-du-sport\/\"},\"author\":{\"name\":\"Julien\",\"@id\":\"https:\/\/vieassociative.be\/actualites\/#\/schema\/person\/b87ac4f82f9d4e7b7cec7395b679edc4\"},\"headline\":\"La DG Ministre d\u00e9cerne 208 dipl\u00f4mes dans le domaine du sport\",\"datePublished\":\"2025-12-10T08:17:23+00:00\",\"dateModified\":\"2025-12-10T08:17:23+00:00\",\"mainEntityOfPage\":{\"@id\":\"https:\/\/vieassociative.be\/actualites\/la-dg-ministre-decerne-208-diplomes-dans-le-domaine-du-sport\/\"},\"wordCount\":405,\"publisher\":{\"@id\":\"https:\/\/vieassociative.be\/actualites\/#organization\"},\"image\":{\"@id\":\"https:\/\/vieassociative.be\/actualites\/la-dg-ministre-decerne-208-diplomes-dans-le-domaine-du-sport\/#primaryimage\"},\"thumbnailUrl\":\"https:\/\/vieassociative.be\/actualites\/wp-content\/uploads\/2025\/12\/1765354644_La-DG-Ministre-decerne-208-diplomes-dans-le-domaine-du.jpg\",\"keywords\":[\"dans\",\"d\u00e9cern\u00e9\",\"dipl\u00f4m\u00e9s\",\"domaine\",\"ministre\",\"sport\"],\"articleSection\":[\"Belgique\"],\"inLanguage\":\"fr-BE\"},{\"@type\":\"WebPage\",\"@id\":\"https:\/\/vieassociative.be\/actualites\/la-dg-ministre-decerne-208-diplomes-dans-le-domaine-du-sport\/\",\"url\":\"https:\/\/vieassociative.be\/actualites\/la-dg-ministre-decerne-208-diplomes-dans-le-domaine-du-sport\/\",\"name\":\"La DG Ministre d\u00e9cerne 208 dipl\u00f4mes dans le domaine du sport | Vie Associative\",\"isPartOf\":{\"@id\":\"https:\/\/vieassociative.be\/actualites\/#website\"},\"primaryImageOfPage\":{\"@id\":\"https:\/\/vieassociative.be\/actualites\/la-dg-ministre-decerne-208-diplomes-dans-le-domaine-du-sport\/#primaryimage\"},\"image\":{\"@id\":\"https:\/\/vieassociative.be\/actualites\/la-dg-ministre-decerne-208-diplomes-dans-le-domaine-du-sport\/#primaryimage\"},\"thumbnailUrl\":\"https:\/\/vieassociative.be\/actualites\/wp-content\/uploads\/2025\/12\/1765354644_La-DG-Ministre-decerne-208-diplomes-dans-le-domaine-du.jpg\",\"datePublished\":\"2025-12-10T08:17:23+00:00\",\"dateModified\":\"2025-12-10T08:17:23+00:00\",\"breadcrumb\":{\"@id\":\"https:\/\/vieassociative.be\/actualites\/la-dg-ministre-decerne-208-diplomes-dans-le-domaine-du-sport\/#breadcrumb\"},\"inLanguage\":\"fr-BE\",\"potentialAction\":[{\"@type\":\"ReadAction\",\"target\":[\"https:\/\/vieassociative.be\/actualites\/la-dg-ministre-decerne-208-diplomes-dans-le-domaine-du-sport\/\"]}]},{\"@type\":\"ImageObject\",\"inLanguage\":\"fr-BE\",\"@id\":\"https:\/\/vieassociative.be\/actualites\/la-dg-ministre-decerne-208-diplomes-dans-le-domaine-du-sport\/#primaryimage\",\"url\":\"https:\/\/vieassociative.be\/actualites\/wp-content\/uploads\/2025\/12\/1765354644_La-DG-Ministre-decerne-208-diplomes-dans-le-domaine-du.jpg\",\"contentUrl\":\"https:\/\/vieassociative.be\/actualites\/wp-content\/uploads\/2025\/12\/1765354644_La-DG-Ministre-decerne-208-diplomes-dans-le-domaine-du.jpg\",\"width\":1600,\"height\":900,\"caption\":\"La DG Ministre d\u00e9cerne 208 dipl\u00f4mes dans le domaine du sport\"},{\"@type\":\"BreadcrumbList\",\"@id\":\"https:\/\/vieassociative.be\/actualites\/la-dg-ministre-decerne-208-diplomes-dans-le-domaine-du-sport\/#breadcrumb\",\"itemListElement\":[{\"@type\":\"ListItem\",\"position\":1,\"name\":\"Accueil\",\"item\":\"https:\/\/vieassociative.be\/actualites\/\"},{\"@type\":\"ListItem\",\"position\":2,\"name\":\"La DG Ministre d\u00e9cerne 208 dipl\u00f4mes dans le domaine du sport\"}]},{\"@type\":\"WebSite\",\"@id\":\"https:\/\/vieassociative.be\/actualites\/#website\",\"url\":\"https:\/\/vieassociative.be\/actualites\/\",\"name\":\"Vie Associative\",\"description\":\"\",\"publisher\":{\"@id\":\"https:\/\/vieassociative.be\/actualites\/#organization\"},\"potentialAction\":[{\"@type\":\"SearchAction\",\"target\":{\"@type\":\"EntryPoint\",\"urlTemplate\":\"https:\/\/vieassociative.be\/actualites\/?s={search_term_string}\"},\"query-input\":{\"@type\":\"PropertyValueSpecification\",\"valueRequired\":true,\"valueName\":\"search_term_string\"}}],\"inLanguage\":\"fr-BE\"},{\"@type\":\"Organization\",\"@id\":\"https:\/\/vieassociative.be\/actualites\/#organization\",\"name\":\"Vie Associative\",\"url\":\"https:\/\/vieassociative.be\/actualites\/\",\"logo\":{\"@type\":\"ImageObject\",\"inLanguage\":\"fr-BE\",\"@id\":\"https:\/\/vieassociative.be\/actualites\/#\/schema\/logo\/image\/\",\"url\":\"https:\/\/vieassociative.be\/actualites\/wp-content\/uploads\/2024\/09\/cropped-vieassociative_favicon.ico.png\",\"contentUrl\":\"https:\/\/vieassociative.be\/actualites\/wp-content\/uploads\/2024\/09\/cropped-vieassociative_favicon.ico.png\",\"width\":512,\"height\":512,\"caption\":\"Vie Associative\"},\"image\":{\"@id\":\"https:\/\/vieassociative.be\/actualites\/#\/schema\/logo\/image\/\"}},{\"@type\":\"Person\",\"@id\":\"https:\/\/vieassociative.be\/actualites\/#\/schema\/person\/b87ac4f82f9d4e7b7cec7395b679edc4\",\"name\":\"Julien\",\"image\":{\"@type\":\"ImageObject\",\"inLanguage\":\"fr-BE\",\"@id\":\"https:\/\/vieassociative.be\/actualites\/#\/schema\/person\/image\/\",\"url\":\"https:\/\/vieassociative.be\/actualites\/wp-content\/uploads\/2024\/09\/vie-associative-1-150x150.jpg\",\"contentUrl\":\"https:\/\/vieassociative.be\/actualites\/wp-content\/uploads\/2024\/09\/vie-associative-1-150x150.jpg\",\"caption\":\"Julien\"},\"description\":\"Je suis Julien, r\u00e9dacteur pour Vie Associative. Passionn\u00e9 par le monde associatif depuis plus de 10 ans, j'ai \u00e0 c\u0153ur de partager des histoires inspirantes et de mettre en lumi\u00e8re les initiatives locales. Mon objectif est de sensibiliser et d'encourager l'engagement communautaire \u00e0 travers mes articles.\",\"sameAs\":[\"https:\/\/vieassociative.be\/\"]}]}<\/script>\n<!-- \/ Yoast SEO plugin. -->","yoast_head_json":{"title":"La DG Ministre d\u00e9cerne 208 dipl\u00f4mes dans le domaine du sport | Vie Associative","robots":{"index":"index","follow":"follow","max-snippet":"max-snippet:-1","max-image-preview":"max-image-preview:large","max-video-preview":"max-video-preview:-1"},"canonical":"https:\/\/vieassociative.be\/actualites\/la-dg-ministre-decerne-208-diplomes-dans-le-domaine-du-sport\/","og_locale":"fr_FR","og_type":"article","og_title":"La DG Ministre d\u00e9cerne 208 dipl\u00f4mes dans le domaine du sport | Vie Associative","og_description":"Vendredi soir dernier, la c\u00e9r\u00e9monie de remise des dipl\u00f4mes 2025 dans le domaine du sport a eu lieu sur le site Eastbelgica \u00e0 Eupen. Au","og_url":"https:\/\/vieassociative.be\/actualites\/la-dg-ministre-decerne-208-diplomes-dans-le-domaine-du-sport\/","og_site_name":"Vie Associative","article_published_time":"2025-12-10T08:17:23+00:00","og_image":[{"width":279,"height":92,"url":"https:\/\/vieassociative.be\/actualites\/wp-content\/uploads\/2024\/09\/header_backgroundk-01-e1726694325946.png","type":"image\/png"}],"author":"Julien","twitter_card":"summary_large_image","twitter_misc":{"\u00c9crit par":"Julien","Dur\u00e9e de lecture est.":"2 minutes"},"schema":{"@context":"https:\/\/schema.org","@graph":[{"@type":"Article","@id":"https:\/\/vieassociative.be\/actualites\/la-dg-ministre-decerne-208-diplomes-dans-le-domaine-du-sport\/#article","isPartOf":{"@id":"https:\/\/vieassociative.be\/actualites\/la-dg-ministre-decerne-208-diplomes-dans-le-domaine-du-sport\/"},"author":{"name":"Julien","@id":"https:\/\/vieassociative.be\/actualites\/#\/schema\/person\/b87ac4f82f9d4e7b7cec7395b679edc4"},"headline":"La DG Ministre d\u00e9cerne 208 dipl\u00f4mes dans le domaine du sport","datePublished":"2025-12-10T08:17:23+00:00","dateModified":"2025-12-10T08:17:23+00:00","mainEntityOfPage":{"@id":"https:\/\/vieassociative.be\/actualites\/la-dg-ministre-decerne-208-diplomes-dans-le-domaine-du-sport\/"},"wordCount":405,"publisher":{"@id":"https:\/\/vieassociative.be\/actualites\/#organization"},"image":{"@id":"https:\/\/vieassociative.be\/actualites\/la-dg-ministre-decerne-208-diplomes-dans-le-domaine-du-sport\/#primaryimage"},"thumbnailUrl":"https:\/\/vieassociative.be\/actualites\/wp-content\/uploads\/2025\/12\/1765354644_La-DG-Ministre-decerne-208-diplomes-dans-le-domaine-du.jpg","keywords":["dans","d\u00e9cern\u00e9","dipl\u00f4m\u00e9s","domaine","ministre","sport"],"articleSection":["Belgique"],"inLanguage":"fr-BE"},{"@type":"WebPage","@id":"https:\/\/vieassociative.be\/actualites\/la-dg-ministre-decerne-208-diplomes-dans-le-domaine-du-sport\/","url":"https:\/\/vieassociative.be\/actualites\/la-dg-ministre-decerne-208-diplomes-dans-le-domaine-du-sport\/","name":"La DG Ministre d\u00e9cerne 208 dipl\u00f4mes dans le domaine du sport | Vie Associative","isPartOf":{"@id":"https:\/\/vieassociative.be\/actualites\/#website"},"primaryImageOfPage":{"@id":"https:\/\/vieassociative.be\/actualites\/la-dg-ministre-decerne-208-diplomes-dans-le-domaine-du-sport\/#primaryimage"},"image":{"@id":"https:\/\/vieassociative.be\/actualites\/la-dg-ministre-decerne-208-diplomes-dans-le-domaine-du-sport\/#primaryimage"},"thumbnailUrl":"https:\/\/vieassociative.be\/actualites\/wp-content\/uploads\/2025\/12\/1765354644_La-DG-Ministre-decerne-208-diplomes-dans-le-domaine-du.jpg","datePublished":"2025-12-10T08:17:23+00:00","dateModified":"2025-12-10T08:17:23+00:00","breadcrumb":{"@id":"https:\/\/vieassociative.be\/actualites\/la-dg-ministre-decerne-208-diplomes-dans-le-domaine-du-sport\/#breadcrumb"},"inLanguage":"fr-BE","potentialAction":[{"@type":"ReadAction","target":["https:\/\/vieassociative.be\/actualites\/la-dg-ministre-decerne-208-diplomes-dans-le-domaine-du-sport\/"]}]},{"@type":"ImageObject","inLanguage":"fr-BE","@id":"https:\/\/vieassociative.be\/actualites\/la-dg-ministre-decerne-208-diplomes-dans-le-domaine-du-sport\/#primaryimage","url":"https:\/\/vieassociative.be\/actualites\/wp-content\/uploads\/2025\/12\/1765354644_La-DG-Ministre-decerne-208-diplomes-dans-le-domaine-du.jpg","contentUrl":"https:\/\/vieassociative.be\/actualites\/wp-content\/uploads\/2025\/12\/1765354644_La-DG-Ministre-decerne-208-diplomes-dans-le-domaine-du.jpg","width":1600,"height":900,"caption":"La DG Ministre d\u00e9cerne 208 dipl\u00f4mes dans le domaine du sport"},{"@type":"BreadcrumbList","@id":"https:\/\/vieassociative.be\/actualites\/la-dg-ministre-decerne-208-diplomes-dans-le-domaine-du-sport\/#breadcrumb","itemListElement":[{"@type":"ListItem","position":1,"name":"Accueil","item":"https:\/\/vieassociative.be\/actualites\/"},{"@type":"ListItem","position":2,"name":"La DG Ministre d\u00e9cerne 208 dipl\u00f4mes dans le domaine du sport"}]},{"@type":"WebSite","@id":"https:\/\/vieassociative.be\/actualites\/#website","url":"https:\/\/vieassociative.be\/actualites\/","name":"Vie Associative","description":"","publisher":{"@id":"https:\/\/vieassociative.be\/actualites\/#organization"},"potentialAction":[{"@type":"SearchAction","target":{"@type":"EntryPoint","urlTemplate":"https:\/\/vieassociative.be\/actualites\/?s={search_term_string}"},"query-input":{"@type":"PropertyValueSpecification","valueRequired":true,"valueName":"search_term_string"}}],"inLanguage":"fr-BE"},{"@type":"Organization","@id":"https:\/\/vieassociative.be\/actualites\/#organization","name":"Vie Associative","url":"https:\/\/vieassociative.be\/actualites\/","logo":{"@type":"ImageObject","inLanguage":"fr-BE","@id":"https:\/\/vieassociative.be\/actualites\/#\/schema\/logo\/image\/","url":"https:\/\/vieassociative.be\/actualites\/wp-content\/uploads\/2024\/09\/cropped-vieassociative_favicon.ico.png","contentUrl":"https:\/\/vieassociative.be\/actualites\/wp-content\/uploads\/2024\/09\/cropped-vieassociative_favicon.ico.png","width":512,"height":512,"caption":"Vie Associative"},"image":{"@id":"https:\/\/vieassociative.be\/actualites\/#\/schema\/logo\/image\/"}},{"@type":"Person","@id":"https:\/\/vieassociative.be\/actualites\/#\/schema\/person\/b87ac4f82f9d4e7b7cec7395b679edc4","name":"Julien","image":{"@type":"ImageObject","inLanguage":"fr-BE","@id":"https:\/\/vieassociative.be\/actualites\/#\/schema\/person\/image\/","url":"https:\/\/vieassociative.be\/actualites\/wp-content\/uploads\/2024\/09\/vie-associative-1-150x150.jpg","contentUrl":"https:\/\/vieassociative.be\/actualites\/wp-content\/uploads\/2024\/09\/vie-associative-1-150x150.jpg","caption":"Julien"},"description":"Je suis Julien, r\u00e9dacteur pour Vie Associative. Passionn\u00e9 par le monde associatif depuis plus de 10 ans, j'ai \u00e0 c\u0153ur de partager des histoires inspirantes et de mettre en lumi\u00e8re les initiatives locales. Mon objectif est de sensibiliser et d'encourager l'engagement communautaire \u00e0 travers mes articles.","sameAs":["https:\/\/vieassociative.be\/"]}]}},"_links":{"self":[{"href":"https:\/\/vieassociative.be\/actualites\/wp-json\/wp\/v2\/posts\/11777"}],"collection":[{"href":"https:\/\/vieassociative.be\/actualites\/wp-json\/wp\/v2\/posts"}],"about":[{"href":"https:\/\/vieassociative.be\/actualites\/wp-json\/wp\/v2\/types\/post"}],"author":[{"embeddable":true,"href":"https:\/\/vieassociative.be\/actualites\/wp-json\/wp\/v2\/users\/1"}],"replies":[{"embeddable":true,"href":"https:\/\/vieassociative.be\/actualites\/wp-json\/wp\/v2\/comments?post=11777"}],"version-history":[{"count":0,"href":"https:\/\/vieassociative.be\/actualites\/wp-json\/wp\/v2\/posts\/11777\/revisions"}],"wp:featuredmedia":[{"embeddable":true,"href":"https:\/\/vieassociative.be\/actualites\/wp-json\/wp\/v2\/media\/11778"}],"wp:attachment":[{"href":"https:\/\/vieassociative.be\/actualites\/wp-json\/wp\/v2\/media?parent=11777"}],"wp:term":[{"taxonomy":"category","embeddable":true,"href":"https:\/\/vieassociative.be\/actualites\/wp-json\/wp\/v2\/categories?post=11777"},{"taxonomy":"post_tag","embeddable":true,"href":"https:\/\/vieassociative.be\/actualites\/wp-json\/wp\/v2\/tags?post=11777"}],"curies":[{"name":"wp","href":"https:\/\/api.w.org\/{rel}","templated":true}]}}