{"id":11775,"date":"2025-12-10T08:17:34","date_gmt":"2025-12-10T07:17:34","guid":{"rendered":"https:\/\/vieassociative.be\/actualites\/pebble-lance-une-bague-a-75-mais-ce-nest-pas-un-concurrent-doura\/"},"modified":"2025-12-10T08:17:34","modified_gmt":"2025-12-10T07:17:34","slug":"pebble-lance-une-bague-a-75-mais-ce-nest-pas-un-concurrent-doura","status":"publish","type":"post","link":"https:\/\/vieassociative.be\/actualites\/pebble-lance-une-bague-a-75-mais-ce-nest-pas-un-concurrent-doura\/","title":{"rendered":"Pebble lance une bague \u00e0 75 $, mais ce n&rsquo;est pas un concurrent d&rsquo;Oura"},"content":{"rendered":"<p>Nous pouvons gagner une commission sur les liens sur cette page.<\/p>\n<p>Quand j&rsquo;entends qu&rsquo;une entreprise de montres intelligentes lance une bague, je suppose que ce sera une bague intelligente. Mais Pebble a pris une direction diff\u00e9rente, cr\u00e9ant plut\u00f4t ce qui est essentiellement un microphone \u00e0 distance pouvant fonctionner avec votre t\u00e9l\u00e9phone et d&rsquo;autres appareils. Il est disponible en pr\u00e9commande au prix de 75\u00a0$ et se vendra au prix de 99\u00a0$ apr\u00e8s son lancement.<\/p>\n<p>Le nouvel anneau de Pebble s&rsquo;appelle Index 01. Il comporte un bouton sur lequel vous pouvez cliquer et maintenir enfonc\u00e9, ainsi qu&rsquo;un microphone qui \u00e9coutera ce que vous dites lorsque vous maintenez le bouton enfonc\u00e9. L&rsquo;enregistrement est ensuite envoy\u00e9 sur votre t\u00e9l\u00e9phone, o\u00f9 il est trait\u00e9 sur l&rsquo;appareil. C&rsquo;est tout : pas de capteur de fr\u00e9quence cardiaque et pas de station de chargement.<\/p>\n<h2 id=\"the-index-01s-specs-and-functionality\">Sp\u00e9cifications et fonctionnalit\u00e9s de l&rsquo;Index 01<\/h2>\n<p>Eric Migicovsky, le fondateur de Pebble, d\u00e9crit l&rsquo;utilisation de l&rsquo;Index pour capturer des messages courts et envoyer des instructions \u00e0 sa montre Pebble via son t\u00e9l\u00e9phone. L&rsquo;id\u00e9e est que vous portez l&rsquo;index sur votre index (vous comprenez ?) et que vous appuyez sur le bouton avec votre pouce. La bague est disponible en trois couleurs : noir mat avec un bouton noir, or poli avec un bouton bleu et argent avec un bouton blanc.<\/p>\n<p>Il n\u2019y a pas de batterie \u00e0 charger, juste une batterie int\u00e9gr\u00e9e qui dure au total 12 \u00e0 15 heures. Migicovsky \u00e9crit : \u00ab\u00a0En moyenne, je l&rsquo;utilise 10 \u00e0 20 fois par jour pour enregistrer 3 \u00e0 6 secondes de r\u00e9flexion. Cela repr\u00e9sente jusqu&rsquo;\u00e0 2 ans d&rsquo;utilisation.\u00a0\u00bb<\/p>\n<p>L&rsquo;anneau n&rsquo;a pas de haut-parleur et ne peut pas vibrer pour les notifications ; c&rsquo;est juste pour la contribution. La communication entre l&rsquo;anneau et votre t\u00e9l\u00e9phone est crypt\u00e9e et les enregistrements vocaux sont transform\u00e9s en texte sur votre t\u00e9l\u00e9phone, sans n\u00e9cessiter de connexion Internet. L&rsquo;anneau ne parle pas directement \u00e0 une montre Pebble, mais il peut parler \u00e0 votre t\u00e9l\u00e9phone et votre t\u00e9l\u00e9phone peut alors afficher n&rsquo;importe quelle sortie sur la montre, par exemple, afficher le texte d&rsquo;un rappel que vous avez d\u00e9fini.<\/p>\n<h2 id=\"who-should-buy-an-index-01-ring\">Qui devrait acheter une bague Index 01 ?<\/h2>\n<p>Jusqu\u2019\u00e0 pr\u00e9sent, les utilisateurs de Pebble ne semblent pas aussi enthousiasm\u00e9s par ce produit que Migicovsky. Un fil de discussion Reddit discutant de l&rsquo;annonce contient des commentaires tels que \u00ab\u00a0Id\u00e9e sympa, produit bizarre\u00a0\u00bb et \u00ab\u00a0Pourquoi voudrais-je cela si j&rsquo;ai d\u00e9j\u00e0 un Pebble qui a toutes les capacit\u00e9s de prendre des notes vocales\u00a0?\u00a0\u00bb<\/p>\n<p>Migicovsky explique dans le blog de l&rsquo;entreprise que son objectif \u00e9tait que le bouton puisse \u00eatre actionn\u00e9 d&rsquo;une seule main et que les gestes sur le Pebble n&rsquo;\u00e9taient pas assez fiables. Il souligne \u00e9galement le fait qu&rsquo;il n&rsquo;est pas n\u00e9cessaire de le recharger, alors que certains utilisateurs semblent plus pr\u00e9occup\u00e9s par le fait qu&rsquo;un appareil qui ne peut pas \u00eatre recharg\u00e9 est fondamentalement jetable \u2013 \u00ab\u00a0d\u00e9chets \u00e9lectroniques manufactur\u00e9s\u00a0\u00bb. <\/p>\n<p>Apr\u00e8s environ deux ans d&rsquo;utilisation (ou moins si vous effectuez des enregistrements plus longs), l&rsquo;application vous demandera si vous souhaitez commander une autre sonnerie. La bague co\u00fbtera 75 $ en pr\u00e9commande et 99 $ au prix r\u00e9gulier. Il n&rsquo;y a eu aucune mention d&rsquo;un tarif r\u00e9duit pour un remplacement\u00a0; on dirait que vous \u00eates cens\u00e9 acheter une nouvelle bague \u00e0 99 $ tous les deux ans.<\/p>\n<p>Les fonctionnalit\u00e9s de l&rsquo;anneau pourraient \u00eatre \u00e9tendues \u00e0 l&rsquo;avenir. Un double clic et maintien pourrait signaler \u00e0 l&rsquo;application Pebble de traiter les donn\u00e9es d&rsquo;une mani\u00e8re diff\u00e9rente (peut-\u00eatre en les envoyant \u00e0 ChatGPT, sugg\u00e8re Migicovsky) et les d\u00e9veloppeurs pourraient connecter le traitement vocal de l&rsquo;application \u00e0 d&rsquo;autres services tels que les applications de calendrier et de m\u00e9t\u00e9o.<\/p>\n","protected":false},"excerpt":{"rendered":"<p>Nous pouvons gagner une commission sur les liens sur cette page. Quand j&rsquo;entends qu&rsquo;une entreprise de montres intelligentes lance une bague, je suppose que ce<\/p>\n","protected":false},"author":1,"featured_media":11776,"comment_status":"","ping_status":"","sticky":false,"template":"","format":"standard","meta":{"footnotes":""},"categories":[1],"tags":[4970,8118,8971,4362,156,1082,126,9515,110],"class_list":["post-11775","post","type-post","status-publish","format-standard","has-post-thumbnail","hentry","category-non-classe","tag-bague","tag-concurrent","tag-doura","tag-lance","tag-mais","tag-nest","tag-pas","tag-pebble","tag-une","generate-columns","tablet-grid-50","mobile-grid-100","grid-parent","grid-33"],"yoast_head":"<!-- This site is optimized with the Yoast SEO plugin v24.0 - https:\/\/yoast.com\/wordpress\/plugins\/seo\/ -->\n<title>Pebble lance une bague \u00e0 75 $, mais ce n&#039;est pas un concurrent d&#039;Oura | Vie Associative<\/title>\n<meta name=\"robots\" content=\"index, follow, max-snippet:-1, max-image-preview:large, max-video-preview:-1\" \/>\n<link rel=\"canonical\" href=\"https:\/\/vieassociative.be\/actualites\/pebble-lance-une-bague-a-75-mais-ce-nest-pas-un-concurrent-doura\/\" \/>\n<meta property=\"og:locale\" content=\"fr_FR\" \/>\n<meta property=\"og:type\" content=\"article\" \/>\n<meta property=\"og:title\" content=\"Pebble lance une bague \u00e0 75 $, mais ce n&#039;est pas un concurrent d&#039;Oura | Vie Associative\" \/>\n<meta property=\"og:description\" content=\"Nous pouvons gagner une commission sur les liens sur cette page. Quand j&rsquo;entends qu&rsquo;une entreprise de montres intelligentes lance une bague, je suppose que ce\" \/>\n<meta property=\"og:url\" content=\"https:\/\/vieassociative.be\/actualites\/pebble-lance-une-bague-a-75-mais-ce-nest-pas-un-concurrent-doura\/\" \/>\n<meta property=\"og:site_name\" content=\"Vie Associative\" \/>\n<meta property=\"article:published_time\" content=\"2025-12-10T07:17:34+00:00\" \/>\n<meta property=\"og:image\" content=\"https:\/\/vieassociative.be\/actualites\/wp-content\/uploads\/2024\/09\/header_backgroundk-01-e1726694325946.png\" \/>\n\t<meta property=\"og:image:width\" content=\"279\" \/>\n\t<meta property=\"og:image:height\" content=\"92\" \/>\n\t<meta property=\"og:image:type\" content=\"image\/png\" \/>\n<meta name=\"author\" content=\"Julien\" \/>\n<meta name=\"twitter:card\" content=\"summary_large_image\" \/>\n<meta name=\"twitter:label1\" content=\"\u00c9crit par\" \/>\n\t<meta name=\"twitter:data1\" content=\"Julien\" \/>\n\t<meta name=\"twitter:label2\" content=\"Dur\u00e9e de lecture est.\" \/>\n\t<meta name=\"twitter:data2\" content=\"3 minutes\" \/>\n<script type=\"application\/ld+json\" class=\"yoast-schema-graph\">{\"@context\":\"https:\/\/schema.org\",\"@graph\":[{\"@type\":\"Article\",\"@id\":\"https:\/\/vieassociative.be\/actualites\/pebble-lance-une-bague-a-75-mais-ce-nest-pas-un-concurrent-doura\/#article\",\"isPartOf\":{\"@id\":\"https:\/\/vieassociative.be\/actualites\/pebble-lance-une-bague-a-75-mais-ce-nest-pas-un-concurrent-doura\/\"},\"author\":{\"name\":\"Julien\",\"@id\":\"https:\/\/vieassociative.be\/actualites\/#\/schema\/person\/b87ac4f82f9d4e7b7cec7395b679edc4\"},\"headline\":\"Pebble lance une bague \u00e0 75 $, mais ce n&rsquo;est pas un concurrent d&rsquo;Oura\",\"datePublished\":\"2025-12-10T07:17:34+00:00\",\"dateModified\":\"2025-12-10T07:17:34+00:00\",\"mainEntityOfPage\":{\"@id\":\"https:\/\/vieassociative.be\/actualites\/pebble-lance-une-bague-a-75-mais-ce-nest-pas-un-concurrent-doura\/\"},\"wordCount\":668,\"publisher\":{\"@id\":\"https:\/\/vieassociative.be\/actualites\/#organization\"},\"image\":{\"@id\":\"https:\/\/vieassociative.be\/actualites\/pebble-lance-une-bague-a-75-mais-ce-nest-pas-un-concurrent-doura\/#primaryimage\"},\"thumbnailUrl\":\"https:\/\/vieassociative.be\/actualites\/wp-content\/uploads\/2025\/12\/Pebble-lance-une-bague-a-75-mais-ce-nest.jpg\",\"keywords\":[\"bague\",\"concurrent\",\"dOura\",\"lanc\u00e9\",\"mais\",\"nest\",\"pas\",\"Pebble\",\"une\"],\"inLanguage\":\"fr-BE\"},{\"@type\":\"WebPage\",\"@id\":\"https:\/\/vieassociative.be\/actualites\/pebble-lance-une-bague-a-75-mais-ce-nest-pas-un-concurrent-doura\/\",\"url\":\"https:\/\/vieassociative.be\/actualites\/pebble-lance-une-bague-a-75-mais-ce-nest-pas-un-concurrent-doura\/\",\"name\":\"Pebble lance une bague \u00e0 75 $, mais ce n'est pas un concurrent d'Oura | Vie Associative\",\"isPartOf\":{\"@id\":\"https:\/\/vieassociative.be\/actualites\/#website\"},\"primaryImageOfPage\":{\"@id\":\"https:\/\/vieassociative.be\/actualites\/pebble-lance-une-bague-a-75-mais-ce-nest-pas-un-concurrent-doura\/#primaryimage\"},\"image\":{\"@id\":\"https:\/\/vieassociative.be\/actualites\/pebble-lance-une-bague-a-75-mais-ce-nest-pas-un-concurrent-doura\/#primaryimage\"},\"thumbnailUrl\":\"https:\/\/vieassociative.be\/actualites\/wp-content\/uploads\/2025\/12\/Pebble-lance-une-bague-a-75-mais-ce-nest.jpg\",\"datePublished\":\"2025-12-10T07:17:34+00:00\",\"dateModified\":\"2025-12-10T07:17:34+00:00\",\"breadcrumb\":{\"@id\":\"https:\/\/vieassociative.be\/actualites\/pebble-lance-une-bague-a-75-mais-ce-nest-pas-un-concurrent-doura\/#breadcrumb\"},\"inLanguage\":\"fr-BE\",\"potentialAction\":[{\"@type\":\"ReadAction\",\"target\":[\"https:\/\/vieassociative.be\/actualites\/pebble-lance-une-bague-a-75-mais-ce-nest-pas-un-concurrent-doura\/\"]}]},{\"@type\":\"ImageObject\",\"inLanguage\":\"fr-BE\",\"@id\":\"https:\/\/vieassociative.be\/actualites\/pebble-lance-une-bague-a-75-mais-ce-nest-pas-un-concurrent-doura\/#primaryimage\",\"url\":\"https:\/\/vieassociative.be\/actualites\/wp-content\/uploads\/2025\/12\/Pebble-lance-une-bague-a-75-mais-ce-nest.jpg\",\"contentUrl\":\"https:\/\/vieassociative.be\/actualites\/wp-content\/uploads\/2025\/12\/Pebble-lance-une-bague-a-75-mais-ce-nest.jpg\",\"width\":1200,\"height\":675,\"caption\":\"Pebble lance une bague \u00e0 75 $, mais ce n'est pas un concurrent d'Oura\"},{\"@type\":\"BreadcrumbList\",\"@id\":\"https:\/\/vieassociative.be\/actualites\/pebble-lance-une-bague-a-75-mais-ce-nest-pas-un-concurrent-doura\/#breadcrumb\",\"itemListElement\":[{\"@type\":\"ListItem\",\"position\":1,\"name\":\"Accueil\",\"item\":\"https:\/\/vieassociative.be\/actualites\/\"},{\"@type\":\"ListItem\",\"position\":2,\"name\":\"Pebble lance une bague \u00e0 75 $, mais ce n&rsquo;est pas un concurrent d&rsquo;Oura\"}]},{\"@type\":\"WebSite\",\"@id\":\"https:\/\/vieassociative.be\/actualites\/#website\",\"url\":\"https:\/\/vieassociative.be\/actualites\/\",\"name\":\"Vie Associative\",\"description\":\"\",\"publisher\":{\"@id\":\"https:\/\/vieassociative.be\/actualites\/#organization\"},\"potentialAction\":[{\"@type\":\"SearchAction\",\"target\":{\"@type\":\"EntryPoint\",\"urlTemplate\":\"https:\/\/vieassociative.be\/actualites\/?s={search_term_string}\"},\"query-input\":{\"@type\":\"PropertyValueSpecification\",\"valueRequired\":true,\"valueName\":\"search_term_string\"}}],\"inLanguage\":\"fr-BE\"},{\"@type\":\"Organization\",\"@id\":\"https:\/\/vieassociative.be\/actualites\/#organization\",\"name\":\"Vie Associative\",\"url\":\"https:\/\/vieassociative.be\/actualites\/\",\"logo\":{\"@type\":\"ImageObject\",\"inLanguage\":\"fr-BE\",\"@id\":\"https:\/\/vieassociative.be\/actualites\/#\/schema\/logo\/image\/\",\"url\":\"https:\/\/vieassociative.be\/actualites\/wp-content\/uploads\/2024\/09\/cropped-vieassociative_favicon.ico.png\",\"contentUrl\":\"https:\/\/vieassociative.be\/actualites\/wp-content\/uploads\/2024\/09\/cropped-vieassociative_favicon.ico.png\",\"width\":512,\"height\":512,\"caption\":\"Vie Associative\"},\"image\":{\"@id\":\"https:\/\/vieassociative.be\/actualites\/#\/schema\/logo\/image\/\"}},{\"@type\":\"Person\",\"@id\":\"https:\/\/vieassociative.be\/actualites\/#\/schema\/person\/b87ac4f82f9d4e7b7cec7395b679edc4\",\"name\":\"Julien\",\"image\":{\"@type\":\"ImageObject\",\"inLanguage\":\"fr-BE\",\"@id\":\"https:\/\/vieassociative.be\/actualites\/#\/schema\/person\/image\/\",\"url\":\"https:\/\/vieassociative.be\/actualites\/wp-content\/uploads\/2024\/09\/vie-associative-1-150x150.jpg\",\"contentUrl\":\"https:\/\/vieassociative.be\/actualites\/wp-content\/uploads\/2024\/09\/vie-associative-1-150x150.jpg\",\"caption\":\"Julien\"},\"description\":\"Je suis Julien, r\u00e9dacteur pour Vie Associative. Passionn\u00e9 par le monde associatif depuis plus de 10 ans, j'ai \u00e0 c\u0153ur de partager des histoires inspirantes et de mettre en lumi\u00e8re les initiatives locales. Mon objectif est de sensibiliser et d'encourager l'engagement communautaire \u00e0 travers mes articles.\",\"sameAs\":[\"https:\/\/vieassociative.be\/\"]}]}<\/script>\n<!-- \/ Yoast SEO plugin. -->","yoast_head_json":{"title":"Pebble lance une bague \u00e0 75 $, mais ce n'est pas un concurrent d'Oura | Vie Associative","robots":{"index":"index","follow":"follow","max-snippet":"max-snippet:-1","max-image-preview":"max-image-preview:large","max-video-preview":"max-video-preview:-1"},"canonical":"https:\/\/vieassociative.be\/actualites\/pebble-lance-une-bague-a-75-mais-ce-nest-pas-un-concurrent-doura\/","og_locale":"fr_FR","og_type":"article","og_title":"Pebble lance une bague \u00e0 75 $, mais ce n'est pas un concurrent d'Oura | Vie Associative","og_description":"Nous pouvons gagner une commission sur les liens sur cette page. Quand j&rsquo;entends qu&rsquo;une entreprise de montres intelligentes lance une bague, je suppose que ce","og_url":"https:\/\/vieassociative.be\/actualites\/pebble-lance-une-bague-a-75-mais-ce-nest-pas-un-concurrent-doura\/","og_site_name":"Vie Associative","article_published_time":"2025-12-10T07:17:34+00:00","og_image":[{"width":279,"height":92,"url":"https:\/\/vieassociative.be\/actualites\/wp-content\/uploads\/2024\/09\/header_backgroundk-01-e1726694325946.png","type":"image\/png"}],"author":"Julien","twitter_card":"summary_large_image","twitter_misc":{"\u00c9crit par":"Julien","Dur\u00e9e de lecture est.":"3 minutes"},"schema":{"@context":"https:\/\/schema.org","@graph":[{"@type":"Article","@id":"https:\/\/vieassociative.be\/actualites\/pebble-lance-une-bague-a-75-mais-ce-nest-pas-un-concurrent-doura\/#article","isPartOf":{"@id":"https:\/\/vieassociative.be\/actualites\/pebble-lance-une-bague-a-75-mais-ce-nest-pas-un-concurrent-doura\/"},"author":{"name":"Julien","@id":"https:\/\/vieassociative.be\/actualites\/#\/schema\/person\/b87ac4f82f9d4e7b7cec7395b679edc4"},"headline":"Pebble lance une bague \u00e0 75 $, mais ce n&rsquo;est pas un concurrent d&rsquo;Oura","datePublished":"2025-12-10T07:17:34+00:00","dateModified":"2025-12-10T07:17:34+00:00","mainEntityOfPage":{"@id":"https:\/\/vieassociative.be\/actualites\/pebble-lance-une-bague-a-75-mais-ce-nest-pas-un-concurrent-doura\/"},"wordCount":668,"publisher":{"@id":"https:\/\/vieassociative.be\/actualites\/#organization"},"image":{"@id":"https:\/\/vieassociative.be\/actualites\/pebble-lance-une-bague-a-75-mais-ce-nest-pas-un-concurrent-doura\/#primaryimage"},"thumbnailUrl":"https:\/\/vieassociative.be\/actualites\/wp-content\/uploads\/2025\/12\/Pebble-lance-une-bague-a-75-mais-ce-nest.jpg","keywords":["bague","concurrent","dOura","lanc\u00e9","mais","nest","pas","Pebble","une"],"inLanguage":"fr-BE"},{"@type":"WebPage","@id":"https:\/\/vieassociative.be\/actualites\/pebble-lance-une-bague-a-75-mais-ce-nest-pas-un-concurrent-doura\/","url":"https:\/\/vieassociative.be\/actualites\/pebble-lance-une-bague-a-75-mais-ce-nest-pas-un-concurrent-doura\/","name":"Pebble lance une bague \u00e0 75 $, mais ce n'est pas un concurrent d'Oura | Vie Associative","isPartOf":{"@id":"https:\/\/vieassociative.be\/actualites\/#website"},"primaryImageOfPage":{"@id":"https:\/\/vieassociative.be\/actualites\/pebble-lance-une-bague-a-75-mais-ce-nest-pas-un-concurrent-doura\/#primaryimage"},"image":{"@id":"https:\/\/vieassociative.be\/actualites\/pebble-lance-une-bague-a-75-mais-ce-nest-pas-un-concurrent-doura\/#primaryimage"},"thumbnailUrl":"https:\/\/vieassociative.be\/actualites\/wp-content\/uploads\/2025\/12\/Pebble-lance-une-bague-a-75-mais-ce-nest.jpg","datePublished":"2025-12-10T07:17:34+00:00","dateModified":"2025-12-10T07:17:34+00:00","breadcrumb":{"@id":"https:\/\/vieassociative.be\/actualites\/pebble-lance-une-bague-a-75-mais-ce-nest-pas-un-concurrent-doura\/#breadcrumb"},"inLanguage":"fr-BE","potentialAction":[{"@type":"ReadAction","target":["https:\/\/vieassociative.be\/actualites\/pebble-lance-une-bague-a-75-mais-ce-nest-pas-un-concurrent-doura\/"]}]},{"@type":"ImageObject","inLanguage":"fr-BE","@id":"https:\/\/vieassociative.be\/actualites\/pebble-lance-une-bague-a-75-mais-ce-nest-pas-un-concurrent-doura\/#primaryimage","url":"https:\/\/vieassociative.be\/actualites\/wp-content\/uploads\/2025\/12\/Pebble-lance-une-bague-a-75-mais-ce-nest.jpg","contentUrl":"https:\/\/vieassociative.be\/actualites\/wp-content\/uploads\/2025\/12\/Pebble-lance-une-bague-a-75-mais-ce-nest.jpg","width":1200,"height":675,"caption":"Pebble lance une bague \u00e0 75 $, mais ce n'est pas un concurrent d'Oura"},{"@type":"BreadcrumbList","@id":"https:\/\/vieassociative.be\/actualites\/pebble-lance-une-bague-a-75-mais-ce-nest-pas-un-concurrent-doura\/#breadcrumb","itemListElement":[{"@type":"ListItem","position":1,"name":"Accueil","item":"https:\/\/vieassociative.be\/actualites\/"},{"@type":"ListItem","position":2,"name":"Pebble lance une bague \u00e0 75 $, mais ce n&rsquo;est pas un concurrent d&rsquo;Oura"}]},{"@type":"WebSite","@id":"https:\/\/vieassociative.be\/actualites\/#website","url":"https:\/\/vieassociative.be\/actualites\/","name":"Vie Associative","description":"","publisher":{"@id":"https:\/\/vieassociative.be\/actualites\/#organization"},"potentialAction":[{"@type":"SearchAction","target":{"@type":"EntryPoint","urlTemplate":"https:\/\/vieassociative.be\/actualites\/?s={search_term_string}"},"query-input":{"@type":"PropertyValueSpecification","valueRequired":true,"valueName":"search_term_string"}}],"inLanguage":"fr-BE"},{"@type":"Organization","@id":"https:\/\/vieassociative.be\/actualites\/#organization","name":"Vie Associative","url":"https:\/\/vieassociative.be\/actualites\/","logo":{"@type":"ImageObject","inLanguage":"fr-BE","@id":"https:\/\/vieassociative.be\/actualites\/#\/schema\/logo\/image\/","url":"https:\/\/vieassociative.be\/actualites\/wp-content\/uploads\/2024\/09\/cropped-vieassociative_favicon.ico.png","contentUrl":"https:\/\/vieassociative.be\/actualites\/wp-content\/uploads\/2024\/09\/cropped-vieassociative_favicon.ico.png","width":512,"height":512,"caption":"Vie Associative"},"image":{"@id":"https:\/\/vieassociative.be\/actualites\/#\/schema\/logo\/image\/"}},{"@type":"Person","@id":"https:\/\/vieassociative.be\/actualites\/#\/schema\/person\/b87ac4f82f9d4e7b7cec7395b679edc4","name":"Julien","image":{"@type":"ImageObject","inLanguage":"fr-BE","@id":"https:\/\/vieassociative.be\/actualites\/#\/schema\/person\/image\/","url":"https:\/\/vieassociative.be\/actualites\/wp-content\/uploads\/2024\/09\/vie-associative-1-150x150.jpg","contentUrl":"https:\/\/vieassociative.be\/actualites\/wp-content\/uploads\/2024\/09\/vie-associative-1-150x150.jpg","caption":"Julien"},"description":"Je suis Julien, r\u00e9dacteur pour Vie Associative. Passionn\u00e9 par le monde associatif depuis plus de 10 ans, j'ai \u00e0 c\u0153ur de partager des histoires inspirantes et de mettre en lumi\u00e8re les initiatives locales. Mon objectif est de sensibiliser et d'encourager l'engagement communautaire \u00e0 travers mes articles.","sameAs":["https:\/\/vieassociative.be\/"]}]}},"_links":{"self":[{"href":"https:\/\/vieassociative.be\/actualites\/wp-json\/wp\/v2\/posts\/11775"}],"collection":[{"href":"https:\/\/vieassociative.be\/actualites\/wp-json\/wp\/v2\/posts"}],"about":[{"href":"https:\/\/vieassociative.be\/actualites\/wp-json\/wp\/v2\/types\/post"}],"author":[{"embeddable":true,"href":"https:\/\/vieassociative.be\/actualites\/wp-json\/wp\/v2\/users\/1"}],"replies":[{"embeddable":true,"href":"https:\/\/vieassociative.be\/actualites\/wp-json\/wp\/v2\/comments?post=11775"}],"version-history":[{"count":0,"href":"https:\/\/vieassociative.be\/actualites\/wp-json\/wp\/v2\/posts\/11775\/revisions"}],"wp:featuredmedia":[{"embeddable":true,"href":"https:\/\/vieassociative.be\/actualites\/wp-json\/wp\/v2\/media\/11776"}],"wp:attachment":[{"href":"https:\/\/vieassociative.be\/actualites\/wp-json\/wp\/v2\/media?parent=11775"}],"wp:term":[{"taxonomy":"category","embeddable":true,"href":"https:\/\/vieassociative.be\/actualites\/wp-json\/wp\/v2\/categories?post=11775"},{"taxonomy":"post_tag","embeddable":true,"href":"https:\/\/vieassociative.be\/actualites\/wp-json\/wp\/v2\/tags?post=11775"}],"curies":[{"name":"wp","href":"https:\/\/api.w.org\/{rel}","templated":true}]}}