{"id":11773,"date":"2025-12-10T03:17:24","date_gmt":"2025-12-10T02:17:24","guid":{"rendered":"https:\/\/vieassociative.be\/actualites\/defaite-23-les-erreurs-de-gardien-et-les-buts-hors-jeu-sont-la-perte-de-lunion-contre-marseille\/"},"modified":"2025-12-10T03:17:24","modified_gmt":"2025-12-10T02:17:24","slug":"defaite-23-les-erreurs-de-gardien-et-les-buts-hors-jeu-sont-la-perte-de-lunion-contre-marseille","status":"publish","type":"post","link":"https:\/\/vieassociative.be\/actualites\/defaite-23-les-erreurs-de-gardien-et-les-buts-hors-jeu-sont-la-perte-de-lunion-contre-marseille\/","title":{"rendered":"D\u00e9faite 2:3 : les erreurs de gardien et les buts hors-jeu sont la perte de l&rsquo;Union contre Marseille"},"content":{"rendered":"<p><strong>L&rsquo;Union Saint-Gilloise devait battre l&rsquo;Olympique de Marseille mardi soir pour conserver ses chances de figurer dans le top 24. Apr\u00e8s un d\u00e9ficit de 1 \u00e0 3, la phase finale est devenue vraiment excitante. Apr\u00e8s le 2:3, les champions de Belgique ont marqu\u00e9 deux autres buts, mais ceux-ci ont \u00e9t\u00e9 refus\u00e9s pour hors-jeu.<\/strong><\/p>\n<p><span id=\"more-431440\"><\/span>Tout commen\u00e7ait tr\u00e8s bien pour les Unionistes qui prenaient l&rsquo;avantage apr\u00e8s seulement six minutes gr\u00e2ce \u00e0 une belle action initi\u00e9e par Leysen. Khalaili tirait du pied gauche et enfon\u00e7ait le ballon pr\u00e9cis\u00e9ment au premier poteau de Rulli, 1-0.<\/p>\n<p>Malheureusement, l&rsquo;avance bruxelloise fut de courte dur\u00e9e puisque peu avant la fin du premier quart d&rsquo;heure, Paixao profita d&rsquo;une erreur du gardien de l&rsquo;Union Scherpen pour \u00e9galiser, 1-1.<\/p>\n<p>Cinq minutes avant la mi-temps, Greenwood a lanc\u00e9 une course en solo de 30 m\u00e8tres puis a pass\u00e9 \u00e0 Aubameyang. Le Gabonais a rendu le ballon \u00e0 l&rsquo;Anglais, qui a d\u00e9coch\u00e9 une frappe du pied droit que Scherpen a d\u00e9vi\u00e9e dans son propre but, 1-2.<\/p>\n<div id=\"attachment_431439\" class=\"wp-caption alignleft\" style=\"max-width: 300px\"><img fetchpriority=\"high\" decoding=\"async\" class=\"wp-image-431439 size-medium\" src=\"https:\/\/vieassociative.be\/actualites\/wp-content\/uploads\/2025\/12\/Defaite-23-les-erreurs-de-gardien-et-les-buts.jpg\" alt=\"\" width=\"300\" height=\"300\"  ><\/div>\n<p>Le match durait 13 minutes apr\u00e8s le d\u00e9but de la seconde mi-temps lorsque Greenwood re\u00e7ut le ballon \u00e0 quelques m\u00e8tres de la surface de r\u00e9paration de l&rsquo;Union. Il s&rsquo;est tenu seul \u00e0 la r\u00e9ception du ballon, puis a d\u00e9pass\u00e9 Leysen pour ouvrir la voie au but et a battu Scherpen d&rsquo;un beau tir, 1:3.<\/p>\n<p>Lorsque Khalaili a r\u00e9duit le score \u00e0 2-3 avec son deuxi\u00e8me but \u00e0 la 71e minute, l&rsquo;ambiance est mont\u00e9e au Lotto Park d&rsquo;Anderlecht.<\/p>\n<p>A la 76e minute, Mac Allister pensait avoir \u00e9galis\u00e9. Mais le VAR est intervenu et a d\u00e9clar\u00e9 hors-jeu l&rsquo;Argentin. Son talon \u00e9tait hors-jeu de quelques millim\u00e8tres.<\/p>\n<p>Deux minutes avant la fin, c&rsquo;est David qui est servi par Boufal d&rsquo;une passe en profondeur. Le Canadien a devanc\u00e9 le gardien marseillais Rulli et pensait avoir \u00e9galis\u00e9, mais il \u00e9tait hors-jeu au moment o\u00f9 son co\u00e9quipier passait.<\/p>\n<p>Les unionistes ont rat\u00e9 une autre belle occasion dans les arr\u00eats de jeu gr\u00e2ce \u00e0 David. Rulli s&rsquo;est plac\u00e9 devant le Canadien et a assur\u00e9 les trois points aux Fran\u00e7ais. L&rsquo;Union a perdu 2-3 apr\u00e8s un match spectaculaire et passionnant.<\/p>\n<p>Au classement, la Saint-Gilloise sort du top 24. L&rsquo;\u00e9quipe bruxelloise occupe la 25\u00e8me place. Il reste encore deux matches, dont un au FC Bayern Munich avant une derni\u00e8re rencontre \u00e0 domicile contre l&rsquo;Atalanta Bergame.<\/p>\n<p>Mercredi, le FC Bruges recevra Arsenal Londres. Avant ce match, il y avait de grands troubles dans l&rsquo;\u00e9quipe des \u00abBlauw en Zwart\u00bb en raison du licenciement de l&rsquo;entra\u00eeneur-chef Nicky Hayen, qui a \u00e9t\u00e9 remplac\u00e9 par Ivan Leko, l&rsquo;ancien entra\u00eeneur de l&rsquo;AA Gent. (cr\u00e9er)<\/p>\n<p><em><strong>Sur le sujet, voir aussi l&rsquo;article suivant sur l&rsquo;OD :<\/strong><\/em><\/p>\n<div class=\"responsive-embed widescreen\">\n<blockquote class=\"wp-embedded-content\" data-secret=\"eUtW9b83dN\">\n<p>Big bang au FC Bruges : le club licencie l&rsquo;entra\u00eeneur Nicky Hayen et ram\u00e8ne Ivan Leko<\/p>\n<\/blockquote>\n<p><iframe loading=\"lazy\" class=\"wp-embedded-content\" sandbox=\"allow-scripts\" security=\"restricted\" style=\"position: absolute; visibility: hidden;\" title=\"\u201ePaukenschlag beim FC Br\u00fcgge: Club entl\u00e4sst Cheftrainer Nicky Hayen und holt Ivan Leko zur\u00fcck\u201c \u2013 Ostbelgien Direkt\" src=\"https:\/\/ostbelgiendirekt.be\/about:blank\" data-secret=\"eUtW9b83dN\" width=\"500\" height=\"282\" frameborder=\"0\" marginwidth=\"0\" marginheight=\"0\" scrolling=\"no\" data-rocket-lazyload=\"fitvidscompatible\" data-lazy-src=\"https:\/\/ostbelgiendirekt.be\/nicky-hayen-entlassen-431362\/embed#?secret=ZXCiPyRtBL#?secret=eUtW9b83dN\"><\/iframe><noscript><iframe class=\"wp-embedded-content\" sandbox=\"allow-scripts\" security=\"restricted\" style=\"position: absolute; visibility: hidden;\" title=\"\u201ePaukenschlag beim FC Br\u00fcgge: Club entl\u00e4sst Cheftrainer Nicky Hayen und holt Ivan Leko zur\u00fcck\u201c \u2013 Ostbelgien Direkt\" src=\"https:\/\/ostbelgiendirekt.be\/nicky-hayen-entlassen-431362\/embed#?secret=ZXCiPyRtBL#?secret=eUtW9b83dN\" data-secret=\"eUtW9b83dN\" width=\"500\" height=\"282\" frameborder=\"0\" marginwidth=\"0\" marginheight=\"0\" scrolling=\"no\"><\/iframe><\/noscript><\/p>\n<\/div>\n","protected":false},"excerpt":{"rendered":"<p>L&rsquo;Union Saint-Gilloise devait battre l&rsquo;Olympique de Marseille mardi soir pour conserver ses chances de figurer dans le top 24. Apr\u00e8s un d\u00e9ficit de 1 \u00e0<\/p>\n","protected":false},"author":1,"featured_media":11774,"comment_status":"","ping_status":"","sticky":false,"template":"","format":"standard","meta":{"footnotes":""},"categories":[298],"tags":[3241,796,2350,947,5749,9513,14,1143,9514,697,18],"class_list":["post-11773","post","type-post","status-publish","format-standard","has-post-thumbnail","hentry","category-belgique","tag-buts","tag-contre","tag-defaite","tag-erreurs","tag-gardien","tag-horsjeu","tag-les","tag-lunion","tag-marseille","tag-perte","tag-sont","generate-columns","tablet-grid-50","mobile-grid-100","grid-parent","grid-33"],"yoast_head":"<!-- This site is optimized with the Yoast SEO plugin v24.0 - https:\/\/yoast.com\/wordpress\/plugins\/seo\/ -->\n<title>D\u00e9faite 2:3 : les erreurs de gardien et les buts hors-jeu sont la perte de l&#039;Union contre Marseille | Vie Associative<\/title>\n<meta name=\"robots\" content=\"index, follow, max-snippet:-1, max-image-preview:large, max-video-preview:-1\" \/>\n<link rel=\"canonical\" href=\"https:\/\/vieassociative.be\/actualites\/defaite-23-les-erreurs-de-gardien-et-les-buts-hors-jeu-sont-la-perte-de-lunion-contre-marseille\/\" \/>\n<meta property=\"og:locale\" content=\"fr_FR\" \/>\n<meta property=\"og:type\" content=\"article\" \/>\n<meta property=\"og:title\" content=\"D\u00e9faite 2:3 : les erreurs de gardien et les buts hors-jeu sont la perte de l&#039;Union contre Marseille | Vie Associative\" \/>\n<meta property=\"og:description\" content=\"L&rsquo;Union Saint-Gilloise devait battre l&rsquo;Olympique de Marseille mardi soir pour conserver ses chances de figurer dans le top 24. Apr\u00e8s un d\u00e9ficit de 1 \u00e0\" \/>\n<meta property=\"og:url\" content=\"https:\/\/vieassociative.be\/actualites\/defaite-23-les-erreurs-de-gardien-et-les-buts-hors-jeu-sont-la-perte-de-lunion-contre-marseille\/\" \/>\n<meta property=\"og:site_name\" content=\"Vie Associative\" \/>\n<meta property=\"article:published_time\" content=\"2025-12-10T02:17:24+00:00\" \/>\n<meta property=\"og:image\" content=\"https:\/\/vieassociative.be\/actualites\/wp-content\/uploads\/2024\/09\/header_backgroundk-01-e1726694325946.png\" \/>\n\t<meta property=\"og:image:width\" content=\"279\" \/>\n\t<meta property=\"og:image:height\" content=\"92\" \/>\n\t<meta property=\"og:image:type\" content=\"image\/png\" \/>\n<meta name=\"author\" content=\"Julien\" \/>\n<meta name=\"twitter:card\" content=\"summary_large_image\" \/>\n<meta name=\"twitter:label1\" content=\"\u00c9crit par\" \/>\n\t<meta name=\"twitter:data1\" content=\"Julien\" \/>\n\t<meta name=\"twitter:label2\" content=\"Dur\u00e9e de lecture est.\" \/>\n\t<meta name=\"twitter:data2\" content=\"2 minutes\" \/>\n<script type=\"application\/ld+json\" class=\"yoast-schema-graph\">{\"@context\":\"https:\/\/schema.org\",\"@graph\":[{\"@type\":\"Article\",\"@id\":\"https:\/\/vieassociative.be\/actualites\/defaite-23-les-erreurs-de-gardien-et-les-buts-hors-jeu-sont-la-perte-de-lunion-contre-marseille\/#article\",\"isPartOf\":{\"@id\":\"https:\/\/vieassociative.be\/actualites\/defaite-23-les-erreurs-de-gardien-et-les-buts-hors-jeu-sont-la-perte-de-lunion-contre-marseille\/\"},\"author\":{\"name\":\"Julien\",\"@id\":\"https:\/\/vieassociative.be\/actualites\/#\/schema\/person\/b87ac4f82f9d4e7b7cec7395b679edc4\"},\"headline\":\"D\u00e9faite 2:3 : les erreurs de gardien et les buts hors-jeu sont la perte de l&rsquo;Union contre Marseille\",\"datePublished\":\"2025-12-10T02:17:24+00:00\",\"dateModified\":\"2025-12-10T02:17:24+00:00\",\"mainEntityOfPage\":{\"@id\":\"https:\/\/vieassociative.be\/actualites\/defaite-23-les-erreurs-de-gardien-et-les-buts-hors-jeu-sont-la-perte-de-lunion-contre-marseille\/\"},\"wordCount\":512,\"publisher\":{\"@id\":\"https:\/\/vieassociative.be\/actualites\/#organization\"},\"image\":{\"@id\":\"https:\/\/vieassociative.be\/actualites\/defaite-23-les-erreurs-de-gardien-et-les-buts-hors-jeu-sont-la-perte-de-lunion-contre-marseille\/#primaryimage\"},\"thumbnailUrl\":\"https:\/\/vieassociative.be\/actualites\/wp-content\/uploads\/2025\/12\/1765333044_Defaite-23-les-erreurs-de-gardien-et-les-buts.jpg\",\"keywords\":[\"buts\",\"contre\",\"D\u00e9faite\",\"erreurs\",\"gardien\",\"horsjeu\",\"Les\",\"lUnion\",\"Marseille\",\"perte\",\"sont\"],\"articleSection\":[\"Belgique\"],\"inLanguage\":\"fr-BE\"},{\"@type\":\"WebPage\",\"@id\":\"https:\/\/vieassociative.be\/actualites\/defaite-23-les-erreurs-de-gardien-et-les-buts-hors-jeu-sont-la-perte-de-lunion-contre-marseille\/\",\"url\":\"https:\/\/vieassociative.be\/actualites\/defaite-23-les-erreurs-de-gardien-et-les-buts-hors-jeu-sont-la-perte-de-lunion-contre-marseille\/\",\"name\":\"D\u00e9faite 2:3 : les erreurs de gardien et les buts hors-jeu sont la perte de l'Union contre Marseille | Vie Associative\",\"isPartOf\":{\"@id\":\"https:\/\/vieassociative.be\/actualites\/#website\"},\"primaryImageOfPage\":{\"@id\":\"https:\/\/vieassociative.be\/actualites\/defaite-23-les-erreurs-de-gardien-et-les-buts-hors-jeu-sont-la-perte-de-lunion-contre-marseille\/#primaryimage\"},\"image\":{\"@id\":\"https:\/\/vieassociative.be\/actualites\/defaite-23-les-erreurs-de-gardien-et-les-buts-hors-jeu-sont-la-perte-de-lunion-contre-marseille\/#primaryimage\"},\"thumbnailUrl\":\"https:\/\/vieassociative.be\/actualites\/wp-content\/uploads\/2025\/12\/1765333044_Defaite-23-les-erreurs-de-gardien-et-les-buts.jpg\",\"datePublished\":\"2025-12-10T02:17:24+00:00\",\"dateModified\":\"2025-12-10T02:17:24+00:00\",\"breadcrumb\":{\"@id\":\"https:\/\/vieassociative.be\/actualites\/defaite-23-les-erreurs-de-gardien-et-les-buts-hors-jeu-sont-la-perte-de-lunion-contre-marseille\/#breadcrumb\"},\"inLanguage\":\"fr-BE\",\"potentialAction\":[{\"@type\":\"ReadAction\",\"target\":[\"https:\/\/vieassociative.be\/actualites\/defaite-23-les-erreurs-de-gardien-et-les-buts-hors-jeu-sont-la-perte-de-lunion-contre-marseille\/\"]}]},{\"@type\":\"ImageObject\",\"inLanguage\":\"fr-BE\",\"@id\":\"https:\/\/vieassociative.be\/actualites\/defaite-23-les-erreurs-de-gardien-et-les-buts-hors-jeu-sont-la-perte-de-lunion-contre-marseille\/#primaryimage\",\"url\":\"https:\/\/vieassociative.be\/actualites\/wp-content\/uploads\/2025\/12\/1765333044_Defaite-23-les-erreurs-de-gardien-et-les-buts.jpg\",\"contentUrl\":\"https:\/\/vieassociative.be\/actualites\/wp-content\/uploads\/2025\/12\/1765333044_Defaite-23-les-erreurs-de-gardien-et-les-buts.jpg\",\"width\":1200,\"height\":786,\"caption\":\"D\u00e9faite 2:3 : les erreurs de gardien et les buts hors-jeu sont la perte de l'Union contre Marseille\"},{\"@type\":\"BreadcrumbList\",\"@id\":\"https:\/\/vieassociative.be\/actualites\/defaite-23-les-erreurs-de-gardien-et-les-buts-hors-jeu-sont-la-perte-de-lunion-contre-marseille\/#breadcrumb\",\"itemListElement\":[{\"@type\":\"ListItem\",\"position\":1,\"name\":\"Accueil\",\"item\":\"https:\/\/vieassociative.be\/actualites\/\"},{\"@type\":\"ListItem\",\"position\":2,\"name\":\"D\u00e9faite 2:3 : les erreurs de gardien et les buts hors-jeu sont la perte de l&rsquo;Union contre Marseille\"}]},{\"@type\":\"WebSite\",\"@id\":\"https:\/\/vieassociative.be\/actualites\/#website\",\"url\":\"https:\/\/vieassociative.be\/actualites\/\",\"name\":\"Vie Associative\",\"description\":\"\",\"publisher\":{\"@id\":\"https:\/\/vieassociative.be\/actualites\/#organization\"},\"potentialAction\":[{\"@type\":\"SearchAction\",\"target\":{\"@type\":\"EntryPoint\",\"urlTemplate\":\"https:\/\/vieassociative.be\/actualites\/?s={search_term_string}\"},\"query-input\":{\"@type\":\"PropertyValueSpecification\",\"valueRequired\":true,\"valueName\":\"search_term_string\"}}],\"inLanguage\":\"fr-BE\"},{\"@type\":\"Organization\",\"@id\":\"https:\/\/vieassociative.be\/actualites\/#organization\",\"name\":\"Vie Associative\",\"url\":\"https:\/\/vieassociative.be\/actualites\/\",\"logo\":{\"@type\":\"ImageObject\",\"inLanguage\":\"fr-BE\",\"@id\":\"https:\/\/vieassociative.be\/actualites\/#\/schema\/logo\/image\/\",\"url\":\"https:\/\/vieassociative.be\/actualites\/wp-content\/uploads\/2024\/09\/cropped-vieassociative_favicon.ico.png\",\"contentUrl\":\"https:\/\/vieassociative.be\/actualites\/wp-content\/uploads\/2024\/09\/cropped-vieassociative_favicon.ico.png\",\"width\":512,\"height\":512,\"caption\":\"Vie Associative\"},\"image\":{\"@id\":\"https:\/\/vieassociative.be\/actualites\/#\/schema\/logo\/image\/\"}},{\"@type\":\"Person\",\"@id\":\"https:\/\/vieassociative.be\/actualites\/#\/schema\/person\/b87ac4f82f9d4e7b7cec7395b679edc4\",\"name\":\"Julien\",\"image\":{\"@type\":\"ImageObject\",\"inLanguage\":\"fr-BE\",\"@id\":\"https:\/\/vieassociative.be\/actualites\/#\/schema\/person\/image\/\",\"url\":\"https:\/\/vieassociative.be\/actualites\/wp-content\/uploads\/2024\/09\/vie-associative-1-150x150.jpg\",\"contentUrl\":\"https:\/\/vieassociative.be\/actualites\/wp-content\/uploads\/2024\/09\/vie-associative-1-150x150.jpg\",\"caption\":\"Julien\"},\"description\":\"Je suis Julien, r\u00e9dacteur pour Vie Associative. Passionn\u00e9 par le monde associatif depuis plus de 10 ans, j'ai \u00e0 c\u0153ur de partager des histoires inspirantes et de mettre en lumi\u00e8re les initiatives locales. Mon objectif est de sensibiliser et d'encourager l'engagement communautaire \u00e0 travers mes articles.\",\"sameAs\":[\"https:\/\/vieassociative.be\/\"]}]}<\/script>\n<!-- \/ Yoast SEO plugin. -->","yoast_head_json":{"title":"D\u00e9faite 2:3 : les erreurs de gardien et les buts hors-jeu sont la perte de l'Union contre Marseille | Vie Associative","robots":{"index":"index","follow":"follow","max-snippet":"max-snippet:-1","max-image-preview":"max-image-preview:large","max-video-preview":"max-video-preview:-1"},"canonical":"https:\/\/vieassociative.be\/actualites\/defaite-23-les-erreurs-de-gardien-et-les-buts-hors-jeu-sont-la-perte-de-lunion-contre-marseille\/","og_locale":"fr_FR","og_type":"article","og_title":"D\u00e9faite 2:3 : les erreurs de gardien et les buts hors-jeu sont la perte de l'Union contre Marseille | Vie Associative","og_description":"L&rsquo;Union Saint-Gilloise devait battre l&rsquo;Olympique de Marseille mardi soir pour conserver ses chances de figurer dans le top 24. Apr\u00e8s un d\u00e9ficit de 1 \u00e0","og_url":"https:\/\/vieassociative.be\/actualites\/defaite-23-les-erreurs-de-gardien-et-les-buts-hors-jeu-sont-la-perte-de-lunion-contre-marseille\/","og_site_name":"Vie Associative","article_published_time":"2025-12-10T02:17:24+00:00","og_image":[{"width":279,"height":92,"url":"https:\/\/vieassociative.be\/actualites\/wp-content\/uploads\/2024\/09\/header_backgroundk-01-e1726694325946.png","type":"image\/png"}],"author":"Julien","twitter_card":"summary_large_image","twitter_misc":{"\u00c9crit par":"Julien","Dur\u00e9e de lecture est.":"2 minutes"},"schema":{"@context":"https:\/\/schema.org","@graph":[{"@type":"Article","@id":"https:\/\/vieassociative.be\/actualites\/defaite-23-les-erreurs-de-gardien-et-les-buts-hors-jeu-sont-la-perte-de-lunion-contre-marseille\/#article","isPartOf":{"@id":"https:\/\/vieassociative.be\/actualites\/defaite-23-les-erreurs-de-gardien-et-les-buts-hors-jeu-sont-la-perte-de-lunion-contre-marseille\/"},"author":{"name":"Julien","@id":"https:\/\/vieassociative.be\/actualites\/#\/schema\/person\/b87ac4f82f9d4e7b7cec7395b679edc4"},"headline":"D\u00e9faite 2:3 : les erreurs de gardien et les buts hors-jeu sont la perte de l&rsquo;Union contre Marseille","datePublished":"2025-12-10T02:17:24+00:00","dateModified":"2025-12-10T02:17:24+00:00","mainEntityOfPage":{"@id":"https:\/\/vieassociative.be\/actualites\/defaite-23-les-erreurs-de-gardien-et-les-buts-hors-jeu-sont-la-perte-de-lunion-contre-marseille\/"},"wordCount":512,"publisher":{"@id":"https:\/\/vieassociative.be\/actualites\/#organization"},"image":{"@id":"https:\/\/vieassociative.be\/actualites\/defaite-23-les-erreurs-de-gardien-et-les-buts-hors-jeu-sont-la-perte-de-lunion-contre-marseille\/#primaryimage"},"thumbnailUrl":"https:\/\/vieassociative.be\/actualites\/wp-content\/uploads\/2025\/12\/1765333044_Defaite-23-les-erreurs-de-gardien-et-les-buts.jpg","keywords":["buts","contre","D\u00e9faite","erreurs","gardien","horsjeu","Les","lUnion","Marseille","perte","sont"],"articleSection":["Belgique"],"inLanguage":"fr-BE"},{"@type":"WebPage","@id":"https:\/\/vieassociative.be\/actualites\/defaite-23-les-erreurs-de-gardien-et-les-buts-hors-jeu-sont-la-perte-de-lunion-contre-marseille\/","url":"https:\/\/vieassociative.be\/actualites\/defaite-23-les-erreurs-de-gardien-et-les-buts-hors-jeu-sont-la-perte-de-lunion-contre-marseille\/","name":"D\u00e9faite 2:3 : les erreurs de gardien et les buts hors-jeu sont la perte de l'Union contre Marseille | Vie Associative","isPartOf":{"@id":"https:\/\/vieassociative.be\/actualites\/#website"},"primaryImageOfPage":{"@id":"https:\/\/vieassociative.be\/actualites\/defaite-23-les-erreurs-de-gardien-et-les-buts-hors-jeu-sont-la-perte-de-lunion-contre-marseille\/#primaryimage"},"image":{"@id":"https:\/\/vieassociative.be\/actualites\/defaite-23-les-erreurs-de-gardien-et-les-buts-hors-jeu-sont-la-perte-de-lunion-contre-marseille\/#primaryimage"},"thumbnailUrl":"https:\/\/vieassociative.be\/actualites\/wp-content\/uploads\/2025\/12\/1765333044_Defaite-23-les-erreurs-de-gardien-et-les-buts.jpg","datePublished":"2025-12-10T02:17:24+00:00","dateModified":"2025-12-10T02:17:24+00:00","breadcrumb":{"@id":"https:\/\/vieassociative.be\/actualites\/defaite-23-les-erreurs-de-gardien-et-les-buts-hors-jeu-sont-la-perte-de-lunion-contre-marseille\/#breadcrumb"},"inLanguage":"fr-BE","potentialAction":[{"@type":"ReadAction","target":["https:\/\/vieassociative.be\/actualites\/defaite-23-les-erreurs-de-gardien-et-les-buts-hors-jeu-sont-la-perte-de-lunion-contre-marseille\/"]}]},{"@type":"ImageObject","inLanguage":"fr-BE","@id":"https:\/\/vieassociative.be\/actualites\/defaite-23-les-erreurs-de-gardien-et-les-buts-hors-jeu-sont-la-perte-de-lunion-contre-marseille\/#primaryimage","url":"https:\/\/vieassociative.be\/actualites\/wp-content\/uploads\/2025\/12\/1765333044_Defaite-23-les-erreurs-de-gardien-et-les-buts.jpg","contentUrl":"https:\/\/vieassociative.be\/actualites\/wp-content\/uploads\/2025\/12\/1765333044_Defaite-23-les-erreurs-de-gardien-et-les-buts.jpg","width":1200,"height":786,"caption":"D\u00e9faite 2:3 : les erreurs de gardien et les buts hors-jeu sont la perte de l'Union contre Marseille"},{"@type":"BreadcrumbList","@id":"https:\/\/vieassociative.be\/actualites\/defaite-23-les-erreurs-de-gardien-et-les-buts-hors-jeu-sont-la-perte-de-lunion-contre-marseille\/#breadcrumb","itemListElement":[{"@type":"ListItem","position":1,"name":"Accueil","item":"https:\/\/vieassociative.be\/actualites\/"},{"@type":"ListItem","position":2,"name":"D\u00e9faite 2:3 : les erreurs de gardien et les buts hors-jeu sont la perte de l&rsquo;Union contre Marseille"}]},{"@type":"WebSite","@id":"https:\/\/vieassociative.be\/actualites\/#website","url":"https:\/\/vieassociative.be\/actualites\/","name":"Vie Associative","description":"","publisher":{"@id":"https:\/\/vieassociative.be\/actualites\/#organization"},"potentialAction":[{"@type":"SearchAction","target":{"@type":"EntryPoint","urlTemplate":"https:\/\/vieassociative.be\/actualites\/?s={search_term_string}"},"query-input":{"@type":"PropertyValueSpecification","valueRequired":true,"valueName":"search_term_string"}}],"inLanguage":"fr-BE"},{"@type":"Organization","@id":"https:\/\/vieassociative.be\/actualites\/#organization","name":"Vie Associative","url":"https:\/\/vieassociative.be\/actualites\/","logo":{"@type":"ImageObject","inLanguage":"fr-BE","@id":"https:\/\/vieassociative.be\/actualites\/#\/schema\/logo\/image\/","url":"https:\/\/vieassociative.be\/actualites\/wp-content\/uploads\/2024\/09\/cropped-vieassociative_favicon.ico.png","contentUrl":"https:\/\/vieassociative.be\/actualites\/wp-content\/uploads\/2024\/09\/cropped-vieassociative_favicon.ico.png","width":512,"height":512,"caption":"Vie Associative"},"image":{"@id":"https:\/\/vieassociative.be\/actualites\/#\/schema\/logo\/image\/"}},{"@type":"Person","@id":"https:\/\/vieassociative.be\/actualites\/#\/schema\/person\/b87ac4f82f9d4e7b7cec7395b679edc4","name":"Julien","image":{"@type":"ImageObject","inLanguage":"fr-BE","@id":"https:\/\/vieassociative.be\/actualites\/#\/schema\/person\/image\/","url":"https:\/\/vieassociative.be\/actualites\/wp-content\/uploads\/2024\/09\/vie-associative-1-150x150.jpg","contentUrl":"https:\/\/vieassociative.be\/actualites\/wp-content\/uploads\/2024\/09\/vie-associative-1-150x150.jpg","caption":"Julien"},"description":"Je suis Julien, r\u00e9dacteur pour Vie Associative. Passionn\u00e9 par le monde associatif depuis plus de 10 ans, j'ai \u00e0 c\u0153ur de partager des histoires inspirantes et de mettre en lumi\u00e8re les initiatives locales. Mon objectif est de sensibiliser et d'encourager l'engagement communautaire \u00e0 travers mes articles.","sameAs":["https:\/\/vieassociative.be\/"]}]}},"_links":{"self":[{"href":"https:\/\/vieassociative.be\/actualites\/wp-json\/wp\/v2\/posts\/11773"}],"collection":[{"href":"https:\/\/vieassociative.be\/actualites\/wp-json\/wp\/v2\/posts"}],"about":[{"href":"https:\/\/vieassociative.be\/actualites\/wp-json\/wp\/v2\/types\/post"}],"author":[{"embeddable":true,"href":"https:\/\/vieassociative.be\/actualites\/wp-json\/wp\/v2\/users\/1"}],"replies":[{"embeddable":true,"href":"https:\/\/vieassociative.be\/actualites\/wp-json\/wp\/v2\/comments?post=11773"}],"version-history":[{"count":0,"href":"https:\/\/vieassociative.be\/actualites\/wp-json\/wp\/v2\/posts\/11773\/revisions"}],"wp:featuredmedia":[{"embeddable":true,"href":"https:\/\/vieassociative.be\/actualites\/wp-json\/wp\/v2\/media\/11774"}],"wp:attachment":[{"href":"https:\/\/vieassociative.be\/actualites\/wp-json\/wp\/v2\/media?parent=11773"}],"wp:term":[{"taxonomy":"category","embeddable":true,"href":"https:\/\/vieassociative.be\/actualites\/wp-json\/wp\/v2\/categories?post=11773"},{"taxonomy":"post_tag","embeddable":true,"href":"https:\/\/vieassociative.be\/actualites\/wp-json\/wp\/v2\/tags?post=11773"}],"curies":[{"name":"wp","href":"https:\/\/api.w.org\/{rel}","templated":true}]}}