{"id":11771,"date":"2025-12-10T02:17:29","date_gmt":"2025-12-10T01:17:29","guid":{"rendered":"https:\/\/vieassociative.be\/actualites\/instagram-pourrait-ajouter-discretement-des-titres-generes-par-lia-a-vos-publications\/"},"modified":"2025-12-10T02:17:29","modified_gmt":"2025-12-10T01:17:29","slug":"instagram-pourrait-ajouter-discretement-des-titres-generes-par-lia-a-vos-publications","status":"publish","type":"post","link":"https:\/\/vieassociative.be\/actualites\/instagram-pourrait-ajouter-discretement-des-titres-generes-par-lia-a-vos-publications\/","title":{"rendered":"Instagram pourrait ajouter discr\u00e8tement des titres g\u00e9n\u00e9r\u00e9s par l&rsquo;IA \u00e0 vos publications"},"content":{"rendered":"<p>Peu d&rsquo;entre nous ont l&rsquo;illusion que nous sommes propri\u00e9taires du contenu que nous publions sur Instagram, mais nous avons notre mot \u00e0 dire sur la mani\u00e8re dont ce contenu est pr\u00e9sent\u00e9 : nous pouvons choisir les photos et les vid\u00e9os que nous partageons, les l\u00e9gendes qui apparaissent (ou n&rsquo;apparaissent pas) sur chaque publication, ainsi que si nous incluons ou non l&rsquo;endroit \u00e0 partir duquel l&rsquo;image a \u00e9t\u00e9 prise ou partag\u00e9e. Nous ne contr\u00f4lons peut-\u00eatre pas la plateforme, mais nous contr\u00f4lons le contenu de nos publications, \u00e0 moins que ces publications ne soient trouv\u00e9es sur des moteurs de recherche comme Google. <\/p>\n<p>Comme le rapporte 404 Media, il semble qu&rsquo;Instagram exp\u00e9rimente des titres SEO g\u00e9n\u00e9r\u00e9s par l&rsquo;IA pour les publications des utilisateurs, sans la contribution ou la permission de ces utilisateurs. Prenez ce message par exemple : l&rsquo;auteur Jeff VanderMeer a mis en ligne une courte vid\u00e9o de lapins mangeant une banane sur son Instagram. La vid\u00e9o a \u00e9t\u00e9 publi\u00e9e telle quelle\u00a0: il n&rsquo;y avait aucune l\u00e9gende, aucune balise de localisation ou toute autre information publique. Ce sont juste quelques lapins qui mordent.<\/p>\n<div class=\"raw-embed\">\n<blockquote class=\"instagram-media\" data-instgrm-permalink=\"https:\/\/www.instagram.com\/reel\/DR58Y8GEehB\/?utm_source=ig_embed&amp;utm_campaign=loading\" data-instgrm-version=\"14\" style=\"background:#FFF;border:0;border-radius:3px;margin: 1px;max-width:540px;min-width:326px;padding:0;width:99.375%;width:-webkit-calc(100% - 2px);width:calc(100% - 2px)\">\n<div style=\"padding:16px\">\n<div style=\"flex-direction: row;align-items: center\">\n<div style=\"background-color: #F4F4F4;border-radius: 50%;flex-grow: 0;height: 40px;margin-right: 14px;width: 40px\"><\/div>\n<div style=\"flex-direction: column;flex-grow: 1;justify-content: center\">\n<div style=\"background-color: #F4F4F4;border-radius: 4px;flex-grow: 0;height: 14px;margin-bottom: 6px;width: 100px\"><\/div>\n<div style=\"background-color: #F4F4F4;border-radius: 4px;flex-grow: 0;height: 14px;width: 60px\"><\/div>\n<\/div>\n<\/div>\n<div style=\"padding: 19% 0\"><\/div>\n<div style=\"height:50px;margin:0 auto 12px;width:50px\"><\/div>\n<div style=\"padding-top: 8px\">\n<div style=\"color:#3897f0;font-family:Arial,sans-serif;font-size:14px;font-style:normal;font-weight:550;line-height:18px\">Voir cette publication sur Instagram<\/div>\n<\/div>\n<div style=\"padding: 12.5% 0\"><\/div>\n<div style=\"flex-direction: row;margin-bottom: 14px;align-items: center\">\n<div>\n<div style=\"background-color: #F4F4F4;border-radius: 50%;height: 12.5px;width: 12.5px\"><\/div>\n<div style=\"background-color: #F4F4F4;height: 12.5px;width: 12.5px;flex-grow: 0;margin-right: 14px;margin-left: 2px\"><\/div>\n<div style=\"background-color: #F4F4F4;border-radius: 50%;height: 12.5px;width: 12.5px\"><\/div>\n<\/div>\n<div style=\"margin-left: 8px\">\n<div style=\"background-color: #F4F4F4;border-radius: 50%;flex-grow: 0;height: 20px;width: 20px\"><\/div>\n<div style=\"width: 0;height: 0;border-top: 2px solid transparent;border-left: 6px solid #f4f4f4;border-bottom: 2px solid transparent\"><\/div>\n<\/div>\n<div style=\"margin-left: auto\">\n<div style=\"width: 0px;border-top: 8px solid #F4F4F4;border-right: 8px solid transparent\"><\/div>\n<div style=\"background-color: #F4F4F4;flex-grow: 0;height: 12px;width: 16px\"><\/div>\n<div style=\"width: 0;height: 0;border-top: 8px solid #F4F4F4;border-left: 8px solid transparent\"><\/div>\n<\/div>\n<\/div>\n<div style=\"flex-direction: column;flex-grow: 1;justify-content: center;margin-bottom: 24px\">\n<div style=\"background-color: #F4F4F4;border-radius: 4px;flex-grow: 0;height: 14px;margin-bottom: 6px;width: 224px\"><\/div>\n<div style=\"background-color: #F4F4F4;border-radius: 4px;flex-grow: 0;height: 14px;width: 144px\"><\/div>\n<\/div>\n<p>Un post partag\u00e9 par Jeff VanderMeer (@jeff_vandermeer123)<\/p>\n<\/div>\n<\/blockquote>\n<\/div>\n<p>Instagram, cependant, a pris sur lui d&rsquo;ajouter un titre \u00e0 la publication, du moins lorsque vous tombez dessus via Google. Plut\u00f4t que d&rsquo;afficher un lien contenant le compte Instagram de Jeff et quelques m\u00e9tadonn\u00e9es sur la vid\u00e9o, l&rsquo;entr\u00e9e Google revient avec le titre suivant\u00a0: \u00ab\u00a0Rencontrez le lapin qui adore manger des bananes, une collation nutritive pour&#8230;\u00a0\u00bb (le reste du titre est coup\u00e9 ici).<\/p>\n<p>VanderMeer n&rsquo;\u00e9tait pas tr\u00e8s satisfait de cette d\u00e9couverte. Il a post\u00e9 une capture d&rsquo;\u00e9cran du titre sur Bluesky, \u00e9crivant : \u00ab\u00a0maintenant (Instagram) semble g\u00e9n\u00e9rer des titres (et) des titres via l&rsquo;IA pour les choses que je publie&#8230; pour cr\u00e9er (clickbait) pour (Google) ce que je n&rsquo;aime pas.\u00a0\u00bb<\/p>\n<p>Ce n\u2019\u00e9tait pas le seul titre g\u00e9n\u00e9r\u00e9 par l\u2019IA dans lequel VanderMeer \u00e9tait impliqu\u00e9. Ce message de la biblioth\u00e8que publique de Groton dans le Massachusetts, qui fait la publicit\u00e9 du roman de VanderMeer <em>Annihilation<\/em> en tant que choix de groupe de livres de la biblioth\u00e8que en d\u00e9cembre, a \u00e9galement re\u00e7u le traitement \u00ab\u00a0clickbait\u00a0\u00bb sur Google. Tout comme pour la publication de VanderMeer, la biblioth\u00e8que publique de Groton n&rsquo;a inclus aucun texte dans sa publication Instagram, juste une image montrant le livre. Mais si vous voyez le message dans une recherche Google, vous verrez le titre partiel suivant\u00a0: \u00ab\u00a0Rejoignez Jeff VanderMeer dans une aventure palpitante au bord de la plage avec Mesta&#8230;\u00a0\u00bb<\/p>\n<p>Emanuel Maiberg, de 404 Media, a d\u00e9clar\u00e9 avoir confirm\u00e9 qu&rsquo;Instagram g\u00e9n\u00e9rait \u00e9galement des titres pour d&rsquo;autres utilisateurs de la plateforme, le tout sans autorisation ni connaissance. Meta n&rsquo;a pas r\u00e9pondu \u00e0 la demande de commentaires de 404 Media. (J&rsquo;ai \u00e9galement demand\u00e9 des commentaires.) Google, en revanche, a renvoy\u00e9 les messages de 404 Media et a confirm\u00e9 que les titres ne provenaient pas de ses g\u00e9n\u00e9rateurs d&rsquo;IA, bien qu&rsquo;il ait utilis\u00e9 ses propres titres trompeurs g\u00e9n\u00e9r\u00e9s par l&rsquo;IA sur Google Discover. En fait, la soci\u00e9t\u00e9 affirme que son moteur de recherche extrait simplement le texte d\u2019Instagram lui-m\u00eame. Maiberg a constat\u00e9 que ces titres apparaissent sous les balises de titre des publications Instagram lors de l&rsquo;utilisation de l&rsquo;outil Rich Result Test de Google. En fouillant dans le code, Maiberg a \u00e9galement d\u00e9couvert des descriptions g\u00e9n\u00e9r\u00e9es par l&rsquo;IA pour chaque publication, ce qui pourrait \u00eatre ce qu&rsquo;Instagram utilise finalement pour g\u00e9n\u00e9rer les gros titres. <\/p>\n<h2 id=\"why-would-instagram-generate-ai-headlines-for-posts\">Pourquoi Instagram g\u00e9n\u00e9rerait-il des titres IA pour les publications\u00a0?<\/h2>\n<p>Je mettrai \u00e0 jour cet article si j&rsquo;ai des nouvelles d&rsquo;Instagram concernant ces titres g\u00e9n\u00e9r\u00e9s par l&rsquo;IA. En attendant, je ne peux que sp\u00e9culer sur leur objectif (en supposant qu\u2019Instagram soit celui qui g\u00e9n\u00e8re ces gros titres en premier lieu). Et la raison la plus probable est de stimuler l&rsquo;engagement : Instagram souhaite probablement augmenter la visibilit\u00e9 des publications de ses utilisateurs dans les recherches, ce qui signifie donner \u00e0 Google plus d&rsquo;informations avec lesquelles travailler. Si l&rsquo;utilisateur ne fournit pas ses propres d\u00e9tails sur l&rsquo;image, l&rsquo;IA d&rsquo;Instagram semble remplir les espaces vides, en g\u00e9n\u00e9rant d&rsquo;abord une description, puis en y collant un titre \u00ab cliquable \u00bb.<\/p>\n<p>Cependant, les r\u00e9sultats ne sont pas vraiment attrayants. Ce n\u2019est pas parce que Meta AI est capable de faire la une des journaux qu\u2019elle est bonne dans ce domaine, ni m\u00eame qu\u2019elle le devrait, surtout lorsque les utilisateurs n\u2019ont jamais consenti \u00e0 cette pratique en premier lieu. Ce serait une chose si Instagram avait une option avant de publier, quelque chose comme \u00ab\u00a0G\u00e9n\u00e9rez un titre pour moi \u00e0 l&rsquo;aide de Meta AI qui appara\u00eetra dans les moteurs de recherche pour ma publication.\u00a0\u00bb La plupart d\u2019entre nous choisiraient de ne pas le faire, mais ce serait au moins un choix. Cependant, il semble qu&rsquo;Instagram ait d\u00e9cid\u00e9 que des utilisateurs comme VanderMeer n&rsquo;\u00e9taient pas capables d&rsquo;\u00e9crire un titre aussi intelligent que \u00ab\u00a0Rencontrez le lapin qui aime manger des bananes\u00a0\u00bb. <\/p>\n<p>Le pire, c\u2019est que l\u2019IA ne d\u00e9crit m\u00eame pas avec pr\u00e9cision les messages. Ce message de la biblioth\u00e8que publique de Groton concernait uniquement une r\u00e9union d&rsquo;un club de lecture pr\u00e9sentant le roman de VanderMeer, mais le titre dit \u00ab\u00a0Rejoignez Jeff VanderMeer\u00a0\u00bb, comme s&rsquo;il allait faire une apparition. Non seulement Instagram a ajout\u00e9 un titre sans le consentement de VanderMeer, mais il a \u00e9galement diffus\u00e9 des informations erron\u00e9es sur sa localisation. Et pour quoi ? Un engagement suppl\u00e9mentaire sur Google\u00a0?  <\/p>\n<p>Si Instagram souhaite que ses publications apparaissent comme titres sur les moteurs de recherche, il doit inclure les affiches r\u00e9elles dans la conversation. Comme VanderMeer l&rsquo;a d\u00e9clar\u00e9 \u00e0 404 Media : \u00ab\u00a0Si je publie du contenu, je veux \u00eatre celui qui le contextualise, pas un tiers.\u00a0\u00bb<\/p>\n<p><script async src=\"\/\/www.instagram.com\/embed.js\"><\/script><\/p>\n","protected":false},"excerpt":{"rendered":"<p>Peu d&rsquo;entre nous ont l&rsquo;illusion que nous sommes propri\u00e9taires du contenu que nous publions sur Instagram, mais nous avons notre mot \u00e0 dire sur la<\/p>\n","protected":false},"author":1,"featured_media":11772,"comment_status":"","ping_status":"","sticky":false,"template":"","format":"standard","meta":{"footnotes":""},"categories":[1],"tags":[670,29,8984,9510,2282,155,676,1041,9511,5198,27],"class_list":["post-11771","post","type-post","status-publish","format-standard","has-post-thumbnail","hentry","category-non-classe","tag-ajouter","tag-des","tag-discretement","tag-generes","tag-instagram","tag-lia","tag-par","tag-pourrait","tag-publications","tag-titres","tag-vos","generate-columns","tablet-grid-50","mobile-grid-100","grid-parent","grid-33"],"yoast_head":"<!-- This site is optimized with the Yoast SEO plugin v24.0 - https:\/\/yoast.com\/wordpress\/plugins\/seo\/ -->\n<title>Instagram pourrait ajouter discr\u00e8tement des titres g\u00e9n\u00e9r\u00e9s par l&#039;IA \u00e0 vos publications | Vie Associative<\/title>\n<meta name=\"robots\" content=\"index, follow, max-snippet:-1, max-image-preview:large, max-video-preview:-1\" \/>\n<link rel=\"canonical\" href=\"https:\/\/vieassociative.be\/actualites\/instagram-pourrait-ajouter-discretement-des-titres-generes-par-lia-a-vos-publications\/\" \/>\n<meta property=\"og:locale\" content=\"fr_FR\" \/>\n<meta property=\"og:type\" content=\"article\" \/>\n<meta property=\"og:title\" content=\"Instagram pourrait ajouter discr\u00e8tement des titres g\u00e9n\u00e9r\u00e9s par l&#039;IA \u00e0 vos publications | Vie Associative\" \/>\n<meta property=\"og:description\" content=\"Peu d&rsquo;entre nous ont l&rsquo;illusion que nous sommes propri\u00e9taires du contenu que nous publions sur Instagram, mais nous avons notre mot \u00e0 dire sur la\" \/>\n<meta property=\"og:url\" content=\"https:\/\/vieassociative.be\/actualites\/instagram-pourrait-ajouter-discretement-des-titres-generes-par-lia-a-vos-publications\/\" \/>\n<meta property=\"og:site_name\" content=\"Vie Associative\" \/>\n<meta property=\"article:published_time\" content=\"2025-12-10T01:17:29+00:00\" \/>\n<meta property=\"og:image\" content=\"https:\/\/vieassociative.be\/actualites\/wp-content\/uploads\/2024\/09\/header_backgroundk-01-e1726694325946.png\" \/>\n\t<meta property=\"og:image:width\" content=\"279\" \/>\n\t<meta property=\"og:image:height\" content=\"92\" \/>\n\t<meta property=\"og:image:type\" content=\"image\/png\" \/>\n<meta name=\"author\" content=\"Julien\" \/>\n<meta name=\"twitter:card\" content=\"summary_large_image\" \/>\n<meta name=\"twitter:label1\" content=\"\u00c9crit par\" \/>\n\t<meta name=\"twitter:data1\" content=\"Julien\" \/>\n\t<meta name=\"twitter:label2\" content=\"Dur\u00e9e de lecture est.\" \/>\n\t<meta name=\"twitter:data2\" content=\"5 minutes\" \/>\n<script type=\"application\/ld+json\" class=\"yoast-schema-graph\">{\"@context\":\"https:\/\/schema.org\",\"@graph\":[{\"@type\":\"Article\",\"@id\":\"https:\/\/vieassociative.be\/actualites\/instagram-pourrait-ajouter-discretement-des-titres-generes-par-lia-a-vos-publications\/#article\",\"isPartOf\":{\"@id\":\"https:\/\/vieassociative.be\/actualites\/instagram-pourrait-ajouter-discretement-des-titres-generes-par-lia-a-vos-publications\/\"},\"author\":{\"name\":\"Julien\",\"@id\":\"https:\/\/vieassociative.be\/actualites\/#\/schema\/person\/b87ac4f82f9d4e7b7cec7395b679edc4\"},\"headline\":\"Instagram pourrait ajouter discr\u00e8tement des titres g\u00e9n\u00e9r\u00e9s par l&rsquo;IA \u00e0 vos publications\",\"datePublished\":\"2025-12-10T01:17:29+00:00\",\"dateModified\":\"2025-12-10T01:17:29+00:00\",\"mainEntityOfPage\":{\"@id\":\"https:\/\/vieassociative.be\/actualites\/instagram-pourrait-ajouter-discretement-des-titres-generes-par-lia-a-vos-publications\/\"},\"wordCount\":1062,\"publisher\":{\"@id\":\"https:\/\/vieassociative.be\/actualites\/#organization\"},\"image\":{\"@id\":\"https:\/\/vieassociative.be\/actualites\/instagram-pourrait-ajouter-discretement-des-titres-generes-par-lia-a-vos-publications\/#primaryimage\"},\"thumbnailUrl\":\"https:\/\/vieassociative.be\/actualites\/wp-content\/uploads\/2025\/12\/Instagram-pourrait-ajouter-discretement-des-titres-generes-par-lIA-a.jpg\",\"keywords\":[\"ajouter\",\"Des\",\"discr\u00e8tement\",\"g\u00e9n\u00e9r\u00e9s\",\"Instagram\",\"lIA\",\"par\",\"pourrait\",\"publications\",\"titres\",\"vos\"],\"inLanguage\":\"fr-BE\"},{\"@type\":\"WebPage\",\"@id\":\"https:\/\/vieassociative.be\/actualites\/instagram-pourrait-ajouter-discretement-des-titres-generes-par-lia-a-vos-publications\/\",\"url\":\"https:\/\/vieassociative.be\/actualites\/instagram-pourrait-ajouter-discretement-des-titres-generes-par-lia-a-vos-publications\/\",\"name\":\"Instagram pourrait ajouter discr\u00e8tement des titres g\u00e9n\u00e9r\u00e9s par l'IA \u00e0 vos publications | Vie Associative\",\"isPartOf\":{\"@id\":\"https:\/\/vieassociative.be\/actualites\/#website\"},\"primaryImageOfPage\":{\"@id\":\"https:\/\/vieassociative.be\/actualites\/instagram-pourrait-ajouter-discretement-des-titres-generes-par-lia-a-vos-publications\/#primaryimage\"},\"image\":{\"@id\":\"https:\/\/vieassociative.be\/actualites\/instagram-pourrait-ajouter-discretement-des-titres-generes-par-lia-a-vos-publications\/#primaryimage\"},\"thumbnailUrl\":\"https:\/\/vieassociative.be\/actualites\/wp-content\/uploads\/2025\/12\/Instagram-pourrait-ajouter-discretement-des-titres-generes-par-lIA-a.jpg\",\"datePublished\":\"2025-12-10T01:17:29+00:00\",\"dateModified\":\"2025-12-10T01:17:29+00:00\",\"breadcrumb\":{\"@id\":\"https:\/\/vieassociative.be\/actualites\/instagram-pourrait-ajouter-discretement-des-titres-generes-par-lia-a-vos-publications\/#breadcrumb\"},\"inLanguage\":\"fr-BE\",\"potentialAction\":[{\"@type\":\"ReadAction\",\"target\":[\"https:\/\/vieassociative.be\/actualites\/instagram-pourrait-ajouter-discretement-des-titres-generes-par-lia-a-vos-publications\/\"]}]},{\"@type\":\"ImageObject\",\"inLanguage\":\"fr-BE\",\"@id\":\"https:\/\/vieassociative.be\/actualites\/instagram-pourrait-ajouter-discretement-des-titres-generes-par-lia-a-vos-publications\/#primaryimage\",\"url\":\"https:\/\/vieassociative.be\/actualites\/wp-content\/uploads\/2025\/12\/Instagram-pourrait-ajouter-discretement-des-titres-generes-par-lIA-a.jpg\",\"contentUrl\":\"https:\/\/vieassociative.be\/actualites\/wp-content\/uploads\/2025\/12\/Instagram-pourrait-ajouter-discretement-des-titres-generes-par-lIA-a.jpg\",\"width\":1200,\"height\":675,\"caption\":\"Instagram pourrait ajouter discr\u00e8tement des titres g\u00e9n\u00e9r\u00e9s par l'IA \u00e0 vos publications\"},{\"@type\":\"BreadcrumbList\",\"@id\":\"https:\/\/vieassociative.be\/actualites\/instagram-pourrait-ajouter-discretement-des-titres-generes-par-lia-a-vos-publications\/#breadcrumb\",\"itemListElement\":[{\"@type\":\"ListItem\",\"position\":1,\"name\":\"Accueil\",\"item\":\"https:\/\/vieassociative.be\/actualites\/\"},{\"@type\":\"ListItem\",\"position\":2,\"name\":\"Instagram pourrait ajouter discr\u00e8tement des titres g\u00e9n\u00e9r\u00e9s par l&rsquo;IA \u00e0 vos publications\"}]},{\"@type\":\"WebSite\",\"@id\":\"https:\/\/vieassociative.be\/actualites\/#website\",\"url\":\"https:\/\/vieassociative.be\/actualites\/\",\"name\":\"Vie Associative\",\"description\":\"\",\"publisher\":{\"@id\":\"https:\/\/vieassociative.be\/actualites\/#organization\"},\"potentialAction\":[{\"@type\":\"SearchAction\",\"target\":{\"@type\":\"EntryPoint\",\"urlTemplate\":\"https:\/\/vieassociative.be\/actualites\/?s={search_term_string}\"},\"query-input\":{\"@type\":\"PropertyValueSpecification\",\"valueRequired\":true,\"valueName\":\"search_term_string\"}}],\"inLanguage\":\"fr-BE\"},{\"@type\":\"Organization\",\"@id\":\"https:\/\/vieassociative.be\/actualites\/#organization\",\"name\":\"Vie Associative\",\"url\":\"https:\/\/vieassociative.be\/actualites\/\",\"logo\":{\"@type\":\"ImageObject\",\"inLanguage\":\"fr-BE\",\"@id\":\"https:\/\/vieassociative.be\/actualites\/#\/schema\/logo\/image\/\",\"url\":\"https:\/\/vieassociative.be\/actualites\/wp-content\/uploads\/2024\/09\/cropped-vieassociative_favicon.ico.png\",\"contentUrl\":\"https:\/\/vieassociative.be\/actualites\/wp-content\/uploads\/2024\/09\/cropped-vieassociative_favicon.ico.png\",\"width\":512,\"height\":512,\"caption\":\"Vie Associative\"},\"image\":{\"@id\":\"https:\/\/vieassociative.be\/actualites\/#\/schema\/logo\/image\/\"}},{\"@type\":\"Person\",\"@id\":\"https:\/\/vieassociative.be\/actualites\/#\/schema\/person\/b87ac4f82f9d4e7b7cec7395b679edc4\",\"name\":\"Julien\",\"image\":{\"@type\":\"ImageObject\",\"inLanguage\":\"fr-BE\",\"@id\":\"https:\/\/vieassociative.be\/actualites\/#\/schema\/person\/image\/\",\"url\":\"https:\/\/vieassociative.be\/actualites\/wp-content\/uploads\/2024\/09\/vie-associative-1-150x150.jpg\",\"contentUrl\":\"https:\/\/vieassociative.be\/actualites\/wp-content\/uploads\/2024\/09\/vie-associative-1-150x150.jpg\",\"caption\":\"Julien\"},\"description\":\"Je suis Julien, r\u00e9dacteur pour Vie Associative. Passionn\u00e9 par le monde associatif depuis plus de 10 ans, j'ai \u00e0 c\u0153ur de partager des histoires inspirantes et de mettre en lumi\u00e8re les initiatives locales. Mon objectif est de sensibiliser et d'encourager l'engagement communautaire \u00e0 travers mes articles.\",\"sameAs\":[\"https:\/\/vieassociative.be\/\"]}]}<\/script>\n<!-- \/ Yoast SEO plugin. -->","yoast_head_json":{"title":"Instagram pourrait ajouter discr\u00e8tement des titres g\u00e9n\u00e9r\u00e9s par l'IA \u00e0 vos publications | Vie Associative","robots":{"index":"index","follow":"follow","max-snippet":"max-snippet:-1","max-image-preview":"max-image-preview:large","max-video-preview":"max-video-preview:-1"},"canonical":"https:\/\/vieassociative.be\/actualites\/instagram-pourrait-ajouter-discretement-des-titres-generes-par-lia-a-vos-publications\/","og_locale":"fr_FR","og_type":"article","og_title":"Instagram pourrait ajouter discr\u00e8tement des titres g\u00e9n\u00e9r\u00e9s par l'IA \u00e0 vos publications | Vie Associative","og_description":"Peu d&rsquo;entre nous ont l&rsquo;illusion que nous sommes propri\u00e9taires du contenu que nous publions sur Instagram, mais nous avons notre mot \u00e0 dire sur la","og_url":"https:\/\/vieassociative.be\/actualites\/instagram-pourrait-ajouter-discretement-des-titres-generes-par-lia-a-vos-publications\/","og_site_name":"Vie Associative","article_published_time":"2025-12-10T01:17:29+00:00","og_image":[{"width":279,"height":92,"url":"https:\/\/vieassociative.be\/actualites\/wp-content\/uploads\/2024\/09\/header_backgroundk-01-e1726694325946.png","type":"image\/png"}],"author":"Julien","twitter_card":"summary_large_image","twitter_misc":{"\u00c9crit par":"Julien","Dur\u00e9e de lecture est.":"5 minutes"},"schema":{"@context":"https:\/\/schema.org","@graph":[{"@type":"Article","@id":"https:\/\/vieassociative.be\/actualites\/instagram-pourrait-ajouter-discretement-des-titres-generes-par-lia-a-vos-publications\/#article","isPartOf":{"@id":"https:\/\/vieassociative.be\/actualites\/instagram-pourrait-ajouter-discretement-des-titres-generes-par-lia-a-vos-publications\/"},"author":{"name":"Julien","@id":"https:\/\/vieassociative.be\/actualites\/#\/schema\/person\/b87ac4f82f9d4e7b7cec7395b679edc4"},"headline":"Instagram pourrait ajouter discr\u00e8tement des titres g\u00e9n\u00e9r\u00e9s par l&rsquo;IA \u00e0 vos publications","datePublished":"2025-12-10T01:17:29+00:00","dateModified":"2025-12-10T01:17:29+00:00","mainEntityOfPage":{"@id":"https:\/\/vieassociative.be\/actualites\/instagram-pourrait-ajouter-discretement-des-titres-generes-par-lia-a-vos-publications\/"},"wordCount":1062,"publisher":{"@id":"https:\/\/vieassociative.be\/actualites\/#organization"},"image":{"@id":"https:\/\/vieassociative.be\/actualites\/instagram-pourrait-ajouter-discretement-des-titres-generes-par-lia-a-vos-publications\/#primaryimage"},"thumbnailUrl":"https:\/\/vieassociative.be\/actualites\/wp-content\/uploads\/2025\/12\/Instagram-pourrait-ajouter-discretement-des-titres-generes-par-lIA-a.jpg","keywords":["ajouter","Des","discr\u00e8tement","g\u00e9n\u00e9r\u00e9s","Instagram","lIA","par","pourrait","publications","titres","vos"],"inLanguage":"fr-BE"},{"@type":"WebPage","@id":"https:\/\/vieassociative.be\/actualites\/instagram-pourrait-ajouter-discretement-des-titres-generes-par-lia-a-vos-publications\/","url":"https:\/\/vieassociative.be\/actualites\/instagram-pourrait-ajouter-discretement-des-titres-generes-par-lia-a-vos-publications\/","name":"Instagram pourrait ajouter discr\u00e8tement des titres g\u00e9n\u00e9r\u00e9s par l'IA \u00e0 vos publications | Vie Associative","isPartOf":{"@id":"https:\/\/vieassociative.be\/actualites\/#website"},"primaryImageOfPage":{"@id":"https:\/\/vieassociative.be\/actualites\/instagram-pourrait-ajouter-discretement-des-titres-generes-par-lia-a-vos-publications\/#primaryimage"},"image":{"@id":"https:\/\/vieassociative.be\/actualites\/instagram-pourrait-ajouter-discretement-des-titres-generes-par-lia-a-vos-publications\/#primaryimage"},"thumbnailUrl":"https:\/\/vieassociative.be\/actualites\/wp-content\/uploads\/2025\/12\/Instagram-pourrait-ajouter-discretement-des-titres-generes-par-lIA-a.jpg","datePublished":"2025-12-10T01:17:29+00:00","dateModified":"2025-12-10T01:17:29+00:00","breadcrumb":{"@id":"https:\/\/vieassociative.be\/actualites\/instagram-pourrait-ajouter-discretement-des-titres-generes-par-lia-a-vos-publications\/#breadcrumb"},"inLanguage":"fr-BE","potentialAction":[{"@type":"ReadAction","target":["https:\/\/vieassociative.be\/actualites\/instagram-pourrait-ajouter-discretement-des-titres-generes-par-lia-a-vos-publications\/"]}]},{"@type":"ImageObject","inLanguage":"fr-BE","@id":"https:\/\/vieassociative.be\/actualites\/instagram-pourrait-ajouter-discretement-des-titres-generes-par-lia-a-vos-publications\/#primaryimage","url":"https:\/\/vieassociative.be\/actualites\/wp-content\/uploads\/2025\/12\/Instagram-pourrait-ajouter-discretement-des-titres-generes-par-lIA-a.jpg","contentUrl":"https:\/\/vieassociative.be\/actualites\/wp-content\/uploads\/2025\/12\/Instagram-pourrait-ajouter-discretement-des-titres-generes-par-lIA-a.jpg","width":1200,"height":675,"caption":"Instagram pourrait ajouter discr\u00e8tement des titres g\u00e9n\u00e9r\u00e9s par l'IA \u00e0 vos publications"},{"@type":"BreadcrumbList","@id":"https:\/\/vieassociative.be\/actualites\/instagram-pourrait-ajouter-discretement-des-titres-generes-par-lia-a-vos-publications\/#breadcrumb","itemListElement":[{"@type":"ListItem","position":1,"name":"Accueil","item":"https:\/\/vieassociative.be\/actualites\/"},{"@type":"ListItem","position":2,"name":"Instagram pourrait ajouter discr\u00e8tement des titres g\u00e9n\u00e9r\u00e9s par l&rsquo;IA \u00e0 vos publications"}]},{"@type":"WebSite","@id":"https:\/\/vieassociative.be\/actualites\/#website","url":"https:\/\/vieassociative.be\/actualites\/","name":"Vie Associative","description":"","publisher":{"@id":"https:\/\/vieassociative.be\/actualites\/#organization"},"potentialAction":[{"@type":"SearchAction","target":{"@type":"EntryPoint","urlTemplate":"https:\/\/vieassociative.be\/actualites\/?s={search_term_string}"},"query-input":{"@type":"PropertyValueSpecification","valueRequired":true,"valueName":"search_term_string"}}],"inLanguage":"fr-BE"},{"@type":"Organization","@id":"https:\/\/vieassociative.be\/actualites\/#organization","name":"Vie Associative","url":"https:\/\/vieassociative.be\/actualites\/","logo":{"@type":"ImageObject","inLanguage":"fr-BE","@id":"https:\/\/vieassociative.be\/actualites\/#\/schema\/logo\/image\/","url":"https:\/\/vieassociative.be\/actualites\/wp-content\/uploads\/2024\/09\/cropped-vieassociative_favicon.ico.png","contentUrl":"https:\/\/vieassociative.be\/actualites\/wp-content\/uploads\/2024\/09\/cropped-vieassociative_favicon.ico.png","width":512,"height":512,"caption":"Vie Associative"},"image":{"@id":"https:\/\/vieassociative.be\/actualites\/#\/schema\/logo\/image\/"}},{"@type":"Person","@id":"https:\/\/vieassociative.be\/actualites\/#\/schema\/person\/b87ac4f82f9d4e7b7cec7395b679edc4","name":"Julien","image":{"@type":"ImageObject","inLanguage":"fr-BE","@id":"https:\/\/vieassociative.be\/actualites\/#\/schema\/person\/image\/","url":"https:\/\/vieassociative.be\/actualites\/wp-content\/uploads\/2024\/09\/vie-associative-1-150x150.jpg","contentUrl":"https:\/\/vieassociative.be\/actualites\/wp-content\/uploads\/2024\/09\/vie-associative-1-150x150.jpg","caption":"Julien"},"description":"Je suis Julien, r\u00e9dacteur pour Vie Associative. Passionn\u00e9 par le monde associatif depuis plus de 10 ans, j'ai \u00e0 c\u0153ur de partager des histoires inspirantes et de mettre en lumi\u00e8re les initiatives locales. Mon objectif est de sensibiliser et d'encourager l'engagement communautaire \u00e0 travers mes articles.","sameAs":["https:\/\/vieassociative.be\/"]}]}},"_links":{"self":[{"href":"https:\/\/vieassociative.be\/actualites\/wp-json\/wp\/v2\/posts\/11771"}],"collection":[{"href":"https:\/\/vieassociative.be\/actualites\/wp-json\/wp\/v2\/posts"}],"about":[{"href":"https:\/\/vieassociative.be\/actualites\/wp-json\/wp\/v2\/types\/post"}],"author":[{"embeddable":true,"href":"https:\/\/vieassociative.be\/actualites\/wp-json\/wp\/v2\/users\/1"}],"replies":[{"embeddable":true,"href":"https:\/\/vieassociative.be\/actualites\/wp-json\/wp\/v2\/comments?post=11771"}],"version-history":[{"count":0,"href":"https:\/\/vieassociative.be\/actualites\/wp-json\/wp\/v2\/posts\/11771\/revisions"}],"wp:featuredmedia":[{"embeddable":true,"href":"https:\/\/vieassociative.be\/actualites\/wp-json\/wp\/v2\/media\/11772"}],"wp:attachment":[{"href":"https:\/\/vieassociative.be\/actualites\/wp-json\/wp\/v2\/media?parent=11771"}],"wp:term":[{"taxonomy":"category","embeddable":true,"href":"https:\/\/vieassociative.be\/actualites\/wp-json\/wp\/v2\/categories?post=11771"},{"taxonomy":"post_tag","embeddable":true,"href":"https:\/\/vieassociative.be\/actualites\/wp-json\/wp\/v2\/tags?post=11771"}],"curies":[{"name":"wp","href":"https:\/\/api.w.org\/{rel}","templated":true}]}}