{"id":11769,"date":"2025-12-09T21:17:28","date_gmt":"2025-12-09T20:17:28","guid":{"rendered":"https:\/\/vieassociative.be\/actualites\/trump-laureat-du-prix-de-la-paix-de-la-fifa-sen-prend-a-leurope\/"},"modified":"2025-12-09T21:17:28","modified_gmt":"2025-12-09T20:17:28","slug":"trump-laureat-du-prix-de-la-paix-de-la-fifa-sen-prend-a-leurope","status":"publish","type":"post","link":"https:\/\/vieassociative.be\/actualites\/trump-laureat-du-prix-de-la-paix-de-la-fifa-sen-prend-a-leurope\/","title":{"rendered":"Trump, laur\u00e9at du Prix de la Paix de la FIFA, s&rsquo;en prend \u00e0 l&rsquo;Europe"},"content":{"rendered":"<p><strong>Il y a quelques jours, dans leur nouvelle strat\u00e9gie de s\u00e9curit\u00e9, les \u00c9tats-Unis se plaignaient d&rsquo;une perte de d\u00e9mocratie et de libert\u00e9 d&rsquo;expression en Europe. Aujourd\u2019hui, le pr\u00e9sident Donald Trump intensifie ses efforts.<\/strong><\/p>\n<p><span id=\"more-431394\"><\/span>Le pr\u00e9sident am\u00e9ricain Donald Trump a une nouvelle fois vivement critiqu\u00e9 l\u2019Europe. \u00ab\u00a0L&rsquo;Europe va dans une mauvaise direction. C&rsquo;est tr\u00e8s mauvais, tr\u00e8s mauvais pour les gens\u00a0\u00bb, a d\u00e9clar\u00e9 Trump lors d&rsquo;un \u00e9v\u00e9nement avec des agriculteurs \u00e0 la Maison Blanche. Les \u00c9tats-Unis ne souhaitent pas que l\u2019Europe change autant, a d\u00e9clar\u00e9 Trump, sans expliquer sur quoi se r\u00e9f\u00e9raient ses critiques. L\u2019Europe doit faire tr\u00e8s attention \u00e0 beaucoup de choses.<\/p>\n<div id=\"attachment_431174\" class=\"wp-caption alignleft\" style=\"max-width: 300px\"><img fetchpriority=\"high\" decoding=\"async\" class=\"wp-image-431174 size-medium\" src=\"https:\/\/vieassociative.be\/actualites\/wp-content\/uploads\/2025\/12\/Trump-laureat-du-Prix-de-la-Paix-de-la-FIFA.jpg\" alt=\"\" width=\"300\" height=\"200\"><\/div>\n<p>Le pr\u00e9sident, qui a re\u00e7u vendredi le Prix de la paix de la FIFA des mains du patron de la FIFA, Gianni Infantino (voir article ailleurs), a d&rsquo;abord r\u00e9pondu \u00e0 une question d&rsquo;un journaliste sur l&rsquo;amende d&rsquo;un million de dollars inflig\u00e9e par la Commission europ\u00e9enne \u00e0 Bruxelles \u00e0 l&rsquo;encontre de la Plateforme X. \u00ab\u00a0C&rsquo;est une mauvaise chose\u00a0\u00bb, a d\u00e9clar\u00e9 Trump. Trump a d\u00e9clar\u00e9 qu\u2019il aimerait en dire davantage une fois qu\u2019il aurait \u00e9t\u00e9 pleinement inform\u00e9 de l\u2019affaire, puis il a commenc\u00e9 \u00e0 critiquer l\u2019Europe.<\/p>\n<p>Dans une strat\u00e9gie de s\u00e9curit\u00e9 publi\u00e9e jeudi, les \u00c9tats-Unis se plaignent d&rsquo;une perte de d\u00e9mocratie et de libert\u00e9 d&rsquo;expression en Europe. L&rsquo;Europe est confront\u00e9e \u00e0 des probl\u00e8mes majeurs, indique le document. Selon le gouvernement am\u00e9ricain, ces mesures incluent, entre autres, \u00ab la censure de la libert\u00e9 d\u2019expression et la suppression de l\u2019opposition politique, la chute des taux de natalit\u00e9 et la perte des identit\u00e9s nationales et de la confiance en soi \u00bb. (dpa\/cr\u00e9)<\/p>\n<p><em><strong>Sur le sujet, voir aussi l&rsquo;article suivant sur l&rsquo;OD :<\/strong><\/em><\/p>\n<div class=\"responsive-embed widescreen\">\n<blockquote class=\"wp-embedded-content\" data-secret=\"mWZsw3P0o2\">\n<p>Horreur g\u00e9n\u00e9rale lors du tirage au sort de la FIFA : \u00ab Nouveau plus bas \u00bb \u2013 \u00ab Trump, Trump et seulement Trump \u00bb\u2026<\/p>\n<\/blockquote>\n<p><iframe loading=\"lazy\" class=\"wp-embedded-content\" sandbox=\"allow-scripts\" security=\"restricted\" style=\"position: absolute; visibility: hidden;\" title=\"\u201eAllgemeines Entsetzen \u00fcber Fifa-Auslosungsshow: \u201eNeuer Tiefpunkt\u201c \u2013 \u201eTrump, Trump und nur Trump\u201c\u2026\u201c \u2013 Ostbelgien Direkt\" src=\"https:\/\/ostbelgiendirekt.be\/about:blank\" data-secret=\"mWZsw3P0o2\" width=\"500\" height=\"282\" frameborder=\"0\" marginwidth=\"0\" marginheight=\"0\" scrolling=\"no\" data-rocket-lazyload=\"fitvidscompatible\" data-lazy-src=\"https:\/\/ostbelgiendirekt.be\/rote-teufel-wm-auslosung-431116\/embed#?secret=7tf85cESQp#?secret=mWZsw3P0o2\"><\/iframe><noscript><iframe class=\"wp-embedded-content\" sandbox=\"allow-scripts\" security=\"restricted\" style=\"position: absolute; visibility: hidden;\" title=\"\u201eAllgemeines Entsetzen \u00fcber Fifa-Auslosungsshow: \u201eNeuer Tiefpunkt\u201c \u2013 \u201eTrump, Trump und nur Trump\u201c\u2026\u201c \u2013 Ostbelgien Direkt\" src=\"https:\/\/ostbelgiendirekt.be\/rote-teufel-wm-auslosung-431116\/embed#?secret=7tf85cESQp#?secret=mWZsw3P0o2\" data-secret=\"mWZsw3P0o2\" width=\"500\" height=\"282\" frameborder=\"0\" marginwidth=\"0\" marginheight=\"0\" scrolling=\"no\"><\/iframe><\/noscript><\/p>\n<\/div>\n","protected":false},"excerpt":{"rendered":"<p>Il y a quelques jours, dans leur nouvelle strat\u00e9gie de s\u00e9curit\u00e9, les \u00c9tats-Unis se plaignaient d&rsquo;une perte de d\u00e9mocratie et de libert\u00e9 d&rsquo;expression en Europe.<\/p>\n","protected":false},"author":1,"featured_media":11770,"comment_status":"","ping_status":"","sticky":false,"template":"","format":"standard","meta":{"footnotes":""},"categories":[298],"tags":[4080,9509,2785,3280,3315,1399,3956,2425],"class_list":["post-11769","post","type-post","status-publish","format-standard","has-post-thumbnail","hentry","category-belgique","tag-fifa","tag-laureat","tag-leurope","tag-paix","tag-prend","tag-prix","tag-sen","tag-trump","generate-columns","tablet-grid-50","mobile-grid-100","grid-parent","grid-33"],"yoast_head":"<!-- This site is optimized with the Yoast SEO plugin v24.0 - https:\/\/yoast.com\/wordpress\/plugins\/seo\/ -->\n<title>Trump, laur\u00e9at du Prix de la Paix de la FIFA, s&#039;en prend \u00e0 l&#039;Europe | Vie Associative<\/title>\n<meta name=\"robots\" content=\"index, follow, max-snippet:-1, max-image-preview:large, max-video-preview:-1\" \/>\n<link rel=\"canonical\" href=\"https:\/\/vieassociative.be\/actualites\/trump-laureat-du-prix-de-la-paix-de-la-fifa-sen-prend-a-leurope\/\" \/>\n<meta property=\"og:locale\" content=\"fr_FR\" \/>\n<meta property=\"og:type\" content=\"article\" \/>\n<meta property=\"og:title\" content=\"Trump, laur\u00e9at du Prix de la Paix de la FIFA, s&#039;en prend \u00e0 l&#039;Europe | Vie Associative\" \/>\n<meta property=\"og:description\" content=\"Il y a quelques jours, dans leur nouvelle strat\u00e9gie de s\u00e9curit\u00e9, les \u00c9tats-Unis se plaignaient d&rsquo;une perte de d\u00e9mocratie et de libert\u00e9 d&rsquo;expression en Europe.\" \/>\n<meta property=\"og:url\" content=\"https:\/\/vieassociative.be\/actualites\/trump-laureat-du-prix-de-la-paix-de-la-fifa-sen-prend-a-leurope\/\" \/>\n<meta property=\"og:site_name\" content=\"Vie Associative\" \/>\n<meta property=\"article:published_time\" content=\"2025-12-09T20:17:28+00:00\" \/>\n<meta property=\"og:image\" content=\"https:\/\/vieassociative.be\/actualites\/wp-content\/uploads\/2024\/09\/header_backgroundk-01-e1726694325946.png\" \/>\n\t<meta property=\"og:image:width\" content=\"279\" \/>\n\t<meta property=\"og:image:height\" content=\"92\" \/>\n\t<meta property=\"og:image:type\" content=\"image\/png\" \/>\n<meta name=\"author\" content=\"Julien\" \/>\n<meta name=\"twitter:card\" content=\"summary_large_image\" \/>\n<meta name=\"twitter:label1\" content=\"\u00c9crit par\" \/>\n\t<meta name=\"twitter:data1\" content=\"Julien\" \/>\n\t<meta name=\"twitter:label2\" content=\"Dur\u00e9e de lecture est.\" \/>\n\t<meta name=\"twitter:data2\" content=\"2 minutes\" \/>\n<script type=\"application\/ld+json\" class=\"yoast-schema-graph\">{\"@context\":\"https:\/\/schema.org\",\"@graph\":[{\"@type\":\"Article\",\"@id\":\"https:\/\/vieassociative.be\/actualites\/trump-laureat-du-prix-de-la-paix-de-la-fifa-sen-prend-a-leurope\/#article\",\"isPartOf\":{\"@id\":\"https:\/\/vieassociative.be\/actualites\/trump-laureat-du-prix-de-la-paix-de-la-fifa-sen-prend-a-leurope\/\"},\"author\":{\"name\":\"Julien\",\"@id\":\"https:\/\/vieassociative.be\/actualites\/#\/schema\/person\/b87ac4f82f9d4e7b7cec7395b679edc4\"},\"headline\":\"Trump, laur\u00e9at du Prix de la Paix de la FIFA, s&rsquo;en prend \u00e0 l&rsquo;Europe\",\"datePublished\":\"2025-12-09T20:17:28+00:00\",\"dateModified\":\"2025-12-09T20:17:28+00:00\",\"mainEntityOfPage\":{\"@id\":\"https:\/\/vieassociative.be\/actualites\/trump-laureat-du-prix-de-la-paix-de-la-fifa-sen-prend-a-leurope\/\"},\"wordCount\":350,\"publisher\":{\"@id\":\"https:\/\/vieassociative.be\/actualites\/#organization\"},\"image\":{\"@id\":\"https:\/\/vieassociative.be\/actualites\/trump-laureat-du-prix-de-la-paix-de-la-fifa-sen-prend-a-leurope\/#primaryimage\"},\"thumbnailUrl\":\"https:\/\/vieassociative.be\/actualites\/wp-content\/uploads\/2025\/12\/1765311449_Trump-laureat-du-Prix-de-la-Paix-de-la-FIFA.jpg\",\"keywords\":[\"FIFA\",\"laur\u00e9at\",\"lEurope\",\"paix\",\"prend\",\"prix\",\"sen\",\"Trump\"],\"articleSection\":[\"Belgique\"],\"inLanguage\":\"fr-BE\"},{\"@type\":\"WebPage\",\"@id\":\"https:\/\/vieassociative.be\/actualites\/trump-laureat-du-prix-de-la-paix-de-la-fifa-sen-prend-a-leurope\/\",\"url\":\"https:\/\/vieassociative.be\/actualites\/trump-laureat-du-prix-de-la-paix-de-la-fifa-sen-prend-a-leurope\/\",\"name\":\"Trump, laur\u00e9at du Prix de la Paix de la FIFA, s'en prend \u00e0 l'Europe | Vie Associative\",\"isPartOf\":{\"@id\":\"https:\/\/vieassociative.be\/actualites\/#website\"},\"primaryImageOfPage\":{\"@id\":\"https:\/\/vieassociative.be\/actualites\/trump-laureat-du-prix-de-la-paix-de-la-fifa-sen-prend-a-leurope\/#primaryimage\"},\"image\":{\"@id\":\"https:\/\/vieassociative.be\/actualites\/trump-laureat-du-prix-de-la-paix-de-la-fifa-sen-prend-a-leurope\/#primaryimage\"},\"thumbnailUrl\":\"https:\/\/vieassociative.be\/actualites\/wp-content\/uploads\/2025\/12\/1765311449_Trump-laureat-du-Prix-de-la-Paix-de-la-FIFA.jpg\",\"datePublished\":\"2025-12-09T20:17:28+00:00\",\"dateModified\":\"2025-12-09T20:17:28+00:00\",\"breadcrumb\":{\"@id\":\"https:\/\/vieassociative.be\/actualites\/trump-laureat-du-prix-de-la-paix-de-la-fifa-sen-prend-a-leurope\/#breadcrumb\"},\"inLanguage\":\"fr-BE\",\"potentialAction\":[{\"@type\":\"ReadAction\",\"target\":[\"https:\/\/vieassociative.be\/actualites\/trump-laureat-du-prix-de-la-paix-de-la-fifa-sen-prend-a-leurope\/\"]}]},{\"@type\":\"ImageObject\",\"inLanguage\":\"fr-BE\",\"@id\":\"https:\/\/vieassociative.be\/actualites\/trump-laureat-du-prix-de-la-paix-de-la-fifa-sen-prend-a-leurope\/#primaryimage\",\"url\":\"https:\/\/vieassociative.be\/actualites\/wp-content\/uploads\/2025\/12\/1765311449_Trump-laureat-du-Prix-de-la-Paix-de-la-FIFA.jpg\",\"contentUrl\":\"https:\/\/vieassociative.be\/actualites\/wp-content\/uploads\/2025\/12\/1765311449_Trump-laureat-du-Prix-de-la-Paix-de-la-FIFA.jpg\",\"width\":1200,\"height\":800,\"caption\":\"Trump, laur\u00e9at du Prix de la Paix de la FIFA, s'en prend \u00e0 l'Europe\"},{\"@type\":\"BreadcrumbList\",\"@id\":\"https:\/\/vieassociative.be\/actualites\/trump-laureat-du-prix-de-la-paix-de-la-fifa-sen-prend-a-leurope\/#breadcrumb\",\"itemListElement\":[{\"@type\":\"ListItem\",\"position\":1,\"name\":\"Accueil\",\"item\":\"https:\/\/vieassociative.be\/actualites\/\"},{\"@type\":\"ListItem\",\"position\":2,\"name\":\"Trump, laur\u00e9at du Prix de la Paix de la FIFA, s&rsquo;en prend \u00e0 l&rsquo;Europe\"}]},{\"@type\":\"WebSite\",\"@id\":\"https:\/\/vieassociative.be\/actualites\/#website\",\"url\":\"https:\/\/vieassociative.be\/actualites\/\",\"name\":\"Vie Associative\",\"description\":\"\",\"publisher\":{\"@id\":\"https:\/\/vieassociative.be\/actualites\/#organization\"},\"potentialAction\":[{\"@type\":\"SearchAction\",\"target\":{\"@type\":\"EntryPoint\",\"urlTemplate\":\"https:\/\/vieassociative.be\/actualites\/?s={search_term_string}\"},\"query-input\":{\"@type\":\"PropertyValueSpecification\",\"valueRequired\":true,\"valueName\":\"search_term_string\"}}],\"inLanguage\":\"fr-BE\"},{\"@type\":\"Organization\",\"@id\":\"https:\/\/vieassociative.be\/actualites\/#organization\",\"name\":\"Vie Associative\",\"url\":\"https:\/\/vieassociative.be\/actualites\/\",\"logo\":{\"@type\":\"ImageObject\",\"inLanguage\":\"fr-BE\",\"@id\":\"https:\/\/vieassociative.be\/actualites\/#\/schema\/logo\/image\/\",\"url\":\"https:\/\/vieassociative.be\/actualites\/wp-content\/uploads\/2024\/09\/cropped-vieassociative_favicon.ico.png\",\"contentUrl\":\"https:\/\/vieassociative.be\/actualites\/wp-content\/uploads\/2024\/09\/cropped-vieassociative_favicon.ico.png\",\"width\":512,\"height\":512,\"caption\":\"Vie Associative\"},\"image\":{\"@id\":\"https:\/\/vieassociative.be\/actualites\/#\/schema\/logo\/image\/\"}},{\"@type\":\"Person\",\"@id\":\"https:\/\/vieassociative.be\/actualites\/#\/schema\/person\/b87ac4f82f9d4e7b7cec7395b679edc4\",\"name\":\"Julien\",\"image\":{\"@type\":\"ImageObject\",\"inLanguage\":\"fr-BE\",\"@id\":\"https:\/\/vieassociative.be\/actualites\/#\/schema\/person\/image\/\",\"url\":\"https:\/\/vieassociative.be\/actualites\/wp-content\/uploads\/2024\/09\/vie-associative-1-150x150.jpg\",\"contentUrl\":\"https:\/\/vieassociative.be\/actualites\/wp-content\/uploads\/2024\/09\/vie-associative-1-150x150.jpg\",\"caption\":\"Julien\"},\"description\":\"Je suis Julien, r\u00e9dacteur pour Vie Associative. Passionn\u00e9 par le monde associatif depuis plus de 10 ans, j'ai \u00e0 c\u0153ur de partager des histoires inspirantes et de mettre en lumi\u00e8re les initiatives locales. Mon objectif est de sensibiliser et d'encourager l'engagement communautaire \u00e0 travers mes articles.\",\"sameAs\":[\"https:\/\/vieassociative.be\/\"]}]}<\/script>\n<!-- \/ Yoast SEO plugin. -->","yoast_head_json":{"title":"Trump, laur\u00e9at du Prix de la Paix de la FIFA, s'en prend \u00e0 l'Europe | Vie Associative","robots":{"index":"index","follow":"follow","max-snippet":"max-snippet:-1","max-image-preview":"max-image-preview:large","max-video-preview":"max-video-preview:-1"},"canonical":"https:\/\/vieassociative.be\/actualites\/trump-laureat-du-prix-de-la-paix-de-la-fifa-sen-prend-a-leurope\/","og_locale":"fr_FR","og_type":"article","og_title":"Trump, laur\u00e9at du Prix de la Paix de la FIFA, s'en prend \u00e0 l'Europe | Vie Associative","og_description":"Il y a quelques jours, dans leur nouvelle strat\u00e9gie de s\u00e9curit\u00e9, les \u00c9tats-Unis se plaignaient d&rsquo;une perte de d\u00e9mocratie et de libert\u00e9 d&rsquo;expression en Europe.","og_url":"https:\/\/vieassociative.be\/actualites\/trump-laureat-du-prix-de-la-paix-de-la-fifa-sen-prend-a-leurope\/","og_site_name":"Vie Associative","article_published_time":"2025-12-09T20:17:28+00:00","og_image":[{"width":279,"height":92,"url":"https:\/\/vieassociative.be\/actualites\/wp-content\/uploads\/2024\/09\/header_backgroundk-01-e1726694325946.png","type":"image\/png"}],"author":"Julien","twitter_card":"summary_large_image","twitter_misc":{"\u00c9crit par":"Julien","Dur\u00e9e de lecture est.":"2 minutes"},"schema":{"@context":"https:\/\/schema.org","@graph":[{"@type":"Article","@id":"https:\/\/vieassociative.be\/actualites\/trump-laureat-du-prix-de-la-paix-de-la-fifa-sen-prend-a-leurope\/#article","isPartOf":{"@id":"https:\/\/vieassociative.be\/actualites\/trump-laureat-du-prix-de-la-paix-de-la-fifa-sen-prend-a-leurope\/"},"author":{"name":"Julien","@id":"https:\/\/vieassociative.be\/actualites\/#\/schema\/person\/b87ac4f82f9d4e7b7cec7395b679edc4"},"headline":"Trump, laur\u00e9at du Prix de la Paix de la FIFA, s&rsquo;en prend \u00e0 l&rsquo;Europe","datePublished":"2025-12-09T20:17:28+00:00","dateModified":"2025-12-09T20:17:28+00:00","mainEntityOfPage":{"@id":"https:\/\/vieassociative.be\/actualites\/trump-laureat-du-prix-de-la-paix-de-la-fifa-sen-prend-a-leurope\/"},"wordCount":350,"publisher":{"@id":"https:\/\/vieassociative.be\/actualites\/#organization"},"image":{"@id":"https:\/\/vieassociative.be\/actualites\/trump-laureat-du-prix-de-la-paix-de-la-fifa-sen-prend-a-leurope\/#primaryimage"},"thumbnailUrl":"https:\/\/vieassociative.be\/actualites\/wp-content\/uploads\/2025\/12\/1765311449_Trump-laureat-du-Prix-de-la-Paix-de-la-FIFA.jpg","keywords":["FIFA","laur\u00e9at","lEurope","paix","prend","prix","sen","Trump"],"articleSection":["Belgique"],"inLanguage":"fr-BE"},{"@type":"WebPage","@id":"https:\/\/vieassociative.be\/actualites\/trump-laureat-du-prix-de-la-paix-de-la-fifa-sen-prend-a-leurope\/","url":"https:\/\/vieassociative.be\/actualites\/trump-laureat-du-prix-de-la-paix-de-la-fifa-sen-prend-a-leurope\/","name":"Trump, laur\u00e9at du Prix de la Paix de la FIFA, s'en prend \u00e0 l'Europe | Vie Associative","isPartOf":{"@id":"https:\/\/vieassociative.be\/actualites\/#website"},"primaryImageOfPage":{"@id":"https:\/\/vieassociative.be\/actualites\/trump-laureat-du-prix-de-la-paix-de-la-fifa-sen-prend-a-leurope\/#primaryimage"},"image":{"@id":"https:\/\/vieassociative.be\/actualites\/trump-laureat-du-prix-de-la-paix-de-la-fifa-sen-prend-a-leurope\/#primaryimage"},"thumbnailUrl":"https:\/\/vieassociative.be\/actualites\/wp-content\/uploads\/2025\/12\/1765311449_Trump-laureat-du-Prix-de-la-Paix-de-la-FIFA.jpg","datePublished":"2025-12-09T20:17:28+00:00","dateModified":"2025-12-09T20:17:28+00:00","breadcrumb":{"@id":"https:\/\/vieassociative.be\/actualites\/trump-laureat-du-prix-de-la-paix-de-la-fifa-sen-prend-a-leurope\/#breadcrumb"},"inLanguage":"fr-BE","potentialAction":[{"@type":"ReadAction","target":["https:\/\/vieassociative.be\/actualites\/trump-laureat-du-prix-de-la-paix-de-la-fifa-sen-prend-a-leurope\/"]}]},{"@type":"ImageObject","inLanguage":"fr-BE","@id":"https:\/\/vieassociative.be\/actualites\/trump-laureat-du-prix-de-la-paix-de-la-fifa-sen-prend-a-leurope\/#primaryimage","url":"https:\/\/vieassociative.be\/actualites\/wp-content\/uploads\/2025\/12\/1765311449_Trump-laureat-du-Prix-de-la-Paix-de-la-FIFA.jpg","contentUrl":"https:\/\/vieassociative.be\/actualites\/wp-content\/uploads\/2025\/12\/1765311449_Trump-laureat-du-Prix-de-la-Paix-de-la-FIFA.jpg","width":1200,"height":800,"caption":"Trump, laur\u00e9at du Prix de la Paix de la FIFA, s'en prend \u00e0 l'Europe"},{"@type":"BreadcrumbList","@id":"https:\/\/vieassociative.be\/actualites\/trump-laureat-du-prix-de-la-paix-de-la-fifa-sen-prend-a-leurope\/#breadcrumb","itemListElement":[{"@type":"ListItem","position":1,"name":"Accueil","item":"https:\/\/vieassociative.be\/actualites\/"},{"@type":"ListItem","position":2,"name":"Trump, laur\u00e9at du Prix de la Paix de la FIFA, s&rsquo;en prend \u00e0 l&rsquo;Europe"}]},{"@type":"WebSite","@id":"https:\/\/vieassociative.be\/actualites\/#website","url":"https:\/\/vieassociative.be\/actualites\/","name":"Vie Associative","description":"","publisher":{"@id":"https:\/\/vieassociative.be\/actualites\/#organization"},"potentialAction":[{"@type":"SearchAction","target":{"@type":"EntryPoint","urlTemplate":"https:\/\/vieassociative.be\/actualites\/?s={search_term_string}"},"query-input":{"@type":"PropertyValueSpecification","valueRequired":true,"valueName":"search_term_string"}}],"inLanguage":"fr-BE"},{"@type":"Organization","@id":"https:\/\/vieassociative.be\/actualites\/#organization","name":"Vie Associative","url":"https:\/\/vieassociative.be\/actualites\/","logo":{"@type":"ImageObject","inLanguage":"fr-BE","@id":"https:\/\/vieassociative.be\/actualites\/#\/schema\/logo\/image\/","url":"https:\/\/vieassociative.be\/actualites\/wp-content\/uploads\/2024\/09\/cropped-vieassociative_favicon.ico.png","contentUrl":"https:\/\/vieassociative.be\/actualites\/wp-content\/uploads\/2024\/09\/cropped-vieassociative_favicon.ico.png","width":512,"height":512,"caption":"Vie Associative"},"image":{"@id":"https:\/\/vieassociative.be\/actualites\/#\/schema\/logo\/image\/"}},{"@type":"Person","@id":"https:\/\/vieassociative.be\/actualites\/#\/schema\/person\/b87ac4f82f9d4e7b7cec7395b679edc4","name":"Julien","image":{"@type":"ImageObject","inLanguage":"fr-BE","@id":"https:\/\/vieassociative.be\/actualites\/#\/schema\/person\/image\/","url":"https:\/\/vieassociative.be\/actualites\/wp-content\/uploads\/2024\/09\/vie-associative-1-150x150.jpg","contentUrl":"https:\/\/vieassociative.be\/actualites\/wp-content\/uploads\/2024\/09\/vie-associative-1-150x150.jpg","caption":"Julien"},"description":"Je suis Julien, r\u00e9dacteur pour Vie Associative. Passionn\u00e9 par le monde associatif depuis plus de 10 ans, j'ai \u00e0 c\u0153ur de partager des histoires inspirantes et de mettre en lumi\u00e8re les initiatives locales. Mon objectif est de sensibiliser et d'encourager l'engagement communautaire \u00e0 travers mes articles.","sameAs":["https:\/\/vieassociative.be\/"]}]}},"_links":{"self":[{"href":"https:\/\/vieassociative.be\/actualites\/wp-json\/wp\/v2\/posts\/11769"}],"collection":[{"href":"https:\/\/vieassociative.be\/actualites\/wp-json\/wp\/v2\/posts"}],"about":[{"href":"https:\/\/vieassociative.be\/actualites\/wp-json\/wp\/v2\/types\/post"}],"author":[{"embeddable":true,"href":"https:\/\/vieassociative.be\/actualites\/wp-json\/wp\/v2\/users\/1"}],"replies":[{"embeddable":true,"href":"https:\/\/vieassociative.be\/actualites\/wp-json\/wp\/v2\/comments?post=11769"}],"version-history":[{"count":0,"href":"https:\/\/vieassociative.be\/actualites\/wp-json\/wp\/v2\/posts\/11769\/revisions"}],"wp:featuredmedia":[{"embeddable":true,"href":"https:\/\/vieassociative.be\/actualites\/wp-json\/wp\/v2\/media\/11770"}],"wp:attachment":[{"href":"https:\/\/vieassociative.be\/actualites\/wp-json\/wp\/v2\/media?parent=11769"}],"wp:term":[{"taxonomy":"category","embeddable":true,"href":"https:\/\/vieassociative.be\/actualites\/wp-json\/wp\/v2\/categories?post=11769"},{"taxonomy":"post_tag","embeddable":true,"href":"https:\/\/vieassociative.be\/actualites\/wp-json\/wp\/v2\/tags?post=11769"}],"curies":[{"name":"wp","href":"https:\/\/api.w.org\/{rel}","templated":true}]}}