{"id":11765,"date":"2025-12-09T15:18:09","date_gmt":"2025-12-09T14:18:09","guid":{"rendered":"https:\/\/vieassociative.be\/actualites\/qatar-sports-investments-reprend-las-eupen\/"},"modified":"2025-12-09T15:18:09","modified_gmt":"2025-12-09T14:18:09","slug":"qatar-sports-investments-reprend-las-eupen","status":"publish","type":"post","link":"https:\/\/vieassociative.be\/actualites\/qatar-sports-investments-reprend-las-eupen\/","title":{"rendered":"Qatar Sports Investments reprend l&rsquo;AS Eupen"},"content":{"rendered":"<p><strong>Le groupe d&rsquo;investissement qatari Qatar Sports Investments, propri\u00e9taire du Paris Saint-Germain, vainqueur de la Ligue des champions l&rsquo;ann\u00e9e derni\u00e8re, reprend l&rsquo;AS Eupen, selon Sky News.<\/strong><\/p>\n<p><span id=\"more-431420\"><\/span>Qatar Sports Investments (QSI), dont le pr\u00e9sident est le patron du PSG Nasser Al-Khelaifi, aurait sign\u00e9 une lettre d&rsquo;intention pour prendre le contr\u00f4le total de l&rsquo;AS Eupen, actuellement septi\u00e8me de la Challenger Pro League.<\/p>\n<div id=\"attachment_389413\" class=\"wp-caption alignleft\" style=\"max-width: 300px\"><img fetchpriority=\"high\" decoding=\"async\" class=\"wp-image-389413 size-medium\" src=\"https:\/\/vieassociative.be\/actualites\/wp-content\/uploads\/2025\/12\/Qatar-Sports-Investments-reprend-lAS-Eupen.jpg\" alt=\"\" width=\"300\" height=\"200\"  ><\/div>\n<p>QSI devrait agir rapidement pour renforcer le mod\u00e8le sportif d&rsquo;Eupen, \u00e9tendre ses activit\u00e9s commerciales et concentrer davantage le club sur le d\u00e9veloppement des jeunes talents et la modernisation de ses infrastructures. Les Qataris reprendraient imm\u00e9diatement les activit\u00e9s sportives d&rsquo;Eupen.<\/p>\n<p>Eupen est sous le contr\u00f4le et l&rsquo;influence du Qatar depuis 2012, en l&rsquo;occurrence l&rsquo;acad\u00e9mie Aspire, qui souhaitait utiliser le club comme tremplin pour ses jeunes talents.<\/p>\n<p>QSI a rachet\u00e9 le Paris Saint-Germain en 2011 et d\u00e9tient une participation minoritaire dans le club portugais de premi\u00e8re division de Braga depuis 2022. Cette ann\u00e9e, des discussions ont \u00e9galement eu lieu avec le club espagnol de Malaga.<\/p>\n<div id=\"attachment_416875\" class=\"wp-caption alignleft\" style=\"max-width: 300px\"><img decoding=\"async\" class=\"wp-image-416875 size-medium\" src=\"https:\/\/vieassociative.be\/actualites\/wp-content\/uploads\/2025\/12\/1765289889_764_Qatar-Sports-Investments-reprend-lAS-Eupen.jpg\" alt=\"\" width=\"300\" height=\"200\"><\/div>\n<p>La direction du club d&rsquo;Eupen se r\u00e9jouit bien entendu de cette nouvelle. \u00ab\u00a0Apr\u00e8s une longue \u00e9valuation interne, Aspire est arriv\u00e9 \u00e0 la conclusion que le projet initial avec AS a atteint sa fin naturelle. Les fondations pos\u00e9es ces derni\u00e8res ann\u00e9es sont solides et le club est pr\u00eat \u00e0 entamer un nouveau chapitre dans lequel il peut se concentrer pleinement sur l&rsquo;avenir et la r\u00e9alisation de ses objectifs sportifs\u00a0\u00bb, a d\u00e9clar\u00e9 le club dans un communiqu\u00e9.<\/p>\n<p>L\u2019AS Eupen risque d\u00e9sormais d\u2019augmenter consid\u00e9rablement ses ambitions sportives. Le prochain march\u00e9 des transferts hivernal sera anim\u00e9, avec des renforts importants destin\u00e9s \u00e0 aider le club \u00e0 acc\u00e9der le plus rapidement possible \u00e0 la Jupiler Pro League, ont \u00e9crit plusieurs journaux nationaux.<\/p>\n<p>Il est toutefois peu probable que les activit\u00e9s quotidiennes du club soient perturb\u00e9es du jour au lendemain, m\u00eame si des modifications de l&rsquo;organigramme sont possibles dans les mois \u00e0 venir. (cr\u00e9er)<\/p>\n","protected":false},"excerpt":{"rendered":"<p>Le groupe d&rsquo;investissement qatari Qatar Sports Investments, propri\u00e9taire du Paris Saint-Germain, vainqueur de la Ligue des champions l&rsquo;ann\u00e9e derni\u00e8re, reprend l&rsquo;AS Eupen, selon Sky News.<\/p>\n","protected":false},"author":1,"featured_media":11766,"comment_status":"","ping_status":"","sticky":false,"template":"","format":"standard","meta":{"footnotes":""},"categories":[298],"tags":[2329,9508,2353,9507,6109,5207],"class_list":["post-11765","post","type-post","status-publish","format-standard","has-post-thumbnail","hentry","category-belgique","tag-eupen","tag-investments","tag-las","tag-qatar","tag-reprend","tag-sports","generate-columns","tablet-grid-50","mobile-grid-100","grid-parent","grid-33"],"yoast_head":"<!-- This site is optimized with the Yoast SEO plugin v24.0 - https:\/\/yoast.com\/wordpress\/plugins\/seo\/ -->\n<title>Qatar Sports Investments reprend l&#039;AS Eupen | Vie Associative<\/title>\n<meta name=\"robots\" content=\"index, follow, max-snippet:-1, max-image-preview:large, max-video-preview:-1\" \/>\n<link rel=\"canonical\" href=\"https:\/\/vieassociative.be\/actualites\/qatar-sports-investments-reprend-las-eupen\/\" \/>\n<meta property=\"og:locale\" content=\"fr_FR\" \/>\n<meta property=\"og:type\" content=\"article\" \/>\n<meta property=\"og:title\" content=\"Qatar Sports Investments reprend l&#039;AS Eupen | Vie Associative\" \/>\n<meta property=\"og:description\" content=\"Le groupe d&rsquo;investissement qatari Qatar Sports Investments, propri\u00e9taire du Paris Saint-Germain, vainqueur de la Ligue des champions l&rsquo;ann\u00e9e derni\u00e8re, reprend l&rsquo;AS Eupen, selon Sky News.\" \/>\n<meta property=\"og:url\" content=\"https:\/\/vieassociative.be\/actualites\/qatar-sports-investments-reprend-las-eupen\/\" \/>\n<meta property=\"og:site_name\" content=\"Vie Associative\" \/>\n<meta property=\"article:published_time\" content=\"2025-12-09T14:18:09+00:00\" \/>\n<meta property=\"og:image\" content=\"https:\/\/vieassociative.be\/actualites\/wp-content\/uploads\/2024\/09\/header_backgroundk-01-e1726694325946.png\" \/>\n\t<meta property=\"og:image:width\" content=\"279\" \/>\n\t<meta property=\"og:image:height\" content=\"92\" \/>\n\t<meta property=\"og:image:type\" content=\"image\/png\" \/>\n<meta name=\"author\" content=\"Julien\" \/>\n<meta name=\"twitter:card\" content=\"summary_large_image\" \/>\n<meta name=\"twitter:label1\" content=\"\u00c9crit par\" \/>\n\t<meta name=\"twitter:data1\" content=\"Julien\" \/>\n\t<meta name=\"twitter:label2\" content=\"Dur\u00e9e de lecture est.\" \/>\n\t<meta name=\"twitter:data2\" content=\"2 minutes\" \/>\n<script type=\"application\/ld+json\" class=\"yoast-schema-graph\">{\"@context\":\"https:\/\/schema.org\",\"@graph\":[{\"@type\":\"Article\",\"@id\":\"https:\/\/vieassociative.be\/actualites\/qatar-sports-investments-reprend-las-eupen\/#article\",\"isPartOf\":{\"@id\":\"https:\/\/vieassociative.be\/actualites\/qatar-sports-investments-reprend-las-eupen\/\"},\"author\":{\"name\":\"Julien\",\"@id\":\"https:\/\/vieassociative.be\/actualites\/#\/schema\/person\/b87ac4f82f9d4e7b7cec7395b679edc4\"},\"headline\":\"Qatar Sports Investments reprend l&rsquo;AS Eupen\",\"datePublished\":\"2025-12-09T14:18:09+00:00\",\"dateModified\":\"2025-12-09T14:18:09+00:00\",\"mainEntityOfPage\":{\"@id\":\"https:\/\/vieassociative.be\/actualites\/qatar-sports-investments-reprend-las-eupen\/\"},\"wordCount\":355,\"publisher\":{\"@id\":\"https:\/\/vieassociative.be\/actualites\/#organization\"},\"image\":{\"@id\":\"https:\/\/vieassociative.be\/actualites\/qatar-sports-investments-reprend-las-eupen\/#primaryimage\"},\"thumbnailUrl\":\"https:\/\/vieassociative.be\/actualites\/wp-content\/uploads\/2025\/12\/Qatar-Sports-Investments-reprend-lAS-Eupen.jpeg\",\"keywords\":[\"Eupen\",\"Investments\",\"lAS\",\"Qatar\",\"reprend\",\"sports\"],\"articleSection\":[\"Belgique\"],\"inLanguage\":\"fr-BE\"},{\"@type\":\"WebPage\",\"@id\":\"https:\/\/vieassociative.be\/actualites\/qatar-sports-investments-reprend-las-eupen\/\",\"url\":\"https:\/\/vieassociative.be\/actualites\/qatar-sports-investments-reprend-las-eupen\/\",\"name\":\"Qatar Sports Investments reprend l'AS Eupen | Vie Associative\",\"isPartOf\":{\"@id\":\"https:\/\/vieassociative.be\/actualites\/#website\"},\"primaryImageOfPage\":{\"@id\":\"https:\/\/vieassociative.be\/actualites\/qatar-sports-investments-reprend-las-eupen\/#primaryimage\"},\"image\":{\"@id\":\"https:\/\/vieassociative.be\/actualites\/qatar-sports-investments-reprend-las-eupen\/#primaryimage\"},\"thumbnailUrl\":\"https:\/\/vieassociative.be\/actualites\/wp-content\/uploads\/2025\/12\/Qatar-Sports-Investments-reprend-lAS-Eupen.jpeg\",\"datePublished\":\"2025-12-09T14:18:09+00:00\",\"dateModified\":\"2025-12-09T14:18:09+00:00\",\"breadcrumb\":{\"@id\":\"https:\/\/vieassociative.be\/actualites\/qatar-sports-investments-reprend-las-eupen\/#breadcrumb\"},\"inLanguage\":\"fr-BE\",\"potentialAction\":[{\"@type\":\"ReadAction\",\"target\":[\"https:\/\/vieassociative.be\/actualites\/qatar-sports-investments-reprend-las-eupen\/\"]}]},{\"@type\":\"ImageObject\",\"inLanguage\":\"fr-BE\",\"@id\":\"https:\/\/vieassociative.be\/actualites\/qatar-sports-investments-reprend-las-eupen\/#primaryimage\",\"url\":\"https:\/\/vieassociative.be\/actualites\/wp-content\/uploads\/2025\/12\/Qatar-Sports-Investments-reprend-lAS-Eupen.jpeg\",\"contentUrl\":\"https:\/\/vieassociative.be\/actualites\/wp-content\/uploads\/2025\/12\/Qatar-Sports-Investments-reprend-lAS-Eupen.jpeg\",\"width\":1200,\"height\":800,\"caption\":\"Qatar Sports Investments reprend l'AS Eupen\"},{\"@type\":\"BreadcrumbList\",\"@id\":\"https:\/\/vieassociative.be\/actualites\/qatar-sports-investments-reprend-las-eupen\/#breadcrumb\",\"itemListElement\":[{\"@type\":\"ListItem\",\"position\":1,\"name\":\"Accueil\",\"item\":\"https:\/\/vieassociative.be\/actualites\/\"},{\"@type\":\"ListItem\",\"position\":2,\"name\":\"Qatar Sports Investments reprend l&rsquo;AS Eupen\"}]},{\"@type\":\"WebSite\",\"@id\":\"https:\/\/vieassociative.be\/actualites\/#website\",\"url\":\"https:\/\/vieassociative.be\/actualites\/\",\"name\":\"Vie Associative\",\"description\":\"\",\"publisher\":{\"@id\":\"https:\/\/vieassociative.be\/actualites\/#organization\"},\"potentialAction\":[{\"@type\":\"SearchAction\",\"target\":{\"@type\":\"EntryPoint\",\"urlTemplate\":\"https:\/\/vieassociative.be\/actualites\/?s={search_term_string}\"},\"query-input\":{\"@type\":\"PropertyValueSpecification\",\"valueRequired\":true,\"valueName\":\"search_term_string\"}}],\"inLanguage\":\"fr-BE\"},{\"@type\":\"Organization\",\"@id\":\"https:\/\/vieassociative.be\/actualites\/#organization\",\"name\":\"Vie Associative\",\"url\":\"https:\/\/vieassociative.be\/actualites\/\",\"logo\":{\"@type\":\"ImageObject\",\"inLanguage\":\"fr-BE\",\"@id\":\"https:\/\/vieassociative.be\/actualites\/#\/schema\/logo\/image\/\",\"url\":\"https:\/\/vieassociative.be\/actualites\/wp-content\/uploads\/2024\/09\/cropped-vieassociative_favicon.ico.png\",\"contentUrl\":\"https:\/\/vieassociative.be\/actualites\/wp-content\/uploads\/2024\/09\/cropped-vieassociative_favicon.ico.png\",\"width\":512,\"height\":512,\"caption\":\"Vie Associative\"},\"image\":{\"@id\":\"https:\/\/vieassociative.be\/actualites\/#\/schema\/logo\/image\/\"}},{\"@type\":\"Person\",\"@id\":\"https:\/\/vieassociative.be\/actualites\/#\/schema\/person\/b87ac4f82f9d4e7b7cec7395b679edc4\",\"name\":\"Julien\",\"image\":{\"@type\":\"ImageObject\",\"inLanguage\":\"fr-BE\",\"@id\":\"https:\/\/vieassociative.be\/actualites\/#\/schema\/person\/image\/\",\"url\":\"https:\/\/vieassociative.be\/actualites\/wp-content\/uploads\/2024\/09\/vie-associative-1-150x150.jpg\",\"contentUrl\":\"https:\/\/vieassociative.be\/actualites\/wp-content\/uploads\/2024\/09\/vie-associative-1-150x150.jpg\",\"caption\":\"Julien\"},\"description\":\"Je suis Julien, r\u00e9dacteur pour Vie Associative. Passionn\u00e9 par le monde associatif depuis plus de 10 ans, j'ai \u00e0 c\u0153ur de partager des histoires inspirantes et de mettre en lumi\u00e8re les initiatives locales. Mon objectif est de sensibiliser et d'encourager l'engagement communautaire \u00e0 travers mes articles.\",\"sameAs\":[\"https:\/\/vieassociative.be\/\"]}]}<\/script>\n<!-- \/ Yoast SEO plugin. -->","yoast_head_json":{"title":"Qatar Sports Investments reprend l'AS Eupen | Vie Associative","robots":{"index":"index","follow":"follow","max-snippet":"max-snippet:-1","max-image-preview":"max-image-preview:large","max-video-preview":"max-video-preview:-1"},"canonical":"https:\/\/vieassociative.be\/actualites\/qatar-sports-investments-reprend-las-eupen\/","og_locale":"fr_FR","og_type":"article","og_title":"Qatar Sports Investments reprend l'AS Eupen | Vie Associative","og_description":"Le groupe d&rsquo;investissement qatari Qatar Sports Investments, propri\u00e9taire du Paris Saint-Germain, vainqueur de la Ligue des champions l&rsquo;ann\u00e9e derni\u00e8re, reprend l&rsquo;AS Eupen, selon Sky News.","og_url":"https:\/\/vieassociative.be\/actualites\/qatar-sports-investments-reprend-las-eupen\/","og_site_name":"Vie Associative","article_published_time":"2025-12-09T14:18:09+00:00","og_image":[{"width":279,"height":92,"url":"https:\/\/vieassociative.be\/actualites\/wp-content\/uploads\/2024\/09\/header_backgroundk-01-e1726694325946.png","type":"image\/png"}],"author":"Julien","twitter_card":"summary_large_image","twitter_misc":{"\u00c9crit par":"Julien","Dur\u00e9e de lecture est.":"2 minutes"},"schema":{"@context":"https:\/\/schema.org","@graph":[{"@type":"Article","@id":"https:\/\/vieassociative.be\/actualites\/qatar-sports-investments-reprend-las-eupen\/#article","isPartOf":{"@id":"https:\/\/vieassociative.be\/actualites\/qatar-sports-investments-reprend-las-eupen\/"},"author":{"name":"Julien","@id":"https:\/\/vieassociative.be\/actualites\/#\/schema\/person\/b87ac4f82f9d4e7b7cec7395b679edc4"},"headline":"Qatar Sports Investments reprend l&rsquo;AS Eupen","datePublished":"2025-12-09T14:18:09+00:00","dateModified":"2025-12-09T14:18:09+00:00","mainEntityOfPage":{"@id":"https:\/\/vieassociative.be\/actualites\/qatar-sports-investments-reprend-las-eupen\/"},"wordCount":355,"publisher":{"@id":"https:\/\/vieassociative.be\/actualites\/#organization"},"image":{"@id":"https:\/\/vieassociative.be\/actualites\/qatar-sports-investments-reprend-las-eupen\/#primaryimage"},"thumbnailUrl":"https:\/\/vieassociative.be\/actualites\/wp-content\/uploads\/2025\/12\/Qatar-Sports-Investments-reprend-lAS-Eupen.jpeg","keywords":["Eupen","Investments","lAS","Qatar","reprend","sports"],"articleSection":["Belgique"],"inLanguage":"fr-BE"},{"@type":"WebPage","@id":"https:\/\/vieassociative.be\/actualites\/qatar-sports-investments-reprend-las-eupen\/","url":"https:\/\/vieassociative.be\/actualites\/qatar-sports-investments-reprend-las-eupen\/","name":"Qatar Sports Investments reprend l'AS Eupen | Vie Associative","isPartOf":{"@id":"https:\/\/vieassociative.be\/actualites\/#website"},"primaryImageOfPage":{"@id":"https:\/\/vieassociative.be\/actualites\/qatar-sports-investments-reprend-las-eupen\/#primaryimage"},"image":{"@id":"https:\/\/vieassociative.be\/actualites\/qatar-sports-investments-reprend-las-eupen\/#primaryimage"},"thumbnailUrl":"https:\/\/vieassociative.be\/actualites\/wp-content\/uploads\/2025\/12\/Qatar-Sports-Investments-reprend-lAS-Eupen.jpeg","datePublished":"2025-12-09T14:18:09+00:00","dateModified":"2025-12-09T14:18:09+00:00","breadcrumb":{"@id":"https:\/\/vieassociative.be\/actualites\/qatar-sports-investments-reprend-las-eupen\/#breadcrumb"},"inLanguage":"fr-BE","potentialAction":[{"@type":"ReadAction","target":["https:\/\/vieassociative.be\/actualites\/qatar-sports-investments-reprend-las-eupen\/"]}]},{"@type":"ImageObject","inLanguage":"fr-BE","@id":"https:\/\/vieassociative.be\/actualites\/qatar-sports-investments-reprend-las-eupen\/#primaryimage","url":"https:\/\/vieassociative.be\/actualites\/wp-content\/uploads\/2025\/12\/Qatar-Sports-Investments-reprend-lAS-Eupen.jpeg","contentUrl":"https:\/\/vieassociative.be\/actualites\/wp-content\/uploads\/2025\/12\/Qatar-Sports-Investments-reprend-lAS-Eupen.jpeg","width":1200,"height":800,"caption":"Qatar Sports Investments reprend l'AS Eupen"},{"@type":"BreadcrumbList","@id":"https:\/\/vieassociative.be\/actualites\/qatar-sports-investments-reprend-las-eupen\/#breadcrumb","itemListElement":[{"@type":"ListItem","position":1,"name":"Accueil","item":"https:\/\/vieassociative.be\/actualites\/"},{"@type":"ListItem","position":2,"name":"Qatar Sports Investments reprend l&rsquo;AS Eupen"}]},{"@type":"WebSite","@id":"https:\/\/vieassociative.be\/actualites\/#website","url":"https:\/\/vieassociative.be\/actualites\/","name":"Vie Associative","description":"","publisher":{"@id":"https:\/\/vieassociative.be\/actualites\/#organization"},"potentialAction":[{"@type":"SearchAction","target":{"@type":"EntryPoint","urlTemplate":"https:\/\/vieassociative.be\/actualites\/?s={search_term_string}"},"query-input":{"@type":"PropertyValueSpecification","valueRequired":true,"valueName":"search_term_string"}}],"inLanguage":"fr-BE"},{"@type":"Organization","@id":"https:\/\/vieassociative.be\/actualites\/#organization","name":"Vie Associative","url":"https:\/\/vieassociative.be\/actualites\/","logo":{"@type":"ImageObject","inLanguage":"fr-BE","@id":"https:\/\/vieassociative.be\/actualites\/#\/schema\/logo\/image\/","url":"https:\/\/vieassociative.be\/actualites\/wp-content\/uploads\/2024\/09\/cropped-vieassociative_favicon.ico.png","contentUrl":"https:\/\/vieassociative.be\/actualites\/wp-content\/uploads\/2024\/09\/cropped-vieassociative_favicon.ico.png","width":512,"height":512,"caption":"Vie Associative"},"image":{"@id":"https:\/\/vieassociative.be\/actualites\/#\/schema\/logo\/image\/"}},{"@type":"Person","@id":"https:\/\/vieassociative.be\/actualites\/#\/schema\/person\/b87ac4f82f9d4e7b7cec7395b679edc4","name":"Julien","image":{"@type":"ImageObject","inLanguage":"fr-BE","@id":"https:\/\/vieassociative.be\/actualites\/#\/schema\/person\/image\/","url":"https:\/\/vieassociative.be\/actualites\/wp-content\/uploads\/2024\/09\/vie-associative-1-150x150.jpg","contentUrl":"https:\/\/vieassociative.be\/actualites\/wp-content\/uploads\/2024\/09\/vie-associative-1-150x150.jpg","caption":"Julien"},"description":"Je suis Julien, r\u00e9dacteur pour Vie Associative. Passionn\u00e9 par le monde associatif depuis plus de 10 ans, j'ai \u00e0 c\u0153ur de partager des histoires inspirantes et de mettre en lumi\u00e8re les initiatives locales. Mon objectif est de sensibiliser et d'encourager l'engagement communautaire \u00e0 travers mes articles.","sameAs":["https:\/\/vieassociative.be\/"]}]}},"_links":{"self":[{"href":"https:\/\/vieassociative.be\/actualites\/wp-json\/wp\/v2\/posts\/11765"}],"collection":[{"href":"https:\/\/vieassociative.be\/actualites\/wp-json\/wp\/v2\/posts"}],"about":[{"href":"https:\/\/vieassociative.be\/actualites\/wp-json\/wp\/v2\/types\/post"}],"author":[{"embeddable":true,"href":"https:\/\/vieassociative.be\/actualites\/wp-json\/wp\/v2\/users\/1"}],"replies":[{"embeddable":true,"href":"https:\/\/vieassociative.be\/actualites\/wp-json\/wp\/v2\/comments?post=11765"}],"version-history":[{"count":0,"href":"https:\/\/vieassociative.be\/actualites\/wp-json\/wp\/v2\/posts\/11765\/revisions"}],"wp:featuredmedia":[{"embeddable":true,"href":"https:\/\/vieassociative.be\/actualites\/wp-json\/wp\/v2\/media\/11766"}],"wp:attachment":[{"href":"https:\/\/vieassociative.be\/actualites\/wp-json\/wp\/v2\/media?parent=11765"}],"wp:term":[{"taxonomy":"category","embeddable":true,"href":"https:\/\/vieassociative.be\/actualites\/wp-json\/wp\/v2\/categories?post=11765"},{"taxonomy":"post_tag","embeddable":true,"href":"https:\/\/vieassociative.be\/actualites\/wp-json\/wp\/v2\/tags?post=11765"}],"curies":[{"name":"wp","href":"https:\/\/api.w.org\/{rel}","templated":true}]}}