{"id":11763,"date":"2025-12-09T14:17:29","date_gmt":"2025-12-09T13:17:29","guid":{"rendered":"https:\/\/vieassociative.be\/actualites\/la-nouvelle-mise-a-jour-beta-de-coros-ajoute-tout-ce-qui-manquait-a-ses-montres\/"},"modified":"2025-12-09T14:17:29","modified_gmt":"2025-12-09T13:17:29","slug":"la-nouvelle-mise-a-jour-beta-de-coros-ajoute-tout-ce-qui-manquait-a-ses-montres","status":"publish","type":"post","link":"https:\/\/vieassociative.be\/actualites\/la-nouvelle-mise-a-jour-beta-de-coros-ajoute-tout-ce-qui-manquait-a-ses-montres\/","title":{"rendered":"La nouvelle mise \u00e0 jour b\u00eata de Coros ajoute tout ce qui manquait \u00e0 ses montres"},"content":{"rendered":"<p>Nous pouvons gagner une commission sur les liens sur cette page.<\/p>\n<p>J&rsquo;aime les courses de Coros car ils font presque tout ce que font les Garmin, \u00e0 moindre co\u00fbt. Mais il y a toujours eu quelques domaines dans lesquels ils ne sont pas \u00e0 la hauteur, ce que j&rsquo;ai not\u00e9 dans mes critiques. Maintenant, cela semble changer : la mise \u00e0 jour b\u00eata la plus r\u00e9cente du micrologiciel ajoute une nouvelle fonctionnalit\u00e9 essentielle tout en corrigeant certaines de mes b\u00eates noires.<\/p>\n<p>J&rsquo;ai essay\u00e9 les nouvelles fonctionnalit\u00e9s via une version b\u00eata publique de Coros. Vous pouvez vous inscrire pour un acc\u00e8s b\u00eata avec ces instructions publi\u00e9es par Coros sur Reddit. (Sur iOS, vous installerez une version Testflight de l&rsquo;application Coros, qui pourra ensuite vous donner acc\u00e8s \u00e0 la mise \u00e0 jour du firmware. Sur Android, vous devrez t\u00e9l\u00e9charger l&rsquo;application b\u00eata, puis aller ici pour acc\u00e9der au nouveau firmware b\u00eata.) J&rsquo;ai test\u00e9 ces fonctionnalit\u00e9s sur un Pace 4, et j&rsquo;en suis plut\u00f4t satisfait.<\/p>\n<h2 id=\"coros-watches-can-now-control-music-playing-on-your-phone\">Les montres Coros peuvent d\u00e9sormais contr\u00f4ler la musique diffus\u00e9e sur votre t\u00e9l\u00e9phone<\/h2>\n<div class=\"eloquent-imagery-image\">\n<div class=\"flex justify-center\">\n                    <img decoding=\"async\" class=\"border border-gray-100\" src=\"https:\/\/vieassociative.be\/actualites\/wp-content\/uploads\/2025\/12\/La-nouvelle-mise-a-jour-beta-de-Coros-ajoute-tout.jpg\" alt=\"Commandes multim\u00e9dias au poignet\" width=\"2000\" height=\"1125\" loading=\"lazy\">\n            <\/div>\n<div class=\"mt-2 font-akshar\">\n                            <span class=\"image-caption block text-sm leading-4 tracking-wide text-(#1F2937)\">Je n&rsquo;ai charg\u00e9 aucun m\u00e9dia sur cette montre, mais ici, un podcast est diffus\u00e9 depuis mon t\u00e9l\u00e9phone.<\/span><br \/>\n                                        <span class=\"mt-1 block font-sans text-xs tracking-normal text-gray-600\">Cr\u00e9dit : Beth Skwarecki<\/span>\n                    <\/div>\n<\/p><\/div>\n<p>Dans mes critiques des montres Coros, j\u2019ai toujours soulign\u00e9 quelques points sur la fa\u00e7on dont elles g\u00e8rent la musique. Jusqu&rsquo;\u00e0 r\u00e9cemment, la montre ne pouvait lire que les fichiers musicaux que vous y aviez t\u00e9l\u00e9charg\u00e9s directement. C&rsquo;est bien si vous voulez courir sans votre t\u00e9l\u00e9phone, mais pour moi (et bien d&rsquo;autres), c&rsquo;est une g\u00eane inutile : une montre intelligente devrait vraiment \u00eatre capable d&rsquo;afficher et de contr\u00f4ler ce qui est diffus\u00e9 sur votre t\u00e9l\u00e9phone. Garmin et Suunto disposent depuis longtemps de cette fonctionnalit\u00e9, et Coros \u00e9tait la seule grande marque qui en manquait.<\/p>\n<p>Mais maintenant, c&rsquo;est ici. Lorsque vous appuyez longuement sur le bouton Tour pour afficher votre bo\u00eete \u00e0 outils, vous verrez deux applications diff\u00e9rentes. La \u00ab\u00a0musique\u00a0\u00bb famili\u00e8re lit la musique t\u00e9l\u00e9charg\u00e9e et la nouvelle option \u00ab\u00a0Contr\u00f4le multim\u00e9dia\u00a0\u00bb fait exactement ce que vous attendez\u00a0: elle affiche les informations sur la piste pour tout ce qui est lu sur votre t\u00e9l\u00e9phone et vous donne des boutons pour lire, mettre en pause, sauter ou r\u00e9gler le volume. \u00c9tait-ce si dur ?<\/p>\n<h2 id=\"workouts-no-longer-end-themselves-while-youre-cooling-down\">Les entra\u00eenements ne se terminent plus d&rsquo;eux-m\u00eames pendant que vous vous refroidissez<\/h2>\n<p>Lorsque j&rsquo;ai \u00e9chang\u00e9 mon Garmin contre un Coros cet \u00e9t\u00e9, l&rsquo;un de mes plus gros reproches \u00e9tait que les montres Coros interrompaient votre entra\u00eenement une fois que vous aviez termin\u00e9 toutes les \u00e9tapes. Donc, si vous avez programm\u00e9 une course de 4,5 milles, mais que vous souhaitez totaliser cinq milles pour la journ\u00e9e, vous devez vous rappeler d&rsquo;appuyer sur \u00ab\u00a0reprendre l&rsquo;entra\u00eenement\u00a0\u00bb apr\u00e8s la fin de la course de 4,5 milles. J&rsquo;ai tendance \u00e0 courir pendant ce bip sans y penser, puis \u00e0 jurer devant ma montre quand je r\u00e9alise \u00e0 la fin que le dernier demi-mile n&rsquo;a jamais \u00e9t\u00e9 enregistr\u00e9.<\/p>\n<p>Je pr\u00e9f\u00e8re la fa\u00e7on dont Garmin proc\u00e8de\u00a0: apr\u00e8s avoir termin\u00e9 un entra\u00eenement Garmin, l&rsquo;activit\u00e9 continue jusqu&rsquo;\u00e0 ce que vous d\u00e9cidiez de l&rsquo;arr\u00eater manuellement. Coros a apparemment adopt\u00e9 cette philosophie, car les entra\u00eenements se d\u00e9roulent d\u00e9sormais automatiquement dans un segment ouvert.<\/p>\n<h2 id=\"you-can-now-undo-a-lap-button-press\">Vous pouvez maintenant annuler une pression sur un bouton de tour<\/h2>\n<div class=\"eloquent-imagery-image\">\n<div class=\"flex justify-center\">\n                    <img decoding=\"async\" class=\"border border-gray-100\" src=\"https:\/\/vieassociative.be\/actualites\/wp-content\/uploads\/2025\/12\/1765286249_314_La-nouvelle-mise-a-jour-beta-de-Coros-ajoute-tout.jpg\" alt=\"bouton d'annulation du tour\" width=\"2000\" height=\"1125\" loading=\"lazy\">\n            <\/div>\n<div class=\"mt-2 font-akshar\">\n                            <span class=\"image-caption block text-sm leading-4 tracking-wide text-(#1F2937)\">Appuyez sur le bouton en bas \u00e0 droite pour annuler ce segment de tour.<\/span><br \/>\n                                        <span class=\"mt-1 block font-sans text-xs tracking-normal text-gray-600\">Cr\u00e9dit : Beth Skwarecki<\/span>\n                    <\/div>\n<\/p><\/div>\n<p>Pendant une activit\u00e9, appuyer sur le bouton Tour d\u00e9marre un nouveau segment de l&rsquo;entra\u00eenement (ou vous fait passer au segment suivant si vous suivez un entra\u00eenement pr\u00e9-\u00e9crit). Je sais que je ne suis pas le seul \u00e0 appuyer parfois sur ce bouton par accident, donc une option \u00ab annuler \u00bb est sympa. Les montres Garmin ont ajout\u00e9 cette fonctionnalit\u00e9 il y a environ un an. Coros l&rsquo;ajoute avec cette mise \u00e0 jour.<\/p>\n<p>Malheureusement, l&rsquo;annulation n&rsquo;est pas disponible pour <em>chaque<\/em> appuyez sur le bouton du tour. Je le vois si je fais un entra\u00eenement non structur\u00e9 et que je marque un tour : appuyer \u00e0 nouveau sur le bouton du tour me ram\u00e8ne au tour d&rsquo;origine en cours. Mais je <em>ne le faites pas<\/em> voir une fonction d&rsquo;annulation si je suis un entra\u00eenement qui comporte d\u00e9j\u00e0 des segments de tour int\u00e9gr\u00e9s, ou si je fais un entra\u00eenement de force (o\u00f9 le bouton de tour bascule entre le travail et le repos).<\/p>\n<h2 id=\"you-can-time-your-rests-in-strength-workouts-without-choosing-exercises-ahead-of-time\">Vous pouvez chronom\u00e9trer vos repos lors d&rsquo;entra\u00eenements de force sans choisir d&rsquo;exercices \u00e0 l&rsquo;avance<\/h2>\n<p>Ma fa\u00e7on la plus courante d&rsquo;utiliser la fonction de force est de d\u00e9marrer un entra\u00eenement non structur\u00e9, puis d&rsquo;utiliser le bouton Tour pour marquer la fin de chaque s\u00e9rie et le d\u00e9but de mon temps de repos. De cette fa\u00e7on, je peux suivre les repos pendant l&rsquo;entra\u00eenement. <em>et <\/em>Je sais combien de sets je fais. Je peux suivre un entra\u00eenement planifi\u00e9 \u00e0 l&rsquo;avance, mais je ne saisis jamais d&rsquo;exercices depuis la montre <em>pendant<\/em> une s\u00e9ance d&rsquo;entra\u00eenement.<\/p>\n<p>C&rsquo;est assez simple sur Garmin, mais sur Coros, la montre me demandait de saisir au moins une partie du corps pour chaque exercice. Donc, si je fais cinq s\u00e9ries de d\u00e9velopp\u00e9 couch\u00e9, je dois s\u00e9lectionner \u00ab poitrine \u00bb \u00e0 chaque fois que je commence une s\u00e9rie. Cela m&rsquo;a fait grimper au mur et j&rsquo;ai arr\u00eat\u00e9 d&rsquo;utiliser la minuterie de repos, ce qui rend la fonction de force presque inutile.<\/p>\n<p>Apr\u00e8s la mise \u00e0 jour, je peux s\u00e9lectionner une partie du corps au d\u00e9but de l&rsquo;entra\u00eenement, et celle-ci reste la partie du corps active pendant que j&rsquo;arr\u00eate et d\u00e9marre mes s\u00e9ries. (\u00ab\u00a0Corps entier\u00a0\u00bb est une option, donc je choisis g\u00e9n\u00e9ralement celle-l\u00e0.) Pendant l&rsquo;entra\u00eenement, appuyer sur le bouton marche\/arr\u00eat fait appara\u00eetre un menu dans lequel je peux changer de partie du corps si je le souhaite. Soudainement,. utiliser la montre pendant mes entra\u00eenements de force semble \u00eatre une option viable, au lieu d&rsquo;\u00eatre ennuyeuse.<\/p>\n","protected":false},"excerpt":{"rendered":"<p>Nous pouvons gagner une commission sur les liens sur cette page. J&rsquo;aime les courses de Coros car ils font presque tout ce que font les<\/p>\n","protected":false},"author":1,"featured_media":11764,"comment_status":"","ping_status":"","sticky":false,"template":"","format":"standard","meta":{"footnotes":""},"categories":[1],"tags":[6658,4813,7271,53,9506,2183,3684,491,99,1055,236],"class_list":["post-11763","post","type-post","status-publish","format-standard","has-post-thumbnail","hentry","category-non-classe","tag-ajoute","tag-beta","tag-coros","tag-jour","tag-manquait","tag-mise","tag-montres","tag-nouvelle","tag-qui","tag-ses","tag-tout","generate-columns","tablet-grid-50","mobile-grid-100","grid-parent","grid-33"],"yoast_head":"<!-- This site is optimized with the Yoast SEO plugin v24.0 - https:\/\/yoast.com\/wordpress\/plugins\/seo\/ -->\n<title>La nouvelle mise \u00e0 jour b\u00eata de Coros ajoute tout ce qui manquait \u00e0 ses montres | Vie Associative<\/title>\n<meta name=\"robots\" content=\"index, follow, max-snippet:-1, max-image-preview:large, max-video-preview:-1\" \/>\n<link rel=\"canonical\" href=\"https:\/\/vieassociative.be\/actualites\/la-nouvelle-mise-a-jour-beta-de-coros-ajoute-tout-ce-qui-manquait-a-ses-montres\/\" \/>\n<meta property=\"og:locale\" content=\"fr_FR\" \/>\n<meta property=\"og:type\" content=\"article\" \/>\n<meta property=\"og:title\" content=\"La nouvelle mise \u00e0 jour b\u00eata de Coros ajoute tout ce qui manquait \u00e0 ses montres | Vie Associative\" \/>\n<meta property=\"og:description\" content=\"Nous pouvons gagner une commission sur les liens sur cette page. J&rsquo;aime les courses de Coros car ils font presque tout ce que font les\" \/>\n<meta property=\"og:url\" content=\"https:\/\/vieassociative.be\/actualites\/la-nouvelle-mise-a-jour-beta-de-coros-ajoute-tout-ce-qui-manquait-a-ses-montres\/\" \/>\n<meta property=\"og:site_name\" content=\"Vie Associative\" \/>\n<meta property=\"article:published_time\" content=\"2025-12-09T13:17:29+00:00\" \/>\n<meta property=\"og:image\" content=\"https:\/\/vieassociative.be\/actualites\/wp-content\/uploads\/2025\/12\/La-nouvelle-mise-a-jour-beta-de-Coros-ajoute-tout.jpg\" \/>\n<meta name=\"author\" content=\"Julien\" \/>\n<meta name=\"twitter:card\" content=\"summary_large_image\" \/>\n<meta name=\"twitter:label1\" content=\"\u00c9crit par\" \/>\n\t<meta name=\"twitter:data1\" content=\"Julien\" \/>\n\t<meta name=\"twitter:label2\" content=\"Dur\u00e9e de lecture est.\" \/>\n\t<meta name=\"twitter:data2\" content=\"5 minutes\" \/>\n<script type=\"application\/ld+json\" class=\"yoast-schema-graph\">{\"@context\":\"https:\/\/schema.org\",\"@graph\":[{\"@type\":\"Article\",\"@id\":\"https:\/\/vieassociative.be\/actualites\/la-nouvelle-mise-a-jour-beta-de-coros-ajoute-tout-ce-qui-manquait-a-ses-montres\/#article\",\"isPartOf\":{\"@id\":\"https:\/\/vieassociative.be\/actualites\/la-nouvelle-mise-a-jour-beta-de-coros-ajoute-tout-ce-qui-manquait-a-ses-montres\/\"},\"author\":{\"name\":\"Julien\",\"@id\":\"https:\/\/vieassociative.be\/actualites\/#\/schema\/person\/b87ac4f82f9d4e7b7cec7395b679edc4\"},\"headline\":\"La nouvelle mise \u00e0 jour b\u00eata de Coros ajoute tout ce qui manquait \u00e0 ses montres\",\"datePublished\":\"2025-12-09T13:17:29+00:00\",\"dateModified\":\"2025-12-09T13:17:29+00:00\",\"mainEntityOfPage\":{\"@id\":\"https:\/\/vieassociative.be\/actualites\/la-nouvelle-mise-a-jour-beta-de-coros-ajoute-tout-ce-qui-manquait-a-ses-montres\/\"},\"wordCount\":1089,\"publisher\":{\"@id\":\"https:\/\/vieassociative.be\/actualites\/#organization\"},\"image\":{\"@id\":\"https:\/\/vieassociative.be\/actualites\/la-nouvelle-mise-a-jour-beta-de-coros-ajoute-tout-ce-qui-manquait-a-ses-montres\/#primaryimage\"},\"thumbnailUrl\":\"https:\/\/vieassociative.be\/actualites\/wp-content\/uploads\/2025\/12\/1765286250_La-nouvelle-mise-a-jour-beta-de-Coros-ajoute-tout.jpg\",\"keywords\":[\"ajoute\",\"b\u00eata\",\"Coros\",\"jour\",\"manquait\",\"mise\",\"montres\",\"nouvelle\",\"qui\",\"ses\",\"tout\"],\"inLanguage\":\"fr-BE\"},{\"@type\":\"WebPage\",\"@id\":\"https:\/\/vieassociative.be\/actualites\/la-nouvelle-mise-a-jour-beta-de-coros-ajoute-tout-ce-qui-manquait-a-ses-montres\/\",\"url\":\"https:\/\/vieassociative.be\/actualites\/la-nouvelle-mise-a-jour-beta-de-coros-ajoute-tout-ce-qui-manquait-a-ses-montres\/\",\"name\":\"La nouvelle mise \u00e0 jour b\u00eata de Coros ajoute tout ce qui manquait \u00e0 ses montres | Vie Associative\",\"isPartOf\":{\"@id\":\"https:\/\/vieassociative.be\/actualites\/#website\"},\"primaryImageOfPage\":{\"@id\":\"https:\/\/vieassociative.be\/actualites\/la-nouvelle-mise-a-jour-beta-de-coros-ajoute-tout-ce-qui-manquait-a-ses-montres\/#primaryimage\"},\"image\":{\"@id\":\"https:\/\/vieassociative.be\/actualites\/la-nouvelle-mise-a-jour-beta-de-coros-ajoute-tout-ce-qui-manquait-a-ses-montres\/#primaryimage\"},\"thumbnailUrl\":\"https:\/\/vieassociative.be\/actualites\/wp-content\/uploads\/2025\/12\/1765286250_La-nouvelle-mise-a-jour-beta-de-Coros-ajoute-tout.jpg\",\"datePublished\":\"2025-12-09T13:17:29+00:00\",\"dateModified\":\"2025-12-09T13:17:29+00:00\",\"breadcrumb\":{\"@id\":\"https:\/\/vieassociative.be\/actualites\/la-nouvelle-mise-a-jour-beta-de-coros-ajoute-tout-ce-qui-manquait-a-ses-montres\/#breadcrumb\"},\"inLanguage\":\"fr-BE\",\"potentialAction\":[{\"@type\":\"ReadAction\",\"target\":[\"https:\/\/vieassociative.be\/actualites\/la-nouvelle-mise-a-jour-beta-de-coros-ajoute-tout-ce-qui-manquait-a-ses-montres\/\"]}]},{\"@type\":\"ImageObject\",\"inLanguage\":\"fr-BE\",\"@id\":\"https:\/\/vieassociative.be\/actualites\/la-nouvelle-mise-a-jour-beta-de-coros-ajoute-tout-ce-qui-manquait-a-ses-montres\/#primaryimage\",\"url\":\"https:\/\/vieassociative.be\/actualites\/wp-content\/uploads\/2025\/12\/1765286250_La-nouvelle-mise-a-jour-beta-de-Coros-ajoute-tout.jpg\",\"contentUrl\":\"https:\/\/vieassociative.be\/actualites\/wp-content\/uploads\/2025\/12\/1765286250_La-nouvelle-mise-a-jour-beta-de-Coros-ajoute-tout.jpg\",\"width\":1200,\"height\":675,\"caption\":\"La nouvelle mise \u00e0 jour b\u00eata de Coros ajoute tout ce qui manquait \u00e0 ses montres\"},{\"@type\":\"BreadcrumbList\",\"@id\":\"https:\/\/vieassociative.be\/actualites\/la-nouvelle-mise-a-jour-beta-de-coros-ajoute-tout-ce-qui-manquait-a-ses-montres\/#breadcrumb\",\"itemListElement\":[{\"@type\":\"ListItem\",\"position\":1,\"name\":\"Accueil\",\"item\":\"https:\/\/vieassociative.be\/actualites\/\"},{\"@type\":\"ListItem\",\"position\":2,\"name\":\"La nouvelle mise \u00e0 jour b\u00eata de Coros ajoute tout ce qui manquait \u00e0 ses montres\"}]},{\"@type\":\"WebSite\",\"@id\":\"https:\/\/vieassociative.be\/actualites\/#website\",\"url\":\"https:\/\/vieassociative.be\/actualites\/\",\"name\":\"Vie Associative\",\"description\":\"\",\"publisher\":{\"@id\":\"https:\/\/vieassociative.be\/actualites\/#organization\"},\"potentialAction\":[{\"@type\":\"SearchAction\",\"target\":{\"@type\":\"EntryPoint\",\"urlTemplate\":\"https:\/\/vieassociative.be\/actualites\/?s={search_term_string}\"},\"query-input\":{\"@type\":\"PropertyValueSpecification\",\"valueRequired\":true,\"valueName\":\"search_term_string\"}}],\"inLanguage\":\"fr-BE\"},{\"@type\":\"Organization\",\"@id\":\"https:\/\/vieassociative.be\/actualites\/#organization\",\"name\":\"Vie Associative\",\"url\":\"https:\/\/vieassociative.be\/actualites\/\",\"logo\":{\"@type\":\"ImageObject\",\"inLanguage\":\"fr-BE\",\"@id\":\"https:\/\/vieassociative.be\/actualites\/#\/schema\/logo\/image\/\",\"url\":\"https:\/\/vieassociative.be\/actualites\/wp-content\/uploads\/2024\/09\/cropped-vieassociative_favicon.ico.png\",\"contentUrl\":\"https:\/\/vieassociative.be\/actualites\/wp-content\/uploads\/2024\/09\/cropped-vieassociative_favicon.ico.png\",\"width\":512,\"height\":512,\"caption\":\"Vie Associative\"},\"image\":{\"@id\":\"https:\/\/vieassociative.be\/actualites\/#\/schema\/logo\/image\/\"}},{\"@type\":\"Person\",\"@id\":\"https:\/\/vieassociative.be\/actualites\/#\/schema\/person\/b87ac4f82f9d4e7b7cec7395b679edc4\",\"name\":\"Julien\",\"image\":{\"@type\":\"ImageObject\",\"inLanguage\":\"fr-BE\",\"@id\":\"https:\/\/vieassociative.be\/actualites\/#\/schema\/person\/image\/\",\"url\":\"https:\/\/vieassociative.be\/actualites\/wp-content\/uploads\/2024\/09\/vie-associative-1-150x150.jpg\",\"contentUrl\":\"https:\/\/vieassociative.be\/actualites\/wp-content\/uploads\/2024\/09\/vie-associative-1-150x150.jpg\",\"caption\":\"Julien\"},\"description\":\"Je suis Julien, r\u00e9dacteur pour Vie Associative. Passionn\u00e9 par le monde associatif depuis plus de 10 ans, j'ai \u00e0 c\u0153ur de partager des histoires inspirantes et de mettre en lumi\u00e8re les initiatives locales. Mon objectif est de sensibiliser et d'encourager l'engagement communautaire \u00e0 travers mes articles.\",\"sameAs\":[\"https:\/\/vieassociative.be\/\"]}]}<\/script>\n<!-- \/ Yoast SEO plugin. -->","yoast_head_json":{"title":"La nouvelle mise \u00e0 jour b\u00eata de Coros ajoute tout ce qui manquait \u00e0 ses montres | Vie Associative","robots":{"index":"index","follow":"follow","max-snippet":"max-snippet:-1","max-image-preview":"max-image-preview:large","max-video-preview":"max-video-preview:-1"},"canonical":"https:\/\/vieassociative.be\/actualites\/la-nouvelle-mise-a-jour-beta-de-coros-ajoute-tout-ce-qui-manquait-a-ses-montres\/","og_locale":"fr_FR","og_type":"article","og_title":"La nouvelle mise \u00e0 jour b\u00eata de Coros ajoute tout ce qui manquait \u00e0 ses montres | Vie Associative","og_description":"Nous pouvons gagner une commission sur les liens sur cette page. J&rsquo;aime les courses de Coros car ils font presque tout ce que font les","og_url":"https:\/\/vieassociative.be\/actualites\/la-nouvelle-mise-a-jour-beta-de-coros-ajoute-tout-ce-qui-manquait-a-ses-montres\/","og_site_name":"Vie Associative","article_published_time":"2025-12-09T13:17:29+00:00","og_image":[{"url":"https:\/\/vieassociative.be\/actualites\/wp-content\/uploads\/2025\/12\/La-nouvelle-mise-a-jour-beta-de-Coros-ajoute-tout.jpg","type":"","width":"","height":""}],"author":"Julien","twitter_card":"summary_large_image","twitter_misc":{"\u00c9crit par":"Julien","Dur\u00e9e de lecture est.":"5 minutes"},"schema":{"@context":"https:\/\/schema.org","@graph":[{"@type":"Article","@id":"https:\/\/vieassociative.be\/actualites\/la-nouvelle-mise-a-jour-beta-de-coros-ajoute-tout-ce-qui-manquait-a-ses-montres\/#article","isPartOf":{"@id":"https:\/\/vieassociative.be\/actualites\/la-nouvelle-mise-a-jour-beta-de-coros-ajoute-tout-ce-qui-manquait-a-ses-montres\/"},"author":{"name":"Julien","@id":"https:\/\/vieassociative.be\/actualites\/#\/schema\/person\/b87ac4f82f9d4e7b7cec7395b679edc4"},"headline":"La nouvelle mise \u00e0 jour b\u00eata de Coros ajoute tout ce qui manquait \u00e0 ses montres","datePublished":"2025-12-09T13:17:29+00:00","dateModified":"2025-12-09T13:17:29+00:00","mainEntityOfPage":{"@id":"https:\/\/vieassociative.be\/actualites\/la-nouvelle-mise-a-jour-beta-de-coros-ajoute-tout-ce-qui-manquait-a-ses-montres\/"},"wordCount":1089,"publisher":{"@id":"https:\/\/vieassociative.be\/actualites\/#organization"},"image":{"@id":"https:\/\/vieassociative.be\/actualites\/la-nouvelle-mise-a-jour-beta-de-coros-ajoute-tout-ce-qui-manquait-a-ses-montres\/#primaryimage"},"thumbnailUrl":"https:\/\/vieassociative.be\/actualites\/wp-content\/uploads\/2025\/12\/1765286250_La-nouvelle-mise-a-jour-beta-de-Coros-ajoute-tout.jpg","keywords":["ajoute","b\u00eata","Coros","jour","manquait","mise","montres","nouvelle","qui","ses","tout"],"inLanguage":"fr-BE"},{"@type":"WebPage","@id":"https:\/\/vieassociative.be\/actualites\/la-nouvelle-mise-a-jour-beta-de-coros-ajoute-tout-ce-qui-manquait-a-ses-montres\/","url":"https:\/\/vieassociative.be\/actualites\/la-nouvelle-mise-a-jour-beta-de-coros-ajoute-tout-ce-qui-manquait-a-ses-montres\/","name":"La nouvelle mise \u00e0 jour b\u00eata de Coros ajoute tout ce qui manquait \u00e0 ses montres | Vie Associative","isPartOf":{"@id":"https:\/\/vieassociative.be\/actualites\/#website"},"primaryImageOfPage":{"@id":"https:\/\/vieassociative.be\/actualites\/la-nouvelle-mise-a-jour-beta-de-coros-ajoute-tout-ce-qui-manquait-a-ses-montres\/#primaryimage"},"image":{"@id":"https:\/\/vieassociative.be\/actualites\/la-nouvelle-mise-a-jour-beta-de-coros-ajoute-tout-ce-qui-manquait-a-ses-montres\/#primaryimage"},"thumbnailUrl":"https:\/\/vieassociative.be\/actualites\/wp-content\/uploads\/2025\/12\/1765286250_La-nouvelle-mise-a-jour-beta-de-Coros-ajoute-tout.jpg","datePublished":"2025-12-09T13:17:29+00:00","dateModified":"2025-12-09T13:17:29+00:00","breadcrumb":{"@id":"https:\/\/vieassociative.be\/actualites\/la-nouvelle-mise-a-jour-beta-de-coros-ajoute-tout-ce-qui-manquait-a-ses-montres\/#breadcrumb"},"inLanguage":"fr-BE","potentialAction":[{"@type":"ReadAction","target":["https:\/\/vieassociative.be\/actualites\/la-nouvelle-mise-a-jour-beta-de-coros-ajoute-tout-ce-qui-manquait-a-ses-montres\/"]}]},{"@type":"ImageObject","inLanguage":"fr-BE","@id":"https:\/\/vieassociative.be\/actualites\/la-nouvelle-mise-a-jour-beta-de-coros-ajoute-tout-ce-qui-manquait-a-ses-montres\/#primaryimage","url":"https:\/\/vieassociative.be\/actualites\/wp-content\/uploads\/2025\/12\/1765286250_La-nouvelle-mise-a-jour-beta-de-Coros-ajoute-tout.jpg","contentUrl":"https:\/\/vieassociative.be\/actualites\/wp-content\/uploads\/2025\/12\/1765286250_La-nouvelle-mise-a-jour-beta-de-Coros-ajoute-tout.jpg","width":1200,"height":675,"caption":"La nouvelle mise \u00e0 jour b\u00eata de Coros ajoute tout ce qui manquait \u00e0 ses montres"},{"@type":"BreadcrumbList","@id":"https:\/\/vieassociative.be\/actualites\/la-nouvelle-mise-a-jour-beta-de-coros-ajoute-tout-ce-qui-manquait-a-ses-montres\/#breadcrumb","itemListElement":[{"@type":"ListItem","position":1,"name":"Accueil","item":"https:\/\/vieassociative.be\/actualites\/"},{"@type":"ListItem","position":2,"name":"La nouvelle mise \u00e0 jour b\u00eata de Coros ajoute tout ce qui manquait \u00e0 ses montres"}]},{"@type":"WebSite","@id":"https:\/\/vieassociative.be\/actualites\/#website","url":"https:\/\/vieassociative.be\/actualites\/","name":"Vie Associative","description":"","publisher":{"@id":"https:\/\/vieassociative.be\/actualites\/#organization"},"potentialAction":[{"@type":"SearchAction","target":{"@type":"EntryPoint","urlTemplate":"https:\/\/vieassociative.be\/actualites\/?s={search_term_string}"},"query-input":{"@type":"PropertyValueSpecification","valueRequired":true,"valueName":"search_term_string"}}],"inLanguage":"fr-BE"},{"@type":"Organization","@id":"https:\/\/vieassociative.be\/actualites\/#organization","name":"Vie Associative","url":"https:\/\/vieassociative.be\/actualites\/","logo":{"@type":"ImageObject","inLanguage":"fr-BE","@id":"https:\/\/vieassociative.be\/actualites\/#\/schema\/logo\/image\/","url":"https:\/\/vieassociative.be\/actualites\/wp-content\/uploads\/2024\/09\/cropped-vieassociative_favicon.ico.png","contentUrl":"https:\/\/vieassociative.be\/actualites\/wp-content\/uploads\/2024\/09\/cropped-vieassociative_favicon.ico.png","width":512,"height":512,"caption":"Vie Associative"},"image":{"@id":"https:\/\/vieassociative.be\/actualites\/#\/schema\/logo\/image\/"}},{"@type":"Person","@id":"https:\/\/vieassociative.be\/actualites\/#\/schema\/person\/b87ac4f82f9d4e7b7cec7395b679edc4","name":"Julien","image":{"@type":"ImageObject","inLanguage":"fr-BE","@id":"https:\/\/vieassociative.be\/actualites\/#\/schema\/person\/image\/","url":"https:\/\/vieassociative.be\/actualites\/wp-content\/uploads\/2024\/09\/vie-associative-1-150x150.jpg","contentUrl":"https:\/\/vieassociative.be\/actualites\/wp-content\/uploads\/2024\/09\/vie-associative-1-150x150.jpg","caption":"Julien"},"description":"Je suis Julien, r\u00e9dacteur pour Vie Associative. Passionn\u00e9 par le monde associatif depuis plus de 10 ans, j'ai \u00e0 c\u0153ur de partager des histoires inspirantes et de mettre en lumi\u00e8re les initiatives locales. Mon objectif est de sensibiliser et d'encourager l'engagement communautaire \u00e0 travers mes articles.","sameAs":["https:\/\/vieassociative.be\/"]}]}},"_links":{"self":[{"href":"https:\/\/vieassociative.be\/actualites\/wp-json\/wp\/v2\/posts\/11763"}],"collection":[{"href":"https:\/\/vieassociative.be\/actualites\/wp-json\/wp\/v2\/posts"}],"about":[{"href":"https:\/\/vieassociative.be\/actualites\/wp-json\/wp\/v2\/types\/post"}],"author":[{"embeddable":true,"href":"https:\/\/vieassociative.be\/actualites\/wp-json\/wp\/v2\/users\/1"}],"replies":[{"embeddable":true,"href":"https:\/\/vieassociative.be\/actualites\/wp-json\/wp\/v2\/comments?post=11763"}],"version-history":[{"count":0,"href":"https:\/\/vieassociative.be\/actualites\/wp-json\/wp\/v2\/posts\/11763\/revisions"}],"wp:featuredmedia":[{"embeddable":true,"href":"https:\/\/vieassociative.be\/actualites\/wp-json\/wp\/v2\/media\/11764"}],"wp:attachment":[{"href":"https:\/\/vieassociative.be\/actualites\/wp-json\/wp\/v2\/media?parent=11763"}],"wp:term":[{"taxonomy":"category","embeddable":true,"href":"https:\/\/vieassociative.be\/actualites\/wp-json\/wp\/v2\/categories?post=11763"},{"taxonomy":"post_tag","embeddable":true,"href":"https:\/\/vieassociative.be\/actualites\/wp-json\/wp\/v2\/tags?post=11763"}],"curies":[{"name":"wp","href":"https:\/\/api.w.org\/{rel}","templated":true}]}}