{"id":11761,"date":"2025-12-09T09:17:49","date_gmt":"2025-12-09T08:17:49","guid":{"rendered":"https:\/\/vieassociative.be\/actualites\/le-football-belge-pleure-la-perte-du-joueur-national-glen-de-boeck\/"},"modified":"2025-12-09T09:17:49","modified_gmt":"2025-12-09T08:17:49","slug":"le-football-belge-pleure-la-perte-du-joueur-national-glen-de-boeck","status":"publish","type":"post","link":"https:\/\/vieassociative.be\/actualites\/le-football-belge-pleure-la-perte-du-joueur-national-glen-de-boeck\/","title":{"rendered":"Le football belge pleure la perte du joueur national Glen De Boeck"},"content":{"rendered":"<p><strong>L&rsquo;ancien footballeur belge Glen De Boeck est d\u00e9c\u00e9d\u00e9 dans la nuit de dimanche \u00e0 lundi \u00e0 l&rsquo;\u00e2ge de 54 ans. Vendredi, il a subi une grave h\u00e9morragie c\u00e9r\u00e9brale \u00e0 son domicile et est tomb\u00e9 dans un coma profond, a confirm\u00e9 sa famille.<\/strong><\/p>\n<p><span id=\"more-431312\"><\/span>Glen De Boeck a commenc\u00e9 sa carri\u00e8re de footballeur au club de deuxi\u00e8me division du FC Boom. En 1995, il rejoint le RSC Anderlecht via le KV Mechelen. Le d\u00e9fenseur central a disput\u00e9 280 matchs avec les champions du record et a \u00e9t\u00e9 nomm\u00e9 capitaine en 2000. Avec Anderlecht, il a remport\u00e9 le championnat \u00e0 trois reprises (2000, 2001 et 2004).<\/p>\n<div id=\"attachment_337634\" class=\"wp-caption alignleft\" style=\"max-width: 300px\"><img fetchpriority=\"high\" decoding=\"async\" class=\"wp-image-337634 size-medium\" src=\"https:\/\/vieassociative.be\/actualites\/wp-content\/uploads\/2024\/11\/Lequipe-nationale-belge-de-football-risque-t-elle-une-periode-de-secheresse.jpeg\" alt=\"\" width=\"300\" height=\"201\"><\/div>\n<p>De Boeck a \u00e9galement jou\u00e9 34 fois pour les Diables Rouges, notamment lors de la Coupe du monde 1998 en France et de la Coupe du monde 2002 au Japon et en Cor\u00e9e du Sud. En f\u00e9vrier 2005, il a d\u00fb mettre fin \u00e0 sa carri\u00e8re active en raison d&rsquo;une grave blessure au genou.<\/p>\n<p>Apr\u00e8s sa carri\u00e8re de joueur, De Boeck est devenu assistant \u00e0 Anderlecht sous la direction de l&rsquo;entra\u00eeneur-chef Franky Vercauteren. Il a eu sa premi\u00e8re chance en tant qu&rsquo;entra\u00eeneur-chef du Cercle de Bruges en 2007, o\u00f9 il a impressionn\u00e9 en terminant 4\u00e8me comme \u00e9quipe la plus efficace avec 62 buts.<\/p>\n<p>D&rsquo;autres postes ont suivi chez Germinal Beerschot, VVV Venlo, Beveren, Mouscron, KV Kortrijk et KSC Lokeren. En 2023, il revient au KV Courtrai, o\u00f9 il dispute ses neuf derniers matchs en tant qu&rsquo;entra\u00eeneur.<\/p>\n<p>De Boeck a v\u00e9cu une p\u00e9riode difficile cette ann\u00e9e lorsqu&rsquo;il a perdu ses deux parents en peu de temps. Lors des fun\u00e9railles de son p\u00e8re Louis (80 ans), en mauvaise sant\u00e9 depuis longtemps, sa m\u00e8re Louisette s&rsquo;est \u00e9galement effondr\u00e9e \u00e0 cause d&rsquo;une h\u00e9morragie c\u00e9r\u00e9brale.<\/p>\n<p>De Boeck avait 54 ans. Il est mort entour\u00e9 de sa famille. (cr\u00e9er)<\/p>\n","protected":false},"excerpt":{"rendered":"<p>L&rsquo;ancien footballeur belge Glen De Boeck est d\u00e9c\u00e9d\u00e9 dans la nuit de dimanche \u00e0 lundi \u00e0 l&rsquo;\u00e2ge de 54 ans. Vendredi, il a subi une<\/p>\n","protected":false},"author":1,"featured_media":11762,"comment_status":"","ping_status":"","sticky":false,"template":"","format":"standard","meta":{"footnotes":""},"categories":[298],"tags":[410,9505,1104,9504,915,4580,697,9275],"class_list":["post-11761","post","type-post","status-publish","format-standard","has-post-thumbnail","hentry","category-belgique","tag-belge","tag-boeck","tag-football","tag-glen","tag-joueur","tag-national","tag-perte","tag-pleure","generate-columns","tablet-grid-50","mobile-grid-100","grid-parent","grid-33"],"yoast_head":"<!-- This site is optimized with the Yoast SEO plugin v24.0 - https:\/\/yoast.com\/wordpress\/plugins\/seo\/ -->\n<title>Le football belge pleure la perte du joueur national Glen De Boeck | Vie Associative<\/title>\n<meta name=\"robots\" content=\"index, follow, max-snippet:-1, max-image-preview:large, max-video-preview:-1\" \/>\n<link rel=\"canonical\" href=\"https:\/\/vieassociative.be\/actualites\/le-football-belge-pleure-la-perte-du-joueur-national-glen-de-boeck\/\" \/>\n<meta property=\"og:locale\" content=\"fr_FR\" \/>\n<meta property=\"og:type\" content=\"article\" \/>\n<meta property=\"og:title\" content=\"Le football belge pleure la perte du joueur national Glen De Boeck | Vie Associative\" \/>\n<meta property=\"og:description\" content=\"L&rsquo;ancien footballeur belge Glen De Boeck est d\u00e9c\u00e9d\u00e9 dans la nuit de dimanche \u00e0 lundi \u00e0 l&rsquo;\u00e2ge de 54 ans. Vendredi, il a subi une\" \/>\n<meta property=\"og:url\" content=\"https:\/\/vieassociative.be\/actualites\/le-football-belge-pleure-la-perte-du-joueur-national-glen-de-boeck\/\" \/>\n<meta property=\"og:site_name\" content=\"Vie Associative\" \/>\n<meta property=\"article:published_time\" content=\"2025-12-09T08:17:49+00:00\" \/>\n<meta property=\"og:image\" content=\"https:\/\/vieassociative.be\/actualites\/wp-content\/uploads\/2024\/09\/header_backgroundk-01-e1726694325946.png\" \/>\n\t<meta property=\"og:image:width\" content=\"279\" \/>\n\t<meta property=\"og:image:height\" content=\"92\" \/>\n\t<meta property=\"og:image:type\" content=\"image\/png\" \/>\n<meta name=\"author\" content=\"Julien\" \/>\n<meta name=\"twitter:card\" content=\"summary_large_image\" \/>\n<meta name=\"twitter:label1\" content=\"\u00c9crit par\" \/>\n\t<meta name=\"twitter:data1\" content=\"Julien\" \/>\n\t<meta name=\"twitter:label2\" content=\"Dur\u00e9e de lecture est.\" \/>\n\t<meta name=\"twitter:data2\" content=\"2 minutes\" \/>\n<script type=\"application\/ld+json\" class=\"yoast-schema-graph\">{\"@context\":\"https:\/\/schema.org\",\"@graph\":[{\"@type\":\"Article\",\"@id\":\"https:\/\/vieassociative.be\/actualites\/le-football-belge-pleure-la-perte-du-joueur-national-glen-de-boeck\/#article\",\"isPartOf\":{\"@id\":\"https:\/\/vieassociative.be\/actualites\/le-football-belge-pleure-la-perte-du-joueur-national-glen-de-boeck\/\"},\"author\":{\"name\":\"Julien\",\"@id\":\"https:\/\/vieassociative.be\/actualites\/#\/schema\/person\/b87ac4f82f9d4e7b7cec7395b679edc4\"},\"headline\":\"Le football belge pleure la perte du joueur national Glen De Boeck\",\"datePublished\":\"2025-12-09T08:17:49+00:00\",\"dateModified\":\"2025-12-09T08:17:49+00:00\",\"mainEntityOfPage\":{\"@id\":\"https:\/\/vieassociative.be\/actualites\/le-football-belge-pleure-la-perte-du-joueur-national-glen-de-boeck\/\"},\"wordCount\":323,\"publisher\":{\"@id\":\"https:\/\/vieassociative.be\/actualites\/#organization\"},\"image\":{\"@id\":\"https:\/\/vieassociative.be\/actualites\/le-football-belge-pleure-la-perte-du-joueur-national-glen-de-boeck\/#primaryimage\"},\"thumbnailUrl\":\"https:\/\/vieassociative.be\/actualites\/wp-content\/uploads\/2025\/12\/Le-football-belge-pleure-la-perte-du-joueur-national-Glen.jpg\",\"keywords\":[\"belge\",\"Boeck\",\"football\",\"Glen\",\"joueur\",\"National\",\"perte\",\"pleure\"],\"articleSection\":[\"Belgique\"],\"inLanguage\":\"fr-BE\"},{\"@type\":\"WebPage\",\"@id\":\"https:\/\/vieassociative.be\/actualites\/le-football-belge-pleure-la-perte-du-joueur-national-glen-de-boeck\/\",\"url\":\"https:\/\/vieassociative.be\/actualites\/le-football-belge-pleure-la-perte-du-joueur-national-glen-de-boeck\/\",\"name\":\"Le football belge pleure la perte du joueur national Glen De Boeck | Vie Associative\",\"isPartOf\":{\"@id\":\"https:\/\/vieassociative.be\/actualites\/#website\"},\"primaryImageOfPage\":{\"@id\":\"https:\/\/vieassociative.be\/actualites\/le-football-belge-pleure-la-perte-du-joueur-national-glen-de-boeck\/#primaryimage\"},\"image\":{\"@id\":\"https:\/\/vieassociative.be\/actualites\/le-football-belge-pleure-la-perte-du-joueur-national-glen-de-boeck\/#primaryimage\"},\"thumbnailUrl\":\"https:\/\/vieassociative.be\/actualites\/wp-content\/uploads\/2025\/12\/Le-football-belge-pleure-la-perte-du-joueur-national-Glen.jpg\",\"datePublished\":\"2025-12-09T08:17:49+00:00\",\"dateModified\":\"2025-12-09T08:17:49+00:00\",\"breadcrumb\":{\"@id\":\"https:\/\/vieassociative.be\/actualites\/le-football-belge-pleure-la-perte-du-joueur-national-glen-de-boeck\/#breadcrumb\"},\"inLanguage\":\"fr-BE\",\"potentialAction\":[{\"@type\":\"ReadAction\",\"target\":[\"https:\/\/vieassociative.be\/actualites\/le-football-belge-pleure-la-perte-du-joueur-national-glen-de-boeck\/\"]}]},{\"@type\":\"ImageObject\",\"inLanguage\":\"fr-BE\",\"@id\":\"https:\/\/vieassociative.be\/actualites\/le-football-belge-pleure-la-perte-du-joueur-national-glen-de-boeck\/#primaryimage\",\"url\":\"https:\/\/vieassociative.be\/actualites\/wp-content\/uploads\/2025\/12\/Le-football-belge-pleure-la-perte-du-joueur-national-Glen.jpg\",\"contentUrl\":\"https:\/\/vieassociative.be\/actualites\/wp-content\/uploads\/2025\/12\/Le-football-belge-pleure-la-perte-du-joueur-national-Glen.jpg\",\"width\":1200,\"height\":800,\"caption\":\"Le football belge pleure la perte du joueur national Glen De Boeck\"},{\"@type\":\"BreadcrumbList\",\"@id\":\"https:\/\/vieassociative.be\/actualites\/le-football-belge-pleure-la-perte-du-joueur-national-glen-de-boeck\/#breadcrumb\",\"itemListElement\":[{\"@type\":\"ListItem\",\"position\":1,\"name\":\"Accueil\",\"item\":\"https:\/\/vieassociative.be\/actualites\/\"},{\"@type\":\"ListItem\",\"position\":2,\"name\":\"Le football belge pleure la perte du joueur national Glen De Boeck\"}]},{\"@type\":\"WebSite\",\"@id\":\"https:\/\/vieassociative.be\/actualites\/#website\",\"url\":\"https:\/\/vieassociative.be\/actualites\/\",\"name\":\"Vie Associative\",\"description\":\"\",\"publisher\":{\"@id\":\"https:\/\/vieassociative.be\/actualites\/#organization\"},\"potentialAction\":[{\"@type\":\"SearchAction\",\"target\":{\"@type\":\"EntryPoint\",\"urlTemplate\":\"https:\/\/vieassociative.be\/actualites\/?s={search_term_string}\"},\"query-input\":{\"@type\":\"PropertyValueSpecification\",\"valueRequired\":true,\"valueName\":\"search_term_string\"}}],\"inLanguage\":\"fr-BE\"},{\"@type\":\"Organization\",\"@id\":\"https:\/\/vieassociative.be\/actualites\/#organization\",\"name\":\"Vie Associative\",\"url\":\"https:\/\/vieassociative.be\/actualites\/\",\"logo\":{\"@type\":\"ImageObject\",\"inLanguage\":\"fr-BE\",\"@id\":\"https:\/\/vieassociative.be\/actualites\/#\/schema\/logo\/image\/\",\"url\":\"https:\/\/vieassociative.be\/actualites\/wp-content\/uploads\/2024\/09\/cropped-vieassociative_favicon.ico.png\",\"contentUrl\":\"https:\/\/vieassociative.be\/actualites\/wp-content\/uploads\/2024\/09\/cropped-vieassociative_favicon.ico.png\",\"width\":512,\"height\":512,\"caption\":\"Vie Associative\"},\"image\":{\"@id\":\"https:\/\/vieassociative.be\/actualites\/#\/schema\/logo\/image\/\"}},{\"@type\":\"Person\",\"@id\":\"https:\/\/vieassociative.be\/actualites\/#\/schema\/person\/b87ac4f82f9d4e7b7cec7395b679edc4\",\"name\":\"Julien\",\"image\":{\"@type\":\"ImageObject\",\"inLanguage\":\"fr-BE\",\"@id\":\"https:\/\/vieassociative.be\/actualites\/#\/schema\/person\/image\/\",\"url\":\"https:\/\/vieassociative.be\/actualites\/wp-content\/uploads\/2024\/09\/vie-associative-1-150x150.jpg\",\"contentUrl\":\"https:\/\/vieassociative.be\/actualites\/wp-content\/uploads\/2024\/09\/vie-associative-1-150x150.jpg\",\"caption\":\"Julien\"},\"description\":\"Je suis Julien, r\u00e9dacteur pour Vie Associative. Passionn\u00e9 par le monde associatif depuis plus de 10 ans, j'ai \u00e0 c\u0153ur de partager des histoires inspirantes et de mettre en lumi\u00e8re les initiatives locales. Mon objectif est de sensibiliser et d'encourager l'engagement communautaire \u00e0 travers mes articles.\",\"sameAs\":[\"https:\/\/vieassociative.be\/\"]}]}<\/script>\n<!-- \/ Yoast SEO plugin. -->","yoast_head_json":{"title":"Le football belge pleure la perte du joueur national Glen De Boeck | Vie Associative","robots":{"index":"index","follow":"follow","max-snippet":"max-snippet:-1","max-image-preview":"max-image-preview:large","max-video-preview":"max-video-preview:-1"},"canonical":"https:\/\/vieassociative.be\/actualites\/le-football-belge-pleure-la-perte-du-joueur-national-glen-de-boeck\/","og_locale":"fr_FR","og_type":"article","og_title":"Le football belge pleure la perte du joueur national Glen De Boeck | Vie Associative","og_description":"L&rsquo;ancien footballeur belge Glen De Boeck est d\u00e9c\u00e9d\u00e9 dans la nuit de dimanche \u00e0 lundi \u00e0 l&rsquo;\u00e2ge de 54 ans. Vendredi, il a subi une","og_url":"https:\/\/vieassociative.be\/actualites\/le-football-belge-pleure-la-perte-du-joueur-national-glen-de-boeck\/","og_site_name":"Vie Associative","article_published_time":"2025-12-09T08:17:49+00:00","og_image":[{"width":279,"height":92,"url":"https:\/\/vieassociative.be\/actualites\/wp-content\/uploads\/2024\/09\/header_backgroundk-01-e1726694325946.png","type":"image\/png"}],"author":"Julien","twitter_card":"summary_large_image","twitter_misc":{"\u00c9crit par":"Julien","Dur\u00e9e de lecture est.":"2 minutes"},"schema":{"@context":"https:\/\/schema.org","@graph":[{"@type":"Article","@id":"https:\/\/vieassociative.be\/actualites\/le-football-belge-pleure-la-perte-du-joueur-national-glen-de-boeck\/#article","isPartOf":{"@id":"https:\/\/vieassociative.be\/actualites\/le-football-belge-pleure-la-perte-du-joueur-national-glen-de-boeck\/"},"author":{"name":"Julien","@id":"https:\/\/vieassociative.be\/actualites\/#\/schema\/person\/b87ac4f82f9d4e7b7cec7395b679edc4"},"headline":"Le football belge pleure la perte du joueur national Glen De Boeck","datePublished":"2025-12-09T08:17:49+00:00","dateModified":"2025-12-09T08:17:49+00:00","mainEntityOfPage":{"@id":"https:\/\/vieassociative.be\/actualites\/le-football-belge-pleure-la-perte-du-joueur-national-glen-de-boeck\/"},"wordCount":323,"publisher":{"@id":"https:\/\/vieassociative.be\/actualites\/#organization"},"image":{"@id":"https:\/\/vieassociative.be\/actualites\/le-football-belge-pleure-la-perte-du-joueur-national-glen-de-boeck\/#primaryimage"},"thumbnailUrl":"https:\/\/vieassociative.be\/actualites\/wp-content\/uploads\/2025\/12\/Le-football-belge-pleure-la-perte-du-joueur-national-Glen.jpg","keywords":["belge","Boeck","football","Glen","joueur","National","perte","pleure"],"articleSection":["Belgique"],"inLanguage":"fr-BE"},{"@type":"WebPage","@id":"https:\/\/vieassociative.be\/actualites\/le-football-belge-pleure-la-perte-du-joueur-national-glen-de-boeck\/","url":"https:\/\/vieassociative.be\/actualites\/le-football-belge-pleure-la-perte-du-joueur-national-glen-de-boeck\/","name":"Le football belge pleure la perte du joueur national Glen De Boeck | Vie Associative","isPartOf":{"@id":"https:\/\/vieassociative.be\/actualites\/#website"},"primaryImageOfPage":{"@id":"https:\/\/vieassociative.be\/actualites\/le-football-belge-pleure-la-perte-du-joueur-national-glen-de-boeck\/#primaryimage"},"image":{"@id":"https:\/\/vieassociative.be\/actualites\/le-football-belge-pleure-la-perte-du-joueur-national-glen-de-boeck\/#primaryimage"},"thumbnailUrl":"https:\/\/vieassociative.be\/actualites\/wp-content\/uploads\/2025\/12\/Le-football-belge-pleure-la-perte-du-joueur-national-Glen.jpg","datePublished":"2025-12-09T08:17:49+00:00","dateModified":"2025-12-09T08:17:49+00:00","breadcrumb":{"@id":"https:\/\/vieassociative.be\/actualites\/le-football-belge-pleure-la-perte-du-joueur-national-glen-de-boeck\/#breadcrumb"},"inLanguage":"fr-BE","potentialAction":[{"@type":"ReadAction","target":["https:\/\/vieassociative.be\/actualites\/le-football-belge-pleure-la-perte-du-joueur-national-glen-de-boeck\/"]}]},{"@type":"ImageObject","inLanguage":"fr-BE","@id":"https:\/\/vieassociative.be\/actualites\/le-football-belge-pleure-la-perte-du-joueur-national-glen-de-boeck\/#primaryimage","url":"https:\/\/vieassociative.be\/actualites\/wp-content\/uploads\/2025\/12\/Le-football-belge-pleure-la-perte-du-joueur-national-Glen.jpg","contentUrl":"https:\/\/vieassociative.be\/actualites\/wp-content\/uploads\/2025\/12\/Le-football-belge-pleure-la-perte-du-joueur-national-Glen.jpg","width":1200,"height":800,"caption":"Le football belge pleure la perte du joueur national Glen De Boeck"},{"@type":"BreadcrumbList","@id":"https:\/\/vieassociative.be\/actualites\/le-football-belge-pleure-la-perte-du-joueur-national-glen-de-boeck\/#breadcrumb","itemListElement":[{"@type":"ListItem","position":1,"name":"Accueil","item":"https:\/\/vieassociative.be\/actualites\/"},{"@type":"ListItem","position":2,"name":"Le football belge pleure la perte du joueur national Glen De Boeck"}]},{"@type":"WebSite","@id":"https:\/\/vieassociative.be\/actualites\/#website","url":"https:\/\/vieassociative.be\/actualites\/","name":"Vie Associative","description":"","publisher":{"@id":"https:\/\/vieassociative.be\/actualites\/#organization"},"potentialAction":[{"@type":"SearchAction","target":{"@type":"EntryPoint","urlTemplate":"https:\/\/vieassociative.be\/actualites\/?s={search_term_string}"},"query-input":{"@type":"PropertyValueSpecification","valueRequired":true,"valueName":"search_term_string"}}],"inLanguage":"fr-BE"},{"@type":"Organization","@id":"https:\/\/vieassociative.be\/actualites\/#organization","name":"Vie Associative","url":"https:\/\/vieassociative.be\/actualites\/","logo":{"@type":"ImageObject","inLanguage":"fr-BE","@id":"https:\/\/vieassociative.be\/actualites\/#\/schema\/logo\/image\/","url":"https:\/\/vieassociative.be\/actualites\/wp-content\/uploads\/2024\/09\/cropped-vieassociative_favicon.ico.png","contentUrl":"https:\/\/vieassociative.be\/actualites\/wp-content\/uploads\/2024\/09\/cropped-vieassociative_favicon.ico.png","width":512,"height":512,"caption":"Vie Associative"},"image":{"@id":"https:\/\/vieassociative.be\/actualites\/#\/schema\/logo\/image\/"}},{"@type":"Person","@id":"https:\/\/vieassociative.be\/actualites\/#\/schema\/person\/b87ac4f82f9d4e7b7cec7395b679edc4","name":"Julien","image":{"@type":"ImageObject","inLanguage":"fr-BE","@id":"https:\/\/vieassociative.be\/actualites\/#\/schema\/person\/image\/","url":"https:\/\/vieassociative.be\/actualites\/wp-content\/uploads\/2024\/09\/vie-associative-1-150x150.jpg","contentUrl":"https:\/\/vieassociative.be\/actualites\/wp-content\/uploads\/2024\/09\/vie-associative-1-150x150.jpg","caption":"Julien"},"description":"Je suis Julien, r\u00e9dacteur pour Vie Associative. Passionn\u00e9 par le monde associatif depuis plus de 10 ans, j'ai \u00e0 c\u0153ur de partager des histoires inspirantes et de mettre en lumi\u00e8re les initiatives locales. Mon objectif est de sensibiliser et d'encourager l'engagement communautaire \u00e0 travers mes articles.","sameAs":["https:\/\/vieassociative.be\/"]}]}},"_links":{"self":[{"href":"https:\/\/vieassociative.be\/actualites\/wp-json\/wp\/v2\/posts\/11761"}],"collection":[{"href":"https:\/\/vieassociative.be\/actualites\/wp-json\/wp\/v2\/posts"}],"about":[{"href":"https:\/\/vieassociative.be\/actualites\/wp-json\/wp\/v2\/types\/post"}],"author":[{"embeddable":true,"href":"https:\/\/vieassociative.be\/actualites\/wp-json\/wp\/v2\/users\/1"}],"replies":[{"embeddable":true,"href":"https:\/\/vieassociative.be\/actualites\/wp-json\/wp\/v2\/comments?post=11761"}],"version-history":[{"count":0,"href":"https:\/\/vieassociative.be\/actualites\/wp-json\/wp\/v2\/posts\/11761\/revisions"}],"wp:featuredmedia":[{"embeddable":true,"href":"https:\/\/vieassociative.be\/actualites\/wp-json\/wp\/v2\/media\/11762"}],"wp:attachment":[{"href":"https:\/\/vieassociative.be\/actualites\/wp-json\/wp\/v2\/media?parent=11761"}],"wp:term":[{"taxonomy":"category","embeddable":true,"href":"https:\/\/vieassociative.be\/actualites\/wp-json\/wp\/v2\/categories?post=11761"},{"taxonomy":"post_tag","embeddable":true,"href":"https:\/\/vieassociative.be\/actualites\/wp-json\/wp\/v2\/tags?post=11761"}],"curies":[{"name":"wp","href":"https:\/\/api.w.org\/{rel}","templated":true}]}}