{"id":11757,"date":"2025-12-09T03:17:20","date_gmt":"2025-12-09T02:17:20","guid":{"rendered":"https:\/\/vieassociative.be\/actualites\/vues-deupen-un-autre-regard-au-musee-de-la-ville\/"},"modified":"2025-12-09T03:17:20","modified_gmt":"2025-12-09T02:17:20","slug":"vues-deupen-un-autre-regard-au-musee-de-la-ville","status":"publish","type":"post","link":"https:\/\/vieassociative.be\/actualites\/vues-deupen-un-autre-regard-au-musee-de-la-ville\/","title":{"rendered":"\u00ab Vues d&rsquo;Eupen \u2013 Un autre regard \u00bb au mus\u00e9e de la ville"},"content":{"rendered":"<p><strong>\u00ab Eupen Views \u2013 A Different View \u00bb : C&rsquo;est avec cette devise que le roi pr\u00e9sente. Club photo F64 Eupen les samedi 13 et dimanche 14 d\u00e9cembre, de 13h \u00e0 17h. \u00e0 17 heures &#8211; l&rsquo;exposition d&rsquo;hiver de cette ann\u00e9e au Mus\u00e9e de la Ville d&rsquo;Eupen.<\/strong><\/p>\n<p><span id=\"more-431351\"><\/span>L&rsquo;exposition ouvre le vendredi 12 d\u00e9cembre \u00e0 18h. L\u2019entr\u00e9e \u00e0 l\u2019exposition est gratuite les jours mentionn\u00e9s.<\/p>\n<p>Des nouvelles vues de sites c\u00e9l\u00e8bres de la ville de la Weser et des aper\u00e7us surprenants de tr\u00e9sors cach\u00e9s sont pr\u00e9sent\u00e9s. Des incursions communes \u00e0 Eupen, des visites approfondies de monuments architecturaux connus et moins connus et un regard ouvert sur ce qui semble sans importance d\u00e9terminent la s\u00e9lection des images. Les visiteurs de l\u2019exposition d\u00e9couvrent Eupen sous diff\u00e9rents angles.<\/p>\n","protected":false},"excerpt":{"rendered":"<p>\u00ab Eupen Views \u2013 A Different View \u00bb : C&rsquo;est avec cette devise que le roi pr\u00e9sente. Club photo F64 Eupen les samedi 13 et<\/p>\n","protected":false},"author":1,"featured_media":11758,"comment_status":"","ping_status":"","sticky":false,"template":"","format":"standard","meta":{"footnotes":""},"categories":[298],"tags":[3090,2403,8959,3648,684,1823],"class_list":["post-11757","post","type-post","status-publish","format-standard","has-post-thumbnail","hentry","category-belgique","tag-autre","tag-deupen","tag-musee","tag-regard","tag-ville","tag-vues","generate-columns","tablet-grid-50","mobile-grid-100","grid-parent","grid-33"],"yoast_head":"<!-- This site is optimized with the Yoast SEO plugin v24.0 - https:\/\/yoast.com\/wordpress\/plugins\/seo\/ -->\n<title>\u00ab Vues d&#039;Eupen \u2013 Un autre regard \u00bb au mus\u00e9e de la ville | Vie Associative<\/title>\n<meta name=\"robots\" content=\"index, follow, max-snippet:-1, max-image-preview:large, max-video-preview:-1\" \/>\n<link rel=\"canonical\" href=\"https:\/\/vieassociative.be\/actualites\/vues-deupen-un-autre-regard-au-musee-de-la-ville\/\" \/>\n<meta property=\"og:locale\" content=\"fr_FR\" \/>\n<meta property=\"og:type\" content=\"article\" \/>\n<meta property=\"og:title\" content=\"\u00ab Vues d&#039;Eupen \u2013 Un autre regard \u00bb au mus\u00e9e de la ville | Vie Associative\" \/>\n<meta property=\"og:description\" content=\"\u00ab Eupen Views \u2013 A Different View \u00bb : C&rsquo;est avec cette devise que le roi pr\u00e9sente. Club photo F64 Eupen les samedi 13 et\" \/>\n<meta property=\"og:url\" content=\"https:\/\/vieassociative.be\/actualites\/vues-deupen-un-autre-regard-au-musee-de-la-ville\/\" \/>\n<meta property=\"og:site_name\" content=\"Vie Associative\" \/>\n<meta property=\"article:published_time\" content=\"2025-12-09T02:17:20+00:00\" \/>\n<meta property=\"og:image\" content=\"https:\/\/vieassociative.be\/actualites\/wp-content\/uploads\/2024\/09\/header_backgroundk-01-e1726694325946.png\" \/>\n\t<meta property=\"og:image:width\" content=\"279\" \/>\n\t<meta property=\"og:image:height\" content=\"92\" \/>\n\t<meta property=\"og:image:type\" content=\"image\/png\" \/>\n<meta name=\"author\" content=\"Julien\" \/>\n<meta name=\"twitter:card\" content=\"summary_large_image\" \/>\n<meta name=\"twitter:label1\" content=\"\u00c9crit par\" \/>\n\t<meta name=\"twitter:data1\" content=\"Julien\" \/>\n\t<meta name=\"twitter:label2\" content=\"Dur\u00e9e de lecture est.\" \/>\n\t<meta name=\"twitter:data2\" content=\"1 minute\" \/>\n<script type=\"application\/ld+json\" class=\"yoast-schema-graph\">{\"@context\":\"https:\/\/schema.org\",\"@graph\":[{\"@type\":\"Article\",\"@id\":\"https:\/\/vieassociative.be\/actualites\/vues-deupen-un-autre-regard-au-musee-de-la-ville\/#article\",\"isPartOf\":{\"@id\":\"https:\/\/vieassociative.be\/actualites\/vues-deupen-un-autre-regard-au-musee-de-la-ville\/\"},\"author\":{\"name\":\"Julien\",\"@id\":\"https:\/\/vieassociative.be\/actualites\/#\/schema\/person\/b87ac4f82f9d4e7b7cec7395b679edc4\"},\"headline\":\"\u00ab Vues d&rsquo;Eupen \u2013 Un autre regard \u00bb au mus\u00e9e de la ville\",\"datePublished\":\"2025-12-09T02:17:20+00:00\",\"dateModified\":\"2025-12-09T02:17:20+00:00\",\"mainEntityOfPage\":{\"@id\":\"https:\/\/vieassociative.be\/actualites\/vues-deupen-un-autre-regard-au-musee-de-la-ville\/\"},\"wordCount\":148,\"publisher\":{\"@id\":\"https:\/\/vieassociative.be\/actualites\/#organization\"},\"image\":{\"@id\":\"https:\/\/vieassociative.be\/actualites\/vues-deupen-un-autre-regard-au-musee-de-la-ville\/#primaryimage\"},\"thumbnailUrl\":\"https:\/\/vieassociative.be\/actualites\/wp-content\/uploads\/2025\/12\/Vues-dEupen-\u2013-Un-autre-regard-au-musee.jpg\",\"keywords\":[\"autre\",\"dEupen\",\"mus\u00e9e\",\"regard\",\"ville\",\"vues\"],\"articleSection\":[\"Belgique\"],\"inLanguage\":\"fr-BE\"},{\"@type\":\"WebPage\",\"@id\":\"https:\/\/vieassociative.be\/actualites\/vues-deupen-un-autre-regard-au-musee-de-la-ville\/\",\"url\":\"https:\/\/vieassociative.be\/actualites\/vues-deupen-un-autre-regard-au-musee-de-la-ville\/\",\"name\":\"\u00ab Vues d'Eupen \u2013 Un autre regard \u00bb au mus\u00e9e de la ville | Vie Associative\",\"isPartOf\":{\"@id\":\"https:\/\/vieassociative.be\/actualites\/#website\"},\"primaryImageOfPage\":{\"@id\":\"https:\/\/vieassociative.be\/actualites\/vues-deupen-un-autre-regard-au-musee-de-la-ville\/#primaryimage\"},\"image\":{\"@id\":\"https:\/\/vieassociative.be\/actualites\/vues-deupen-un-autre-regard-au-musee-de-la-ville\/#primaryimage\"},\"thumbnailUrl\":\"https:\/\/vieassociative.be\/actualites\/wp-content\/uploads\/2025\/12\/Vues-dEupen-\u2013-Un-autre-regard-au-musee.jpg\",\"datePublished\":\"2025-12-09T02:17:20+00:00\",\"dateModified\":\"2025-12-09T02:17:20+00:00\",\"breadcrumb\":{\"@id\":\"https:\/\/vieassociative.be\/actualites\/vues-deupen-un-autre-regard-au-musee-de-la-ville\/#breadcrumb\"},\"inLanguage\":\"fr-BE\",\"potentialAction\":[{\"@type\":\"ReadAction\",\"target\":[\"https:\/\/vieassociative.be\/actualites\/vues-deupen-un-autre-regard-au-musee-de-la-ville\/\"]}]},{\"@type\":\"ImageObject\",\"inLanguage\":\"fr-BE\",\"@id\":\"https:\/\/vieassociative.be\/actualites\/vues-deupen-un-autre-regard-au-musee-de-la-ville\/#primaryimage\",\"url\":\"https:\/\/vieassociative.be\/actualites\/wp-content\/uploads\/2025\/12\/Vues-dEupen-\u2013-Un-autre-regard-au-musee.jpg\",\"contentUrl\":\"https:\/\/vieassociative.be\/actualites\/wp-content\/uploads\/2025\/12\/Vues-dEupen-\u2013-Un-autre-regard-au-musee.jpg\",\"width\":794,\"height\":1123,\"caption\":\"\u00ab Vues d'Eupen \u2013 Un autre regard \u00bb au mus\u00e9e de la ville\"},{\"@type\":\"BreadcrumbList\",\"@id\":\"https:\/\/vieassociative.be\/actualites\/vues-deupen-un-autre-regard-au-musee-de-la-ville\/#breadcrumb\",\"itemListElement\":[{\"@type\":\"ListItem\",\"position\":1,\"name\":\"Accueil\",\"item\":\"https:\/\/vieassociative.be\/actualites\/\"},{\"@type\":\"ListItem\",\"position\":2,\"name\":\"\u00ab Vues d&rsquo;Eupen \u2013 Un autre regard \u00bb au mus\u00e9e de la ville\"}]},{\"@type\":\"WebSite\",\"@id\":\"https:\/\/vieassociative.be\/actualites\/#website\",\"url\":\"https:\/\/vieassociative.be\/actualites\/\",\"name\":\"Vie Associative\",\"description\":\"\",\"publisher\":{\"@id\":\"https:\/\/vieassociative.be\/actualites\/#organization\"},\"potentialAction\":[{\"@type\":\"SearchAction\",\"target\":{\"@type\":\"EntryPoint\",\"urlTemplate\":\"https:\/\/vieassociative.be\/actualites\/?s={search_term_string}\"},\"query-input\":{\"@type\":\"PropertyValueSpecification\",\"valueRequired\":true,\"valueName\":\"search_term_string\"}}],\"inLanguage\":\"fr-BE\"},{\"@type\":\"Organization\",\"@id\":\"https:\/\/vieassociative.be\/actualites\/#organization\",\"name\":\"Vie Associative\",\"url\":\"https:\/\/vieassociative.be\/actualites\/\",\"logo\":{\"@type\":\"ImageObject\",\"inLanguage\":\"fr-BE\",\"@id\":\"https:\/\/vieassociative.be\/actualites\/#\/schema\/logo\/image\/\",\"url\":\"https:\/\/vieassociative.be\/actualites\/wp-content\/uploads\/2024\/09\/cropped-vieassociative_favicon.ico.png\",\"contentUrl\":\"https:\/\/vieassociative.be\/actualites\/wp-content\/uploads\/2024\/09\/cropped-vieassociative_favicon.ico.png\",\"width\":512,\"height\":512,\"caption\":\"Vie Associative\"},\"image\":{\"@id\":\"https:\/\/vieassociative.be\/actualites\/#\/schema\/logo\/image\/\"}},{\"@type\":\"Person\",\"@id\":\"https:\/\/vieassociative.be\/actualites\/#\/schema\/person\/b87ac4f82f9d4e7b7cec7395b679edc4\",\"name\":\"Julien\",\"image\":{\"@type\":\"ImageObject\",\"inLanguage\":\"fr-BE\",\"@id\":\"https:\/\/vieassociative.be\/actualites\/#\/schema\/person\/image\/\",\"url\":\"https:\/\/vieassociative.be\/actualites\/wp-content\/uploads\/2024\/09\/vie-associative-1-150x150.jpg\",\"contentUrl\":\"https:\/\/vieassociative.be\/actualites\/wp-content\/uploads\/2024\/09\/vie-associative-1-150x150.jpg\",\"caption\":\"Julien\"},\"description\":\"Je suis Julien, r\u00e9dacteur pour Vie Associative. Passionn\u00e9 par le monde associatif depuis plus de 10 ans, j'ai \u00e0 c\u0153ur de partager des histoires inspirantes et de mettre en lumi\u00e8re les initiatives locales. Mon objectif est de sensibiliser et d'encourager l'engagement communautaire \u00e0 travers mes articles.\",\"sameAs\":[\"https:\/\/vieassociative.be\/\"]}]}<\/script>\n<!-- \/ Yoast SEO plugin. -->","yoast_head_json":{"title":"\u00ab Vues d'Eupen \u2013 Un autre regard \u00bb au mus\u00e9e de la ville | Vie Associative","robots":{"index":"index","follow":"follow","max-snippet":"max-snippet:-1","max-image-preview":"max-image-preview:large","max-video-preview":"max-video-preview:-1"},"canonical":"https:\/\/vieassociative.be\/actualites\/vues-deupen-un-autre-regard-au-musee-de-la-ville\/","og_locale":"fr_FR","og_type":"article","og_title":"\u00ab Vues d'Eupen \u2013 Un autre regard \u00bb au mus\u00e9e de la ville | Vie Associative","og_description":"\u00ab Eupen Views \u2013 A Different View \u00bb : C&rsquo;est avec cette devise que le roi pr\u00e9sente. Club photo F64 Eupen les samedi 13 et","og_url":"https:\/\/vieassociative.be\/actualites\/vues-deupen-un-autre-regard-au-musee-de-la-ville\/","og_site_name":"Vie Associative","article_published_time":"2025-12-09T02:17:20+00:00","og_image":[{"width":279,"height":92,"url":"https:\/\/vieassociative.be\/actualites\/wp-content\/uploads\/2024\/09\/header_backgroundk-01-e1726694325946.png","type":"image\/png"}],"author":"Julien","twitter_card":"summary_large_image","twitter_misc":{"\u00c9crit par":"Julien","Dur\u00e9e de lecture est.":"1 minute"},"schema":{"@context":"https:\/\/schema.org","@graph":[{"@type":"Article","@id":"https:\/\/vieassociative.be\/actualites\/vues-deupen-un-autre-regard-au-musee-de-la-ville\/#article","isPartOf":{"@id":"https:\/\/vieassociative.be\/actualites\/vues-deupen-un-autre-regard-au-musee-de-la-ville\/"},"author":{"name":"Julien","@id":"https:\/\/vieassociative.be\/actualites\/#\/schema\/person\/b87ac4f82f9d4e7b7cec7395b679edc4"},"headline":"\u00ab Vues d&rsquo;Eupen \u2013 Un autre regard \u00bb au mus\u00e9e de la ville","datePublished":"2025-12-09T02:17:20+00:00","dateModified":"2025-12-09T02:17:20+00:00","mainEntityOfPage":{"@id":"https:\/\/vieassociative.be\/actualites\/vues-deupen-un-autre-regard-au-musee-de-la-ville\/"},"wordCount":148,"publisher":{"@id":"https:\/\/vieassociative.be\/actualites\/#organization"},"image":{"@id":"https:\/\/vieassociative.be\/actualites\/vues-deupen-un-autre-regard-au-musee-de-la-ville\/#primaryimage"},"thumbnailUrl":"https:\/\/vieassociative.be\/actualites\/wp-content\/uploads\/2025\/12\/Vues-dEupen-\u2013-Un-autre-regard-au-musee.jpg","keywords":["autre","dEupen","mus\u00e9e","regard","ville","vues"],"articleSection":["Belgique"],"inLanguage":"fr-BE"},{"@type":"WebPage","@id":"https:\/\/vieassociative.be\/actualites\/vues-deupen-un-autre-regard-au-musee-de-la-ville\/","url":"https:\/\/vieassociative.be\/actualites\/vues-deupen-un-autre-regard-au-musee-de-la-ville\/","name":"\u00ab Vues d'Eupen \u2013 Un autre regard \u00bb au mus\u00e9e de la ville | Vie Associative","isPartOf":{"@id":"https:\/\/vieassociative.be\/actualites\/#website"},"primaryImageOfPage":{"@id":"https:\/\/vieassociative.be\/actualites\/vues-deupen-un-autre-regard-au-musee-de-la-ville\/#primaryimage"},"image":{"@id":"https:\/\/vieassociative.be\/actualites\/vues-deupen-un-autre-regard-au-musee-de-la-ville\/#primaryimage"},"thumbnailUrl":"https:\/\/vieassociative.be\/actualites\/wp-content\/uploads\/2025\/12\/Vues-dEupen-\u2013-Un-autre-regard-au-musee.jpg","datePublished":"2025-12-09T02:17:20+00:00","dateModified":"2025-12-09T02:17:20+00:00","breadcrumb":{"@id":"https:\/\/vieassociative.be\/actualites\/vues-deupen-un-autre-regard-au-musee-de-la-ville\/#breadcrumb"},"inLanguage":"fr-BE","potentialAction":[{"@type":"ReadAction","target":["https:\/\/vieassociative.be\/actualites\/vues-deupen-un-autre-regard-au-musee-de-la-ville\/"]}]},{"@type":"ImageObject","inLanguage":"fr-BE","@id":"https:\/\/vieassociative.be\/actualites\/vues-deupen-un-autre-regard-au-musee-de-la-ville\/#primaryimage","url":"https:\/\/vieassociative.be\/actualites\/wp-content\/uploads\/2025\/12\/Vues-dEupen-\u2013-Un-autre-regard-au-musee.jpg","contentUrl":"https:\/\/vieassociative.be\/actualites\/wp-content\/uploads\/2025\/12\/Vues-dEupen-\u2013-Un-autre-regard-au-musee.jpg","width":794,"height":1123,"caption":"\u00ab Vues d'Eupen \u2013 Un autre regard \u00bb au mus\u00e9e de la ville"},{"@type":"BreadcrumbList","@id":"https:\/\/vieassociative.be\/actualites\/vues-deupen-un-autre-regard-au-musee-de-la-ville\/#breadcrumb","itemListElement":[{"@type":"ListItem","position":1,"name":"Accueil","item":"https:\/\/vieassociative.be\/actualites\/"},{"@type":"ListItem","position":2,"name":"\u00ab Vues d&rsquo;Eupen \u2013 Un autre regard \u00bb au mus\u00e9e de la ville"}]},{"@type":"WebSite","@id":"https:\/\/vieassociative.be\/actualites\/#website","url":"https:\/\/vieassociative.be\/actualites\/","name":"Vie Associative","description":"","publisher":{"@id":"https:\/\/vieassociative.be\/actualites\/#organization"},"potentialAction":[{"@type":"SearchAction","target":{"@type":"EntryPoint","urlTemplate":"https:\/\/vieassociative.be\/actualites\/?s={search_term_string}"},"query-input":{"@type":"PropertyValueSpecification","valueRequired":true,"valueName":"search_term_string"}}],"inLanguage":"fr-BE"},{"@type":"Organization","@id":"https:\/\/vieassociative.be\/actualites\/#organization","name":"Vie Associative","url":"https:\/\/vieassociative.be\/actualites\/","logo":{"@type":"ImageObject","inLanguage":"fr-BE","@id":"https:\/\/vieassociative.be\/actualites\/#\/schema\/logo\/image\/","url":"https:\/\/vieassociative.be\/actualites\/wp-content\/uploads\/2024\/09\/cropped-vieassociative_favicon.ico.png","contentUrl":"https:\/\/vieassociative.be\/actualites\/wp-content\/uploads\/2024\/09\/cropped-vieassociative_favicon.ico.png","width":512,"height":512,"caption":"Vie Associative"},"image":{"@id":"https:\/\/vieassociative.be\/actualites\/#\/schema\/logo\/image\/"}},{"@type":"Person","@id":"https:\/\/vieassociative.be\/actualites\/#\/schema\/person\/b87ac4f82f9d4e7b7cec7395b679edc4","name":"Julien","image":{"@type":"ImageObject","inLanguage":"fr-BE","@id":"https:\/\/vieassociative.be\/actualites\/#\/schema\/person\/image\/","url":"https:\/\/vieassociative.be\/actualites\/wp-content\/uploads\/2024\/09\/vie-associative-1-150x150.jpg","contentUrl":"https:\/\/vieassociative.be\/actualites\/wp-content\/uploads\/2024\/09\/vie-associative-1-150x150.jpg","caption":"Julien"},"description":"Je suis Julien, r\u00e9dacteur pour Vie Associative. Passionn\u00e9 par le monde associatif depuis plus de 10 ans, j'ai \u00e0 c\u0153ur de partager des histoires inspirantes et de mettre en lumi\u00e8re les initiatives locales. Mon objectif est de sensibiliser et d'encourager l'engagement communautaire \u00e0 travers mes articles.","sameAs":["https:\/\/vieassociative.be\/"]}]}},"_links":{"self":[{"href":"https:\/\/vieassociative.be\/actualites\/wp-json\/wp\/v2\/posts\/11757"}],"collection":[{"href":"https:\/\/vieassociative.be\/actualites\/wp-json\/wp\/v2\/posts"}],"about":[{"href":"https:\/\/vieassociative.be\/actualites\/wp-json\/wp\/v2\/types\/post"}],"author":[{"embeddable":true,"href":"https:\/\/vieassociative.be\/actualites\/wp-json\/wp\/v2\/users\/1"}],"replies":[{"embeddable":true,"href":"https:\/\/vieassociative.be\/actualites\/wp-json\/wp\/v2\/comments?post=11757"}],"version-history":[{"count":0,"href":"https:\/\/vieassociative.be\/actualites\/wp-json\/wp\/v2\/posts\/11757\/revisions"}],"wp:featuredmedia":[{"embeddable":true,"href":"https:\/\/vieassociative.be\/actualites\/wp-json\/wp\/v2\/media\/11758"}],"wp:attachment":[{"href":"https:\/\/vieassociative.be\/actualites\/wp-json\/wp\/v2\/media?parent=11757"}],"wp:term":[{"taxonomy":"category","embeddable":true,"href":"https:\/\/vieassociative.be\/actualites\/wp-json\/wp\/v2\/categories?post=11757"},{"taxonomy":"post_tag","embeddable":true,"href":"https:\/\/vieassociative.be\/actualites\/wp-json\/wp\/v2\/tags?post=11757"}],"curies":[{"name":"wp","href":"https:\/\/api.w.org\/{rel}","templated":true}]}}