{"id":11753,"date":"2025-12-08T21:17:26","date_gmt":"2025-12-08T20:17:26","guid":{"rendered":"https:\/\/vieassociative.be\/actualites\/big-bang-au-fc-bruges-le-vice-champion-limoge-lentraineur-nicky-hayen-et-ramene-ivan-leko\/"},"modified":"2025-12-08T21:17:26","modified_gmt":"2025-12-08T20:17:26","slug":"big-bang-au-fc-bruges-le-vice-champion-limoge-lentraineur-nicky-hayen-et-ramene-ivan-leko","status":"publish","type":"post","link":"https:\/\/vieassociative.be\/actualites\/big-bang-au-fc-bruges-le-vice-champion-limoge-lentraineur-nicky-hayen-et-ramene-ivan-leko\/","title":{"rendered":"Big bang au FC Bruges : le vice-champion limoge l&rsquo;entra\u00eeneur Nicky Hayen et ram\u00e8ne Ivan Leko"},"content":{"rendered":"<p><strong>Le FC Bruges vient de l\u00e2cher une v\u00e9ritable bombe. Lundi apr\u00e8s-midi, \u00e0 la surprise g\u00e9n\u00e9rale, la direction du club des \u00ab\u00a0Blauw en Zwart\u00a0\u00bb a annonc\u00e9 le licenciement de son entra\u00eeneur Nicky Hayen.<\/strong><\/p>\n<p><span id=\"more-431362\"><\/span>L&rsquo;entra\u00eeneur belge de 45 ans doit payer les mauvais r\u00e9sultats des derni\u00e8res semaines. La d\u00e9faite contre Saint-Trond (2:3) samedi a \u00e9t\u00e9 la goutte d&rsquo;eau qui a fait d\u00e9border le vase.<\/p>\n<p>En championnat, Bruges compte 32 points apr\u00e8s 17 journ\u00e9es, soit cinq de moins que l&rsquo;Union Saint-Gilloise, leader du championnat. Surtout, ils n&rsquo;ont plus gagn\u00e9 depuis trois matches, leur derni\u00e8re victoire remontant \u00e0 Charleroi le 22 novembre.<\/p>\n<div id=\"attachment_192720\" class=\"wp-caption alignleft\" style=\"max-width: 300px\"><img fetchpriority=\"high\" decoding=\"async\" class=\"wp-image-192720 size-medium\" src=\"https:\/\/vieassociative.be\/actualites\/wp-content\/uploads\/2025\/12\/Big-bang-au-FC-Bruges-le-vice-champion-limoge-lentraineur.jpeg\" alt=\"\" width=\"300\" height=\"200\"  ><\/div>\n<p>En Ligue des Champions, les Brugge sont encore loin de la qualification malgr\u00e9 une victoire d&rsquo;entr\u00e9e contre Monaco (4-1) et un impressionnant nul contre le FC Barcelone en novembre dernier (3-3). Les lourdes d\u00e9faites contre le Bayern Munich et le Sporting Lisbonne ont aggrav\u00e9 leur situation.<\/p>\n<p>Les \u00abBlauw en Zwart\u00bb ont ensuite annonc\u00e9 le retour d&rsquo;Ivan Leko (47 ans) au club en tant qu&rsquo;entra\u00eeneur-chef. Le Croate avait d\u00e9j\u00e0 \u00e9t\u00e9 joueur (2005 \u00e0 2008) puis entra\u00eeneur (2017 \u00e0 2019) et avait remport\u00e9 le championnat d\u00e8s sa premi\u00e8re saison en pirogue.<\/p>\n<p>Apr\u00e8s avoir pass\u00e9 du temps au Standard de Li\u00e8ge de janvier 2024 jusqu&rsquo;\u00e0 la fin de la saison derni\u00e8re, il signe avec l&rsquo;AA Gent. Apr\u00e8s seulement 19 matchs \u00e0 la t\u00eate des \u00ab Buffalos \u00bb, le Croate quitte le club pour revenir au Club de Bruges six ans apr\u00e8s son d\u00e9part.<\/p>\n<p>La d\u00e9cision de se s\u00e9parer de Hayen peut para\u00eetre surprenante, mais le timing est tout aussi surprenant. Les Bruggers ont plusieurs matchs importants \u00e0 venir dans les semaines \u00e0 venir, dont un match difficile \u00e0 Arsenal Londres, avant de se rendre \u00e0 Dender et d&rsquo;accueillir l&rsquo;ancien club de Leko, AA Gent. Le lendemain de No\u00ebl, Hans Vanaken &#038; Co. se rendent \u00e0 Genk. (cr\u00e9er)<\/p>\n","protected":false},"excerpt":{"rendered":"<p>Le FC Bruges vient de l\u00e2cher une v\u00e9ritable bombe. Lundi apr\u00e8s-midi, \u00e0 la surprise g\u00e9n\u00e9rale, la direction du club des \u00ab\u00a0Blauw en Zwart\u00a0\u00bb a annonc\u00e9<\/p>\n","protected":false},"author":1,"featured_media":11754,"comment_status":"","ping_status":"","sticky":false,"template":"","format":"standard","meta":{"footnotes":""},"categories":[298],"tags":[7823,9497,2851,9500,9501,9502,3314,2867,9499,6561,9498],"class_list":["post-11753","post","type-post","status-publish","format-standard","has-post-thumbnail","hentry","category-belgique","tag-bang","tag-big","tag-bruges","tag-hayen","tag-ivan","tag-leko","tag-lentraineur","tag-limoge","tag-nicky","tag-ramene","tag-vicechampion","generate-columns","tablet-grid-50","mobile-grid-100","grid-parent","grid-33"],"yoast_head":"<!-- This site is optimized with the Yoast SEO plugin v24.0 - https:\/\/yoast.com\/wordpress\/plugins\/seo\/ -->\n<title>Big bang au FC Bruges : le vice-champion limoge l&#039;entra\u00eeneur Nicky Hayen et ram\u00e8ne Ivan Leko | Vie Associative<\/title>\n<meta name=\"robots\" content=\"index, follow, max-snippet:-1, max-image-preview:large, max-video-preview:-1\" \/>\n<link rel=\"canonical\" href=\"https:\/\/vieassociative.be\/actualites\/big-bang-au-fc-bruges-le-vice-champion-limoge-lentraineur-nicky-hayen-et-ramene-ivan-leko\/\" \/>\n<meta property=\"og:locale\" content=\"fr_FR\" \/>\n<meta property=\"og:type\" content=\"article\" \/>\n<meta property=\"og:title\" content=\"Big bang au FC Bruges : le vice-champion limoge l&#039;entra\u00eeneur Nicky Hayen et ram\u00e8ne Ivan Leko | Vie Associative\" \/>\n<meta property=\"og:description\" content=\"Le FC Bruges vient de l\u00e2cher une v\u00e9ritable bombe. Lundi apr\u00e8s-midi, \u00e0 la surprise g\u00e9n\u00e9rale, la direction du club des \u00ab\u00a0Blauw en Zwart\u00a0\u00bb a annonc\u00e9\" \/>\n<meta property=\"og:url\" content=\"https:\/\/vieassociative.be\/actualites\/big-bang-au-fc-bruges-le-vice-champion-limoge-lentraineur-nicky-hayen-et-ramene-ivan-leko\/\" \/>\n<meta property=\"og:site_name\" content=\"Vie Associative\" \/>\n<meta property=\"article:published_time\" content=\"2025-12-08T20:17:26+00:00\" \/>\n<meta property=\"og:image\" content=\"https:\/\/vieassociative.be\/actualites\/wp-content\/uploads\/2024\/09\/header_backgroundk-01-e1726694325946.png\" \/>\n\t<meta property=\"og:image:width\" content=\"279\" \/>\n\t<meta property=\"og:image:height\" content=\"92\" \/>\n\t<meta property=\"og:image:type\" content=\"image\/png\" \/>\n<meta name=\"author\" content=\"Julien\" \/>\n<meta name=\"twitter:card\" content=\"summary_large_image\" \/>\n<meta name=\"twitter:label1\" content=\"\u00c9crit par\" \/>\n\t<meta name=\"twitter:data1\" content=\"Julien\" \/>\n\t<meta name=\"twitter:label2\" content=\"Dur\u00e9e de lecture est.\" \/>\n\t<meta name=\"twitter:data2\" content=\"2 minutes\" \/>\n<script type=\"application\/ld+json\" class=\"yoast-schema-graph\">{\"@context\":\"https:\/\/schema.org\",\"@graph\":[{\"@type\":\"Article\",\"@id\":\"https:\/\/vieassociative.be\/actualites\/big-bang-au-fc-bruges-le-vice-champion-limoge-lentraineur-nicky-hayen-et-ramene-ivan-leko\/#article\",\"isPartOf\":{\"@id\":\"https:\/\/vieassociative.be\/actualites\/big-bang-au-fc-bruges-le-vice-champion-limoge-lentraineur-nicky-hayen-et-ramene-ivan-leko\/\"},\"author\":{\"name\":\"Julien\",\"@id\":\"https:\/\/vieassociative.be\/actualites\/#\/schema\/person\/b87ac4f82f9d4e7b7cec7395b679edc4\"},\"headline\":\"Big bang au FC Bruges : le vice-champion limoge l&rsquo;entra\u00eeneur Nicky Hayen et ram\u00e8ne Ivan Leko\",\"datePublished\":\"2025-12-08T20:17:26+00:00\",\"dateModified\":\"2025-12-08T20:17:26+00:00\",\"mainEntityOfPage\":{\"@id\":\"https:\/\/vieassociative.be\/actualites\/big-bang-au-fc-bruges-le-vice-champion-limoge-lentraineur-nicky-hayen-et-ramene-ivan-leko\/\"},\"wordCount\":338,\"publisher\":{\"@id\":\"https:\/\/vieassociative.be\/actualites\/#organization\"},\"image\":{\"@id\":\"https:\/\/vieassociative.be\/actualites\/big-bang-au-fc-bruges-le-vice-champion-limoge-lentraineur-nicky-hayen-et-ramene-ivan-leko\/#primaryimage\"},\"thumbnailUrl\":\"https:\/\/vieassociative.be\/actualites\/wp-content\/uploads\/2025\/12\/Big-bang-au-FC-Bruges-le-vice-champion-limoge-lentraineur.jpg\",\"keywords\":[\"Bang\",\"Big\",\"Bruges\",\"Hayen\",\"Ivan\",\"Leko\",\"lentra\u00eeneur\",\"limoge\",\"Nicky\",\"ram\u00e8ne\",\"vicechampion\"],\"articleSection\":[\"Belgique\"],\"inLanguage\":\"fr-BE\"},{\"@type\":\"WebPage\",\"@id\":\"https:\/\/vieassociative.be\/actualites\/big-bang-au-fc-bruges-le-vice-champion-limoge-lentraineur-nicky-hayen-et-ramene-ivan-leko\/\",\"url\":\"https:\/\/vieassociative.be\/actualites\/big-bang-au-fc-bruges-le-vice-champion-limoge-lentraineur-nicky-hayen-et-ramene-ivan-leko\/\",\"name\":\"Big bang au FC Bruges : le vice-champion limoge l'entra\u00eeneur Nicky Hayen et ram\u00e8ne Ivan Leko | Vie Associative\",\"isPartOf\":{\"@id\":\"https:\/\/vieassociative.be\/actualites\/#website\"},\"primaryImageOfPage\":{\"@id\":\"https:\/\/vieassociative.be\/actualites\/big-bang-au-fc-bruges-le-vice-champion-limoge-lentraineur-nicky-hayen-et-ramene-ivan-leko\/#primaryimage\"},\"image\":{\"@id\":\"https:\/\/vieassociative.be\/actualites\/big-bang-au-fc-bruges-le-vice-champion-limoge-lentraineur-nicky-hayen-et-ramene-ivan-leko\/#primaryimage\"},\"thumbnailUrl\":\"https:\/\/vieassociative.be\/actualites\/wp-content\/uploads\/2025\/12\/Big-bang-au-FC-Bruges-le-vice-champion-limoge-lentraineur.jpg\",\"datePublished\":\"2025-12-08T20:17:26+00:00\",\"dateModified\":\"2025-12-08T20:17:26+00:00\",\"breadcrumb\":{\"@id\":\"https:\/\/vieassociative.be\/actualites\/big-bang-au-fc-bruges-le-vice-champion-limoge-lentraineur-nicky-hayen-et-ramene-ivan-leko\/#breadcrumb\"},\"inLanguage\":\"fr-BE\",\"potentialAction\":[{\"@type\":\"ReadAction\",\"target\":[\"https:\/\/vieassociative.be\/actualites\/big-bang-au-fc-bruges-le-vice-champion-limoge-lentraineur-nicky-hayen-et-ramene-ivan-leko\/\"]}]},{\"@type\":\"ImageObject\",\"inLanguage\":\"fr-BE\",\"@id\":\"https:\/\/vieassociative.be\/actualites\/big-bang-au-fc-bruges-le-vice-champion-limoge-lentraineur-nicky-hayen-et-ramene-ivan-leko\/#primaryimage\",\"url\":\"https:\/\/vieassociative.be\/actualites\/wp-content\/uploads\/2025\/12\/Big-bang-au-FC-Bruges-le-vice-champion-limoge-lentraineur.jpg\",\"contentUrl\":\"https:\/\/vieassociative.be\/actualites\/wp-content\/uploads\/2025\/12\/Big-bang-au-FC-Bruges-le-vice-champion-limoge-lentraineur.jpg\",\"width\":1200,\"height\":825,\"caption\":\"Big bang au FC Bruges : le vice-champion limoge l'entra\u00eeneur Nicky Hayen et ram\u00e8ne Ivan Leko\"},{\"@type\":\"BreadcrumbList\",\"@id\":\"https:\/\/vieassociative.be\/actualites\/big-bang-au-fc-bruges-le-vice-champion-limoge-lentraineur-nicky-hayen-et-ramene-ivan-leko\/#breadcrumb\",\"itemListElement\":[{\"@type\":\"ListItem\",\"position\":1,\"name\":\"Accueil\",\"item\":\"https:\/\/vieassociative.be\/actualites\/\"},{\"@type\":\"ListItem\",\"position\":2,\"name\":\"Big bang au FC Bruges : le vice-champion limoge l&rsquo;entra\u00eeneur Nicky Hayen et ram\u00e8ne Ivan Leko\"}]},{\"@type\":\"WebSite\",\"@id\":\"https:\/\/vieassociative.be\/actualites\/#website\",\"url\":\"https:\/\/vieassociative.be\/actualites\/\",\"name\":\"Vie Associative\",\"description\":\"\",\"publisher\":{\"@id\":\"https:\/\/vieassociative.be\/actualites\/#organization\"},\"potentialAction\":[{\"@type\":\"SearchAction\",\"target\":{\"@type\":\"EntryPoint\",\"urlTemplate\":\"https:\/\/vieassociative.be\/actualites\/?s={search_term_string}\"},\"query-input\":{\"@type\":\"PropertyValueSpecification\",\"valueRequired\":true,\"valueName\":\"search_term_string\"}}],\"inLanguage\":\"fr-BE\"},{\"@type\":\"Organization\",\"@id\":\"https:\/\/vieassociative.be\/actualites\/#organization\",\"name\":\"Vie Associative\",\"url\":\"https:\/\/vieassociative.be\/actualites\/\",\"logo\":{\"@type\":\"ImageObject\",\"inLanguage\":\"fr-BE\",\"@id\":\"https:\/\/vieassociative.be\/actualites\/#\/schema\/logo\/image\/\",\"url\":\"https:\/\/vieassociative.be\/actualites\/wp-content\/uploads\/2024\/09\/cropped-vieassociative_favicon.ico.png\",\"contentUrl\":\"https:\/\/vieassociative.be\/actualites\/wp-content\/uploads\/2024\/09\/cropped-vieassociative_favicon.ico.png\",\"width\":512,\"height\":512,\"caption\":\"Vie Associative\"},\"image\":{\"@id\":\"https:\/\/vieassociative.be\/actualites\/#\/schema\/logo\/image\/\"}},{\"@type\":\"Person\",\"@id\":\"https:\/\/vieassociative.be\/actualites\/#\/schema\/person\/b87ac4f82f9d4e7b7cec7395b679edc4\",\"name\":\"Julien\",\"image\":{\"@type\":\"ImageObject\",\"inLanguage\":\"fr-BE\",\"@id\":\"https:\/\/vieassociative.be\/actualites\/#\/schema\/person\/image\/\",\"url\":\"https:\/\/vieassociative.be\/actualites\/wp-content\/uploads\/2024\/09\/vie-associative-1-150x150.jpg\",\"contentUrl\":\"https:\/\/vieassociative.be\/actualites\/wp-content\/uploads\/2024\/09\/vie-associative-1-150x150.jpg\",\"caption\":\"Julien\"},\"description\":\"Je suis Julien, r\u00e9dacteur pour Vie Associative. Passionn\u00e9 par le monde associatif depuis plus de 10 ans, j'ai \u00e0 c\u0153ur de partager des histoires inspirantes et de mettre en lumi\u00e8re les initiatives locales. Mon objectif est de sensibiliser et d'encourager l'engagement communautaire \u00e0 travers mes articles.\",\"sameAs\":[\"https:\/\/vieassociative.be\/\"]}]}<\/script>\n<!-- \/ Yoast SEO plugin. -->","yoast_head_json":{"title":"Big bang au FC Bruges : le vice-champion limoge l'entra\u00eeneur Nicky Hayen et ram\u00e8ne Ivan Leko | Vie Associative","robots":{"index":"index","follow":"follow","max-snippet":"max-snippet:-1","max-image-preview":"max-image-preview:large","max-video-preview":"max-video-preview:-1"},"canonical":"https:\/\/vieassociative.be\/actualites\/big-bang-au-fc-bruges-le-vice-champion-limoge-lentraineur-nicky-hayen-et-ramene-ivan-leko\/","og_locale":"fr_FR","og_type":"article","og_title":"Big bang au FC Bruges : le vice-champion limoge l'entra\u00eeneur Nicky Hayen et ram\u00e8ne Ivan Leko | Vie Associative","og_description":"Le FC Bruges vient de l\u00e2cher une v\u00e9ritable bombe. Lundi apr\u00e8s-midi, \u00e0 la surprise g\u00e9n\u00e9rale, la direction du club des \u00ab\u00a0Blauw en Zwart\u00a0\u00bb a annonc\u00e9","og_url":"https:\/\/vieassociative.be\/actualites\/big-bang-au-fc-bruges-le-vice-champion-limoge-lentraineur-nicky-hayen-et-ramene-ivan-leko\/","og_site_name":"Vie Associative","article_published_time":"2025-12-08T20:17:26+00:00","og_image":[{"width":279,"height":92,"url":"https:\/\/vieassociative.be\/actualites\/wp-content\/uploads\/2024\/09\/header_backgroundk-01-e1726694325946.png","type":"image\/png"}],"author":"Julien","twitter_card":"summary_large_image","twitter_misc":{"\u00c9crit par":"Julien","Dur\u00e9e de lecture est.":"2 minutes"},"schema":{"@context":"https:\/\/schema.org","@graph":[{"@type":"Article","@id":"https:\/\/vieassociative.be\/actualites\/big-bang-au-fc-bruges-le-vice-champion-limoge-lentraineur-nicky-hayen-et-ramene-ivan-leko\/#article","isPartOf":{"@id":"https:\/\/vieassociative.be\/actualites\/big-bang-au-fc-bruges-le-vice-champion-limoge-lentraineur-nicky-hayen-et-ramene-ivan-leko\/"},"author":{"name":"Julien","@id":"https:\/\/vieassociative.be\/actualites\/#\/schema\/person\/b87ac4f82f9d4e7b7cec7395b679edc4"},"headline":"Big bang au FC Bruges : le vice-champion limoge l&rsquo;entra\u00eeneur Nicky Hayen et ram\u00e8ne Ivan Leko","datePublished":"2025-12-08T20:17:26+00:00","dateModified":"2025-12-08T20:17:26+00:00","mainEntityOfPage":{"@id":"https:\/\/vieassociative.be\/actualites\/big-bang-au-fc-bruges-le-vice-champion-limoge-lentraineur-nicky-hayen-et-ramene-ivan-leko\/"},"wordCount":338,"publisher":{"@id":"https:\/\/vieassociative.be\/actualites\/#organization"},"image":{"@id":"https:\/\/vieassociative.be\/actualites\/big-bang-au-fc-bruges-le-vice-champion-limoge-lentraineur-nicky-hayen-et-ramene-ivan-leko\/#primaryimage"},"thumbnailUrl":"https:\/\/vieassociative.be\/actualites\/wp-content\/uploads\/2025\/12\/Big-bang-au-FC-Bruges-le-vice-champion-limoge-lentraineur.jpg","keywords":["Bang","Big","Bruges","Hayen","Ivan","Leko","lentra\u00eeneur","limoge","Nicky","ram\u00e8ne","vicechampion"],"articleSection":["Belgique"],"inLanguage":"fr-BE"},{"@type":"WebPage","@id":"https:\/\/vieassociative.be\/actualites\/big-bang-au-fc-bruges-le-vice-champion-limoge-lentraineur-nicky-hayen-et-ramene-ivan-leko\/","url":"https:\/\/vieassociative.be\/actualites\/big-bang-au-fc-bruges-le-vice-champion-limoge-lentraineur-nicky-hayen-et-ramene-ivan-leko\/","name":"Big bang au FC Bruges : le vice-champion limoge l'entra\u00eeneur Nicky Hayen et ram\u00e8ne Ivan Leko | Vie Associative","isPartOf":{"@id":"https:\/\/vieassociative.be\/actualites\/#website"},"primaryImageOfPage":{"@id":"https:\/\/vieassociative.be\/actualites\/big-bang-au-fc-bruges-le-vice-champion-limoge-lentraineur-nicky-hayen-et-ramene-ivan-leko\/#primaryimage"},"image":{"@id":"https:\/\/vieassociative.be\/actualites\/big-bang-au-fc-bruges-le-vice-champion-limoge-lentraineur-nicky-hayen-et-ramene-ivan-leko\/#primaryimage"},"thumbnailUrl":"https:\/\/vieassociative.be\/actualites\/wp-content\/uploads\/2025\/12\/Big-bang-au-FC-Bruges-le-vice-champion-limoge-lentraineur.jpg","datePublished":"2025-12-08T20:17:26+00:00","dateModified":"2025-12-08T20:17:26+00:00","breadcrumb":{"@id":"https:\/\/vieassociative.be\/actualites\/big-bang-au-fc-bruges-le-vice-champion-limoge-lentraineur-nicky-hayen-et-ramene-ivan-leko\/#breadcrumb"},"inLanguage":"fr-BE","potentialAction":[{"@type":"ReadAction","target":["https:\/\/vieassociative.be\/actualites\/big-bang-au-fc-bruges-le-vice-champion-limoge-lentraineur-nicky-hayen-et-ramene-ivan-leko\/"]}]},{"@type":"ImageObject","inLanguage":"fr-BE","@id":"https:\/\/vieassociative.be\/actualites\/big-bang-au-fc-bruges-le-vice-champion-limoge-lentraineur-nicky-hayen-et-ramene-ivan-leko\/#primaryimage","url":"https:\/\/vieassociative.be\/actualites\/wp-content\/uploads\/2025\/12\/Big-bang-au-FC-Bruges-le-vice-champion-limoge-lentraineur.jpg","contentUrl":"https:\/\/vieassociative.be\/actualites\/wp-content\/uploads\/2025\/12\/Big-bang-au-FC-Bruges-le-vice-champion-limoge-lentraineur.jpg","width":1200,"height":825,"caption":"Big bang au FC Bruges : le vice-champion limoge l'entra\u00eeneur Nicky Hayen et ram\u00e8ne Ivan Leko"},{"@type":"BreadcrumbList","@id":"https:\/\/vieassociative.be\/actualites\/big-bang-au-fc-bruges-le-vice-champion-limoge-lentraineur-nicky-hayen-et-ramene-ivan-leko\/#breadcrumb","itemListElement":[{"@type":"ListItem","position":1,"name":"Accueil","item":"https:\/\/vieassociative.be\/actualites\/"},{"@type":"ListItem","position":2,"name":"Big bang au FC Bruges : le vice-champion limoge l&rsquo;entra\u00eeneur Nicky Hayen et ram\u00e8ne Ivan Leko"}]},{"@type":"WebSite","@id":"https:\/\/vieassociative.be\/actualites\/#website","url":"https:\/\/vieassociative.be\/actualites\/","name":"Vie Associative","description":"","publisher":{"@id":"https:\/\/vieassociative.be\/actualites\/#organization"},"potentialAction":[{"@type":"SearchAction","target":{"@type":"EntryPoint","urlTemplate":"https:\/\/vieassociative.be\/actualites\/?s={search_term_string}"},"query-input":{"@type":"PropertyValueSpecification","valueRequired":true,"valueName":"search_term_string"}}],"inLanguage":"fr-BE"},{"@type":"Organization","@id":"https:\/\/vieassociative.be\/actualites\/#organization","name":"Vie Associative","url":"https:\/\/vieassociative.be\/actualites\/","logo":{"@type":"ImageObject","inLanguage":"fr-BE","@id":"https:\/\/vieassociative.be\/actualites\/#\/schema\/logo\/image\/","url":"https:\/\/vieassociative.be\/actualites\/wp-content\/uploads\/2024\/09\/cropped-vieassociative_favicon.ico.png","contentUrl":"https:\/\/vieassociative.be\/actualites\/wp-content\/uploads\/2024\/09\/cropped-vieassociative_favicon.ico.png","width":512,"height":512,"caption":"Vie Associative"},"image":{"@id":"https:\/\/vieassociative.be\/actualites\/#\/schema\/logo\/image\/"}},{"@type":"Person","@id":"https:\/\/vieassociative.be\/actualites\/#\/schema\/person\/b87ac4f82f9d4e7b7cec7395b679edc4","name":"Julien","image":{"@type":"ImageObject","inLanguage":"fr-BE","@id":"https:\/\/vieassociative.be\/actualites\/#\/schema\/person\/image\/","url":"https:\/\/vieassociative.be\/actualites\/wp-content\/uploads\/2024\/09\/vie-associative-1-150x150.jpg","contentUrl":"https:\/\/vieassociative.be\/actualites\/wp-content\/uploads\/2024\/09\/vie-associative-1-150x150.jpg","caption":"Julien"},"description":"Je suis Julien, r\u00e9dacteur pour Vie Associative. Passionn\u00e9 par le monde associatif depuis plus de 10 ans, j'ai \u00e0 c\u0153ur de partager des histoires inspirantes et de mettre en lumi\u00e8re les initiatives locales. Mon objectif est de sensibiliser et d'encourager l'engagement communautaire \u00e0 travers mes articles.","sameAs":["https:\/\/vieassociative.be\/"]}]}},"_links":{"self":[{"href":"https:\/\/vieassociative.be\/actualites\/wp-json\/wp\/v2\/posts\/11753"}],"collection":[{"href":"https:\/\/vieassociative.be\/actualites\/wp-json\/wp\/v2\/posts"}],"about":[{"href":"https:\/\/vieassociative.be\/actualites\/wp-json\/wp\/v2\/types\/post"}],"author":[{"embeddable":true,"href":"https:\/\/vieassociative.be\/actualites\/wp-json\/wp\/v2\/users\/1"}],"replies":[{"embeddable":true,"href":"https:\/\/vieassociative.be\/actualites\/wp-json\/wp\/v2\/comments?post=11753"}],"version-history":[{"count":0,"href":"https:\/\/vieassociative.be\/actualites\/wp-json\/wp\/v2\/posts\/11753\/revisions"}],"wp:featuredmedia":[{"embeddable":true,"href":"https:\/\/vieassociative.be\/actualites\/wp-json\/wp\/v2\/media\/11754"}],"wp:attachment":[{"href":"https:\/\/vieassociative.be\/actualites\/wp-json\/wp\/v2\/media?parent=11753"}],"wp:term":[{"taxonomy":"category","embeddable":true,"href":"https:\/\/vieassociative.be\/actualites\/wp-json\/wp\/v2\/categories?post=11753"},{"taxonomy":"post_tag","embeddable":true,"href":"https:\/\/vieassociative.be\/actualites\/wp-json\/wp\/v2\/tags?post=11753"}],"curies":[{"name":"wp","href":"https:\/\/api.w.org\/{rel}","templated":true}]}}