{"id":11749,"date":"2025-12-08T15:17:36","date_gmt":"2025-12-08T14:17:36","guid":{"rendered":"https:\/\/vieassociative.be\/actualites\/un-marathon-budgetaire-de-trois-jours-commence-pour-pdg-dg-a-la-dette-par-habitant-la-plus-elevee-de-belgique\/"},"modified":"2025-12-08T15:17:36","modified_gmt":"2025-12-08T14:17:36","slug":"un-marathon-budgetaire-de-trois-jours-commence-pour-pdg-dg-a-la-dette-par-habitant-la-plus-elevee-de-belgique","status":"publish","type":"post","link":"https:\/\/vieassociative.be\/actualites\/un-marathon-budgetaire-de-trois-jours-commence-pour-pdg-dg-a-la-dette-par-habitant-la-plus-elevee-de-belgique\/","title":{"rendered":"Un marathon budg\u00e9taire de trois jours commence pour PDG \u2013 \u00ab DG a la dette par habitant la plus \u00e9lev\u00e9e de Belgique \u00bb"},"content":{"rendered":"<p><strong>Un marathon budg\u00e9taire de trois jours commence aujourd&rsquo;hui, lundi 8 d\u00e9cembre 2025, pour le Parlement de la DG. Les factions majoritaires &#8211; ProDG, CSP et PFF &#8211; salueront le projet de budget du gouvernement pour l&rsquo;ann\u00e9e \u00e0 venir comme \u00e9tant solide, tandis que l&rsquo;opposition &#8211; SP, Vivant et Ecolo &#8211; le critiquera largement.<\/strong><\/p>\n<p><span id=\"more-431319\"><\/span>C&rsquo;est le rituel habituel. La m\u00eame proc\u00e9dure que chaque ann\u00e9e. Ce qui pourrait donner aux d\u00e9bats un peu plus de potentiel de conflit en 2025 : contrairement aux ann\u00e9es pr\u00e9c\u00e9dentes, le gouvernement du Premier ministre Oliver Paasch (ProDG) ne peut \u00e9viter de d\u00e9cider de mesures d&rsquo;aust\u00e9rit\u00e9. Ainsi, l\u2019argent n\u2019est plus seulement distribu\u00e9, mais il est \u00e9galement \u00e9conomis\u00e9.<\/p>\n<p>De plus, le chef du gouvernement devra justifier la montagne d\u2019endettement qui ne cesse de cro\u00eetre. Sa valeur est aujourd&rsquo;hui d&rsquo;environ 1,3 milliard d&rsquo;euros.<\/p>\n<div id=\"attachment_425293\" class=\"wp-caption alignleft\" style=\"max-width: 300px\"><img fetchpriority=\"high\" decoding=\"async\" class=\"wp-image-425293 size-medium\" src=\"https:\/\/vieassociative.be\/actualites\/wp-content\/uploads\/2025\/12\/Un-marathon-budgetaire-de-trois-jours-commence-pour-PDG-\u2013.jpg\" alt=\"\" width=\"300\" height=\"202\"><\/div>\n<p>Selon le syndicat CSC, le fardeau de la dette devrait atteindre environ 1,5 milliard d&rsquo;euros d&rsquo;ici 2028. Cela signifie que la DG a la dette par habitant la plus \u00e9lev\u00e9e de Belgique. La DG est d\u00e9j\u00e0 plus de deux fois endett\u00e9e par habitant par rapport \u00e0 la Flandre (15 300 euros contre 6 940 euros) et est nettement plus \u00e9lev\u00e9e que la R\u00e9gion wallonne (10 670 euros par habitant, \u00e0 partir de 2024). Dans le m\u00eame temps, les charges d\u2019int\u00e9r\u00eats continueraient d\u2019augmenter. Le Premier ministre Paasch a toutefois assur\u00e9 \u00e0 plusieurs reprises que la dette de la DG \u00e9tait \u00ab\u00a0g\u00e9rable\u00a0\u00bb.<\/p>\n<p>Le projet de budget de la DG pour 2026, qui sera d\u00e9battu au sein du PDG \u00e0 partir d&rsquo;aujourd&rsquo;hui lundi, a \u00e9t\u00e9 pr\u00e9sent\u00e9 \u00e0 l&rsquo;automne dernier. Paasch a pr\u00e9sent\u00e9 un budget sous le slogan \u00ab\u00a0pour une communaut\u00e9 capable d&rsquo;agir\u00a0\u00bb, dans le but de rester capable d&rsquo;agir malgr\u00e9 les incertitudes \u00e9conomiques mondiales et en m\u00eame temps de r\u00e9aliser des investissements cibl\u00e9s dans des domaines cl\u00e9s tels que l&rsquo;\u00e9ducation, la sant\u00e9, les soins et les affaires sociales. La DG entend ainsi assurer ses missions fondamentales : r\u00e9nover les \u00e9coles, assurer les soins et &#8211; si possible &#8211; maintenir les services sociaux.<\/p>\n<div id=\"attachment_247258\" class=\"wp-caption alignleft\" style=\"max-width: 300px\"><img decoding=\"async\" class=\"wp-image-247258 size-medium\" src=\"https:\/\/vieassociative.be\/actualites\/wp-content\/uploads\/2025\/12\/Un-marathon-budgetaire-de-trois-jours-commence-pour-PDG-\u2013.jpeg\" alt=\"\" width=\"300\" height=\"200\"  ><\/div>\n<p>Mais le projet a suscit\u00e9 de nombreuses critiques, notamment de la part du syndicat chr\u00e9tien CSC, mais \u00e9galement de la part des factions d&rsquo;opposition et des associations sociales. La CSC d\u00e9crit le budget comme une \u00ab opportunit\u00e9 manqu\u00e9e \u00bb car, selon elle, les r\u00e9formes structurelles n\u00e9cessaires ne sont pas mises en \u0153uvre et des mesures sont pr\u00e9vues pour accro\u00eetre les in\u00e9galit\u00e9s sociales.<\/p>\n<p>Un probl\u00e8me central pour les critiques est la modification pr\u00e9vue des allocations familiales : le projet envisage de suspendre l&rsquo;indexation actuelle des allocations familiales ou de proc\u00e9der \u00e0 un saut d&rsquo;index. Selon le CSC, cela repr\u00e9sente une r\u00e9elle perte pour les familles &#8211; environ 18 euros par enfant et par mois, et pour les familles b\u00e9n\u00e9ficiant d&rsquo;un compl\u00e9ment social jusqu&rsquo;\u00e0 23 euros. Cela p\u00e8serait particuli\u00e8rement sur les familles \u00e0 faible revenu et les parents isol\u00e9s.<\/p>\n<p>Dans le m\u00eame temps, la soi-disant prime scolaire a \u00e9t\u00e9 supprim\u00e9e \u2013 une d\u00e9cision qui touche de nombreuses familles, notamment lorsque les enfants vont \u00e0 l\u2019\u00e9cole en dehors de la DG. Pour eux, les inconv\u00e9nients s&rsquo;additionnent : moins d&rsquo;allocations familiales, des frais de scolarit\u00e9 et de garde plus \u00e9lev\u00e9s et donc une charge financi\u00e8re consid\u00e9rablement accrue.<\/p>\n<div id=\"attachment_431329\" class=\"wp-caption alignleft\" style=\"max-width: 300px\"><img decoding=\"async\" class=\"wp-image-431329 size-medium\" src=\"https:\/\/vieassociative.be\/actualites\/wp-content\/uploads\/2025\/12\/1765203456_48_Un-marathon-budgetaire-de-trois-jours-commence-pour-PDG-\u2013.jpg\" alt=\"\" width=\"300\" height=\"225\"  ><\/div>\n<p>Il existe \u00e9galement des critiques dans le domaine des personnes \u00e2g\u00e9es et de la politique de soins : la DG verse l&rsquo;allocation de soins comme une \u00ab option sp\u00e9ciale co\u00fbteuse \u00bb &#8211; sans proc\u00e9der \u00e0 un examen des revenus. Alors que dans d&rsquo;autres r\u00e9gions de Belgique, l&rsquo;allocation de soins est accord\u00e9e en fonction des besoins, dans la DG, chaque personne \u00e9ligible re\u00e7oit actuellement le m\u00eame montant, quel que soit son revenu. Les critiques d\u00e9plorent que cela signifie que les fonds sont moins cibl\u00e9s sur ceux qui en ont besoin et qu&rsquo;aucune solution durable n&rsquo;est trouv\u00e9e aux probl\u00e8mes structurels du secteur des soins et des soins.<\/p>\n<p>En outre, les partis d\u2019opposition se plaignent du fait que le budget est loin de formuler une strat\u00e9gie financi\u00e8re durable \u00e0 long terme. Le budget ressemble \u00e0 une collection de vieilles promesses \u2013 avec de nombreux gestes symboliques mais peu de changements concrets. Il y a un manque de courage politique pour entreprendre de v\u00e9ritables r\u00e9formes visant \u00e0 combiner durablement responsabilit\u00e9 sociale et viabilit\u00e9 financi\u00e8re. Il est critiqu\u00e9 du fait que malgr\u00e9 les investissements annonc\u00e9s dans l&rsquo;\u00e9ducation, la sant\u00e9 et les infrastructures, le budget pr\u00e9voit des r\u00e9ductions notables pour les familles et les enfants &#8211; en particulier \u00e0 une \u00e9poque de hausse du co\u00fbt de la vie et d&rsquo;incertitude \u00e9conomique croissante.<\/p>\n<p>De nombreux observateurs s&rsquo;inqui\u00e8tent beaucoup du fait que le budget puisse para\u00eetre formellement \u00e9quilibr\u00e9 &#8211; mais en r\u00e9alit\u00e9, le fardeau de la consolidation budg\u00e9taire retombe sur les personnes socialement d\u00e9favoris\u00e9es : les familles \u00e0 faibles revenus, les parents isol\u00e9s, les personnes \u00e2g\u00e9es ou celles ayant besoin de soins sont ceux qui souffrent. Dans le m\u00eame temps, on ne sait toujours pas exactement comment et quand la dette croissante de la DG devrait \u00eatre effectivement r\u00e9duite \u00e0 l&rsquo;avenir &#8211; une perspective strat\u00e9gique sur une politique budg\u00e9taire et sociale durable reste insuffisante du point de vue des critiques. (cr\u00e9er)<\/p>\n","protected":false},"excerpt":{"rendered":"<p>Un marathon budg\u00e9taire de trois jours commence aujourd&rsquo;hui, lundi 8 d\u00e9cembre 2025, pour le Parlement de la DG. Les factions majoritaires &#8211; ProDG, CSP et<\/p>\n","protected":false},"author":1,"featured_media":11750,"comment_status":"","ping_status":"","sticky":false,"template":"","format":"standard","meta":{"footnotes":""},"categories":[298],"tags":[383,7039,1051,2609,4430,9490,937,889,676,2933,81,771],"class_list":["post-11749","post","type-post","status-publish","format-standard","has-post-thumbnail","hentry","category-belgique","tag-belgique","tag-budgetaire","tag-commence","tag-dette","tag-elevee","tag-habitant","tag-jours","tag-marathon","tag-par","tag-pdg","tag-pour","tag-trois","generate-columns","tablet-grid-50","mobile-grid-100","grid-parent","grid-33"],"yoast_head":"<!-- This site is optimized with the Yoast SEO plugin v24.0 - https:\/\/yoast.com\/wordpress\/plugins\/seo\/ -->\n<title>Un marathon budg\u00e9taire de trois jours commence pour PDG \u2013 \u00ab DG a la dette par habitant la plus \u00e9lev\u00e9e de Belgique \u00bb | Vie Associative<\/title>\n<meta name=\"robots\" content=\"index, follow, max-snippet:-1, max-image-preview:large, max-video-preview:-1\" \/>\n<link rel=\"canonical\" href=\"https:\/\/vieassociative.be\/actualites\/un-marathon-budgetaire-de-trois-jours-commence-pour-pdg-dg-a-la-dette-par-habitant-la-plus-elevee-de-belgique\/\" \/>\n<meta property=\"og:locale\" content=\"fr_FR\" \/>\n<meta property=\"og:type\" content=\"article\" \/>\n<meta property=\"og:title\" content=\"Un marathon budg\u00e9taire de trois jours commence pour PDG \u2013 \u00ab DG a la dette par habitant la plus \u00e9lev\u00e9e de Belgique \u00bb | Vie Associative\" \/>\n<meta property=\"og:description\" content=\"Un marathon budg\u00e9taire de trois jours commence aujourd&rsquo;hui, lundi 8 d\u00e9cembre 2025, pour le Parlement de la DG. Les factions majoritaires &#8211; ProDG, CSP et\" \/>\n<meta property=\"og:url\" content=\"https:\/\/vieassociative.be\/actualites\/un-marathon-budgetaire-de-trois-jours-commence-pour-pdg-dg-a-la-dette-par-habitant-la-plus-elevee-de-belgique\/\" \/>\n<meta property=\"og:site_name\" content=\"Vie Associative\" \/>\n<meta property=\"article:published_time\" content=\"2025-12-08T14:17:36+00:00\" \/>\n<meta property=\"og:image\" content=\"https:\/\/vieassociative.be\/actualites\/wp-content\/uploads\/2024\/09\/header_backgroundk-01-e1726694325946.png\" \/>\n\t<meta property=\"og:image:width\" content=\"279\" \/>\n\t<meta property=\"og:image:height\" content=\"92\" \/>\n\t<meta property=\"og:image:type\" content=\"image\/png\" \/>\n<meta name=\"author\" content=\"Julien\" \/>\n<meta name=\"twitter:card\" content=\"summary_large_image\" \/>\n<meta name=\"twitter:label1\" content=\"\u00c9crit par\" \/>\n\t<meta name=\"twitter:data1\" content=\"Julien\" \/>\n\t<meta name=\"twitter:label2\" content=\"Dur\u00e9e de lecture est.\" \/>\n\t<meta name=\"twitter:data2\" content=\"4 minutes\" \/>\n<script type=\"application\/ld+json\" class=\"yoast-schema-graph\">{\"@context\":\"https:\/\/schema.org\",\"@graph\":[{\"@type\":\"Article\",\"@id\":\"https:\/\/vieassociative.be\/actualites\/un-marathon-budgetaire-de-trois-jours-commence-pour-pdg-dg-a-la-dette-par-habitant-la-plus-elevee-de-belgique\/#article\",\"isPartOf\":{\"@id\":\"https:\/\/vieassociative.be\/actualites\/un-marathon-budgetaire-de-trois-jours-commence-pour-pdg-dg-a-la-dette-par-habitant-la-plus-elevee-de-belgique\/\"},\"author\":{\"name\":\"Julien\",\"@id\":\"https:\/\/vieassociative.be\/actualites\/#\/schema\/person\/b87ac4f82f9d4e7b7cec7395b679edc4\"},\"headline\":\"Un marathon budg\u00e9taire de trois jours commence pour PDG \u2013 \u00ab DG a la dette par habitant la plus \u00e9lev\u00e9e de Belgique \u00bb\",\"datePublished\":\"2025-12-08T14:17:36+00:00\",\"dateModified\":\"2025-12-08T14:17:36+00:00\",\"mainEntityOfPage\":{\"@id\":\"https:\/\/vieassociative.be\/actualites\/un-marathon-budgetaire-de-trois-jours-commence-pour-pdg-dg-a-la-dette-par-habitant-la-plus-elevee-de-belgique\/\"},\"wordCount\":946,\"publisher\":{\"@id\":\"https:\/\/vieassociative.be\/actualites\/#organization\"},\"image\":{\"@id\":\"https:\/\/vieassociative.be\/actualites\/un-marathon-budgetaire-de-trois-jours-commence-pour-pdg-dg-a-la-dette-par-habitant-la-plus-elevee-de-belgique\/#primaryimage\"},\"thumbnailUrl\":\"https:\/\/vieassociative.be\/actualites\/wp-content\/uploads\/2025\/12\/1765203456_Un-marathon-budgetaire-de-trois-jours-commence-pour-PDG-\u2013.jpeg\",\"keywords\":[\"Belgique\",\"budg\u00e9taire\",\"commenc\u00e9\",\"dette\",\"\u00e9lev\u00e9e\",\"habitant\",\"jours\",\"marathon\",\"par\",\"PDG\",\"pour\",\"trois\"],\"articleSection\":[\"Belgique\"],\"inLanguage\":\"fr-BE\"},{\"@type\":\"WebPage\",\"@id\":\"https:\/\/vieassociative.be\/actualites\/un-marathon-budgetaire-de-trois-jours-commence-pour-pdg-dg-a-la-dette-par-habitant-la-plus-elevee-de-belgique\/\",\"url\":\"https:\/\/vieassociative.be\/actualites\/un-marathon-budgetaire-de-trois-jours-commence-pour-pdg-dg-a-la-dette-par-habitant-la-plus-elevee-de-belgique\/\",\"name\":\"Un marathon budg\u00e9taire de trois jours commence pour PDG \u2013 \u00ab DG a la dette par habitant la plus \u00e9lev\u00e9e de Belgique \u00bb | Vie Associative\",\"isPartOf\":{\"@id\":\"https:\/\/vieassociative.be\/actualites\/#website\"},\"primaryImageOfPage\":{\"@id\":\"https:\/\/vieassociative.be\/actualites\/un-marathon-budgetaire-de-trois-jours-commence-pour-pdg-dg-a-la-dette-par-habitant-la-plus-elevee-de-belgique\/#primaryimage\"},\"image\":{\"@id\":\"https:\/\/vieassociative.be\/actualites\/un-marathon-budgetaire-de-trois-jours-commence-pour-pdg-dg-a-la-dette-par-habitant-la-plus-elevee-de-belgique\/#primaryimage\"},\"thumbnailUrl\":\"https:\/\/vieassociative.be\/actualites\/wp-content\/uploads\/2025\/12\/1765203456_Un-marathon-budgetaire-de-trois-jours-commence-pour-PDG-\u2013.jpeg\",\"datePublished\":\"2025-12-08T14:17:36+00:00\",\"dateModified\":\"2025-12-08T14:17:36+00:00\",\"breadcrumb\":{\"@id\":\"https:\/\/vieassociative.be\/actualites\/un-marathon-budgetaire-de-trois-jours-commence-pour-pdg-dg-a-la-dette-par-habitant-la-plus-elevee-de-belgique\/#breadcrumb\"},\"inLanguage\":\"fr-BE\",\"potentialAction\":[{\"@type\":\"ReadAction\",\"target\":[\"https:\/\/vieassociative.be\/actualites\/un-marathon-budgetaire-de-trois-jours-commence-pour-pdg-dg-a-la-dette-par-habitant-la-plus-elevee-de-belgique\/\"]}]},{\"@type\":\"ImageObject\",\"inLanguage\":\"fr-BE\",\"@id\":\"https:\/\/vieassociative.be\/actualites\/un-marathon-budgetaire-de-trois-jours-commence-pour-pdg-dg-a-la-dette-par-habitant-la-plus-elevee-de-belgique\/#primaryimage\",\"url\":\"https:\/\/vieassociative.be\/actualites\/wp-content\/uploads\/2025\/12\/1765203456_Un-marathon-budgetaire-de-trois-jours-commence-pour-PDG-\u2013.jpeg\",\"contentUrl\":\"https:\/\/vieassociative.be\/actualites\/wp-content\/uploads\/2025\/12\/1765203456_Un-marathon-budgetaire-de-trois-jours-commence-pour-PDG-\u2013.jpeg\",\"width\":1000,\"height\":563,\"caption\":\"Un marathon budg\u00e9taire de trois jours commence pour PDG \u2013 \u00ab DG a la dette par habitant la plus \u00e9lev\u00e9e de Belgique \u00bb\"},{\"@type\":\"BreadcrumbList\",\"@id\":\"https:\/\/vieassociative.be\/actualites\/un-marathon-budgetaire-de-trois-jours-commence-pour-pdg-dg-a-la-dette-par-habitant-la-plus-elevee-de-belgique\/#breadcrumb\",\"itemListElement\":[{\"@type\":\"ListItem\",\"position\":1,\"name\":\"Accueil\",\"item\":\"https:\/\/vieassociative.be\/actualites\/\"},{\"@type\":\"ListItem\",\"position\":2,\"name\":\"Un marathon budg\u00e9taire de trois jours commence pour PDG \u2013 \u00ab DG a la dette par habitant la plus \u00e9lev\u00e9e de Belgique \u00bb\"}]},{\"@type\":\"WebSite\",\"@id\":\"https:\/\/vieassociative.be\/actualites\/#website\",\"url\":\"https:\/\/vieassociative.be\/actualites\/\",\"name\":\"Vie Associative\",\"description\":\"\",\"publisher\":{\"@id\":\"https:\/\/vieassociative.be\/actualites\/#organization\"},\"potentialAction\":[{\"@type\":\"SearchAction\",\"target\":{\"@type\":\"EntryPoint\",\"urlTemplate\":\"https:\/\/vieassociative.be\/actualites\/?s={search_term_string}\"},\"query-input\":{\"@type\":\"PropertyValueSpecification\",\"valueRequired\":true,\"valueName\":\"search_term_string\"}}],\"inLanguage\":\"fr-BE\"},{\"@type\":\"Organization\",\"@id\":\"https:\/\/vieassociative.be\/actualites\/#organization\",\"name\":\"Vie Associative\",\"url\":\"https:\/\/vieassociative.be\/actualites\/\",\"logo\":{\"@type\":\"ImageObject\",\"inLanguage\":\"fr-BE\",\"@id\":\"https:\/\/vieassociative.be\/actualites\/#\/schema\/logo\/image\/\",\"url\":\"https:\/\/vieassociative.be\/actualites\/wp-content\/uploads\/2024\/09\/cropped-vieassociative_favicon.ico.png\",\"contentUrl\":\"https:\/\/vieassociative.be\/actualites\/wp-content\/uploads\/2024\/09\/cropped-vieassociative_favicon.ico.png\",\"width\":512,\"height\":512,\"caption\":\"Vie Associative\"},\"image\":{\"@id\":\"https:\/\/vieassociative.be\/actualites\/#\/schema\/logo\/image\/\"}},{\"@type\":\"Person\",\"@id\":\"https:\/\/vieassociative.be\/actualites\/#\/schema\/person\/b87ac4f82f9d4e7b7cec7395b679edc4\",\"name\":\"Julien\",\"image\":{\"@type\":\"ImageObject\",\"inLanguage\":\"fr-BE\",\"@id\":\"https:\/\/vieassociative.be\/actualites\/#\/schema\/person\/image\/\",\"url\":\"https:\/\/vieassociative.be\/actualites\/wp-content\/uploads\/2024\/09\/vie-associative-1-150x150.jpg\",\"contentUrl\":\"https:\/\/vieassociative.be\/actualites\/wp-content\/uploads\/2024\/09\/vie-associative-1-150x150.jpg\",\"caption\":\"Julien\"},\"description\":\"Je suis Julien, r\u00e9dacteur pour Vie Associative. Passionn\u00e9 par le monde associatif depuis plus de 10 ans, j'ai \u00e0 c\u0153ur de partager des histoires inspirantes et de mettre en lumi\u00e8re les initiatives locales. Mon objectif est de sensibiliser et d'encourager l'engagement communautaire \u00e0 travers mes articles.\",\"sameAs\":[\"https:\/\/vieassociative.be\/\"]}]}<\/script>\n<!-- \/ Yoast SEO plugin. -->","yoast_head_json":{"title":"Un marathon budg\u00e9taire de trois jours commence pour PDG \u2013 \u00ab DG a la dette par habitant la plus \u00e9lev\u00e9e de Belgique \u00bb | Vie Associative","robots":{"index":"index","follow":"follow","max-snippet":"max-snippet:-1","max-image-preview":"max-image-preview:large","max-video-preview":"max-video-preview:-1"},"canonical":"https:\/\/vieassociative.be\/actualites\/un-marathon-budgetaire-de-trois-jours-commence-pour-pdg-dg-a-la-dette-par-habitant-la-plus-elevee-de-belgique\/","og_locale":"fr_FR","og_type":"article","og_title":"Un marathon budg\u00e9taire de trois jours commence pour PDG \u2013 \u00ab DG a la dette par habitant la plus \u00e9lev\u00e9e de Belgique \u00bb | Vie Associative","og_description":"Un marathon budg\u00e9taire de trois jours commence aujourd&rsquo;hui, lundi 8 d\u00e9cembre 2025, pour le Parlement de la DG. Les factions majoritaires &#8211; ProDG, CSP et","og_url":"https:\/\/vieassociative.be\/actualites\/un-marathon-budgetaire-de-trois-jours-commence-pour-pdg-dg-a-la-dette-par-habitant-la-plus-elevee-de-belgique\/","og_site_name":"Vie Associative","article_published_time":"2025-12-08T14:17:36+00:00","og_image":[{"width":279,"height":92,"url":"https:\/\/vieassociative.be\/actualites\/wp-content\/uploads\/2024\/09\/header_backgroundk-01-e1726694325946.png","type":"image\/png"}],"author":"Julien","twitter_card":"summary_large_image","twitter_misc":{"\u00c9crit par":"Julien","Dur\u00e9e de lecture est.":"4 minutes"},"schema":{"@context":"https:\/\/schema.org","@graph":[{"@type":"Article","@id":"https:\/\/vieassociative.be\/actualites\/un-marathon-budgetaire-de-trois-jours-commence-pour-pdg-dg-a-la-dette-par-habitant-la-plus-elevee-de-belgique\/#article","isPartOf":{"@id":"https:\/\/vieassociative.be\/actualites\/un-marathon-budgetaire-de-trois-jours-commence-pour-pdg-dg-a-la-dette-par-habitant-la-plus-elevee-de-belgique\/"},"author":{"name":"Julien","@id":"https:\/\/vieassociative.be\/actualites\/#\/schema\/person\/b87ac4f82f9d4e7b7cec7395b679edc4"},"headline":"Un marathon budg\u00e9taire de trois jours commence pour PDG \u2013 \u00ab DG a la dette par habitant la plus \u00e9lev\u00e9e de Belgique \u00bb","datePublished":"2025-12-08T14:17:36+00:00","dateModified":"2025-12-08T14:17:36+00:00","mainEntityOfPage":{"@id":"https:\/\/vieassociative.be\/actualites\/un-marathon-budgetaire-de-trois-jours-commence-pour-pdg-dg-a-la-dette-par-habitant-la-plus-elevee-de-belgique\/"},"wordCount":946,"publisher":{"@id":"https:\/\/vieassociative.be\/actualites\/#organization"},"image":{"@id":"https:\/\/vieassociative.be\/actualites\/un-marathon-budgetaire-de-trois-jours-commence-pour-pdg-dg-a-la-dette-par-habitant-la-plus-elevee-de-belgique\/#primaryimage"},"thumbnailUrl":"https:\/\/vieassociative.be\/actualites\/wp-content\/uploads\/2025\/12\/1765203456_Un-marathon-budgetaire-de-trois-jours-commence-pour-PDG-\u2013.jpeg","keywords":["Belgique","budg\u00e9taire","commenc\u00e9","dette","\u00e9lev\u00e9e","habitant","jours","marathon","par","PDG","pour","trois"],"articleSection":["Belgique"],"inLanguage":"fr-BE"},{"@type":"WebPage","@id":"https:\/\/vieassociative.be\/actualites\/un-marathon-budgetaire-de-trois-jours-commence-pour-pdg-dg-a-la-dette-par-habitant-la-plus-elevee-de-belgique\/","url":"https:\/\/vieassociative.be\/actualites\/un-marathon-budgetaire-de-trois-jours-commence-pour-pdg-dg-a-la-dette-par-habitant-la-plus-elevee-de-belgique\/","name":"Un marathon budg\u00e9taire de trois jours commence pour PDG \u2013 \u00ab DG a la dette par habitant la plus \u00e9lev\u00e9e de Belgique \u00bb | Vie Associative","isPartOf":{"@id":"https:\/\/vieassociative.be\/actualites\/#website"},"primaryImageOfPage":{"@id":"https:\/\/vieassociative.be\/actualites\/un-marathon-budgetaire-de-trois-jours-commence-pour-pdg-dg-a-la-dette-par-habitant-la-plus-elevee-de-belgique\/#primaryimage"},"image":{"@id":"https:\/\/vieassociative.be\/actualites\/un-marathon-budgetaire-de-trois-jours-commence-pour-pdg-dg-a-la-dette-par-habitant-la-plus-elevee-de-belgique\/#primaryimage"},"thumbnailUrl":"https:\/\/vieassociative.be\/actualites\/wp-content\/uploads\/2025\/12\/1765203456_Un-marathon-budgetaire-de-trois-jours-commence-pour-PDG-\u2013.jpeg","datePublished":"2025-12-08T14:17:36+00:00","dateModified":"2025-12-08T14:17:36+00:00","breadcrumb":{"@id":"https:\/\/vieassociative.be\/actualites\/un-marathon-budgetaire-de-trois-jours-commence-pour-pdg-dg-a-la-dette-par-habitant-la-plus-elevee-de-belgique\/#breadcrumb"},"inLanguage":"fr-BE","potentialAction":[{"@type":"ReadAction","target":["https:\/\/vieassociative.be\/actualites\/un-marathon-budgetaire-de-trois-jours-commence-pour-pdg-dg-a-la-dette-par-habitant-la-plus-elevee-de-belgique\/"]}]},{"@type":"ImageObject","inLanguage":"fr-BE","@id":"https:\/\/vieassociative.be\/actualites\/un-marathon-budgetaire-de-trois-jours-commence-pour-pdg-dg-a-la-dette-par-habitant-la-plus-elevee-de-belgique\/#primaryimage","url":"https:\/\/vieassociative.be\/actualites\/wp-content\/uploads\/2025\/12\/1765203456_Un-marathon-budgetaire-de-trois-jours-commence-pour-PDG-\u2013.jpeg","contentUrl":"https:\/\/vieassociative.be\/actualites\/wp-content\/uploads\/2025\/12\/1765203456_Un-marathon-budgetaire-de-trois-jours-commence-pour-PDG-\u2013.jpeg","width":1000,"height":563,"caption":"Un marathon budg\u00e9taire de trois jours commence pour PDG \u2013 \u00ab DG a la dette par habitant la plus \u00e9lev\u00e9e de Belgique \u00bb"},{"@type":"BreadcrumbList","@id":"https:\/\/vieassociative.be\/actualites\/un-marathon-budgetaire-de-trois-jours-commence-pour-pdg-dg-a-la-dette-par-habitant-la-plus-elevee-de-belgique\/#breadcrumb","itemListElement":[{"@type":"ListItem","position":1,"name":"Accueil","item":"https:\/\/vieassociative.be\/actualites\/"},{"@type":"ListItem","position":2,"name":"Un marathon budg\u00e9taire de trois jours commence pour PDG \u2013 \u00ab DG a la dette par habitant la plus \u00e9lev\u00e9e de Belgique \u00bb"}]},{"@type":"WebSite","@id":"https:\/\/vieassociative.be\/actualites\/#website","url":"https:\/\/vieassociative.be\/actualites\/","name":"Vie Associative","description":"","publisher":{"@id":"https:\/\/vieassociative.be\/actualites\/#organization"},"potentialAction":[{"@type":"SearchAction","target":{"@type":"EntryPoint","urlTemplate":"https:\/\/vieassociative.be\/actualites\/?s={search_term_string}"},"query-input":{"@type":"PropertyValueSpecification","valueRequired":true,"valueName":"search_term_string"}}],"inLanguage":"fr-BE"},{"@type":"Organization","@id":"https:\/\/vieassociative.be\/actualites\/#organization","name":"Vie Associative","url":"https:\/\/vieassociative.be\/actualites\/","logo":{"@type":"ImageObject","inLanguage":"fr-BE","@id":"https:\/\/vieassociative.be\/actualites\/#\/schema\/logo\/image\/","url":"https:\/\/vieassociative.be\/actualites\/wp-content\/uploads\/2024\/09\/cropped-vieassociative_favicon.ico.png","contentUrl":"https:\/\/vieassociative.be\/actualites\/wp-content\/uploads\/2024\/09\/cropped-vieassociative_favicon.ico.png","width":512,"height":512,"caption":"Vie Associative"},"image":{"@id":"https:\/\/vieassociative.be\/actualites\/#\/schema\/logo\/image\/"}},{"@type":"Person","@id":"https:\/\/vieassociative.be\/actualites\/#\/schema\/person\/b87ac4f82f9d4e7b7cec7395b679edc4","name":"Julien","image":{"@type":"ImageObject","inLanguage":"fr-BE","@id":"https:\/\/vieassociative.be\/actualites\/#\/schema\/person\/image\/","url":"https:\/\/vieassociative.be\/actualites\/wp-content\/uploads\/2024\/09\/vie-associative-1-150x150.jpg","contentUrl":"https:\/\/vieassociative.be\/actualites\/wp-content\/uploads\/2024\/09\/vie-associative-1-150x150.jpg","caption":"Julien"},"description":"Je suis Julien, r\u00e9dacteur pour Vie Associative. Passionn\u00e9 par le monde associatif depuis plus de 10 ans, j'ai \u00e0 c\u0153ur de partager des histoires inspirantes et de mettre en lumi\u00e8re les initiatives locales. Mon objectif est de sensibiliser et d'encourager l'engagement communautaire \u00e0 travers mes articles.","sameAs":["https:\/\/vieassociative.be\/"]}]}},"_links":{"self":[{"href":"https:\/\/vieassociative.be\/actualites\/wp-json\/wp\/v2\/posts\/11749"}],"collection":[{"href":"https:\/\/vieassociative.be\/actualites\/wp-json\/wp\/v2\/posts"}],"about":[{"href":"https:\/\/vieassociative.be\/actualites\/wp-json\/wp\/v2\/types\/post"}],"author":[{"embeddable":true,"href":"https:\/\/vieassociative.be\/actualites\/wp-json\/wp\/v2\/users\/1"}],"replies":[{"embeddable":true,"href":"https:\/\/vieassociative.be\/actualites\/wp-json\/wp\/v2\/comments?post=11749"}],"version-history":[{"count":0,"href":"https:\/\/vieassociative.be\/actualites\/wp-json\/wp\/v2\/posts\/11749\/revisions"}],"wp:featuredmedia":[{"embeddable":true,"href":"https:\/\/vieassociative.be\/actualites\/wp-json\/wp\/v2\/media\/11750"}],"wp:attachment":[{"href":"https:\/\/vieassociative.be\/actualites\/wp-json\/wp\/v2\/media?parent=11749"}],"wp:term":[{"taxonomy":"category","embeddable":true,"href":"https:\/\/vieassociative.be\/actualites\/wp-json\/wp\/v2\/categories?post=11749"},{"taxonomy":"post_tag","embeddable":true,"href":"https:\/\/vieassociative.be\/actualites\/wp-json\/wp\/v2\/tags?post=11749"}],"curies":[{"name":"wp","href":"https:\/\/api.w.org\/{rel}","templated":true}]}}