{"id":11741,"date":"2025-12-07T21:17:52","date_gmt":"2025-12-07T20:17:52","guid":{"rendered":"https:\/\/vieassociative.be\/actualites\/finale-de-formule-1-comme-il-ny-en-avait-pas-eu-depuis-longtemps-lando-norris-champion-du-monde\/"},"modified":"2025-12-07T21:17:52","modified_gmt":"2025-12-07T20:17:52","slug":"finale-de-formule-1-comme-il-ny-en-avait-pas-eu-depuis-longtemps-lando-norris-champion-du-monde","status":"publish","type":"post","link":"https:\/\/vieassociative.be\/actualites\/finale-de-formule-1-comme-il-ny-en-avait-pas-eu-depuis-longtemps-lando-norris-champion-du-monde\/","title":{"rendered":"Finale de Formule 1 comme il n&rsquo;y en avait pas eu depuis longtemps : Lando Norris champion du monde"},"content":{"rendered":"<p><strong>MISE \u00c0 JOUR \u2013 Le 35e champion du monde de Formule 1 est Lando Norris. La troisi\u00e8me place a suffi au Britannique lors de la finale passionnante de trois combats \u00e0 Abu Dhabi. Le champion en titre Max Verstappen a \u00e9t\u00e9 d\u00e9tr\u00f4n\u00e9.<\/strong><\/p>\n<p><span id=\"more-431253\"><\/span>Au cours d\u2019une folle finale de trois combats, Lando Norris a \u00e9t\u00e9 sacr\u00e9 champion du monde de Formule 1 pour la premi\u00e8re fois. Malgr\u00e9 l&rsquo;attaque de son co\u00e9quipier McLaren Oscar Piastri et la victoire confiante du champion en titre Max Verstappen lors de la finale de la saison \u00e0 Abu Dhabi, Norris n&rsquo;a conserv\u00e9 qu&rsquo;une avance de deux points au classement jusqu&rsquo;\u00e0 l&rsquo;arriv\u00e9e.<\/p>\n<p>La troisi\u00e8me place derri\u00e8re Verstappen et Piastri a suffi au pilote de 26 ans pour remporter le premier titre pilote de sa carri\u00e8re ; il est le 35e champion de l&rsquo;histoire de la cat\u00e9gorie reine du sport automobile. L&rsquo;actrice hollywoodienne Ana de Armas a brandi le drapeau \u00e0 damier pour saluer le thriller.<\/p>\n<p>Norris a mis fin \u00e0 l&rsquo;\u00e8re de championnat du monde de la star de Red Bull Verstappen, qui a commenc\u00e9 sur le circuit de Yas Marina en 2021. Le N\u00e9erlandais de 28 ans avait en fait d\u00e9j\u00e0 abandonn\u00e9 la lutte pour la Coupe du monde cette ann\u00e9e, mais a finalement rat\u00e9 de peu son cinqui\u00e8me triomphe cons\u00e9cutif avec sa huiti\u00e8me victoire de la saison &#8211; une de plus que Norris. Si Norris avait seulement termin\u00e9 quatri\u00e8me, Verstappen aurait \u00e9t\u00e9 \u00e0 nouveau champion. (dpa)<\/p>\n","protected":false},"excerpt":{"rendered":"<p>MISE \u00c0 JOUR \u2013 Le 35e champion du monde de Formule 1 est Lando Norris. La troisi\u00e8me place a suffi au Britannique lors de la<\/p>\n","protected":false},"author":1,"featured_media":11742,"comment_status":"","ping_status":"","sticky":false,"template":"","format":"standard","meta":{"footnotes":""},"categories":[298],"tags":[6187,2524,1254,1824,879,4614,9485,3088,237,9486,126],"class_list":["post-11741","post","type-post","status-publish","format-standard","has-post-thumbnail","hentry","category-belgique","tag-avait","tag-champion","tag-comme","tag-depuis","tag-finale","tag-formule","tag-lando","tag-longtemps","tag-monde","tag-norris","tag-pas","generate-columns","tablet-grid-50","mobile-grid-100","grid-parent","grid-33"],"yoast_head":"<!-- This site is optimized with the Yoast SEO plugin v24.0 - https:\/\/yoast.com\/wordpress\/plugins\/seo\/ -->\n<title>Finale de Formule 1 comme il n&#039;y en avait pas eu depuis longtemps : Lando Norris champion du monde | Vie Associative<\/title>\n<meta name=\"robots\" content=\"index, follow, max-snippet:-1, max-image-preview:large, max-video-preview:-1\" \/>\n<link rel=\"canonical\" href=\"https:\/\/vieassociative.be\/actualites\/finale-de-formule-1-comme-il-ny-en-avait-pas-eu-depuis-longtemps-lando-norris-champion-du-monde\/\" \/>\n<meta property=\"og:locale\" content=\"fr_FR\" \/>\n<meta property=\"og:type\" content=\"article\" \/>\n<meta property=\"og:title\" content=\"Finale de Formule 1 comme il n&#039;y en avait pas eu depuis longtemps : Lando Norris champion du monde | Vie Associative\" \/>\n<meta property=\"og:description\" content=\"MISE \u00c0 JOUR \u2013 Le 35e champion du monde de Formule 1 est Lando Norris. La troisi\u00e8me place a suffi au Britannique lors de la\" \/>\n<meta property=\"og:url\" content=\"https:\/\/vieassociative.be\/actualites\/finale-de-formule-1-comme-il-ny-en-avait-pas-eu-depuis-longtemps-lando-norris-champion-du-monde\/\" \/>\n<meta property=\"og:site_name\" content=\"Vie Associative\" \/>\n<meta property=\"article:published_time\" content=\"2025-12-07T20:17:52+00:00\" \/>\n<meta property=\"og:image\" content=\"https:\/\/vieassociative.be\/actualites\/wp-content\/uploads\/2024\/09\/header_backgroundk-01-e1726694325946.png\" \/>\n\t<meta property=\"og:image:width\" content=\"279\" \/>\n\t<meta property=\"og:image:height\" content=\"92\" \/>\n\t<meta property=\"og:image:type\" content=\"image\/png\" \/>\n<meta name=\"author\" content=\"Julien\" \/>\n<meta name=\"twitter:card\" content=\"summary_large_image\" \/>\n<meta name=\"twitter:label1\" content=\"\u00c9crit par\" \/>\n\t<meta name=\"twitter:data1\" content=\"Julien\" \/>\n\t<meta name=\"twitter:label2\" content=\"Dur\u00e9e de lecture est.\" \/>\n\t<meta name=\"twitter:data2\" content=\"1 minute\" \/>\n<script type=\"application\/ld+json\" class=\"yoast-schema-graph\">{\"@context\":\"https:\/\/schema.org\",\"@graph\":[{\"@type\":\"Article\",\"@id\":\"https:\/\/vieassociative.be\/actualites\/finale-de-formule-1-comme-il-ny-en-avait-pas-eu-depuis-longtemps-lando-norris-champion-du-monde\/#article\",\"isPartOf\":{\"@id\":\"https:\/\/vieassociative.be\/actualites\/finale-de-formule-1-comme-il-ny-en-avait-pas-eu-depuis-longtemps-lando-norris-champion-du-monde\/\"},\"author\":{\"name\":\"Julien\",\"@id\":\"https:\/\/vieassociative.be\/actualites\/#\/schema\/person\/b87ac4f82f9d4e7b7cec7395b679edc4\"},\"headline\":\"Finale de Formule 1 comme il n&rsquo;y en avait pas eu depuis longtemps : Lando Norris champion du monde\",\"datePublished\":\"2025-12-07T20:17:52+00:00\",\"dateModified\":\"2025-12-07T20:17:52+00:00\",\"mainEntityOfPage\":{\"@id\":\"https:\/\/vieassociative.be\/actualites\/finale-de-formule-1-comme-il-ny-en-avait-pas-eu-depuis-longtemps-lando-norris-champion-du-monde\/\"},\"wordCount\":271,\"publisher\":{\"@id\":\"https:\/\/vieassociative.be\/actualites\/#organization\"},\"image\":{\"@id\":\"https:\/\/vieassociative.be\/actualites\/finale-de-formule-1-comme-il-ny-en-avait-pas-eu-depuis-longtemps-lando-norris-champion-du-monde\/#primaryimage\"},\"thumbnailUrl\":\"https:\/\/vieassociative.be\/actualites\/wp-content\/uploads\/2025\/12\/Finale-de-Formule-1-comme-il-ny-en-avait-pas.jpg\",\"keywords\":[\"avait\",\"champion\",\"comme\",\"depuis\",\"finale\",\"Formule\",\"Lando\",\"longtemps\",\"monde\",\"Norris\",\"pas\"],\"articleSection\":[\"Belgique\"],\"inLanguage\":\"fr-BE\"},{\"@type\":\"WebPage\",\"@id\":\"https:\/\/vieassociative.be\/actualites\/finale-de-formule-1-comme-il-ny-en-avait-pas-eu-depuis-longtemps-lando-norris-champion-du-monde\/\",\"url\":\"https:\/\/vieassociative.be\/actualites\/finale-de-formule-1-comme-il-ny-en-avait-pas-eu-depuis-longtemps-lando-norris-champion-du-monde\/\",\"name\":\"Finale de Formule 1 comme il n'y en avait pas eu depuis longtemps : Lando Norris champion du monde | Vie Associative\",\"isPartOf\":{\"@id\":\"https:\/\/vieassociative.be\/actualites\/#website\"},\"primaryImageOfPage\":{\"@id\":\"https:\/\/vieassociative.be\/actualites\/finale-de-formule-1-comme-il-ny-en-avait-pas-eu-depuis-longtemps-lando-norris-champion-du-monde\/#primaryimage\"},\"image\":{\"@id\":\"https:\/\/vieassociative.be\/actualites\/finale-de-formule-1-comme-il-ny-en-avait-pas-eu-depuis-longtemps-lando-norris-champion-du-monde\/#primaryimage\"},\"thumbnailUrl\":\"https:\/\/vieassociative.be\/actualites\/wp-content\/uploads\/2025\/12\/Finale-de-Formule-1-comme-il-ny-en-avait-pas.jpg\",\"datePublished\":\"2025-12-07T20:17:52+00:00\",\"dateModified\":\"2025-12-07T20:17:52+00:00\",\"breadcrumb\":{\"@id\":\"https:\/\/vieassociative.be\/actualites\/finale-de-formule-1-comme-il-ny-en-avait-pas-eu-depuis-longtemps-lando-norris-champion-du-monde\/#breadcrumb\"},\"inLanguage\":\"fr-BE\",\"potentialAction\":[{\"@type\":\"ReadAction\",\"target\":[\"https:\/\/vieassociative.be\/actualites\/finale-de-formule-1-comme-il-ny-en-avait-pas-eu-depuis-longtemps-lando-norris-champion-du-monde\/\"]}]},{\"@type\":\"ImageObject\",\"inLanguage\":\"fr-BE\",\"@id\":\"https:\/\/vieassociative.be\/actualites\/finale-de-formule-1-comme-il-ny-en-avait-pas-eu-depuis-longtemps-lando-norris-champion-du-monde\/#primaryimage\",\"url\":\"https:\/\/vieassociative.be\/actualites\/wp-content\/uploads\/2025\/12\/Finale-de-Formule-1-comme-il-ny-en-avait-pas.jpg\",\"contentUrl\":\"https:\/\/vieassociative.be\/actualites\/wp-content\/uploads\/2025\/12\/Finale-de-Formule-1-comme-il-ny-en-avait-pas.jpg\",\"width\":1200,\"height\":800,\"caption\":\"Finale de Formule 1 comme il n'y en avait pas eu depuis longtemps : Lando Norris champion du monde\"},{\"@type\":\"BreadcrumbList\",\"@id\":\"https:\/\/vieassociative.be\/actualites\/finale-de-formule-1-comme-il-ny-en-avait-pas-eu-depuis-longtemps-lando-norris-champion-du-monde\/#breadcrumb\",\"itemListElement\":[{\"@type\":\"ListItem\",\"position\":1,\"name\":\"Accueil\",\"item\":\"https:\/\/vieassociative.be\/actualites\/\"},{\"@type\":\"ListItem\",\"position\":2,\"name\":\"Finale de Formule 1 comme il n&rsquo;y en avait pas eu depuis longtemps : Lando Norris champion du monde\"}]},{\"@type\":\"WebSite\",\"@id\":\"https:\/\/vieassociative.be\/actualites\/#website\",\"url\":\"https:\/\/vieassociative.be\/actualites\/\",\"name\":\"Vie Associative\",\"description\":\"\",\"publisher\":{\"@id\":\"https:\/\/vieassociative.be\/actualites\/#organization\"},\"potentialAction\":[{\"@type\":\"SearchAction\",\"target\":{\"@type\":\"EntryPoint\",\"urlTemplate\":\"https:\/\/vieassociative.be\/actualites\/?s={search_term_string}\"},\"query-input\":{\"@type\":\"PropertyValueSpecification\",\"valueRequired\":true,\"valueName\":\"search_term_string\"}}],\"inLanguage\":\"fr-BE\"},{\"@type\":\"Organization\",\"@id\":\"https:\/\/vieassociative.be\/actualites\/#organization\",\"name\":\"Vie Associative\",\"url\":\"https:\/\/vieassociative.be\/actualites\/\",\"logo\":{\"@type\":\"ImageObject\",\"inLanguage\":\"fr-BE\",\"@id\":\"https:\/\/vieassociative.be\/actualites\/#\/schema\/logo\/image\/\",\"url\":\"https:\/\/vieassociative.be\/actualites\/wp-content\/uploads\/2024\/09\/cropped-vieassociative_favicon.ico.png\",\"contentUrl\":\"https:\/\/vieassociative.be\/actualites\/wp-content\/uploads\/2024\/09\/cropped-vieassociative_favicon.ico.png\",\"width\":512,\"height\":512,\"caption\":\"Vie Associative\"},\"image\":{\"@id\":\"https:\/\/vieassociative.be\/actualites\/#\/schema\/logo\/image\/\"}},{\"@type\":\"Person\",\"@id\":\"https:\/\/vieassociative.be\/actualites\/#\/schema\/person\/b87ac4f82f9d4e7b7cec7395b679edc4\",\"name\":\"Julien\",\"image\":{\"@type\":\"ImageObject\",\"inLanguage\":\"fr-BE\",\"@id\":\"https:\/\/vieassociative.be\/actualites\/#\/schema\/person\/image\/\",\"url\":\"https:\/\/vieassociative.be\/actualites\/wp-content\/uploads\/2024\/09\/vie-associative-1-150x150.jpg\",\"contentUrl\":\"https:\/\/vieassociative.be\/actualites\/wp-content\/uploads\/2024\/09\/vie-associative-1-150x150.jpg\",\"caption\":\"Julien\"},\"description\":\"Je suis Julien, r\u00e9dacteur pour Vie Associative. Passionn\u00e9 par le monde associatif depuis plus de 10 ans, j'ai \u00e0 c\u0153ur de partager des histoires inspirantes et de mettre en lumi\u00e8re les initiatives locales. Mon objectif est de sensibiliser et d'encourager l'engagement communautaire \u00e0 travers mes articles.\",\"sameAs\":[\"https:\/\/vieassociative.be\/\"]}]}<\/script>\n<!-- \/ Yoast SEO plugin. -->","yoast_head_json":{"title":"Finale de Formule 1 comme il n'y en avait pas eu depuis longtemps : Lando Norris champion du monde | Vie Associative","robots":{"index":"index","follow":"follow","max-snippet":"max-snippet:-1","max-image-preview":"max-image-preview:large","max-video-preview":"max-video-preview:-1"},"canonical":"https:\/\/vieassociative.be\/actualites\/finale-de-formule-1-comme-il-ny-en-avait-pas-eu-depuis-longtemps-lando-norris-champion-du-monde\/","og_locale":"fr_FR","og_type":"article","og_title":"Finale de Formule 1 comme il n'y en avait pas eu depuis longtemps : Lando Norris champion du monde | Vie Associative","og_description":"MISE \u00c0 JOUR \u2013 Le 35e champion du monde de Formule 1 est Lando Norris. La troisi\u00e8me place a suffi au Britannique lors de la","og_url":"https:\/\/vieassociative.be\/actualites\/finale-de-formule-1-comme-il-ny-en-avait-pas-eu-depuis-longtemps-lando-norris-champion-du-monde\/","og_site_name":"Vie Associative","article_published_time":"2025-12-07T20:17:52+00:00","og_image":[{"width":279,"height":92,"url":"https:\/\/vieassociative.be\/actualites\/wp-content\/uploads\/2024\/09\/header_backgroundk-01-e1726694325946.png","type":"image\/png"}],"author":"Julien","twitter_card":"summary_large_image","twitter_misc":{"\u00c9crit par":"Julien","Dur\u00e9e de lecture est.":"1 minute"},"schema":{"@context":"https:\/\/schema.org","@graph":[{"@type":"Article","@id":"https:\/\/vieassociative.be\/actualites\/finale-de-formule-1-comme-il-ny-en-avait-pas-eu-depuis-longtemps-lando-norris-champion-du-monde\/#article","isPartOf":{"@id":"https:\/\/vieassociative.be\/actualites\/finale-de-formule-1-comme-il-ny-en-avait-pas-eu-depuis-longtemps-lando-norris-champion-du-monde\/"},"author":{"name":"Julien","@id":"https:\/\/vieassociative.be\/actualites\/#\/schema\/person\/b87ac4f82f9d4e7b7cec7395b679edc4"},"headline":"Finale de Formule 1 comme il n&rsquo;y en avait pas eu depuis longtemps : Lando Norris champion du monde","datePublished":"2025-12-07T20:17:52+00:00","dateModified":"2025-12-07T20:17:52+00:00","mainEntityOfPage":{"@id":"https:\/\/vieassociative.be\/actualites\/finale-de-formule-1-comme-il-ny-en-avait-pas-eu-depuis-longtemps-lando-norris-champion-du-monde\/"},"wordCount":271,"publisher":{"@id":"https:\/\/vieassociative.be\/actualites\/#organization"},"image":{"@id":"https:\/\/vieassociative.be\/actualites\/finale-de-formule-1-comme-il-ny-en-avait-pas-eu-depuis-longtemps-lando-norris-champion-du-monde\/#primaryimage"},"thumbnailUrl":"https:\/\/vieassociative.be\/actualites\/wp-content\/uploads\/2025\/12\/Finale-de-Formule-1-comme-il-ny-en-avait-pas.jpg","keywords":["avait","champion","comme","depuis","finale","Formule","Lando","longtemps","monde","Norris","pas"],"articleSection":["Belgique"],"inLanguage":"fr-BE"},{"@type":"WebPage","@id":"https:\/\/vieassociative.be\/actualites\/finale-de-formule-1-comme-il-ny-en-avait-pas-eu-depuis-longtemps-lando-norris-champion-du-monde\/","url":"https:\/\/vieassociative.be\/actualites\/finale-de-formule-1-comme-il-ny-en-avait-pas-eu-depuis-longtemps-lando-norris-champion-du-monde\/","name":"Finale de Formule 1 comme il n'y en avait pas eu depuis longtemps : Lando Norris champion du monde | Vie Associative","isPartOf":{"@id":"https:\/\/vieassociative.be\/actualites\/#website"},"primaryImageOfPage":{"@id":"https:\/\/vieassociative.be\/actualites\/finale-de-formule-1-comme-il-ny-en-avait-pas-eu-depuis-longtemps-lando-norris-champion-du-monde\/#primaryimage"},"image":{"@id":"https:\/\/vieassociative.be\/actualites\/finale-de-formule-1-comme-il-ny-en-avait-pas-eu-depuis-longtemps-lando-norris-champion-du-monde\/#primaryimage"},"thumbnailUrl":"https:\/\/vieassociative.be\/actualites\/wp-content\/uploads\/2025\/12\/Finale-de-Formule-1-comme-il-ny-en-avait-pas.jpg","datePublished":"2025-12-07T20:17:52+00:00","dateModified":"2025-12-07T20:17:52+00:00","breadcrumb":{"@id":"https:\/\/vieassociative.be\/actualites\/finale-de-formule-1-comme-il-ny-en-avait-pas-eu-depuis-longtemps-lando-norris-champion-du-monde\/#breadcrumb"},"inLanguage":"fr-BE","potentialAction":[{"@type":"ReadAction","target":["https:\/\/vieassociative.be\/actualites\/finale-de-formule-1-comme-il-ny-en-avait-pas-eu-depuis-longtemps-lando-norris-champion-du-monde\/"]}]},{"@type":"ImageObject","inLanguage":"fr-BE","@id":"https:\/\/vieassociative.be\/actualites\/finale-de-formule-1-comme-il-ny-en-avait-pas-eu-depuis-longtemps-lando-norris-champion-du-monde\/#primaryimage","url":"https:\/\/vieassociative.be\/actualites\/wp-content\/uploads\/2025\/12\/Finale-de-Formule-1-comme-il-ny-en-avait-pas.jpg","contentUrl":"https:\/\/vieassociative.be\/actualites\/wp-content\/uploads\/2025\/12\/Finale-de-Formule-1-comme-il-ny-en-avait-pas.jpg","width":1200,"height":800,"caption":"Finale de Formule 1 comme il n'y en avait pas eu depuis longtemps : Lando Norris champion du monde"},{"@type":"BreadcrumbList","@id":"https:\/\/vieassociative.be\/actualites\/finale-de-formule-1-comme-il-ny-en-avait-pas-eu-depuis-longtemps-lando-norris-champion-du-monde\/#breadcrumb","itemListElement":[{"@type":"ListItem","position":1,"name":"Accueil","item":"https:\/\/vieassociative.be\/actualites\/"},{"@type":"ListItem","position":2,"name":"Finale de Formule 1 comme il n&rsquo;y en avait pas eu depuis longtemps : Lando Norris champion du monde"}]},{"@type":"WebSite","@id":"https:\/\/vieassociative.be\/actualites\/#website","url":"https:\/\/vieassociative.be\/actualites\/","name":"Vie Associative","description":"","publisher":{"@id":"https:\/\/vieassociative.be\/actualites\/#organization"},"potentialAction":[{"@type":"SearchAction","target":{"@type":"EntryPoint","urlTemplate":"https:\/\/vieassociative.be\/actualites\/?s={search_term_string}"},"query-input":{"@type":"PropertyValueSpecification","valueRequired":true,"valueName":"search_term_string"}}],"inLanguage":"fr-BE"},{"@type":"Organization","@id":"https:\/\/vieassociative.be\/actualites\/#organization","name":"Vie Associative","url":"https:\/\/vieassociative.be\/actualites\/","logo":{"@type":"ImageObject","inLanguage":"fr-BE","@id":"https:\/\/vieassociative.be\/actualites\/#\/schema\/logo\/image\/","url":"https:\/\/vieassociative.be\/actualites\/wp-content\/uploads\/2024\/09\/cropped-vieassociative_favicon.ico.png","contentUrl":"https:\/\/vieassociative.be\/actualites\/wp-content\/uploads\/2024\/09\/cropped-vieassociative_favicon.ico.png","width":512,"height":512,"caption":"Vie Associative"},"image":{"@id":"https:\/\/vieassociative.be\/actualites\/#\/schema\/logo\/image\/"}},{"@type":"Person","@id":"https:\/\/vieassociative.be\/actualites\/#\/schema\/person\/b87ac4f82f9d4e7b7cec7395b679edc4","name":"Julien","image":{"@type":"ImageObject","inLanguage":"fr-BE","@id":"https:\/\/vieassociative.be\/actualites\/#\/schema\/person\/image\/","url":"https:\/\/vieassociative.be\/actualites\/wp-content\/uploads\/2024\/09\/vie-associative-1-150x150.jpg","contentUrl":"https:\/\/vieassociative.be\/actualites\/wp-content\/uploads\/2024\/09\/vie-associative-1-150x150.jpg","caption":"Julien"},"description":"Je suis Julien, r\u00e9dacteur pour Vie Associative. Passionn\u00e9 par le monde associatif depuis plus de 10 ans, j'ai \u00e0 c\u0153ur de partager des histoires inspirantes et de mettre en lumi\u00e8re les initiatives locales. Mon objectif est de sensibiliser et d'encourager l'engagement communautaire \u00e0 travers mes articles.","sameAs":["https:\/\/vieassociative.be\/"]}]}},"_links":{"self":[{"href":"https:\/\/vieassociative.be\/actualites\/wp-json\/wp\/v2\/posts\/11741"}],"collection":[{"href":"https:\/\/vieassociative.be\/actualites\/wp-json\/wp\/v2\/posts"}],"about":[{"href":"https:\/\/vieassociative.be\/actualites\/wp-json\/wp\/v2\/types\/post"}],"author":[{"embeddable":true,"href":"https:\/\/vieassociative.be\/actualites\/wp-json\/wp\/v2\/users\/1"}],"replies":[{"embeddable":true,"href":"https:\/\/vieassociative.be\/actualites\/wp-json\/wp\/v2\/comments?post=11741"}],"version-history":[{"count":0,"href":"https:\/\/vieassociative.be\/actualites\/wp-json\/wp\/v2\/posts\/11741\/revisions"}],"wp:featuredmedia":[{"embeddable":true,"href":"https:\/\/vieassociative.be\/actualites\/wp-json\/wp\/v2\/media\/11742"}],"wp:attachment":[{"href":"https:\/\/vieassociative.be\/actualites\/wp-json\/wp\/v2\/media?parent=11741"}],"wp:term":[{"taxonomy":"category","embeddable":true,"href":"https:\/\/vieassociative.be\/actualites\/wp-json\/wp\/v2\/categories?post=11741"},{"taxonomy":"post_tag","embeddable":true,"href":"https:\/\/vieassociative.be\/actualites\/wp-json\/wp\/v2\/tags?post=11741"}],"curies":[{"name":"wp","href":"https:\/\/api.w.org\/{rel}","templated":true}]}}