{"id":11739,"date":"2025-12-07T20:17:50","date_gmt":"2025-12-07T19:17:50","guid":{"rendered":"https:\/\/vieassociative.be\/actualites\/ce-haut-parleur-portable-bose-est-actuellement-a-pres-de-20-de-reduction\/"},"modified":"2025-12-07T20:17:50","modified_gmt":"2025-12-07T19:17:50","slug":"ce-haut-parleur-portable-bose-est-actuellement-a-pres-de-20-de-reduction","status":"publish","type":"post","link":"https:\/\/vieassociative.be\/actualites\/ce-haut-parleur-portable-bose-est-actuellement-a-pres-de-20-de-reduction\/","title":{"rendered":"Ce haut-parleur portable Bose est actuellement \u00e0 pr\u00e8s de 20 % de r\u00e9duction"},"content":{"rendered":"<p>Nous pouvons gagner une commission sur les liens sur cette page. Les prix et la disponibilit\u00e9 de l&rsquo;offre sont sujets \u00e0 changement apr\u00e8s la publication.<\/p>\n<p>De nombreuses enceintes Bluetooth tentent de vous impressionner avec des applications, des assistants vocaux ou des modes sonores compliqu\u00e9s, mais Bose SoundLink Home adopte l&rsquo;approche inverse. Il s\u2019agit d\u2019une enceinte simple et \u00e9l\u00e9gante qui se concentre presque enti\u00e8rement sur son apparence et son son. \u00c0 179 $, contre 219 $ \u2013 son prix le plus bas selon les outils de suivi des prix \u2013 il devient plus facile d&rsquo;appr\u00e9cier cette retenue.<\/p>\n<div class=\"pogoClear mb-12 mt-10 rounded-md border-2 border-gray-100 py-7 shadow-xl md:py-6\">\n<div class=\"flex flex-wrap justify-between px-7 text-black no-underline md:flex-nowrap md:px-8\">\n<div class=\"order-1 mx-auto flex flex-col justify-center md:order-2 md:ml-4 md:w-full md:grow\">\n<div class=\"block cursor-pointer text-center font-akshar text-2xl font-medium leading-7 text-brand-green duration-200 ease-in-out hover:text-brand-green-700 md:text-left md:text-xl md:leading-6\">Haut-parleur domestique Bose SoundLink\n                <\/div>\n<div class=\"mt-4 hidden md:flex md:justify-between\">\n<div class=\"self-end\">\n<div class=\"mb-0 h-11 md:flex md:flex-col md:justify-center\">\n<div class=\" font-sans leading-4 text-black\">\n<div class=\"flex flex-wrap items-center justify-center gap-1 md:justify-start\">\n        <span class=\"font-bold\"><\/p>\n<p>            179,00\u00a0$<br \/>\n                            <span class=\"font-medium\">chez Amazon<\/span><br \/>\n                    <\/span>\n            <\/div>\n<div class=\"flex items-center justify-center gap-x-1 font-bold md:justify-start\">\n            <span class=\"text-sm line-through\">219,00\u00a0$<\/span><br \/>\n            <span class=\"text-sm text-brand-green\">\u00c9conomisez 40,00\u00a0$<\/span>\n        <\/div>\n<\/p><\/div>\n<\/p><\/div>\n<\/p><\/div>\n<div class=\"w-44 self-end\">\n                            <button class=\"flex justify-center items-center w-full bg-brand-green text-white text-base font-sans font-medium rounded-md hover:bg-brand-green-700 hover:cursor-pointer md:text-sm h-11\"><\/p>\n<p>    Obtenez une offre<br \/>\n<\/button>\n                        <\/div>\n<\/p><\/div>\n<\/p><\/div>\n<div class=\"order-2 mt-5 h-auto w-full md:order-1 md:mt-0 md:hidden\">\n<div class=\"flex aspect-video items-center justify-center\">\n                                            <img decoding=\"async\" class=\"m-0 max-h-full max-w-full rounded-md\" src=\"https:\/\/vieassociative.be\/actualites\/wp-content\/uploads\/2025\/12\/Ce-haut-parleur-portable-Bose-est-actuellement-a-pres-de-20.jpg\" alt=\"Enceinte biblioth\u00e8que Bluetooth portable Bose SoundLink Home (Gris)\" width=\"auto\" height=\"auto\" loading=\"lazy\">\n                                    <\/div>\n<\/p><\/div>\n<div class=\"order-2 ml-2 hidden w-32 shrink-0 items-center md:order-1 md:ml-0 md:flex\">\n<div class=\"flex aspect-video items-center justify-center\">\n                                            <img decoding=\"async\" class=\"m-0 max-h-full max-w-full rounded-md\" src=\"https:\/\/vieassociative.be\/actualites\/wp-content\/uploads\/2025\/12\/Ce-haut-parleur-portable-Bose-est-actuellement-a-pres-de-20.jpg\" alt=\"Enceinte biblioth\u00e8que Bluetooth portable Bose SoundLink Home (Gris)\" width=\"auto\" height=\"auto\" loading=\"lazy\">\n                                    <\/div>\n<\/p><\/div>\n<div class=\"order-3 flex grow flex-wrap md:hidden md:grow-0\">\n<div class=\"mt-4 w-full\">\n                        <button class=\"flex justify-center items-center w-full bg-brand-green text-white text-base font-sans font-medium rounded-md hover:bg-brand-green-700 hover:cursor-pointer md:text-sm h-11\"><\/p>\n<p>    Obtenez une offre<br \/>\n<\/button>\n                    <\/div>\n<div class=\"mx-2 mt-4 w-full\">\n<div class=\" font-sans leading-4 text-black\">\n<div class=\"flex flex-wrap items-center justify-center gap-1 md:justify-start\">\n        <span class=\"font-bold\"><\/p>\n<p>            179,00\u00a0$<br \/>\n                            <span class=\"font-medium\">chez Amazon<\/span><br \/>\n                    <\/span>\n            <\/div>\n<div class=\"flex items-center justify-center gap-x-1 font-bold md:justify-start\">\n            <span class=\"text-sm line-through\">219,00\u00a0$<\/span><br \/>\n            <span class=\"text-sm text-brand-green\">\u00c9conomisez 40,00\u00a0$<\/span>\n        <\/div>\n<\/p><\/div>\n<\/p><\/div>\n<\/p><\/div>\n<\/p><\/div>\n<\/div>\n<p>Le cadre en m\u00e9tal et le corps envelopp\u00e9 de tissu lui conf\u00e8rent un aspect \u00e9pur\u00e9 et convivial, et pesant deux livres, il semble robuste sans \u00eatre attach\u00e9 \u00e0 un seul endroit de votre maison. Les boutons physiques sur le dessus couvrent tout ce dont vous avez besoin : alimentation, couplage, lecture et volume. Il g\u00e8re m\u00eame les appels t\u00e9l\u00e9phoniques et le microphone fonctionne suffisamment bien pour des discussions rapides. Vous n&rsquo;avez jamais l&rsquo;impression de jongler avec les menus ou d&rsquo;attendre qu&rsquo;une application se charge parce qu&rsquo;il n&rsquo;y en a pas.<\/p>\n<p>Cette simplicit\u00e9 se retrouve dans le son. Bose ne propose pas de r\u00e9glages d&rsquo;\u00e9galisation ni de profils pr\u00e9d\u00e9finis ici, donc ce que vous entendez correspond exactement \u00e0 ce que les ing\u00e9nieurs voulaient. Pour un haut-parleur \u00e0 pilote unique, le son est \u00e9tonnamment complet, note cette revue PCMag. Les basses frappent avec suffisamment de poids pour donner un certain impact aux morceaux pop modernes, m\u00eame si les basses tr\u00e8s profondes sont hors de port\u00e9e, ce qui est typique pour une enceinte de cette taille. Bluetooth 5.3 maintient le flux stable et le couplage multipoint est utile si vous aimez basculer entre un t\u00e9l\u00e9phone et un ordinateur portable. Il existe \u00e9galement une entr\u00e9e audio USB-C, ce qui est rare dans les haut-parleurs portables et pratique si vous souhaitez une connexion filaire et sans d\u00e9calage. Le couplage de deux unit\u00e9s d\u00e9verrouille manuellement le mode st\u00e9r\u00e9o de Bose, qui \u00e9tend la sc\u00e8ne sonore et donne plus d&rsquo;espace \u00e0 la musique, m\u00eame si cela n\u00e9cessite un deuxi\u00e8me haut-parleur et une s\u00e9quence de boutons sp\u00e9cifique.<\/p>\n<p>Cela dit, il n&rsquo;y a pas de wifi, vous ne pouvez donc pas utiliser Spotify Connect ou l&rsquo;audio multi-pi\u00e8ces. Il n\u2019y a pas d\u2019assistant vocal, ce qui pourrait \u00eatre un probl\u00e8me si vous comptez sur un contr\u00f4le mains libres. Et sans indice d\u2019\u00e9tanch\u00e9it\u00e9, ce n\u2019est pas le genre d\u2019enceinte que vous pouvez emporter dehors sous une bruine ou laisser pr\u00e8s d\u2019un lavabo de salle de bain. La batterie dure environ neuf heures avec une charge compl\u00e8te, ce qui est bien mais pas comp\u00e9titif par rapport \u00e0 certains mod\u00e8les plus gros. <\/p>\n<p>Malgr\u00e9 cela, le SoundLink Home r\u00e9ussit la seule chose que de nombreux haut-parleurs compliquent trop. Il offre un son riche et agr\u00e9able sans configuration ni logiciel suppl\u00e9mentaire.<\/p>\n<hr>\n<div class=\" relative flex justify-center py-16 md:left-1\/2 md:w-(780px) md:max-w-max md:-translate-x-1\/2\">\n<div class=\"w-max text-center sm:text-left\">\n<div class=\"custom-gradient-background mb-6 rounded-md p-(2px) sm:rounded-tl-none\">\n<div class=\"flex flex-col rounded bg-white sm:rounded-tl-none\">\n                    <span class=\"-mt-4 block w-fit max-w-(calc(100%-1rem)) self-center bg-white px-3 text-center font-akshar text-xl font-medium capitalize text-gray-800 sm:max-w-(calc(100%-2.5rem)) sm:self-start sm:px-10 sm:text-left sm:text-2xl\">Nos meilleures offres technologiques approuv\u00e9es par les \u00e9diteurs en ce moment<\/span><\/p>\n<div class=\"flex flex-col gap-3 p-3 pb-4 text-sm sm:p-10 sm:pt-6 sm:text-justify sm:text-base\">\n<div>\n<p>    Tablette Wi-Fi Apple iPad Air 11 po M3 128 Go (gris sid\u00e9ral)<\/p>\n<p>                                <span class=\"text-black\"><br \/>\n                                    \u2014<br \/>\n                                    <span class=\"font-bold\"><\/span><br \/>\n                                    <span class=\"!text-xs italic sm:!text-sm\"><\/p>\n<p>                                        (Prix catalogue 587,99 $)<br \/>\n                                    <\/span><br \/>\n                                <\/span>\n                            <\/div>\n<div>\n<p>    Dell 14 Premium DA14250 (Intel Core Ultra 7 255H, SSD 512 Go, RAM 16 Go, \u00e9cran 2K)<\/p>\n<p>                                <span class=\"text-black\"><br \/>\n                                    \u2014<br \/>\n                                    <span class=\"font-bold\">999,99\u00a0$<\/span><br \/>\n                                    <span class=\"!text-xs italic sm:!text-sm\"><\/p>\n<p>                                        (Prix catalogue 1\u00a0549,99\u00a0$)<br \/>\n                                    <\/span><br \/>\n                                <\/span>\n                            <\/div>\n<div>\n<p>    Sony WH-1000XM5<\/p>\n<p>                                <span class=\"text-black\"><br \/>\n                                    \u2014<br \/>\n                                    <span class=\"font-bold\">278,00\u00a0$<\/span><br \/>\n                                    <span class=\"!text-xs italic sm:!text-sm\"><\/p>\n<p>                                        (Prix catalogue 399,99\u00a0$)<br \/>\n                                    <\/span><br \/>\n                                <\/span>\n                            <\/div>\n<div>\n<p>    Tablette Wi-Fi Samsung Galaxy Tab A9+ 10,9 po 64 Go (graphite)<\/p>\n<p>                                <span class=\"text-black\"><br \/>\n                                    \u2014<br \/>\n                                    <span class=\"font-bold\">149,99\u00a0$<\/span><br \/>\n                                    <span class=\"!text-xs italic sm:!text-sm\"><\/p>\n<p>                                        (Prix catalogue 219,99 $)<br \/>\n                                    <\/span><br \/>\n                                <\/span>\n                            <\/div>\n<div>\n<p>    Montre intelligente Apple Watch Series 11 (GPS 46 mm) avec bo\u00eetier en aluminium noir de jais et bracelet sport noir &#8211; M\/L. Score de sommeil, tracker d&rsquo;activit\u00e9, surveillance de la sant\u00e9, affichage permanent, r\u00e9sistant \u00e0 l&rsquo;eau<\/p>\n<p>                                <span class=\"text-black\"><br \/>\n                                    \u2014<br \/>\n                                    <span class=\"font-bold\">419,00\u00a0$<\/span><br \/>\n                                    <span class=\"!text-xs italic sm:!text-sm\"><\/p>\n<p>                                        (Prix catalogue 419,00 $)<br \/>\n                                    <\/span><br \/>\n                                <\/span>\n                            <\/div>\n<\/p><\/div>\n<\/p><\/div>\n<\/p><\/div>\n<div class=\"flex flex-col items-center justify-between text-black sm:flex-row sm:px-6\">\n                <span class=\"text-xs italic sm:ml-7 sm:text-sm\">Les offres sont s\u00e9lectionn\u00e9es par notre \u00e9quipe commerciale<\/span><\/p><\/div>\n<\/p><\/div>\n<\/p><\/div>\n","protected":false},"excerpt":{"rendered":"<p>Nous pouvons gagner une commission sur les liens sur cette page. Les prix et la disponibilit\u00e9 de l&rsquo;offre sont sujets \u00e0 changement apr\u00e8s la publication.<\/p>\n","protected":false},"author":1,"featured_media":11740,"comment_status":"","ping_status":"","sticky":false,"template":"","format":"standard","meta":{"footnotes":""},"categories":[13],"tags":[19,2887,76,3545,170,1750,308],"class_list":["post-11739","post","type-post","status-publish","format-standard","has-post-thumbnail","hentry","category-technologie","tag-actuellement","tag-bose","tag-est","tag-hautparleur","tag-portable","tag-pres","tag-reduction","generate-columns","tablet-grid-50","mobile-grid-100","grid-parent","grid-33"],"yoast_head":"<!-- This site is optimized with the Yoast SEO plugin v24.0 - https:\/\/yoast.com\/wordpress\/plugins\/seo\/ -->\n<title>Ce haut-parleur portable Bose est actuellement \u00e0 pr\u00e8s de 20 % de r\u00e9duction | Vie Associative<\/title>\n<meta name=\"robots\" content=\"index, follow, max-snippet:-1, max-image-preview:large, max-video-preview:-1\" \/>\n<link rel=\"canonical\" href=\"https:\/\/vieassociative.be\/actualites\/ce-haut-parleur-portable-bose-est-actuellement-a-pres-de-20-de-reduction\/\" \/>\n<meta property=\"og:locale\" content=\"fr_FR\" \/>\n<meta property=\"og:type\" content=\"article\" \/>\n<meta property=\"og:title\" content=\"Ce haut-parleur portable Bose est actuellement \u00e0 pr\u00e8s de 20 % de r\u00e9duction | Vie Associative\" \/>\n<meta property=\"og:description\" content=\"Nous pouvons gagner une commission sur les liens sur cette page. Les prix et la disponibilit\u00e9 de l&rsquo;offre sont sujets \u00e0 changement apr\u00e8s la publication.\" \/>\n<meta property=\"og:url\" content=\"https:\/\/vieassociative.be\/actualites\/ce-haut-parleur-portable-bose-est-actuellement-a-pres-de-20-de-reduction\/\" \/>\n<meta property=\"og:site_name\" content=\"Vie Associative\" \/>\n<meta property=\"article:published_time\" content=\"2025-12-07T19:17:50+00:00\" \/>\n<meta property=\"og:image\" content=\"https:\/\/vieassociative.be\/actualites\/wp-content\/uploads\/2025\/12\/Ce-haut-parleur-portable-Bose-est-actuellement-a-pres-de-20.jpg\" \/>\n<meta name=\"author\" content=\"Julien\" \/>\n<meta name=\"twitter:card\" content=\"summary_large_image\" \/>\n<meta name=\"twitter:label1\" content=\"\u00c9crit par\" \/>\n\t<meta name=\"twitter:data1\" content=\"Julien\" \/>\n\t<meta name=\"twitter:label2\" content=\"Dur\u00e9e de lecture est.\" \/>\n\t<meta name=\"twitter:data2\" content=\"3 minutes\" \/>\n<script type=\"application\/ld+json\" class=\"yoast-schema-graph\">{\"@context\":\"https:\/\/schema.org\",\"@graph\":[{\"@type\":\"Article\",\"@id\":\"https:\/\/vieassociative.be\/actualites\/ce-haut-parleur-portable-bose-est-actuellement-a-pres-de-20-de-reduction\/#article\",\"isPartOf\":{\"@id\":\"https:\/\/vieassociative.be\/actualites\/ce-haut-parleur-portable-bose-est-actuellement-a-pres-de-20-de-reduction\/\"},\"author\":{\"name\":\"Julien\",\"@id\":\"https:\/\/vieassociative.be\/actualites\/#\/schema\/person\/b87ac4f82f9d4e7b7cec7395b679edc4\"},\"headline\":\"Ce haut-parleur portable Bose est actuellement \u00e0 pr\u00e8s de 20 % de r\u00e9duction\",\"datePublished\":\"2025-12-07T19:17:50+00:00\",\"dateModified\":\"2025-12-07T19:17:50+00:00\",\"mainEntityOfPage\":{\"@id\":\"https:\/\/vieassociative.be\/actualites\/ce-haut-parleur-portable-bose-est-actuellement-a-pres-de-20-de-reduction\/\"},\"wordCount\":655,\"publisher\":{\"@id\":\"https:\/\/vieassociative.be\/actualites\/#organization\"},\"image\":{\"@id\":\"https:\/\/vieassociative.be\/actualites\/ce-haut-parleur-portable-bose-est-actuellement-a-pres-de-20-de-reduction\/#primaryimage\"},\"thumbnailUrl\":\"https:\/\/vieassociative.be\/actualites\/wp-content\/uploads\/2025\/12\/Ce-haut-parleur-portable-Bose-est-actuellement-a-pres-de-20.png\",\"keywords\":[\"actuellement\",\"Bose\",\"est\",\"hautparleur\",\"portable\",\"pr\u00e8s\",\"r\u00e9duction\"],\"articleSection\":[\"Technologie\"],\"inLanguage\":\"fr-BE\"},{\"@type\":\"WebPage\",\"@id\":\"https:\/\/vieassociative.be\/actualites\/ce-haut-parleur-portable-bose-est-actuellement-a-pres-de-20-de-reduction\/\",\"url\":\"https:\/\/vieassociative.be\/actualites\/ce-haut-parleur-portable-bose-est-actuellement-a-pres-de-20-de-reduction\/\",\"name\":\"Ce haut-parleur portable Bose est actuellement \u00e0 pr\u00e8s de 20 % de r\u00e9duction | Vie Associative\",\"isPartOf\":{\"@id\":\"https:\/\/vieassociative.be\/actualites\/#website\"},\"primaryImageOfPage\":{\"@id\":\"https:\/\/vieassociative.be\/actualites\/ce-haut-parleur-portable-bose-est-actuellement-a-pres-de-20-de-reduction\/#primaryimage\"},\"image\":{\"@id\":\"https:\/\/vieassociative.be\/actualites\/ce-haut-parleur-portable-bose-est-actuellement-a-pres-de-20-de-reduction\/#primaryimage\"},\"thumbnailUrl\":\"https:\/\/vieassociative.be\/actualites\/wp-content\/uploads\/2025\/12\/Ce-haut-parleur-portable-Bose-est-actuellement-a-pres-de-20.png\",\"datePublished\":\"2025-12-07T19:17:50+00:00\",\"dateModified\":\"2025-12-07T19:17:50+00:00\",\"breadcrumb\":{\"@id\":\"https:\/\/vieassociative.be\/actualites\/ce-haut-parleur-portable-bose-est-actuellement-a-pres-de-20-de-reduction\/#breadcrumb\"},\"inLanguage\":\"fr-BE\",\"potentialAction\":[{\"@type\":\"ReadAction\",\"target\":[\"https:\/\/vieassociative.be\/actualites\/ce-haut-parleur-portable-bose-est-actuellement-a-pres-de-20-de-reduction\/\"]}]},{\"@type\":\"ImageObject\",\"inLanguage\":\"fr-BE\",\"@id\":\"https:\/\/vieassociative.be\/actualites\/ce-haut-parleur-portable-bose-est-actuellement-a-pres-de-20-de-reduction\/#primaryimage\",\"url\":\"https:\/\/vieassociative.be\/actualites\/wp-content\/uploads\/2025\/12\/Ce-haut-parleur-portable-Bose-est-actuellement-a-pres-de-20.png\",\"contentUrl\":\"https:\/\/vieassociative.be\/actualites\/wp-content\/uploads\/2025\/12\/Ce-haut-parleur-portable-Bose-est-actuellement-a-pres-de-20.png\",\"width\":1200,\"height\":675,\"caption\":\"Ce haut-parleur portable Bose est actuellement \u00e0 pr\u00e8s de 20 % de r\u00e9duction\"},{\"@type\":\"BreadcrumbList\",\"@id\":\"https:\/\/vieassociative.be\/actualites\/ce-haut-parleur-portable-bose-est-actuellement-a-pres-de-20-de-reduction\/#breadcrumb\",\"itemListElement\":[{\"@type\":\"ListItem\",\"position\":1,\"name\":\"Accueil\",\"item\":\"https:\/\/vieassociative.be\/actualites\/\"},{\"@type\":\"ListItem\",\"position\":2,\"name\":\"Ce haut-parleur portable Bose est actuellement \u00e0 pr\u00e8s de 20 % de r\u00e9duction\"}]},{\"@type\":\"WebSite\",\"@id\":\"https:\/\/vieassociative.be\/actualites\/#website\",\"url\":\"https:\/\/vieassociative.be\/actualites\/\",\"name\":\"Vie Associative\",\"description\":\"\",\"publisher\":{\"@id\":\"https:\/\/vieassociative.be\/actualites\/#organization\"},\"potentialAction\":[{\"@type\":\"SearchAction\",\"target\":{\"@type\":\"EntryPoint\",\"urlTemplate\":\"https:\/\/vieassociative.be\/actualites\/?s={search_term_string}\"},\"query-input\":{\"@type\":\"PropertyValueSpecification\",\"valueRequired\":true,\"valueName\":\"search_term_string\"}}],\"inLanguage\":\"fr-BE\"},{\"@type\":\"Organization\",\"@id\":\"https:\/\/vieassociative.be\/actualites\/#organization\",\"name\":\"Vie Associative\",\"url\":\"https:\/\/vieassociative.be\/actualites\/\",\"logo\":{\"@type\":\"ImageObject\",\"inLanguage\":\"fr-BE\",\"@id\":\"https:\/\/vieassociative.be\/actualites\/#\/schema\/logo\/image\/\",\"url\":\"https:\/\/vieassociative.be\/actualites\/wp-content\/uploads\/2024\/09\/cropped-vieassociative_favicon.ico.png\",\"contentUrl\":\"https:\/\/vieassociative.be\/actualites\/wp-content\/uploads\/2024\/09\/cropped-vieassociative_favicon.ico.png\",\"width\":512,\"height\":512,\"caption\":\"Vie Associative\"},\"image\":{\"@id\":\"https:\/\/vieassociative.be\/actualites\/#\/schema\/logo\/image\/\"}},{\"@type\":\"Person\",\"@id\":\"https:\/\/vieassociative.be\/actualites\/#\/schema\/person\/b87ac4f82f9d4e7b7cec7395b679edc4\",\"name\":\"Julien\",\"image\":{\"@type\":\"ImageObject\",\"inLanguage\":\"fr-BE\",\"@id\":\"https:\/\/vieassociative.be\/actualites\/#\/schema\/person\/image\/\",\"url\":\"https:\/\/vieassociative.be\/actualites\/wp-content\/uploads\/2024\/09\/vie-associative-1-150x150.jpg\",\"contentUrl\":\"https:\/\/vieassociative.be\/actualites\/wp-content\/uploads\/2024\/09\/vie-associative-1-150x150.jpg\",\"caption\":\"Julien\"},\"description\":\"Je suis Julien, r\u00e9dacteur pour Vie Associative. Passionn\u00e9 par le monde associatif depuis plus de 10 ans, j'ai \u00e0 c\u0153ur de partager des histoires inspirantes et de mettre en lumi\u00e8re les initiatives locales. Mon objectif est de sensibiliser et d'encourager l'engagement communautaire \u00e0 travers mes articles.\",\"sameAs\":[\"https:\/\/vieassociative.be\/\"]}]}<\/script>\n<!-- \/ Yoast SEO plugin. -->","yoast_head_json":{"title":"Ce haut-parleur portable Bose est actuellement \u00e0 pr\u00e8s de 20 % de r\u00e9duction | Vie Associative","robots":{"index":"index","follow":"follow","max-snippet":"max-snippet:-1","max-image-preview":"max-image-preview:large","max-video-preview":"max-video-preview:-1"},"canonical":"https:\/\/vieassociative.be\/actualites\/ce-haut-parleur-portable-bose-est-actuellement-a-pres-de-20-de-reduction\/","og_locale":"fr_FR","og_type":"article","og_title":"Ce haut-parleur portable Bose est actuellement \u00e0 pr\u00e8s de 20 % de r\u00e9duction | Vie Associative","og_description":"Nous pouvons gagner une commission sur les liens sur cette page. Les prix et la disponibilit\u00e9 de l&rsquo;offre sont sujets \u00e0 changement apr\u00e8s la publication.","og_url":"https:\/\/vieassociative.be\/actualites\/ce-haut-parleur-portable-bose-est-actuellement-a-pres-de-20-de-reduction\/","og_site_name":"Vie Associative","article_published_time":"2025-12-07T19:17:50+00:00","og_image":[{"url":"https:\/\/vieassociative.be\/actualites\/wp-content\/uploads\/2025\/12\/Ce-haut-parleur-portable-Bose-est-actuellement-a-pres-de-20.jpg","type":"","width":"","height":""}],"author":"Julien","twitter_card":"summary_large_image","twitter_misc":{"\u00c9crit par":"Julien","Dur\u00e9e de lecture est.":"3 minutes"},"schema":{"@context":"https:\/\/schema.org","@graph":[{"@type":"Article","@id":"https:\/\/vieassociative.be\/actualites\/ce-haut-parleur-portable-bose-est-actuellement-a-pres-de-20-de-reduction\/#article","isPartOf":{"@id":"https:\/\/vieassociative.be\/actualites\/ce-haut-parleur-portable-bose-est-actuellement-a-pres-de-20-de-reduction\/"},"author":{"name":"Julien","@id":"https:\/\/vieassociative.be\/actualites\/#\/schema\/person\/b87ac4f82f9d4e7b7cec7395b679edc4"},"headline":"Ce haut-parleur portable Bose est actuellement \u00e0 pr\u00e8s de 20 % de r\u00e9duction","datePublished":"2025-12-07T19:17:50+00:00","dateModified":"2025-12-07T19:17:50+00:00","mainEntityOfPage":{"@id":"https:\/\/vieassociative.be\/actualites\/ce-haut-parleur-portable-bose-est-actuellement-a-pres-de-20-de-reduction\/"},"wordCount":655,"publisher":{"@id":"https:\/\/vieassociative.be\/actualites\/#organization"},"image":{"@id":"https:\/\/vieassociative.be\/actualites\/ce-haut-parleur-portable-bose-est-actuellement-a-pres-de-20-de-reduction\/#primaryimage"},"thumbnailUrl":"https:\/\/vieassociative.be\/actualites\/wp-content\/uploads\/2025\/12\/Ce-haut-parleur-portable-Bose-est-actuellement-a-pres-de-20.png","keywords":["actuellement","Bose","est","hautparleur","portable","pr\u00e8s","r\u00e9duction"],"articleSection":["Technologie"],"inLanguage":"fr-BE"},{"@type":"WebPage","@id":"https:\/\/vieassociative.be\/actualites\/ce-haut-parleur-portable-bose-est-actuellement-a-pres-de-20-de-reduction\/","url":"https:\/\/vieassociative.be\/actualites\/ce-haut-parleur-portable-bose-est-actuellement-a-pres-de-20-de-reduction\/","name":"Ce haut-parleur portable Bose est actuellement \u00e0 pr\u00e8s de 20 % de r\u00e9duction | Vie Associative","isPartOf":{"@id":"https:\/\/vieassociative.be\/actualites\/#website"},"primaryImageOfPage":{"@id":"https:\/\/vieassociative.be\/actualites\/ce-haut-parleur-portable-bose-est-actuellement-a-pres-de-20-de-reduction\/#primaryimage"},"image":{"@id":"https:\/\/vieassociative.be\/actualites\/ce-haut-parleur-portable-bose-est-actuellement-a-pres-de-20-de-reduction\/#primaryimage"},"thumbnailUrl":"https:\/\/vieassociative.be\/actualites\/wp-content\/uploads\/2025\/12\/Ce-haut-parleur-portable-Bose-est-actuellement-a-pres-de-20.png","datePublished":"2025-12-07T19:17:50+00:00","dateModified":"2025-12-07T19:17:50+00:00","breadcrumb":{"@id":"https:\/\/vieassociative.be\/actualites\/ce-haut-parleur-portable-bose-est-actuellement-a-pres-de-20-de-reduction\/#breadcrumb"},"inLanguage":"fr-BE","potentialAction":[{"@type":"ReadAction","target":["https:\/\/vieassociative.be\/actualites\/ce-haut-parleur-portable-bose-est-actuellement-a-pres-de-20-de-reduction\/"]}]},{"@type":"ImageObject","inLanguage":"fr-BE","@id":"https:\/\/vieassociative.be\/actualites\/ce-haut-parleur-portable-bose-est-actuellement-a-pres-de-20-de-reduction\/#primaryimage","url":"https:\/\/vieassociative.be\/actualites\/wp-content\/uploads\/2025\/12\/Ce-haut-parleur-portable-Bose-est-actuellement-a-pres-de-20.png","contentUrl":"https:\/\/vieassociative.be\/actualites\/wp-content\/uploads\/2025\/12\/Ce-haut-parleur-portable-Bose-est-actuellement-a-pres-de-20.png","width":1200,"height":675,"caption":"Ce haut-parleur portable Bose est actuellement \u00e0 pr\u00e8s de 20 % de r\u00e9duction"},{"@type":"BreadcrumbList","@id":"https:\/\/vieassociative.be\/actualites\/ce-haut-parleur-portable-bose-est-actuellement-a-pres-de-20-de-reduction\/#breadcrumb","itemListElement":[{"@type":"ListItem","position":1,"name":"Accueil","item":"https:\/\/vieassociative.be\/actualites\/"},{"@type":"ListItem","position":2,"name":"Ce haut-parleur portable Bose est actuellement \u00e0 pr\u00e8s de 20 % de r\u00e9duction"}]},{"@type":"WebSite","@id":"https:\/\/vieassociative.be\/actualites\/#website","url":"https:\/\/vieassociative.be\/actualites\/","name":"Vie Associative","description":"","publisher":{"@id":"https:\/\/vieassociative.be\/actualites\/#organization"},"potentialAction":[{"@type":"SearchAction","target":{"@type":"EntryPoint","urlTemplate":"https:\/\/vieassociative.be\/actualites\/?s={search_term_string}"},"query-input":{"@type":"PropertyValueSpecification","valueRequired":true,"valueName":"search_term_string"}}],"inLanguage":"fr-BE"},{"@type":"Organization","@id":"https:\/\/vieassociative.be\/actualites\/#organization","name":"Vie Associative","url":"https:\/\/vieassociative.be\/actualites\/","logo":{"@type":"ImageObject","inLanguage":"fr-BE","@id":"https:\/\/vieassociative.be\/actualites\/#\/schema\/logo\/image\/","url":"https:\/\/vieassociative.be\/actualites\/wp-content\/uploads\/2024\/09\/cropped-vieassociative_favicon.ico.png","contentUrl":"https:\/\/vieassociative.be\/actualites\/wp-content\/uploads\/2024\/09\/cropped-vieassociative_favicon.ico.png","width":512,"height":512,"caption":"Vie Associative"},"image":{"@id":"https:\/\/vieassociative.be\/actualites\/#\/schema\/logo\/image\/"}},{"@type":"Person","@id":"https:\/\/vieassociative.be\/actualites\/#\/schema\/person\/b87ac4f82f9d4e7b7cec7395b679edc4","name":"Julien","image":{"@type":"ImageObject","inLanguage":"fr-BE","@id":"https:\/\/vieassociative.be\/actualites\/#\/schema\/person\/image\/","url":"https:\/\/vieassociative.be\/actualites\/wp-content\/uploads\/2024\/09\/vie-associative-1-150x150.jpg","contentUrl":"https:\/\/vieassociative.be\/actualites\/wp-content\/uploads\/2024\/09\/vie-associative-1-150x150.jpg","caption":"Julien"},"description":"Je suis Julien, r\u00e9dacteur pour Vie Associative. Passionn\u00e9 par le monde associatif depuis plus de 10 ans, j'ai \u00e0 c\u0153ur de partager des histoires inspirantes et de mettre en lumi\u00e8re les initiatives locales. Mon objectif est de sensibiliser et d'encourager l'engagement communautaire \u00e0 travers mes articles.","sameAs":["https:\/\/vieassociative.be\/"]}]}},"_links":{"self":[{"href":"https:\/\/vieassociative.be\/actualites\/wp-json\/wp\/v2\/posts\/11739"}],"collection":[{"href":"https:\/\/vieassociative.be\/actualites\/wp-json\/wp\/v2\/posts"}],"about":[{"href":"https:\/\/vieassociative.be\/actualites\/wp-json\/wp\/v2\/types\/post"}],"author":[{"embeddable":true,"href":"https:\/\/vieassociative.be\/actualites\/wp-json\/wp\/v2\/users\/1"}],"replies":[{"embeddable":true,"href":"https:\/\/vieassociative.be\/actualites\/wp-json\/wp\/v2\/comments?post=11739"}],"version-history":[{"count":0,"href":"https:\/\/vieassociative.be\/actualites\/wp-json\/wp\/v2\/posts\/11739\/revisions"}],"wp:featuredmedia":[{"embeddable":true,"href":"https:\/\/vieassociative.be\/actualites\/wp-json\/wp\/v2\/media\/11740"}],"wp:attachment":[{"href":"https:\/\/vieassociative.be\/actualites\/wp-json\/wp\/v2\/media?parent=11739"}],"wp:term":[{"taxonomy":"category","embeddable":true,"href":"https:\/\/vieassociative.be\/actualites\/wp-json\/wp\/v2\/categories?post=11739"},{"taxonomy":"post_tag","embeddable":true,"href":"https:\/\/vieassociative.be\/actualites\/wp-json\/wp\/v2\/tags?post=11739"}],"curies":[{"name":"wp","href":"https:\/\/api.w.org\/{rel}","templated":true}]}}