{"id":11737,"date":"2025-12-07T15:17:27","date_gmt":"2025-12-07T14:17:27","guid":{"rendered":"https:\/\/vieassociative.be\/actualites\/le-premier-herzensprinz-de-finn-aussem-un-symbole-dinclusion-de-participation-et-de-diversite-galerie-de-photos\/"},"modified":"2025-12-07T15:17:27","modified_gmt":"2025-12-07T14:17:27","slug":"le-premier-herzensprinz-de-finn-aussem-un-symbole-dinclusion-de-participation-et-de-diversite-galerie-de-photos","status":"publish","type":"post","link":"https:\/\/vieassociative.be\/actualites\/le-premier-herzensprinz-de-finn-aussem-un-symbole-dinclusion-de-participation-et-de-diversite-galerie-de-photos\/","title":{"rendered":"Le premier \u00ab Herzensprinz \u00bb de Finn Aussem \u2013 \u00ab Un symbole d\u2019inclusion, de participation et de diversit\u00e9 \u00bb (galerie de photos)"},"content":{"rendered":"<p><strong>Un projet \u00ab Herzensprinz \u00bb a \u00e9t\u00e9 lanc\u00e9 pour la premi\u00e8re fois \u00e0 Eupen. L&rsquo;objectif de la campagne est de permettre aux personnes handicap\u00e9es de participer activement au carnaval et de donner l&rsquo;exemple en mati\u00e8re d&rsquo;inclusion et de communaut\u00e9.<\/strong><\/p>\n<p><span id=\"more-431261\"><\/span>L&rsquo;\u00e9lu est Finn Aussems, appel\u00e9 Finn I. Le jeune homme de 20 ans originaire d&rsquo;Eupen est impliqu\u00e9 dans le carnaval depuis des ann\u00e9es, par exemple dans la police du carnaval de Raeren, et conna\u00eet les sottises depuis son enfance.<\/p>\n<p>La proclamation officielle, en pr\u00e9sence de ses pages Charline Haugg et Aurelia Haugg, a eu lieu mercredi dernier \u00e0 la r\u00e9sidence officielle du Premier ministre Oliver Paasch, qui a repris le parrainage avec la ministre Lydia Klinkenberg.<\/p>\n<div id=\"attachment_431276\" class=\"wp-caption alignleft\" style=\"max-width: 300px\"><img fetchpriority=\"high\" decoding=\"async\" class=\"wp-image-431276 size-medium\" src=\"https:\/\/vieassociative.be\/actualites\/wp-content\/uploads\/2025\/12\/Le-premier-Herzensprinz-de-Finn-Aussem-\u2013.jpg\" alt=\"\" width=\"300\" height=\"225\"><\/div>\n<p>\u00ab Ce fut un moment tr\u00e8s \u00e9mouvant : les gens ont ri, c\u00e9l\u00e9br\u00e9 et beaucoup avaient les larmes de joie dans les yeux \u00bb, a rapport\u00e9 un participant.<\/p>\n<p>Cette \u00e9lection vise \u00e0 montrer que le carnaval et avec lui la communaut\u00e9, la joie et l&rsquo;appartenance sont pour tous, quelles que soient les limitations physiques ou mentales. Le projet vise \u00e0 \u00e9liminer les barri\u00e8res, \u00e0 promouvoir l\u2019inclusion et \u00e0 donner aux gens acc\u00e8s \u00e0 des traditions qu\u2019ils auraient autrement pu exclure. Ils veulent \u00ab donner un exemple fort d\u2019inclusion, de participation et de diversit\u00e9 au sein de la communaut\u00e9 germanophone \u00bb, indique un communiqu\u00e9 du Premier ministre Oliver Paasch.<\/p>\n<p>Dans les semaines et les mois \u00e0 venir, Finn I. dansera, chantera et cr\u00e9era une atmosph\u00e8re en tant que \u00ab Prince de C\u0153ur \u00bb &#8211; et symbolisera ainsi une coop\u00e9ration ouverte et inclusive.<\/p>\n<div id=\"attachment_431301\" class=\"wp-caption alignleft\" style=\"max-width: 300px\"><img decoding=\"async\" class=\"wp-image-431301 size-medium\" src=\"https:\/\/vieassociative.be\/actualites\/wp-content\/uploads\/2025\/12\/1765117046_487_Le-premier-Herzensprinz-de-Finn-Aussem-\u2013.jpg\" alt=\"\" width=\"300\" height=\"225\"><\/div>\n<p>L\u2019\u00e9lection du premier \u00ab Prince de C\u0153ur \u00bb \u00e0 Eupen a suscit\u00e9 des r\u00e9actions majoritairement positives. La proclamation de Finn I, qui s&rsquo;est d\u00e9roul\u00e9e \u00e0 petite \u00e9chelle, a \u00e9t\u00e9 d\u00e9crite comme un moment particuli\u00e8rement \u00e9mouvant et \u00e9mouvant.<\/p>\n<p>De nombreuses personnes pr\u00e9sentes &#8211; notamment des membres de la famille, des amis et des repr\u00e9sentants du carnaval de l&rsquo;Est de la Belgique &#8211; ont r\u00e9agi avec enthousiasme et une grande joie au nouveau projet inclusif, qui implique activement les personnes handicap\u00e9es dans les \u00e9v\u00e9nements du carnaval. La proclamation du premier \u00ab Prince de C\u0153ur \u00bb a \u00e9galement \u00e9t\u00e9 salu\u00e9e sur les r\u00e9seaux sociaux.<\/p>\n<p>Mais il y a aussi d&rsquo;autres voix particuli\u00e8rement critiques \u00e0 l&rsquo;\u00e9gard de la participation de la DG du gouvernement, qu&rsquo;elles accusent de vouloir exploiter la question de l&rsquo;inclusion pour leurs propres int\u00e9r\u00eats avec cette action. (cr\u00e9er)<\/p>\n<p><em><strong>Vous trouverez ci-dessous une GALERIE DE PHOTOS avec des images du photographe Helmut Koch de la premi\u00e8re proclamation du \u00ab Prince de C\u0153ur \u00bb \u00e0 la r\u00e9sidence officielle du DG-Premier ministre Oliver Paasch (cliquez sur l&rsquo;image pour l&rsquo;agrandir) :<\/strong><\/em><\/p>\n<div class=\"wp-gallery row\">\n<figure class=\"column small-6 medium-3 end\"><img decoding=\"async\" src=\"https:\/\/vieassociative.be\/actualites\/wp-content\/uploads\/2025\/12\/1765117046_167_Le-premier-Herzensprinz-de-Finn-Aussem-\u2013.jpg\" width=\"159\" height=\"159\" alt=\"\"><\/figure>\n<figure class=\"column small-6 medium-3 end\"><img loading=\"lazy\" decoding=\"async\" src=\"https:\/\/vieassociative.be\/actualites\/wp-content\/uploads\/2025\/12\/1765117046_93_Le-premier-Herzensprinz-de-Finn-Aussem-\u2013.jpg\" width=\"159\" height=\"159\" alt=\"\"><\/figure>\n<figure class=\"column small-6 medium-3 end\"><img loading=\"lazy\" decoding=\"async\" src=\"https:\/\/vieassociative.be\/actualites\/wp-content\/uploads\/2025\/12\/1765117046_716_Le-premier-Herzensprinz-de-Finn-Aussem-\u2013.jpg\" width=\"159\" height=\"159\" alt=\"\"><\/figure>\n<figure class=\"column small-6 medium-3 end\"><img loading=\"lazy\" decoding=\"async\" src=\"https:\/\/vieassociative.be\/actualites\/wp-content\/uploads\/2025\/12\/1765117046_903_Le-premier-Herzensprinz-de-Finn-Aussem-\u2013.jpg\" width=\"159\" height=\"159\" alt=\"\"><\/figure>\n<figure class=\"column small-6 medium-3 end\"><img loading=\"lazy\" decoding=\"async\" src=\"https:\/\/vieassociative.be\/actualites\/wp-content\/uploads\/2025\/12\/1765117046_389_Le-premier-Herzensprinz-de-Finn-Aussem-\u2013.jpg\" width=\"159\" height=\"159\" alt=\"\"><\/figure>\n<figure class=\"column small-6 medium-3 end\"><img loading=\"lazy\" decoding=\"async\" src=\"https:\/\/vieassociative.be\/actualites\/wp-content\/uploads\/2025\/12\/1765117046_834_Le-premier-Herzensprinz-de-Finn-Aussem-\u2013.jpg\" width=\"159\" height=\"159\" alt=\"\"><\/figure>\n<figure class=\"column small-6 medium-3 end\"><img loading=\"lazy\" decoding=\"async\" src=\"https:\/\/vieassociative.be\/actualites\/wp-content\/uploads\/2025\/12\/1765117046_424_Le-premier-Herzensprinz-de-Finn-Aussem-\u2013.jpg\" width=\"159\" height=\"159\" alt=\"\"><\/figure>\n<figure class=\"column small-6 medium-3 end\"><img loading=\"lazy\" decoding=\"async\" src=\"https:\/\/vieassociative.be\/actualites\/wp-content\/uploads\/2025\/12\/1765117046_158_Le-premier-Herzensprinz-de-Finn-Aussem-\u2013.jpg\" width=\"159\" height=\"159\" alt=\"\"><\/figure>\n<figure class=\"column small-6 medium-3 end\"><img loading=\"lazy\" decoding=\"async\" src=\"https:\/\/vieassociative.be\/actualites\/wp-content\/uploads\/2025\/12\/1765117046_648_Le-premier-Herzensprinz-de-Finn-Aussem-\u2013.jpg\" width=\"159\" height=\"159\" alt=\"\"><\/figure>\n<figure class=\"column small-6 medium-3 end\"><img loading=\"lazy\" decoding=\"async\" src=\"https:\/\/vieassociative.be\/actualites\/wp-content\/uploads\/2025\/12\/1765117046_379_Le-premier-Herzensprinz-de-Finn-Aussem-\u2013.jpg\" width=\"159\" height=\"159\" alt=\"\"><\/figure>\n<figure class=\"column small-6 medium-3 end\"><img loading=\"lazy\" decoding=\"async\" src=\"https:\/\/vieassociative.be\/actualites\/wp-content\/uploads\/2025\/12\/1765117046_231_Le-premier-Herzensprinz-de-Finn-Aussem-\u2013.jpg\" width=\"159\" height=\"159\" alt=\"\"><\/figure>\n<figure class=\"column small-6 medium-3 end\"><img loading=\"lazy\" decoding=\"async\" src=\"https:\/\/vieassociative.be\/actualites\/wp-content\/uploads\/2025\/12\/1765117046_807_Le-premier-Herzensprinz-de-Finn-Aussem-\u2013.jpg\" width=\"159\" height=\"159\" alt=\"\"><\/figure>\n<figure class=\"column small-6 medium-3 end\"><img loading=\"lazy\" decoding=\"async\" src=\"https:\/\/vieassociative.be\/actualites\/wp-content\/uploads\/2025\/12\/1765117046_766_Le-premier-Herzensprinz-de-Finn-Aussem-\u2013.jpg\" width=\"159\" height=\"159\" alt=\"\"><\/figure>\n<figure class=\"column small-6 medium-3 end\"><img loading=\"lazy\" decoding=\"async\" src=\"https:\/\/vieassociative.be\/actualites\/wp-content\/uploads\/2025\/12\/1765117046_643_Le-premier-Herzensprinz-de-Finn-Aussem-\u2013.jpg\" width=\"159\" height=\"159\" alt=\"\"><\/figure>\n<figure class=\"column small-6 medium-3 end\"><img loading=\"lazy\" decoding=\"async\" src=\"https:\/\/vieassociative.be\/actualites\/wp-content\/uploads\/2025\/12\/1765117046_344_Le-premier-Herzensprinz-de-Finn-Aussem-\u2013.jpg\" width=\"159\" height=\"159\" alt=\"\"><\/figure>\n<figure class=\"column small-6 medium-3 end\"><img loading=\"lazy\" decoding=\"async\" src=\"https:\/\/vieassociative.be\/actualites\/wp-content\/uploads\/2025\/12\/1765117046_609_Le-premier-Herzensprinz-de-Finn-Aussem-\u2013.jpg\" width=\"159\" height=\"159\" alt=\"\"><\/figure>\n<figure class=\"column small-6 medium-3 end\"><img loading=\"lazy\" decoding=\"async\" src=\"https:\/\/vieassociative.be\/actualites\/wp-content\/uploads\/2025\/12\/1765117047_7_Le-premier-Herzensprinz-de-Finn-Aussem-\u2013.jpg\" width=\"159\" height=\"159\" alt=\"\"><\/figure>\n<figure class=\"column small-6 medium-3 end\"><img loading=\"lazy\" decoding=\"async\" src=\"https:\/\/vieassociative.be\/actualites\/wp-content\/uploads\/2025\/12\/1765117047_58_Le-premier-Herzensprinz-de-Finn-Aussem-\u2013.jpg\" width=\"159\" height=\"159\" alt=\"\"><\/figure>\n<figure class=\"column small-6 medium-3 end\"><img loading=\"lazy\" decoding=\"async\" src=\"https:\/\/vieassociative.be\/actualites\/wp-content\/uploads\/2025\/12\/1765117047_162_Le-premier-Herzensprinz-de-Finn-Aussem-\u2013.jpg\" width=\"159\" height=\"159\" alt=\"\"><\/figure>\n<figure class=\"column small-6 medium-3 end\"><img loading=\"lazy\" decoding=\"async\" src=\"https:\/\/vieassociative.be\/actualites\/wp-content\/uploads\/2025\/12\/1765117047_186_Le-premier-Herzensprinz-de-Finn-Aussem-\u2013.jpg\" width=\"159\" height=\"159\" alt=\"\"><\/figure>\n<\/div>\n","protected":false},"excerpt":{"rendered":"<p>Un projet \u00ab Herzensprinz \u00bb a \u00e9t\u00e9 lanc\u00e9 pour la premi\u00e8re fois \u00e0 Eupen. L&rsquo;objectif de la campagne est de permettre aux personnes handicap\u00e9es de<\/p>\n","protected":false},"author":1,"featured_media":11738,"comment_status":"","ping_status":"","sticky":false,"template":"","format":"standard","meta":{"footnotes":""},"categories":[298],"tags":[9481,9483,9484,9480,3257,9479,9253,283,443,9482],"class_list":["post-11737","post","type-post","status-publish","format-standard","has-post-thumbnail","hentry","category-belgique","tag-aussem","tag-dinclusion","tag-diversite","tag-finn","tag-galerie","tag-herzensprinz","tag-participation","tag-photos","tag-premier","tag-symbole","generate-columns","tablet-grid-50","mobile-grid-100","grid-parent","grid-33"],"yoast_head":"<!-- This site is optimized with the Yoast SEO plugin v24.0 - https:\/\/yoast.com\/wordpress\/plugins\/seo\/ -->\n<title>Le premier \u00ab Herzensprinz \u00bb de Finn Aussem \u2013 \u00ab Un symbole d\u2019inclusion, de participation et de diversit\u00e9 \u00bb (galerie de photos) | Vie Associative<\/title>\n<meta name=\"robots\" content=\"index, follow, max-snippet:-1, max-image-preview:large, max-video-preview:-1\" \/>\n<link rel=\"canonical\" href=\"https:\/\/vieassociative.be\/actualites\/le-premier-herzensprinz-de-finn-aussem-un-symbole-dinclusion-de-participation-et-de-diversite-galerie-de-photos\/\" \/>\n<meta property=\"og:locale\" content=\"fr_FR\" \/>\n<meta property=\"og:type\" content=\"article\" \/>\n<meta property=\"og:title\" content=\"Le premier \u00ab Herzensprinz \u00bb de Finn Aussem \u2013 \u00ab Un symbole d\u2019inclusion, de participation et de diversit\u00e9 \u00bb (galerie de photos) | Vie Associative\" \/>\n<meta property=\"og:description\" content=\"Un projet \u00ab Herzensprinz \u00bb a \u00e9t\u00e9 lanc\u00e9 pour la premi\u00e8re fois \u00e0 Eupen. L&rsquo;objectif de la campagne est de permettre aux personnes handicap\u00e9es de\" \/>\n<meta property=\"og:url\" content=\"https:\/\/vieassociative.be\/actualites\/le-premier-herzensprinz-de-finn-aussem-un-symbole-dinclusion-de-participation-et-de-diversite-galerie-de-photos\/\" \/>\n<meta property=\"og:site_name\" content=\"Vie Associative\" \/>\n<meta property=\"article:published_time\" content=\"2025-12-07T14:17:27+00:00\" \/>\n<meta property=\"og:image\" content=\"https:\/\/vieassociative.be\/actualites\/wp-content\/uploads\/2024\/09\/header_backgroundk-01-e1726694325946.png\" \/>\n\t<meta property=\"og:image:width\" content=\"279\" \/>\n\t<meta property=\"og:image:height\" content=\"92\" \/>\n\t<meta property=\"og:image:type\" content=\"image\/png\" \/>\n<meta name=\"author\" content=\"Julien\" \/>\n<meta name=\"twitter:card\" content=\"summary_large_image\" \/>\n<meta name=\"twitter:label1\" content=\"\u00c9crit par\" \/>\n\t<meta name=\"twitter:data1\" content=\"Julien\" \/>\n\t<meta name=\"twitter:label2\" content=\"Dur\u00e9e de lecture est.\" \/>\n\t<meta name=\"twitter:data2\" content=\"2 minutes\" \/>\n<script type=\"application\/ld+json\" class=\"yoast-schema-graph\">{\"@context\":\"https:\/\/schema.org\",\"@graph\":[{\"@type\":\"Article\",\"@id\":\"https:\/\/vieassociative.be\/actualites\/le-premier-herzensprinz-de-finn-aussem-un-symbole-dinclusion-de-participation-et-de-diversite-galerie-de-photos\/#article\",\"isPartOf\":{\"@id\":\"https:\/\/vieassociative.be\/actualites\/le-premier-herzensprinz-de-finn-aussem-un-symbole-dinclusion-de-participation-et-de-diversite-galerie-de-photos\/\"},\"author\":{\"name\":\"Julien\",\"@id\":\"https:\/\/vieassociative.be\/actualites\/#\/schema\/person\/b87ac4f82f9d4e7b7cec7395b679edc4\"},\"headline\":\"Le premier \u00ab Herzensprinz \u00bb de Finn Aussem \u2013 \u00ab Un symbole d\u2019inclusion, de participation et de diversit\u00e9 \u00bb (galerie de photos)\",\"datePublished\":\"2025-12-07T14:17:27+00:00\",\"dateModified\":\"2025-12-07T14:17:27+00:00\",\"mainEntityOfPage\":{\"@id\":\"https:\/\/vieassociative.be\/actualites\/le-premier-herzensprinz-de-finn-aussem-un-symbole-dinclusion-de-participation-et-de-diversite-galerie-de-photos\/\"},\"wordCount\":476,\"publisher\":{\"@id\":\"https:\/\/vieassociative.be\/actualites\/#organization\"},\"image\":{\"@id\":\"https:\/\/vieassociative.be\/actualites\/le-premier-herzensprinz-de-finn-aussem-un-symbole-dinclusion-de-participation-et-de-diversite-galerie-de-photos\/#primaryimage\"},\"thumbnailUrl\":\"https:\/\/vieassociative.be\/actualites\/wp-content\/uploads\/2025\/12\/1765117050_Le-premier-Herzensprinz-de-Finn-Aussem-\u2013.jpg\",\"keywords\":[\"Aussem\",\"dinclusion\",\"diversit\u00e9\",\"Finn\",\"galerie\",\"Herzensprinz\",\"participation\",\"Photos\",\"premier\",\"symbole\"],\"articleSection\":[\"Belgique\"],\"inLanguage\":\"fr-BE\"},{\"@type\":\"WebPage\",\"@id\":\"https:\/\/vieassociative.be\/actualites\/le-premier-herzensprinz-de-finn-aussem-un-symbole-dinclusion-de-participation-et-de-diversite-galerie-de-photos\/\",\"url\":\"https:\/\/vieassociative.be\/actualites\/le-premier-herzensprinz-de-finn-aussem-un-symbole-dinclusion-de-participation-et-de-diversite-galerie-de-photos\/\",\"name\":\"Le premier \u00ab Herzensprinz \u00bb de Finn Aussem \u2013 \u00ab Un symbole d\u2019inclusion, de participation et de diversit\u00e9 \u00bb (galerie de photos) | Vie Associative\",\"isPartOf\":{\"@id\":\"https:\/\/vieassociative.be\/actualites\/#website\"},\"primaryImageOfPage\":{\"@id\":\"https:\/\/vieassociative.be\/actualites\/le-premier-herzensprinz-de-finn-aussem-un-symbole-dinclusion-de-participation-et-de-diversite-galerie-de-photos\/#primaryimage\"},\"image\":{\"@id\":\"https:\/\/vieassociative.be\/actualites\/le-premier-herzensprinz-de-finn-aussem-un-symbole-dinclusion-de-participation-et-de-diversite-galerie-de-photos\/#primaryimage\"},\"thumbnailUrl\":\"https:\/\/vieassociative.be\/actualites\/wp-content\/uploads\/2025\/12\/1765117050_Le-premier-Herzensprinz-de-Finn-Aussem-\u2013.jpg\",\"datePublished\":\"2025-12-07T14:17:27+00:00\",\"dateModified\":\"2025-12-07T14:17:27+00:00\",\"breadcrumb\":{\"@id\":\"https:\/\/vieassociative.be\/actualites\/le-premier-herzensprinz-de-finn-aussem-un-symbole-dinclusion-de-participation-et-de-diversite-galerie-de-photos\/#breadcrumb\"},\"inLanguage\":\"fr-BE\",\"potentialAction\":[{\"@type\":\"ReadAction\",\"target\":[\"https:\/\/vieassociative.be\/actualites\/le-premier-herzensprinz-de-finn-aussem-un-symbole-dinclusion-de-participation-et-de-diversite-galerie-de-photos\/\"]}]},{\"@type\":\"ImageObject\",\"inLanguage\":\"fr-BE\",\"@id\":\"https:\/\/vieassociative.be\/actualites\/le-premier-herzensprinz-de-finn-aussem-un-symbole-dinclusion-de-participation-et-de-diversite-galerie-de-photos\/#primaryimage\",\"url\":\"https:\/\/vieassociative.be\/actualites\/wp-content\/uploads\/2025\/12\/1765117050_Le-premier-Herzensprinz-de-Finn-Aussem-\u2013.jpg\",\"contentUrl\":\"https:\/\/vieassociative.be\/actualites\/wp-content\/uploads\/2025\/12\/1765117050_Le-premier-Herzensprinz-de-Finn-Aussem-\u2013.jpg\",\"width\":1200,\"height\":900,\"caption\":\"Le premier \u00ab Herzensprinz \u00bb de Finn Aussem \u2013 \u00ab Un symbole d\u2019inclusion, de participation et de diversit\u00e9 \u00bb (galerie de photos)\"},{\"@type\":\"BreadcrumbList\",\"@id\":\"https:\/\/vieassociative.be\/actualites\/le-premier-herzensprinz-de-finn-aussem-un-symbole-dinclusion-de-participation-et-de-diversite-galerie-de-photos\/#breadcrumb\",\"itemListElement\":[{\"@type\":\"ListItem\",\"position\":1,\"name\":\"Accueil\",\"item\":\"https:\/\/vieassociative.be\/actualites\/\"},{\"@type\":\"ListItem\",\"position\":2,\"name\":\"Le premier \u00ab Herzensprinz \u00bb de Finn Aussem \u2013 \u00ab Un symbole d\u2019inclusion, de participation et de diversit\u00e9 \u00bb (galerie de photos)\"}]},{\"@type\":\"WebSite\",\"@id\":\"https:\/\/vieassociative.be\/actualites\/#website\",\"url\":\"https:\/\/vieassociative.be\/actualites\/\",\"name\":\"Vie Associative\",\"description\":\"\",\"publisher\":{\"@id\":\"https:\/\/vieassociative.be\/actualites\/#organization\"},\"potentialAction\":[{\"@type\":\"SearchAction\",\"target\":{\"@type\":\"EntryPoint\",\"urlTemplate\":\"https:\/\/vieassociative.be\/actualites\/?s={search_term_string}\"},\"query-input\":{\"@type\":\"PropertyValueSpecification\",\"valueRequired\":true,\"valueName\":\"search_term_string\"}}],\"inLanguage\":\"fr-BE\"},{\"@type\":\"Organization\",\"@id\":\"https:\/\/vieassociative.be\/actualites\/#organization\",\"name\":\"Vie Associative\",\"url\":\"https:\/\/vieassociative.be\/actualites\/\",\"logo\":{\"@type\":\"ImageObject\",\"inLanguage\":\"fr-BE\",\"@id\":\"https:\/\/vieassociative.be\/actualites\/#\/schema\/logo\/image\/\",\"url\":\"https:\/\/vieassociative.be\/actualites\/wp-content\/uploads\/2024\/09\/cropped-vieassociative_favicon.ico.png\",\"contentUrl\":\"https:\/\/vieassociative.be\/actualites\/wp-content\/uploads\/2024\/09\/cropped-vieassociative_favicon.ico.png\",\"width\":512,\"height\":512,\"caption\":\"Vie Associative\"},\"image\":{\"@id\":\"https:\/\/vieassociative.be\/actualites\/#\/schema\/logo\/image\/\"}},{\"@type\":\"Person\",\"@id\":\"https:\/\/vieassociative.be\/actualites\/#\/schema\/person\/b87ac4f82f9d4e7b7cec7395b679edc4\",\"name\":\"Julien\",\"image\":{\"@type\":\"ImageObject\",\"inLanguage\":\"fr-BE\",\"@id\":\"https:\/\/vieassociative.be\/actualites\/#\/schema\/person\/image\/\",\"url\":\"https:\/\/vieassociative.be\/actualites\/wp-content\/uploads\/2024\/09\/vie-associative-1-150x150.jpg\",\"contentUrl\":\"https:\/\/vieassociative.be\/actualites\/wp-content\/uploads\/2024\/09\/vie-associative-1-150x150.jpg\",\"caption\":\"Julien\"},\"description\":\"Je suis Julien, r\u00e9dacteur pour Vie Associative. Passionn\u00e9 par le monde associatif depuis plus de 10 ans, j'ai \u00e0 c\u0153ur de partager des histoires inspirantes et de mettre en lumi\u00e8re les initiatives locales. Mon objectif est de sensibiliser et d'encourager l'engagement communautaire \u00e0 travers mes articles.\",\"sameAs\":[\"https:\/\/vieassociative.be\/\"]}]}<\/script>\n<!-- \/ Yoast SEO plugin. -->","yoast_head_json":{"title":"Le premier \u00ab Herzensprinz \u00bb de Finn Aussem \u2013 \u00ab Un symbole d\u2019inclusion, de participation et de diversit\u00e9 \u00bb (galerie de photos) | Vie Associative","robots":{"index":"index","follow":"follow","max-snippet":"max-snippet:-1","max-image-preview":"max-image-preview:large","max-video-preview":"max-video-preview:-1"},"canonical":"https:\/\/vieassociative.be\/actualites\/le-premier-herzensprinz-de-finn-aussem-un-symbole-dinclusion-de-participation-et-de-diversite-galerie-de-photos\/","og_locale":"fr_FR","og_type":"article","og_title":"Le premier \u00ab Herzensprinz \u00bb de Finn Aussem \u2013 \u00ab Un symbole d\u2019inclusion, de participation et de diversit\u00e9 \u00bb (galerie de photos) | Vie Associative","og_description":"Un projet \u00ab Herzensprinz \u00bb a \u00e9t\u00e9 lanc\u00e9 pour la premi\u00e8re fois \u00e0 Eupen. L&rsquo;objectif de la campagne est de permettre aux personnes handicap\u00e9es de","og_url":"https:\/\/vieassociative.be\/actualites\/le-premier-herzensprinz-de-finn-aussem-un-symbole-dinclusion-de-participation-et-de-diversite-galerie-de-photos\/","og_site_name":"Vie Associative","article_published_time":"2025-12-07T14:17:27+00:00","og_image":[{"width":279,"height":92,"url":"https:\/\/vieassociative.be\/actualites\/wp-content\/uploads\/2024\/09\/header_backgroundk-01-e1726694325946.png","type":"image\/png"}],"author":"Julien","twitter_card":"summary_large_image","twitter_misc":{"\u00c9crit par":"Julien","Dur\u00e9e de lecture est.":"2 minutes"},"schema":{"@context":"https:\/\/schema.org","@graph":[{"@type":"Article","@id":"https:\/\/vieassociative.be\/actualites\/le-premier-herzensprinz-de-finn-aussem-un-symbole-dinclusion-de-participation-et-de-diversite-galerie-de-photos\/#article","isPartOf":{"@id":"https:\/\/vieassociative.be\/actualites\/le-premier-herzensprinz-de-finn-aussem-un-symbole-dinclusion-de-participation-et-de-diversite-galerie-de-photos\/"},"author":{"name":"Julien","@id":"https:\/\/vieassociative.be\/actualites\/#\/schema\/person\/b87ac4f82f9d4e7b7cec7395b679edc4"},"headline":"Le premier \u00ab Herzensprinz \u00bb de Finn Aussem \u2013 \u00ab Un symbole d\u2019inclusion, de participation et de diversit\u00e9 \u00bb (galerie de photos)","datePublished":"2025-12-07T14:17:27+00:00","dateModified":"2025-12-07T14:17:27+00:00","mainEntityOfPage":{"@id":"https:\/\/vieassociative.be\/actualites\/le-premier-herzensprinz-de-finn-aussem-un-symbole-dinclusion-de-participation-et-de-diversite-galerie-de-photos\/"},"wordCount":476,"publisher":{"@id":"https:\/\/vieassociative.be\/actualites\/#organization"},"image":{"@id":"https:\/\/vieassociative.be\/actualites\/le-premier-herzensprinz-de-finn-aussem-un-symbole-dinclusion-de-participation-et-de-diversite-galerie-de-photos\/#primaryimage"},"thumbnailUrl":"https:\/\/vieassociative.be\/actualites\/wp-content\/uploads\/2025\/12\/1765117050_Le-premier-Herzensprinz-de-Finn-Aussem-\u2013.jpg","keywords":["Aussem","dinclusion","diversit\u00e9","Finn","galerie","Herzensprinz","participation","Photos","premier","symbole"],"articleSection":["Belgique"],"inLanguage":"fr-BE"},{"@type":"WebPage","@id":"https:\/\/vieassociative.be\/actualites\/le-premier-herzensprinz-de-finn-aussem-un-symbole-dinclusion-de-participation-et-de-diversite-galerie-de-photos\/","url":"https:\/\/vieassociative.be\/actualites\/le-premier-herzensprinz-de-finn-aussem-un-symbole-dinclusion-de-participation-et-de-diversite-galerie-de-photos\/","name":"Le premier \u00ab Herzensprinz \u00bb de Finn Aussem \u2013 \u00ab Un symbole d\u2019inclusion, de participation et de diversit\u00e9 \u00bb (galerie de photos) | Vie Associative","isPartOf":{"@id":"https:\/\/vieassociative.be\/actualites\/#website"},"primaryImageOfPage":{"@id":"https:\/\/vieassociative.be\/actualites\/le-premier-herzensprinz-de-finn-aussem-un-symbole-dinclusion-de-participation-et-de-diversite-galerie-de-photos\/#primaryimage"},"image":{"@id":"https:\/\/vieassociative.be\/actualites\/le-premier-herzensprinz-de-finn-aussem-un-symbole-dinclusion-de-participation-et-de-diversite-galerie-de-photos\/#primaryimage"},"thumbnailUrl":"https:\/\/vieassociative.be\/actualites\/wp-content\/uploads\/2025\/12\/1765117050_Le-premier-Herzensprinz-de-Finn-Aussem-\u2013.jpg","datePublished":"2025-12-07T14:17:27+00:00","dateModified":"2025-12-07T14:17:27+00:00","breadcrumb":{"@id":"https:\/\/vieassociative.be\/actualites\/le-premier-herzensprinz-de-finn-aussem-un-symbole-dinclusion-de-participation-et-de-diversite-galerie-de-photos\/#breadcrumb"},"inLanguage":"fr-BE","potentialAction":[{"@type":"ReadAction","target":["https:\/\/vieassociative.be\/actualites\/le-premier-herzensprinz-de-finn-aussem-un-symbole-dinclusion-de-participation-et-de-diversite-galerie-de-photos\/"]}]},{"@type":"ImageObject","inLanguage":"fr-BE","@id":"https:\/\/vieassociative.be\/actualites\/le-premier-herzensprinz-de-finn-aussem-un-symbole-dinclusion-de-participation-et-de-diversite-galerie-de-photos\/#primaryimage","url":"https:\/\/vieassociative.be\/actualites\/wp-content\/uploads\/2025\/12\/1765117050_Le-premier-Herzensprinz-de-Finn-Aussem-\u2013.jpg","contentUrl":"https:\/\/vieassociative.be\/actualites\/wp-content\/uploads\/2025\/12\/1765117050_Le-premier-Herzensprinz-de-Finn-Aussem-\u2013.jpg","width":1200,"height":900,"caption":"Le premier \u00ab Herzensprinz \u00bb de Finn Aussem \u2013 \u00ab Un symbole d\u2019inclusion, de participation et de diversit\u00e9 \u00bb (galerie de photos)"},{"@type":"BreadcrumbList","@id":"https:\/\/vieassociative.be\/actualites\/le-premier-herzensprinz-de-finn-aussem-un-symbole-dinclusion-de-participation-et-de-diversite-galerie-de-photos\/#breadcrumb","itemListElement":[{"@type":"ListItem","position":1,"name":"Accueil","item":"https:\/\/vieassociative.be\/actualites\/"},{"@type":"ListItem","position":2,"name":"Le premier \u00ab Herzensprinz \u00bb de Finn Aussem \u2013 \u00ab Un symbole d\u2019inclusion, de participation et de diversit\u00e9 \u00bb (galerie de photos)"}]},{"@type":"WebSite","@id":"https:\/\/vieassociative.be\/actualites\/#website","url":"https:\/\/vieassociative.be\/actualites\/","name":"Vie Associative","description":"","publisher":{"@id":"https:\/\/vieassociative.be\/actualites\/#organization"},"potentialAction":[{"@type":"SearchAction","target":{"@type":"EntryPoint","urlTemplate":"https:\/\/vieassociative.be\/actualites\/?s={search_term_string}"},"query-input":{"@type":"PropertyValueSpecification","valueRequired":true,"valueName":"search_term_string"}}],"inLanguage":"fr-BE"},{"@type":"Organization","@id":"https:\/\/vieassociative.be\/actualites\/#organization","name":"Vie Associative","url":"https:\/\/vieassociative.be\/actualites\/","logo":{"@type":"ImageObject","inLanguage":"fr-BE","@id":"https:\/\/vieassociative.be\/actualites\/#\/schema\/logo\/image\/","url":"https:\/\/vieassociative.be\/actualites\/wp-content\/uploads\/2024\/09\/cropped-vieassociative_favicon.ico.png","contentUrl":"https:\/\/vieassociative.be\/actualites\/wp-content\/uploads\/2024\/09\/cropped-vieassociative_favicon.ico.png","width":512,"height":512,"caption":"Vie Associative"},"image":{"@id":"https:\/\/vieassociative.be\/actualites\/#\/schema\/logo\/image\/"}},{"@type":"Person","@id":"https:\/\/vieassociative.be\/actualites\/#\/schema\/person\/b87ac4f82f9d4e7b7cec7395b679edc4","name":"Julien","image":{"@type":"ImageObject","inLanguage":"fr-BE","@id":"https:\/\/vieassociative.be\/actualites\/#\/schema\/person\/image\/","url":"https:\/\/vieassociative.be\/actualites\/wp-content\/uploads\/2024\/09\/vie-associative-1-150x150.jpg","contentUrl":"https:\/\/vieassociative.be\/actualites\/wp-content\/uploads\/2024\/09\/vie-associative-1-150x150.jpg","caption":"Julien"},"description":"Je suis Julien, r\u00e9dacteur pour Vie Associative. Passionn\u00e9 par le monde associatif depuis plus de 10 ans, j'ai \u00e0 c\u0153ur de partager des histoires inspirantes et de mettre en lumi\u00e8re les initiatives locales. Mon objectif est de sensibiliser et d'encourager l'engagement communautaire \u00e0 travers mes articles.","sameAs":["https:\/\/vieassociative.be\/"]}]}},"_links":{"self":[{"href":"https:\/\/vieassociative.be\/actualites\/wp-json\/wp\/v2\/posts\/11737"}],"collection":[{"href":"https:\/\/vieassociative.be\/actualites\/wp-json\/wp\/v2\/posts"}],"about":[{"href":"https:\/\/vieassociative.be\/actualites\/wp-json\/wp\/v2\/types\/post"}],"author":[{"embeddable":true,"href":"https:\/\/vieassociative.be\/actualites\/wp-json\/wp\/v2\/users\/1"}],"replies":[{"embeddable":true,"href":"https:\/\/vieassociative.be\/actualites\/wp-json\/wp\/v2\/comments?post=11737"}],"version-history":[{"count":0,"href":"https:\/\/vieassociative.be\/actualites\/wp-json\/wp\/v2\/posts\/11737\/revisions"}],"wp:featuredmedia":[{"embeddable":true,"href":"https:\/\/vieassociative.be\/actualites\/wp-json\/wp\/v2\/media\/11738"}],"wp:attachment":[{"href":"https:\/\/vieassociative.be\/actualites\/wp-json\/wp\/v2\/media?parent=11737"}],"wp:term":[{"taxonomy":"category","embeddable":true,"href":"https:\/\/vieassociative.be\/actualites\/wp-json\/wp\/v2\/categories?post=11737"},{"taxonomy":"post_tag","embeddable":true,"href":"https:\/\/vieassociative.be\/actualites\/wp-json\/wp\/v2\/tags?post=11737"}],"curies":[{"name":"wp","href":"https:\/\/api.w.org\/{rel}","templated":true}]}}