{"id":11735,"date":"2025-12-07T14:17:57","date_gmt":"2025-12-07T13:17:57","guid":{"rendered":"https:\/\/vieassociative.be\/actualites\/cette-application-macos-facilite-la-visualisation-et-lutilisation-de-vos-raccourcis-clavier\/"},"modified":"2025-12-07T14:17:57","modified_gmt":"2025-12-07T13:17:57","slug":"cette-application-macos-facilite-la-visualisation-et-lutilisation-de-vos-raccourcis-clavier","status":"publish","type":"post","link":"https:\/\/vieassociative.be\/actualites\/cette-application-macos-facilite-la-visualisation-et-lutilisation-de-vos-raccourcis-clavier\/","title":{"rendered":"Cette application macOS facilite la visualisation (et l&rsquo;utilisation) de vos raccourcis clavier"},"content":{"rendered":"<p>Utiliser les raccourcis clavier est beaucoup plus rapide que de cliquer dans les menus, mais seulement apr\u00e8s les avoir appris. C&rsquo;est la partie la plus difficile.<\/p>\n<p>Vous pouvez consulter la documentation de l&rsquo;application ou explorer la barre de menus, mais si vous \u00eates sur un Mac, vous pouvez \u00e9galement simplement installer KeyClu. Cette application gratuite affiche une superposition avec tous les raccourcis clavier de l&rsquo;application Mac actuellement ouverte, ce qui est tr\u00e8s utile pour quiconque essaie de devenir un utilisateur d&rsquo;ordinateur plus connaisseur du clavier.<\/p>\n<p>Pour commencer, installez l&rsquo;application. Ensuite, vous devrez choisir une touche de d\u00e9clenchement (essentiellement l&rsquo;une des touches de modification de votre clavier). Par d\u00e9faut, vous appuyez deux fois sur la touche et maintenez la deuxi\u00e8me pression pour d\u00e9clencher la superposition, mais vous pouvez \u00e9ventuellement configurer l&rsquo;application pour qu&rsquo;elle appuie simplement sur la touche et la maintienne si vous pr\u00e9f\u00e9rez. J&rsquo;ai choisi d&rsquo;appuyer et de maintenir Commande.<\/p>\n<p>Apr\u00e8s cela, il vous sera demand\u00e9 d&rsquo;activer les autorisations afin que KeyClu puisse acc\u00e9der aux raccourcis clavier de vos applications. Ensuite, vous pouvez commencer \u00e0 utiliser l&rsquo;application. J&rsquo;ai tendance \u00e0 ignorer l&rsquo;application jusqu&rsquo;\u00e0 ce que je me demande s&rsquo;il existe un raccourci clavier pour une fonction particuli\u00e8re. Je d\u00e9clenche l&rsquo;application, parcoure la liste des raccourcis clavier et vois ce qui est disponible. Lorsque je l\u00e2che la touche de d\u00e9clenchement, la fen\u00eatre dispara\u00eet.<\/p>\n<p>Cette fen\u00eatre flottante par d\u00e9faut est utile, mais vous souhaiterez peut-\u00eatre qu&rsquo;une fen\u00eatre r\u00e9pertoriant les raccourcis reste ouverte m\u00eame lorsque vous rel\u00e2chez le d\u00e9clencheur. C&rsquo;est l\u00e0 qu&rsquo;intervient le panneau persistant. Cette fen\u00eatre, que vous pouvez d\u00e9clencher \u00e0 l&rsquo;aide de la barre de menu, reste ouverte et affiche toujours une liste de raccourcis clavier pour l&rsquo;application actuellement active. Vous pouvez ajouter un raccourci clavier distinct pour cette fen\u00eatre dans les param\u00e8tres, si vous le souhaitez.<\/p>\n<div class=\"eloquent-imagery-image\">\n<div class=\"flex justify-center\">\n                    <img decoding=\"async\" class=\"border border-gray-100\" src=\"https:\/\/vieassociative.be\/actualites\/wp-content\/uploads\/2025\/12\/Cette-application-macOS-facilite-la-visualisation-et-lutilisation-de-vos.png\" alt=\"Un panneau \u00e0 gauche d\u2019une fen\u00eatre Safari, affichant les raccourcis clavier.\" width=\"2000\" height=\"1303\" loading=\"lazy\">\n            <\/div>\n<div class=\"mt-2 font-akshar\">\n                            <span class=\"image-caption block text-sm leading-4 tracking-wide text-(#1F2937)\"><\/span><br \/>\n                                        <span class=\"mt-1 block font-sans text-xs tracking-normal text-gray-600\">Cr\u00e9dit : Justin Pot<\/span>\n                    <\/div>\n<\/p><\/div>\n<p>Si vous fouillez dans les param\u00e8tres de KeyClu, vous pouvez configurer la disposition des panneaux contextuels et persistants, en modifiant la taille des fen\u00eatres, le nombre de colonnes dans lesquelles les raccourcis sont tri\u00e9s et l&rsquo;affichage sur lequel les panneaux apparaissent.<\/p>\n<div class=\"eloquent-imagery-image\">\n<div class=\"flex justify-center\">\n                    <img decoding=\"async\" class=\"border border-gray-100\" src=\"https:\/\/vieassociative.be\/actualites\/wp-content\/uploads\/2025\/12\/1765113477_139_Cette-application-macOS-facilite-la-visualisation-et-lutilisation-de-vos.png\" alt=\"Le menu des param\u00e8tres de KeyClu\" width=\"2000\" height=\"1273\" loading=\"lazy\">\n            <\/div>\n<div class=\"mt-2 font-akshar\">\n                            <span class=\"image-caption block text-sm leading-4 tracking-wide text-(#1F2937)\"><\/span><br \/>\n                                        <span class=\"mt-1 block font-sans text-xs tracking-normal text-gray-600\">Cr\u00e9dit : Justin Pot<\/span>\n                    <\/div>\n<\/p><\/div>\n<p>Il s&rsquo;agit d&rsquo;un logiciel simple, mais il est enti\u00e8rement gratuit et peut vous aider \u00e0 mieux utiliser votre ordinateur. Et si vous lisez Vie Associative, c&rsquo;est probablement quelque chose que vous voulez. En parlant de raccourcis clavier : voici quelques raccourcis clavier que vous devriez conna\u00eetre. Vous pouvez \u00e9galement consulter notre guide pour cr\u00e9er vos propres raccourcis clavier macOS.<\/p>\n","protected":false},"excerpt":{"rendered":"<p>Utiliser les raccourcis clavier est beaucoup plus rapide que de cliquer dans les menus, mais seulement apr\u00e8s les avoir appris. C&rsquo;est la partie la plus<\/p>\n","protected":false},"author":1,"featured_media":11736,"comment_status":"","ping_status":"","sticky":false,"template":"","format":"standard","meta":{"footnotes":""},"categories":[1],"tags":[1277,206,2268,448,450,7388,8151,2659,27],"class_list":["post-11735","post","type-post","status-publish","format-standard","has-post-thumbnail","hentry","category-non-classe","tag-application","tag-cette","tag-clavier","tag-facilite","tag-lutilisation","tag-macos","tag-raccourcis","tag-visualisation","tag-vos","generate-columns","tablet-grid-50","mobile-grid-100","grid-parent","grid-33"],"yoast_head":"<!-- This site is optimized with the Yoast SEO plugin v24.0 - https:\/\/yoast.com\/wordpress\/plugins\/seo\/ -->\n<title>Cette application macOS facilite la visualisation (et l&#039;utilisation) de vos raccourcis clavier | Vie Associative<\/title>\n<meta name=\"robots\" content=\"index, follow, max-snippet:-1, max-image-preview:large, max-video-preview:-1\" \/>\n<link rel=\"canonical\" href=\"https:\/\/vieassociative.be\/actualites\/cette-application-macos-facilite-la-visualisation-et-lutilisation-de-vos-raccourcis-clavier\/\" \/>\n<meta property=\"og:locale\" content=\"fr_FR\" \/>\n<meta property=\"og:type\" content=\"article\" \/>\n<meta property=\"og:title\" content=\"Cette application macOS facilite la visualisation (et l&#039;utilisation) de vos raccourcis clavier | Vie Associative\" \/>\n<meta property=\"og:description\" content=\"Utiliser les raccourcis clavier est beaucoup plus rapide que de cliquer dans les menus, mais seulement apr\u00e8s les avoir appris. C&rsquo;est la partie la plus\" \/>\n<meta property=\"og:url\" content=\"https:\/\/vieassociative.be\/actualites\/cette-application-macos-facilite-la-visualisation-et-lutilisation-de-vos-raccourcis-clavier\/\" \/>\n<meta property=\"og:site_name\" content=\"Vie Associative\" \/>\n<meta property=\"article:published_time\" content=\"2025-12-07T13:17:57+00:00\" \/>\n<meta property=\"og:image\" content=\"https:\/\/vieassociative.be\/actualites\/wp-content\/uploads\/2025\/12\/Cette-application-macOS-facilite-la-visualisation-et-lutilisation-de-vos.png\" \/>\n<meta name=\"author\" content=\"Julien\" \/>\n<meta name=\"twitter:card\" content=\"summary_large_image\" \/>\n<meta name=\"twitter:label1\" content=\"\u00c9crit par\" \/>\n\t<meta name=\"twitter:data1\" content=\"Julien\" \/>\n\t<meta name=\"twitter:label2\" content=\"Dur\u00e9e de lecture est.\" \/>\n\t<meta name=\"twitter:data2\" content=\"2 minutes\" \/>\n<script type=\"application\/ld+json\" class=\"yoast-schema-graph\">{\"@context\":\"https:\/\/schema.org\",\"@graph\":[{\"@type\":\"Article\",\"@id\":\"https:\/\/vieassociative.be\/actualites\/cette-application-macos-facilite-la-visualisation-et-lutilisation-de-vos-raccourcis-clavier\/#article\",\"isPartOf\":{\"@id\":\"https:\/\/vieassociative.be\/actualites\/cette-application-macos-facilite-la-visualisation-et-lutilisation-de-vos-raccourcis-clavier\/\"},\"author\":{\"name\":\"Julien\",\"@id\":\"https:\/\/vieassociative.be\/actualites\/#\/schema\/person\/b87ac4f82f9d4e7b7cec7395b679edc4\"},\"headline\":\"Cette application macOS facilite la visualisation (et l&rsquo;utilisation) de vos raccourcis clavier\",\"datePublished\":\"2025-12-07T13:17:57+00:00\",\"dateModified\":\"2025-12-07T13:17:57+00:00\",\"mainEntityOfPage\":{\"@id\":\"https:\/\/vieassociative.be\/actualites\/cette-application-macos-facilite-la-visualisation-et-lutilisation-de-vos-raccourcis-clavier\/\"},\"wordCount\":471,\"publisher\":{\"@id\":\"https:\/\/vieassociative.be\/actualites\/#organization\"},\"image\":{\"@id\":\"https:\/\/vieassociative.be\/actualites\/cette-application-macos-facilite-la-visualisation-et-lutilisation-de-vos-raccourcis-clavier\/#primaryimage\"},\"thumbnailUrl\":\"https:\/\/vieassociative.be\/actualites\/wp-content\/uploads\/2025\/12\/1765113479_Cette-application-macOS-facilite-la-visualisation-et-lutilisation-de-vos.png\",\"keywords\":[\"application\",\"cette\",\"clavier\",\"facilite\",\"lutilisation\",\"MacOS\",\"raccourcis\",\"visualisation\",\"vos\"],\"inLanguage\":\"fr-BE\"},{\"@type\":\"WebPage\",\"@id\":\"https:\/\/vieassociative.be\/actualites\/cette-application-macos-facilite-la-visualisation-et-lutilisation-de-vos-raccourcis-clavier\/\",\"url\":\"https:\/\/vieassociative.be\/actualites\/cette-application-macos-facilite-la-visualisation-et-lutilisation-de-vos-raccourcis-clavier\/\",\"name\":\"Cette application macOS facilite la visualisation (et l'utilisation) de vos raccourcis clavier | Vie Associative\",\"isPartOf\":{\"@id\":\"https:\/\/vieassociative.be\/actualites\/#website\"},\"primaryImageOfPage\":{\"@id\":\"https:\/\/vieassociative.be\/actualites\/cette-application-macos-facilite-la-visualisation-et-lutilisation-de-vos-raccourcis-clavier\/#primaryimage\"},\"image\":{\"@id\":\"https:\/\/vieassociative.be\/actualites\/cette-application-macos-facilite-la-visualisation-et-lutilisation-de-vos-raccourcis-clavier\/#primaryimage\"},\"thumbnailUrl\":\"https:\/\/vieassociative.be\/actualites\/wp-content\/uploads\/2025\/12\/1765113479_Cette-application-macOS-facilite-la-visualisation-et-lutilisation-de-vos.png\",\"datePublished\":\"2025-12-07T13:17:57+00:00\",\"dateModified\":\"2025-12-07T13:17:57+00:00\",\"breadcrumb\":{\"@id\":\"https:\/\/vieassociative.be\/actualites\/cette-application-macos-facilite-la-visualisation-et-lutilisation-de-vos-raccourcis-clavier\/#breadcrumb\"},\"inLanguage\":\"fr-BE\",\"potentialAction\":[{\"@type\":\"ReadAction\",\"target\":[\"https:\/\/vieassociative.be\/actualites\/cette-application-macos-facilite-la-visualisation-et-lutilisation-de-vos-raccourcis-clavier\/\"]}]},{\"@type\":\"ImageObject\",\"inLanguage\":\"fr-BE\",\"@id\":\"https:\/\/vieassociative.be\/actualites\/cette-application-macos-facilite-la-visualisation-et-lutilisation-de-vos-raccourcis-clavier\/#primaryimage\",\"url\":\"https:\/\/vieassociative.be\/actualites\/wp-content\/uploads\/2025\/12\/1765113479_Cette-application-macOS-facilite-la-visualisation-et-lutilisation-de-vos.png\",\"contentUrl\":\"https:\/\/vieassociative.be\/actualites\/wp-content\/uploads\/2025\/12\/1765113479_Cette-application-macOS-facilite-la-visualisation-et-lutilisation-de-vos.png\",\"width\":1200,\"height\":675,\"caption\":\"Cette application macOS facilite la visualisation (et l'utilisation) de vos raccourcis clavier\"},{\"@type\":\"BreadcrumbList\",\"@id\":\"https:\/\/vieassociative.be\/actualites\/cette-application-macos-facilite-la-visualisation-et-lutilisation-de-vos-raccourcis-clavier\/#breadcrumb\",\"itemListElement\":[{\"@type\":\"ListItem\",\"position\":1,\"name\":\"Accueil\",\"item\":\"https:\/\/vieassociative.be\/actualites\/\"},{\"@type\":\"ListItem\",\"position\":2,\"name\":\"Cette application macOS facilite la visualisation (et l&rsquo;utilisation) de vos raccourcis clavier\"}]},{\"@type\":\"WebSite\",\"@id\":\"https:\/\/vieassociative.be\/actualites\/#website\",\"url\":\"https:\/\/vieassociative.be\/actualites\/\",\"name\":\"Vie Associative\",\"description\":\"\",\"publisher\":{\"@id\":\"https:\/\/vieassociative.be\/actualites\/#organization\"},\"potentialAction\":[{\"@type\":\"SearchAction\",\"target\":{\"@type\":\"EntryPoint\",\"urlTemplate\":\"https:\/\/vieassociative.be\/actualites\/?s={search_term_string}\"},\"query-input\":{\"@type\":\"PropertyValueSpecification\",\"valueRequired\":true,\"valueName\":\"search_term_string\"}}],\"inLanguage\":\"fr-BE\"},{\"@type\":\"Organization\",\"@id\":\"https:\/\/vieassociative.be\/actualites\/#organization\",\"name\":\"Vie Associative\",\"url\":\"https:\/\/vieassociative.be\/actualites\/\",\"logo\":{\"@type\":\"ImageObject\",\"inLanguage\":\"fr-BE\",\"@id\":\"https:\/\/vieassociative.be\/actualites\/#\/schema\/logo\/image\/\",\"url\":\"https:\/\/vieassociative.be\/actualites\/wp-content\/uploads\/2024\/09\/cropped-vieassociative_favicon.ico.png\",\"contentUrl\":\"https:\/\/vieassociative.be\/actualites\/wp-content\/uploads\/2024\/09\/cropped-vieassociative_favicon.ico.png\",\"width\":512,\"height\":512,\"caption\":\"Vie Associative\"},\"image\":{\"@id\":\"https:\/\/vieassociative.be\/actualites\/#\/schema\/logo\/image\/\"}},{\"@type\":\"Person\",\"@id\":\"https:\/\/vieassociative.be\/actualites\/#\/schema\/person\/b87ac4f82f9d4e7b7cec7395b679edc4\",\"name\":\"Julien\",\"image\":{\"@type\":\"ImageObject\",\"inLanguage\":\"fr-BE\",\"@id\":\"https:\/\/vieassociative.be\/actualites\/#\/schema\/person\/image\/\",\"url\":\"https:\/\/vieassociative.be\/actualites\/wp-content\/uploads\/2024\/09\/vie-associative-1-150x150.jpg\",\"contentUrl\":\"https:\/\/vieassociative.be\/actualites\/wp-content\/uploads\/2024\/09\/vie-associative-1-150x150.jpg\",\"caption\":\"Julien\"},\"description\":\"Je suis Julien, r\u00e9dacteur pour Vie Associative. Passionn\u00e9 par le monde associatif depuis plus de 10 ans, j'ai \u00e0 c\u0153ur de partager des histoires inspirantes et de mettre en lumi\u00e8re les initiatives locales. Mon objectif est de sensibiliser et d'encourager l'engagement communautaire \u00e0 travers mes articles.\",\"sameAs\":[\"https:\/\/vieassociative.be\/\"]}]}<\/script>\n<!-- \/ Yoast SEO plugin. -->","yoast_head_json":{"title":"Cette application macOS facilite la visualisation (et l'utilisation) de vos raccourcis clavier | Vie Associative","robots":{"index":"index","follow":"follow","max-snippet":"max-snippet:-1","max-image-preview":"max-image-preview:large","max-video-preview":"max-video-preview:-1"},"canonical":"https:\/\/vieassociative.be\/actualites\/cette-application-macos-facilite-la-visualisation-et-lutilisation-de-vos-raccourcis-clavier\/","og_locale":"fr_FR","og_type":"article","og_title":"Cette application macOS facilite la visualisation (et l'utilisation) de vos raccourcis clavier | Vie Associative","og_description":"Utiliser les raccourcis clavier est beaucoup plus rapide que de cliquer dans les menus, mais seulement apr\u00e8s les avoir appris. C&rsquo;est la partie la plus","og_url":"https:\/\/vieassociative.be\/actualites\/cette-application-macos-facilite-la-visualisation-et-lutilisation-de-vos-raccourcis-clavier\/","og_site_name":"Vie Associative","article_published_time":"2025-12-07T13:17:57+00:00","og_image":[{"url":"https:\/\/vieassociative.be\/actualites\/wp-content\/uploads\/2025\/12\/Cette-application-macOS-facilite-la-visualisation-et-lutilisation-de-vos.png","type":"","width":"","height":""}],"author":"Julien","twitter_card":"summary_large_image","twitter_misc":{"\u00c9crit par":"Julien","Dur\u00e9e de lecture est.":"2 minutes"},"schema":{"@context":"https:\/\/schema.org","@graph":[{"@type":"Article","@id":"https:\/\/vieassociative.be\/actualites\/cette-application-macos-facilite-la-visualisation-et-lutilisation-de-vos-raccourcis-clavier\/#article","isPartOf":{"@id":"https:\/\/vieassociative.be\/actualites\/cette-application-macos-facilite-la-visualisation-et-lutilisation-de-vos-raccourcis-clavier\/"},"author":{"name":"Julien","@id":"https:\/\/vieassociative.be\/actualites\/#\/schema\/person\/b87ac4f82f9d4e7b7cec7395b679edc4"},"headline":"Cette application macOS facilite la visualisation (et l&rsquo;utilisation) de vos raccourcis clavier","datePublished":"2025-12-07T13:17:57+00:00","dateModified":"2025-12-07T13:17:57+00:00","mainEntityOfPage":{"@id":"https:\/\/vieassociative.be\/actualites\/cette-application-macos-facilite-la-visualisation-et-lutilisation-de-vos-raccourcis-clavier\/"},"wordCount":471,"publisher":{"@id":"https:\/\/vieassociative.be\/actualites\/#organization"},"image":{"@id":"https:\/\/vieassociative.be\/actualites\/cette-application-macos-facilite-la-visualisation-et-lutilisation-de-vos-raccourcis-clavier\/#primaryimage"},"thumbnailUrl":"https:\/\/vieassociative.be\/actualites\/wp-content\/uploads\/2025\/12\/1765113479_Cette-application-macOS-facilite-la-visualisation-et-lutilisation-de-vos.png","keywords":["application","cette","clavier","facilite","lutilisation","MacOS","raccourcis","visualisation","vos"],"inLanguage":"fr-BE"},{"@type":"WebPage","@id":"https:\/\/vieassociative.be\/actualites\/cette-application-macos-facilite-la-visualisation-et-lutilisation-de-vos-raccourcis-clavier\/","url":"https:\/\/vieassociative.be\/actualites\/cette-application-macos-facilite-la-visualisation-et-lutilisation-de-vos-raccourcis-clavier\/","name":"Cette application macOS facilite la visualisation (et l'utilisation) de vos raccourcis clavier | Vie Associative","isPartOf":{"@id":"https:\/\/vieassociative.be\/actualites\/#website"},"primaryImageOfPage":{"@id":"https:\/\/vieassociative.be\/actualites\/cette-application-macos-facilite-la-visualisation-et-lutilisation-de-vos-raccourcis-clavier\/#primaryimage"},"image":{"@id":"https:\/\/vieassociative.be\/actualites\/cette-application-macos-facilite-la-visualisation-et-lutilisation-de-vos-raccourcis-clavier\/#primaryimage"},"thumbnailUrl":"https:\/\/vieassociative.be\/actualites\/wp-content\/uploads\/2025\/12\/1765113479_Cette-application-macOS-facilite-la-visualisation-et-lutilisation-de-vos.png","datePublished":"2025-12-07T13:17:57+00:00","dateModified":"2025-12-07T13:17:57+00:00","breadcrumb":{"@id":"https:\/\/vieassociative.be\/actualites\/cette-application-macos-facilite-la-visualisation-et-lutilisation-de-vos-raccourcis-clavier\/#breadcrumb"},"inLanguage":"fr-BE","potentialAction":[{"@type":"ReadAction","target":["https:\/\/vieassociative.be\/actualites\/cette-application-macos-facilite-la-visualisation-et-lutilisation-de-vos-raccourcis-clavier\/"]}]},{"@type":"ImageObject","inLanguage":"fr-BE","@id":"https:\/\/vieassociative.be\/actualites\/cette-application-macos-facilite-la-visualisation-et-lutilisation-de-vos-raccourcis-clavier\/#primaryimage","url":"https:\/\/vieassociative.be\/actualites\/wp-content\/uploads\/2025\/12\/1765113479_Cette-application-macOS-facilite-la-visualisation-et-lutilisation-de-vos.png","contentUrl":"https:\/\/vieassociative.be\/actualites\/wp-content\/uploads\/2025\/12\/1765113479_Cette-application-macOS-facilite-la-visualisation-et-lutilisation-de-vos.png","width":1200,"height":675,"caption":"Cette application macOS facilite la visualisation (et l'utilisation) de vos raccourcis clavier"},{"@type":"BreadcrumbList","@id":"https:\/\/vieassociative.be\/actualites\/cette-application-macos-facilite-la-visualisation-et-lutilisation-de-vos-raccourcis-clavier\/#breadcrumb","itemListElement":[{"@type":"ListItem","position":1,"name":"Accueil","item":"https:\/\/vieassociative.be\/actualites\/"},{"@type":"ListItem","position":2,"name":"Cette application macOS facilite la visualisation (et l&rsquo;utilisation) de vos raccourcis clavier"}]},{"@type":"WebSite","@id":"https:\/\/vieassociative.be\/actualites\/#website","url":"https:\/\/vieassociative.be\/actualites\/","name":"Vie Associative","description":"","publisher":{"@id":"https:\/\/vieassociative.be\/actualites\/#organization"},"potentialAction":[{"@type":"SearchAction","target":{"@type":"EntryPoint","urlTemplate":"https:\/\/vieassociative.be\/actualites\/?s={search_term_string}"},"query-input":{"@type":"PropertyValueSpecification","valueRequired":true,"valueName":"search_term_string"}}],"inLanguage":"fr-BE"},{"@type":"Organization","@id":"https:\/\/vieassociative.be\/actualites\/#organization","name":"Vie Associative","url":"https:\/\/vieassociative.be\/actualites\/","logo":{"@type":"ImageObject","inLanguage":"fr-BE","@id":"https:\/\/vieassociative.be\/actualites\/#\/schema\/logo\/image\/","url":"https:\/\/vieassociative.be\/actualites\/wp-content\/uploads\/2024\/09\/cropped-vieassociative_favicon.ico.png","contentUrl":"https:\/\/vieassociative.be\/actualites\/wp-content\/uploads\/2024\/09\/cropped-vieassociative_favicon.ico.png","width":512,"height":512,"caption":"Vie Associative"},"image":{"@id":"https:\/\/vieassociative.be\/actualites\/#\/schema\/logo\/image\/"}},{"@type":"Person","@id":"https:\/\/vieassociative.be\/actualites\/#\/schema\/person\/b87ac4f82f9d4e7b7cec7395b679edc4","name":"Julien","image":{"@type":"ImageObject","inLanguage":"fr-BE","@id":"https:\/\/vieassociative.be\/actualites\/#\/schema\/person\/image\/","url":"https:\/\/vieassociative.be\/actualites\/wp-content\/uploads\/2024\/09\/vie-associative-1-150x150.jpg","contentUrl":"https:\/\/vieassociative.be\/actualites\/wp-content\/uploads\/2024\/09\/vie-associative-1-150x150.jpg","caption":"Julien"},"description":"Je suis Julien, r\u00e9dacteur pour Vie Associative. Passionn\u00e9 par le monde associatif depuis plus de 10 ans, j'ai \u00e0 c\u0153ur de partager des histoires inspirantes et de mettre en lumi\u00e8re les initiatives locales. Mon objectif est de sensibiliser et d'encourager l'engagement communautaire \u00e0 travers mes articles.","sameAs":["https:\/\/vieassociative.be\/"]}]}},"_links":{"self":[{"href":"https:\/\/vieassociative.be\/actualites\/wp-json\/wp\/v2\/posts\/11735"}],"collection":[{"href":"https:\/\/vieassociative.be\/actualites\/wp-json\/wp\/v2\/posts"}],"about":[{"href":"https:\/\/vieassociative.be\/actualites\/wp-json\/wp\/v2\/types\/post"}],"author":[{"embeddable":true,"href":"https:\/\/vieassociative.be\/actualites\/wp-json\/wp\/v2\/users\/1"}],"replies":[{"embeddable":true,"href":"https:\/\/vieassociative.be\/actualites\/wp-json\/wp\/v2\/comments?post=11735"}],"version-history":[{"count":0,"href":"https:\/\/vieassociative.be\/actualites\/wp-json\/wp\/v2\/posts\/11735\/revisions"}],"wp:featuredmedia":[{"embeddable":true,"href":"https:\/\/vieassociative.be\/actualites\/wp-json\/wp\/v2\/media\/11736"}],"wp:attachment":[{"href":"https:\/\/vieassociative.be\/actualites\/wp-json\/wp\/v2\/media?parent=11735"}],"wp:term":[{"taxonomy":"category","embeddable":true,"href":"https:\/\/vieassociative.be\/actualites\/wp-json\/wp\/v2\/categories?post=11735"},{"taxonomy":"post_tag","embeddable":true,"href":"https:\/\/vieassociative.be\/actualites\/wp-json\/wp\/v2\/tags?post=11735"}],"curies":[{"name":"wp","href":"https:\/\/api.w.org\/{rel}","templated":true}]}}