{"id":11733,"date":"2025-12-07T09:17:14","date_gmt":"2025-12-07T08:17:14","guid":{"rendered":"https:\/\/vieassociative.be\/actualites\/les-adversaires-de-la-belgique-a-la-coupe-du-monde-voulaient-que-faut-il-savoir-sur-le-tirage-au-sort-daujourdhui-prix-de-la-paix-de-la-fifa-pour-trump\/"},"modified":"2025-12-07T09:17:14","modified_gmt":"2025-12-07T08:17:14","slug":"les-adversaires-de-la-belgique-a-la-coupe-du-monde-voulaient-que-faut-il-savoir-sur-le-tirage-au-sort-daujourdhui-prix-de-la-paix-de-la-fifa-pour-trump","status":"publish","type":"post","link":"https:\/\/vieassociative.be\/actualites\/les-adversaires-de-la-belgique-a-la-coupe-du-monde-voulaient-que-faut-il-savoir-sur-le-tirage-au-sort-daujourdhui-prix-de-la-paix-de-la-fifa-pour-trump\/","title":{"rendered":"Les adversaires de la Belgique \u00e0 la Coupe du Monde voulaient &#8211; que faut-il savoir sur le tirage au sort d&rsquo;aujourd&rsquo;hui &#8211; Prix de la paix de la FIFA pour Trump ?"},"content":{"rendered":"<p><strong>Qui affrontera la Belgique au tour pr\u00e9liminaire de la Coupe du monde 2026 ? Rudi Garcia, l&rsquo;entra\u00eeneur des Diables Rouges, aura les r\u00e9ponses lors du tirage au sort des groupes ce vendredi (18h00) \u00e0 Washington. Un casting de stars assure \u00e9galement paillettes et glamour.<\/strong><\/p>\n<p><span id=\"more-431071\"><\/span>Avec le pr\u00e9sident am\u00e9ricain Donald Trump comme invit\u00e9 vedette et Heidi Klum comme pr\u00e9sentatrice, le grand gala du tirage au sort des groupes de la Coupe du monde a lieu \u00e0 Washington. Six mois avant le coup d&rsquo;envoi du tournoi, le s\u00e9lectionneur national Rudi Garcia d\u00e9couvre \u00e0 qui les Diables Rouges devront faire face lors du tour pr\u00e9liminaire du tournoi XXL aux \u00c9tats-Unis, au Mexique et au Canada.<\/p>\n<p>L&rsquo;\u00e9quipe nationale belge est class\u00e9e dans le pot 1 des meilleures \u00e9quipes lors de la c\u00e9r\u00e9monie de deux heures au John F. Kennedy Center for the Performing Arts dans la capitale am\u00e9ricaine. Les premiers duels avec les favoris du tournoi tels que l\u2019Argentine, l\u2019Espagne, la France, le Br\u00e9sil, l\u2019Angleterre et l\u2019Allemagne sont donc exclus.<\/p>\n<div id=\"attachment_431084\" class=\"wp-caption alignleft\" style=\"max-width: 300px\"><img fetchpriority=\"high\" decoding=\"async\" class=\"wp-image-431084 size-medium\" src=\"https:\/\/vieassociative.be\/actualites\/wp-content\/uploads\/2025\/12\/Les-adversaires-de-la-Belgique-a-la-Coupe-du-Monde.jpg\" alt=\"\" width=\"300\" height=\"212\"><\/div>\n<p>Cependant, il pourrait encore y avoir un groupe au moins exigeant sur le plan sportif avec la Colombie ou l&rsquo;Uruguay, les Norv\u00e9giens autour de la superstar Erling Haaland ou encore l&rsquo;Italie, \u00e0 condition que le quadruple champion du monde l&#8217;emporte lors des s\u00e9ries \u00e9liminatoires en mars 2026.<\/p>\n<p>Les lieux exacts ne seront annonc\u00e9s que samedi, la FIFA souhaitant garantir les meilleures heures de t\u00e9l\u00e9vision possibles dans tous les pays. Imm\u00e9diatement apr\u00e8s le tirage au sort, il y a deux options dans le plan de match pour chaque match du tour pr\u00e9liminaire.<\/p>\n<p>Quatre \u00e9quipes du Cap-Vert, de l&rsquo;Ouzb\u00e9kistan, de la Jordanie et de Cura\u00e7ao se sont qualifi\u00e9es pour la premi\u00e8re fois pour la phase finale de la Coupe du monde. Pour la premi\u00e8re fois, 48 \u200b\u200b\u00e9quipes y participent, portant le nombre de matchs de 40 \u00e0 104 du 11 juin au 19 juillet sur un total de 16 sites.<\/p>\n<p>La chance de la Coupe du monde est entre les mains de quatre grandes stars du sport nord-am\u00e9ricain : le footballeur Tom Brady, la l\u00e9gende du hockey sur glace Wayne Gretzky, le basketteur Shaquille O&rsquo;Neal et le professionnel du baseball Aaron Judge tireront les boules des quatre pots de loterie.<\/p>\n<p>Lors du tirage au sort des groupes du tour pr\u00e9liminaire de la Coupe du monde 2026, les 42 \u00e9quipes qualifi\u00e9es jusqu&rsquo;\u00e0 pr\u00e9sent sont r\u00e9parties en quatre chapeaux en fonction de leur position dans le classement mondial. Les trois h\u00f4tes, les \u00c9tats-Unis, le Mexique et le Canada, de la finale du 11 juin au 19 juillet 2026 se sont vu attribuer le chapeau 1.<\/p>\n<div id=\"attachment_431082\" class=\"wp-caption alignleft\" style=\"max-width: 300px\"><img decoding=\"async\" class=\"wp-image-431082 size-medium\" src=\"https:\/\/vieassociative.be\/actualites\/wp-content\/uploads\/2025\/12\/1765095433_717_Les-adversaires-de-la-Belgique-a-la-Coupe-du-Monde.jpg\" alt=\"\" width=\"300\" height=\"210\"><\/div>\n<p>Les 22 \u00e9quipes qui d\u00e9termineront les \u00e9quipes restantes de la Coupe du monde en mars 2026 selon six parcours \u00e9liminatoires sont dans le pot 4, les six \u00e9quipes les moins bien class\u00e9es \u00e9tant des jokers dans leurs groupes \u00e9liminatoires respectifs. Les gagnants sont ensuite affect\u00e9s au groupe tir\u00e9 au sort.<\/p>\n<p><strong>\u2013 Quatre pots de loterie :<\/strong> De chaque pot, une \u00e9quipe sera tir\u00e9e au sort dans l&rsquo;un des douze groupes. Les \u00e9quipes d&rsquo;une m\u00eame conf\u00e9d\u00e9ration ne peuvent pas s&rsquo;affronter, \u00e0 l&rsquo;exception de l&rsquo;Europe. Il y aura deux \u00e9quipes r\u00e9parties en quatre groupes et une \u00e9quipe dans chacun des huit groupes restants.<\/p>\n<p><em>Tirage du pot 1\u00a0:<\/em> Canada, Mexique, \u00c9tats-Unis, Espagne, Argentine, France, Angleterre, Br\u00e9sil, Portugal, Pays-Bas, BELGIQUE, Allemagne.<\/p>\n<p><em>Tirage du pot 2\u00a0:<\/em> Croatie, Maroc, Colombie, Uruguay, Suisse, Japon, S\u00e9n\u00e9gal, Iran, Cor\u00e9e du Sud, \u00c9quateur, Autriche, Australie.<\/p>\n<p><em>Tirage au pot 3\u00a0:<\/em> Norv\u00e8ge, Panama, \u00c9gypte, Alg\u00e9rie, \u00c9cosse, Paraguay, Tunisie, C\u00f4te d&rsquo;Ivoire, Ouzb\u00e9kistan, Qatar, Arabie Saoudite, Afrique du Sud.<\/p>\n<p><em>Tirage du pot 4\u00a0:<\/em> Jordanie, Cap-Vert, Ghana, Cura\u00e7ao, Ha\u00efti, Nouvelle-Z\u00e9lande, UEFA Playoff A (Italie, Irlande du Nord, Pays de Galles, Bosnie-Herz\u00e9govine), UEFA Playoff B (Ukraine, Su\u00e8de, Pologne, Albanie), UEFA Playoff C (Turquie, Roumanie, Slovaquie, Kosovo), UEFA Playoff D (Danemark, Mac\u00e9doine du Nord, R\u00e9publique tch\u00e8que, Irlande), FIFA Playoff 1 (Nouvelle-Cal\u00e9donie, Jama\u00efque, R\u00e9publique d\u00e9mocratique du Congo), FIFA Playoff 2 (Bolivie, Suriname, Irak).<\/p>\n<p><strong>\u2013 Human Rights Watch critique le Prix de la Paix de la FIFA :<\/strong> L&rsquo;organisation de d\u00e9fense des droits humains Human Rights Watch a critiqu\u00e9 le nouveau Prix de la Paix de la FIFA. Il n&rsquo;y a pas de processus transparent, pas de nominations, pas de jury, et c&rsquo;\u00e9tait apparemment nouveau pour le Conseil de la FIFA, a d\u00e9clar\u00e9 le directeur de HRW, Minky Worden, lors d&rsquo;une conf\u00e9rence de presse organis\u00e9e par divers groupes \u00e0 Washington sur la Coupe du monde.<\/p>\n<div id=\"attachment_431085\" class=\"wp-caption alignleft\" style=\"max-width: 300px\"><img decoding=\"async\" class=\"wp-image-431085 size-medium\" src=\"https:\/\/vieassociative.be\/actualites\/wp-content\/uploads\/2025\/12\/1765095434_949_Les-adversaires-de-la-Belgique-a-la-Coupe-du-Monde.jpg\" alt=\"\" width=\"300\" height=\"228\"><\/div>\n<p>Le prix sera d\u00e9cern\u00e9 pour la premi\u00e8re fois ce vendredi lors du tirage au sort de la Coupe du monde au Kennedy Center \u00e0 Washington. Des rumeurs ont r\u00e9cemment circul\u00e9 selon lesquelles le pr\u00e9sident am\u00e9ricain Donald Trump pourrait recevoir le prix de la paix d\u00e9cern\u00e9 par l&rsquo;association mondiale. Trump a accueilli \u00e0 plusieurs reprises le pr\u00e9sident de la FIFA, Gianni Infantino, \u00e0 la Maison Blanche.<\/p>\n<p>Lors de la conf\u00e9rence de presse \u00e0 Washington, un porte-parole de l&rsquo;organisation Reporters sans fronti\u00e8res a \u00e9voqu\u00e9 des contr\u00f4les d&rsquo;entr\u00e9e plus stricts. Il peut arriver que les comptes de r\u00e9seaux sociaux ou les chats soient v\u00e9rifi\u00e9s. Ce qui est consid\u00e9r\u00e9 comme suspect d\u00e9pend beaucoup de l&rsquo;humeur d&rsquo;un officier en particulier, et il est difficile de pr\u00e9dire ce qui pourrait d\u00e9clencher une fouille, a d\u00e9clar\u00e9 le porte-parole. Il ne se passera probablement rien, mais la principale pr\u00e9occupation de l&rsquo;organisation est que des journalistes soient refoul\u00e9s \u00e0 la fronti\u00e8re pour un tweet inoffensif que l&rsquo;administration Trump n&rsquo;appr\u00e9cie pas.<\/p>\n<p>La porte-parole de Human Rights Watch a critiqu\u00e9 le fait que la situation des droits de l\u2019homme et de l\u2019immigration ait consid\u00e9rablement chang\u00e9 depuis l\u2019arriv\u00e9e au pouvoir de Trump en janvier. \u00ab Il semble de plus en plus que le monde n\u2019est pas accueillant \u00bb, a d\u00e9clar\u00e9 Worden. (dpa\/cr\u00e9)<\/p>\n","protected":false},"excerpt":{"rendered":"<p>Qui affrontera la Belgique au tour pr\u00e9liminaire de la Coupe du monde 2026 ? Rudi Garcia, l&rsquo;entra\u00eeneur des Diables Rouges, aura les r\u00e9ponses lors du<\/p>\n","protected":false},"author":1,"featured_media":11734,"comment_status":"","ping_status":"","sticky":false,"template":"","format":"standard","meta":{"footnotes":""},"categories":[298],"tags":[7779,383,2472,134,2680,4080,14,237,3280,81,1399,183,5503,33,8189,2425,9478],"class_list":["post-11733","post","type-post","status-publish","format-standard","has-post-thumbnail","hentry","category-belgique","tag-adversaires","tag-belgique","tag-coupe","tag-daujourdhui","tag-fautil","tag-fifa","tag-les","tag-monde","tag-paix","tag-pour","tag-prix","tag-savoir","tag-sort","tag-sur","tag-tirage","tag-trump","tag-voulaient","generate-columns","tablet-grid-50","mobile-grid-100","grid-parent","grid-33"],"yoast_head":"<!-- This site is optimized with the Yoast SEO plugin v24.0 - https:\/\/yoast.com\/wordpress\/plugins\/seo\/ -->\n<title>Les adversaires de la Belgique \u00e0 la Coupe du Monde voulaient - que faut-il savoir sur le tirage au sort d&#039;aujourd&#039;hui - Prix de la paix de la FIFA pour Trump ? | Vie Associative<\/title>\n<meta name=\"robots\" content=\"index, follow, max-snippet:-1, max-image-preview:large, max-video-preview:-1\" \/>\n<link rel=\"canonical\" href=\"https:\/\/vieassociative.be\/actualites\/les-adversaires-de-la-belgique-a-la-coupe-du-monde-voulaient-que-faut-il-savoir-sur-le-tirage-au-sort-daujourdhui-prix-de-la-paix-de-la-fifa-pour-trump\/\" \/>\n<meta property=\"og:locale\" content=\"fr_FR\" \/>\n<meta property=\"og:type\" content=\"article\" \/>\n<meta property=\"og:title\" content=\"Les adversaires de la Belgique \u00e0 la Coupe du Monde voulaient - que faut-il savoir sur le tirage au sort d&#039;aujourd&#039;hui - Prix de la paix de la FIFA pour Trump ? | Vie Associative\" \/>\n<meta property=\"og:description\" content=\"Qui affrontera la Belgique au tour pr\u00e9liminaire de la Coupe du monde 2026 ? Rudi Garcia, l&rsquo;entra\u00eeneur des Diables Rouges, aura les r\u00e9ponses lors du\" \/>\n<meta property=\"og:url\" content=\"https:\/\/vieassociative.be\/actualites\/les-adversaires-de-la-belgique-a-la-coupe-du-monde-voulaient-que-faut-il-savoir-sur-le-tirage-au-sort-daujourdhui-prix-de-la-paix-de-la-fifa-pour-trump\/\" \/>\n<meta property=\"og:site_name\" content=\"Vie Associative\" \/>\n<meta property=\"article:published_time\" content=\"2025-12-07T08:17:14+00:00\" \/>\n<meta property=\"og:image\" content=\"https:\/\/vieassociative.be\/actualites\/wp-content\/uploads\/2024\/09\/header_backgroundk-01-e1726694325946.png\" \/>\n\t<meta property=\"og:image:width\" content=\"279\" \/>\n\t<meta property=\"og:image:height\" content=\"92\" \/>\n\t<meta property=\"og:image:type\" content=\"image\/png\" \/>\n<meta name=\"author\" content=\"Julien\" \/>\n<meta name=\"twitter:card\" content=\"summary_large_image\" \/>\n<meta name=\"twitter:label1\" content=\"\u00c9crit par\" \/>\n\t<meta name=\"twitter:data1\" content=\"Julien\" \/>\n\t<meta name=\"twitter:label2\" content=\"Dur\u00e9e de lecture est.\" \/>\n\t<meta name=\"twitter:data2\" content=\"5 minutes\" \/>\n<script type=\"application\/ld+json\" class=\"yoast-schema-graph\">{\"@context\":\"https:\/\/schema.org\",\"@graph\":[{\"@type\":\"Article\",\"@id\":\"https:\/\/vieassociative.be\/actualites\/les-adversaires-de-la-belgique-a-la-coupe-du-monde-voulaient-que-faut-il-savoir-sur-le-tirage-au-sort-daujourdhui-prix-de-la-paix-de-la-fifa-pour-trump\/#article\",\"isPartOf\":{\"@id\":\"https:\/\/vieassociative.be\/actualites\/les-adversaires-de-la-belgique-a-la-coupe-du-monde-voulaient-que-faut-il-savoir-sur-le-tirage-au-sort-daujourdhui-prix-de-la-paix-de-la-fifa-pour-trump\/\"},\"author\":{\"name\":\"Julien\",\"@id\":\"https:\/\/vieassociative.be\/actualites\/#\/schema\/person\/b87ac4f82f9d4e7b7cec7395b679edc4\"},\"headline\":\"Les adversaires de la Belgique \u00e0 la Coupe du Monde voulaient &#8211; que faut-il savoir sur le tirage au sort d&rsquo;aujourd&rsquo;hui &#8211; Prix de la paix de la FIFA pour Trump ?\",\"datePublished\":\"2025-12-07T08:17:14+00:00\",\"dateModified\":\"2025-12-07T08:17:14+00:00\",\"mainEntityOfPage\":{\"@id\":\"https:\/\/vieassociative.be\/actualites\/les-adversaires-de-la-belgique-a-la-coupe-du-monde-voulaient-que-faut-il-savoir-sur-le-tirage-au-sort-daujourdhui-prix-de-la-paix-de-la-fifa-pour-trump\/\"},\"wordCount\":1048,\"publisher\":{\"@id\":\"https:\/\/vieassociative.be\/actualites\/#organization\"},\"image\":{\"@id\":\"https:\/\/vieassociative.be\/actualites\/les-adversaires-de-la-belgique-a-la-coupe-du-monde-voulaient-que-faut-il-savoir-sur-le-tirage-au-sort-daujourdhui-prix-de-la-paix-de-la-fifa-pour-trump\/#primaryimage\"},\"thumbnailUrl\":\"https:\/\/vieassociative.be\/actualites\/wp-content\/uploads\/2025\/12\/1765095434_Les-adversaires-de-la-Belgique-a-la-Coupe-du-Monde.jpg\",\"keywords\":[\"adversaires\",\"Belgique\",\"Coupe\",\"daujourdhui\",\"Fautil\",\"FIFA\",\"Les\",\"monde\",\"paix\",\"pour\",\"prix\",\"savoir\",\"sort\",\"sur\",\"tirage\",\"Trump\",\"voulaient\"],\"articleSection\":[\"Belgique\"],\"inLanguage\":\"fr-BE\"},{\"@type\":\"WebPage\",\"@id\":\"https:\/\/vieassociative.be\/actualites\/les-adversaires-de-la-belgique-a-la-coupe-du-monde-voulaient-que-faut-il-savoir-sur-le-tirage-au-sort-daujourdhui-prix-de-la-paix-de-la-fifa-pour-trump\/\",\"url\":\"https:\/\/vieassociative.be\/actualites\/les-adversaires-de-la-belgique-a-la-coupe-du-monde-voulaient-que-faut-il-savoir-sur-le-tirage-au-sort-daujourdhui-prix-de-la-paix-de-la-fifa-pour-trump\/\",\"name\":\"Les adversaires de la Belgique \u00e0 la Coupe du Monde voulaient - que faut-il savoir sur le tirage au sort d'aujourd'hui - Prix de la paix de la FIFA pour Trump ? | Vie Associative\",\"isPartOf\":{\"@id\":\"https:\/\/vieassociative.be\/actualites\/#website\"},\"primaryImageOfPage\":{\"@id\":\"https:\/\/vieassociative.be\/actualites\/les-adversaires-de-la-belgique-a-la-coupe-du-monde-voulaient-que-faut-il-savoir-sur-le-tirage-au-sort-daujourdhui-prix-de-la-paix-de-la-fifa-pour-trump\/#primaryimage\"},\"image\":{\"@id\":\"https:\/\/vieassociative.be\/actualites\/les-adversaires-de-la-belgique-a-la-coupe-du-monde-voulaient-que-faut-il-savoir-sur-le-tirage-au-sort-daujourdhui-prix-de-la-paix-de-la-fifa-pour-trump\/#primaryimage\"},\"thumbnailUrl\":\"https:\/\/vieassociative.be\/actualites\/wp-content\/uploads\/2025\/12\/1765095434_Les-adversaires-de-la-Belgique-a-la-Coupe-du-Monde.jpg\",\"datePublished\":\"2025-12-07T08:17:14+00:00\",\"dateModified\":\"2025-12-07T08:17:14+00:00\",\"breadcrumb\":{\"@id\":\"https:\/\/vieassociative.be\/actualites\/les-adversaires-de-la-belgique-a-la-coupe-du-monde-voulaient-que-faut-il-savoir-sur-le-tirage-au-sort-daujourdhui-prix-de-la-paix-de-la-fifa-pour-trump\/#breadcrumb\"},\"inLanguage\":\"fr-BE\",\"potentialAction\":[{\"@type\":\"ReadAction\",\"target\":[\"https:\/\/vieassociative.be\/actualites\/les-adversaires-de-la-belgique-a-la-coupe-du-monde-voulaient-que-faut-il-savoir-sur-le-tirage-au-sort-daujourdhui-prix-de-la-paix-de-la-fifa-pour-trump\/\"]}]},{\"@type\":\"ImageObject\",\"inLanguage\":\"fr-BE\",\"@id\":\"https:\/\/vieassociative.be\/actualites\/les-adversaires-de-la-belgique-a-la-coupe-du-monde-voulaient-que-faut-il-savoir-sur-le-tirage-au-sort-daujourdhui-prix-de-la-paix-de-la-fifa-pour-trump\/#primaryimage\",\"url\":\"https:\/\/vieassociative.be\/actualites\/wp-content\/uploads\/2025\/12\/1765095434_Les-adversaires-de-la-Belgique-a-la-Coupe-du-Monde.jpg\",\"contentUrl\":\"https:\/\/vieassociative.be\/actualites\/wp-content\/uploads\/2025\/12\/1765095434_Les-adversaires-de-la-Belgique-a-la-Coupe-du-Monde.jpg\",\"width\":1200,\"height\":900,\"caption\":\"Les adversaires de la Belgique \u00e0 la Coupe du Monde voulaient - que faut-il savoir sur le tirage au sort d'aujourd'hui - Prix de la paix de la FIFA pour Trump ?\"},{\"@type\":\"BreadcrumbList\",\"@id\":\"https:\/\/vieassociative.be\/actualites\/les-adversaires-de-la-belgique-a-la-coupe-du-monde-voulaient-que-faut-il-savoir-sur-le-tirage-au-sort-daujourdhui-prix-de-la-paix-de-la-fifa-pour-trump\/#breadcrumb\",\"itemListElement\":[{\"@type\":\"ListItem\",\"position\":1,\"name\":\"Accueil\",\"item\":\"https:\/\/vieassociative.be\/actualites\/\"},{\"@type\":\"ListItem\",\"position\":2,\"name\":\"Les adversaires de la Belgique \u00e0 la Coupe du Monde voulaient &#8211; que faut-il savoir sur le tirage au sort d&rsquo;aujourd&rsquo;hui &#8211; Prix de la paix de la FIFA pour Trump ?\"}]},{\"@type\":\"WebSite\",\"@id\":\"https:\/\/vieassociative.be\/actualites\/#website\",\"url\":\"https:\/\/vieassociative.be\/actualites\/\",\"name\":\"Vie Associative\",\"description\":\"\",\"publisher\":{\"@id\":\"https:\/\/vieassociative.be\/actualites\/#organization\"},\"potentialAction\":[{\"@type\":\"SearchAction\",\"target\":{\"@type\":\"EntryPoint\",\"urlTemplate\":\"https:\/\/vieassociative.be\/actualites\/?s={search_term_string}\"},\"query-input\":{\"@type\":\"PropertyValueSpecification\",\"valueRequired\":true,\"valueName\":\"search_term_string\"}}],\"inLanguage\":\"fr-BE\"},{\"@type\":\"Organization\",\"@id\":\"https:\/\/vieassociative.be\/actualites\/#organization\",\"name\":\"Vie Associative\",\"url\":\"https:\/\/vieassociative.be\/actualites\/\",\"logo\":{\"@type\":\"ImageObject\",\"inLanguage\":\"fr-BE\",\"@id\":\"https:\/\/vieassociative.be\/actualites\/#\/schema\/logo\/image\/\",\"url\":\"https:\/\/vieassociative.be\/actualites\/wp-content\/uploads\/2024\/09\/cropped-vieassociative_favicon.ico.png\",\"contentUrl\":\"https:\/\/vieassociative.be\/actualites\/wp-content\/uploads\/2024\/09\/cropped-vieassociative_favicon.ico.png\",\"width\":512,\"height\":512,\"caption\":\"Vie Associative\"},\"image\":{\"@id\":\"https:\/\/vieassociative.be\/actualites\/#\/schema\/logo\/image\/\"}},{\"@type\":\"Person\",\"@id\":\"https:\/\/vieassociative.be\/actualites\/#\/schema\/person\/b87ac4f82f9d4e7b7cec7395b679edc4\",\"name\":\"Julien\",\"image\":{\"@type\":\"ImageObject\",\"inLanguage\":\"fr-BE\",\"@id\":\"https:\/\/vieassociative.be\/actualites\/#\/schema\/person\/image\/\",\"url\":\"https:\/\/vieassociative.be\/actualites\/wp-content\/uploads\/2024\/09\/vie-associative-1-150x150.jpg\",\"contentUrl\":\"https:\/\/vieassociative.be\/actualites\/wp-content\/uploads\/2024\/09\/vie-associative-1-150x150.jpg\",\"caption\":\"Julien\"},\"description\":\"Je suis Julien, r\u00e9dacteur pour Vie Associative. Passionn\u00e9 par le monde associatif depuis plus de 10 ans, j'ai \u00e0 c\u0153ur de partager des histoires inspirantes et de mettre en lumi\u00e8re les initiatives locales. Mon objectif est de sensibiliser et d'encourager l'engagement communautaire \u00e0 travers mes articles.\",\"sameAs\":[\"https:\/\/vieassociative.be\/\"]}]}<\/script>\n<!-- \/ Yoast SEO plugin. -->","yoast_head_json":{"title":"Les adversaires de la Belgique \u00e0 la Coupe du Monde voulaient - que faut-il savoir sur le tirage au sort d'aujourd'hui - Prix de la paix de la FIFA pour Trump ? | Vie Associative","robots":{"index":"index","follow":"follow","max-snippet":"max-snippet:-1","max-image-preview":"max-image-preview:large","max-video-preview":"max-video-preview:-1"},"canonical":"https:\/\/vieassociative.be\/actualites\/les-adversaires-de-la-belgique-a-la-coupe-du-monde-voulaient-que-faut-il-savoir-sur-le-tirage-au-sort-daujourdhui-prix-de-la-paix-de-la-fifa-pour-trump\/","og_locale":"fr_FR","og_type":"article","og_title":"Les adversaires de la Belgique \u00e0 la Coupe du Monde voulaient - que faut-il savoir sur le tirage au sort d'aujourd'hui - Prix de la paix de la FIFA pour Trump ? | Vie Associative","og_description":"Qui affrontera la Belgique au tour pr\u00e9liminaire de la Coupe du monde 2026 ? Rudi Garcia, l&rsquo;entra\u00eeneur des Diables Rouges, aura les r\u00e9ponses lors du","og_url":"https:\/\/vieassociative.be\/actualites\/les-adversaires-de-la-belgique-a-la-coupe-du-monde-voulaient-que-faut-il-savoir-sur-le-tirage-au-sort-daujourdhui-prix-de-la-paix-de-la-fifa-pour-trump\/","og_site_name":"Vie Associative","article_published_time":"2025-12-07T08:17:14+00:00","og_image":[{"width":279,"height":92,"url":"https:\/\/vieassociative.be\/actualites\/wp-content\/uploads\/2024\/09\/header_backgroundk-01-e1726694325946.png","type":"image\/png"}],"author":"Julien","twitter_card":"summary_large_image","twitter_misc":{"\u00c9crit par":"Julien","Dur\u00e9e de lecture est.":"5 minutes"},"schema":{"@context":"https:\/\/schema.org","@graph":[{"@type":"Article","@id":"https:\/\/vieassociative.be\/actualites\/les-adversaires-de-la-belgique-a-la-coupe-du-monde-voulaient-que-faut-il-savoir-sur-le-tirage-au-sort-daujourdhui-prix-de-la-paix-de-la-fifa-pour-trump\/#article","isPartOf":{"@id":"https:\/\/vieassociative.be\/actualites\/les-adversaires-de-la-belgique-a-la-coupe-du-monde-voulaient-que-faut-il-savoir-sur-le-tirage-au-sort-daujourdhui-prix-de-la-paix-de-la-fifa-pour-trump\/"},"author":{"name":"Julien","@id":"https:\/\/vieassociative.be\/actualites\/#\/schema\/person\/b87ac4f82f9d4e7b7cec7395b679edc4"},"headline":"Les adversaires de la Belgique \u00e0 la Coupe du Monde voulaient &#8211; que faut-il savoir sur le tirage au sort d&rsquo;aujourd&rsquo;hui &#8211; Prix de la paix de la FIFA pour Trump ?","datePublished":"2025-12-07T08:17:14+00:00","dateModified":"2025-12-07T08:17:14+00:00","mainEntityOfPage":{"@id":"https:\/\/vieassociative.be\/actualites\/les-adversaires-de-la-belgique-a-la-coupe-du-monde-voulaient-que-faut-il-savoir-sur-le-tirage-au-sort-daujourdhui-prix-de-la-paix-de-la-fifa-pour-trump\/"},"wordCount":1048,"publisher":{"@id":"https:\/\/vieassociative.be\/actualites\/#organization"},"image":{"@id":"https:\/\/vieassociative.be\/actualites\/les-adversaires-de-la-belgique-a-la-coupe-du-monde-voulaient-que-faut-il-savoir-sur-le-tirage-au-sort-daujourdhui-prix-de-la-paix-de-la-fifa-pour-trump\/#primaryimage"},"thumbnailUrl":"https:\/\/vieassociative.be\/actualites\/wp-content\/uploads\/2025\/12\/1765095434_Les-adversaires-de-la-Belgique-a-la-Coupe-du-Monde.jpg","keywords":["adversaires","Belgique","Coupe","daujourdhui","Fautil","FIFA","Les","monde","paix","pour","prix","savoir","sort","sur","tirage","Trump","voulaient"],"articleSection":["Belgique"],"inLanguage":"fr-BE"},{"@type":"WebPage","@id":"https:\/\/vieassociative.be\/actualites\/les-adversaires-de-la-belgique-a-la-coupe-du-monde-voulaient-que-faut-il-savoir-sur-le-tirage-au-sort-daujourdhui-prix-de-la-paix-de-la-fifa-pour-trump\/","url":"https:\/\/vieassociative.be\/actualites\/les-adversaires-de-la-belgique-a-la-coupe-du-monde-voulaient-que-faut-il-savoir-sur-le-tirage-au-sort-daujourdhui-prix-de-la-paix-de-la-fifa-pour-trump\/","name":"Les adversaires de la Belgique \u00e0 la Coupe du Monde voulaient - que faut-il savoir sur le tirage au sort d'aujourd'hui - Prix de la paix de la FIFA pour Trump ? | Vie Associative","isPartOf":{"@id":"https:\/\/vieassociative.be\/actualites\/#website"},"primaryImageOfPage":{"@id":"https:\/\/vieassociative.be\/actualites\/les-adversaires-de-la-belgique-a-la-coupe-du-monde-voulaient-que-faut-il-savoir-sur-le-tirage-au-sort-daujourdhui-prix-de-la-paix-de-la-fifa-pour-trump\/#primaryimage"},"image":{"@id":"https:\/\/vieassociative.be\/actualites\/les-adversaires-de-la-belgique-a-la-coupe-du-monde-voulaient-que-faut-il-savoir-sur-le-tirage-au-sort-daujourdhui-prix-de-la-paix-de-la-fifa-pour-trump\/#primaryimage"},"thumbnailUrl":"https:\/\/vieassociative.be\/actualites\/wp-content\/uploads\/2025\/12\/1765095434_Les-adversaires-de-la-Belgique-a-la-Coupe-du-Monde.jpg","datePublished":"2025-12-07T08:17:14+00:00","dateModified":"2025-12-07T08:17:14+00:00","breadcrumb":{"@id":"https:\/\/vieassociative.be\/actualites\/les-adversaires-de-la-belgique-a-la-coupe-du-monde-voulaient-que-faut-il-savoir-sur-le-tirage-au-sort-daujourdhui-prix-de-la-paix-de-la-fifa-pour-trump\/#breadcrumb"},"inLanguage":"fr-BE","potentialAction":[{"@type":"ReadAction","target":["https:\/\/vieassociative.be\/actualites\/les-adversaires-de-la-belgique-a-la-coupe-du-monde-voulaient-que-faut-il-savoir-sur-le-tirage-au-sort-daujourdhui-prix-de-la-paix-de-la-fifa-pour-trump\/"]}]},{"@type":"ImageObject","inLanguage":"fr-BE","@id":"https:\/\/vieassociative.be\/actualites\/les-adversaires-de-la-belgique-a-la-coupe-du-monde-voulaient-que-faut-il-savoir-sur-le-tirage-au-sort-daujourdhui-prix-de-la-paix-de-la-fifa-pour-trump\/#primaryimage","url":"https:\/\/vieassociative.be\/actualites\/wp-content\/uploads\/2025\/12\/1765095434_Les-adversaires-de-la-Belgique-a-la-Coupe-du-Monde.jpg","contentUrl":"https:\/\/vieassociative.be\/actualites\/wp-content\/uploads\/2025\/12\/1765095434_Les-adversaires-de-la-Belgique-a-la-Coupe-du-Monde.jpg","width":1200,"height":900,"caption":"Les adversaires de la Belgique \u00e0 la Coupe du Monde voulaient - que faut-il savoir sur le tirage au sort d'aujourd'hui - Prix de la paix de la FIFA pour Trump ?"},{"@type":"BreadcrumbList","@id":"https:\/\/vieassociative.be\/actualites\/les-adversaires-de-la-belgique-a-la-coupe-du-monde-voulaient-que-faut-il-savoir-sur-le-tirage-au-sort-daujourdhui-prix-de-la-paix-de-la-fifa-pour-trump\/#breadcrumb","itemListElement":[{"@type":"ListItem","position":1,"name":"Accueil","item":"https:\/\/vieassociative.be\/actualites\/"},{"@type":"ListItem","position":2,"name":"Les adversaires de la Belgique \u00e0 la Coupe du Monde voulaient &#8211; que faut-il savoir sur le tirage au sort d&rsquo;aujourd&rsquo;hui &#8211; Prix de la paix de la FIFA pour Trump ?"}]},{"@type":"WebSite","@id":"https:\/\/vieassociative.be\/actualites\/#website","url":"https:\/\/vieassociative.be\/actualites\/","name":"Vie Associative","description":"","publisher":{"@id":"https:\/\/vieassociative.be\/actualites\/#organization"},"potentialAction":[{"@type":"SearchAction","target":{"@type":"EntryPoint","urlTemplate":"https:\/\/vieassociative.be\/actualites\/?s={search_term_string}"},"query-input":{"@type":"PropertyValueSpecification","valueRequired":true,"valueName":"search_term_string"}}],"inLanguage":"fr-BE"},{"@type":"Organization","@id":"https:\/\/vieassociative.be\/actualites\/#organization","name":"Vie Associative","url":"https:\/\/vieassociative.be\/actualites\/","logo":{"@type":"ImageObject","inLanguage":"fr-BE","@id":"https:\/\/vieassociative.be\/actualites\/#\/schema\/logo\/image\/","url":"https:\/\/vieassociative.be\/actualites\/wp-content\/uploads\/2024\/09\/cropped-vieassociative_favicon.ico.png","contentUrl":"https:\/\/vieassociative.be\/actualites\/wp-content\/uploads\/2024\/09\/cropped-vieassociative_favicon.ico.png","width":512,"height":512,"caption":"Vie Associative"},"image":{"@id":"https:\/\/vieassociative.be\/actualites\/#\/schema\/logo\/image\/"}},{"@type":"Person","@id":"https:\/\/vieassociative.be\/actualites\/#\/schema\/person\/b87ac4f82f9d4e7b7cec7395b679edc4","name":"Julien","image":{"@type":"ImageObject","inLanguage":"fr-BE","@id":"https:\/\/vieassociative.be\/actualites\/#\/schema\/person\/image\/","url":"https:\/\/vieassociative.be\/actualites\/wp-content\/uploads\/2024\/09\/vie-associative-1-150x150.jpg","contentUrl":"https:\/\/vieassociative.be\/actualites\/wp-content\/uploads\/2024\/09\/vie-associative-1-150x150.jpg","caption":"Julien"},"description":"Je suis Julien, r\u00e9dacteur pour Vie Associative. Passionn\u00e9 par le monde associatif depuis plus de 10 ans, j'ai \u00e0 c\u0153ur de partager des histoires inspirantes et de mettre en lumi\u00e8re les initiatives locales. Mon objectif est de sensibiliser et d'encourager l'engagement communautaire \u00e0 travers mes articles.","sameAs":["https:\/\/vieassociative.be\/"]}]}},"_links":{"self":[{"href":"https:\/\/vieassociative.be\/actualites\/wp-json\/wp\/v2\/posts\/11733"}],"collection":[{"href":"https:\/\/vieassociative.be\/actualites\/wp-json\/wp\/v2\/posts"}],"about":[{"href":"https:\/\/vieassociative.be\/actualites\/wp-json\/wp\/v2\/types\/post"}],"author":[{"embeddable":true,"href":"https:\/\/vieassociative.be\/actualites\/wp-json\/wp\/v2\/users\/1"}],"replies":[{"embeddable":true,"href":"https:\/\/vieassociative.be\/actualites\/wp-json\/wp\/v2\/comments?post=11733"}],"version-history":[{"count":0,"href":"https:\/\/vieassociative.be\/actualites\/wp-json\/wp\/v2\/posts\/11733\/revisions"}],"wp:featuredmedia":[{"embeddable":true,"href":"https:\/\/vieassociative.be\/actualites\/wp-json\/wp\/v2\/media\/11734"}],"wp:attachment":[{"href":"https:\/\/vieassociative.be\/actualites\/wp-json\/wp\/v2\/media?parent=11733"}],"wp:term":[{"taxonomy":"category","embeddable":true,"href":"https:\/\/vieassociative.be\/actualites\/wp-json\/wp\/v2\/categories?post=11733"},{"taxonomy":"post_tag","embeddable":true,"href":"https:\/\/vieassociative.be\/actualites\/wp-json\/wp\/v2\/tags?post=11733"}],"curies":[{"name":"wp","href":"https:\/\/api.w.org\/{rel}","templated":true}]}}