{"id":11731,"date":"2025-12-07T08:17:30","date_gmt":"2025-12-07T07:17:30","guid":{"rendered":"https:\/\/vieassociative.be\/actualites\/les-lunettes-intelligentes-meta-ray-ban-sont-actuellement-a-leur-prix-le-plus-bas-de-tous-les-temps\/"},"modified":"2025-12-07T08:17:30","modified_gmt":"2025-12-07T07:17:30","slug":"les-lunettes-intelligentes-meta-ray-ban-sont-actuellement-a-leur-prix-le-plus-bas-de-tous-les-temps","status":"publish","type":"post","link":"https:\/\/vieassociative.be\/actualites\/les-lunettes-intelligentes-meta-ray-ban-sont-actuellement-a-leur-prix-le-plus-bas-de-tous-les-temps\/","title":{"rendered":"Les lunettes intelligentes Meta Ray-Ban sont actuellement \u00e0 leur prix le plus bas de tous les temps"},"content":{"rendered":"<p>Nous pouvons gagner une commission sur les liens sur cette page. Les prix et la disponibilit\u00e9 de l&rsquo;offre sont sujets \u00e0 changement apr\u00e8s la publication.<\/p>\n<p>Les lunettes intelligentes valent-elles le battage m\u00e9diatique ? Si vous recherchez un accessoire \u00e9l\u00e9gant qui sert \u00e9galement d&rsquo;appareil photo, d&rsquo;\u00e9couteurs et d&rsquo;\u00e9cran AR sans avoir \u00e0 sortir un t\u00e9l\u00e9phone, c&rsquo;est une astuce qui en vaut la peine. \u00c0 l&rsquo;heure actuelle, les lunettes intelligentes Ray-Ban Meta (Gen 1) sont \u00e0 25 % de r\u00e9duction \u00e0 246,75 $ (\u00e0 l&rsquo;origine 329 $), ce qui repr\u00e9sente leur prix le plus bas jamais vu. Cette version est noire mate avec des verres polaris\u00e9s, mais vous pouvez \u00e9galement obtenir une version l\u00e9g\u00e8rement moins ch\u00e8re et brillante avec des verres transparents pour 224,25 $.<\/p>\n<div class=\"pogoClear mb-12 mt-10 rounded-md border-2 border-gray-100 py-7 shadow-xl md:py-6\">\n<div class=\"flex flex-wrap justify-between px-7 text-black no-underline md:flex-nowrap md:px-8\">\n<div class=\"order-1 mx-auto flex flex-col justify-center md:order-2 md:ml-4 md:w-full md:grow\">\n<div class=\"block cursor-pointer text-center font-akshar text-2xl font-medium leading-7 text-brand-green duration-200 ease-in-out hover:text-brand-green-700 md:text-left md:text-xl md:leading-6\">Ray-Ban M\u00e9ta (Gen 1)\n                <\/div>\n<div class=\"mt-4 hidden md:flex md:justify-between\">\n<div class=\"self-end\">\n<div class=\"mb-0 h-11 md:flex md:flex-col md:justify-center\">\n<div class=\" font-sans leading-4 text-black\">\n<div class=\"flex flex-wrap items-center justify-center gap-1 md:justify-start\">\n        <span class=\"font-bold\"><\/p>\n<p>            246,75\u00a0$<br \/>\n                            <span class=\"font-medium\">chez Amazon<\/span><br \/>\n                    <\/span>\n            <\/div>\n<div class=\"flex items-center justify-center gap-x-1 font-bold md:justify-start\">\n            <span class=\"text-sm line-through\">329,00\u00a0$<\/span><br \/>\n            <span class=\"text-sm text-brand-green\">\u00c9conomisez 82,25\u00a0$<\/span>\n        <\/div>\n<\/p><\/div>\n<\/p><\/div>\n<\/p><\/div>\n<div class=\"w-44 self-end\">\n                            <button class=\"flex justify-center items-center w-full bg-brand-green text-white text-base font-sans font-medium rounded-md hover:bg-brand-green-700 hover:cursor-pointer md:text-sm h-11\"><\/p>\n<p>    Obtenez une offre<br \/>\n<\/button>\n                        <\/div>\n<\/p><\/div>\n<\/p><\/div>\n<div class=\"order-2 mt-5 h-auto w-full md:order-1 md:mt-0 md:hidden\">\n<div class=\"flex aspect-video items-center justify-center\">\n                                            <img decoding=\"async\" class=\"m-0 max-h-full max-w-full rounded-md\" src=\"https:\/\/vieassociative.be\/actualites\/wp-content\/uploads\/2025\/12\/Les-lunettes-intelligentes-Meta-Ray-Ban-sont-actuellement-a-leur-prix.jpg\" alt=\"Ray-Ban M\u00e9ta (Gen 1)\" width=\"auto\" height=\"auto\" loading=\"lazy\">\n                                    <\/div>\n<\/p><\/div>\n<div class=\"order-2 ml-2 hidden w-32 shrink-0 items-center md:order-1 md:ml-0 md:flex\">\n<div class=\"flex aspect-video items-center justify-center\">\n                                            <img decoding=\"async\" class=\"m-0 max-h-full max-w-full rounded-md\" src=\"https:\/\/vieassociative.be\/actualites\/wp-content\/uploads\/2025\/12\/Les-lunettes-intelligentes-Meta-Ray-Ban-sont-actuellement-a-leur-prix.jpg\" alt=\"Ray-Ban M\u00e9ta (Gen 1)\" width=\"auto\" height=\"auto\" loading=\"lazy\">\n                                    <\/div>\n<\/p><\/div>\n<div class=\"order-3 flex grow flex-wrap md:hidden md:grow-0\">\n<div class=\"mt-4 w-full\">\n                        <button class=\"flex justify-center items-center w-full bg-brand-green text-white text-base font-sans font-medium rounded-md hover:bg-brand-green-700 hover:cursor-pointer md:text-sm h-11\"><\/p>\n<p>    Obtenez une offre<br \/>\n<\/button>\n                    <\/div>\n<div class=\"mx-2 mt-4 w-full\">\n<div class=\" font-sans leading-4 text-black\">\n<div class=\"flex flex-wrap items-center justify-center gap-1 md:justify-start\">\n        <span class=\"font-bold\"><\/p>\n<p>            246,75\u00a0$<br \/>\n                            <span class=\"font-medium\">chez Amazon<\/span><br \/>\n                    <\/span>\n            <\/div>\n<div class=\"flex items-center justify-center gap-x-1 font-bold md:justify-start\">\n            <span class=\"text-sm line-through\">329,00\u00a0$<\/span><br \/>\n            <span class=\"text-sm text-brand-green\">\u00c9conomisez 82,25\u00a0$<\/span>\n        <\/div>\n<\/p><\/div>\n<\/p><\/div>\n<\/p><\/div>\n<\/p><\/div>\n<\/div>\n<p>Les lunettes Ray-Ban Meta (Gen 1) AI ont l&rsquo;esth\u00e9tique r\u00e9tro des embl\u00e9matiques Wayfarers, et \u00e0 49 grammes, elles ne sont que l\u00e9g\u00e8rement plus lourdes que les lunettes ordinaires (bien qu&rsquo;avec des verres correcteurs, cela passera \u00e0 54 grammes).  Ils vous permettent de tout faire, depuis l&rsquo;enregistrement de vid\u00e9os 1080p et la capture de photos jusqu&rsquo;\u00e0 \u00e9couter de la musique, passer des appels, envoyer des SMS en conduisant, diffuser en direct en d\u00e9placement ou obtenir des r\u00e9ponses de Meta AI. Ils ont un large champ de vision et une solide stabilisation d\u2019image, bien qu\u2019ils ne prennent des photos qu\u2019en format vertical.<\/p>\n<p>Les lunettes sont dot\u00e9es d&rsquo;un appareil photo ultra-large de 12 MP et de cinq micros, ainsi que de haut-parleurs ouverts int\u00e9gr\u00e9s qui vous permettent d&rsquo;\u00e9couter de l&rsquo;audio sans bloquer compl\u00e8tement votre environnement. Meta AI est l\u2019un des principaux attraits de cette technologie portable, agissant comme un assistant personnel int\u00e9gr\u00e9. Il existe \u00e9galement une traduction en direct qui traite la parole au rythme de la conversation, ce qui est particuli\u00e8rement utile lorsque vous voyagez et dont nous discutons dans notre<strong> <\/strong>examen approfondi des Ray-Ban Metas. Elles durent jusqu&rsquo;\u00e0 quatre heures et l&rsquo;affaire contient jusqu&rsquo;\u00e0 huit accusations suppl\u00e9mentaires.<\/p>\n<p>Bien qu&rsquo;ils puissent faire beaucoup de choses, ils ne peuvent pas effectuer de t\u00e2ches complexes comme r\u00e9server des h\u00f4tels, et la dur\u00e9e de vie et le poids de la batterie peuvent ne pas \u00eatre id\u00e9aux pour les porteurs de lentilles correctrices qui doivent porter leurs lunettes toute la journ\u00e9e.  Pourtant, il s&rsquo;agit d&rsquo;un gadget tr\u00e8s cadeau qui rend les t\u00e2ches quotidiennes plus fluides et plus fonctionnelles, et \u00e0 un prix historiquement bas, les lunettes intelligentes Ray-Ban Meta (Gen 1) pourraient \u00eatre l&rsquo;un des meilleurs achats technologiques portables de la saison.<\/p>\n<div class=\" relative flex justify-center py-16 md:left-1\/2 md:w-(780px) md:max-w-max md:-translate-x-1\/2\">\n<div class=\"w-max text-center sm:text-left\">\n<div class=\"custom-gradient-background mb-6 rounded-md p-(2px) sm:rounded-tl-none\">\n<div class=\"flex flex-col rounded bg-white sm:rounded-tl-none\">\n                    <span class=\"-mt-4 block w-fit max-w-(calc(100%-1rem)) self-center bg-white px-3 text-center font-akshar text-xl font-medium capitalize text-gray-800 sm:max-w-(calc(100%-2.5rem)) sm:self-start sm:px-10 sm:text-left sm:text-2xl\">Nos meilleures offres technologiques approuv\u00e9es par les \u00e9diteurs en ce moment<\/span><\/p>\n<div class=\"flex flex-col gap-3 p-3 pb-4 text-sm sm:p-10 sm:pt-6 sm:text-justify sm:text-base\">\n<div>\n<p>    Tablette Wi-Fi Apple iPad Air 11 po M3 128 Go (gris sid\u00e9ral)<\/p>\n<p>                                <span class=\"text-black\"><br \/>\n                                    \u2014<br \/>\n                                    <span class=\"font-bold\"><\/span><br \/>\n                                    <span class=\"!text-xs italic sm:!text-sm\"><\/p>\n<p>                                        (Prix catalogue 587,99 $)<br \/>\n                                    <\/span><br \/>\n                                <\/span>\n                            <\/div>\n<div>\n<p>    Dell 14 Premium DA14250 (Intel Core Ultra 7 255H, SSD 512 Go, RAM 16 Go, \u00e9cran 2K)<\/p>\n<p>                                <span class=\"text-black\"><br \/>\n                                    \u2014<br \/>\n                                    <span class=\"font-bold\">999,99\u00a0$<\/span><br \/>\n                                    <span class=\"!text-xs italic sm:!text-sm\"><\/p>\n<p>                                        (Prix catalogue 1\u00a0549,99\u00a0$)<br \/>\n                                    <\/span><br \/>\n                                <\/span>\n                            <\/div>\n<div>\n<p>    Sony WH-1000XM5<\/p>\n<p>                                <span class=\"text-black\"><br \/>\n                                    \u2014<br \/>\n                                    <span class=\"font-bold\">278,00\u00a0$<\/span><br \/>\n                                    <span class=\"!text-xs italic sm:!text-sm\"><\/p>\n<p>                                        (Prix catalogue 399,99\u00a0$)<br \/>\n                                    <\/span><br \/>\n                                <\/span>\n                            <\/div>\n<div>\n<p>    Tablette Wi-Fi Samsung Galaxy Tab A9+ 10,9 po 64 Go (graphite)<\/p>\n<p>                                <span class=\"text-black\"><br \/>\n                                    \u2014<br \/>\n                                    <span class=\"font-bold\">149,99\u00a0$<\/span><br \/>\n                                    <span class=\"!text-xs italic sm:!text-sm\"><\/p>\n<p>                                        (Prix catalogue 219,99 $)<br \/>\n                                    <\/span><br \/>\n                                <\/span>\n                            <\/div>\n<div>\n<p>    Montre intelligente Apple Watch Series 11 (GPS 46 mm) avec bo\u00eetier en aluminium noir de jais et bracelet sport noir &#8211; M\/L. Score de sommeil, tracker d&rsquo;activit\u00e9, surveillance de la sant\u00e9, affichage permanent, r\u00e9sistant \u00e0 l&rsquo;eau<\/p>\n<p>                                <span class=\"text-black\"><br \/>\n                                    \u2014<br \/>\n                                    <span class=\"font-bold\">419,00\u00a0$<\/span><br \/>\n                                    <span class=\"!text-xs italic sm:!text-sm\"><\/p>\n<p>                                        (Prix catalogue 419,00 $)<br \/>\n                                    <\/span><br \/>\n                                <\/span>\n                            <\/div>\n<\/p><\/div>\n<\/p><\/div>\n<\/p><\/div>\n<div class=\"flex flex-col items-center justify-between text-black sm:flex-row sm:px-6\">\n                <span class=\"text-xs italic sm:ml-7 sm:text-sm\">Les offres sont s\u00e9lectionn\u00e9es par notre \u00e9quipe commerciale<\/span><\/p><\/div>\n<\/p><\/div>\n<\/p><\/div>\n","protected":false},"excerpt":{"rendered":"<p>Nous pouvons gagner une commission sur les liens sur cette page. Les prix et la disponibilit\u00e9 de l&rsquo;offre sont sujets \u00e0 changement apr\u00e8s la publication.<\/p>\n","protected":false},"author":1,"featured_media":11732,"comment_status":"","ping_status":"","sticky":false,"template":"","format":"standard","meta":{"footnotes":""},"categories":[13],"tags":[19,700,2170,14,958,3912,487,1399,6870,18,790,546],"class_list":["post-11731","post","type-post","status-publish","format-standard","has-post-thumbnail","hentry","category-technologie","tag-actuellement","tag-bas","tag-intelligentes","tag-les","tag-leur","tag-lunettes","tag-meta","tag-prix","tag-rayban","tag-sont","tag-temps","tag-tous","generate-columns","tablet-grid-50","mobile-grid-100","grid-parent","grid-33"],"yoast_head":"<!-- This site is optimized with the Yoast SEO plugin v24.0 - https:\/\/yoast.com\/wordpress\/plugins\/seo\/ -->\n<title>Les lunettes intelligentes Meta Ray-Ban sont actuellement \u00e0 leur prix le plus bas de tous les temps | Vie Associative<\/title>\n<meta name=\"robots\" content=\"index, follow, max-snippet:-1, max-image-preview:large, max-video-preview:-1\" \/>\n<link rel=\"canonical\" href=\"https:\/\/vieassociative.be\/actualites\/les-lunettes-intelligentes-meta-ray-ban-sont-actuellement-a-leur-prix-le-plus-bas-de-tous-les-temps\/\" \/>\n<meta property=\"og:locale\" content=\"fr_FR\" \/>\n<meta property=\"og:type\" content=\"article\" \/>\n<meta property=\"og:title\" content=\"Les lunettes intelligentes Meta Ray-Ban sont actuellement \u00e0 leur prix le plus bas de tous les temps | Vie Associative\" \/>\n<meta property=\"og:description\" content=\"Nous pouvons gagner une commission sur les liens sur cette page. Les prix et la disponibilit\u00e9 de l&rsquo;offre sont sujets \u00e0 changement apr\u00e8s la publication.\" \/>\n<meta property=\"og:url\" content=\"https:\/\/vieassociative.be\/actualites\/les-lunettes-intelligentes-meta-ray-ban-sont-actuellement-a-leur-prix-le-plus-bas-de-tous-les-temps\/\" \/>\n<meta property=\"og:site_name\" content=\"Vie Associative\" \/>\n<meta property=\"article:published_time\" content=\"2025-12-07T07:17:30+00:00\" \/>\n<meta property=\"og:image\" content=\"https:\/\/vieassociative.be\/actualites\/wp-content\/uploads\/2025\/12\/Les-lunettes-intelligentes-Meta-Ray-Ban-sont-actuellement-a-leur-prix.jpg\" \/>\n<meta name=\"author\" content=\"Julien\" \/>\n<meta name=\"twitter:card\" content=\"summary_large_image\" \/>\n<meta name=\"twitter:label1\" content=\"\u00c9crit par\" \/>\n\t<meta name=\"twitter:data1\" content=\"Julien\" \/>\n\t<meta name=\"twitter:label2\" content=\"Dur\u00e9e de lecture est.\" \/>\n\t<meta name=\"twitter:data2\" content=\"3 minutes\" \/>\n<script type=\"application\/ld+json\" class=\"yoast-schema-graph\">{\"@context\":\"https:\/\/schema.org\",\"@graph\":[{\"@type\":\"Article\",\"@id\":\"https:\/\/vieassociative.be\/actualites\/les-lunettes-intelligentes-meta-ray-ban-sont-actuellement-a-leur-prix-le-plus-bas-de-tous-les-temps\/#article\",\"isPartOf\":{\"@id\":\"https:\/\/vieassociative.be\/actualites\/les-lunettes-intelligentes-meta-ray-ban-sont-actuellement-a-leur-prix-le-plus-bas-de-tous-les-temps\/\"},\"author\":{\"name\":\"Julien\",\"@id\":\"https:\/\/vieassociative.be\/actualites\/#\/schema\/person\/b87ac4f82f9d4e7b7cec7395b679edc4\"},\"headline\":\"Les lunettes intelligentes Meta Ray-Ban sont actuellement \u00e0 leur prix le plus bas de tous les temps\",\"datePublished\":\"2025-12-07T07:17:30+00:00\",\"dateModified\":\"2025-12-07T07:17:30+00:00\",\"mainEntityOfPage\":{\"@id\":\"https:\/\/vieassociative.be\/actualites\/les-lunettes-intelligentes-meta-ray-ban-sont-actuellement-a-leur-prix-le-plus-bas-de-tous-les-temps\/\"},\"wordCount\":579,\"publisher\":{\"@id\":\"https:\/\/vieassociative.be\/actualites\/#organization\"},\"image\":{\"@id\":\"https:\/\/vieassociative.be\/actualites\/les-lunettes-intelligentes-meta-ray-ban-sont-actuellement-a-leur-prix-le-plus-bas-de-tous-les-temps\/#primaryimage\"},\"thumbnailUrl\":\"https:\/\/vieassociative.be\/actualites\/wp-content\/uploads\/2025\/12\/Les-lunettes-intelligentes-Meta-Ray-Ban-sont-actuellement-a-leur-prix.png\",\"keywords\":[\"actuellement\",\"bas\",\"intelligentes\",\"Les\",\"leur\",\"lunettes\",\"Meta\",\"prix\",\"RayBan\",\"sont\",\"temps\",\"tous\"],\"articleSection\":[\"Technologie\"],\"inLanguage\":\"fr-BE\"},{\"@type\":\"WebPage\",\"@id\":\"https:\/\/vieassociative.be\/actualites\/les-lunettes-intelligentes-meta-ray-ban-sont-actuellement-a-leur-prix-le-plus-bas-de-tous-les-temps\/\",\"url\":\"https:\/\/vieassociative.be\/actualites\/les-lunettes-intelligentes-meta-ray-ban-sont-actuellement-a-leur-prix-le-plus-bas-de-tous-les-temps\/\",\"name\":\"Les lunettes intelligentes Meta Ray-Ban sont actuellement \u00e0 leur prix le plus bas de tous les temps | Vie Associative\",\"isPartOf\":{\"@id\":\"https:\/\/vieassociative.be\/actualites\/#website\"},\"primaryImageOfPage\":{\"@id\":\"https:\/\/vieassociative.be\/actualites\/les-lunettes-intelligentes-meta-ray-ban-sont-actuellement-a-leur-prix-le-plus-bas-de-tous-les-temps\/#primaryimage\"},\"image\":{\"@id\":\"https:\/\/vieassociative.be\/actualites\/les-lunettes-intelligentes-meta-ray-ban-sont-actuellement-a-leur-prix-le-plus-bas-de-tous-les-temps\/#primaryimage\"},\"thumbnailUrl\":\"https:\/\/vieassociative.be\/actualites\/wp-content\/uploads\/2025\/12\/Les-lunettes-intelligentes-Meta-Ray-Ban-sont-actuellement-a-leur-prix.png\",\"datePublished\":\"2025-12-07T07:17:30+00:00\",\"dateModified\":\"2025-12-07T07:17:30+00:00\",\"breadcrumb\":{\"@id\":\"https:\/\/vieassociative.be\/actualites\/les-lunettes-intelligentes-meta-ray-ban-sont-actuellement-a-leur-prix-le-plus-bas-de-tous-les-temps\/#breadcrumb\"},\"inLanguage\":\"fr-BE\",\"potentialAction\":[{\"@type\":\"ReadAction\",\"target\":[\"https:\/\/vieassociative.be\/actualites\/les-lunettes-intelligentes-meta-ray-ban-sont-actuellement-a-leur-prix-le-plus-bas-de-tous-les-temps\/\"]}]},{\"@type\":\"ImageObject\",\"inLanguage\":\"fr-BE\",\"@id\":\"https:\/\/vieassociative.be\/actualites\/les-lunettes-intelligentes-meta-ray-ban-sont-actuellement-a-leur-prix-le-plus-bas-de-tous-les-temps\/#primaryimage\",\"url\":\"https:\/\/vieassociative.be\/actualites\/wp-content\/uploads\/2025\/12\/Les-lunettes-intelligentes-Meta-Ray-Ban-sont-actuellement-a-leur-prix.png\",\"contentUrl\":\"https:\/\/vieassociative.be\/actualites\/wp-content\/uploads\/2025\/12\/Les-lunettes-intelligentes-Meta-Ray-Ban-sont-actuellement-a-leur-prix.png\",\"width\":1200,\"height\":675,\"caption\":\"Les lunettes intelligentes Meta Ray-Ban sont actuellement \u00e0 leur prix le plus bas de tous les temps\"},{\"@type\":\"BreadcrumbList\",\"@id\":\"https:\/\/vieassociative.be\/actualites\/les-lunettes-intelligentes-meta-ray-ban-sont-actuellement-a-leur-prix-le-plus-bas-de-tous-les-temps\/#breadcrumb\",\"itemListElement\":[{\"@type\":\"ListItem\",\"position\":1,\"name\":\"Accueil\",\"item\":\"https:\/\/vieassociative.be\/actualites\/\"},{\"@type\":\"ListItem\",\"position\":2,\"name\":\"Les lunettes intelligentes Meta Ray-Ban sont actuellement \u00e0 leur prix le plus bas de tous les temps\"}]},{\"@type\":\"WebSite\",\"@id\":\"https:\/\/vieassociative.be\/actualites\/#website\",\"url\":\"https:\/\/vieassociative.be\/actualites\/\",\"name\":\"Vie Associative\",\"description\":\"\",\"publisher\":{\"@id\":\"https:\/\/vieassociative.be\/actualites\/#organization\"},\"potentialAction\":[{\"@type\":\"SearchAction\",\"target\":{\"@type\":\"EntryPoint\",\"urlTemplate\":\"https:\/\/vieassociative.be\/actualites\/?s={search_term_string}\"},\"query-input\":{\"@type\":\"PropertyValueSpecification\",\"valueRequired\":true,\"valueName\":\"search_term_string\"}}],\"inLanguage\":\"fr-BE\"},{\"@type\":\"Organization\",\"@id\":\"https:\/\/vieassociative.be\/actualites\/#organization\",\"name\":\"Vie Associative\",\"url\":\"https:\/\/vieassociative.be\/actualites\/\",\"logo\":{\"@type\":\"ImageObject\",\"inLanguage\":\"fr-BE\",\"@id\":\"https:\/\/vieassociative.be\/actualites\/#\/schema\/logo\/image\/\",\"url\":\"https:\/\/vieassociative.be\/actualites\/wp-content\/uploads\/2024\/09\/cropped-vieassociative_favicon.ico.png\",\"contentUrl\":\"https:\/\/vieassociative.be\/actualites\/wp-content\/uploads\/2024\/09\/cropped-vieassociative_favicon.ico.png\",\"width\":512,\"height\":512,\"caption\":\"Vie Associative\"},\"image\":{\"@id\":\"https:\/\/vieassociative.be\/actualites\/#\/schema\/logo\/image\/\"}},{\"@type\":\"Person\",\"@id\":\"https:\/\/vieassociative.be\/actualites\/#\/schema\/person\/b87ac4f82f9d4e7b7cec7395b679edc4\",\"name\":\"Julien\",\"image\":{\"@type\":\"ImageObject\",\"inLanguage\":\"fr-BE\",\"@id\":\"https:\/\/vieassociative.be\/actualites\/#\/schema\/person\/image\/\",\"url\":\"https:\/\/vieassociative.be\/actualites\/wp-content\/uploads\/2024\/09\/vie-associative-1-150x150.jpg\",\"contentUrl\":\"https:\/\/vieassociative.be\/actualites\/wp-content\/uploads\/2024\/09\/vie-associative-1-150x150.jpg\",\"caption\":\"Julien\"},\"description\":\"Je suis Julien, r\u00e9dacteur pour Vie Associative. Passionn\u00e9 par le monde associatif depuis plus de 10 ans, j'ai \u00e0 c\u0153ur de partager des histoires inspirantes et de mettre en lumi\u00e8re les initiatives locales. Mon objectif est de sensibiliser et d'encourager l'engagement communautaire \u00e0 travers mes articles.\",\"sameAs\":[\"https:\/\/vieassociative.be\/\"]}]}<\/script>\n<!-- \/ Yoast SEO plugin. -->","yoast_head_json":{"title":"Les lunettes intelligentes Meta Ray-Ban sont actuellement \u00e0 leur prix le plus bas de tous les temps | Vie Associative","robots":{"index":"index","follow":"follow","max-snippet":"max-snippet:-1","max-image-preview":"max-image-preview:large","max-video-preview":"max-video-preview:-1"},"canonical":"https:\/\/vieassociative.be\/actualites\/les-lunettes-intelligentes-meta-ray-ban-sont-actuellement-a-leur-prix-le-plus-bas-de-tous-les-temps\/","og_locale":"fr_FR","og_type":"article","og_title":"Les lunettes intelligentes Meta Ray-Ban sont actuellement \u00e0 leur prix le plus bas de tous les temps | Vie Associative","og_description":"Nous pouvons gagner une commission sur les liens sur cette page. Les prix et la disponibilit\u00e9 de l&rsquo;offre sont sujets \u00e0 changement apr\u00e8s la publication.","og_url":"https:\/\/vieassociative.be\/actualites\/les-lunettes-intelligentes-meta-ray-ban-sont-actuellement-a-leur-prix-le-plus-bas-de-tous-les-temps\/","og_site_name":"Vie Associative","article_published_time":"2025-12-07T07:17:30+00:00","og_image":[{"url":"https:\/\/vieassociative.be\/actualites\/wp-content\/uploads\/2025\/12\/Les-lunettes-intelligentes-Meta-Ray-Ban-sont-actuellement-a-leur-prix.jpg","type":"","width":"","height":""}],"author":"Julien","twitter_card":"summary_large_image","twitter_misc":{"\u00c9crit par":"Julien","Dur\u00e9e de lecture est.":"3 minutes"},"schema":{"@context":"https:\/\/schema.org","@graph":[{"@type":"Article","@id":"https:\/\/vieassociative.be\/actualites\/les-lunettes-intelligentes-meta-ray-ban-sont-actuellement-a-leur-prix-le-plus-bas-de-tous-les-temps\/#article","isPartOf":{"@id":"https:\/\/vieassociative.be\/actualites\/les-lunettes-intelligentes-meta-ray-ban-sont-actuellement-a-leur-prix-le-plus-bas-de-tous-les-temps\/"},"author":{"name":"Julien","@id":"https:\/\/vieassociative.be\/actualites\/#\/schema\/person\/b87ac4f82f9d4e7b7cec7395b679edc4"},"headline":"Les lunettes intelligentes Meta Ray-Ban sont actuellement \u00e0 leur prix le plus bas de tous les temps","datePublished":"2025-12-07T07:17:30+00:00","dateModified":"2025-12-07T07:17:30+00:00","mainEntityOfPage":{"@id":"https:\/\/vieassociative.be\/actualites\/les-lunettes-intelligentes-meta-ray-ban-sont-actuellement-a-leur-prix-le-plus-bas-de-tous-les-temps\/"},"wordCount":579,"publisher":{"@id":"https:\/\/vieassociative.be\/actualites\/#organization"},"image":{"@id":"https:\/\/vieassociative.be\/actualites\/les-lunettes-intelligentes-meta-ray-ban-sont-actuellement-a-leur-prix-le-plus-bas-de-tous-les-temps\/#primaryimage"},"thumbnailUrl":"https:\/\/vieassociative.be\/actualites\/wp-content\/uploads\/2025\/12\/Les-lunettes-intelligentes-Meta-Ray-Ban-sont-actuellement-a-leur-prix.png","keywords":["actuellement","bas","intelligentes","Les","leur","lunettes","Meta","prix","RayBan","sont","temps","tous"],"articleSection":["Technologie"],"inLanguage":"fr-BE"},{"@type":"WebPage","@id":"https:\/\/vieassociative.be\/actualites\/les-lunettes-intelligentes-meta-ray-ban-sont-actuellement-a-leur-prix-le-plus-bas-de-tous-les-temps\/","url":"https:\/\/vieassociative.be\/actualites\/les-lunettes-intelligentes-meta-ray-ban-sont-actuellement-a-leur-prix-le-plus-bas-de-tous-les-temps\/","name":"Les lunettes intelligentes Meta Ray-Ban sont actuellement \u00e0 leur prix le plus bas de tous les temps | Vie Associative","isPartOf":{"@id":"https:\/\/vieassociative.be\/actualites\/#website"},"primaryImageOfPage":{"@id":"https:\/\/vieassociative.be\/actualites\/les-lunettes-intelligentes-meta-ray-ban-sont-actuellement-a-leur-prix-le-plus-bas-de-tous-les-temps\/#primaryimage"},"image":{"@id":"https:\/\/vieassociative.be\/actualites\/les-lunettes-intelligentes-meta-ray-ban-sont-actuellement-a-leur-prix-le-plus-bas-de-tous-les-temps\/#primaryimage"},"thumbnailUrl":"https:\/\/vieassociative.be\/actualites\/wp-content\/uploads\/2025\/12\/Les-lunettes-intelligentes-Meta-Ray-Ban-sont-actuellement-a-leur-prix.png","datePublished":"2025-12-07T07:17:30+00:00","dateModified":"2025-12-07T07:17:30+00:00","breadcrumb":{"@id":"https:\/\/vieassociative.be\/actualites\/les-lunettes-intelligentes-meta-ray-ban-sont-actuellement-a-leur-prix-le-plus-bas-de-tous-les-temps\/#breadcrumb"},"inLanguage":"fr-BE","potentialAction":[{"@type":"ReadAction","target":["https:\/\/vieassociative.be\/actualites\/les-lunettes-intelligentes-meta-ray-ban-sont-actuellement-a-leur-prix-le-plus-bas-de-tous-les-temps\/"]}]},{"@type":"ImageObject","inLanguage":"fr-BE","@id":"https:\/\/vieassociative.be\/actualites\/les-lunettes-intelligentes-meta-ray-ban-sont-actuellement-a-leur-prix-le-plus-bas-de-tous-les-temps\/#primaryimage","url":"https:\/\/vieassociative.be\/actualites\/wp-content\/uploads\/2025\/12\/Les-lunettes-intelligentes-Meta-Ray-Ban-sont-actuellement-a-leur-prix.png","contentUrl":"https:\/\/vieassociative.be\/actualites\/wp-content\/uploads\/2025\/12\/Les-lunettes-intelligentes-Meta-Ray-Ban-sont-actuellement-a-leur-prix.png","width":1200,"height":675,"caption":"Les lunettes intelligentes Meta Ray-Ban sont actuellement \u00e0 leur prix le plus bas de tous les temps"},{"@type":"BreadcrumbList","@id":"https:\/\/vieassociative.be\/actualites\/les-lunettes-intelligentes-meta-ray-ban-sont-actuellement-a-leur-prix-le-plus-bas-de-tous-les-temps\/#breadcrumb","itemListElement":[{"@type":"ListItem","position":1,"name":"Accueil","item":"https:\/\/vieassociative.be\/actualites\/"},{"@type":"ListItem","position":2,"name":"Les lunettes intelligentes Meta Ray-Ban sont actuellement \u00e0 leur prix le plus bas de tous les temps"}]},{"@type":"WebSite","@id":"https:\/\/vieassociative.be\/actualites\/#website","url":"https:\/\/vieassociative.be\/actualites\/","name":"Vie Associative","description":"","publisher":{"@id":"https:\/\/vieassociative.be\/actualites\/#organization"},"potentialAction":[{"@type":"SearchAction","target":{"@type":"EntryPoint","urlTemplate":"https:\/\/vieassociative.be\/actualites\/?s={search_term_string}"},"query-input":{"@type":"PropertyValueSpecification","valueRequired":true,"valueName":"search_term_string"}}],"inLanguage":"fr-BE"},{"@type":"Organization","@id":"https:\/\/vieassociative.be\/actualites\/#organization","name":"Vie Associative","url":"https:\/\/vieassociative.be\/actualites\/","logo":{"@type":"ImageObject","inLanguage":"fr-BE","@id":"https:\/\/vieassociative.be\/actualites\/#\/schema\/logo\/image\/","url":"https:\/\/vieassociative.be\/actualites\/wp-content\/uploads\/2024\/09\/cropped-vieassociative_favicon.ico.png","contentUrl":"https:\/\/vieassociative.be\/actualites\/wp-content\/uploads\/2024\/09\/cropped-vieassociative_favicon.ico.png","width":512,"height":512,"caption":"Vie Associative"},"image":{"@id":"https:\/\/vieassociative.be\/actualites\/#\/schema\/logo\/image\/"}},{"@type":"Person","@id":"https:\/\/vieassociative.be\/actualites\/#\/schema\/person\/b87ac4f82f9d4e7b7cec7395b679edc4","name":"Julien","image":{"@type":"ImageObject","inLanguage":"fr-BE","@id":"https:\/\/vieassociative.be\/actualites\/#\/schema\/person\/image\/","url":"https:\/\/vieassociative.be\/actualites\/wp-content\/uploads\/2024\/09\/vie-associative-1-150x150.jpg","contentUrl":"https:\/\/vieassociative.be\/actualites\/wp-content\/uploads\/2024\/09\/vie-associative-1-150x150.jpg","caption":"Julien"},"description":"Je suis Julien, r\u00e9dacteur pour Vie Associative. Passionn\u00e9 par le monde associatif depuis plus de 10 ans, j'ai \u00e0 c\u0153ur de partager des histoires inspirantes et de mettre en lumi\u00e8re les initiatives locales. Mon objectif est de sensibiliser et d'encourager l'engagement communautaire \u00e0 travers mes articles.","sameAs":["https:\/\/vieassociative.be\/"]}]}},"_links":{"self":[{"href":"https:\/\/vieassociative.be\/actualites\/wp-json\/wp\/v2\/posts\/11731"}],"collection":[{"href":"https:\/\/vieassociative.be\/actualites\/wp-json\/wp\/v2\/posts"}],"about":[{"href":"https:\/\/vieassociative.be\/actualites\/wp-json\/wp\/v2\/types\/post"}],"author":[{"embeddable":true,"href":"https:\/\/vieassociative.be\/actualites\/wp-json\/wp\/v2\/users\/1"}],"replies":[{"embeddable":true,"href":"https:\/\/vieassociative.be\/actualites\/wp-json\/wp\/v2\/comments?post=11731"}],"version-history":[{"count":0,"href":"https:\/\/vieassociative.be\/actualites\/wp-json\/wp\/v2\/posts\/11731\/revisions"}],"wp:featuredmedia":[{"embeddable":true,"href":"https:\/\/vieassociative.be\/actualites\/wp-json\/wp\/v2\/media\/11732"}],"wp:attachment":[{"href":"https:\/\/vieassociative.be\/actualites\/wp-json\/wp\/v2\/media?parent=11731"}],"wp:term":[{"taxonomy":"category","embeddable":true,"href":"https:\/\/vieassociative.be\/actualites\/wp-json\/wp\/v2\/categories?post=11731"},{"taxonomy":"post_tag","embeddable":true,"href":"https:\/\/vieassociative.be\/actualites\/wp-json\/wp\/v2\/tags?post=11731"}],"curies":[{"name":"wp","href":"https:\/\/api.w.org\/{rel}","templated":true}]}}