{"id":1173,"date":"2024-10-13T10:17:03","date_gmt":"2024-10-13T08:17:03","guid":{"rendered":"https:\/\/vieassociative.be\/actualites\/lusda-vient-de-rappeler-pres-de-10-millions-de-livres-de-viande-et-de-volaille\/"},"modified":"2024-10-13T10:17:03","modified_gmt":"2024-10-13T08:17:03","slug":"lusda-vient-de-rappeler-pres-de-10-millions-de-livres-de-viande-et-de-volaille","status":"publish","type":"post","link":"https:\/\/vieassociative.be\/actualites\/lusda-vient-de-rappeler-pres-de-10-millions-de-livres-de-viande-et-de-volaille\/","title":{"rendered":"L&rsquo;USDA vient de rappeler pr\u00e8s de 10 millions de livres de viande et de volaille"},"content":{"rendered":"<div class=\"mt-4 leading-6 md:mb-8\">La viande exp\u00e9di\u00e9e dans tout le pays peut \u00eatre contamin\u00e9e par la listeria.<\/div>\n<p><\/p>\n<p>Le minist\u00e8re de l&rsquo;Agriculture des \u00c9tats-Unis informe les consommateurs d&rsquo;un autre rappel de viande \u00e0 haut risque\u00a0: pr\u00e8s de 10 millions de livres de viande et de volaille produites dans une usine de BrucePac et exp\u00e9di\u00e9es dans tout le pays entre juin et octobre pourraient \u00eatre contamin\u00e9es par <em>Listeria monocytog\u00e8nes<\/em> bact\u00e9ries. <\/p>\n<p>Ce n\u2019est pas le premier cas r\u00e9cent de pr\u00e9sence de listeria dans des produits carn\u00e9s de consommation. Les Centers for Disease Control and Prevention ont ouvert en juillet une enqu\u00eate \u2013 qui est en cours \u2013 sur Boar&rsquo;s Head apr\u00e8s que des charcuteries contenant de la listeria aient \u00e9t\u00e9 li\u00e9es \u00e0 59 hospitalisations et 10 d\u00e9c\u00e8s. <\/p>\n<h2 id=\"which-meat-products-are-being-recalled\">Quels produits carn\u00e9s sont rappel\u00e9s ? <\/h2>\n<p>Le rappel concerne la viande et la volaille pr\u00eates \u00e0 manger transform\u00e9es dans les installations de BrucePac \u00e0 Durant, en Oklahoma, entre le 19 juin et le 8 octobre. Il comprend des produits contenant des ingr\u00e9dients comme des lani\u00e8res et des galettes de poulet grill\u00e9es et vendus dans divers magasins, notamment Trader Joe&rsquo;s et HEB. -\u00e0 l&rsquo;\u00e9chelle nationale. Les articles concern\u00e9s ont \u00e9galement \u00e9t\u00e9 distribu\u00e9s aux restaurants et autres vendeurs de services alimentaires. L&rsquo;USDA a publi\u00e9 une liste mise \u00e0 jour des produits concern\u00e9s avec les codes d&rsquo;articles ainsi que les \u00e9tiquettes, les codes de lot et les dates de p\u00e9remption pour les aliments pr\u00e9par\u00e9s qui doivent \u00eatre jet\u00e9s. <\/p>\n<p>Les produits contamin\u00e9s porteront les num\u00e9ros d&rsquo;\u00e9tablissement 51205 ou P-51205 \u00e0 l&rsquo;int\u00e9rieur ou sous la marque d&rsquo;inspection USDA. <\/p>\n<h2 id=\"what-to-do-if-you-have-recalled-products\">Que faire si vous avez rappel\u00e9 des produits<\/h2>\n<p>Faites l&rsquo;inventaire de tous les produits dans votre r\u00e9frig\u00e9rateur qui contiennent de la viande et de la volaille pr\u00eates \u00e0 manger et comparez-les \u00e0 la liste de rappel. Si vous en trouvez, vous devez soit les jeter, soit les rapporter au lieu d&rsquo;achat, selon l&rsquo;USDA. L&rsquo;avis de rappel n&rsquo;indique pas que les clients sont \u00e9ligibles \u00e0 un remboursement ou \u00e0 une compensation pour le moment. <\/p>\n<p>Les restaurants et autres cuisines commerciales susceptibles d&rsquo;avoir re\u00e7u de la viande contamin\u00e9e sont \u00e9galement encourag\u00e9s \u00e0 v\u00e9rifier leur stock et \u00e0 jeter tout article concern\u00e9. <\/p>\n<p>L\u2019apparition des sympt\u00f4mes de la list\u00e9riose peut prendre jusqu\u2019\u00e0 10 semaines. Si vous \u00eates pr\u00e9occup\u00e9 par la maladie, l&rsquo;USDA recommande de consulter un professionnel de la sant\u00e9. <\/p>\n","protected":false},"excerpt":{"rendered":"<p>La viande exp\u00e9di\u00e9e dans tout le pays peut \u00eatre contamin\u00e9e par la listeria. Le minist\u00e8re de l&rsquo;Agriculture des \u00c9tats-Unis informe les consommateurs d&rsquo;un autre rappel<\/p>\n","protected":false},"author":1,"featured_media":1174,"comment_status":"","ping_status":"","sticky":false,"template":"","format":"standard","meta":{"footnotes":""},"categories":[38],"tags":[562,1749,1751,1750,1481,1102,1213,1752],"class_list":["post-1173","post","type-post","status-publish","format-standard","has-post-thumbnail","hentry","category-sante","tag-livres","tag-lusda","tag-millions","tag-pres","tag-rappeler","tag-viande","tag-vient","tag-volaille","generate-columns","tablet-grid-50","mobile-grid-100","grid-parent","grid-33"],"yoast_head":"<!-- This site is optimized with the Yoast SEO plugin v24.0 - https:\/\/yoast.com\/wordpress\/plugins\/seo\/ -->\n<title>L&#039;USDA vient de rappeler pr\u00e8s de 10 millions de livres de viande et de volaille | Vie Associative<\/title>\n<meta name=\"robots\" content=\"index, follow, max-snippet:-1, max-image-preview:large, max-video-preview:-1\" \/>\n<link rel=\"canonical\" href=\"https:\/\/vieassociative.be\/actualites\/lusda-vient-de-rappeler-pres-de-10-millions-de-livres-de-viande-et-de-volaille\/\" \/>\n<meta property=\"og:locale\" content=\"fr_FR\" \/>\n<meta property=\"og:type\" content=\"article\" \/>\n<meta property=\"og:title\" content=\"L&#039;USDA vient de rappeler pr\u00e8s de 10 millions de livres de viande et de volaille | Vie Associative\" \/>\n<meta property=\"og:description\" content=\"La viande exp\u00e9di\u00e9e dans tout le pays peut \u00eatre contamin\u00e9e par la listeria. Le minist\u00e8re de l&rsquo;Agriculture des \u00c9tats-Unis informe les consommateurs d&rsquo;un autre rappel\" \/>\n<meta property=\"og:url\" content=\"https:\/\/vieassociative.be\/actualites\/lusda-vient-de-rappeler-pres-de-10-millions-de-livres-de-viande-et-de-volaille\/\" \/>\n<meta property=\"og:site_name\" content=\"Vie Associative\" \/>\n<meta property=\"article:published_time\" content=\"2024-10-13T08:17:03+00:00\" \/>\n<meta property=\"og:image\" content=\"https:\/\/vieassociative.be\/actualites\/wp-content\/uploads\/2024\/09\/header_backgroundk-01-e1726694325946.png\" \/>\n\t<meta property=\"og:image:width\" content=\"279\" \/>\n\t<meta property=\"og:image:height\" content=\"92\" \/>\n\t<meta property=\"og:image:type\" content=\"image\/png\" \/>\n<meta name=\"author\" content=\"Julien\" \/>\n<meta name=\"twitter:card\" content=\"summary_large_image\" \/>\n<meta name=\"twitter:label1\" content=\"\u00c9crit par\" \/>\n\t<meta name=\"twitter:data1\" content=\"Julien\" \/>\n\t<meta name=\"twitter:label2\" content=\"Dur\u00e9e de lecture est.\" \/>\n\t<meta name=\"twitter:data2\" content=\"2 minutes\" \/>\n<script type=\"application\/ld+json\" class=\"yoast-schema-graph\">{\"@context\":\"https:\/\/schema.org\",\"@graph\":[{\"@type\":\"Article\",\"@id\":\"https:\/\/vieassociative.be\/actualites\/lusda-vient-de-rappeler-pres-de-10-millions-de-livres-de-viande-et-de-volaille\/#article\",\"isPartOf\":{\"@id\":\"https:\/\/vieassociative.be\/actualites\/lusda-vient-de-rappeler-pres-de-10-millions-de-livres-de-viande-et-de-volaille\/\"},\"author\":{\"name\":\"Julien\",\"@id\":\"https:\/\/vieassociative.be\/actualites\/#\/schema\/person\/b87ac4f82f9d4e7b7cec7395b679edc4\"},\"headline\":\"L&rsquo;USDA vient de rappeler pr\u00e8s de 10 millions de livres de viande et de volaille\",\"datePublished\":\"2024-10-13T08:17:03+00:00\",\"dateModified\":\"2024-10-13T08:17:03+00:00\",\"mainEntityOfPage\":{\"@id\":\"https:\/\/vieassociative.be\/actualites\/lusda-vient-de-rappeler-pres-de-10-millions-de-livres-de-viande-et-de-volaille\/\"},\"wordCount\":437,\"publisher\":{\"@id\":\"https:\/\/vieassociative.be\/actualites\/#organization\"},\"image\":{\"@id\":\"https:\/\/vieassociative.be\/actualites\/lusda-vient-de-rappeler-pres-de-10-millions-de-livres-de-viande-et-de-volaille\/#primaryimage\"},\"thumbnailUrl\":\"https:\/\/vieassociative.be\/actualites\/wp-content\/uploads\/2024\/10\/LUSDA-vient-de-rappeler-pres-de-10-millions-de-livres.png\",\"keywords\":[\"livres\",\"LUSDA\",\"millions\",\"pr\u00e8s\",\"rappeler\",\"viande\",\"vient\",\"volaille\"],\"articleSection\":[\"Sant\u00e9\"],\"inLanguage\":\"fr-BE\"},{\"@type\":\"WebPage\",\"@id\":\"https:\/\/vieassociative.be\/actualites\/lusda-vient-de-rappeler-pres-de-10-millions-de-livres-de-viande-et-de-volaille\/\",\"url\":\"https:\/\/vieassociative.be\/actualites\/lusda-vient-de-rappeler-pres-de-10-millions-de-livres-de-viande-et-de-volaille\/\",\"name\":\"L'USDA vient de rappeler pr\u00e8s de 10 millions de livres de viande et de volaille | Vie Associative\",\"isPartOf\":{\"@id\":\"https:\/\/vieassociative.be\/actualites\/#website\"},\"primaryImageOfPage\":{\"@id\":\"https:\/\/vieassociative.be\/actualites\/lusda-vient-de-rappeler-pres-de-10-millions-de-livres-de-viande-et-de-volaille\/#primaryimage\"},\"image\":{\"@id\":\"https:\/\/vieassociative.be\/actualites\/lusda-vient-de-rappeler-pres-de-10-millions-de-livres-de-viande-et-de-volaille\/#primaryimage\"},\"thumbnailUrl\":\"https:\/\/vieassociative.be\/actualites\/wp-content\/uploads\/2024\/10\/LUSDA-vient-de-rappeler-pres-de-10-millions-de-livres.png\",\"datePublished\":\"2024-10-13T08:17:03+00:00\",\"dateModified\":\"2024-10-13T08:17:03+00:00\",\"breadcrumb\":{\"@id\":\"https:\/\/vieassociative.be\/actualites\/lusda-vient-de-rappeler-pres-de-10-millions-de-livres-de-viande-et-de-volaille\/#breadcrumb\"},\"inLanguage\":\"fr-BE\",\"potentialAction\":[{\"@type\":\"ReadAction\",\"target\":[\"https:\/\/vieassociative.be\/actualites\/lusda-vient-de-rappeler-pres-de-10-millions-de-livres-de-viande-et-de-volaille\/\"]}]},{\"@type\":\"ImageObject\",\"inLanguage\":\"fr-BE\",\"@id\":\"https:\/\/vieassociative.be\/actualites\/lusda-vient-de-rappeler-pres-de-10-millions-de-livres-de-viande-et-de-volaille\/#primaryimage\",\"url\":\"https:\/\/vieassociative.be\/actualites\/wp-content\/uploads\/2024\/10\/LUSDA-vient-de-rappeler-pres-de-10-millions-de-livres.png\",\"contentUrl\":\"https:\/\/vieassociative.be\/actualites\/wp-content\/uploads\/2024\/10\/LUSDA-vient-de-rappeler-pres-de-10-millions-de-livres.png\",\"width\":1200,\"height\":675,\"caption\":\"L'USDA vient de rappeler pr\u00e8s de 10 millions de livres de viande et de volaille\"},{\"@type\":\"BreadcrumbList\",\"@id\":\"https:\/\/vieassociative.be\/actualites\/lusda-vient-de-rappeler-pres-de-10-millions-de-livres-de-viande-et-de-volaille\/#breadcrumb\",\"itemListElement\":[{\"@type\":\"ListItem\",\"position\":1,\"name\":\"Accueil\",\"item\":\"https:\/\/vieassociative.be\/actualites\/\"},{\"@type\":\"ListItem\",\"position\":2,\"name\":\"L&rsquo;USDA vient de rappeler pr\u00e8s de 10 millions de livres de viande et de volaille\"}]},{\"@type\":\"WebSite\",\"@id\":\"https:\/\/vieassociative.be\/actualites\/#website\",\"url\":\"https:\/\/vieassociative.be\/actualites\/\",\"name\":\"Vie Associative\",\"description\":\"\",\"publisher\":{\"@id\":\"https:\/\/vieassociative.be\/actualites\/#organization\"},\"potentialAction\":[{\"@type\":\"SearchAction\",\"target\":{\"@type\":\"EntryPoint\",\"urlTemplate\":\"https:\/\/vieassociative.be\/actualites\/?s={search_term_string}\"},\"query-input\":{\"@type\":\"PropertyValueSpecification\",\"valueRequired\":true,\"valueName\":\"search_term_string\"}}],\"inLanguage\":\"fr-BE\"},{\"@type\":\"Organization\",\"@id\":\"https:\/\/vieassociative.be\/actualites\/#organization\",\"name\":\"Vie Associative\",\"url\":\"https:\/\/vieassociative.be\/actualites\/\",\"logo\":{\"@type\":\"ImageObject\",\"inLanguage\":\"fr-BE\",\"@id\":\"https:\/\/vieassociative.be\/actualites\/#\/schema\/logo\/image\/\",\"url\":\"https:\/\/vieassociative.be\/actualites\/wp-content\/uploads\/2024\/09\/cropped-vieassociative_favicon.ico.png\",\"contentUrl\":\"https:\/\/vieassociative.be\/actualites\/wp-content\/uploads\/2024\/09\/cropped-vieassociative_favicon.ico.png\",\"width\":512,\"height\":512,\"caption\":\"Vie Associative\"},\"image\":{\"@id\":\"https:\/\/vieassociative.be\/actualites\/#\/schema\/logo\/image\/\"}},{\"@type\":\"Person\",\"@id\":\"https:\/\/vieassociative.be\/actualites\/#\/schema\/person\/b87ac4f82f9d4e7b7cec7395b679edc4\",\"name\":\"Julien\",\"image\":{\"@type\":\"ImageObject\",\"inLanguage\":\"fr-BE\",\"@id\":\"https:\/\/vieassociative.be\/actualites\/#\/schema\/person\/image\/\",\"url\":\"https:\/\/vieassociative.be\/actualites\/wp-content\/uploads\/2024\/09\/vie-associative-1-150x150.jpg\",\"contentUrl\":\"https:\/\/vieassociative.be\/actualites\/wp-content\/uploads\/2024\/09\/vie-associative-1-150x150.jpg\",\"caption\":\"Julien\"},\"description\":\"Je suis Julien, r\u00e9dacteur pour Vie Associative. Passionn\u00e9 par le monde associatif depuis plus de 10 ans, j'ai \u00e0 c\u0153ur de partager des histoires inspirantes et de mettre en lumi\u00e8re les initiatives locales. Mon objectif est de sensibiliser et d'encourager l'engagement communautaire \u00e0 travers mes articles.\",\"sameAs\":[\"https:\/\/vieassociative.be\/\"]}]}<\/script>\n<!-- \/ Yoast SEO plugin. -->","yoast_head_json":{"title":"L'USDA vient de rappeler pr\u00e8s de 10 millions de livres de viande et de volaille | Vie Associative","robots":{"index":"index","follow":"follow","max-snippet":"max-snippet:-1","max-image-preview":"max-image-preview:large","max-video-preview":"max-video-preview:-1"},"canonical":"https:\/\/vieassociative.be\/actualites\/lusda-vient-de-rappeler-pres-de-10-millions-de-livres-de-viande-et-de-volaille\/","og_locale":"fr_FR","og_type":"article","og_title":"L'USDA vient de rappeler pr\u00e8s de 10 millions de livres de viande et de volaille | Vie Associative","og_description":"La viande exp\u00e9di\u00e9e dans tout le pays peut \u00eatre contamin\u00e9e par la listeria. Le minist\u00e8re de l&rsquo;Agriculture des \u00c9tats-Unis informe les consommateurs d&rsquo;un autre rappel","og_url":"https:\/\/vieassociative.be\/actualites\/lusda-vient-de-rappeler-pres-de-10-millions-de-livres-de-viande-et-de-volaille\/","og_site_name":"Vie Associative","article_published_time":"2024-10-13T08:17:03+00:00","og_image":[{"width":279,"height":92,"url":"https:\/\/vieassociative.be\/actualites\/wp-content\/uploads\/2024\/09\/header_backgroundk-01-e1726694325946.png","type":"image\/png"}],"author":"Julien","twitter_card":"summary_large_image","twitter_misc":{"\u00c9crit par":"Julien","Dur\u00e9e de lecture est.":"2 minutes"},"schema":{"@context":"https:\/\/schema.org","@graph":[{"@type":"Article","@id":"https:\/\/vieassociative.be\/actualites\/lusda-vient-de-rappeler-pres-de-10-millions-de-livres-de-viande-et-de-volaille\/#article","isPartOf":{"@id":"https:\/\/vieassociative.be\/actualites\/lusda-vient-de-rappeler-pres-de-10-millions-de-livres-de-viande-et-de-volaille\/"},"author":{"name":"Julien","@id":"https:\/\/vieassociative.be\/actualites\/#\/schema\/person\/b87ac4f82f9d4e7b7cec7395b679edc4"},"headline":"L&rsquo;USDA vient de rappeler pr\u00e8s de 10 millions de livres de viande et de volaille","datePublished":"2024-10-13T08:17:03+00:00","dateModified":"2024-10-13T08:17:03+00:00","mainEntityOfPage":{"@id":"https:\/\/vieassociative.be\/actualites\/lusda-vient-de-rappeler-pres-de-10-millions-de-livres-de-viande-et-de-volaille\/"},"wordCount":437,"publisher":{"@id":"https:\/\/vieassociative.be\/actualites\/#organization"},"image":{"@id":"https:\/\/vieassociative.be\/actualites\/lusda-vient-de-rappeler-pres-de-10-millions-de-livres-de-viande-et-de-volaille\/#primaryimage"},"thumbnailUrl":"https:\/\/vieassociative.be\/actualites\/wp-content\/uploads\/2024\/10\/LUSDA-vient-de-rappeler-pres-de-10-millions-de-livres.png","keywords":["livres","LUSDA","millions","pr\u00e8s","rappeler","viande","vient","volaille"],"articleSection":["Sant\u00e9"],"inLanguage":"fr-BE"},{"@type":"WebPage","@id":"https:\/\/vieassociative.be\/actualites\/lusda-vient-de-rappeler-pres-de-10-millions-de-livres-de-viande-et-de-volaille\/","url":"https:\/\/vieassociative.be\/actualites\/lusda-vient-de-rappeler-pres-de-10-millions-de-livres-de-viande-et-de-volaille\/","name":"L'USDA vient de rappeler pr\u00e8s de 10 millions de livres de viande et de volaille | Vie Associative","isPartOf":{"@id":"https:\/\/vieassociative.be\/actualites\/#website"},"primaryImageOfPage":{"@id":"https:\/\/vieassociative.be\/actualites\/lusda-vient-de-rappeler-pres-de-10-millions-de-livres-de-viande-et-de-volaille\/#primaryimage"},"image":{"@id":"https:\/\/vieassociative.be\/actualites\/lusda-vient-de-rappeler-pres-de-10-millions-de-livres-de-viande-et-de-volaille\/#primaryimage"},"thumbnailUrl":"https:\/\/vieassociative.be\/actualites\/wp-content\/uploads\/2024\/10\/LUSDA-vient-de-rappeler-pres-de-10-millions-de-livres.png","datePublished":"2024-10-13T08:17:03+00:00","dateModified":"2024-10-13T08:17:03+00:00","breadcrumb":{"@id":"https:\/\/vieassociative.be\/actualites\/lusda-vient-de-rappeler-pres-de-10-millions-de-livres-de-viande-et-de-volaille\/#breadcrumb"},"inLanguage":"fr-BE","potentialAction":[{"@type":"ReadAction","target":["https:\/\/vieassociative.be\/actualites\/lusda-vient-de-rappeler-pres-de-10-millions-de-livres-de-viande-et-de-volaille\/"]}]},{"@type":"ImageObject","inLanguage":"fr-BE","@id":"https:\/\/vieassociative.be\/actualites\/lusda-vient-de-rappeler-pres-de-10-millions-de-livres-de-viande-et-de-volaille\/#primaryimage","url":"https:\/\/vieassociative.be\/actualites\/wp-content\/uploads\/2024\/10\/LUSDA-vient-de-rappeler-pres-de-10-millions-de-livres.png","contentUrl":"https:\/\/vieassociative.be\/actualites\/wp-content\/uploads\/2024\/10\/LUSDA-vient-de-rappeler-pres-de-10-millions-de-livres.png","width":1200,"height":675,"caption":"L'USDA vient de rappeler pr\u00e8s de 10 millions de livres de viande et de volaille"},{"@type":"BreadcrumbList","@id":"https:\/\/vieassociative.be\/actualites\/lusda-vient-de-rappeler-pres-de-10-millions-de-livres-de-viande-et-de-volaille\/#breadcrumb","itemListElement":[{"@type":"ListItem","position":1,"name":"Accueil","item":"https:\/\/vieassociative.be\/actualites\/"},{"@type":"ListItem","position":2,"name":"L&rsquo;USDA vient de rappeler pr\u00e8s de 10 millions de livres de viande et de volaille"}]},{"@type":"WebSite","@id":"https:\/\/vieassociative.be\/actualites\/#website","url":"https:\/\/vieassociative.be\/actualites\/","name":"Vie Associative","description":"","publisher":{"@id":"https:\/\/vieassociative.be\/actualites\/#organization"},"potentialAction":[{"@type":"SearchAction","target":{"@type":"EntryPoint","urlTemplate":"https:\/\/vieassociative.be\/actualites\/?s={search_term_string}"},"query-input":{"@type":"PropertyValueSpecification","valueRequired":true,"valueName":"search_term_string"}}],"inLanguage":"fr-BE"},{"@type":"Organization","@id":"https:\/\/vieassociative.be\/actualites\/#organization","name":"Vie Associative","url":"https:\/\/vieassociative.be\/actualites\/","logo":{"@type":"ImageObject","inLanguage":"fr-BE","@id":"https:\/\/vieassociative.be\/actualites\/#\/schema\/logo\/image\/","url":"https:\/\/vieassociative.be\/actualites\/wp-content\/uploads\/2024\/09\/cropped-vieassociative_favicon.ico.png","contentUrl":"https:\/\/vieassociative.be\/actualites\/wp-content\/uploads\/2024\/09\/cropped-vieassociative_favicon.ico.png","width":512,"height":512,"caption":"Vie Associative"},"image":{"@id":"https:\/\/vieassociative.be\/actualites\/#\/schema\/logo\/image\/"}},{"@type":"Person","@id":"https:\/\/vieassociative.be\/actualites\/#\/schema\/person\/b87ac4f82f9d4e7b7cec7395b679edc4","name":"Julien","image":{"@type":"ImageObject","inLanguage":"fr-BE","@id":"https:\/\/vieassociative.be\/actualites\/#\/schema\/person\/image\/","url":"https:\/\/vieassociative.be\/actualites\/wp-content\/uploads\/2024\/09\/vie-associative-1-150x150.jpg","contentUrl":"https:\/\/vieassociative.be\/actualites\/wp-content\/uploads\/2024\/09\/vie-associative-1-150x150.jpg","caption":"Julien"},"description":"Je suis Julien, r\u00e9dacteur pour Vie Associative. Passionn\u00e9 par le monde associatif depuis plus de 10 ans, j'ai \u00e0 c\u0153ur de partager des histoires inspirantes et de mettre en lumi\u00e8re les initiatives locales. Mon objectif est de sensibiliser et d'encourager l'engagement communautaire \u00e0 travers mes articles.","sameAs":["https:\/\/vieassociative.be\/"]}]}},"_links":{"self":[{"href":"https:\/\/vieassociative.be\/actualites\/wp-json\/wp\/v2\/posts\/1173"}],"collection":[{"href":"https:\/\/vieassociative.be\/actualites\/wp-json\/wp\/v2\/posts"}],"about":[{"href":"https:\/\/vieassociative.be\/actualites\/wp-json\/wp\/v2\/types\/post"}],"author":[{"embeddable":true,"href":"https:\/\/vieassociative.be\/actualites\/wp-json\/wp\/v2\/users\/1"}],"replies":[{"embeddable":true,"href":"https:\/\/vieassociative.be\/actualites\/wp-json\/wp\/v2\/comments?post=1173"}],"version-history":[{"count":0,"href":"https:\/\/vieassociative.be\/actualites\/wp-json\/wp\/v2\/posts\/1173\/revisions"}],"wp:featuredmedia":[{"embeddable":true,"href":"https:\/\/vieassociative.be\/actualites\/wp-json\/wp\/v2\/media\/1174"}],"wp:attachment":[{"href":"https:\/\/vieassociative.be\/actualites\/wp-json\/wp\/v2\/media?parent=1173"}],"wp:term":[{"taxonomy":"category","embeddable":true,"href":"https:\/\/vieassociative.be\/actualites\/wp-json\/wp\/v2\/categories?post=1173"},{"taxonomy":"post_tag","embeddable":true,"href":"https:\/\/vieassociative.be\/actualites\/wp-json\/wp\/v2\/tags?post=1173"}],"curies":[{"name":"wp","href":"https:\/\/api.w.org\/{rel}","templated":true}]}}