{"id":11729,"date":"2025-12-07T03:20:37","date_gmt":"2025-12-07T02:20:37","guid":{"rendered":"https:\/\/vieassociative.be\/actualites\/gala-du-bayern-au-vfb-kane-marque-trois-fois-en-30-minutes\/"},"modified":"2025-12-07T03:20:37","modified_gmt":"2025-12-07T02:20:37","slug":"gala-du-bayern-au-vfb-kane-marque-trois-fois-en-30-minutes","status":"publish","type":"post","link":"https:\/\/vieassociative.be\/actualites\/gala-du-bayern-au-vfb-kane-marque-trois-fois-en-30-minutes\/","title":{"rendered":"Gala du Bayern au VfB : Kane marque trois fois en 30 minutes"},"content":{"rendered":"<p><strong>Le buteur de r\u00eave Konrad Laimer et le noble farceur Harry Kane en tant que triple ont donn\u00e9 au FC Bayern les trois points suivants en Bundesliga.<\/strong><\/p>\n<p><span id=\"more-431206\"><\/span>Les champions du record ont finalement remport\u00e9 le S\u00fcdschlager au VfB Stuttgart 5-0 (1-0) apr\u00e8s une premi\u00e8re mi-temps \u00e2prement disput\u00e9e et ont c\u00e9l\u00e9br\u00e9 leur douzi\u00e8me victoire lors du 13e match de championnat de la saison.<\/p>\n<p>Laimer a marqu\u00e9 \u00e0 la 11e minute pour l&rsquo;\u00e9quipe munichoise fortement modifi\u00e9e, qui a encore consolid\u00e9 son avance au classement. L&rsquo;attaquant vedette Kane (66e\/82e, penalty\/88e), entr\u00e9 en jeu apr\u00e8s environ une heure, et Josip Stanisic (78e) ont suivi devant 60 000 spectateurs. Lorenz Assignon de Stuttgart, auteur du penalty, \u00e9cope d&rsquo;un carton rouge (81e).<\/p>\n<p>Comme lors des pr\u00e9c\u00e9dents succ\u00e8s en comp\u00e9tition contre le FC St. Pauli (3:1) et \u00e0 l&rsquo;Union Berlin (3:2), cette fois aussi, les choses ne se sont pas d\u00e9roul\u00e9es aussi bien pour le Bayern que cela avait d\u00e9j\u00e0 \u00e9t\u00e9 le cas cette saison. Mais ils ont \u00e9galement finalement r\u00e9solu la t\u00e2che d\u00e9licate de remporter la coupe avec confiance &#8211; et ont ainsi gagn\u00e9 en confiance pour le prochain obstacle dans la cat\u00e9gorie reine.<\/p>\n<p>Pour le VfB, qui s&rsquo;est \u00e9vanoui apr\u00e8s la pause, la premi\u00e8re d\u00e9faite \u00e0 domicile de la saison en championnat a \u00e9t\u00e9 un revers dans la course aux places en Coupe d&rsquo;Europe. (dpa)<\/p>\n","protected":false},"excerpt":{"rendered":"<p>Le buteur de r\u00eave Konrad Laimer et le noble farceur Harry Kane en tant que triple ont donn\u00e9 au FC Bayern les trois points suivants<\/p>\n","protected":false},"author":1,"featured_media":11730,"comment_status":"","ping_status":"","sticky":false,"template":"","format":"standard","meta":{"footnotes":""},"categories":[298],"tags":[2298,774,4075,3418,5641,2584,771,7139],"class_list":["post-11729","post","type-post","status-publish","format-standard","has-post-thumbnail","hentry","category-belgique","tag-bayern","tag-fois","tag-gala","tag-kane","tag-marque","tag-minutes","tag-trois","tag-vfb","generate-columns","tablet-grid-50","mobile-grid-100","grid-parent","grid-33"],"yoast_head":"<!-- This site is optimized with the Yoast SEO plugin v24.0 - https:\/\/yoast.com\/wordpress\/plugins\/seo\/ -->\n<title>Gala du Bayern au VfB : Kane marque trois fois en 30 minutes | Vie Associative<\/title>\n<meta name=\"robots\" content=\"index, follow, max-snippet:-1, max-image-preview:large, max-video-preview:-1\" \/>\n<link rel=\"canonical\" href=\"https:\/\/vieassociative.be\/actualites\/gala-du-bayern-au-vfb-kane-marque-trois-fois-en-30-minutes\/\" \/>\n<meta property=\"og:locale\" content=\"fr_FR\" \/>\n<meta property=\"og:type\" content=\"article\" \/>\n<meta property=\"og:title\" content=\"Gala du Bayern au VfB : Kane marque trois fois en 30 minutes | Vie Associative\" \/>\n<meta property=\"og:description\" content=\"Le buteur de r\u00eave Konrad Laimer et le noble farceur Harry Kane en tant que triple ont donn\u00e9 au FC Bayern les trois points suivants\" \/>\n<meta property=\"og:url\" content=\"https:\/\/vieassociative.be\/actualites\/gala-du-bayern-au-vfb-kane-marque-trois-fois-en-30-minutes\/\" \/>\n<meta property=\"og:site_name\" content=\"Vie Associative\" \/>\n<meta property=\"article:published_time\" content=\"2025-12-07T02:20:37+00:00\" \/>\n<meta property=\"og:image\" content=\"https:\/\/vieassociative.be\/actualites\/wp-content\/uploads\/2024\/09\/header_backgroundk-01-e1726694325946.png\" \/>\n\t<meta property=\"og:image:width\" content=\"279\" \/>\n\t<meta property=\"og:image:height\" content=\"92\" \/>\n\t<meta property=\"og:image:type\" content=\"image\/png\" \/>\n<meta name=\"author\" content=\"Julien\" \/>\n<meta name=\"twitter:card\" content=\"summary_large_image\" \/>\n<meta name=\"twitter:label1\" content=\"\u00c9crit par\" \/>\n\t<meta name=\"twitter:data1\" content=\"Julien\" \/>\n\t<meta name=\"twitter:label2\" content=\"Dur\u00e9e de lecture est.\" \/>\n\t<meta name=\"twitter:data2\" content=\"1 minute\" \/>\n<script type=\"application\/ld+json\" class=\"yoast-schema-graph\">{\"@context\":\"https:\/\/schema.org\",\"@graph\":[{\"@type\":\"Article\",\"@id\":\"https:\/\/vieassociative.be\/actualites\/gala-du-bayern-au-vfb-kane-marque-trois-fois-en-30-minutes\/#article\",\"isPartOf\":{\"@id\":\"https:\/\/vieassociative.be\/actualites\/gala-du-bayern-au-vfb-kane-marque-trois-fois-en-30-minutes\/\"},\"author\":{\"name\":\"Julien\",\"@id\":\"https:\/\/vieassociative.be\/actualites\/#\/schema\/person\/b87ac4f82f9d4e7b7cec7395b679edc4\"},\"headline\":\"Gala du Bayern au VfB : Kane marque trois fois en 30 minutes\",\"datePublished\":\"2025-12-07T02:20:37+00:00\",\"dateModified\":\"2025-12-07T02:20:37+00:00\",\"mainEntityOfPage\":{\"@id\":\"https:\/\/vieassociative.be\/actualites\/gala-du-bayern-au-vfb-kane-marque-trois-fois-en-30-minutes\/\"},\"wordCount\":256,\"publisher\":{\"@id\":\"https:\/\/vieassociative.be\/actualites\/#organization\"},\"image\":{\"@id\":\"https:\/\/vieassociative.be\/actualites\/gala-du-bayern-au-vfb-kane-marque-trois-fois-en-30-minutes\/#primaryimage\"},\"thumbnailUrl\":\"https:\/\/vieassociative.be\/actualites\/wp-content\/uploads\/2025\/12\/Gala-du-Bayern-au-VfB-Kane-marque-trois-fois.jpg\",\"keywords\":[\"Bayern\",\"fois\",\"Gala\",\"Kane\",\"marque\",\"minutes\",\"trois\",\"VFB\"],\"articleSection\":[\"Belgique\"],\"inLanguage\":\"fr-BE\"},{\"@type\":\"WebPage\",\"@id\":\"https:\/\/vieassociative.be\/actualites\/gala-du-bayern-au-vfb-kane-marque-trois-fois-en-30-minutes\/\",\"url\":\"https:\/\/vieassociative.be\/actualites\/gala-du-bayern-au-vfb-kane-marque-trois-fois-en-30-minutes\/\",\"name\":\"Gala du Bayern au VfB : Kane marque trois fois en 30 minutes | Vie Associative\",\"isPartOf\":{\"@id\":\"https:\/\/vieassociative.be\/actualites\/#website\"},\"primaryImageOfPage\":{\"@id\":\"https:\/\/vieassociative.be\/actualites\/gala-du-bayern-au-vfb-kane-marque-trois-fois-en-30-minutes\/#primaryimage\"},\"image\":{\"@id\":\"https:\/\/vieassociative.be\/actualites\/gala-du-bayern-au-vfb-kane-marque-trois-fois-en-30-minutes\/#primaryimage\"},\"thumbnailUrl\":\"https:\/\/vieassociative.be\/actualites\/wp-content\/uploads\/2025\/12\/Gala-du-Bayern-au-VfB-Kane-marque-trois-fois.jpg\",\"datePublished\":\"2025-12-07T02:20:37+00:00\",\"dateModified\":\"2025-12-07T02:20:37+00:00\",\"breadcrumb\":{\"@id\":\"https:\/\/vieassociative.be\/actualites\/gala-du-bayern-au-vfb-kane-marque-trois-fois-en-30-minutes\/#breadcrumb\"},\"inLanguage\":\"fr-BE\",\"potentialAction\":[{\"@type\":\"ReadAction\",\"target\":[\"https:\/\/vieassociative.be\/actualites\/gala-du-bayern-au-vfb-kane-marque-trois-fois-en-30-minutes\/\"]}]},{\"@type\":\"ImageObject\",\"inLanguage\":\"fr-BE\",\"@id\":\"https:\/\/vieassociative.be\/actualites\/gala-du-bayern-au-vfb-kane-marque-trois-fois-en-30-minutes\/#primaryimage\",\"url\":\"https:\/\/vieassociative.be\/actualites\/wp-content\/uploads\/2025\/12\/Gala-du-Bayern-au-VfB-Kane-marque-trois-fois.jpg\",\"contentUrl\":\"https:\/\/vieassociative.be\/actualites\/wp-content\/uploads\/2025\/12\/Gala-du-Bayern-au-VfB-Kane-marque-trois-fois.jpg\",\"width\":1200,\"height\":800,\"caption\":\"Gala du Bayern au VfB : Kane marque trois fois en 30 minutes\"},{\"@type\":\"BreadcrumbList\",\"@id\":\"https:\/\/vieassociative.be\/actualites\/gala-du-bayern-au-vfb-kane-marque-trois-fois-en-30-minutes\/#breadcrumb\",\"itemListElement\":[{\"@type\":\"ListItem\",\"position\":1,\"name\":\"Accueil\",\"item\":\"https:\/\/vieassociative.be\/actualites\/\"},{\"@type\":\"ListItem\",\"position\":2,\"name\":\"Gala du Bayern au VfB : Kane marque trois fois en 30 minutes\"}]},{\"@type\":\"WebSite\",\"@id\":\"https:\/\/vieassociative.be\/actualites\/#website\",\"url\":\"https:\/\/vieassociative.be\/actualites\/\",\"name\":\"Vie Associative\",\"description\":\"\",\"publisher\":{\"@id\":\"https:\/\/vieassociative.be\/actualites\/#organization\"},\"potentialAction\":[{\"@type\":\"SearchAction\",\"target\":{\"@type\":\"EntryPoint\",\"urlTemplate\":\"https:\/\/vieassociative.be\/actualites\/?s={search_term_string}\"},\"query-input\":{\"@type\":\"PropertyValueSpecification\",\"valueRequired\":true,\"valueName\":\"search_term_string\"}}],\"inLanguage\":\"fr-BE\"},{\"@type\":\"Organization\",\"@id\":\"https:\/\/vieassociative.be\/actualites\/#organization\",\"name\":\"Vie Associative\",\"url\":\"https:\/\/vieassociative.be\/actualites\/\",\"logo\":{\"@type\":\"ImageObject\",\"inLanguage\":\"fr-BE\",\"@id\":\"https:\/\/vieassociative.be\/actualites\/#\/schema\/logo\/image\/\",\"url\":\"https:\/\/vieassociative.be\/actualites\/wp-content\/uploads\/2024\/09\/cropped-vieassociative_favicon.ico.png\",\"contentUrl\":\"https:\/\/vieassociative.be\/actualites\/wp-content\/uploads\/2024\/09\/cropped-vieassociative_favicon.ico.png\",\"width\":512,\"height\":512,\"caption\":\"Vie Associative\"},\"image\":{\"@id\":\"https:\/\/vieassociative.be\/actualites\/#\/schema\/logo\/image\/\"}},{\"@type\":\"Person\",\"@id\":\"https:\/\/vieassociative.be\/actualites\/#\/schema\/person\/b87ac4f82f9d4e7b7cec7395b679edc4\",\"name\":\"Julien\",\"image\":{\"@type\":\"ImageObject\",\"inLanguage\":\"fr-BE\",\"@id\":\"https:\/\/vieassociative.be\/actualites\/#\/schema\/person\/image\/\",\"url\":\"https:\/\/vieassociative.be\/actualites\/wp-content\/uploads\/2024\/09\/vie-associative-1-150x150.jpg\",\"contentUrl\":\"https:\/\/vieassociative.be\/actualites\/wp-content\/uploads\/2024\/09\/vie-associative-1-150x150.jpg\",\"caption\":\"Julien\"},\"description\":\"Je suis Julien, r\u00e9dacteur pour Vie Associative. Passionn\u00e9 par le monde associatif depuis plus de 10 ans, j'ai \u00e0 c\u0153ur de partager des histoires inspirantes et de mettre en lumi\u00e8re les initiatives locales. Mon objectif est de sensibiliser et d'encourager l'engagement communautaire \u00e0 travers mes articles.\",\"sameAs\":[\"https:\/\/vieassociative.be\/\"]}]}<\/script>\n<!-- \/ Yoast SEO plugin. -->","yoast_head_json":{"title":"Gala du Bayern au VfB : Kane marque trois fois en 30 minutes | Vie Associative","robots":{"index":"index","follow":"follow","max-snippet":"max-snippet:-1","max-image-preview":"max-image-preview:large","max-video-preview":"max-video-preview:-1"},"canonical":"https:\/\/vieassociative.be\/actualites\/gala-du-bayern-au-vfb-kane-marque-trois-fois-en-30-minutes\/","og_locale":"fr_FR","og_type":"article","og_title":"Gala du Bayern au VfB : Kane marque trois fois en 30 minutes | Vie Associative","og_description":"Le buteur de r\u00eave Konrad Laimer et le noble farceur Harry Kane en tant que triple ont donn\u00e9 au FC Bayern les trois points suivants","og_url":"https:\/\/vieassociative.be\/actualites\/gala-du-bayern-au-vfb-kane-marque-trois-fois-en-30-minutes\/","og_site_name":"Vie Associative","article_published_time":"2025-12-07T02:20:37+00:00","og_image":[{"width":279,"height":92,"url":"https:\/\/vieassociative.be\/actualites\/wp-content\/uploads\/2024\/09\/header_backgroundk-01-e1726694325946.png","type":"image\/png"}],"author":"Julien","twitter_card":"summary_large_image","twitter_misc":{"\u00c9crit par":"Julien","Dur\u00e9e de lecture est.":"1 minute"},"schema":{"@context":"https:\/\/schema.org","@graph":[{"@type":"Article","@id":"https:\/\/vieassociative.be\/actualites\/gala-du-bayern-au-vfb-kane-marque-trois-fois-en-30-minutes\/#article","isPartOf":{"@id":"https:\/\/vieassociative.be\/actualites\/gala-du-bayern-au-vfb-kane-marque-trois-fois-en-30-minutes\/"},"author":{"name":"Julien","@id":"https:\/\/vieassociative.be\/actualites\/#\/schema\/person\/b87ac4f82f9d4e7b7cec7395b679edc4"},"headline":"Gala du Bayern au VfB : Kane marque trois fois en 30 minutes","datePublished":"2025-12-07T02:20:37+00:00","dateModified":"2025-12-07T02:20:37+00:00","mainEntityOfPage":{"@id":"https:\/\/vieassociative.be\/actualites\/gala-du-bayern-au-vfb-kane-marque-trois-fois-en-30-minutes\/"},"wordCount":256,"publisher":{"@id":"https:\/\/vieassociative.be\/actualites\/#organization"},"image":{"@id":"https:\/\/vieassociative.be\/actualites\/gala-du-bayern-au-vfb-kane-marque-trois-fois-en-30-minutes\/#primaryimage"},"thumbnailUrl":"https:\/\/vieassociative.be\/actualites\/wp-content\/uploads\/2025\/12\/Gala-du-Bayern-au-VfB-Kane-marque-trois-fois.jpg","keywords":["Bayern","fois","Gala","Kane","marque","minutes","trois","VFB"],"articleSection":["Belgique"],"inLanguage":"fr-BE"},{"@type":"WebPage","@id":"https:\/\/vieassociative.be\/actualites\/gala-du-bayern-au-vfb-kane-marque-trois-fois-en-30-minutes\/","url":"https:\/\/vieassociative.be\/actualites\/gala-du-bayern-au-vfb-kane-marque-trois-fois-en-30-minutes\/","name":"Gala du Bayern au VfB : Kane marque trois fois en 30 minutes | Vie Associative","isPartOf":{"@id":"https:\/\/vieassociative.be\/actualites\/#website"},"primaryImageOfPage":{"@id":"https:\/\/vieassociative.be\/actualites\/gala-du-bayern-au-vfb-kane-marque-trois-fois-en-30-minutes\/#primaryimage"},"image":{"@id":"https:\/\/vieassociative.be\/actualites\/gala-du-bayern-au-vfb-kane-marque-trois-fois-en-30-minutes\/#primaryimage"},"thumbnailUrl":"https:\/\/vieassociative.be\/actualites\/wp-content\/uploads\/2025\/12\/Gala-du-Bayern-au-VfB-Kane-marque-trois-fois.jpg","datePublished":"2025-12-07T02:20:37+00:00","dateModified":"2025-12-07T02:20:37+00:00","breadcrumb":{"@id":"https:\/\/vieassociative.be\/actualites\/gala-du-bayern-au-vfb-kane-marque-trois-fois-en-30-minutes\/#breadcrumb"},"inLanguage":"fr-BE","potentialAction":[{"@type":"ReadAction","target":["https:\/\/vieassociative.be\/actualites\/gala-du-bayern-au-vfb-kane-marque-trois-fois-en-30-minutes\/"]}]},{"@type":"ImageObject","inLanguage":"fr-BE","@id":"https:\/\/vieassociative.be\/actualites\/gala-du-bayern-au-vfb-kane-marque-trois-fois-en-30-minutes\/#primaryimage","url":"https:\/\/vieassociative.be\/actualites\/wp-content\/uploads\/2025\/12\/Gala-du-Bayern-au-VfB-Kane-marque-trois-fois.jpg","contentUrl":"https:\/\/vieassociative.be\/actualites\/wp-content\/uploads\/2025\/12\/Gala-du-Bayern-au-VfB-Kane-marque-trois-fois.jpg","width":1200,"height":800,"caption":"Gala du Bayern au VfB : Kane marque trois fois en 30 minutes"},{"@type":"BreadcrumbList","@id":"https:\/\/vieassociative.be\/actualites\/gala-du-bayern-au-vfb-kane-marque-trois-fois-en-30-minutes\/#breadcrumb","itemListElement":[{"@type":"ListItem","position":1,"name":"Accueil","item":"https:\/\/vieassociative.be\/actualites\/"},{"@type":"ListItem","position":2,"name":"Gala du Bayern au VfB : Kane marque trois fois en 30 minutes"}]},{"@type":"WebSite","@id":"https:\/\/vieassociative.be\/actualites\/#website","url":"https:\/\/vieassociative.be\/actualites\/","name":"Vie Associative","description":"","publisher":{"@id":"https:\/\/vieassociative.be\/actualites\/#organization"},"potentialAction":[{"@type":"SearchAction","target":{"@type":"EntryPoint","urlTemplate":"https:\/\/vieassociative.be\/actualites\/?s={search_term_string}"},"query-input":{"@type":"PropertyValueSpecification","valueRequired":true,"valueName":"search_term_string"}}],"inLanguage":"fr-BE"},{"@type":"Organization","@id":"https:\/\/vieassociative.be\/actualites\/#organization","name":"Vie Associative","url":"https:\/\/vieassociative.be\/actualites\/","logo":{"@type":"ImageObject","inLanguage":"fr-BE","@id":"https:\/\/vieassociative.be\/actualites\/#\/schema\/logo\/image\/","url":"https:\/\/vieassociative.be\/actualites\/wp-content\/uploads\/2024\/09\/cropped-vieassociative_favicon.ico.png","contentUrl":"https:\/\/vieassociative.be\/actualites\/wp-content\/uploads\/2024\/09\/cropped-vieassociative_favicon.ico.png","width":512,"height":512,"caption":"Vie Associative"},"image":{"@id":"https:\/\/vieassociative.be\/actualites\/#\/schema\/logo\/image\/"}},{"@type":"Person","@id":"https:\/\/vieassociative.be\/actualites\/#\/schema\/person\/b87ac4f82f9d4e7b7cec7395b679edc4","name":"Julien","image":{"@type":"ImageObject","inLanguage":"fr-BE","@id":"https:\/\/vieassociative.be\/actualites\/#\/schema\/person\/image\/","url":"https:\/\/vieassociative.be\/actualites\/wp-content\/uploads\/2024\/09\/vie-associative-1-150x150.jpg","contentUrl":"https:\/\/vieassociative.be\/actualites\/wp-content\/uploads\/2024\/09\/vie-associative-1-150x150.jpg","caption":"Julien"},"description":"Je suis Julien, r\u00e9dacteur pour Vie Associative. Passionn\u00e9 par le monde associatif depuis plus de 10 ans, j'ai \u00e0 c\u0153ur de partager des histoires inspirantes et de mettre en lumi\u00e8re les initiatives locales. Mon objectif est de sensibiliser et d'encourager l'engagement communautaire \u00e0 travers mes articles.","sameAs":["https:\/\/vieassociative.be\/"]}]}},"_links":{"self":[{"href":"https:\/\/vieassociative.be\/actualites\/wp-json\/wp\/v2\/posts\/11729"}],"collection":[{"href":"https:\/\/vieassociative.be\/actualites\/wp-json\/wp\/v2\/posts"}],"about":[{"href":"https:\/\/vieassociative.be\/actualites\/wp-json\/wp\/v2\/types\/post"}],"author":[{"embeddable":true,"href":"https:\/\/vieassociative.be\/actualites\/wp-json\/wp\/v2\/users\/1"}],"replies":[{"embeddable":true,"href":"https:\/\/vieassociative.be\/actualites\/wp-json\/wp\/v2\/comments?post=11729"}],"version-history":[{"count":0,"href":"https:\/\/vieassociative.be\/actualites\/wp-json\/wp\/v2\/posts\/11729\/revisions"}],"wp:featuredmedia":[{"embeddable":true,"href":"https:\/\/vieassociative.be\/actualites\/wp-json\/wp\/v2\/media\/11730"}],"wp:attachment":[{"href":"https:\/\/vieassociative.be\/actualites\/wp-json\/wp\/v2\/media?parent=11729"}],"wp:term":[{"taxonomy":"category","embeddable":true,"href":"https:\/\/vieassociative.be\/actualites\/wp-json\/wp\/v2\/categories?post=11729"},{"taxonomy":"post_tag","embeddable":true,"href":"https:\/\/vieassociative.be\/actualites\/wp-json\/wp\/v2\/tags?post=11729"}],"curies":[{"name":"wp","href":"https:\/\/api.w.org\/{rel}","templated":true}]}}