{"id":11725,"date":"2025-12-06T21:17:20","date_gmt":"2025-12-06T20:17:20","guid":{"rendered":"https:\/\/vieassociative.be\/actualites\/coupe-du-monde-de-football-2026-les-diables-rouges-jouent-deux-fois-a-21h-cest-et-une-fois-a-5h00-cest\/"},"modified":"2025-12-06T21:17:20","modified_gmt":"2025-12-06T20:17:20","slug":"coupe-du-monde-de-football-2026-les-diables-rouges-jouent-deux-fois-a-21h-cest-et-une-fois-a-5h00-cest","status":"publish","type":"post","link":"https:\/\/vieassociative.be\/actualites\/coupe-du-monde-de-football-2026-les-diables-rouges-jouent-deux-fois-a-21h-cest-et-une-fois-a-5h00-cest\/","title":{"rendered":"Coupe du monde de football 2026 : les Diables Rouges jouent deux fois \u00e0 21h CEST et une fois \u00e0 5h00 CEST"},"content":{"rendered":"<p><strong>Apr\u00e8s le tirage au sort de la Coupe du monde, plut\u00f4t cl\u00e9ment pour les Diables Rouges (voir reportage par ailleurs), le calendrier et les lieux ont \u00e9t\u00e9 annonc\u00e9s par la FIFA samedi.<\/strong><\/p>\n<p><span id=\"more-431211\"><\/span>L&rsquo;\u00e9quipe nationale belge d\u00e9bute son tournoi le lundi 15 juin \u00e0 21h. (CEST \/ Central European Summer Time) contre l\u2019Egypte. <\/p>\n<p>Le m\u00eame horaire s&rsquo;applique au deuxi\u00e8me match contre l&rsquo;Iran, qui aura \u00e9galement lieu le 21 juin \u00e0 21 heures. CEST. Mais les choses se compliquent lors du troisi\u00e8me match : il faut rester \u00e9veill\u00e9 jusqu&rsquo;\u00e0 5 heures du matin dans la nuit du 26 au 27 juin ou se lever tr\u00e8s t\u00f4t le 27 juin pour voir la Nouvelle-Z\u00e9lande d\u00e9buter contre la Belgique en direct.<\/p>\n<div id=\"attachment_431229\" class=\"wp-caption alignleft\" style=\"max-width: 300px\"><img fetchpriority=\"high\" decoding=\"async\" class=\"wp-image-431229 size-medium\" src=\"https:\/\/vieassociative.be\/actualites\/wp-content\/uploads\/2025\/12\/Coupe-du-monde-de-football-2026-les-Diables-Rouges.jpg\" alt=\"\" width=\"300\" height=\"200\"><\/div>\n<p>Les Red Devils joueront \u00e0 Los Angeles, Vancouver et Seattle, mais plus dans l&rsquo;ordre initialement pr\u00e9vu. Ils affrontent l&rsquo;\u00c9gypte \u00e0 Seattle, l&rsquo;Iran \u00e0 Los Angeles et la Nouvelle-Z\u00e9lande \u00e0 Vancouver.<\/p>\n<p>Si les Belges terminent premiers de leur groupe, ils pourront rester dans la m\u00eame zone g\u00e9ographique puisque leurs huiti\u00e8mes de finale (le 1er juillet \u00e0 22h CEST) et huiti\u00e8mes de finale (le 7 juillet \u00e0 2h CEST) se joueraient \u00e0 Seattle, avant un \u00e9ventuel quart de finale \u00e0 Los Angeles (le 10 juillet \u00e0 21h CEST).<\/p>\n<div id=\"attachment_431222\" class=\"wp-caption alignleft\" style=\"max-width: 300px\"><img decoding=\"async\" class=\"wp-image-431222 size-medium\" src=\"https:\/\/vieassociative.be\/actualites\/wp-content\/uploads\/2025\/12\/1765052240_609_Coupe-du-monde-de-football-2026-les-Diables-Rouges.jpg\" alt=\"\" width=\"300\" height=\"200\"><\/div>\n<p>L&rsquo;\u00e9quipe nationale allemande de football disputera ses matchs de groupe lors de la Coupe du monde 2026 \u00e0 Houston, \u00e0 Toronto et dans l&rsquo;ar\u00e8ne finale d&rsquo;East Rutherford, pr\u00e8s de New York. Comme l&rsquo;a annonc\u00e9 la FIFA lors de son deuxi\u00e8me show acte au lendemain du tirage au sort des groupes \u00e0 Washington, le match d&rsquo;ouverture de l&rsquo;\u00e9quipe DFB contre Cura\u00e7ao d\u00e9butera le 14 juin \u00e0 12h00 heure locale au Houston Stadium, soit \u00e0 19h00. CEST.<\/p>\n<p>L&rsquo;ar\u00e8ne du Texas a un toit et peut \u00eatre climatis\u00e9e, les temp\u00e9ratures \u00e9lev\u00e9es attendues ne devraient donc pas poser de probl\u00e8me aux joueurs et aux fans.<\/p>\n<p>Lors des deux prochains matchs, les supporters devront rester \u00e9veill\u00e9s juste avant minuit afin d&rsquo;\u00eatre pr\u00e9sents en direct jusqu&rsquo;au coup de sifflet final. Le deuxi\u00e8me match du 20 juin contre la C\u00f4te d&rsquo;Ivoire aura lieu \u00e0 Toronto, au Canada. Le coup d&rsquo;envoi est \u00e0 16h00. heure locale, 22h00 CEST.<\/p>\n<p>Les finales de groupe se d\u00e9roulent sur la c\u00f4te Est. Le MetLife Stadium, qui porte le nom quelque peu g\u00eanant de New York-New Jersey Stadium lors de la Coupe du monde, jouera \u00e9galement \u00e0 16h00. Heure am\u00e9ricaine le 25 juin, toujours \u00e0 22h00. CEST.<\/p>\n<p><em><strong>Sur le sujet, voir aussi l&rsquo;article suivant sur l&rsquo;OD :<\/strong><\/em><\/p>\n<div class=\"responsive-embed widescreen\">\n<blockquote class=\"wp-embedded-content\" data-secret=\"cRU7gUY9ks\">\n<p>Horreur g\u00e9n\u00e9rale lors du tirage au sort de la FIFA : \u00ab Nouveau plus bas \u00bb \u2013 \u00ab Trump, Trump et seulement Trump \u00bb\u2026<\/p>\n<\/blockquote>\n<p><iframe loading=\"lazy\" class=\"wp-embedded-content\" sandbox=\"allow-scripts\" security=\"restricted\" style=\"position: absolute; visibility: hidden;\" title=\"\u201eAllgemeines Entsetzen \u00fcber Fifa-Auslosungsshow: \u201eNeuer Tiefpunkt\u201c \u2013 \u201eTrump, Trump und nur Trump\u201c\u2026\u201c \u2013 Ostbelgien Direkt\" src=\"https:\/\/ostbelgiendirekt.be\/about:blank\" data-secret=\"cRU7gUY9ks\" width=\"500\" height=\"282\" frameborder=\"0\" marginwidth=\"0\" marginheight=\"0\" scrolling=\"no\" data-rocket-lazyload=\"fitvidscompatible\" data-lazy-src=\"https:\/\/ostbelgiendirekt.be\/rote-teufel-wm-auslosung-431116\/embed#?secret=d4YbkIMzew#?secret=cRU7gUY9ks\"><\/iframe><noscript><iframe class=\"wp-embedded-content\" sandbox=\"allow-scripts\" security=\"restricted\" style=\"position: absolute; visibility: hidden;\" title=\"\u201eAllgemeines Entsetzen \u00fcber Fifa-Auslosungsshow: \u201eNeuer Tiefpunkt\u201c \u2013 \u201eTrump, Trump und nur Trump\u201c\u2026\u201c \u2013 Ostbelgien Direkt\" src=\"https:\/\/ostbelgiendirekt.be\/rote-teufel-wm-auslosung-431116\/embed#?secret=d4YbkIMzew#?secret=cRU7gUY9ks\" data-secret=\"cRU7gUY9ks\" width=\"500\" height=\"282\" frameborder=\"0\" marginwidth=\"0\" marginheight=\"0\" scrolling=\"no\"><\/iframe><\/noscript><\/p>\n<\/div>\n","protected":false},"excerpt":{"rendered":"<p>Apr\u00e8s le tirage au sort de la Coupe du monde, plut\u00f4t cl\u00e9ment pour les Diables Rouges (voir reportage par ailleurs), le calendrier et les lieux<\/p>\n","protected":false},"author":1,"featured_media":11726,"comment_status":"","ping_status":"","sticky":false,"template":"","format":"standard","meta":{"footnotes":""},"categories":[298],"tags":[9475,9476,362,2472,114,2389,774,1104,984,14,237,2366,110],"class_list":["post-11725","post","type-post","status-publish","format-standard","has-post-thumbnail","hentry","category-belgique","tag-21h","tag-5h00","tag-cest","tag-coupe","tag-deux","tag-diables","tag-fois","tag-football","tag-jouent","tag-les","tag-monde","tag-rouges","tag-une","generate-columns","tablet-grid-50","mobile-grid-100","grid-parent","grid-33"],"yoast_head":"<!-- This site is optimized with the Yoast SEO plugin v24.0 - https:\/\/yoast.com\/wordpress\/plugins\/seo\/ -->\n<title>Coupe du monde de football 2026 : les Diables Rouges jouent deux fois \u00e0 21h CEST et une fois \u00e0 5h00 CEST | Vie Associative<\/title>\n<meta name=\"robots\" content=\"index, follow, max-snippet:-1, max-image-preview:large, max-video-preview:-1\" \/>\n<link rel=\"canonical\" href=\"https:\/\/vieassociative.be\/actualites\/coupe-du-monde-de-football-2026-les-diables-rouges-jouent-deux-fois-a-21h-cest-et-une-fois-a-5h00-cest\/\" \/>\n<meta property=\"og:locale\" content=\"fr_FR\" \/>\n<meta property=\"og:type\" content=\"article\" \/>\n<meta property=\"og:title\" content=\"Coupe du monde de football 2026 : les Diables Rouges jouent deux fois \u00e0 21h CEST et une fois \u00e0 5h00 CEST | Vie Associative\" \/>\n<meta property=\"og:description\" content=\"Apr\u00e8s le tirage au sort de la Coupe du monde, plut\u00f4t cl\u00e9ment pour les Diables Rouges (voir reportage par ailleurs), le calendrier et les lieux\" \/>\n<meta property=\"og:url\" content=\"https:\/\/vieassociative.be\/actualites\/coupe-du-monde-de-football-2026-les-diables-rouges-jouent-deux-fois-a-21h-cest-et-une-fois-a-5h00-cest\/\" \/>\n<meta property=\"og:site_name\" content=\"Vie Associative\" \/>\n<meta property=\"article:published_time\" content=\"2025-12-06T20:17:20+00:00\" \/>\n<meta property=\"og:image\" content=\"https:\/\/vieassociative.be\/actualites\/wp-content\/uploads\/2024\/09\/header_backgroundk-01-e1726694325946.png\" \/>\n\t<meta property=\"og:image:width\" content=\"279\" \/>\n\t<meta property=\"og:image:height\" content=\"92\" \/>\n\t<meta property=\"og:image:type\" content=\"image\/png\" \/>\n<meta name=\"author\" content=\"Julien\" \/>\n<meta name=\"twitter:card\" content=\"summary_large_image\" \/>\n<meta name=\"twitter:label1\" content=\"\u00c9crit par\" \/>\n\t<meta name=\"twitter:data1\" content=\"Julien\" \/>\n\t<meta name=\"twitter:label2\" content=\"Dur\u00e9e de lecture est.\" \/>\n\t<meta name=\"twitter:data2\" content=\"2 minutes\" \/>\n<script type=\"application\/ld+json\" class=\"yoast-schema-graph\">{\"@context\":\"https:\/\/schema.org\",\"@graph\":[{\"@type\":\"Article\",\"@id\":\"https:\/\/vieassociative.be\/actualites\/coupe-du-monde-de-football-2026-les-diables-rouges-jouent-deux-fois-a-21h-cest-et-une-fois-a-5h00-cest\/#article\",\"isPartOf\":{\"@id\":\"https:\/\/vieassociative.be\/actualites\/coupe-du-monde-de-football-2026-les-diables-rouges-jouent-deux-fois-a-21h-cest-et-une-fois-a-5h00-cest\/\"},\"author\":{\"name\":\"Julien\",\"@id\":\"https:\/\/vieassociative.be\/actualites\/#\/schema\/person\/b87ac4f82f9d4e7b7cec7395b679edc4\"},\"headline\":\"Coupe du monde de football 2026 : les Diables Rouges jouent deux fois \u00e0 21h CEST et une fois \u00e0 5h00 CEST\",\"datePublished\":\"2025-12-06T20:17:20+00:00\",\"dateModified\":\"2025-12-06T20:17:20+00:00\",\"mainEntityOfPage\":{\"@id\":\"https:\/\/vieassociative.be\/actualites\/coupe-du-monde-de-football-2026-les-diables-rouges-jouent-deux-fois-a-21h-cest-et-une-fois-a-5h00-cest\/\"},\"wordCount\":465,\"publisher\":{\"@id\":\"https:\/\/vieassociative.be\/actualites\/#organization\"},\"image\":{\"@id\":\"https:\/\/vieassociative.be\/actualites\/coupe-du-monde-de-football-2026-les-diables-rouges-jouent-deux-fois-a-21h-cest-et-une-fois-a-5h00-cest\/#primaryimage\"},\"thumbnailUrl\":\"https:\/\/vieassociative.be\/actualites\/wp-content\/uploads\/2025\/12\/1765052240_Coupe-du-monde-de-football-2026-les-Diables-Rouges.jpg\",\"keywords\":[\"21h\",\"5h00\",\"cest\",\"Coupe\",\"deux\",\"Diables\",\"fois\",\"football\",\"jouent\",\"Les\",\"monde\",\"rouges\",\"une\"],\"articleSection\":[\"Belgique\"],\"inLanguage\":\"fr-BE\"},{\"@type\":\"WebPage\",\"@id\":\"https:\/\/vieassociative.be\/actualites\/coupe-du-monde-de-football-2026-les-diables-rouges-jouent-deux-fois-a-21h-cest-et-une-fois-a-5h00-cest\/\",\"url\":\"https:\/\/vieassociative.be\/actualites\/coupe-du-monde-de-football-2026-les-diables-rouges-jouent-deux-fois-a-21h-cest-et-une-fois-a-5h00-cest\/\",\"name\":\"Coupe du monde de football 2026 : les Diables Rouges jouent deux fois \u00e0 21h CEST et une fois \u00e0 5h00 CEST | Vie Associative\",\"isPartOf\":{\"@id\":\"https:\/\/vieassociative.be\/actualites\/#website\"},\"primaryImageOfPage\":{\"@id\":\"https:\/\/vieassociative.be\/actualites\/coupe-du-monde-de-football-2026-les-diables-rouges-jouent-deux-fois-a-21h-cest-et-une-fois-a-5h00-cest\/#primaryimage\"},\"image\":{\"@id\":\"https:\/\/vieassociative.be\/actualites\/coupe-du-monde-de-football-2026-les-diables-rouges-jouent-deux-fois-a-21h-cest-et-une-fois-a-5h00-cest\/#primaryimage\"},\"thumbnailUrl\":\"https:\/\/vieassociative.be\/actualites\/wp-content\/uploads\/2025\/12\/1765052240_Coupe-du-monde-de-football-2026-les-Diables-Rouges.jpg\",\"datePublished\":\"2025-12-06T20:17:20+00:00\",\"dateModified\":\"2025-12-06T20:17:20+00:00\",\"breadcrumb\":{\"@id\":\"https:\/\/vieassociative.be\/actualites\/coupe-du-monde-de-football-2026-les-diables-rouges-jouent-deux-fois-a-21h-cest-et-une-fois-a-5h00-cest\/#breadcrumb\"},\"inLanguage\":\"fr-BE\",\"potentialAction\":[{\"@type\":\"ReadAction\",\"target\":[\"https:\/\/vieassociative.be\/actualites\/coupe-du-monde-de-football-2026-les-diables-rouges-jouent-deux-fois-a-21h-cest-et-une-fois-a-5h00-cest\/\"]}]},{\"@type\":\"ImageObject\",\"inLanguage\":\"fr-BE\",\"@id\":\"https:\/\/vieassociative.be\/actualites\/coupe-du-monde-de-football-2026-les-diables-rouges-jouent-deux-fois-a-21h-cest-et-une-fois-a-5h00-cest\/#primaryimage\",\"url\":\"https:\/\/vieassociative.be\/actualites\/wp-content\/uploads\/2025\/12\/1765052240_Coupe-du-monde-de-football-2026-les-Diables-Rouges.jpg\",\"contentUrl\":\"https:\/\/vieassociative.be\/actualites\/wp-content\/uploads\/2025\/12\/1765052240_Coupe-du-monde-de-football-2026-les-Diables-Rouges.jpg\",\"width\":900,\"height\":300,\"caption\":\"Coupe du monde de football 2026 : les Diables Rouges jouent deux fois \u00e0 21h CEST et une fois \u00e0 5h00 CEST\"},{\"@type\":\"BreadcrumbList\",\"@id\":\"https:\/\/vieassociative.be\/actualites\/coupe-du-monde-de-football-2026-les-diables-rouges-jouent-deux-fois-a-21h-cest-et-une-fois-a-5h00-cest\/#breadcrumb\",\"itemListElement\":[{\"@type\":\"ListItem\",\"position\":1,\"name\":\"Accueil\",\"item\":\"https:\/\/vieassociative.be\/actualites\/\"},{\"@type\":\"ListItem\",\"position\":2,\"name\":\"Coupe du monde de football 2026 : les Diables Rouges jouent deux fois \u00e0 21h CEST et une fois \u00e0 5h00 CEST\"}]},{\"@type\":\"WebSite\",\"@id\":\"https:\/\/vieassociative.be\/actualites\/#website\",\"url\":\"https:\/\/vieassociative.be\/actualites\/\",\"name\":\"Vie Associative\",\"description\":\"\",\"publisher\":{\"@id\":\"https:\/\/vieassociative.be\/actualites\/#organization\"},\"potentialAction\":[{\"@type\":\"SearchAction\",\"target\":{\"@type\":\"EntryPoint\",\"urlTemplate\":\"https:\/\/vieassociative.be\/actualites\/?s={search_term_string}\"},\"query-input\":{\"@type\":\"PropertyValueSpecification\",\"valueRequired\":true,\"valueName\":\"search_term_string\"}}],\"inLanguage\":\"fr-BE\"},{\"@type\":\"Organization\",\"@id\":\"https:\/\/vieassociative.be\/actualites\/#organization\",\"name\":\"Vie Associative\",\"url\":\"https:\/\/vieassociative.be\/actualites\/\",\"logo\":{\"@type\":\"ImageObject\",\"inLanguage\":\"fr-BE\",\"@id\":\"https:\/\/vieassociative.be\/actualites\/#\/schema\/logo\/image\/\",\"url\":\"https:\/\/vieassociative.be\/actualites\/wp-content\/uploads\/2024\/09\/cropped-vieassociative_favicon.ico.png\",\"contentUrl\":\"https:\/\/vieassociative.be\/actualites\/wp-content\/uploads\/2024\/09\/cropped-vieassociative_favicon.ico.png\",\"width\":512,\"height\":512,\"caption\":\"Vie Associative\"},\"image\":{\"@id\":\"https:\/\/vieassociative.be\/actualites\/#\/schema\/logo\/image\/\"}},{\"@type\":\"Person\",\"@id\":\"https:\/\/vieassociative.be\/actualites\/#\/schema\/person\/b87ac4f82f9d4e7b7cec7395b679edc4\",\"name\":\"Julien\",\"image\":{\"@type\":\"ImageObject\",\"inLanguage\":\"fr-BE\",\"@id\":\"https:\/\/vieassociative.be\/actualites\/#\/schema\/person\/image\/\",\"url\":\"https:\/\/vieassociative.be\/actualites\/wp-content\/uploads\/2024\/09\/vie-associative-1-150x150.jpg\",\"contentUrl\":\"https:\/\/vieassociative.be\/actualites\/wp-content\/uploads\/2024\/09\/vie-associative-1-150x150.jpg\",\"caption\":\"Julien\"},\"description\":\"Je suis Julien, r\u00e9dacteur pour Vie Associative. Passionn\u00e9 par le monde associatif depuis plus de 10 ans, j'ai \u00e0 c\u0153ur de partager des histoires inspirantes et de mettre en lumi\u00e8re les initiatives locales. Mon objectif est de sensibiliser et d'encourager l'engagement communautaire \u00e0 travers mes articles.\",\"sameAs\":[\"https:\/\/vieassociative.be\/\"]}]}<\/script>\n<!-- \/ Yoast SEO plugin. -->","yoast_head_json":{"title":"Coupe du monde de football 2026 : les Diables Rouges jouent deux fois \u00e0 21h CEST et une fois \u00e0 5h00 CEST | Vie Associative","robots":{"index":"index","follow":"follow","max-snippet":"max-snippet:-1","max-image-preview":"max-image-preview:large","max-video-preview":"max-video-preview:-1"},"canonical":"https:\/\/vieassociative.be\/actualites\/coupe-du-monde-de-football-2026-les-diables-rouges-jouent-deux-fois-a-21h-cest-et-une-fois-a-5h00-cest\/","og_locale":"fr_FR","og_type":"article","og_title":"Coupe du monde de football 2026 : les Diables Rouges jouent deux fois \u00e0 21h CEST et une fois \u00e0 5h00 CEST | Vie Associative","og_description":"Apr\u00e8s le tirage au sort de la Coupe du monde, plut\u00f4t cl\u00e9ment pour les Diables Rouges (voir reportage par ailleurs), le calendrier et les lieux","og_url":"https:\/\/vieassociative.be\/actualites\/coupe-du-monde-de-football-2026-les-diables-rouges-jouent-deux-fois-a-21h-cest-et-une-fois-a-5h00-cest\/","og_site_name":"Vie Associative","article_published_time":"2025-12-06T20:17:20+00:00","og_image":[{"width":279,"height":92,"url":"https:\/\/vieassociative.be\/actualites\/wp-content\/uploads\/2024\/09\/header_backgroundk-01-e1726694325946.png","type":"image\/png"}],"author":"Julien","twitter_card":"summary_large_image","twitter_misc":{"\u00c9crit par":"Julien","Dur\u00e9e de lecture est.":"2 minutes"},"schema":{"@context":"https:\/\/schema.org","@graph":[{"@type":"Article","@id":"https:\/\/vieassociative.be\/actualites\/coupe-du-monde-de-football-2026-les-diables-rouges-jouent-deux-fois-a-21h-cest-et-une-fois-a-5h00-cest\/#article","isPartOf":{"@id":"https:\/\/vieassociative.be\/actualites\/coupe-du-monde-de-football-2026-les-diables-rouges-jouent-deux-fois-a-21h-cest-et-une-fois-a-5h00-cest\/"},"author":{"name":"Julien","@id":"https:\/\/vieassociative.be\/actualites\/#\/schema\/person\/b87ac4f82f9d4e7b7cec7395b679edc4"},"headline":"Coupe du monde de football 2026 : les Diables Rouges jouent deux fois \u00e0 21h CEST et une fois \u00e0 5h00 CEST","datePublished":"2025-12-06T20:17:20+00:00","dateModified":"2025-12-06T20:17:20+00:00","mainEntityOfPage":{"@id":"https:\/\/vieassociative.be\/actualites\/coupe-du-monde-de-football-2026-les-diables-rouges-jouent-deux-fois-a-21h-cest-et-une-fois-a-5h00-cest\/"},"wordCount":465,"publisher":{"@id":"https:\/\/vieassociative.be\/actualites\/#organization"},"image":{"@id":"https:\/\/vieassociative.be\/actualites\/coupe-du-monde-de-football-2026-les-diables-rouges-jouent-deux-fois-a-21h-cest-et-une-fois-a-5h00-cest\/#primaryimage"},"thumbnailUrl":"https:\/\/vieassociative.be\/actualites\/wp-content\/uploads\/2025\/12\/1765052240_Coupe-du-monde-de-football-2026-les-Diables-Rouges.jpg","keywords":["21h","5h00","cest","Coupe","deux","Diables","fois","football","jouent","Les","monde","rouges","une"],"articleSection":["Belgique"],"inLanguage":"fr-BE"},{"@type":"WebPage","@id":"https:\/\/vieassociative.be\/actualites\/coupe-du-monde-de-football-2026-les-diables-rouges-jouent-deux-fois-a-21h-cest-et-une-fois-a-5h00-cest\/","url":"https:\/\/vieassociative.be\/actualites\/coupe-du-monde-de-football-2026-les-diables-rouges-jouent-deux-fois-a-21h-cest-et-une-fois-a-5h00-cest\/","name":"Coupe du monde de football 2026 : les Diables Rouges jouent deux fois \u00e0 21h CEST et une fois \u00e0 5h00 CEST | Vie Associative","isPartOf":{"@id":"https:\/\/vieassociative.be\/actualites\/#website"},"primaryImageOfPage":{"@id":"https:\/\/vieassociative.be\/actualites\/coupe-du-monde-de-football-2026-les-diables-rouges-jouent-deux-fois-a-21h-cest-et-une-fois-a-5h00-cest\/#primaryimage"},"image":{"@id":"https:\/\/vieassociative.be\/actualites\/coupe-du-monde-de-football-2026-les-diables-rouges-jouent-deux-fois-a-21h-cest-et-une-fois-a-5h00-cest\/#primaryimage"},"thumbnailUrl":"https:\/\/vieassociative.be\/actualites\/wp-content\/uploads\/2025\/12\/1765052240_Coupe-du-monde-de-football-2026-les-Diables-Rouges.jpg","datePublished":"2025-12-06T20:17:20+00:00","dateModified":"2025-12-06T20:17:20+00:00","breadcrumb":{"@id":"https:\/\/vieassociative.be\/actualites\/coupe-du-monde-de-football-2026-les-diables-rouges-jouent-deux-fois-a-21h-cest-et-une-fois-a-5h00-cest\/#breadcrumb"},"inLanguage":"fr-BE","potentialAction":[{"@type":"ReadAction","target":["https:\/\/vieassociative.be\/actualites\/coupe-du-monde-de-football-2026-les-diables-rouges-jouent-deux-fois-a-21h-cest-et-une-fois-a-5h00-cest\/"]}]},{"@type":"ImageObject","inLanguage":"fr-BE","@id":"https:\/\/vieassociative.be\/actualites\/coupe-du-monde-de-football-2026-les-diables-rouges-jouent-deux-fois-a-21h-cest-et-une-fois-a-5h00-cest\/#primaryimage","url":"https:\/\/vieassociative.be\/actualites\/wp-content\/uploads\/2025\/12\/1765052240_Coupe-du-monde-de-football-2026-les-Diables-Rouges.jpg","contentUrl":"https:\/\/vieassociative.be\/actualites\/wp-content\/uploads\/2025\/12\/1765052240_Coupe-du-monde-de-football-2026-les-Diables-Rouges.jpg","width":900,"height":300,"caption":"Coupe du monde de football 2026 : les Diables Rouges jouent deux fois \u00e0 21h CEST et une fois \u00e0 5h00 CEST"},{"@type":"BreadcrumbList","@id":"https:\/\/vieassociative.be\/actualites\/coupe-du-monde-de-football-2026-les-diables-rouges-jouent-deux-fois-a-21h-cest-et-une-fois-a-5h00-cest\/#breadcrumb","itemListElement":[{"@type":"ListItem","position":1,"name":"Accueil","item":"https:\/\/vieassociative.be\/actualites\/"},{"@type":"ListItem","position":2,"name":"Coupe du monde de football 2026 : les Diables Rouges jouent deux fois \u00e0 21h CEST et une fois \u00e0 5h00 CEST"}]},{"@type":"WebSite","@id":"https:\/\/vieassociative.be\/actualites\/#website","url":"https:\/\/vieassociative.be\/actualites\/","name":"Vie Associative","description":"","publisher":{"@id":"https:\/\/vieassociative.be\/actualites\/#organization"},"potentialAction":[{"@type":"SearchAction","target":{"@type":"EntryPoint","urlTemplate":"https:\/\/vieassociative.be\/actualites\/?s={search_term_string}"},"query-input":{"@type":"PropertyValueSpecification","valueRequired":true,"valueName":"search_term_string"}}],"inLanguage":"fr-BE"},{"@type":"Organization","@id":"https:\/\/vieassociative.be\/actualites\/#organization","name":"Vie Associative","url":"https:\/\/vieassociative.be\/actualites\/","logo":{"@type":"ImageObject","inLanguage":"fr-BE","@id":"https:\/\/vieassociative.be\/actualites\/#\/schema\/logo\/image\/","url":"https:\/\/vieassociative.be\/actualites\/wp-content\/uploads\/2024\/09\/cropped-vieassociative_favicon.ico.png","contentUrl":"https:\/\/vieassociative.be\/actualites\/wp-content\/uploads\/2024\/09\/cropped-vieassociative_favicon.ico.png","width":512,"height":512,"caption":"Vie Associative"},"image":{"@id":"https:\/\/vieassociative.be\/actualites\/#\/schema\/logo\/image\/"}},{"@type":"Person","@id":"https:\/\/vieassociative.be\/actualites\/#\/schema\/person\/b87ac4f82f9d4e7b7cec7395b679edc4","name":"Julien","image":{"@type":"ImageObject","inLanguage":"fr-BE","@id":"https:\/\/vieassociative.be\/actualites\/#\/schema\/person\/image\/","url":"https:\/\/vieassociative.be\/actualites\/wp-content\/uploads\/2024\/09\/vie-associative-1-150x150.jpg","contentUrl":"https:\/\/vieassociative.be\/actualites\/wp-content\/uploads\/2024\/09\/vie-associative-1-150x150.jpg","caption":"Julien"},"description":"Je suis Julien, r\u00e9dacteur pour Vie Associative. Passionn\u00e9 par le monde associatif depuis plus de 10 ans, j'ai \u00e0 c\u0153ur de partager des histoires inspirantes et de mettre en lumi\u00e8re les initiatives locales. Mon objectif est de sensibiliser et d'encourager l'engagement communautaire \u00e0 travers mes articles.","sameAs":["https:\/\/vieassociative.be\/"]}]}},"_links":{"self":[{"href":"https:\/\/vieassociative.be\/actualites\/wp-json\/wp\/v2\/posts\/11725"}],"collection":[{"href":"https:\/\/vieassociative.be\/actualites\/wp-json\/wp\/v2\/posts"}],"about":[{"href":"https:\/\/vieassociative.be\/actualites\/wp-json\/wp\/v2\/types\/post"}],"author":[{"embeddable":true,"href":"https:\/\/vieassociative.be\/actualites\/wp-json\/wp\/v2\/users\/1"}],"replies":[{"embeddable":true,"href":"https:\/\/vieassociative.be\/actualites\/wp-json\/wp\/v2\/comments?post=11725"}],"version-history":[{"count":0,"href":"https:\/\/vieassociative.be\/actualites\/wp-json\/wp\/v2\/posts\/11725\/revisions"}],"wp:featuredmedia":[{"embeddable":true,"href":"https:\/\/vieassociative.be\/actualites\/wp-json\/wp\/v2\/media\/11726"}],"wp:attachment":[{"href":"https:\/\/vieassociative.be\/actualites\/wp-json\/wp\/v2\/media?parent=11725"}],"wp:term":[{"taxonomy":"category","embeddable":true,"href":"https:\/\/vieassociative.be\/actualites\/wp-json\/wp\/v2\/categories?post=11725"},{"taxonomy":"post_tag","embeddable":true,"href":"https:\/\/vieassociative.be\/actualites\/wp-json\/wp\/v2\/tags?post=11725"}],"curies":[{"name":"wp","href":"https:\/\/api.w.org\/{rel}","templated":true}]}}