{"id":11722,"date":"2025-12-06T15:17:45","date_gmt":"2025-12-06T14:17:45","guid":{"rendered":"https:\/\/vieassociative.be\/actualites\/la-police-a-effectue-un-exercice-de-dechainement-au-rsi-deupen\/"},"modified":"2025-12-06T15:17:45","modified_gmt":"2025-12-06T14:17:45","slug":"la-police-a-effectue-un-exercice-de-dechainement-au-rsi-deupen","status":"publish","type":"post","link":"https:\/\/vieassociative.be\/actualites\/la-police-a-effectue-un-exercice-de-dechainement-au-rsi-deupen\/","title":{"rendered":"La police a effectu\u00e9 un exercice de d\u00e9cha\u00eenement au RSI d&rsquo;Eupen"},"content":{"rendered":"<p><strong>La zone de police Weser-G\u00f6hl a r\u00e9alis\u00e9 vendredi un exercice planifi\u00e9 \u00e0 l&rsquo;Institut Robert Schuman d&rsquo;Eupen en coop\u00e9ration avec les services d&rsquo;urgence de la zone d&rsquo;assistance.<\/strong><\/p>\n<p><span id=\"more-431194\"><\/span>L&rsquo;exercice a recr\u00e9\u00e9 un sc\u00e9nario de d\u00e9cha\u00eenement et a servi \u00e0 am\u00e9liorer la coordination op\u00e9rationnelle en cas d&rsquo;urgence. Les \u00e9tudiants n\u2019ont pas particip\u00e9 \u00e0 l\u2019exercice.<\/p>\n<p>Plus tard dans l&rsquo;apr\u00e8s-midi, la zone de police de Weser-G\u00f6hl a annonc\u00e9 que l&rsquo;exercice de s\u00e9curit\u00e9 de la zone de police de Weser-G\u00f6hl \u00e0 l&rsquo;Institut Robert Schuman d&rsquo;Eupen avait \u00e9t\u00e9 un succ\u00e8s et s&rsquo;\u00e9tait d\u00e9roul\u00e9 comme pr\u00e9vu.<\/p>\n","protected":false},"excerpt":{"rendered":"<p>La zone de police Weser-G\u00f6hl a r\u00e9alis\u00e9 vendredi un exercice planifi\u00e9 \u00e0 l&rsquo;Institut Robert Schuman d&rsquo;Eupen en coop\u00e9ration avec les services d&rsquo;urgence de la zone<\/p>\n","protected":false},"author":1,"featured_media":1939,"comment_status":"","ping_status":"","sticky":false,"template":"","format":"standard","meta":{"footnotes":""},"categories":[298],"tags":[9473,2403,8451,8991,2741,4883],"class_list":["post-11722","post","type-post","status-publish","format-standard","has-post-thumbnail","hentry","category-belgique","tag-dechainement","tag-deupen","tag-effectue","tag-exercice","tag-police","tag-rsi","generate-columns","tablet-grid-50","mobile-grid-100","grid-parent","grid-33"],"yoast_head":"<!-- This site is optimized with the Yoast SEO plugin v24.0 - https:\/\/yoast.com\/wordpress\/plugins\/seo\/ -->\n<title>La police a effectu\u00e9 un exercice de d\u00e9cha\u00eenement au RSI d&#039;Eupen | Vie Associative<\/title>\n<meta name=\"robots\" content=\"index, follow, max-snippet:-1, max-image-preview:large, max-video-preview:-1\" \/>\n<link rel=\"canonical\" href=\"https:\/\/vieassociative.be\/actualites\/la-police-a-effectue-un-exercice-de-dechainement-au-rsi-deupen\/\" \/>\n<meta property=\"og:locale\" content=\"fr_FR\" \/>\n<meta property=\"og:type\" content=\"article\" \/>\n<meta property=\"og:title\" content=\"La police a effectu\u00e9 un exercice de d\u00e9cha\u00eenement au RSI d&#039;Eupen | Vie Associative\" \/>\n<meta property=\"og:description\" content=\"La zone de police Weser-G\u00f6hl a r\u00e9alis\u00e9 vendredi un exercice planifi\u00e9 \u00e0 l&rsquo;Institut Robert Schuman d&rsquo;Eupen en coop\u00e9ration avec les services d&rsquo;urgence de la zone\" \/>\n<meta property=\"og:url\" content=\"https:\/\/vieassociative.be\/actualites\/la-police-a-effectue-un-exercice-de-dechainement-au-rsi-deupen\/\" \/>\n<meta property=\"og:site_name\" content=\"Vie Associative\" \/>\n<meta property=\"article:published_time\" content=\"2025-12-06T14:17:45+00:00\" \/>\n<meta property=\"og:image\" content=\"https:\/\/vieassociative.be\/actualites\/wp-content\/uploads\/2024\/09\/header_backgroundk-01-e1726694325946.png\" \/>\n\t<meta property=\"og:image:width\" content=\"279\" \/>\n\t<meta property=\"og:image:height\" content=\"92\" \/>\n\t<meta property=\"og:image:type\" content=\"image\/png\" \/>\n<meta name=\"author\" content=\"Julien\" \/>\n<meta name=\"twitter:card\" content=\"summary_large_image\" \/>\n<meta name=\"twitter:label1\" content=\"\u00c9crit par\" \/>\n\t<meta name=\"twitter:data1\" content=\"Julien\" \/>\n\t<meta name=\"twitter:label2\" content=\"Dur\u00e9e de lecture est.\" \/>\n\t<meta name=\"twitter:data2\" content=\"1 minute\" \/>\n<script type=\"application\/ld+json\" class=\"yoast-schema-graph\">{\"@context\":\"https:\/\/schema.org\",\"@graph\":[{\"@type\":\"Article\",\"@id\":\"https:\/\/vieassociative.be\/actualites\/la-police-a-effectue-un-exercice-de-dechainement-au-rsi-deupen\/#article\",\"isPartOf\":{\"@id\":\"https:\/\/vieassociative.be\/actualites\/la-police-a-effectue-un-exercice-de-dechainement-au-rsi-deupen\/\"},\"author\":{\"name\":\"Julien\",\"@id\":\"https:\/\/vieassociative.be\/actualites\/#\/schema\/person\/b87ac4f82f9d4e7b7cec7395b679edc4\"},\"headline\":\"La police a effectu\u00e9 un exercice de d\u00e9cha\u00eenement au RSI d&rsquo;Eupen\",\"datePublished\":\"2025-12-06T14:17:45+00:00\",\"dateModified\":\"2025-12-06T14:17:45+00:00\",\"mainEntityOfPage\":{\"@id\":\"https:\/\/vieassociative.be\/actualites\/la-police-a-effectue-un-exercice-de-dechainement-au-rsi-deupen\/\"},\"wordCount\":126,\"publisher\":{\"@id\":\"https:\/\/vieassociative.be\/actualites\/#organization\"},\"image\":{\"@id\":\"https:\/\/vieassociative.be\/actualites\/la-police-a-effectue-un-exercice-de-dechainement-au-rsi-deupen\/#primaryimage\"},\"thumbnailUrl\":\"https:\/\/vieassociative.be\/actualites\/wp-content\/uploads\/2024\/11\/Raeren-Le-conducteur-tombe-dans-un-micro-sommeil-a-midi.jpeg\",\"keywords\":[\"d\u00e9cha\u00eenement\",\"dEupen\",\"effectue\",\"exercice\",\"police\",\"RSI\"],\"articleSection\":[\"Belgique\"],\"inLanguage\":\"fr-BE\"},{\"@type\":\"WebPage\",\"@id\":\"https:\/\/vieassociative.be\/actualites\/la-police-a-effectue-un-exercice-de-dechainement-au-rsi-deupen\/\",\"url\":\"https:\/\/vieassociative.be\/actualites\/la-police-a-effectue-un-exercice-de-dechainement-au-rsi-deupen\/\",\"name\":\"La police a effectu\u00e9 un exercice de d\u00e9cha\u00eenement au RSI d'Eupen | Vie Associative\",\"isPartOf\":{\"@id\":\"https:\/\/vieassociative.be\/actualites\/#website\"},\"primaryImageOfPage\":{\"@id\":\"https:\/\/vieassociative.be\/actualites\/la-police-a-effectue-un-exercice-de-dechainement-au-rsi-deupen\/#primaryimage\"},\"image\":{\"@id\":\"https:\/\/vieassociative.be\/actualites\/la-police-a-effectue-un-exercice-de-dechainement-au-rsi-deupen\/#primaryimage\"},\"thumbnailUrl\":\"https:\/\/vieassociative.be\/actualites\/wp-content\/uploads\/2024\/11\/Raeren-Le-conducteur-tombe-dans-un-micro-sommeil-a-midi.jpeg\",\"datePublished\":\"2025-12-06T14:17:45+00:00\",\"dateModified\":\"2025-12-06T14:17:45+00:00\",\"breadcrumb\":{\"@id\":\"https:\/\/vieassociative.be\/actualites\/la-police-a-effectue-un-exercice-de-dechainement-au-rsi-deupen\/#breadcrumb\"},\"inLanguage\":\"fr-BE\",\"potentialAction\":[{\"@type\":\"ReadAction\",\"target\":[\"https:\/\/vieassociative.be\/actualites\/la-police-a-effectue-un-exercice-de-dechainement-au-rsi-deupen\/\"]}]},{\"@type\":\"ImageObject\",\"inLanguage\":\"fr-BE\",\"@id\":\"https:\/\/vieassociative.be\/actualites\/la-police-a-effectue-un-exercice-de-dechainement-au-rsi-deupen\/#primaryimage\",\"url\":\"https:\/\/vieassociative.be\/actualites\/wp-content\/uploads\/2024\/11\/Raeren-Le-conducteur-tombe-dans-un-micro-sommeil-a-midi.jpeg\",\"contentUrl\":\"https:\/\/vieassociative.be\/actualites\/wp-content\/uploads\/2024\/11\/Raeren-Le-conducteur-tombe-dans-un-micro-sommeil-a-midi.jpeg\",\"width\":1200,\"height\":800,\"caption\":\"Raeren : Le conducteur tombe dans un micro-sommeil \u00e0 midi\"},{\"@type\":\"BreadcrumbList\",\"@id\":\"https:\/\/vieassociative.be\/actualites\/la-police-a-effectue-un-exercice-de-dechainement-au-rsi-deupen\/#breadcrumb\",\"itemListElement\":[{\"@type\":\"ListItem\",\"position\":1,\"name\":\"Accueil\",\"item\":\"https:\/\/vieassociative.be\/actualites\/\"},{\"@type\":\"ListItem\",\"position\":2,\"name\":\"La police a effectu\u00e9 un exercice de d\u00e9cha\u00eenement au RSI d&rsquo;Eupen\"}]},{\"@type\":\"WebSite\",\"@id\":\"https:\/\/vieassociative.be\/actualites\/#website\",\"url\":\"https:\/\/vieassociative.be\/actualites\/\",\"name\":\"Vie Associative\",\"description\":\"\",\"publisher\":{\"@id\":\"https:\/\/vieassociative.be\/actualites\/#organization\"},\"potentialAction\":[{\"@type\":\"SearchAction\",\"target\":{\"@type\":\"EntryPoint\",\"urlTemplate\":\"https:\/\/vieassociative.be\/actualites\/?s={search_term_string}\"},\"query-input\":{\"@type\":\"PropertyValueSpecification\",\"valueRequired\":true,\"valueName\":\"search_term_string\"}}],\"inLanguage\":\"fr-BE\"},{\"@type\":\"Organization\",\"@id\":\"https:\/\/vieassociative.be\/actualites\/#organization\",\"name\":\"Vie Associative\",\"url\":\"https:\/\/vieassociative.be\/actualites\/\",\"logo\":{\"@type\":\"ImageObject\",\"inLanguage\":\"fr-BE\",\"@id\":\"https:\/\/vieassociative.be\/actualites\/#\/schema\/logo\/image\/\",\"url\":\"https:\/\/vieassociative.be\/actualites\/wp-content\/uploads\/2024\/09\/cropped-vieassociative_favicon.ico.png\",\"contentUrl\":\"https:\/\/vieassociative.be\/actualites\/wp-content\/uploads\/2024\/09\/cropped-vieassociative_favicon.ico.png\",\"width\":512,\"height\":512,\"caption\":\"Vie Associative\"},\"image\":{\"@id\":\"https:\/\/vieassociative.be\/actualites\/#\/schema\/logo\/image\/\"}},{\"@type\":\"Person\",\"@id\":\"https:\/\/vieassociative.be\/actualites\/#\/schema\/person\/b87ac4f82f9d4e7b7cec7395b679edc4\",\"name\":\"Julien\",\"image\":{\"@type\":\"ImageObject\",\"inLanguage\":\"fr-BE\",\"@id\":\"https:\/\/vieassociative.be\/actualites\/#\/schema\/person\/image\/\",\"url\":\"https:\/\/vieassociative.be\/actualites\/wp-content\/uploads\/2024\/09\/vie-associative-1-150x150.jpg\",\"contentUrl\":\"https:\/\/vieassociative.be\/actualites\/wp-content\/uploads\/2024\/09\/vie-associative-1-150x150.jpg\",\"caption\":\"Julien\"},\"description\":\"Je suis Julien, r\u00e9dacteur pour Vie Associative. Passionn\u00e9 par le monde associatif depuis plus de 10 ans, j'ai \u00e0 c\u0153ur de partager des histoires inspirantes et de mettre en lumi\u00e8re les initiatives locales. Mon objectif est de sensibiliser et d'encourager l'engagement communautaire \u00e0 travers mes articles.\",\"sameAs\":[\"https:\/\/vieassociative.be\/\"]}]}<\/script>\n<!-- \/ Yoast SEO plugin. -->","yoast_head_json":{"title":"La police a effectu\u00e9 un exercice de d\u00e9cha\u00eenement au RSI d'Eupen | Vie Associative","robots":{"index":"index","follow":"follow","max-snippet":"max-snippet:-1","max-image-preview":"max-image-preview:large","max-video-preview":"max-video-preview:-1"},"canonical":"https:\/\/vieassociative.be\/actualites\/la-police-a-effectue-un-exercice-de-dechainement-au-rsi-deupen\/","og_locale":"fr_FR","og_type":"article","og_title":"La police a effectu\u00e9 un exercice de d\u00e9cha\u00eenement au RSI d'Eupen | Vie Associative","og_description":"La zone de police Weser-G\u00f6hl a r\u00e9alis\u00e9 vendredi un exercice planifi\u00e9 \u00e0 l&rsquo;Institut Robert Schuman d&rsquo;Eupen en coop\u00e9ration avec les services d&rsquo;urgence de la zone","og_url":"https:\/\/vieassociative.be\/actualites\/la-police-a-effectue-un-exercice-de-dechainement-au-rsi-deupen\/","og_site_name":"Vie Associative","article_published_time":"2025-12-06T14:17:45+00:00","og_image":[{"width":279,"height":92,"url":"https:\/\/vieassociative.be\/actualites\/wp-content\/uploads\/2024\/09\/header_backgroundk-01-e1726694325946.png","type":"image\/png"}],"author":"Julien","twitter_card":"summary_large_image","twitter_misc":{"\u00c9crit par":"Julien","Dur\u00e9e de lecture est.":"1 minute"},"schema":{"@context":"https:\/\/schema.org","@graph":[{"@type":"Article","@id":"https:\/\/vieassociative.be\/actualites\/la-police-a-effectue-un-exercice-de-dechainement-au-rsi-deupen\/#article","isPartOf":{"@id":"https:\/\/vieassociative.be\/actualites\/la-police-a-effectue-un-exercice-de-dechainement-au-rsi-deupen\/"},"author":{"name":"Julien","@id":"https:\/\/vieassociative.be\/actualites\/#\/schema\/person\/b87ac4f82f9d4e7b7cec7395b679edc4"},"headline":"La police a effectu\u00e9 un exercice de d\u00e9cha\u00eenement au RSI d&rsquo;Eupen","datePublished":"2025-12-06T14:17:45+00:00","dateModified":"2025-12-06T14:17:45+00:00","mainEntityOfPage":{"@id":"https:\/\/vieassociative.be\/actualites\/la-police-a-effectue-un-exercice-de-dechainement-au-rsi-deupen\/"},"wordCount":126,"publisher":{"@id":"https:\/\/vieassociative.be\/actualites\/#organization"},"image":{"@id":"https:\/\/vieassociative.be\/actualites\/la-police-a-effectue-un-exercice-de-dechainement-au-rsi-deupen\/#primaryimage"},"thumbnailUrl":"https:\/\/vieassociative.be\/actualites\/wp-content\/uploads\/2024\/11\/Raeren-Le-conducteur-tombe-dans-un-micro-sommeil-a-midi.jpeg","keywords":["d\u00e9cha\u00eenement","dEupen","effectue","exercice","police","RSI"],"articleSection":["Belgique"],"inLanguage":"fr-BE"},{"@type":"WebPage","@id":"https:\/\/vieassociative.be\/actualites\/la-police-a-effectue-un-exercice-de-dechainement-au-rsi-deupen\/","url":"https:\/\/vieassociative.be\/actualites\/la-police-a-effectue-un-exercice-de-dechainement-au-rsi-deupen\/","name":"La police a effectu\u00e9 un exercice de d\u00e9cha\u00eenement au RSI d'Eupen | Vie Associative","isPartOf":{"@id":"https:\/\/vieassociative.be\/actualites\/#website"},"primaryImageOfPage":{"@id":"https:\/\/vieassociative.be\/actualites\/la-police-a-effectue-un-exercice-de-dechainement-au-rsi-deupen\/#primaryimage"},"image":{"@id":"https:\/\/vieassociative.be\/actualites\/la-police-a-effectue-un-exercice-de-dechainement-au-rsi-deupen\/#primaryimage"},"thumbnailUrl":"https:\/\/vieassociative.be\/actualites\/wp-content\/uploads\/2024\/11\/Raeren-Le-conducteur-tombe-dans-un-micro-sommeil-a-midi.jpeg","datePublished":"2025-12-06T14:17:45+00:00","dateModified":"2025-12-06T14:17:45+00:00","breadcrumb":{"@id":"https:\/\/vieassociative.be\/actualites\/la-police-a-effectue-un-exercice-de-dechainement-au-rsi-deupen\/#breadcrumb"},"inLanguage":"fr-BE","potentialAction":[{"@type":"ReadAction","target":["https:\/\/vieassociative.be\/actualites\/la-police-a-effectue-un-exercice-de-dechainement-au-rsi-deupen\/"]}]},{"@type":"ImageObject","inLanguage":"fr-BE","@id":"https:\/\/vieassociative.be\/actualites\/la-police-a-effectue-un-exercice-de-dechainement-au-rsi-deupen\/#primaryimage","url":"https:\/\/vieassociative.be\/actualites\/wp-content\/uploads\/2024\/11\/Raeren-Le-conducteur-tombe-dans-un-micro-sommeil-a-midi.jpeg","contentUrl":"https:\/\/vieassociative.be\/actualites\/wp-content\/uploads\/2024\/11\/Raeren-Le-conducteur-tombe-dans-un-micro-sommeil-a-midi.jpeg","width":1200,"height":800,"caption":"Raeren : Le conducteur tombe dans un micro-sommeil \u00e0 midi"},{"@type":"BreadcrumbList","@id":"https:\/\/vieassociative.be\/actualites\/la-police-a-effectue-un-exercice-de-dechainement-au-rsi-deupen\/#breadcrumb","itemListElement":[{"@type":"ListItem","position":1,"name":"Accueil","item":"https:\/\/vieassociative.be\/actualites\/"},{"@type":"ListItem","position":2,"name":"La police a effectu\u00e9 un exercice de d\u00e9cha\u00eenement au RSI d&rsquo;Eupen"}]},{"@type":"WebSite","@id":"https:\/\/vieassociative.be\/actualites\/#website","url":"https:\/\/vieassociative.be\/actualites\/","name":"Vie Associative","description":"","publisher":{"@id":"https:\/\/vieassociative.be\/actualites\/#organization"},"potentialAction":[{"@type":"SearchAction","target":{"@type":"EntryPoint","urlTemplate":"https:\/\/vieassociative.be\/actualites\/?s={search_term_string}"},"query-input":{"@type":"PropertyValueSpecification","valueRequired":true,"valueName":"search_term_string"}}],"inLanguage":"fr-BE"},{"@type":"Organization","@id":"https:\/\/vieassociative.be\/actualites\/#organization","name":"Vie Associative","url":"https:\/\/vieassociative.be\/actualites\/","logo":{"@type":"ImageObject","inLanguage":"fr-BE","@id":"https:\/\/vieassociative.be\/actualites\/#\/schema\/logo\/image\/","url":"https:\/\/vieassociative.be\/actualites\/wp-content\/uploads\/2024\/09\/cropped-vieassociative_favicon.ico.png","contentUrl":"https:\/\/vieassociative.be\/actualites\/wp-content\/uploads\/2024\/09\/cropped-vieassociative_favicon.ico.png","width":512,"height":512,"caption":"Vie Associative"},"image":{"@id":"https:\/\/vieassociative.be\/actualites\/#\/schema\/logo\/image\/"}},{"@type":"Person","@id":"https:\/\/vieassociative.be\/actualites\/#\/schema\/person\/b87ac4f82f9d4e7b7cec7395b679edc4","name":"Julien","image":{"@type":"ImageObject","inLanguage":"fr-BE","@id":"https:\/\/vieassociative.be\/actualites\/#\/schema\/person\/image\/","url":"https:\/\/vieassociative.be\/actualites\/wp-content\/uploads\/2024\/09\/vie-associative-1-150x150.jpg","contentUrl":"https:\/\/vieassociative.be\/actualites\/wp-content\/uploads\/2024\/09\/vie-associative-1-150x150.jpg","caption":"Julien"},"description":"Je suis Julien, r\u00e9dacteur pour Vie Associative. Passionn\u00e9 par le monde associatif depuis plus de 10 ans, j'ai \u00e0 c\u0153ur de partager des histoires inspirantes et de mettre en lumi\u00e8re les initiatives locales. Mon objectif est de sensibiliser et d'encourager l'engagement communautaire \u00e0 travers mes articles.","sameAs":["https:\/\/vieassociative.be\/"]}]}},"_links":{"self":[{"href":"https:\/\/vieassociative.be\/actualites\/wp-json\/wp\/v2\/posts\/11722"}],"collection":[{"href":"https:\/\/vieassociative.be\/actualites\/wp-json\/wp\/v2\/posts"}],"about":[{"href":"https:\/\/vieassociative.be\/actualites\/wp-json\/wp\/v2\/types\/post"}],"author":[{"embeddable":true,"href":"https:\/\/vieassociative.be\/actualites\/wp-json\/wp\/v2\/users\/1"}],"replies":[{"embeddable":true,"href":"https:\/\/vieassociative.be\/actualites\/wp-json\/wp\/v2\/comments?post=11722"}],"version-history":[{"count":0,"href":"https:\/\/vieassociative.be\/actualites\/wp-json\/wp\/v2\/posts\/11722\/revisions"}],"wp:featuredmedia":[{"embeddable":true,"href":"https:\/\/vieassociative.be\/actualites\/wp-json\/wp\/v2\/media\/1939"}],"wp:attachment":[{"href":"https:\/\/vieassociative.be\/actualites\/wp-json\/wp\/v2\/media?parent=11722"}],"wp:term":[{"taxonomy":"category","embeddable":true,"href":"https:\/\/vieassociative.be\/actualites\/wp-json\/wp\/v2\/categories?post=11722"},{"taxonomy":"post_tag","embeddable":true,"href":"https:\/\/vieassociative.be\/actualites\/wp-json\/wp\/v2\/tags?post=11722"}],"curies":[{"name":"wp","href":"https:\/\/api.w.org\/{rel}","templated":true}]}}