{"id":11720,"date":"2025-12-06T14:17:27","date_gmt":"2025-12-06T13:17:27","guid":{"rendered":"https:\/\/vieassociative.be\/actualites\/non-meta-ne-supprime-pas-vos-dm-pour-entrainer-son-ia\/"},"modified":"2025-12-06T14:17:27","modified_gmt":"2025-12-06T13:17:27","slug":"non-meta-ne-supprime-pas-vos-dm-pour-entrainer-son-ia","status":"publish","type":"post","link":"https:\/\/vieassociative.be\/actualites\/non-meta-ne-supprime-pas-vos-dm-pour-entrainer-son-ia\/","title":{"rendered":"Non, Meta ne supprime pas vos DM pour entra\u00eener son IA"},"content":{"rendered":"<p>J&rsquo;ai vu un certain nombre de vid\u00e9os sur mes flux faire circuler une affirmation s\u00e9rieuse, mais peut-\u00eatre pas incroyable : l&rsquo;id\u00e9e est que, le 16 d\u00e9cembre 2025, Meta mettra \u00e0 jour sa politique de confidentialit\u00e9 pour s&rsquo;autoriser \u00e0 supprimer les messages directs des utilisateurs sur Instagram, Facebook et WhatsApp, le tout au nom de la formation de ses mod\u00e8les d&rsquo;IA g\u00e9n\u00e9rative. Bien que Meta ne soit pas un bastion de la vie priv\u00e9e des utilisateurs, cette affirmation particuli\u00e8re n\u2019est heureusement pas vraie. Vous ne devriez pas vous attendre \u00e0 ce que l&rsquo;entreprise <em>respect<\/em> vos donn\u00e9es, mais vous n&rsquo;avez pas non plus \u00e0 craindre que les futures it\u00e9rations de Meta AI g\u00e9n\u00e8rent du texte bas\u00e9 sur vos DM Instagram.<\/p>\n<h2 id=\"whats-going-on-with-metas-dec-16-privacy-policy\">Que se passe-t-il avec la politique de confidentialit\u00e9 de Meta du 16 d\u00e9cembre\u00a0?<\/h2>\n<p>Si vous avez \u00e9galement vu ces affirmations sur vos flux, vous savez qu\u2019elles sont souvent assez aust\u00e8res et hyperboliques. Snopes met en avant l&rsquo;une de ces publications virales sur Instagram qui dit : \u00ab\u00a0Chaque conversation. Chaque photo. Chaque message vocal. Introduit dans l&rsquo;IA.\u00a0\u00bb Les utilisateurs qui parcourent Instagram peuvent naturellement s&rsquo;arr\u00eater pour lire ces affirmations et peuvent, tout aussi naturellement, se sentir pr\u00e9occup\u00e9s par leurs donn\u00e9es sur leurs diff\u00e9rents comptes Meta.<\/p>\n<p>Le probl\u00e8me est que ces affirmations interpr\u00e8tent mal un v\u00e9ritable changement que Meta pr\u00e9voit pour sa politique de confidentialit\u00e9. Une fois la politique mise \u00e0 jour le 16 d\u00e9cembre, Meta modifie la fa\u00e7on dont elle collecte les donn\u00e9es des interactions des utilisateurs avec Meta AI. \u00c0 l&rsquo;avenir, les donn\u00e9es g\u00e9n\u00e9r\u00e9es lors de l&rsquo;utilisation des produits d&rsquo;IA de Meta pourront \u00eatre utilis\u00e9es pour personnaliser le contenu que vous voyez sur les plateformes Meta, ainsi que les publicit\u00e9s plac\u00e9es dans vos flux. Encore une fois, il s&rsquo;agit simplement d&rsquo;une collecte de donn\u00e9es suppl\u00e9mentaire dans le but de promouvoir l&rsquo;engagement des utilisateurs et la pertinence des publicit\u00e9s.<\/p>\n<p>Une partie de la confusion r\u00e9side dans la mani\u00e8re dont cette politique de confidentialit\u00e9 est formul\u00e9e. Prenez la d\u00e9claration suivante, qui fait partie de l&rsquo;explication de Meta sur les informations utilisateur qu&rsquo;elle utilise\u00a0: \u00ab\u00a0Interactions avec l&rsquo;IA sur Meta et m\u00e9tadonn\u00e9es associ\u00e9es. Par exemple, les informations que vous ou d&rsquo;autres \u00e9changez avec l&rsquo;IA sur Meta, comme le contenu et les messages.\u00a0\u00bb Cela peut donner l&rsquo;impression que Meta supprime vos DM pour entra\u00eener son IA, mais cela indique le contenu et les messages que vous partagez. <em>avec<\/em> L&rsquo;IA de Meta est ce qui est \u00e9quitable. Le simple fait d&rsquo;envoyer des messages et des pi\u00e8ces jointes aux utilisateurs sur les plateformes Meta n&rsquo;aboutit pas dans les donn\u00e9es de formation de Meta AI, mais si <em>toi<\/em> partager ces messages et pi\u00e8ces jointes avec l&rsquo;IA, <em>alors<\/em> \u00e7a pourrait. <\/p>\n<p>Meta l&rsquo;a confirm\u00e9 aupr\u00e8s des m\u00e9dias, en envoyant la d\u00e9claration suivante : \u00ab\u00a0La mise \u00e0 jour mentionn\u00e9e dans la rumeur virale ne concerne pas du tout les DM, mais la fa\u00e7on dont nous allons utiliser les interactions des gens avec nos fonctionnalit\u00e9s d&rsquo;IA pour personnaliser davantage leur exp\u00e9rience. Nous n&rsquo;utilisons pas le contenu de vos messages priv\u00e9s avec vos amis et votre famille pour entra\u00eener nos IA, \u00e0 moins que vous ou quelqu&rsquo;un dans le chat choisissiez de partager ces messages avec nos IA. Ce n&rsquo;est pas non plus nouveau et cela ne fait pas partie de cette mise \u00e0 jour de la politique de confidentialit\u00e9 du 16 d\u00e9cembre. \u00a0\u00bb <\/p>\n<h2 id=\"meta-does-collect-data-on-your-messages\">Meta collecte des donn\u00e9es sur vos messages<\/h2>\n<p>Ne vous y trompez pas, bien s\u00fbr\u00a0: si vous utilisez une plateforme de messagerie Meta, l&rsquo;entreprise collecte vos donn\u00e9es. Dans les politiques de confidentialit\u00e9 actuelles et \u00e0 venir, Meta indique que les messages que vous envoyez et recevez, y compris leur contenu ainsi que leurs m\u00e9tadonn\u00e9es, sous r\u00e9serve de la loi applicable, peuvent \u00eatre utilis\u00e9s par Meta pour un certain nombre de fonctions. Cela pourrait inclure la personnalisation des produits Meta pour s&rsquo;adapter \u00e0 chaque utilisateur\u00a0; am\u00e9liorer les produits Meta en g\u00e9n\u00e9ral\u00a0; promouvoir la s\u00fbret\u00e9 et la s\u00e9curit\u00e9 sur ses plateformes\u00a0; stocker, d\u00e9placer et traiter vos donn\u00e9es dans le monde entier\u00a0; et traiter les informations lorsque la loi l&rsquo;exige.<\/p>\n<p>Maintenant, il existe des cat\u00e9gories que Meta va <em>pas<\/em> utilisez vos messages, \u00e0 moins que vous ne partagiez ces messages avec son IA. Cela inclut l&rsquo;utilisation de vos donn\u00e9es \u00e0 des fins d&rsquo;analyse et de services destin\u00e9s aux entreprises\u00a0; \u00ab\u00a0offrir une exp\u00e9rience transparente\u00a0\u00bb \u00e0 travers les produits Meta\u00a0; personnaliser les publicit\u00e9s sur Meta Audience Network\u00a0; recherche et innovation pour le \u00ab bien social \u00bb\u00a0; anonymiser vos informations\u00a0; et partager des donn\u00e9es avec les forces de l\u2019ordre. Dans certains de ces cas, Meta collectera des m\u00e9tadonn\u00e9es sur vos messages (peut-\u00eatre des \u00e9l\u00e9ments tels que l&rsquo;heure ou le lieu d&rsquo;envoi), mais pas les donn\u00e9es du message lui-m\u00eame. <\/p>\n<p>Encore une fois, cet article n\u2019a pas pour but de flatter Meta ; il s\u2019agit plut\u00f4t de dissiper des pr\u00e9occupations inutiles. Les publications sur les r\u00e9seaux sociaux d\u00e9naturent souvent ces points nuanc\u00e9s en mati\u00e8re de confidentialit\u00e9 et de s\u00e9curit\u00e9, en particulier lorsque ces publications font monter le drame. Comprenez que si vous utilisez des produits Meta, vos donn\u00e9es sont constamment collect\u00e9es, mais, dans ce cas, vos messages ne sont pas soudainement r\u00e9cup\u00e9r\u00e9s pour entra\u00eener l&rsquo;IA.<\/p>\n<p>La meilleure chose que vous puissiez faire pour pr\u00e9server votre confidentialit\u00e9 et votre s\u00e9curit\u00e9 avec vos m\u00e9ta-messages est d&rsquo;utiliser le cryptage de bout en bout (E2EE) autant que possible. WhatsApp int\u00e8gre E2EE et Meta a automatiquement commenc\u00e9 \u00e0 le d\u00e9ployer pour Messenger, mais vous devrez peut-\u00eatre d\u00e9marrer manuellement une discussion E2EE pour les conversations existantes dans l&rsquo;application. Il en va de m\u00eame pour Instagram : Meta propose E2EE, mais vous devez l&rsquo;activer vous-m\u00eame. Dans l&rsquo;une ou l&rsquo;autre application, appuyez sur le nom du chat pour v\u00e9rifier si cette conversation est actuellement E2EE ou non.<\/p>\n","protected":false},"excerpt":{"rendered":"<p>J&rsquo;ai vu un certain nombre de vid\u00e9os sur mes flux faire circuler une affirmation s\u00e9rieuse, mais peut-\u00eatre pas incroyable : l&rsquo;id\u00e9e est que, le 16<\/p>\n","protected":false},"author":1,"featured_media":11721,"comment_status":"","ping_status":"","sticky":false,"template":"","format":"standard","meta":{"footnotes":""},"categories":[13],"tags":[3377,487,126,81,800,1191,27],"class_list":["post-11720","post","type-post","status-publish","format-standard","has-post-thumbnail","hentry","category-technologie","tag-entrainer","tag-meta","tag-pas","tag-pour","tag-son","tag-supprime","tag-vos","generate-columns","tablet-grid-50","mobile-grid-100","grid-parent","grid-33"],"yoast_head":"<!-- This site is optimized with the Yoast SEO plugin v24.0 - https:\/\/yoast.com\/wordpress\/plugins\/seo\/ -->\n<title>Non, Meta ne supprime pas vos DM pour entra\u00eener son IA | Vie Associative<\/title>\n<meta name=\"robots\" content=\"index, follow, max-snippet:-1, max-image-preview:large, max-video-preview:-1\" \/>\n<link rel=\"canonical\" href=\"https:\/\/vieassociative.be\/actualites\/non-meta-ne-supprime-pas-vos-dm-pour-entrainer-son-ia\/\" \/>\n<meta property=\"og:locale\" content=\"fr_FR\" \/>\n<meta property=\"og:type\" content=\"article\" \/>\n<meta property=\"og:title\" content=\"Non, Meta ne supprime pas vos DM pour entra\u00eener son IA | Vie Associative\" \/>\n<meta property=\"og:description\" content=\"J&rsquo;ai vu un certain nombre de vid\u00e9os sur mes flux faire circuler une affirmation s\u00e9rieuse, mais peut-\u00eatre pas incroyable : l&rsquo;id\u00e9e est que, le 16\" \/>\n<meta property=\"og:url\" content=\"https:\/\/vieassociative.be\/actualites\/non-meta-ne-supprime-pas-vos-dm-pour-entrainer-son-ia\/\" \/>\n<meta property=\"og:site_name\" content=\"Vie Associative\" \/>\n<meta property=\"article:published_time\" content=\"2025-12-06T13:17:27+00:00\" \/>\n<meta property=\"og:image\" content=\"https:\/\/vieassociative.be\/actualites\/wp-content\/uploads\/2024\/09\/header_backgroundk-01-e1726694325946.png\" \/>\n\t<meta property=\"og:image:width\" content=\"279\" \/>\n\t<meta property=\"og:image:height\" content=\"92\" \/>\n\t<meta property=\"og:image:type\" content=\"image\/png\" \/>\n<meta name=\"author\" content=\"Julien\" \/>\n<meta name=\"twitter:card\" content=\"summary_large_image\" \/>\n<meta name=\"twitter:label1\" content=\"\u00c9crit par\" \/>\n\t<meta name=\"twitter:data1\" content=\"Julien\" \/>\n\t<meta name=\"twitter:label2\" content=\"Dur\u00e9e de lecture est.\" \/>\n\t<meta name=\"twitter:data2\" content=\"5 minutes\" \/>\n<script type=\"application\/ld+json\" class=\"yoast-schema-graph\">{\"@context\":\"https:\/\/schema.org\",\"@graph\":[{\"@type\":\"Article\",\"@id\":\"https:\/\/vieassociative.be\/actualites\/non-meta-ne-supprime-pas-vos-dm-pour-entrainer-son-ia\/#article\",\"isPartOf\":{\"@id\":\"https:\/\/vieassociative.be\/actualites\/non-meta-ne-supprime-pas-vos-dm-pour-entrainer-son-ia\/\"},\"author\":{\"name\":\"Julien\",\"@id\":\"https:\/\/vieassociative.be\/actualites\/#\/schema\/person\/b87ac4f82f9d4e7b7cec7395b679edc4\"},\"headline\":\"Non, Meta ne supprime pas vos DM pour entra\u00eener son IA\",\"datePublished\":\"2025-12-06T13:17:27+00:00\",\"dateModified\":\"2025-12-06T13:17:27+00:00\",\"mainEntityOfPage\":{\"@id\":\"https:\/\/vieassociative.be\/actualites\/non-meta-ne-supprime-pas-vos-dm-pour-entrainer-son-ia\/\"},\"wordCount\":1084,\"publisher\":{\"@id\":\"https:\/\/vieassociative.be\/actualites\/#organization\"},\"image\":{\"@id\":\"https:\/\/vieassociative.be\/actualites\/non-meta-ne-supprime-pas-vos-dm-pour-entrainer-son-ia\/#primaryimage\"},\"thumbnailUrl\":\"https:\/\/vieassociative.be\/actualites\/wp-content\/uploads\/2025\/12\/Non-Meta-ne-supprime-pas-vos-DM-pour-entrainer-son.jpg\",\"keywords\":[\"entra\u00eener\",\"Meta\",\"pas\",\"pour\",\"son\",\"supprime\",\"vos\"],\"articleSection\":[\"Technologie\"],\"inLanguage\":\"fr-BE\"},{\"@type\":\"WebPage\",\"@id\":\"https:\/\/vieassociative.be\/actualites\/non-meta-ne-supprime-pas-vos-dm-pour-entrainer-son-ia\/\",\"url\":\"https:\/\/vieassociative.be\/actualites\/non-meta-ne-supprime-pas-vos-dm-pour-entrainer-son-ia\/\",\"name\":\"Non, Meta ne supprime pas vos DM pour entra\u00eener son IA | Vie Associative\",\"isPartOf\":{\"@id\":\"https:\/\/vieassociative.be\/actualites\/#website\"},\"primaryImageOfPage\":{\"@id\":\"https:\/\/vieassociative.be\/actualites\/non-meta-ne-supprime-pas-vos-dm-pour-entrainer-son-ia\/#primaryimage\"},\"image\":{\"@id\":\"https:\/\/vieassociative.be\/actualites\/non-meta-ne-supprime-pas-vos-dm-pour-entrainer-son-ia\/#primaryimage\"},\"thumbnailUrl\":\"https:\/\/vieassociative.be\/actualites\/wp-content\/uploads\/2025\/12\/Non-Meta-ne-supprime-pas-vos-DM-pour-entrainer-son.jpg\",\"datePublished\":\"2025-12-06T13:17:27+00:00\",\"dateModified\":\"2025-12-06T13:17:27+00:00\",\"breadcrumb\":{\"@id\":\"https:\/\/vieassociative.be\/actualites\/non-meta-ne-supprime-pas-vos-dm-pour-entrainer-son-ia\/#breadcrumb\"},\"inLanguage\":\"fr-BE\",\"potentialAction\":[{\"@type\":\"ReadAction\",\"target\":[\"https:\/\/vieassociative.be\/actualites\/non-meta-ne-supprime-pas-vos-dm-pour-entrainer-son-ia\/\"]}]},{\"@type\":\"ImageObject\",\"inLanguage\":\"fr-BE\",\"@id\":\"https:\/\/vieassociative.be\/actualites\/non-meta-ne-supprime-pas-vos-dm-pour-entrainer-son-ia\/#primaryimage\",\"url\":\"https:\/\/vieassociative.be\/actualites\/wp-content\/uploads\/2025\/12\/Non-Meta-ne-supprime-pas-vos-DM-pour-entrainer-son.jpg\",\"contentUrl\":\"https:\/\/vieassociative.be\/actualites\/wp-content\/uploads\/2025\/12\/Non-Meta-ne-supprime-pas-vos-DM-pour-entrainer-son.jpg\",\"width\":1200,\"height\":675,\"caption\":\"Non, Meta ne supprime pas vos DM pour entra\u00eener son IA\"},{\"@type\":\"BreadcrumbList\",\"@id\":\"https:\/\/vieassociative.be\/actualites\/non-meta-ne-supprime-pas-vos-dm-pour-entrainer-son-ia\/#breadcrumb\",\"itemListElement\":[{\"@type\":\"ListItem\",\"position\":1,\"name\":\"Accueil\",\"item\":\"https:\/\/vieassociative.be\/actualites\/\"},{\"@type\":\"ListItem\",\"position\":2,\"name\":\"Non, Meta ne supprime pas vos DM pour entra\u00eener son IA\"}]},{\"@type\":\"WebSite\",\"@id\":\"https:\/\/vieassociative.be\/actualites\/#website\",\"url\":\"https:\/\/vieassociative.be\/actualites\/\",\"name\":\"Vie Associative\",\"description\":\"\",\"publisher\":{\"@id\":\"https:\/\/vieassociative.be\/actualites\/#organization\"},\"potentialAction\":[{\"@type\":\"SearchAction\",\"target\":{\"@type\":\"EntryPoint\",\"urlTemplate\":\"https:\/\/vieassociative.be\/actualites\/?s={search_term_string}\"},\"query-input\":{\"@type\":\"PropertyValueSpecification\",\"valueRequired\":true,\"valueName\":\"search_term_string\"}}],\"inLanguage\":\"fr-BE\"},{\"@type\":\"Organization\",\"@id\":\"https:\/\/vieassociative.be\/actualites\/#organization\",\"name\":\"Vie Associative\",\"url\":\"https:\/\/vieassociative.be\/actualites\/\",\"logo\":{\"@type\":\"ImageObject\",\"inLanguage\":\"fr-BE\",\"@id\":\"https:\/\/vieassociative.be\/actualites\/#\/schema\/logo\/image\/\",\"url\":\"https:\/\/vieassociative.be\/actualites\/wp-content\/uploads\/2024\/09\/cropped-vieassociative_favicon.ico.png\",\"contentUrl\":\"https:\/\/vieassociative.be\/actualites\/wp-content\/uploads\/2024\/09\/cropped-vieassociative_favicon.ico.png\",\"width\":512,\"height\":512,\"caption\":\"Vie Associative\"},\"image\":{\"@id\":\"https:\/\/vieassociative.be\/actualites\/#\/schema\/logo\/image\/\"}},{\"@type\":\"Person\",\"@id\":\"https:\/\/vieassociative.be\/actualites\/#\/schema\/person\/b87ac4f82f9d4e7b7cec7395b679edc4\",\"name\":\"Julien\",\"image\":{\"@type\":\"ImageObject\",\"inLanguage\":\"fr-BE\",\"@id\":\"https:\/\/vieassociative.be\/actualites\/#\/schema\/person\/image\/\",\"url\":\"https:\/\/vieassociative.be\/actualites\/wp-content\/uploads\/2024\/09\/vie-associative-1-150x150.jpg\",\"contentUrl\":\"https:\/\/vieassociative.be\/actualites\/wp-content\/uploads\/2024\/09\/vie-associative-1-150x150.jpg\",\"caption\":\"Julien\"},\"description\":\"Je suis Julien, r\u00e9dacteur pour Vie Associative. Passionn\u00e9 par le monde associatif depuis plus de 10 ans, j'ai \u00e0 c\u0153ur de partager des histoires inspirantes et de mettre en lumi\u00e8re les initiatives locales. Mon objectif est de sensibiliser et d'encourager l'engagement communautaire \u00e0 travers mes articles.\",\"sameAs\":[\"https:\/\/vieassociative.be\/\"]}]}<\/script>\n<!-- \/ Yoast SEO plugin. -->","yoast_head_json":{"title":"Non, Meta ne supprime pas vos DM pour entra\u00eener son IA | Vie Associative","robots":{"index":"index","follow":"follow","max-snippet":"max-snippet:-1","max-image-preview":"max-image-preview:large","max-video-preview":"max-video-preview:-1"},"canonical":"https:\/\/vieassociative.be\/actualites\/non-meta-ne-supprime-pas-vos-dm-pour-entrainer-son-ia\/","og_locale":"fr_FR","og_type":"article","og_title":"Non, Meta ne supprime pas vos DM pour entra\u00eener son IA | Vie Associative","og_description":"J&rsquo;ai vu un certain nombre de vid\u00e9os sur mes flux faire circuler une affirmation s\u00e9rieuse, mais peut-\u00eatre pas incroyable : l&rsquo;id\u00e9e est que, le 16","og_url":"https:\/\/vieassociative.be\/actualites\/non-meta-ne-supprime-pas-vos-dm-pour-entrainer-son-ia\/","og_site_name":"Vie Associative","article_published_time":"2025-12-06T13:17:27+00:00","og_image":[{"width":279,"height":92,"url":"https:\/\/vieassociative.be\/actualites\/wp-content\/uploads\/2024\/09\/header_backgroundk-01-e1726694325946.png","type":"image\/png"}],"author":"Julien","twitter_card":"summary_large_image","twitter_misc":{"\u00c9crit par":"Julien","Dur\u00e9e de lecture est.":"5 minutes"},"schema":{"@context":"https:\/\/schema.org","@graph":[{"@type":"Article","@id":"https:\/\/vieassociative.be\/actualites\/non-meta-ne-supprime-pas-vos-dm-pour-entrainer-son-ia\/#article","isPartOf":{"@id":"https:\/\/vieassociative.be\/actualites\/non-meta-ne-supprime-pas-vos-dm-pour-entrainer-son-ia\/"},"author":{"name":"Julien","@id":"https:\/\/vieassociative.be\/actualites\/#\/schema\/person\/b87ac4f82f9d4e7b7cec7395b679edc4"},"headline":"Non, Meta ne supprime pas vos DM pour entra\u00eener son IA","datePublished":"2025-12-06T13:17:27+00:00","dateModified":"2025-12-06T13:17:27+00:00","mainEntityOfPage":{"@id":"https:\/\/vieassociative.be\/actualites\/non-meta-ne-supprime-pas-vos-dm-pour-entrainer-son-ia\/"},"wordCount":1084,"publisher":{"@id":"https:\/\/vieassociative.be\/actualites\/#organization"},"image":{"@id":"https:\/\/vieassociative.be\/actualites\/non-meta-ne-supprime-pas-vos-dm-pour-entrainer-son-ia\/#primaryimage"},"thumbnailUrl":"https:\/\/vieassociative.be\/actualites\/wp-content\/uploads\/2025\/12\/Non-Meta-ne-supprime-pas-vos-DM-pour-entrainer-son.jpg","keywords":["entra\u00eener","Meta","pas","pour","son","supprime","vos"],"articleSection":["Technologie"],"inLanguage":"fr-BE"},{"@type":"WebPage","@id":"https:\/\/vieassociative.be\/actualites\/non-meta-ne-supprime-pas-vos-dm-pour-entrainer-son-ia\/","url":"https:\/\/vieassociative.be\/actualites\/non-meta-ne-supprime-pas-vos-dm-pour-entrainer-son-ia\/","name":"Non, Meta ne supprime pas vos DM pour entra\u00eener son IA | Vie Associative","isPartOf":{"@id":"https:\/\/vieassociative.be\/actualites\/#website"},"primaryImageOfPage":{"@id":"https:\/\/vieassociative.be\/actualites\/non-meta-ne-supprime-pas-vos-dm-pour-entrainer-son-ia\/#primaryimage"},"image":{"@id":"https:\/\/vieassociative.be\/actualites\/non-meta-ne-supprime-pas-vos-dm-pour-entrainer-son-ia\/#primaryimage"},"thumbnailUrl":"https:\/\/vieassociative.be\/actualites\/wp-content\/uploads\/2025\/12\/Non-Meta-ne-supprime-pas-vos-DM-pour-entrainer-son.jpg","datePublished":"2025-12-06T13:17:27+00:00","dateModified":"2025-12-06T13:17:27+00:00","breadcrumb":{"@id":"https:\/\/vieassociative.be\/actualites\/non-meta-ne-supprime-pas-vos-dm-pour-entrainer-son-ia\/#breadcrumb"},"inLanguage":"fr-BE","potentialAction":[{"@type":"ReadAction","target":["https:\/\/vieassociative.be\/actualites\/non-meta-ne-supprime-pas-vos-dm-pour-entrainer-son-ia\/"]}]},{"@type":"ImageObject","inLanguage":"fr-BE","@id":"https:\/\/vieassociative.be\/actualites\/non-meta-ne-supprime-pas-vos-dm-pour-entrainer-son-ia\/#primaryimage","url":"https:\/\/vieassociative.be\/actualites\/wp-content\/uploads\/2025\/12\/Non-Meta-ne-supprime-pas-vos-DM-pour-entrainer-son.jpg","contentUrl":"https:\/\/vieassociative.be\/actualites\/wp-content\/uploads\/2025\/12\/Non-Meta-ne-supprime-pas-vos-DM-pour-entrainer-son.jpg","width":1200,"height":675,"caption":"Non, Meta ne supprime pas vos DM pour entra\u00eener son IA"},{"@type":"BreadcrumbList","@id":"https:\/\/vieassociative.be\/actualites\/non-meta-ne-supprime-pas-vos-dm-pour-entrainer-son-ia\/#breadcrumb","itemListElement":[{"@type":"ListItem","position":1,"name":"Accueil","item":"https:\/\/vieassociative.be\/actualites\/"},{"@type":"ListItem","position":2,"name":"Non, Meta ne supprime pas vos DM pour entra\u00eener son IA"}]},{"@type":"WebSite","@id":"https:\/\/vieassociative.be\/actualites\/#website","url":"https:\/\/vieassociative.be\/actualites\/","name":"Vie Associative","description":"","publisher":{"@id":"https:\/\/vieassociative.be\/actualites\/#organization"},"potentialAction":[{"@type":"SearchAction","target":{"@type":"EntryPoint","urlTemplate":"https:\/\/vieassociative.be\/actualites\/?s={search_term_string}"},"query-input":{"@type":"PropertyValueSpecification","valueRequired":true,"valueName":"search_term_string"}}],"inLanguage":"fr-BE"},{"@type":"Organization","@id":"https:\/\/vieassociative.be\/actualites\/#organization","name":"Vie Associative","url":"https:\/\/vieassociative.be\/actualites\/","logo":{"@type":"ImageObject","inLanguage":"fr-BE","@id":"https:\/\/vieassociative.be\/actualites\/#\/schema\/logo\/image\/","url":"https:\/\/vieassociative.be\/actualites\/wp-content\/uploads\/2024\/09\/cropped-vieassociative_favicon.ico.png","contentUrl":"https:\/\/vieassociative.be\/actualites\/wp-content\/uploads\/2024\/09\/cropped-vieassociative_favicon.ico.png","width":512,"height":512,"caption":"Vie Associative"},"image":{"@id":"https:\/\/vieassociative.be\/actualites\/#\/schema\/logo\/image\/"}},{"@type":"Person","@id":"https:\/\/vieassociative.be\/actualites\/#\/schema\/person\/b87ac4f82f9d4e7b7cec7395b679edc4","name":"Julien","image":{"@type":"ImageObject","inLanguage":"fr-BE","@id":"https:\/\/vieassociative.be\/actualites\/#\/schema\/person\/image\/","url":"https:\/\/vieassociative.be\/actualites\/wp-content\/uploads\/2024\/09\/vie-associative-1-150x150.jpg","contentUrl":"https:\/\/vieassociative.be\/actualites\/wp-content\/uploads\/2024\/09\/vie-associative-1-150x150.jpg","caption":"Julien"},"description":"Je suis Julien, r\u00e9dacteur pour Vie Associative. Passionn\u00e9 par le monde associatif depuis plus de 10 ans, j'ai \u00e0 c\u0153ur de partager des histoires inspirantes et de mettre en lumi\u00e8re les initiatives locales. Mon objectif est de sensibiliser et d'encourager l'engagement communautaire \u00e0 travers mes articles.","sameAs":["https:\/\/vieassociative.be\/"]}]}},"_links":{"self":[{"href":"https:\/\/vieassociative.be\/actualites\/wp-json\/wp\/v2\/posts\/11720"}],"collection":[{"href":"https:\/\/vieassociative.be\/actualites\/wp-json\/wp\/v2\/posts"}],"about":[{"href":"https:\/\/vieassociative.be\/actualites\/wp-json\/wp\/v2\/types\/post"}],"author":[{"embeddable":true,"href":"https:\/\/vieassociative.be\/actualites\/wp-json\/wp\/v2\/users\/1"}],"replies":[{"embeddable":true,"href":"https:\/\/vieassociative.be\/actualites\/wp-json\/wp\/v2\/comments?post=11720"}],"version-history":[{"count":0,"href":"https:\/\/vieassociative.be\/actualites\/wp-json\/wp\/v2\/posts\/11720\/revisions"}],"wp:featuredmedia":[{"embeddable":true,"href":"https:\/\/vieassociative.be\/actualites\/wp-json\/wp\/v2\/media\/11721"}],"wp:attachment":[{"href":"https:\/\/vieassociative.be\/actualites\/wp-json\/wp\/v2\/media?parent=11720"}],"wp:term":[{"taxonomy":"category","embeddable":true,"href":"https:\/\/vieassociative.be\/actualites\/wp-json\/wp\/v2\/categories?post=11720"},{"taxonomy":"post_tag","embeddable":true,"href":"https:\/\/vieassociative.be\/actualites\/wp-json\/wp\/v2\/tags?post=11720"}],"curies":[{"name":"wp","href":"https:\/\/api.w.org\/{rel}","templated":true}]}}