{"id":11718,"date":"2025-12-06T09:17:29","date_gmt":"2025-12-06T08:17:29","guid":{"rendered":"https:\/\/vieassociative.be\/actualites\/genie-genetique-dans-les-supermarches-lue-assouplit-les-regles\/"},"modified":"2025-12-06T09:17:29","modified_gmt":"2025-12-06T08:17:29","slug":"genie-genetique-dans-les-supermarches-lue-assouplit-les-regles","status":"publish","type":"post","link":"https:\/\/vieassociative.be\/actualites\/genie-genetique-dans-les-supermarches-lue-assouplit-les-regles\/","title":{"rendered":"G\u00e9nie g\u00e9n\u00e9tique dans les supermarch\u00e9s : l\u2019UE assouplit les r\u00e8gles"},"content":{"rendered":"<p><strong>N\u2019y aura-t-il bient\u00f4t plus de signes d\u2019aliments g\u00e9n\u00e9tiquement modifi\u00e9s dans les supermarch\u00e9s ? Ce qui change pour les fruits, les l\u00e9gumes et le choix des consommateurs.<\/strong><\/p>\n<p><span id=\"more-431104\"><\/span>Les aliments modifi\u00e9s par des proc\u00e9d\u00e9s modernes de g\u00e9nie g\u00e9n\u00e9tique devraient \u00e0 l&rsquo;avenir pouvoir \u00eatre vendus dans les supermarch\u00e9s de l&rsquo;UE sans \u00e9tiquetage particulier.<\/p>\n<p>Les n\u00e9gociateurs des \u00c9tats de l&rsquo;UE et du Parlement europ\u00e9en ont convenu \u00e0 Bruxelles d&rsquo;exempter dans de nombreux cas les races correspondantes des r\u00e8gles europ\u00e9ennes auparavant strictes en mati\u00e8re de g\u00e9nie g\u00e9n\u00e9tique, comme les deux parties l&rsquo;ont annonc\u00e9 jeudi soir.<\/p>\n<p>Les nouvelles exigences doivent encore \u00eatre confirm\u00e9es par le Parlement europ\u00e9en et les \u00c9tats membres de l&rsquo;UE. Il s&rsquo;agit normalement d&rsquo;une formalit\u00e9 si les n\u00e9gociateurs des institutions se sont pr\u00e9alablement mis d&rsquo;accord sur un compromis.<\/p>\n<p>Cependant, les m\u00eames exigences de s\u00e9curit\u00e9 s&rsquo;appliquent toujours \u00e0 ces aliments en ce qui concerne l&rsquo;\u00e9levage r\u00e9sultant de croisements et de s\u00e9lections. En cas de doute, une plante modifi\u00e9e \u00e0 l&rsquo;aide des ciseaux g\u00e9n\u00e9tiques Crispr\/Cas ne peut \u00eatre distingu\u00e9e d&rsquo;une s\u00e9lection naturelle.<\/p>\n<div id=\"attachment_374640\" class=\"wp-caption alignleft\" style=\"max-width: 300px\"><img fetchpriority=\"high\" decoding=\"async\" class=\"wp-image-374640 size-medium\" src=\"https:\/\/vieassociative.be\/actualites\/wp-content\/uploads\/2025\/12\/Genie-genetique-dans-les-supermarches-lUE-assouplit-les-regles.jpg\" alt=\"\" width=\"300\" height=\"200\"><\/div>\n<p><strong>\u2013 De meilleurs fruits et l\u00e9gumes ?<\/strong> Les partisans esp\u00e8rent que les changements produiront des vari\u00e9t\u00e9s de fruits et l\u00e9gumes plus productives, plus r\u00e9sistantes au changement climatique ou aux temp\u00eates et plus nutritives. Les scientifiques s\u2019attendent \u00e9galement \u00e0 ce que la recherche soit plus facile gr\u00e2ce \u00e0 des exigences moins strictes.<\/p>\n<p>Il existe d\u00e9j\u00e0 des r\u00e8gles plus souples dans d\u2019autres r\u00e9gions du monde, c\u2019est pourquoi les repr\u00e9sentants du parlement et des \u00c9tats de l\u2019UE militent en faveur d\u2019une meilleure comp\u00e9titivit\u00e9 pour les agriculteurs.<\/p>\n<p><strong>\u2013 Les critiques voulaient un \u00e9tiquetage obligatoire :<\/strong> Les critiques exigent, entre autres choses, que les consommateurs aient la libert\u00e9 de choisir s&rsquo;ils souhaitent ou non consommer de tels aliments. L\u2019agriculture biologique devrait rester sans OGM \u00e0 l\u2019avenir. Cependant, selon le Parlement, cela ne devrait pas constituer une violation en ce qui concerne la \u00ab pr\u00e9sence techniquement in\u00e9vitable \u00bb du g\u00e9nie g\u00e9n\u00e9tique.<\/p>\n<p>En principe, des interventions de petite ou de grande envergure sont possibles gr\u00e2ce aux ciseaux g\u00e9n\u00e9tiques. Des r\u00e8gles plus strictes continueront \u00e0 s&rsquo;appliquer \u00e0 d&rsquo;autres interventions sur les plantes \u00e0 l&rsquo;avenir, par exemple si des g\u00e8nes d&rsquo;une esp\u00e8ce diff\u00e9rente sont introduits dans une plante. C\u2019est le cas, par exemple, lorsque les g\u00e8nes d\u2019une bact\u00e9rie sont introduits dans un plant de ma\u00efs. (dpa\/cr\u00e9)<\/p>\n","protected":false},"excerpt":{"rendered":"<p>N\u2019y aura-t-il bient\u00f4t plus de signes d\u2019aliments g\u00e9n\u00e9tiquement modifi\u00e9s dans les supermarch\u00e9s ? Ce qui change pour les fruits, les l\u00e9gumes et le choix des<\/p>\n","protected":false},"author":1,"featured_media":11719,"comment_status":"","ping_status":"","sticky":false,"template":"","format":"standard","meta":{"footnotes":""},"categories":[298],"tags":[9472,166,9470,9469,14,3578,226,9471],"class_list":["post-11718","post","type-post","status-publish","format-standard","has-post-thumbnail","hentry","category-belgique","tag-assouplit","tag-dans","tag-genetique","tag-genie","tag-les","tag-lue","tag-regles","tag-supermarches","generate-columns","tablet-grid-50","mobile-grid-100","grid-parent","grid-33"],"yoast_head":"<!-- This site is optimized with the Yoast SEO plugin v24.0 - https:\/\/yoast.com\/wordpress\/plugins\/seo\/ -->\n<title>G\u00e9nie g\u00e9n\u00e9tique dans les supermarch\u00e9s : l\u2019UE assouplit les r\u00e8gles | Vie Associative<\/title>\n<meta name=\"robots\" content=\"index, follow, max-snippet:-1, max-image-preview:large, max-video-preview:-1\" \/>\n<link rel=\"canonical\" href=\"https:\/\/vieassociative.be\/actualites\/genie-genetique-dans-les-supermarches-lue-assouplit-les-regles\/\" \/>\n<meta property=\"og:locale\" content=\"fr_FR\" \/>\n<meta property=\"og:type\" content=\"article\" \/>\n<meta property=\"og:title\" content=\"G\u00e9nie g\u00e9n\u00e9tique dans les supermarch\u00e9s : l\u2019UE assouplit les r\u00e8gles | Vie Associative\" \/>\n<meta property=\"og:description\" content=\"N\u2019y aura-t-il bient\u00f4t plus de signes d\u2019aliments g\u00e9n\u00e9tiquement modifi\u00e9s dans les supermarch\u00e9s ? Ce qui change pour les fruits, les l\u00e9gumes et le choix des\" \/>\n<meta property=\"og:url\" content=\"https:\/\/vieassociative.be\/actualites\/genie-genetique-dans-les-supermarches-lue-assouplit-les-regles\/\" \/>\n<meta property=\"og:site_name\" content=\"Vie Associative\" \/>\n<meta property=\"article:published_time\" content=\"2025-12-06T08:17:29+00:00\" \/>\n<meta property=\"og:image\" content=\"https:\/\/vieassociative.be\/actualites\/wp-content\/uploads\/2024\/09\/header_backgroundk-01-e1726694325946.png\" \/>\n\t<meta property=\"og:image:width\" content=\"279\" \/>\n\t<meta property=\"og:image:height\" content=\"92\" \/>\n\t<meta property=\"og:image:type\" content=\"image\/png\" \/>\n<meta name=\"author\" content=\"Julien\" \/>\n<meta name=\"twitter:card\" content=\"summary_large_image\" \/>\n<meta name=\"twitter:label1\" content=\"\u00c9crit par\" \/>\n\t<meta name=\"twitter:data1\" content=\"Julien\" \/>\n\t<meta name=\"twitter:label2\" content=\"Dur\u00e9e de lecture est.\" \/>\n\t<meta name=\"twitter:data2\" content=\"2 minutes\" \/>\n<script type=\"application\/ld+json\" class=\"yoast-schema-graph\">{\"@context\":\"https:\/\/schema.org\",\"@graph\":[{\"@type\":\"Article\",\"@id\":\"https:\/\/vieassociative.be\/actualites\/genie-genetique-dans-les-supermarches-lue-assouplit-les-regles\/#article\",\"isPartOf\":{\"@id\":\"https:\/\/vieassociative.be\/actualites\/genie-genetique-dans-les-supermarches-lue-assouplit-les-regles\/\"},\"author\":{\"name\":\"Julien\",\"@id\":\"https:\/\/vieassociative.be\/actualites\/#\/schema\/person\/b87ac4f82f9d4e7b7cec7395b679edc4\"},\"headline\":\"G\u00e9nie g\u00e9n\u00e9tique dans les supermarch\u00e9s : l\u2019UE assouplit les r\u00e8gles\",\"datePublished\":\"2025-12-06T08:17:29+00:00\",\"dateModified\":\"2025-12-06T08:17:29+00:00\",\"mainEntityOfPage\":{\"@id\":\"https:\/\/vieassociative.be\/actualites\/genie-genetique-dans-les-supermarches-lue-assouplit-les-regles\/\"},\"wordCount\":465,\"publisher\":{\"@id\":\"https:\/\/vieassociative.be\/actualites\/#organization\"},\"image\":{\"@id\":\"https:\/\/vieassociative.be\/actualites\/genie-genetique-dans-les-supermarches-lue-assouplit-les-regles\/#primaryimage\"},\"thumbnailUrl\":\"https:\/\/vieassociative.be\/actualites\/wp-content\/uploads\/2025\/12\/1765009049_Genie-genetique-dans-les-supermarches-lUE-assouplit-les-regles.jpg\",\"keywords\":[\"assouplit\",\"dans\",\"g\u00e9n\u00e9tique\",\"G\u00e9nie\",\"Les\",\"LUE\",\"r\u00e8gles\",\"supermarch\u00e9s\"],\"articleSection\":[\"Belgique\"],\"inLanguage\":\"fr-BE\"},{\"@type\":\"WebPage\",\"@id\":\"https:\/\/vieassociative.be\/actualites\/genie-genetique-dans-les-supermarches-lue-assouplit-les-regles\/\",\"url\":\"https:\/\/vieassociative.be\/actualites\/genie-genetique-dans-les-supermarches-lue-assouplit-les-regles\/\",\"name\":\"G\u00e9nie g\u00e9n\u00e9tique dans les supermarch\u00e9s : l\u2019UE assouplit les r\u00e8gles | Vie Associative\",\"isPartOf\":{\"@id\":\"https:\/\/vieassociative.be\/actualites\/#website\"},\"primaryImageOfPage\":{\"@id\":\"https:\/\/vieassociative.be\/actualites\/genie-genetique-dans-les-supermarches-lue-assouplit-les-regles\/#primaryimage\"},\"image\":{\"@id\":\"https:\/\/vieassociative.be\/actualites\/genie-genetique-dans-les-supermarches-lue-assouplit-les-regles\/#primaryimage\"},\"thumbnailUrl\":\"https:\/\/vieassociative.be\/actualites\/wp-content\/uploads\/2025\/12\/1765009049_Genie-genetique-dans-les-supermarches-lUE-assouplit-les-regles.jpg\",\"datePublished\":\"2025-12-06T08:17:29+00:00\",\"dateModified\":\"2025-12-06T08:17:29+00:00\",\"breadcrumb\":{\"@id\":\"https:\/\/vieassociative.be\/actualites\/genie-genetique-dans-les-supermarches-lue-assouplit-les-regles\/#breadcrumb\"},\"inLanguage\":\"fr-BE\",\"potentialAction\":[{\"@type\":\"ReadAction\",\"target\":[\"https:\/\/vieassociative.be\/actualites\/genie-genetique-dans-les-supermarches-lue-assouplit-les-regles\/\"]}]},{\"@type\":\"ImageObject\",\"inLanguage\":\"fr-BE\",\"@id\":\"https:\/\/vieassociative.be\/actualites\/genie-genetique-dans-les-supermarches-lue-assouplit-les-regles\/#primaryimage\",\"url\":\"https:\/\/vieassociative.be\/actualites\/wp-content\/uploads\/2025\/12\/1765009049_Genie-genetique-dans-les-supermarches-lUE-assouplit-les-regles.jpg\",\"contentUrl\":\"https:\/\/vieassociative.be\/actualites\/wp-content\/uploads\/2025\/12\/1765009049_Genie-genetique-dans-les-supermarches-lUE-assouplit-les-regles.jpg\",\"width\":1200,\"height\":839,\"caption\":\"G\u00e9nie g\u00e9n\u00e9tique dans les supermarch\u00e9s : l\u2019UE assouplit les r\u00e8gles\"},{\"@type\":\"BreadcrumbList\",\"@id\":\"https:\/\/vieassociative.be\/actualites\/genie-genetique-dans-les-supermarches-lue-assouplit-les-regles\/#breadcrumb\",\"itemListElement\":[{\"@type\":\"ListItem\",\"position\":1,\"name\":\"Accueil\",\"item\":\"https:\/\/vieassociative.be\/actualites\/\"},{\"@type\":\"ListItem\",\"position\":2,\"name\":\"G\u00e9nie g\u00e9n\u00e9tique dans les supermarch\u00e9s : l\u2019UE assouplit les r\u00e8gles\"}]},{\"@type\":\"WebSite\",\"@id\":\"https:\/\/vieassociative.be\/actualites\/#website\",\"url\":\"https:\/\/vieassociative.be\/actualites\/\",\"name\":\"Vie Associative\",\"description\":\"\",\"publisher\":{\"@id\":\"https:\/\/vieassociative.be\/actualites\/#organization\"},\"potentialAction\":[{\"@type\":\"SearchAction\",\"target\":{\"@type\":\"EntryPoint\",\"urlTemplate\":\"https:\/\/vieassociative.be\/actualites\/?s={search_term_string}\"},\"query-input\":{\"@type\":\"PropertyValueSpecification\",\"valueRequired\":true,\"valueName\":\"search_term_string\"}}],\"inLanguage\":\"fr-BE\"},{\"@type\":\"Organization\",\"@id\":\"https:\/\/vieassociative.be\/actualites\/#organization\",\"name\":\"Vie Associative\",\"url\":\"https:\/\/vieassociative.be\/actualites\/\",\"logo\":{\"@type\":\"ImageObject\",\"inLanguage\":\"fr-BE\",\"@id\":\"https:\/\/vieassociative.be\/actualites\/#\/schema\/logo\/image\/\",\"url\":\"https:\/\/vieassociative.be\/actualites\/wp-content\/uploads\/2024\/09\/cropped-vieassociative_favicon.ico.png\",\"contentUrl\":\"https:\/\/vieassociative.be\/actualites\/wp-content\/uploads\/2024\/09\/cropped-vieassociative_favicon.ico.png\",\"width\":512,\"height\":512,\"caption\":\"Vie Associative\"},\"image\":{\"@id\":\"https:\/\/vieassociative.be\/actualites\/#\/schema\/logo\/image\/\"}},{\"@type\":\"Person\",\"@id\":\"https:\/\/vieassociative.be\/actualites\/#\/schema\/person\/b87ac4f82f9d4e7b7cec7395b679edc4\",\"name\":\"Julien\",\"image\":{\"@type\":\"ImageObject\",\"inLanguage\":\"fr-BE\",\"@id\":\"https:\/\/vieassociative.be\/actualites\/#\/schema\/person\/image\/\",\"url\":\"https:\/\/vieassociative.be\/actualites\/wp-content\/uploads\/2024\/09\/vie-associative-1-150x150.jpg\",\"contentUrl\":\"https:\/\/vieassociative.be\/actualites\/wp-content\/uploads\/2024\/09\/vie-associative-1-150x150.jpg\",\"caption\":\"Julien\"},\"description\":\"Je suis Julien, r\u00e9dacteur pour Vie Associative. Passionn\u00e9 par le monde associatif depuis plus de 10 ans, j'ai \u00e0 c\u0153ur de partager des histoires inspirantes et de mettre en lumi\u00e8re les initiatives locales. Mon objectif est de sensibiliser et d'encourager l'engagement communautaire \u00e0 travers mes articles.\",\"sameAs\":[\"https:\/\/vieassociative.be\/\"]}]}<\/script>\n<!-- \/ Yoast SEO plugin. -->","yoast_head_json":{"title":"G\u00e9nie g\u00e9n\u00e9tique dans les supermarch\u00e9s : l\u2019UE assouplit les r\u00e8gles | Vie Associative","robots":{"index":"index","follow":"follow","max-snippet":"max-snippet:-1","max-image-preview":"max-image-preview:large","max-video-preview":"max-video-preview:-1"},"canonical":"https:\/\/vieassociative.be\/actualites\/genie-genetique-dans-les-supermarches-lue-assouplit-les-regles\/","og_locale":"fr_FR","og_type":"article","og_title":"G\u00e9nie g\u00e9n\u00e9tique dans les supermarch\u00e9s : l\u2019UE assouplit les r\u00e8gles | Vie Associative","og_description":"N\u2019y aura-t-il bient\u00f4t plus de signes d\u2019aliments g\u00e9n\u00e9tiquement modifi\u00e9s dans les supermarch\u00e9s ? Ce qui change pour les fruits, les l\u00e9gumes et le choix des","og_url":"https:\/\/vieassociative.be\/actualites\/genie-genetique-dans-les-supermarches-lue-assouplit-les-regles\/","og_site_name":"Vie Associative","article_published_time":"2025-12-06T08:17:29+00:00","og_image":[{"width":279,"height":92,"url":"https:\/\/vieassociative.be\/actualites\/wp-content\/uploads\/2024\/09\/header_backgroundk-01-e1726694325946.png","type":"image\/png"}],"author":"Julien","twitter_card":"summary_large_image","twitter_misc":{"\u00c9crit par":"Julien","Dur\u00e9e de lecture est.":"2 minutes"},"schema":{"@context":"https:\/\/schema.org","@graph":[{"@type":"Article","@id":"https:\/\/vieassociative.be\/actualites\/genie-genetique-dans-les-supermarches-lue-assouplit-les-regles\/#article","isPartOf":{"@id":"https:\/\/vieassociative.be\/actualites\/genie-genetique-dans-les-supermarches-lue-assouplit-les-regles\/"},"author":{"name":"Julien","@id":"https:\/\/vieassociative.be\/actualites\/#\/schema\/person\/b87ac4f82f9d4e7b7cec7395b679edc4"},"headline":"G\u00e9nie g\u00e9n\u00e9tique dans les supermarch\u00e9s : l\u2019UE assouplit les r\u00e8gles","datePublished":"2025-12-06T08:17:29+00:00","dateModified":"2025-12-06T08:17:29+00:00","mainEntityOfPage":{"@id":"https:\/\/vieassociative.be\/actualites\/genie-genetique-dans-les-supermarches-lue-assouplit-les-regles\/"},"wordCount":465,"publisher":{"@id":"https:\/\/vieassociative.be\/actualites\/#organization"},"image":{"@id":"https:\/\/vieassociative.be\/actualites\/genie-genetique-dans-les-supermarches-lue-assouplit-les-regles\/#primaryimage"},"thumbnailUrl":"https:\/\/vieassociative.be\/actualites\/wp-content\/uploads\/2025\/12\/1765009049_Genie-genetique-dans-les-supermarches-lUE-assouplit-les-regles.jpg","keywords":["assouplit","dans","g\u00e9n\u00e9tique","G\u00e9nie","Les","LUE","r\u00e8gles","supermarch\u00e9s"],"articleSection":["Belgique"],"inLanguage":"fr-BE"},{"@type":"WebPage","@id":"https:\/\/vieassociative.be\/actualites\/genie-genetique-dans-les-supermarches-lue-assouplit-les-regles\/","url":"https:\/\/vieassociative.be\/actualites\/genie-genetique-dans-les-supermarches-lue-assouplit-les-regles\/","name":"G\u00e9nie g\u00e9n\u00e9tique dans les supermarch\u00e9s : l\u2019UE assouplit les r\u00e8gles | Vie Associative","isPartOf":{"@id":"https:\/\/vieassociative.be\/actualites\/#website"},"primaryImageOfPage":{"@id":"https:\/\/vieassociative.be\/actualites\/genie-genetique-dans-les-supermarches-lue-assouplit-les-regles\/#primaryimage"},"image":{"@id":"https:\/\/vieassociative.be\/actualites\/genie-genetique-dans-les-supermarches-lue-assouplit-les-regles\/#primaryimage"},"thumbnailUrl":"https:\/\/vieassociative.be\/actualites\/wp-content\/uploads\/2025\/12\/1765009049_Genie-genetique-dans-les-supermarches-lUE-assouplit-les-regles.jpg","datePublished":"2025-12-06T08:17:29+00:00","dateModified":"2025-12-06T08:17:29+00:00","breadcrumb":{"@id":"https:\/\/vieassociative.be\/actualites\/genie-genetique-dans-les-supermarches-lue-assouplit-les-regles\/#breadcrumb"},"inLanguage":"fr-BE","potentialAction":[{"@type":"ReadAction","target":["https:\/\/vieassociative.be\/actualites\/genie-genetique-dans-les-supermarches-lue-assouplit-les-regles\/"]}]},{"@type":"ImageObject","inLanguage":"fr-BE","@id":"https:\/\/vieassociative.be\/actualites\/genie-genetique-dans-les-supermarches-lue-assouplit-les-regles\/#primaryimage","url":"https:\/\/vieassociative.be\/actualites\/wp-content\/uploads\/2025\/12\/1765009049_Genie-genetique-dans-les-supermarches-lUE-assouplit-les-regles.jpg","contentUrl":"https:\/\/vieassociative.be\/actualites\/wp-content\/uploads\/2025\/12\/1765009049_Genie-genetique-dans-les-supermarches-lUE-assouplit-les-regles.jpg","width":1200,"height":839,"caption":"G\u00e9nie g\u00e9n\u00e9tique dans les supermarch\u00e9s : l\u2019UE assouplit les r\u00e8gles"},{"@type":"BreadcrumbList","@id":"https:\/\/vieassociative.be\/actualites\/genie-genetique-dans-les-supermarches-lue-assouplit-les-regles\/#breadcrumb","itemListElement":[{"@type":"ListItem","position":1,"name":"Accueil","item":"https:\/\/vieassociative.be\/actualites\/"},{"@type":"ListItem","position":2,"name":"G\u00e9nie g\u00e9n\u00e9tique dans les supermarch\u00e9s : l\u2019UE assouplit les r\u00e8gles"}]},{"@type":"WebSite","@id":"https:\/\/vieassociative.be\/actualites\/#website","url":"https:\/\/vieassociative.be\/actualites\/","name":"Vie Associative","description":"","publisher":{"@id":"https:\/\/vieassociative.be\/actualites\/#organization"},"potentialAction":[{"@type":"SearchAction","target":{"@type":"EntryPoint","urlTemplate":"https:\/\/vieassociative.be\/actualites\/?s={search_term_string}"},"query-input":{"@type":"PropertyValueSpecification","valueRequired":true,"valueName":"search_term_string"}}],"inLanguage":"fr-BE"},{"@type":"Organization","@id":"https:\/\/vieassociative.be\/actualites\/#organization","name":"Vie Associative","url":"https:\/\/vieassociative.be\/actualites\/","logo":{"@type":"ImageObject","inLanguage":"fr-BE","@id":"https:\/\/vieassociative.be\/actualites\/#\/schema\/logo\/image\/","url":"https:\/\/vieassociative.be\/actualites\/wp-content\/uploads\/2024\/09\/cropped-vieassociative_favicon.ico.png","contentUrl":"https:\/\/vieassociative.be\/actualites\/wp-content\/uploads\/2024\/09\/cropped-vieassociative_favicon.ico.png","width":512,"height":512,"caption":"Vie Associative"},"image":{"@id":"https:\/\/vieassociative.be\/actualites\/#\/schema\/logo\/image\/"}},{"@type":"Person","@id":"https:\/\/vieassociative.be\/actualites\/#\/schema\/person\/b87ac4f82f9d4e7b7cec7395b679edc4","name":"Julien","image":{"@type":"ImageObject","inLanguage":"fr-BE","@id":"https:\/\/vieassociative.be\/actualites\/#\/schema\/person\/image\/","url":"https:\/\/vieassociative.be\/actualites\/wp-content\/uploads\/2024\/09\/vie-associative-1-150x150.jpg","contentUrl":"https:\/\/vieassociative.be\/actualites\/wp-content\/uploads\/2024\/09\/vie-associative-1-150x150.jpg","caption":"Julien"},"description":"Je suis Julien, r\u00e9dacteur pour Vie Associative. Passionn\u00e9 par le monde associatif depuis plus de 10 ans, j'ai \u00e0 c\u0153ur de partager des histoires inspirantes et de mettre en lumi\u00e8re les initiatives locales. Mon objectif est de sensibiliser et d'encourager l'engagement communautaire \u00e0 travers mes articles.","sameAs":["https:\/\/vieassociative.be\/"]}]}},"_links":{"self":[{"href":"https:\/\/vieassociative.be\/actualites\/wp-json\/wp\/v2\/posts\/11718"}],"collection":[{"href":"https:\/\/vieassociative.be\/actualites\/wp-json\/wp\/v2\/posts"}],"about":[{"href":"https:\/\/vieassociative.be\/actualites\/wp-json\/wp\/v2\/types\/post"}],"author":[{"embeddable":true,"href":"https:\/\/vieassociative.be\/actualites\/wp-json\/wp\/v2\/users\/1"}],"replies":[{"embeddable":true,"href":"https:\/\/vieassociative.be\/actualites\/wp-json\/wp\/v2\/comments?post=11718"}],"version-history":[{"count":0,"href":"https:\/\/vieassociative.be\/actualites\/wp-json\/wp\/v2\/posts\/11718\/revisions"}],"wp:featuredmedia":[{"embeddable":true,"href":"https:\/\/vieassociative.be\/actualites\/wp-json\/wp\/v2\/media\/11719"}],"wp:attachment":[{"href":"https:\/\/vieassociative.be\/actualites\/wp-json\/wp\/v2\/media?parent=11718"}],"wp:term":[{"taxonomy":"category","embeddable":true,"href":"https:\/\/vieassociative.be\/actualites\/wp-json\/wp\/v2\/categories?post=11718"},{"taxonomy":"post_tag","embeddable":true,"href":"https:\/\/vieassociative.be\/actualites\/wp-json\/wp\/v2\/tags?post=11718"}],"curies":[{"name":"wp","href":"https:\/\/api.w.org\/{rel}","templated":true}]}}