{"id":11714,"date":"2025-12-06T03:17:26","date_gmt":"2025-12-06T02:17:26","guid":{"rendered":"https:\/\/vieassociative.be\/actualites\/las-eupen-simpose-1-0-au-rfc-seraing-et-reste-candidat-au-top-6-but-gagnant-de-nuhu\/"},"modified":"2025-12-06T03:17:26","modified_gmt":"2025-12-06T02:17:26","slug":"las-eupen-simpose-1-0-au-rfc-seraing-et-reste-candidat-au-top-6-but-gagnant-de-nuhu","status":"publish","type":"post","link":"https:\/\/vieassociative.be\/actualites\/las-eupen-simpose-1-0-au-rfc-seraing-et-reste-candidat-au-top-6-but-gagnant-de-nuhu\/","title":{"rendered":"L&rsquo;AS Eupen s&rsquo;impose 1-0 au RFC Seraing et reste candidat au top 6 \u2013 but gagnant de Nuhu"},"content":{"rendered":"<p><strong>L&rsquo;AS Eupen a remport\u00e9 le derby du RFC Seraing. Les noirs et blancs se sont impos\u00e9s 1-0 au Stade du Pairay. Isaac Nuhu a marqu\u00e9 le but vainqueur.<\/strong><\/p>\n<p><span id=\"more-431133\"><\/span>Pour ce derby devant un nombre incroyablement r\u00e9duit de spectateurs, l&rsquo;entra\u00eeneur de l&rsquo;AS Pinheiro a proc\u00e9d\u00e9 \u00e0 deux changements : Gavory \u00e9tait de retour dans le onze de d\u00e9part, qui comprenait \u00e9galement M\u00f6hwald, qui a pris la place de Bar\u00e8s.<\/p>\n<p>La formation de d\u00e9part d&rsquo;AS ressemblait \u00e0 ceci : Hiller \u2013 Van Genechten, Paeshuyse, Plastun, Gavory \u2013 M\u00f6hwald, Busquets, M\u00fcller, Delaurier-Chautet \u2013 Nuhu, Atteri.<\/p>\n<div id=\"attachment_431139\" class=\"wp-caption alignleft\" style=\"max-width: 300px\"><img fetchpriority=\"high\" decoding=\"async\" class=\"wp-image-431139 size-medium\" src=\"https:\/\/vieassociative.be\/actualites\/wp-content\/uploads\/2025\/12\/LAS-Eupen-simpose-1-0-au-RFC-Seraing-et-reste-candidat.jpg\" alt=\"\" width=\"300\" height=\"200\"  ><\/div>\n<p>La premi\u00e8re mi-temps a eu peu de moments forts, les deux \u00e9quipes ont eu chacune une grosse occasion. La grande occasion d&rsquo;AS \u00e9tait celle de M\u00fcller, qui \u00e9tait refus\u00e9e par le gardien de Seraing. Le score \u00e0 la mi-temps \u00e9tait de 0-0.<\/p>\n<p>Une autre belle occasion a conduit \u00e0 l&rsquo;ouverture du score d&rsquo;Eupen \u00e0 la 53e minute : M\u00fcller a donn\u00e9 le ton sur le c\u00f4t\u00e9 droit et a centr\u00e9 vers l&rsquo;int\u00e9rieur, o\u00f9 Nuhu n&rsquo;a eu aucun mal \u00e0 mener \u00e0 bien cette attaque pour porter le score \u00e0 0-1.<\/p>\n<p>Une minute plus tard, Seraing obtenait un coup franc int\u00e9ressant non loin de l&rsquo;entr\u00e9e de la surface de r\u00e9paration de l&rsquo;AS. Hiller dans le but d&rsquo;Eupen a dirig\u00e9 le ballon au-dessus de la barre transversale.<\/p>\n<p>La visite a donn\u00e9 plus de confiance aux invit\u00e9s. Mais les Eupeners \u00e9taient bien avis\u00e9s d&rsquo;\u00eatre vigilants car \u00e0 l&rsquo;entame de la phase finale le score \u00e9tait toujours de 0-1. Et Seraing a appuy\u00e9 sur l&rsquo;acc\u00e9l\u00e9rateur et a pris plusieurs corners et coups francs dans les arr\u00eats de jeu.<\/p>\n<p>Mais cela restait une victoire serr\u00e9e 1-0 pour les visiteurs d&rsquo;Eupen. Les Noirs et Blancs sont \u00e0 \u00e9galit\u00e9 de points avec le SK Lommel et le FC Li\u00e8ge. Les trois \u00e9quipes ont disput\u00e9 15 matchs et totalisent 23 points. Dimanche prochain \u00e0 16h Eupen accueille l&rsquo;\u00e9quipe du ClubNXT. (cr\u00e9er)<\/p>\n","protected":false},"excerpt":{"rendered":"<p>L&rsquo;AS Eupen a remport\u00e9 le derby du RFC Seraing. Les noirs et blancs se sont impos\u00e9s 1-0 au Stade du Pairay. Isaac Nuhu a marqu\u00e9<\/p>\n","protected":false},"author":1,"featured_media":11715,"comment_status":"","ping_status":"","sticky":false,"template":"","format":"standard","meta":{"footnotes":""},"categories":[298],"tags":[3247,2329,6188,2353,8357,1856,6359,6360,8936,3169],"class_list":["post-11714","post","type-post","status-publish","format-standard","has-post-thumbnail","hentry","category-belgique","tag-candidat","tag-eupen","tag-gagnant","tag-las","tag-nuhu","tag-reste","tag-rfc","tag-seraing","tag-simpose","tag-top","generate-columns","tablet-grid-50","mobile-grid-100","grid-parent","grid-33"],"yoast_head":"<!-- This site is optimized with the Yoast SEO plugin v24.0 - https:\/\/yoast.com\/wordpress\/plugins\/seo\/ -->\n<title>L&#039;AS Eupen s&#039;impose 1-0 au RFC Seraing et reste candidat au top 6 \u2013 but gagnant de Nuhu | Vie Associative<\/title>\n<meta name=\"robots\" content=\"index, follow, max-snippet:-1, max-image-preview:large, max-video-preview:-1\" \/>\n<link rel=\"canonical\" href=\"https:\/\/vieassociative.be\/actualites\/las-eupen-simpose-1-0-au-rfc-seraing-et-reste-candidat-au-top-6-but-gagnant-de-nuhu\/\" \/>\n<meta property=\"og:locale\" content=\"fr_FR\" \/>\n<meta property=\"og:type\" content=\"article\" \/>\n<meta property=\"og:title\" content=\"L&#039;AS Eupen s&#039;impose 1-0 au RFC Seraing et reste candidat au top 6 \u2013 but gagnant de Nuhu | Vie Associative\" \/>\n<meta property=\"og:description\" content=\"L&rsquo;AS Eupen a remport\u00e9 le derby du RFC Seraing. Les noirs et blancs se sont impos\u00e9s 1-0 au Stade du Pairay. Isaac Nuhu a marqu\u00e9\" \/>\n<meta property=\"og:url\" content=\"https:\/\/vieassociative.be\/actualites\/las-eupen-simpose-1-0-au-rfc-seraing-et-reste-candidat-au-top-6-but-gagnant-de-nuhu\/\" \/>\n<meta property=\"og:site_name\" content=\"Vie Associative\" \/>\n<meta property=\"article:published_time\" content=\"2025-12-06T02:17:26+00:00\" \/>\n<meta property=\"og:image\" content=\"https:\/\/vieassociative.be\/actualites\/wp-content\/uploads\/2024\/09\/header_backgroundk-01-e1726694325946.png\" \/>\n\t<meta property=\"og:image:width\" content=\"279\" \/>\n\t<meta property=\"og:image:height\" content=\"92\" \/>\n\t<meta property=\"og:image:type\" content=\"image\/png\" \/>\n<meta name=\"author\" content=\"Julien\" \/>\n<meta name=\"twitter:card\" content=\"summary_large_image\" \/>\n<meta name=\"twitter:label1\" content=\"\u00c9crit par\" \/>\n\t<meta name=\"twitter:data1\" content=\"Julien\" \/>\n\t<meta name=\"twitter:label2\" content=\"Dur\u00e9e de lecture est.\" \/>\n\t<meta name=\"twitter:data2\" content=\"2 minutes\" \/>\n<script type=\"application\/ld+json\" class=\"yoast-schema-graph\">{\"@context\":\"https:\/\/schema.org\",\"@graph\":[{\"@type\":\"Article\",\"@id\":\"https:\/\/vieassociative.be\/actualites\/las-eupen-simpose-1-0-au-rfc-seraing-et-reste-candidat-au-top-6-but-gagnant-de-nuhu\/#article\",\"isPartOf\":{\"@id\":\"https:\/\/vieassociative.be\/actualites\/las-eupen-simpose-1-0-au-rfc-seraing-et-reste-candidat-au-top-6-but-gagnant-de-nuhu\/\"},\"author\":{\"name\":\"Julien\",\"@id\":\"https:\/\/vieassociative.be\/actualites\/#\/schema\/person\/b87ac4f82f9d4e7b7cec7395b679edc4\"},\"headline\":\"L&rsquo;AS Eupen s&rsquo;impose 1-0 au RFC Seraing et reste candidat au top 6 \u2013 but gagnant de Nuhu\",\"datePublished\":\"2025-12-06T02:17:26+00:00\",\"dateModified\":\"2025-12-06T02:17:26+00:00\",\"mainEntityOfPage\":{\"@id\":\"https:\/\/vieassociative.be\/actualites\/las-eupen-simpose-1-0-au-rfc-seraing-et-reste-candidat-au-top-6-but-gagnant-de-nuhu\/\"},\"wordCount\":358,\"publisher\":{\"@id\":\"https:\/\/vieassociative.be\/actualites\/#organization\"},\"image\":{\"@id\":\"https:\/\/vieassociative.be\/actualites\/las-eupen-simpose-1-0-au-rfc-seraing-et-reste-candidat-au-top-6-but-gagnant-de-nuhu\/#primaryimage\"},\"thumbnailUrl\":\"https:\/\/vieassociative.be\/actualites\/wp-content\/uploads\/2025\/12\/1764987446_LAS-Eupen-simpose-1-0-au-RFC-Seraing-et-reste-candidat.jpg\",\"keywords\":[\"Candidat\",\"Eupen\",\"gagnant\",\"lAS\",\"Nuhu\",\"reste\",\"RFC\",\"SerAing\",\"simpose\",\"top\"],\"articleSection\":[\"Belgique\"],\"inLanguage\":\"fr-BE\"},{\"@type\":\"WebPage\",\"@id\":\"https:\/\/vieassociative.be\/actualites\/las-eupen-simpose-1-0-au-rfc-seraing-et-reste-candidat-au-top-6-but-gagnant-de-nuhu\/\",\"url\":\"https:\/\/vieassociative.be\/actualites\/las-eupen-simpose-1-0-au-rfc-seraing-et-reste-candidat-au-top-6-but-gagnant-de-nuhu\/\",\"name\":\"L'AS Eupen s'impose 1-0 au RFC Seraing et reste candidat au top 6 \u2013 but gagnant de Nuhu | Vie Associative\",\"isPartOf\":{\"@id\":\"https:\/\/vieassociative.be\/actualites\/#website\"},\"primaryImageOfPage\":{\"@id\":\"https:\/\/vieassociative.be\/actualites\/las-eupen-simpose-1-0-au-rfc-seraing-et-reste-candidat-au-top-6-but-gagnant-de-nuhu\/#primaryimage\"},\"image\":{\"@id\":\"https:\/\/vieassociative.be\/actualites\/las-eupen-simpose-1-0-au-rfc-seraing-et-reste-candidat-au-top-6-but-gagnant-de-nuhu\/#primaryimage\"},\"thumbnailUrl\":\"https:\/\/vieassociative.be\/actualites\/wp-content\/uploads\/2025\/12\/1764987446_LAS-Eupen-simpose-1-0-au-RFC-Seraing-et-reste-candidat.jpg\",\"datePublished\":\"2025-12-06T02:17:26+00:00\",\"dateModified\":\"2025-12-06T02:17:26+00:00\",\"breadcrumb\":{\"@id\":\"https:\/\/vieassociative.be\/actualites\/las-eupen-simpose-1-0-au-rfc-seraing-et-reste-candidat-au-top-6-but-gagnant-de-nuhu\/#breadcrumb\"},\"inLanguage\":\"fr-BE\",\"potentialAction\":[{\"@type\":\"ReadAction\",\"target\":[\"https:\/\/vieassociative.be\/actualites\/las-eupen-simpose-1-0-au-rfc-seraing-et-reste-candidat-au-top-6-but-gagnant-de-nuhu\/\"]}]},{\"@type\":\"ImageObject\",\"inLanguage\":\"fr-BE\",\"@id\":\"https:\/\/vieassociative.be\/actualites\/las-eupen-simpose-1-0-au-rfc-seraing-et-reste-candidat-au-top-6-but-gagnant-de-nuhu\/#primaryimage\",\"url\":\"https:\/\/vieassociative.be\/actualites\/wp-content\/uploads\/2025\/12\/1764987446_LAS-Eupen-simpose-1-0-au-RFC-Seraing-et-reste-candidat.jpg\",\"contentUrl\":\"https:\/\/vieassociative.be\/actualites\/wp-content\/uploads\/2025\/12\/1764987446_LAS-Eupen-simpose-1-0-au-RFC-Seraing-et-reste-candidat.jpg\",\"width\":1200,\"height\":801,\"caption\":\"L'AS Eupen s'impose 1-0 au RFC Seraing et reste candidat au top 6 \u2013 but gagnant de Nuhu\"},{\"@type\":\"BreadcrumbList\",\"@id\":\"https:\/\/vieassociative.be\/actualites\/las-eupen-simpose-1-0-au-rfc-seraing-et-reste-candidat-au-top-6-but-gagnant-de-nuhu\/#breadcrumb\",\"itemListElement\":[{\"@type\":\"ListItem\",\"position\":1,\"name\":\"Accueil\",\"item\":\"https:\/\/vieassociative.be\/actualites\/\"},{\"@type\":\"ListItem\",\"position\":2,\"name\":\"L&rsquo;AS Eupen s&rsquo;impose 1-0 au RFC Seraing et reste candidat au top 6 \u2013 but gagnant de Nuhu\"}]},{\"@type\":\"WebSite\",\"@id\":\"https:\/\/vieassociative.be\/actualites\/#website\",\"url\":\"https:\/\/vieassociative.be\/actualites\/\",\"name\":\"Vie Associative\",\"description\":\"\",\"publisher\":{\"@id\":\"https:\/\/vieassociative.be\/actualites\/#organization\"},\"potentialAction\":[{\"@type\":\"SearchAction\",\"target\":{\"@type\":\"EntryPoint\",\"urlTemplate\":\"https:\/\/vieassociative.be\/actualites\/?s={search_term_string}\"},\"query-input\":{\"@type\":\"PropertyValueSpecification\",\"valueRequired\":true,\"valueName\":\"search_term_string\"}}],\"inLanguage\":\"fr-BE\"},{\"@type\":\"Organization\",\"@id\":\"https:\/\/vieassociative.be\/actualites\/#organization\",\"name\":\"Vie Associative\",\"url\":\"https:\/\/vieassociative.be\/actualites\/\",\"logo\":{\"@type\":\"ImageObject\",\"inLanguage\":\"fr-BE\",\"@id\":\"https:\/\/vieassociative.be\/actualites\/#\/schema\/logo\/image\/\",\"url\":\"https:\/\/vieassociative.be\/actualites\/wp-content\/uploads\/2024\/09\/cropped-vieassociative_favicon.ico.png\",\"contentUrl\":\"https:\/\/vieassociative.be\/actualites\/wp-content\/uploads\/2024\/09\/cropped-vieassociative_favicon.ico.png\",\"width\":512,\"height\":512,\"caption\":\"Vie Associative\"},\"image\":{\"@id\":\"https:\/\/vieassociative.be\/actualites\/#\/schema\/logo\/image\/\"}},{\"@type\":\"Person\",\"@id\":\"https:\/\/vieassociative.be\/actualites\/#\/schema\/person\/b87ac4f82f9d4e7b7cec7395b679edc4\",\"name\":\"Julien\",\"image\":{\"@type\":\"ImageObject\",\"inLanguage\":\"fr-BE\",\"@id\":\"https:\/\/vieassociative.be\/actualites\/#\/schema\/person\/image\/\",\"url\":\"https:\/\/vieassociative.be\/actualites\/wp-content\/uploads\/2024\/09\/vie-associative-1-150x150.jpg\",\"contentUrl\":\"https:\/\/vieassociative.be\/actualites\/wp-content\/uploads\/2024\/09\/vie-associative-1-150x150.jpg\",\"caption\":\"Julien\"},\"description\":\"Je suis Julien, r\u00e9dacteur pour Vie Associative. Passionn\u00e9 par le monde associatif depuis plus de 10 ans, j'ai \u00e0 c\u0153ur de partager des histoires inspirantes et de mettre en lumi\u00e8re les initiatives locales. Mon objectif est de sensibiliser et d'encourager l'engagement communautaire \u00e0 travers mes articles.\",\"sameAs\":[\"https:\/\/vieassociative.be\/\"]}]}<\/script>\n<!-- \/ Yoast SEO plugin. -->","yoast_head_json":{"title":"L'AS Eupen s'impose 1-0 au RFC Seraing et reste candidat au top 6 \u2013 but gagnant de Nuhu | Vie Associative","robots":{"index":"index","follow":"follow","max-snippet":"max-snippet:-1","max-image-preview":"max-image-preview:large","max-video-preview":"max-video-preview:-1"},"canonical":"https:\/\/vieassociative.be\/actualites\/las-eupen-simpose-1-0-au-rfc-seraing-et-reste-candidat-au-top-6-but-gagnant-de-nuhu\/","og_locale":"fr_FR","og_type":"article","og_title":"L'AS Eupen s'impose 1-0 au RFC Seraing et reste candidat au top 6 \u2013 but gagnant de Nuhu | Vie Associative","og_description":"L&rsquo;AS Eupen a remport\u00e9 le derby du RFC Seraing. Les noirs et blancs se sont impos\u00e9s 1-0 au Stade du Pairay. Isaac Nuhu a marqu\u00e9","og_url":"https:\/\/vieassociative.be\/actualites\/las-eupen-simpose-1-0-au-rfc-seraing-et-reste-candidat-au-top-6-but-gagnant-de-nuhu\/","og_site_name":"Vie Associative","article_published_time":"2025-12-06T02:17:26+00:00","og_image":[{"width":279,"height":92,"url":"https:\/\/vieassociative.be\/actualites\/wp-content\/uploads\/2024\/09\/header_backgroundk-01-e1726694325946.png","type":"image\/png"}],"author":"Julien","twitter_card":"summary_large_image","twitter_misc":{"\u00c9crit par":"Julien","Dur\u00e9e de lecture est.":"2 minutes"},"schema":{"@context":"https:\/\/schema.org","@graph":[{"@type":"Article","@id":"https:\/\/vieassociative.be\/actualites\/las-eupen-simpose-1-0-au-rfc-seraing-et-reste-candidat-au-top-6-but-gagnant-de-nuhu\/#article","isPartOf":{"@id":"https:\/\/vieassociative.be\/actualites\/las-eupen-simpose-1-0-au-rfc-seraing-et-reste-candidat-au-top-6-but-gagnant-de-nuhu\/"},"author":{"name":"Julien","@id":"https:\/\/vieassociative.be\/actualites\/#\/schema\/person\/b87ac4f82f9d4e7b7cec7395b679edc4"},"headline":"L&rsquo;AS Eupen s&rsquo;impose 1-0 au RFC Seraing et reste candidat au top 6 \u2013 but gagnant de Nuhu","datePublished":"2025-12-06T02:17:26+00:00","dateModified":"2025-12-06T02:17:26+00:00","mainEntityOfPage":{"@id":"https:\/\/vieassociative.be\/actualites\/las-eupen-simpose-1-0-au-rfc-seraing-et-reste-candidat-au-top-6-but-gagnant-de-nuhu\/"},"wordCount":358,"publisher":{"@id":"https:\/\/vieassociative.be\/actualites\/#organization"},"image":{"@id":"https:\/\/vieassociative.be\/actualites\/las-eupen-simpose-1-0-au-rfc-seraing-et-reste-candidat-au-top-6-but-gagnant-de-nuhu\/#primaryimage"},"thumbnailUrl":"https:\/\/vieassociative.be\/actualites\/wp-content\/uploads\/2025\/12\/1764987446_LAS-Eupen-simpose-1-0-au-RFC-Seraing-et-reste-candidat.jpg","keywords":["Candidat","Eupen","gagnant","lAS","Nuhu","reste","RFC","SerAing","simpose","top"],"articleSection":["Belgique"],"inLanguage":"fr-BE"},{"@type":"WebPage","@id":"https:\/\/vieassociative.be\/actualites\/las-eupen-simpose-1-0-au-rfc-seraing-et-reste-candidat-au-top-6-but-gagnant-de-nuhu\/","url":"https:\/\/vieassociative.be\/actualites\/las-eupen-simpose-1-0-au-rfc-seraing-et-reste-candidat-au-top-6-but-gagnant-de-nuhu\/","name":"L'AS Eupen s'impose 1-0 au RFC Seraing et reste candidat au top 6 \u2013 but gagnant de Nuhu | Vie Associative","isPartOf":{"@id":"https:\/\/vieassociative.be\/actualites\/#website"},"primaryImageOfPage":{"@id":"https:\/\/vieassociative.be\/actualites\/las-eupen-simpose-1-0-au-rfc-seraing-et-reste-candidat-au-top-6-but-gagnant-de-nuhu\/#primaryimage"},"image":{"@id":"https:\/\/vieassociative.be\/actualites\/las-eupen-simpose-1-0-au-rfc-seraing-et-reste-candidat-au-top-6-but-gagnant-de-nuhu\/#primaryimage"},"thumbnailUrl":"https:\/\/vieassociative.be\/actualites\/wp-content\/uploads\/2025\/12\/1764987446_LAS-Eupen-simpose-1-0-au-RFC-Seraing-et-reste-candidat.jpg","datePublished":"2025-12-06T02:17:26+00:00","dateModified":"2025-12-06T02:17:26+00:00","breadcrumb":{"@id":"https:\/\/vieassociative.be\/actualites\/las-eupen-simpose-1-0-au-rfc-seraing-et-reste-candidat-au-top-6-but-gagnant-de-nuhu\/#breadcrumb"},"inLanguage":"fr-BE","potentialAction":[{"@type":"ReadAction","target":["https:\/\/vieassociative.be\/actualites\/las-eupen-simpose-1-0-au-rfc-seraing-et-reste-candidat-au-top-6-but-gagnant-de-nuhu\/"]}]},{"@type":"ImageObject","inLanguage":"fr-BE","@id":"https:\/\/vieassociative.be\/actualites\/las-eupen-simpose-1-0-au-rfc-seraing-et-reste-candidat-au-top-6-but-gagnant-de-nuhu\/#primaryimage","url":"https:\/\/vieassociative.be\/actualites\/wp-content\/uploads\/2025\/12\/1764987446_LAS-Eupen-simpose-1-0-au-RFC-Seraing-et-reste-candidat.jpg","contentUrl":"https:\/\/vieassociative.be\/actualites\/wp-content\/uploads\/2025\/12\/1764987446_LAS-Eupen-simpose-1-0-au-RFC-Seraing-et-reste-candidat.jpg","width":1200,"height":801,"caption":"L'AS Eupen s'impose 1-0 au RFC Seraing et reste candidat au top 6 \u2013 but gagnant de Nuhu"},{"@type":"BreadcrumbList","@id":"https:\/\/vieassociative.be\/actualites\/las-eupen-simpose-1-0-au-rfc-seraing-et-reste-candidat-au-top-6-but-gagnant-de-nuhu\/#breadcrumb","itemListElement":[{"@type":"ListItem","position":1,"name":"Accueil","item":"https:\/\/vieassociative.be\/actualites\/"},{"@type":"ListItem","position":2,"name":"L&rsquo;AS Eupen s&rsquo;impose 1-0 au RFC Seraing et reste candidat au top 6 \u2013 but gagnant de Nuhu"}]},{"@type":"WebSite","@id":"https:\/\/vieassociative.be\/actualites\/#website","url":"https:\/\/vieassociative.be\/actualites\/","name":"Vie Associative","description":"","publisher":{"@id":"https:\/\/vieassociative.be\/actualites\/#organization"},"potentialAction":[{"@type":"SearchAction","target":{"@type":"EntryPoint","urlTemplate":"https:\/\/vieassociative.be\/actualites\/?s={search_term_string}"},"query-input":{"@type":"PropertyValueSpecification","valueRequired":true,"valueName":"search_term_string"}}],"inLanguage":"fr-BE"},{"@type":"Organization","@id":"https:\/\/vieassociative.be\/actualites\/#organization","name":"Vie Associative","url":"https:\/\/vieassociative.be\/actualites\/","logo":{"@type":"ImageObject","inLanguage":"fr-BE","@id":"https:\/\/vieassociative.be\/actualites\/#\/schema\/logo\/image\/","url":"https:\/\/vieassociative.be\/actualites\/wp-content\/uploads\/2024\/09\/cropped-vieassociative_favicon.ico.png","contentUrl":"https:\/\/vieassociative.be\/actualites\/wp-content\/uploads\/2024\/09\/cropped-vieassociative_favicon.ico.png","width":512,"height":512,"caption":"Vie Associative"},"image":{"@id":"https:\/\/vieassociative.be\/actualites\/#\/schema\/logo\/image\/"}},{"@type":"Person","@id":"https:\/\/vieassociative.be\/actualites\/#\/schema\/person\/b87ac4f82f9d4e7b7cec7395b679edc4","name":"Julien","image":{"@type":"ImageObject","inLanguage":"fr-BE","@id":"https:\/\/vieassociative.be\/actualites\/#\/schema\/person\/image\/","url":"https:\/\/vieassociative.be\/actualites\/wp-content\/uploads\/2024\/09\/vie-associative-1-150x150.jpg","contentUrl":"https:\/\/vieassociative.be\/actualites\/wp-content\/uploads\/2024\/09\/vie-associative-1-150x150.jpg","caption":"Julien"},"description":"Je suis Julien, r\u00e9dacteur pour Vie Associative. Passionn\u00e9 par le monde associatif depuis plus de 10 ans, j'ai \u00e0 c\u0153ur de partager des histoires inspirantes et de mettre en lumi\u00e8re les initiatives locales. Mon objectif est de sensibiliser et d'encourager l'engagement communautaire \u00e0 travers mes articles.","sameAs":["https:\/\/vieassociative.be\/"]}]}},"_links":{"self":[{"href":"https:\/\/vieassociative.be\/actualites\/wp-json\/wp\/v2\/posts\/11714"}],"collection":[{"href":"https:\/\/vieassociative.be\/actualites\/wp-json\/wp\/v2\/posts"}],"about":[{"href":"https:\/\/vieassociative.be\/actualites\/wp-json\/wp\/v2\/types\/post"}],"author":[{"embeddable":true,"href":"https:\/\/vieassociative.be\/actualites\/wp-json\/wp\/v2\/users\/1"}],"replies":[{"embeddable":true,"href":"https:\/\/vieassociative.be\/actualites\/wp-json\/wp\/v2\/comments?post=11714"}],"version-history":[{"count":0,"href":"https:\/\/vieassociative.be\/actualites\/wp-json\/wp\/v2\/posts\/11714\/revisions"}],"wp:featuredmedia":[{"embeddable":true,"href":"https:\/\/vieassociative.be\/actualites\/wp-json\/wp\/v2\/media\/11715"}],"wp:attachment":[{"href":"https:\/\/vieassociative.be\/actualites\/wp-json\/wp\/v2\/media?parent=11714"}],"wp:term":[{"taxonomy":"category","embeddable":true,"href":"https:\/\/vieassociative.be\/actualites\/wp-json\/wp\/v2\/categories?post=11714"},{"taxonomy":"post_tag","embeddable":true,"href":"https:\/\/vieassociative.be\/actualites\/wp-json\/wp\/v2\/tags?post=11714"}],"curies":[{"name":"wp","href":"https:\/\/api.w.org\/{rel}","templated":true}]}}